{"id":177245,"date":"2025-08-21T17:13:53","date_gmt":"2025-08-21T23:13:53","guid":{"rendered":"https:\/\/canal7slp.tv\/2025\/?p=177245"},"modified":"2025-08-21T17:13:53","modified_gmt":"2025-08-21T23:13:53","slug":"personal-de-vigilancia-de-la-uaslp-fue-victima-de-ciberdelito-secretaria-general","status":"publish","type":"post","link":"https:\/\/canal7slp.tv\/2025\/personal-de-vigilancia-de-la-uaslp-fue-victima-de-ciberdelito-secretaria-general\/","title":{"rendered":"Personal de vigilancia de la UASLP fue v\u00edctima de ciberdelito: Secretar\u00eda General"},"content":{"rendered":"<p style=\"text-align: justify;\">SLP.- Un presunto delito cibern\u00e9tico sufri\u00f3 un elemento de seguridad privada en la Torre Administrativa de la Universidad Aut\u00f3noma de San Luis Potos\u00ed y al respecto habl\u00f3 el secretario general, Federico Garza Herrera.<\/p>\n<p style=\"text-align: justify;\">\u201cEn la madrugada el vigilante del \u00e1rea de all\u00e1 del edificio administrativo recibi\u00f3 una llamada, que finalmente esto se traduce en una llamada digamos de extorci\u00f3n (\u2026) posteriormente lo que sucede es que le piden su n\u00famero celular y luego le piden que cuelgue el otro n\u00famero, o sea, el otro tel\u00e9fono\u201d.<\/p>\n<p style=\"text-align: justify;\">Despu\u00e9s de que el elemento colg\u00f3 el tel\u00e9fono de l\u00ednea, recibi\u00f3 una serie de instrucciones en su dispositivo m\u00f3vil.<\/p>\n<p style=\"text-align: justify;\">\u201cEntre ellas que buscara una serie de papeles en el \u00e1rea de Finanzas y en el \u00e1rea de Recursos Humanos, esto lo lleva al elemento de seguridad pues a quebrar algunos cristales en un \u00e1rea y otra\u201d.<\/p>\n<p style=\"text-align: justify;\">Los encargados de brindar el servicio de seguridad privada y los integrantes de la Universidad corroboraron los mensajes recibidos como parte de la presunta extorci\u00f3n.<\/p>\n<p style=\"text-align: justify;\">\u201cY ante esa circunstancia, bueno nosotros concluimos que se trata de una llamada de extorsi\u00f3n que lamentablemente tom\u00f3 por sorpresa al elemento de seguridad y este empez\u00f3 a ejecutar las instrucciones que le fueron dando\u201d.<\/p>\n<p style=\"text-align: justify;\">Seg\u00fan la primera revisi\u00f3n no se afectaron las pertenencias de colaboradores, ni se tienen faltantes en los objetos de la Universidad.<\/p>\n<p style=\"text-align: justify;\">\u201cPor lo que menciona el elemento de seguridad no hay faltantes, vamos a tratar de corroborarlo (\u2026) no hay ning\u00fan documento que se haya entregado, todo est\u00e1 en resguardo y simplemente esperemos al personal a que regrese a sus labores de manera completa para miras de poder saber si falta una cosa o no que ha dicho del elemento de seguridad no hay nada\u201d.<\/p>\n<p style=\"text-align: justify;\">Los cristales y chapas de puertas ya han sido repuestos o cambiados respectivamente; el secretario se\u00f1al\u00f3 que no se realizar\u00e1 denuncia ante la Fiscal\u00eda General del Estado al momento y esto depender\u00e1 del \u00e1rea de abogac\u00eda de la UASLP el interponerla o no.<\/p>\n<p>Por: Juan Carlos Contreras<\/p>\n","protected":false},"excerpt":{"rendered":"<p>SLP.- Un presunto delito cibern\u00e9tico sufri\u00f3 un elemento de seguridad privada en la Torre Administrativa de la Universidad Aut\u00f3noma de San Luis Potos\u00ed y al respecto habl\u00f3 el secretario general, Federico Garza Herrera. \u201cEn la madrugada el vigilante del \u00e1rea de all\u00e1 del edificio administrativo recibi\u00f3 una llamada, que finalmente esto se traduce en una llamada digamos de extorci\u00f3n (\u2026) posteriormente lo que sucede es que le piden su n\u00famero celular y luego le piden que cuelgue el otro n\u00famero, o sea, el otro tel\u00e9fono\u201d. Despu\u00e9s de que el elemento colg\u00f3 el tel\u00e9fono de l\u00ednea, recibi\u00f3 una serie de instrucciones [&hellip;]<\/p>\n","protected":false},"author":2,"featured_media":177247,"comment_status":"closed","ping_status":"closed","sticky":false,"template":"","format":"video","meta":{"_monsterinsights_skip_tracking":false,"_monsterinsights_sitenote_active":false,"_monsterinsights_sitenote_note":"","_monsterinsights_sitenote_category":0,"footnotes":""},"categories":[5,45],"tags":[],"class_list":["post-177245","post","type-post","status-publish","format-video","has-post-thumbnail","hentry","category-destacadas","category-localesyregionales","post_format-post-format-video","post--single"],"yoast_head":"<!-- This site is optimized with the Yoast SEO plugin v27.5 - https:\/\/yoast.com\/product\/yoast-seo-wordpress\/ -->\n<title>Personal de vigilancia de la UASLP fue v\u00edctima de ciberdelito: Secretar\u00eda General - Canal 7 SLP - 2025<\/title>\n<meta name=\"robots\" content=\"index, follow, max-snippet:-1, max-image-preview:large, max-video-preview:-1\" \/>\n<link rel=\"canonical\" href=\"https:\/\/canal7slp.tv\/2025\/personal-de-vigilancia-de-la-uaslp-fue-victima-de-ciberdelito-secretaria-general\/\" \/>\n<meta property=\"og:locale\" content=\"es_ES\" \/>\n<meta property=\"og:type\" content=\"article\" \/>\n<meta property=\"og:title\" content=\"Personal de vigilancia de la UASLP fue v\u00edctima de ciberdelito: Secretar\u00eda General - Canal 7 SLP - 2025\" \/>\n<meta property=\"og:description\" content=\"SLP.- Un presunto delito cibern\u00e9tico sufri\u00f3 un elemento de seguridad privada en la Torre Administrativa de la Universidad Aut\u00f3noma de San Luis Potos\u00ed y al respecto habl\u00f3 el secretario general, Federico Garza Herrera. \u201cEn la madrugada el vigilante del \u00e1rea de all\u00e1 del edificio administrativo recibi\u00f3 una llamada, que finalmente esto se traduce en una llamada digamos de extorci\u00f3n (\u2026) posteriormente lo que sucede es que le piden su n\u00famero celular y luego le piden que cuelgue el otro n\u00famero, o sea, el otro tel\u00e9fono\u201d. Despu\u00e9s de que el elemento colg\u00f3 el tel\u00e9fono de l\u00ednea, recibi\u00f3 una serie de instrucciones [&hellip;]\" \/>\n<meta property=\"og:url\" content=\"https:\/\/canal7slp.tv\/2025\/personal-de-vigilancia-de-la-uaslp-fue-victima-de-ciberdelito-secretaria-general\/\" \/>\n<meta property=\"og:site_name\" content=\"Canal 7 SLP - 2025\" \/>\n<meta property=\"article:publisher\" content=\"https:\/\/www.facebook.com\/noticieroscanal7atencionciudadana\/\" \/>\n<meta property=\"article:published_time\" content=\"2025-08-21T23:13:53+00:00\" \/>\n<meta property=\"og:image\" content=\"https:\/\/canal7slp.tv\/2025\/wp-content\/uploads\/2025\/08\/Poky03UASLPDelito.jpg\" \/>\n\t<meta property=\"og:image:width\" content=\"1280\" \/>\n\t<meta property=\"og:image:height\" content=\"720\" \/>\n\t<meta property=\"og:image:type\" content=\"image\/jpeg\" \/>\n<meta name=\"author\" content=\"Edici\u00f3n Web\" \/>\n<meta name=\"twitter:card\" content=\"summary_large_image\" \/>\n<meta name=\"twitter:creator\" content=\"@NOTICIEROS7\" \/>\n<meta name=\"twitter:site\" content=\"@NOTICIEROS7\" \/>\n<meta name=\"twitter:label1\" content=\"Escrito por\" \/>\n\t<meta name=\"twitter:data1\" content=\"Edici\u00f3n Web\" \/>\n\t<meta name=\"twitter:label2\" content=\"Tiempo de lectura\" \/>\n\t<meta name=\"twitter:data2\" content=\"2 minutos\" \/>\n<script type=\"application\/ld+json\" class=\"yoast-schema-graph\">{\"@context\":\"https:\\\/\\\/schema.org\",\"@graph\":[{\"@type\":\"Article\",\"@id\":\"https:\\\/\\\/canal7slp.tv\\\/2025\\\/personal-de-vigilancia-de-la-uaslp-fue-victima-de-ciberdelito-secretaria-general\\\/#article\",\"isPartOf\":{\"@id\":\"https:\\\/\\\/canal7slp.tv\\\/2025\\\/personal-de-vigilancia-de-la-uaslp-fue-victima-de-ciberdelito-secretaria-general\\\/\"},\"author\":{\"name\":\"Edici\u00f3n Web\",\"@id\":\"https:\\\/\\\/canal7slp.tv\\\/2025\\\/#\\\/schema\\\/person\\\/271e2b60a96e7cc9d9ac296f4d7e414b\"},\"headline\":\"Personal de vigilancia de la UASLP fue v\u00edctima de ciberdelito: Secretar\u00eda General\",\"datePublished\":\"2025-08-21T23:13:53+00:00\",\"mainEntityOfPage\":{\"@id\":\"https:\\\/\\\/canal7slp.tv\\\/2025\\\/personal-de-vigilancia-de-la-uaslp-fue-victima-de-ciberdelito-secretaria-general\\\/\"},\"wordCount\":364,\"publisher\":{\"@id\":\"https:\\\/\\\/canal7slp.tv\\\/2025\\\/#organization\"},\"image\":{\"@id\":\"https:\\\/\\\/canal7slp.tv\\\/2025\\\/personal-de-vigilancia-de-la-uaslp-fue-victima-de-ciberdelito-secretaria-general\\\/#primaryimage\"},\"thumbnailUrl\":\"https:\\\/\\\/canal7slp.tv\\\/2025\\\/wp-content\\\/uploads\\\/2025\\\/08\\\/Poky03UASLPDelito.jpg\",\"articleSection\":[\"DESTACADAS\",\"LOCALES Y REGIONALES\"],\"inLanguage\":\"es\"},{\"@type\":\"WebPage\",\"@id\":\"https:\\\/\\\/canal7slp.tv\\\/2025\\\/personal-de-vigilancia-de-la-uaslp-fue-victima-de-ciberdelito-secretaria-general\\\/\",\"url\":\"https:\\\/\\\/canal7slp.tv\\\/2025\\\/personal-de-vigilancia-de-la-uaslp-fue-victima-de-ciberdelito-secretaria-general\\\/\",\"name\":\"Personal de vigilancia de la UASLP fue v\u00edctima de ciberdelito: Secretar\u00eda General - Canal 7 SLP - 2025\",\"isPartOf\":{\"@id\":\"https:\\\/\\\/canal7slp.tv\\\/2025\\\/#website\"},\"primaryImageOfPage\":{\"@id\":\"https:\\\/\\\/canal7slp.tv\\\/2025\\\/personal-de-vigilancia-de-la-uaslp-fue-victima-de-ciberdelito-secretaria-general\\\/#primaryimage\"},\"image\":{\"@id\":\"https:\\\/\\\/canal7slp.tv\\\/2025\\\/personal-de-vigilancia-de-la-uaslp-fue-victima-de-ciberdelito-secretaria-general\\\/#primaryimage\"},\"thumbnailUrl\":\"https:\\\/\\\/canal7slp.tv\\\/2025\\\/wp-content\\\/uploads\\\/2025\\\/08\\\/Poky03UASLPDelito.jpg\",\"datePublished\":\"2025-08-21T23:13:53+00:00\",\"breadcrumb\":{\"@id\":\"https:\\\/\\\/canal7slp.tv\\\/2025\\\/personal-de-vigilancia-de-la-uaslp-fue-victima-de-ciberdelito-secretaria-general\\\/#breadcrumb\"},\"inLanguage\":\"es\",\"potentialAction\":[{\"@type\":\"ReadAction\",\"target\":[\"https:\\\/\\\/canal7slp.tv\\\/2025\\\/personal-de-vigilancia-de-la-uaslp-fue-victima-de-ciberdelito-secretaria-general\\\/\"]}]},{\"@type\":\"ImageObject\",\"inLanguage\":\"es\",\"@id\":\"https:\\\/\\\/canal7slp.tv\\\/2025\\\/personal-de-vigilancia-de-la-uaslp-fue-victima-de-ciberdelito-secretaria-general\\\/#primaryimage\",\"url\":\"https:\\\/\\\/canal7slp.tv\\\/2025\\\/wp-content\\\/uploads\\\/2025\\\/08\\\/Poky03UASLPDelito.jpg\",\"contentUrl\":\"https:\\\/\\\/canal7slp.tv\\\/2025\\\/wp-content\\\/uploads\\\/2025\\\/08\\\/Poky03UASLPDelito.jpg\",\"width\":1280,\"height\":720},{\"@type\":\"BreadcrumbList\",\"@id\":\"https:\\\/\\\/canal7slp.tv\\\/2025\\\/personal-de-vigilancia-de-la-uaslp-fue-victima-de-ciberdelito-secretaria-general\\\/#breadcrumb\",\"itemListElement\":[{\"@type\":\"ListItem\",\"position\":1,\"name\":\"Portada\",\"item\":\"https:\\\/\\\/canal7slp.tv\\\/2025\\\/\"},{\"@type\":\"ListItem\",\"position\":2,\"name\":\"Personal de vigilancia de la UASLP fue v\u00edctima de ciberdelito: Secretar\u00eda General\"}]},{\"@type\":\"WebSite\",\"@id\":\"https:\\\/\\\/canal7slp.tv\\\/2025\\\/#website\",\"url\":\"https:\\\/\\\/canal7slp.tv\\\/2025\\\/\",\"name\":\"N7 - Noticieros Canal 7\",\"description\":\"Somos el Medio\",\"publisher\":{\"@id\":\"https:\\\/\\\/canal7slp.tv\\\/2025\\\/#organization\"},\"potentialAction\":[{\"@type\":\"SearchAction\",\"target\":{\"@type\":\"EntryPoint\",\"urlTemplate\":\"https:\\\/\\\/canal7slp.tv\\\/2025\\\/?s={search_term_string}\"},\"query-input\":{\"@type\":\"PropertyValueSpecification\",\"valueRequired\":true,\"valueName\":\"search_term_string\"}}],\"inLanguage\":\"es\"},{\"@type\":\"Organization\",\"@id\":\"https:\\\/\\\/canal7slp.tv\\\/2025\\\/#organization\",\"name\":\"Noticieros Canal 7\",\"url\":\"https:\\\/\\\/canal7slp.tv\\\/2025\\\/\",\"logo\":{\"@type\":\"ImageObject\",\"inLanguage\":\"es\",\"@id\":\"https:\\\/\\\/canal7slp.tv\\\/2025\\\/#\\\/schema\\\/logo\\\/image\\\/\",\"url\":\"https:\\\/\\\/canal7slp.tv\\\/2025\\\/wp-content\\\/uploads\\\/2021\\\/01\\\/logo-noticieros@2x.png\",\"contentUrl\":\"https:\\\/\\\/canal7slp.tv\\\/2025\\\/wp-content\\\/uploads\\\/2021\\\/01\\\/logo-noticieros@2x.png\",\"width\":1017,\"height\":268,\"caption\":\"Noticieros Canal 7\"},\"image\":{\"@id\":\"https:\\\/\\\/canal7slp.tv\\\/2025\\\/#\\\/schema\\\/logo\\\/image\\\/\"},\"sameAs\":[\"https:\\\/\\\/www.facebook.com\\\/noticieroscanal7atencionciudadana\\\/\",\"https:\\\/\\\/x.com\\\/NOTICIEROS7\",\"https:\\\/\\\/www.instagram.com\\\/canal7_slp\",\"https:\\\/\\\/www.youtube.com\\\/channel\\\/UCliiYs-gP3JfJeqdPrNdd5A\"]},{\"@type\":\"Person\",\"@id\":\"https:\\\/\\\/canal7slp.tv\\\/2025\\\/#\\\/schema\\\/person\\\/271e2b60a96e7cc9d9ac296f4d7e414b\",\"name\":\"Edici\u00f3n Web\",\"image\":{\"@type\":\"ImageObject\",\"inLanguage\":\"es\",\"@id\":\"https:\\\/\\\/secure.gravatar.com\\\/avatar\\\/eee448fc3f7164808013b816ba91ac7e43bbe82a70bebac296f8bc6f0addaa1a?s=96&d=mm&r=g\",\"url\":\"https:\\\/\\\/secure.gravatar.com\\\/avatar\\\/eee448fc3f7164808013b816ba91ac7e43bbe82a70bebac296f8bc6f0addaa1a?s=96&d=mm&r=g\",\"contentUrl\":\"https:\\\/\\\/secure.gravatar.com\\\/avatar\\\/eee448fc3f7164808013b816ba91ac7e43bbe82a70bebac296f8bc6f0addaa1a?s=96&d=mm&r=g\",\"caption\":\"Edici\u00f3n Web\"},\"url\":\"https:\\\/\\\/canal7slp.tv\\\/2025\\\/author\\\/edicionweb\\\/\"}]}<\/script>\n<!-- \/ Yoast SEO plugin. -->","yoast_head_json":{"title":"Personal de vigilancia de la UASLP fue v\u00edctima de ciberdelito: Secretar\u00eda General - Canal 7 SLP - 2025","robots":{"index":"index","follow":"follow","max-snippet":"max-snippet:-1","max-image-preview":"max-image-preview:large","max-video-preview":"max-video-preview:-1"},"canonical":"https:\/\/canal7slp.tv\/2025\/personal-de-vigilancia-de-la-uaslp-fue-victima-de-ciberdelito-secretaria-general\/","og_locale":"es_ES","og_type":"article","og_title":"Personal de vigilancia de la UASLP fue v\u00edctima de ciberdelito: Secretar\u00eda General - Canal 7 SLP - 2025","og_description":"SLP.- Un presunto delito cibern\u00e9tico sufri\u00f3 un elemento de seguridad privada en la Torre Administrativa de la Universidad Aut\u00f3noma de San Luis Potos\u00ed y al respecto habl\u00f3 el secretario general, Federico Garza Herrera. \u201cEn la madrugada el vigilante del \u00e1rea de all\u00e1 del edificio administrativo recibi\u00f3 una llamada, que finalmente esto se traduce en una llamada digamos de extorci\u00f3n (\u2026) posteriormente lo que sucede es que le piden su n\u00famero celular y luego le piden que cuelgue el otro n\u00famero, o sea, el otro tel\u00e9fono\u201d. Despu\u00e9s de que el elemento colg\u00f3 el tel\u00e9fono de l\u00ednea, recibi\u00f3 una serie de instrucciones [&hellip;]","og_url":"https:\/\/canal7slp.tv\/2025\/personal-de-vigilancia-de-la-uaslp-fue-victima-de-ciberdelito-secretaria-general\/","og_site_name":"Canal 7 SLP - 2025","article_publisher":"https:\/\/www.facebook.com\/noticieroscanal7atencionciudadana\/","article_published_time":"2025-08-21T23:13:53+00:00","og_image":[{"width":1280,"height":720,"url":"https:\/\/canal7slp.tv\/2025\/wp-content\/uploads\/2025\/08\/Poky03UASLPDelito.jpg","type":"image\/jpeg"}],"author":"Edici\u00f3n Web","twitter_card":"summary_large_image","twitter_creator":"@NOTICIEROS7","twitter_site":"@NOTICIEROS7","twitter_misc":{"Escrito por":"Edici\u00f3n Web","Tiempo de lectura":"2 minutos"},"schema":{"@context":"https:\/\/schema.org","@graph":[{"@type":"Article","@id":"https:\/\/canal7slp.tv\/2025\/personal-de-vigilancia-de-la-uaslp-fue-victima-de-ciberdelito-secretaria-general\/#article","isPartOf":{"@id":"https:\/\/canal7slp.tv\/2025\/personal-de-vigilancia-de-la-uaslp-fue-victima-de-ciberdelito-secretaria-general\/"},"author":{"name":"Edici\u00f3n Web","@id":"https:\/\/canal7slp.tv\/2025\/#\/schema\/person\/271e2b60a96e7cc9d9ac296f4d7e414b"},"headline":"Personal de vigilancia de la UASLP fue v\u00edctima de ciberdelito: Secretar\u00eda General","datePublished":"2025-08-21T23:13:53+00:00","mainEntityOfPage":{"@id":"https:\/\/canal7slp.tv\/2025\/personal-de-vigilancia-de-la-uaslp-fue-victima-de-ciberdelito-secretaria-general\/"},"wordCount":364,"publisher":{"@id":"https:\/\/canal7slp.tv\/2025\/#organization"},"image":{"@id":"https:\/\/canal7slp.tv\/2025\/personal-de-vigilancia-de-la-uaslp-fue-victima-de-ciberdelito-secretaria-general\/#primaryimage"},"thumbnailUrl":"https:\/\/canal7slp.tv\/2025\/wp-content\/uploads\/2025\/08\/Poky03UASLPDelito.jpg","articleSection":["DESTACADAS","LOCALES Y REGIONALES"],"inLanguage":"es"},{"@type":"WebPage","@id":"https:\/\/canal7slp.tv\/2025\/personal-de-vigilancia-de-la-uaslp-fue-victima-de-ciberdelito-secretaria-general\/","url":"https:\/\/canal7slp.tv\/2025\/personal-de-vigilancia-de-la-uaslp-fue-victima-de-ciberdelito-secretaria-general\/","name":"Personal de vigilancia de la UASLP fue v\u00edctima de ciberdelito: Secretar\u00eda General - Canal 7 SLP - 2025","isPartOf":{"@id":"https:\/\/canal7slp.tv\/2025\/#website"},"primaryImageOfPage":{"@id":"https:\/\/canal7slp.tv\/2025\/personal-de-vigilancia-de-la-uaslp-fue-victima-de-ciberdelito-secretaria-general\/#primaryimage"},"image":{"@id":"https:\/\/canal7slp.tv\/2025\/personal-de-vigilancia-de-la-uaslp-fue-victima-de-ciberdelito-secretaria-general\/#primaryimage"},"thumbnailUrl":"https:\/\/canal7slp.tv\/2025\/wp-content\/uploads\/2025\/08\/Poky03UASLPDelito.jpg","datePublished":"2025-08-21T23:13:53+00:00","breadcrumb":{"@id":"https:\/\/canal7slp.tv\/2025\/personal-de-vigilancia-de-la-uaslp-fue-victima-de-ciberdelito-secretaria-general\/#breadcrumb"},"inLanguage":"es","potentialAction":[{"@type":"ReadAction","target":["https:\/\/canal7slp.tv\/2025\/personal-de-vigilancia-de-la-uaslp-fue-victima-de-ciberdelito-secretaria-general\/"]}]},{"@type":"ImageObject","inLanguage":"es","@id":"https:\/\/canal7slp.tv\/2025\/personal-de-vigilancia-de-la-uaslp-fue-victima-de-ciberdelito-secretaria-general\/#primaryimage","url":"https:\/\/canal7slp.tv\/2025\/wp-content\/uploads\/2025\/08\/Poky03UASLPDelito.jpg","contentUrl":"https:\/\/canal7slp.tv\/2025\/wp-content\/uploads\/2025\/08\/Poky03UASLPDelito.jpg","width":1280,"height":720},{"@type":"BreadcrumbList","@id":"https:\/\/canal7slp.tv\/2025\/personal-de-vigilancia-de-la-uaslp-fue-victima-de-ciberdelito-secretaria-general\/#breadcrumb","itemListElement":[{"@type":"ListItem","position":1,"name":"Portada","item":"https:\/\/canal7slp.tv\/2025\/"},{"@type":"ListItem","position":2,"name":"Personal de vigilancia de la UASLP fue v\u00edctima de ciberdelito: Secretar\u00eda General"}]},{"@type":"WebSite","@id":"https:\/\/canal7slp.tv\/2025\/#website","url":"https:\/\/canal7slp.tv\/2025\/","name":"N7 - Noticieros Canal 7","description":"Somos el Medio","publisher":{"@id":"https:\/\/canal7slp.tv\/2025\/#organization"},"potentialAction":[{"@type":"SearchAction","target":{"@type":"EntryPoint","urlTemplate":"https:\/\/canal7slp.tv\/2025\/?s={search_term_string}"},"query-input":{"@type":"PropertyValueSpecification","valueRequired":true,"valueName":"search_term_string"}}],"inLanguage":"es"},{"@type":"Organization","@id":"https:\/\/canal7slp.tv\/2025\/#organization","name":"Noticieros Canal 7","url":"https:\/\/canal7slp.tv\/2025\/","logo":{"@type":"ImageObject","inLanguage":"es","@id":"https:\/\/canal7slp.tv\/2025\/#\/schema\/logo\/image\/","url":"https:\/\/canal7slp.tv\/2025\/wp-content\/uploads\/2021\/01\/logo-noticieros@2x.png","contentUrl":"https:\/\/canal7slp.tv\/2025\/wp-content\/uploads\/2021\/01\/logo-noticieros@2x.png","width":1017,"height":268,"caption":"Noticieros Canal 7"},"image":{"@id":"https:\/\/canal7slp.tv\/2025\/#\/schema\/logo\/image\/"},"sameAs":["https:\/\/www.facebook.com\/noticieroscanal7atencionciudadana\/","https:\/\/x.com\/NOTICIEROS7","https:\/\/www.instagram.com\/canal7_slp","https:\/\/www.youtube.com\/channel\/UCliiYs-gP3JfJeqdPrNdd5A"]},{"@type":"Person","@id":"https:\/\/canal7slp.tv\/2025\/#\/schema\/person\/271e2b60a96e7cc9d9ac296f4d7e414b","name":"Edici\u00f3n Web","image":{"@type":"ImageObject","inLanguage":"es","@id":"https:\/\/secure.gravatar.com\/avatar\/eee448fc3f7164808013b816ba91ac7e43bbe82a70bebac296f8bc6f0addaa1a?s=96&d=mm&r=g","url":"https:\/\/secure.gravatar.com\/avatar\/eee448fc3f7164808013b816ba91ac7e43bbe82a70bebac296f8bc6f0addaa1a?s=96&d=mm&r=g","contentUrl":"https:\/\/secure.gravatar.com\/avatar\/eee448fc3f7164808013b816ba91ac7e43bbe82a70bebac296f8bc6f0addaa1a?s=96&d=mm&r=g","caption":"Edici\u00f3n Web"},"url":"https:\/\/canal7slp.tv\/2025\/author\/edicionweb\/"}]}},"_links":{"self":[{"href":"https:\/\/canal7slp.tv\/2025\/wp-json\/wp\/v2\/posts\/177245","targetHints":{"allow":["GET"]}}],"collection":[{"href":"https:\/\/canal7slp.tv\/2025\/wp-json\/wp\/v2\/posts"}],"about":[{"href":"https:\/\/canal7slp.tv\/2025\/wp-json\/wp\/v2\/types\/post"}],"author":[{"embeddable":true,"href":"https:\/\/canal7slp.tv\/2025\/wp-json\/wp\/v2\/users\/2"}],"replies":[{"embeddable":true,"href":"https:\/\/canal7slp.tv\/2025\/wp-json\/wp\/v2\/comments?post=177245"}],"version-history":[{"count":1,"href":"https:\/\/canal7slp.tv\/2025\/wp-json\/wp\/v2\/posts\/177245\/revisions"}],"predecessor-version":[{"id":177248,"href":"https:\/\/canal7slp.tv\/2025\/wp-json\/wp\/v2\/posts\/177245\/revisions\/177248"}],"wp:featuredmedia":[{"embeddable":true,"href":"https:\/\/canal7slp.tv\/2025\/wp-json\/wp\/v2\/media\/177247"}],"wp:attachment":[{"href":"https:\/\/canal7slp.tv\/2025\/wp-json\/wp\/v2\/media?parent=177245"}],"wp:term":[{"taxonomy":"category","embeddable":true,"href":"https:\/\/canal7slp.tv\/2025\/wp-json\/wp\/v2\/categories?post=177245"},{"taxonomy":"post_tag","embeddable":true,"href":"https:\/\/canal7slp.tv\/2025\/wp-json\/wp\/v2\/tags?post=177245"}],"curies":[{"name":"wp","href":"https:\/\/api.w.org\/{rel}","templated":true}]}}