{"id":177237,"date":"2025-08-21T17:03:07","date_gmt":"2025-08-21T23:03:07","guid":{"rendered":"https:\/\/canal7slp.tv\/2025\/?p=177237"},"modified":"2025-08-21T17:03:07","modified_gmt":"2025-08-21T23:03:07","slug":"canaco-registra-ya-movimiento-economico-por-regreso-a-clases","status":"publish","type":"post","link":"https:\/\/canal7slp.tv\/2025\/canaco-registra-ya-movimiento-economico-por-regreso-a-clases\/","title":{"rendered":"Canaco registra ya movimiento econ\u00f3mico por regreso a clases"},"content":{"rendered":"<p style=\"text-align: justify;\">SLP.- Ya se ha registrado un alza en la venta de productos relacionados al regreso a clases, as\u00ed lo se\u00f1al\u00f3 el presidente de la Canaco-Servytur, Fernando D\u00edaz de Le\u00f3n.<\/p>\n<p style=\"text-align: justify;\">\u201cEstamos ya iniciando con el nuevo ciclo escolar, ya los alumnos se est\u00e1n preparando y familias, padres de familia; aqu\u00ed vemos que hay movimiento para sectores y comercios como en el giro de papeler\u00edas, librer\u00edas, zapater\u00edas, tiendas de ropa, uniformes, esperemos nosotros que se genere una importante derrama econ\u00f3mica\u201d.<\/p>\n<p style=\"text-align: justify;\">Se estima que el alza en las ventas sea del siete u ocho por ciento en comparaci\u00f3n con el a\u00f1o inmediato anterior.<\/p>\n<p style=\"text-align: justify;\">\u201cEn este sentido pues los giros como les comento salen de alguna manera favorecidos y prestan el servicio que se tiene que dar (\u2026) yo creo que por lo menos un siete, un ocho por ciento mayor a la del a\u00f1o pasado, esta temporada es similar\u201d.<\/p>\n<p style=\"text-align: justify;\">Cuestionado con respecto al beneficio econ\u00f3mico durante la temporada vacacional y la celebraci\u00f3n de la Fenapo, el presidente se\u00f1al\u00f3 que es buena la derrama.<\/p>\n<p style=\"text-align: justify;\">\u201cComo en otros a\u00f1os se genera una importante derrama econ\u00f3mica, aqu\u00ed salen beneficiados principalmente hoteleros, restauranteros, empresas de transporte pero en general yo creo que todo el comercio en San Luis Potos\u00ed\u201d.<\/p>\n<p>Por: Juan Carlos Contreras<\/p>\n","protected":false},"excerpt":{"rendered":"<p>SLP.- Ya se ha registrado un alza en la venta de productos relacionados al regreso a clases, as\u00ed lo se\u00f1al\u00f3 el presidente de la Canaco-Servytur, Fernando D\u00edaz de Le\u00f3n. \u201cEstamos ya iniciando con el nuevo ciclo escolar, ya los alumnos se est\u00e1n preparando y familias, padres de familia; aqu\u00ed vemos que hay movimiento para sectores y comercios como en el giro de papeler\u00edas, librer\u00edas, zapater\u00edas, tiendas de ropa, uniformes, esperemos nosotros que se genere una importante derrama econ\u00f3mica\u201d. Se estima que el alza en las ventas sea del siete u ocho por ciento en comparaci\u00f3n con el a\u00f1o inmediato anterior. [&hellip;]<\/p>\n","protected":false},"author":2,"featured_media":177240,"comment_status":"closed","ping_status":"closed","sticky":false,"template":"","format":"video","meta":{"_monsterinsights_skip_tracking":false,"_monsterinsights_sitenote_active":false,"_monsterinsights_sitenote_note":"","_monsterinsights_sitenote_category":0,"footnotes":""},"categories":[5,45],"tags":[],"class_list":["post-177237","post","type-post","status-publish","format-video","has-post-thumbnail","hentry","category-destacadas","category-localesyregionales","post_format-post-format-video","post--single"],"yoast_head":"<!-- This site is optimized with the Yoast SEO plugin v27.5 - https:\/\/yoast.com\/product\/yoast-seo-wordpress\/ -->\n<title>Canaco registra ya movimiento econ\u00f3mico por regreso a clases - Canal 7 SLP - 2025<\/title>\n<meta name=\"robots\" content=\"index, follow, max-snippet:-1, max-image-preview:large, max-video-preview:-1\" \/>\n<link rel=\"canonical\" href=\"https:\/\/canal7slp.tv\/2025\/canaco-registra-ya-movimiento-economico-por-regreso-a-clases\/\" \/>\n<meta property=\"og:locale\" content=\"es_ES\" \/>\n<meta property=\"og:type\" content=\"article\" \/>\n<meta property=\"og:title\" content=\"Canaco registra ya movimiento econ\u00f3mico por regreso a clases - Canal 7 SLP - 2025\" \/>\n<meta property=\"og:description\" content=\"SLP.- Ya se ha registrado un alza en la venta de productos relacionados al regreso a clases, as\u00ed lo se\u00f1al\u00f3 el presidente de la Canaco-Servytur, Fernando D\u00edaz de Le\u00f3n. \u201cEstamos ya iniciando con el nuevo ciclo escolar, ya los alumnos se est\u00e1n preparando y familias, padres de familia; aqu\u00ed vemos que hay movimiento para sectores y comercios como en el giro de papeler\u00edas, librer\u00edas, zapater\u00edas, tiendas de ropa, uniformes, esperemos nosotros que se genere una importante derrama econ\u00f3mica\u201d. Se estima que el alza en las ventas sea del siete u ocho por ciento en comparaci\u00f3n con el a\u00f1o inmediato anterior. [&hellip;]\" \/>\n<meta property=\"og:url\" content=\"https:\/\/canal7slp.tv\/2025\/canaco-registra-ya-movimiento-economico-por-regreso-a-clases\/\" \/>\n<meta property=\"og:site_name\" content=\"Canal 7 SLP - 2025\" \/>\n<meta property=\"article:publisher\" content=\"https:\/\/www.facebook.com\/noticieroscanal7atencionciudadana\/\" \/>\n<meta property=\"article:published_time\" content=\"2025-08-21T23:03:07+00:00\" \/>\n<meta property=\"og:image\" content=\"https:\/\/canal7slp.tv\/2025\/wp-content\/uploads\/2025\/08\/Poky01RegresoClases.jpg\" \/>\n\t<meta property=\"og:image:width\" content=\"1280\" \/>\n\t<meta property=\"og:image:height\" content=\"720\" \/>\n\t<meta property=\"og:image:type\" content=\"image\/jpeg\" \/>\n<meta name=\"author\" content=\"Edici\u00f3n Web\" \/>\n<meta name=\"twitter:card\" content=\"summary_large_image\" \/>\n<meta name=\"twitter:creator\" content=\"@NOTICIEROS7\" \/>\n<meta name=\"twitter:site\" content=\"@NOTICIEROS7\" \/>\n<meta name=\"twitter:label1\" content=\"Escrito por\" \/>\n\t<meta name=\"twitter:data1\" content=\"Edici\u00f3n Web\" \/>\n\t<meta name=\"twitter:label2\" content=\"Tiempo de lectura\" \/>\n\t<meta name=\"twitter:data2\" content=\"2 minutos\" \/>\n<script type=\"application\/ld+json\" class=\"yoast-schema-graph\">{\"@context\":\"https:\\\/\\\/schema.org\",\"@graph\":[{\"@type\":\"Article\",\"@id\":\"https:\\\/\\\/canal7slp.tv\\\/2025\\\/canaco-registra-ya-movimiento-economico-por-regreso-a-clases\\\/#article\",\"isPartOf\":{\"@id\":\"https:\\\/\\\/canal7slp.tv\\\/2025\\\/canaco-registra-ya-movimiento-economico-por-regreso-a-clases\\\/\"},\"author\":{\"name\":\"Edici\u00f3n Web\",\"@id\":\"https:\\\/\\\/canal7slp.tv\\\/2025\\\/#\\\/schema\\\/person\\\/271e2b60a96e7cc9d9ac296f4d7e414b\"},\"headline\":\"Canaco registra ya movimiento econ\u00f3mico por regreso a clases\",\"datePublished\":\"2025-08-21T23:03:07+00:00\",\"mainEntityOfPage\":{\"@id\":\"https:\\\/\\\/canal7slp.tv\\\/2025\\\/canaco-registra-ya-movimiento-economico-por-regreso-a-clases\\\/\"},\"wordCount\":232,\"publisher\":{\"@id\":\"https:\\\/\\\/canal7slp.tv\\\/2025\\\/#organization\"},\"image\":{\"@id\":\"https:\\\/\\\/canal7slp.tv\\\/2025\\\/canaco-registra-ya-movimiento-economico-por-regreso-a-clases\\\/#primaryimage\"},\"thumbnailUrl\":\"https:\\\/\\\/canal7slp.tv\\\/2025\\\/wp-content\\\/uploads\\\/2025\\\/08\\\/Poky01RegresoClases.jpg\",\"articleSection\":[\"DESTACADAS\",\"LOCALES Y REGIONALES\"],\"inLanguage\":\"es\"},{\"@type\":\"WebPage\",\"@id\":\"https:\\\/\\\/canal7slp.tv\\\/2025\\\/canaco-registra-ya-movimiento-economico-por-regreso-a-clases\\\/\",\"url\":\"https:\\\/\\\/canal7slp.tv\\\/2025\\\/canaco-registra-ya-movimiento-economico-por-regreso-a-clases\\\/\",\"name\":\"Canaco registra ya movimiento econ\u00f3mico por regreso a clases - Canal 7 SLP - 2025\",\"isPartOf\":{\"@id\":\"https:\\\/\\\/canal7slp.tv\\\/2025\\\/#website\"},\"primaryImageOfPage\":{\"@id\":\"https:\\\/\\\/canal7slp.tv\\\/2025\\\/canaco-registra-ya-movimiento-economico-por-regreso-a-clases\\\/#primaryimage\"},\"image\":{\"@id\":\"https:\\\/\\\/canal7slp.tv\\\/2025\\\/canaco-registra-ya-movimiento-economico-por-regreso-a-clases\\\/#primaryimage\"},\"thumbnailUrl\":\"https:\\\/\\\/canal7slp.tv\\\/2025\\\/wp-content\\\/uploads\\\/2025\\\/08\\\/Poky01RegresoClases.jpg\",\"datePublished\":\"2025-08-21T23:03:07+00:00\",\"breadcrumb\":{\"@id\":\"https:\\\/\\\/canal7slp.tv\\\/2025\\\/canaco-registra-ya-movimiento-economico-por-regreso-a-clases\\\/#breadcrumb\"},\"inLanguage\":\"es\",\"potentialAction\":[{\"@type\":\"ReadAction\",\"target\":[\"https:\\\/\\\/canal7slp.tv\\\/2025\\\/canaco-registra-ya-movimiento-economico-por-regreso-a-clases\\\/\"]}]},{\"@type\":\"ImageObject\",\"inLanguage\":\"es\",\"@id\":\"https:\\\/\\\/canal7slp.tv\\\/2025\\\/canaco-registra-ya-movimiento-economico-por-regreso-a-clases\\\/#primaryimage\",\"url\":\"https:\\\/\\\/canal7slp.tv\\\/2025\\\/wp-content\\\/uploads\\\/2025\\\/08\\\/Poky01RegresoClases.jpg\",\"contentUrl\":\"https:\\\/\\\/canal7slp.tv\\\/2025\\\/wp-content\\\/uploads\\\/2025\\\/08\\\/Poky01RegresoClases.jpg\",\"width\":1280,\"height\":720},{\"@type\":\"BreadcrumbList\",\"@id\":\"https:\\\/\\\/canal7slp.tv\\\/2025\\\/canaco-registra-ya-movimiento-economico-por-regreso-a-clases\\\/#breadcrumb\",\"itemListElement\":[{\"@type\":\"ListItem\",\"position\":1,\"name\":\"Portada\",\"item\":\"https:\\\/\\\/canal7slp.tv\\\/2025\\\/\"},{\"@type\":\"ListItem\",\"position\":2,\"name\":\"Canaco registra ya movimiento econ\u00f3mico por regreso a clases\"}]},{\"@type\":\"WebSite\",\"@id\":\"https:\\\/\\\/canal7slp.tv\\\/2025\\\/#website\",\"url\":\"https:\\\/\\\/canal7slp.tv\\\/2025\\\/\",\"name\":\"N7 - Noticieros Canal 7\",\"description\":\"Somos el Medio\",\"publisher\":{\"@id\":\"https:\\\/\\\/canal7slp.tv\\\/2025\\\/#organization\"},\"potentialAction\":[{\"@type\":\"SearchAction\",\"target\":{\"@type\":\"EntryPoint\",\"urlTemplate\":\"https:\\\/\\\/canal7slp.tv\\\/2025\\\/?s={search_term_string}\"},\"query-input\":{\"@type\":\"PropertyValueSpecification\",\"valueRequired\":true,\"valueName\":\"search_term_string\"}}],\"inLanguage\":\"es\"},{\"@type\":\"Organization\",\"@id\":\"https:\\\/\\\/canal7slp.tv\\\/2025\\\/#organization\",\"name\":\"Noticieros Canal 7\",\"url\":\"https:\\\/\\\/canal7slp.tv\\\/2025\\\/\",\"logo\":{\"@type\":\"ImageObject\",\"inLanguage\":\"es\",\"@id\":\"https:\\\/\\\/canal7slp.tv\\\/2025\\\/#\\\/schema\\\/logo\\\/image\\\/\",\"url\":\"https:\\\/\\\/canal7slp.tv\\\/2025\\\/wp-content\\\/uploads\\\/2021\\\/01\\\/logo-noticieros@2x.png\",\"contentUrl\":\"https:\\\/\\\/canal7slp.tv\\\/2025\\\/wp-content\\\/uploads\\\/2021\\\/01\\\/logo-noticieros@2x.png\",\"width\":1017,\"height\":268,\"caption\":\"Noticieros Canal 7\"},\"image\":{\"@id\":\"https:\\\/\\\/canal7slp.tv\\\/2025\\\/#\\\/schema\\\/logo\\\/image\\\/\"},\"sameAs\":[\"https:\\\/\\\/www.facebook.com\\\/noticieroscanal7atencionciudadana\\\/\",\"https:\\\/\\\/x.com\\\/NOTICIEROS7\",\"https:\\\/\\\/www.instagram.com\\\/canal7_slp\",\"https:\\\/\\\/www.youtube.com\\\/channel\\\/UCliiYs-gP3JfJeqdPrNdd5A\"]},{\"@type\":\"Person\",\"@id\":\"https:\\\/\\\/canal7slp.tv\\\/2025\\\/#\\\/schema\\\/person\\\/271e2b60a96e7cc9d9ac296f4d7e414b\",\"name\":\"Edici\u00f3n Web\",\"image\":{\"@type\":\"ImageObject\",\"inLanguage\":\"es\",\"@id\":\"https:\\\/\\\/secure.gravatar.com\\\/avatar\\\/eee448fc3f7164808013b816ba91ac7e43bbe82a70bebac296f8bc6f0addaa1a?s=96&d=mm&r=g\",\"url\":\"https:\\\/\\\/secure.gravatar.com\\\/avatar\\\/eee448fc3f7164808013b816ba91ac7e43bbe82a70bebac296f8bc6f0addaa1a?s=96&d=mm&r=g\",\"contentUrl\":\"https:\\\/\\\/secure.gravatar.com\\\/avatar\\\/eee448fc3f7164808013b816ba91ac7e43bbe82a70bebac296f8bc6f0addaa1a?s=96&d=mm&r=g\",\"caption\":\"Edici\u00f3n Web\"},\"url\":\"https:\\\/\\\/canal7slp.tv\\\/2025\\\/author\\\/edicionweb\\\/\"}]}<\/script>\n<!-- \/ Yoast SEO plugin. -->","yoast_head_json":{"title":"Canaco registra ya movimiento econ\u00f3mico por regreso a clases - Canal 7 SLP - 2025","robots":{"index":"index","follow":"follow","max-snippet":"max-snippet:-1","max-image-preview":"max-image-preview:large","max-video-preview":"max-video-preview:-1"},"canonical":"https:\/\/canal7slp.tv\/2025\/canaco-registra-ya-movimiento-economico-por-regreso-a-clases\/","og_locale":"es_ES","og_type":"article","og_title":"Canaco registra ya movimiento econ\u00f3mico por regreso a clases - Canal 7 SLP - 2025","og_description":"SLP.- Ya se ha registrado un alza en la venta de productos relacionados al regreso a clases, as\u00ed lo se\u00f1al\u00f3 el presidente de la Canaco-Servytur, Fernando D\u00edaz de Le\u00f3n. \u201cEstamos ya iniciando con el nuevo ciclo escolar, ya los alumnos se est\u00e1n preparando y familias, padres de familia; aqu\u00ed vemos que hay movimiento para sectores y comercios como en el giro de papeler\u00edas, librer\u00edas, zapater\u00edas, tiendas de ropa, uniformes, esperemos nosotros que se genere una importante derrama econ\u00f3mica\u201d. Se estima que el alza en las ventas sea del siete u ocho por ciento en comparaci\u00f3n con el a\u00f1o inmediato anterior. [&hellip;]","og_url":"https:\/\/canal7slp.tv\/2025\/canaco-registra-ya-movimiento-economico-por-regreso-a-clases\/","og_site_name":"Canal 7 SLP - 2025","article_publisher":"https:\/\/www.facebook.com\/noticieroscanal7atencionciudadana\/","article_published_time":"2025-08-21T23:03:07+00:00","og_image":[{"width":1280,"height":720,"url":"https:\/\/canal7slp.tv\/2025\/wp-content\/uploads\/2025\/08\/Poky01RegresoClases.jpg","type":"image\/jpeg"}],"author":"Edici\u00f3n Web","twitter_card":"summary_large_image","twitter_creator":"@NOTICIEROS7","twitter_site":"@NOTICIEROS7","twitter_misc":{"Escrito por":"Edici\u00f3n Web","Tiempo de lectura":"2 minutos"},"schema":{"@context":"https:\/\/schema.org","@graph":[{"@type":"Article","@id":"https:\/\/canal7slp.tv\/2025\/canaco-registra-ya-movimiento-economico-por-regreso-a-clases\/#article","isPartOf":{"@id":"https:\/\/canal7slp.tv\/2025\/canaco-registra-ya-movimiento-economico-por-regreso-a-clases\/"},"author":{"name":"Edici\u00f3n Web","@id":"https:\/\/canal7slp.tv\/2025\/#\/schema\/person\/271e2b60a96e7cc9d9ac296f4d7e414b"},"headline":"Canaco registra ya movimiento econ\u00f3mico por regreso a clases","datePublished":"2025-08-21T23:03:07+00:00","mainEntityOfPage":{"@id":"https:\/\/canal7slp.tv\/2025\/canaco-registra-ya-movimiento-economico-por-regreso-a-clases\/"},"wordCount":232,"publisher":{"@id":"https:\/\/canal7slp.tv\/2025\/#organization"},"image":{"@id":"https:\/\/canal7slp.tv\/2025\/canaco-registra-ya-movimiento-economico-por-regreso-a-clases\/#primaryimage"},"thumbnailUrl":"https:\/\/canal7slp.tv\/2025\/wp-content\/uploads\/2025\/08\/Poky01RegresoClases.jpg","articleSection":["DESTACADAS","LOCALES Y REGIONALES"],"inLanguage":"es"},{"@type":"WebPage","@id":"https:\/\/canal7slp.tv\/2025\/canaco-registra-ya-movimiento-economico-por-regreso-a-clases\/","url":"https:\/\/canal7slp.tv\/2025\/canaco-registra-ya-movimiento-economico-por-regreso-a-clases\/","name":"Canaco registra ya movimiento econ\u00f3mico por regreso a clases - Canal 7 SLP - 2025","isPartOf":{"@id":"https:\/\/canal7slp.tv\/2025\/#website"},"primaryImageOfPage":{"@id":"https:\/\/canal7slp.tv\/2025\/canaco-registra-ya-movimiento-economico-por-regreso-a-clases\/#primaryimage"},"image":{"@id":"https:\/\/canal7slp.tv\/2025\/canaco-registra-ya-movimiento-economico-por-regreso-a-clases\/#primaryimage"},"thumbnailUrl":"https:\/\/canal7slp.tv\/2025\/wp-content\/uploads\/2025\/08\/Poky01RegresoClases.jpg","datePublished":"2025-08-21T23:03:07+00:00","breadcrumb":{"@id":"https:\/\/canal7slp.tv\/2025\/canaco-registra-ya-movimiento-economico-por-regreso-a-clases\/#breadcrumb"},"inLanguage":"es","potentialAction":[{"@type":"ReadAction","target":["https:\/\/canal7slp.tv\/2025\/canaco-registra-ya-movimiento-economico-por-regreso-a-clases\/"]}]},{"@type":"ImageObject","inLanguage":"es","@id":"https:\/\/canal7slp.tv\/2025\/canaco-registra-ya-movimiento-economico-por-regreso-a-clases\/#primaryimage","url":"https:\/\/canal7slp.tv\/2025\/wp-content\/uploads\/2025\/08\/Poky01RegresoClases.jpg","contentUrl":"https:\/\/canal7slp.tv\/2025\/wp-content\/uploads\/2025\/08\/Poky01RegresoClases.jpg","width":1280,"height":720},{"@type":"BreadcrumbList","@id":"https:\/\/canal7slp.tv\/2025\/canaco-registra-ya-movimiento-economico-por-regreso-a-clases\/#breadcrumb","itemListElement":[{"@type":"ListItem","position":1,"name":"Portada","item":"https:\/\/canal7slp.tv\/2025\/"},{"@type":"ListItem","position":2,"name":"Canaco registra ya movimiento econ\u00f3mico por regreso a clases"}]},{"@type":"WebSite","@id":"https:\/\/canal7slp.tv\/2025\/#website","url":"https:\/\/canal7slp.tv\/2025\/","name":"N7 - Noticieros Canal 7","description":"Somos el Medio","publisher":{"@id":"https:\/\/canal7slp.tv\/2025\/#organization"},"potentialAction":[{"@type":"SearchAction","target":{"@type":"EntryPoint","urlTemplate":"https:\/\/canal7slp.tv\/2025\/?s={search_term_string}"},"query-input":{"@type":"PropertyValueSpecification","valueRequired":true,"valueName":"search_term_string"}}],"inLanguage":"es"},{"@type":"Organization","@id":"https:\/\/canal7slp.tv\/2025\/#organization","name":"Noticieros Canal 7","url":"https:\/\/canal7slp.tv\/2025\/","logo":{"@type":"ImageObject","inLanguage":"es","@id":"https:\/\/canal7slp.tv\/2025\/#\/schema\/logo\/image\/","url":"https:\/\/canal7slp.tv\/2025\/wp-content\/uploads\/2021\/01\/logo-noticieros@2x.png","contentUrl":"https:\/\/canal7slp.tv\/2025\/wp-content\/uploads\/2021\/01\/logo-noticieros@2x.png","width":1017,"height":268,"caption":"Noticieros Canal 7"},"image":{"@id":"https:\/\/canal7slp.tv\/2025\/#\/schema\/logo\/image\/"},"sameAs":["https:\/\/www.facebook.com\/noticieroscanal7atencionciudadana\/","https:\/\/x.com\/NOTICIEROS7","https:\/\/www.instagram.com\/canal7_slp","https:\/\/www.youtube.com\/channel\/UCliiYs-gP3JfJeqdPrNdd5A"]},{"@type":"Person","@id":"https:\/\/canal7slp.tv\/2025\/#\/schema\/person\/271e2b60a96e7cc9d9ac296f4d7e414b","name":"Edici\u00f3n Web","image":{"@type":"ImageObject","inLanguage":"es","@id":"https:\/\/secure.gravatar.com\/avatar\/eee448fc3f7164808013b816ba91ac7e43bbe82a70bebac296f8bc6f0addaa1a?s=96&d=mm&r=g","url":"https:\/\/secure.gravatar.com\/avatar\/eee448fc3f7164808013b816ba91ac7e43bbe82a70bebac296f8bc6f0addaa1a?s=96&d=mm&r=g","contentUrl":"https:\/\/secure.gravatar.com\/avatar\/eee448fc3f7164808013b816ba91ac7e43bbe82a70bebac296f8bc6f0addaa1a?s=96&d=mm&r=g","caption":"Edici\u00f3n Web"},"url":"https:\/\/canal7slp.tv\/2025\/author\/edicionweb\/"}]}},"_links":{"self":[{"href":"https:\/\/canal7slp.tv\/2025\/wp-json\/wp\/v2\/posts\/177237","targetHints":{"allow":["GET"]}}],"collection":[{"href":"https:\/\/canal7slp.tv\/2025\/wp-json\/wp\/v2\/posts"}],"about":[{"href":"https:\/\/canal7slp.tv\/2025\/wp-json\/wp\/v2\/types\/post"}],"author":[{"embeddable":true,"href":"https:\/\/canal7slp.tv\/2025\/wp-json\/wp\/v2\/users\/2"}],"replies":[{"embeddable":true,"href":"https:\/\/canal7slp.tv\/2025\/wp-json\/wp\/v2\/comments?post=177237"}],"version-history":[{"count":1,"href":"https:\/\/canal7slp.tv\/2025\/wp-json\/wp\/v2\/posts\/177237\/revisions"}],"predecessor-version":[{"id":177238,"href":"https:\/\/canal7slp.tv\/2025\/wp-json\/wp\/v2\/posts\/177237\/revisions\/177238"}],"wp:featuredmedia":[{"embeddable":true,"href":"https:\/\/canal7slp.tv\/2025\/wp-json\/wp\/v2\/media\/177240"}],"wp:attachment":[{"href":"https:\/\/canal7slp.tv\/2025\/wp-json\/wp\/v2\/media?parent=177237"}],"wp:term":[{"taxonomy":"category","embeddable":true,"href":"https:\/\/canal7slp.tv\/2025\/wp-json\/wp\/v2\/categories?post=177237"},{"taxonomy":"post_tag","embeddable":true,"href":"https:\/\/canal7slp.tv\/2025\/wp-json\/wp\/v2\/tags?post=177237"}],"curies":[{"name":"wp","href":"https:\/\/api.w.org\/{rel}","templated":true}]}}