{"id":177228,"date":"2025-08-21T16:31:22","date_gmt":"2025-08-21T22:31:22","guid":{"rendered":"https:\/\/canal7slp.tv\/2025\/?p=177228"},"modified":"2025-08-21T16:31:22","modified_gmt":"2025-08-21T22:31:22","slug":"analiza-sedesore-implementacion-de-lavanderias-gratuitas-en-slp","status":"publish","type":"post","link":"https:\/\/canal7slp.tv\/2025\/analiza-sedesore-implementacion-de-lavanderias-gratuitas-en-slp\/","title":{"rendered":"Analiza SEDESORE implementaci\u00f3n de lavander\u00edas gratuitas en SLP"},"content":{"rendered":"<p style=\"text-align: justify;\"><span style=\"font-size: 1.21429rem;\">SLP.- La Secretar\u00eda de Desarrollo Social y Regional de San Luis Potos\u00ed inform\u00f3 que se encuentra en un proceso de an\u00e1lisis para definir las condiciones y ubicaciones en las que se implementar\u00e1n nuevos programas sociales, entre ellos el de lavander\u00edas gratuitas, anunciado recientemente por el gobernador, Ricardo Gallardo Cardona.<\/span><\/p>\n<p style=\"text-align: justify;\">La titular de la dependencia, Mar\u00eda del Rosario Mart\u00ednez Galarza, explic\u00f3 que antes de poner en marcha este tipo de apoyos es necesario ubicar con claridad las zonas donde la poblaci\u00f3n enfrenta mayores carencias.<\/p>\n<p style=\"text-align: justify;\">\u201cEsos programas los estamos revisando todav\u00eda, obviamente as\u00ed como yo les menciono el tema de lotes, tenemos que ubicar muy bien d\u00f3nde vamos a colocar los programas sociales\u201d, declar\u00f3.<\/p>\n<p style=\"text-align: justify;\">En este sentido, destac\u00f3 que no basta con lanzar los programas de manera inmediata, sino que deben instalarse en puntos estrat\u00e9gicos que garanticen su efectividad y cobertura.<\/p>\n<p style=\"text-align: justify;\">\u201cEs bien importante que la ciudadan\u00eda entienda que los programas no los podemos empezar porque s\u00ed, tenemos que tener una certeza en lugares donde la ciudadan\u00eda tenga realmente la necesidad\u201d, a\u00f1adi\u00f3.<\/p>\n<p style=\"text-align: justify;\">Mart\u00ednez Galarza puntualiz\u00f3 que la revisi\u00f3n de estos esquemas forma parte de la planeaci\u00f3n para que los apoyos lleguen a quienes m\u00e1s los requieren.<\/p>\n<p style=\"text-align: justify;\">\u201cTodos tienen la necesidad, pero tenemos que ubicar puntos claves, entonces en el tema de esos programas sociales que anuncia el se\u00f1or gobernador los estamos revisando y en cuanto tengamos la certeza de las ubicaciones con mucho gusto el se\u00f1or gobernador o su persona les va a ser de conocimiento\u201d, expres\u00f3.<\/p>\n<p>Por: Jos\u00e9 Luis V\u00e1zquez<\/p>\n","protected":false},"excerpt":{"rendered":"<p>SLP.- La Secretar\u00eda de Desarrollo Social y Regional de San Luis Potos\u00ed inform\u00f3 que se encuentra en un proceso de an\u00e1lisis para definir las condiciones y ubicaciones en las que se implementar\u00e1n nuevos programas sociales, entre ellos el de lavander\u00edas gratuitas, anunciado recientemente por el gobernador, Ricardo Gallardo Cardona. La titular de la dependencia, Mar\u00eda del Rosario Mart\u00ednez Galarza, explic\u00f3 que antes de poner en marcha este tipo de apoyos es necesario ubicar con claridad las zonas donde la poblaci\u00f3n enfrenta mayores carencias. \u201cEsos programas los estamos revisando todav\u00eda, obviamente as\u00ed como yo les menciono el tema de lotes, tenemos [&hellip;]<\/p>\n","protected":false},"author":2,"featured_media":177230,"comment_status":"closed","ping_status":"closed","sticky":false,"template":"","format":"video","meta":{"_monsterinsights_skip_tracking":false,"_monsterinsights_sitenote_active":false,"_monsterinsights_sitenote_note":"","_monsterinsights_sitenote_category":0,"footnotes":""},"categories":[5,510,45],"tags":[],"class_list":["post-177228","post","type-post","status-publish","format-video","has-post-thumbnail","hentry","category-destacadas","category-gobedoslp","category-localesyregionales","post_format-post-format-video","post--single"],"yoast_head":"<!-- This site is optimized with the Yoast SEO plugin v27.5 - https:\/\/yoast.com\/product\/yoast-seo-wordpress\/ -->\n<title>Analiza SEDESORE implementaci\u00f3n de lavander\u00edas gratuitas en SLP - Canal 7 SLP - 2025<\/title>\n<meta name=\"robots\" content=\"index, follow, max-snippet:-1, max-image-preview:large, max-video-preview:-1\" \/>\n<link rel=\"canonical\" href=\"https:\/\/canal7slp.tv\/2025\/analiza-sedesore-implementacion-de-lavanderias-gratuitas-en-slp\/\" \/>\n<meta property=\"og:locale\" content=\"es_ES\" \/>\n<meta property=\"og:type\" content=\"article\" \/>\n<meta property=\"og:title\" content=\"Analiza SEDESORE implementaci\u00f3n de lavander\u00edas gratuitas en SLP - Canal 7 SLP - 2025\" \/>\n<meta property=\"og:description\" content=\"SLP.- La Secretar\u00eda de Desarrollo Social y Regional de San Luis Potos\u00ed inform\u00f3 que se encuentra en un proceso de an\u00e1lisis para definir las condiciones y ubicaciones en las que se implementar\u00e1n nuevos programas sociales, entre ellos el de lavander\u00edas gratuitas, anunciado recientemente por el gobernador, Ricardo Gallardo Cardona. La titular de la dependencia, Mar\u00eda del Rosario Mart\u00ednez Galarza, explic\u00f3 que antes de poner en marcha este tipo de apoyos es necesario ubicar con claridad las zonas donde la poblaci\u00f3n enfrenta mayores carencias. \u201cEsos programas los estamos revisando todav\u00eda, obviamente as\u00ed como yo les menciono el tema de lotes, tenemos [&hellip;]\" \/>\n<meta property=\"og:url\" content=\"https:\/\/canal7slp.tv\/2025\/analiza-sedesore-implementacion-de-lavanderias-gratuitas-en-slp\/\" \/>\n<meta property=\"og:site_name\" content=\"Canal 7 SLP - 2025\" \/>\n<meta property=\"article:publisher\" content=\"https:\/\/www.facebook.com\/noticieroscanal7atencionciudadana\/\" \/>\n<meta property=\"article:published_time\" content=\"2025-08-21T22:31:22+00:00\" \/>\n<meta property=\"og:image\" content=\"https:\/\/canal7slp.tv\/2025\/wp-content\/uploads\/2025\/08\/Vazquez03SEDESORE.jpg\" \/>\n\t<meta property=\"og:image:width\" content=\"1280\" \/>\n\t<meta property=\"og:image:height\" content=\"720\" \/>\n\t<meta property=\"og:image:type\" content=\"image\/jpeg\" \/>\n<meta name=\"author\" content=\"Edici\u00f3n Web\" \/>\n<meta name=\"twitter:card\" content=\"summary_large_image\" \/>\n<meta name=\"twitter:creator\" content=\"@NOTICIEROS7\" \/>\n<meta name=\"twitter:site\" content=\"@NOTICIEROS7\" \/>\n<meta name=\"twitter:label1\" content=\"Escrito por\" \/>\n\t<meta name=\"twitter:data1\" content=\"Edici\u00f3n Web\" \/>\n\t<meta name=\"twitter:label2\" content=\"Tiempo de lectura\" \/>\n\t<meta name=\"twitter:data2\" content=\"2 minutos\" \/>\n<script type=\"application\/ld+json\" class=\"yoast-schema-graph\">{\"@context\":\"https:\\\/\\\/schema.org\",\"@graph\":[{\"@type\":\"Article\",\"@id\":\"https:\\\/\\\/canal7slp.tv\\\/2025\\\/analiza-sedesore-implementacion-de-lavanderias-gratuitas-en-slp\\\/#article\",\"isPartOf\":{\"@id\":\"https:\\\/\\\/canal7slp.tv\\\/2025\\\/analiza-sedesore-implementacion-de-lavanderias-gratuitas-en-slp\\\/\"},\"author\":{\"name\":\"Edici\u00f3n Web\",\"@id\":\"https:\\\/\\\/canal7slp.tv\\\/2025\\\/#\\\/schema\\\/person\\\/271e2b60a96e7cc9d9ac296f4d7e414b\"},\"headline\":\"Analiza SEDESORE implementaci\u00f3n de lavander\u00edas gratuitas en SLP\",\"datePublished\":\"2025-08-21T22:31:22+00:00\",\"mainEntityOfPage\":{\"@id\":\"https:\\\/\\\/canal7slp.tv\\\/2025\\\/analiza-sedesore-implementacion-de-lavanderias-gratuitas-en-slp\\\/\"},\"wordCount\":280,\"publisher\":{\"@id\":\"https:\\\/\\\/canal7slp.tv\\\/2025\\\/#organization\"},\"image\":{\"@id\":\"https:\\\/\\\/canal7slp.tv\\\/2025\\\/analiza-sedesore-implementacion-de-lavanderias-gratuitas-en-slp\\\/#primaryimage\"},\"thumbnailUrl\":\"https:\\\/\\\/canal7slp.tv\\\/2025\\\/wp-content\\\/uploads\\\/2025\\\/08\\\/Vazquez03SEDESORE.jpg\",\"articleSection\":[\"DESTACADAS\",\"GOBEDOSLP\",\"LOCALES Y REGIONALES\"],\"inLanguage\":\"es\"},{\"@type\":\"WebPage\",\"@id\":\"https:\\\/\\\/canal7slp.tv\\\/2025\\\/analiza-sedesore-implementacion-de-lavanderias-gratuitas-en-slp\\\/\",\"url\":\"https:\\\/\\\/canal7slp.tv\\\/2025\\\/analiza-sedesore-implementacion-de-lavanderias-gratuitas-en-slp\\\/\",\"name\":\"Analiza SEDESORE implementaci\u00f3n de lavander\u00edas gratuitas en SLP - Canal 7 SLP - 2025\",\"isPartOf\":{\"@id\":\"https:\\\/\\\/canal7slp.tv\\\/2025\\\/#website\"},\"primaryImageOfPage\":{\"@id\":\"https:\\\/\\\/canal7slp.tv\\\/2025\\\/analiza-sedesore-implementacion-de-lavanderias-gratuitas-en-slp\\\/#primaryimage\"},\"image\":{\"@id\":\"https:\\\/\\\/canal7slp.tv\\\/2025\\\/analiza-sedesore-implementacion-de-lavanderias-gratuitas-en-slp\\\/#primaryimage\"},\"thumbnailUrl\":\"https:\\\/\\\/canal7slp.tv\\\/2025\\\/wp-content\\\/uploads\\\/2025\\\/08\\\/Vazquez03SEDESORE.jpg\",\"datePublished\":\"2025-08-21T22:31:22+00:00\",\"breadcrumb\":{\"@id\":\"https:\\\/\\\/canal7slp.tv\\\/2025\\\/analiza-sedesore-implementacion-de-lavanderias-gratuitas-en-slp\\\/#breadcrumb\"},\"inLanguage\":\"es\",\"potentialAction\":[{\"@type\":\"ReadAction\",\"target\":[\"https:\\\/\\\/canal7slp.tv\\\/2025\\\/analiza-sedesore-implementacion-de-lavanderias-gratuitas-en-slp\\\/\"]}]},{\"@type\":\"ImageObject\",\"inLanguage\":\"es\",\"@id\":\"https:\\\/\\\/canal7slp.tv\\\/2025\\\/analiza-sedesore-implementacion-de-lavanderias-gratuitas-en-slp\\\/#primaryimage\",\"url\":\"https:\\\/\\\/canal7slp.tv\\\/2025\\\/wp-content\\\/uploads\\\/2025\\\/08\\\/Vazquez03SEDESORE.jpg\",\"contentUrl\":\"https:\\\/\\\/canal7slp.tv\\\/2025\\\/wp-content\\\/uploads\\\/2025\\\/08\\\/Vazquez03SEDESORE.jpg\",\"width\":1280,\"height\":720},{\"@type\":\"BreadcrumbList\",\"@id\":\"https:\\\/\\\/canal7slp.tv\\\/2025\\\/analiza-sedesore-implementacion-de-lavanderias-gratuitas-en-slp\\\/#breadcrumb\",\"itemListElement\":[{\"@type\":\"ListItem\",\"position\":1,\"name\":\"Portada\",\"item\":\"https:\\\/\\\/canal7slp.tv\\\/2025\\\/\"},{\"@type\":\"ListItem\",\"position\":2,\"name\":\"Analiza SEDESORE implementaci\u00f3n de lavander\u00edas gratuitas en SLP\"}]},{\"@type\":\"WebSite\",\"@id\":\"https:\\\/\\\/canal7slp.tv\\\/2025\\\/#website\",\"url\":\"https:\\\/\\\/canal7slp.tv\\\/2025\\\/\",\"name\":\"N7 - Noticieros Canal 7\",\"description\":\"Somos el Medio\",\"publisher\":{\"@id\":\"https:\\\/\\\/canal7slp.tv\\\/2025\\\/#organization\"},\"potentialAction\":[{\"@type\":\"SearchAction\",\"target\":{\"@type\":\"EntryPoint\",\"urlTemplate\":\"https:\\\/\\\/canal7slp.tv\\\/2025\\\/?s={search_term_string}\"},\"query-input\":{\"@type\":\"PropertyValueSpecification\",\"valueRequired\":true,\"valueName\":\"search_term_string\"}}],\"inLanguage\":\"es\"},{\"@type\":\"Organization\",\"@id\":\"https:\\\/\\\/canal7slp.tv\\\/2025\\\/#organization\",\"name\":\"Noticieros Canal 7\",\"url\":\"https:\\\/\\\/canal7slp.tv\\\/2025\\\/\",\"logo\":{\"@type\":\"ImageObject\",\"inLanguage\":\"es\",\"@id\":\"https:\\\/\\\/canal7slp.tv\\\/2025\\\/#\\\/schema\\\/logo\\\/image\\\/\",\"url\":\"https:\\\/\\\/canal7slp.tv\\\/2025\\\/wp-content\\\/uploads\\\/2021\\\/01\\\/logo-noticieros@2x.png\",\"contentUrl\":\"https:\\\/\\\/canal7slp.tv\\\/2025\\\/wp-content\\\/uploads\\\/2021\\\/01\\\/logo-noticieros@2x.png\",\"width\":1017,\"height\":268,\"caption\":\"Noticieros Canal 7\"},\"image\":{\"@id\":\"https:\\\/\\\/canal7slp.tv\\\/2025\\\/#\\\/schema\\\/logo\\\/image\\\/\"},\"sameAs\":[\"https:\\\/\\\/www.facebook.com\\\/noticieroscanal7atencionciudadana\\\/\",\"https:\\\/\\\/x.com\\\/NOTICIEROS7\",\"https:\\\/\\\/www.instagram.com\\\/canal7_slp\",\"https:\\\/\\\/www.youtube.com\\\/channel\\\/UCliiYs-gP3JfJeqdPrNdd5A\"]},{\"@type\":\"Person\",\"@id\":\"https:\\\/\\\/canal7slp.tv\\\/2025\\\/#\\\/schema\\\/person\\\/271e2b60a96e7cc9d9ac296f4d7e414b\",\"name\":\"Edici\u00f3n Web\",\"image\":{\"@type\":\"ImageObject\",\"inLanguage\":\"es\",\"@id\":\"https:\\\/\\\/secure.gravatar.com\\\/avatar\\\/eee448fc3f7164808013b816ba91ac7e43bbe82a70bebac296f8bc6f0addaa1a?s=96&d=mm&r=g\",\"url\":\"https:\\\/\\\/secure.gravatar.com\\\/avatar\\\/eee448fc3f7164808013b816ba91ac7e43bbe82a70bebac296f8bc6f0addaa1a?s=96&d=mm&r=g\",\"contentUrl\":\"https:\\\/\\\/secure.gravatar.com\\\/avatar\\\/eee448fc3f7164808013b816ba91ac7e43bbe82a70bebac296f8bc6f0addaa1a?s=96&d=mm&r=g\",\"caption\":\"Edici\u00f3n Web\"},\"url\":\"https:\\\/\\\/canal7slp.tv\\\/2025\\\/author\\\/edicionweb\\\/\"}]}<\/script>\n<!-- \/ Yoast SEO plugin. -->","yoast_head_json":{"title":"Analiza SEDESORE implementaci\u00f3n de lavander\u00edas gratuitas en SLP - Canal 7 SLP - 2025","robots":{"index":"index","follow":"follow","max-snippet":"max-snippet:-1","max-image-preview":"max-image-preview:large","max-video-preview":"max-video-preview:-1"},"canonical":"https:\/\/canal7slp.tv\/2025\/analiza-sedesore-implementacion-de-lavanderias-gratuitas-en-slp\/","og_locale":"es_ES","og_type":"article","og_title":"Analiza SEDESORE implementaci\u00f3n de lavander\u00edas gratuitas en SLP - Canal 7 SLP - 2025","og_description":"SLP.- La Secretar\u00eda de Desarrollo Social y Regional de San Luis Potos\u00ed inform\u00f3 que se encuentra en un proceso de an\u00e1lisis para definir las condiciones y ubicaciones en las que se implementar\u00e1n nuevos programas sociales, entre ellos el de lavander\u00edas gratuitas, anunciado recientemente por el gobernador, Ricardo Gallardo Cardona. La titular de la dependencia, Mar\u00eda del Rosario Mart\u00ednez Galarza, explic\u00f3 que antes de poner en marcha este tipo de apoyos es necesario ubicar con claridad las zonas donde la poblaci\u00f3n enfrenta mayores carencias. \u201cEsos programas los estamos revisando todav\u00eda, obviamente as\u00ed como yo les menciono el tema de lotes, tenemos [&hellip;]","og_url":"https:\/\/canal7slp.tv\/2025\/analiza-sedesore-implementacion-de-lavanderias-gratuitas-en-slp\/","og_site_name":"Canal 7 SLP - 2025","article_publisher":"https:\/\/www.facebook.com\/noticieroscanal7atencionciudadana\/","article_published_time":"2025-08-21T22:31:22+00:00","og_image":[{"width":1280,"height":720,"url":"https:\/\/canal7slp.tv\/2025\/wp-content\/uploads\/2025\/08\/Vazquez03SEDESORE.jpg","type":"image\/jpeg"}],"author":"Edici\u00f3n Web","twitter_card":"summary_large_image","twitter_creator":"@NOTICIEROS7","twitter_site":"@NOTICIEROS7","twitter_misc":{"Escrito por":"Edici\u00f3n Web","Tiempo de lectura":"2 minutos"},"schema":{"@context":"https:\/\/schema.org","@graph":[{"@type":"Article","@id":"https:\/\/canal7slp.tv\/2025\/analiza-sedesore-implementacion-de-lavanderias-gratuitas-en-slp\/#article","isPartOf":{"@id":"https:\/\/canal7slp.tv\/2025\/analiza-sedesore-implementacion-de-lavanderias-gratuitas-en-slp\/"},"author":{"name":"Edici\u00f3n Web","@id":"https:\/\/canal7slp.tv\/2025\/#\/schema\/person\/271e2b60a96e7cc9d9ac296f4d7e414b"},"headline":"Analiza SEDESORE implementaci\u00f3n de lavander\u00edas gratuitas en SLP","datePublished":"2025-08-21T22:31:22+00:00","mainEntityOfPage":{"@id":"https:\/\/canal7slp.tv\/2025\/analiza-sedesore-implementacion-de-lavanderias-gratuitas-en-slp\/"},"wordCount":280,"publisher":{"@id":"https:\/\/canal7slp.tv\/2025\/#organization"},"image":{"@id":"https:\/\/canal7slp.tv\/2025\/analiza-sedesore-implementacion-de-lavanderias-gratuitas-en-slp\/#primaryimage"},"thumbnailUrl":"https:\/\/canal7slp.tv\/2025\/wp-content\/uploads\/2025\/08\/Vazquez03SEDESORE.jpg","articleSection":["DESTACADAS","GOBEDOSLP","LOCALES Y REGIONALES"],"inLanguage":"es"},{"@type":"WebPage","@id":"https:\/\/canal7slp.tv\/2025\/analiza-sedesore-implementacion-de-lavanderias-gratuitas-en-slp\/","url":"https:\/\/canal7slp.tv\/2025\/analiza-sedesore-implementacion-de-lavanderias-gratuitas-en-slp\/","name":"Analiza SEDESORE implementaci\u00f3n de lavander\u00edas gratuitas en SLP - Canal 7 SLP - 2025","isPartOf":{"@id":"https:\/\/canal7slp.tv\/2025\/#website"},"primaryImageOfPage":{"@id":"https:\/\/canal7slp.tv\/2025\/analiza-sedesore-implementacion-de-lavanderias-gratuitas-en-slp\/#primaryimage"},"image":{"@id":"https:\/\/canal7slp.tv\/2025\/analiza-sedesore-implementacion-de-lavanderias-gratuitas-en-slp\/#primaryimage"},"thumbnailUrl":"https:\/\/canal7slp.tv\/2025\/wp-content\/uploads\/2025\/08\/Vazquez03SEDESORE.jpg","datePublished":"2025-08-21T22:31:22+00:00","breadcrumb":{"@id":"https:\/\/canal7slp.tv\/2025\/analiza-sedesore-implementacion-de-lavanderias-gratuitas-en-slp\/#breadcrumb"},"inLanguage":"es","potentialAction":[{"@type":"ReadAction","target":["https:\/\/canal7slp.tv\/2025\/analiza-sedesore-implementacion-de-lavanderias-gratuitas-en-slp\/"]}]},{"@type":"ImageObject","inLanguage":"es","@id":"https:\/\/canal7slp.tv\/2025\/analiza-sedesore-implementacion-de-lavanderias-gratuitas-en-slp\/#primaryimage","url":"https:\/\/canal7slp.tv\/2025\/wp-content\/uploads\/2025\/08\/Vazquez03SEDESORE.jpg","contentUrl":"https:\/\/canal7slp.tv\/2025\/wp-content\/uploads\/2025\/08\/Vazquez03SEDESORE.jpg","width":1280,"height":720},{"@type":"BreadcrumbList","@id":"https:\/\/canal7slp.tv\/2025\/analiza-sedesore-implementacion-de-lavanderias-gratuitas-en-slp\/#breadcrumb","itemListElement":[{"@type":"ListItem","position":1,"name":"Portada","item":"https:\/\/canal7slp.tv\/2025\/"},{"@type":"ListItem","position":2,"name":"Analiza SEDESORE implementaci\u00f3n de lavander\u00edas gratuitas en SLP"}]},{"@type":"WebSite","@id":"https:\/\/canal7slp.tv\/2025\/#website","url":"https:\/\/canal7slp.tv\/2025\/","name":"N7 - Noticieros Canal 7","description":"Somos el Medio","publisher":{"@id":"https:\/\/canal7slp.tv\/2025\/#organization"},"potentialAction":[{"@type":"SearchAction","target":{"@type":"EntryPoint","urlTemplate":"https:\/\/canal7slp.tv\/2025\/?s={search_term_string}"},"query-input":{"@type":"PropertyValueSpecification","valueRequired":true,"valueName":"search_term_string"}}],"inLanguage":"es"},{"@type":"Organization","@id":"https:\/\/canal7slp.tv\/2025\/#organization","name":"Noticieros Canal 7","url":"https:\/\/canal7slp.tv\/2025\/","logo":{"@type":"ImageObject","inLanguage":"es","@id":"https:\/\/canal7slp.tv\/2025\/#\/schema\/logo\/image\/","url":"https:\/\/canal7slp.tv\/2025\/wp-content\/uploads\/2021\/01\/logo-noticieros@2x.png","contentUrl":"https:\/\/canal7slp.tv\/2025\/wp-content\/uploads\/2021\/01\/logo-noticieros@2x.png","width":1017,"height":268,"caption":"Noticieros Canal 7"},"image":{"@id":"https:\/\/canal7slp.tv\/2025\/#\/schema\/logo\/image\/"},"sameAs":["https:\/\/www.facebook.com\/noticieroscanal7atencionciudadana\/","https:\/\/x.com\/NOTICIEROS7","https:\/\/www.instagram.com\/canal7_slp","https:\/\/www.youtube.com\/channel\/UCliiYs-gP3JfJeqdPrNdd5A"]},{"@type":"Person","@id":"https:\/\/canal7slp.tv\/2025\/#\/schema\/person\/271e2b60a96e7cc9d9ac296f4d7e414b","name":"Edici\u00f3n Web","image":{"@type":"ImageObject","inLanguage":"es","@id":"https:\/\/secure.gravatar.com\/avatar\/eee448fc3f7164808013b816ba91ac7e43bbe82a70bebac296f8bc6f0addaa1a?s=96&d=mm&r=g","url":"https:\/\/secure.gravatar.com\/avatar\/eee448fc3f7164808013b816ba91ac7e43bbe82a70bebac296f8bc6f0addaa1a?s=96&d=mm&r=g","contentUrl":"https:\/\/secure.gravatar.com\/avatar\/eee448fc3f7164808013b816ba91ac7e43bbe82a70bebac296f8bc6f0addaa1a?s=96&d=mm&r=g","caption":"Edici\u00f3n Web"},"url":"https:\/\/canal7slp.tv\/2025\/author\/edicionweb\/"}]}},"_links":{"self":[{"href":"https:\/\/canal7slp.tv\/2025\/wp-json\/wp\/v2\/posts\/177228","targetHints":{"allow":["GET"]}}],"collection":[{"href":"https:\/\/canal7slp.tv\/2025\/wp-json\/wp\/v2\/posts"}],"about":[{"href":"https:\/\/canal7slp.tv\/2025\/wp-json\/wp\/v2\/types\/post"}],"author":[{"embeddable":true,"href":"https:\/\/canal7slp.tv\/2025\/wp-json\/wp\/v2\/users\/2"}],"replies":[{"embeddable":true,"href":"https:\/\/canal7slp.tv\/2025\/wp-json\/wp\/v2\/comments?post=177228"}],"version-history":[{"count":1,"href":"https:\/\/canal7slp.tv\/2025\/wp-json\/wp\/v2\/posts\/177228\/revisions"}],"predecessor-version":[{"id":177231,"href":"https:\/\/canal7slp.tv\/2025\/wp-json\/wp\/v2\/posts\/177228\/revisions\/177231"}],"wp:featuredmedia":[{"embeddable":true,"href":"https:\/\/canal7slp.tv\/2025\/wp-json\/wp\/v2\/media\/177230"}],"wp:attachment":[{"href":"https:\/\/canal7slp.tv\/2025\/wp-json\/wp\/v2\/media?parent=177228"}],"wp:term":[{"taxonomy":"category","embeddable":true,"href":"https:\/\/canal7slp.tv\/2025\/wp-json\/wp\/v2\/categories?post=177228"},{"taxonomy":"post_tag","embeddable":true,"href":"https:\/\/canal7slp.tv\/2025\/wp-json\/wp\/v2\/tags?post=177228"}],"curies":[{"name":"wp","href":"https:\/\/api.w.org\/{rel}","templated":true}]}}