{"id":177224,"date":"2025-08-21T16:22:25","date_gmt":"2025-08-21T22:22:25","guid":{"rendered":"https:\/\/canal7slp.tv\/2025\/?p=177224"},"modified":"2025-08-21T16:22:25","modified_gmt":"2025-08-21T22:22:25","slug":"disminuye-empleo-en-san-luis-potosi-admite-secretaria-del-trabajo","status":"publish","type":"post","link":"https:\/\/canal7slp.tv\/2025\/disminuye-empleo-en-san-luis-potosi-admite-secretaria-del-trabajo\/","title":{"rendered":"Disminuye empleo en San Luis Potos\u00ed, admite Secretar\u00eda del Trabajo"},"content":{"rendered":"<p style=\"text-align: justify;\"><span style=\"font-size: 1.21429rem;\">SLP.- El secretario del Trabajo y Previsi\u00f3n Social de San Luis Potos\u00ed, Cris\u00f3gono S\u00e1nchez Lara, reconoci\u00f3 una disminuci\u00f3n en el empleo formal en la entidad, principalmente en un par de sectores.<\/span><\/p>\n<p style=\"text-align: justify;\">\u201cEs cierto, el mes pasado de julio y principios de este mes de agosto tuvimos una ca\u00edda del empleo formal en el sentido particularmente de dos rubros: la cuesti\u00f3n educativa y en la industria de la construcci\u00f3n\u201d, se\u00f1al\u00f3.<\/p>\n<p style=\"text-align: justify;\">Explic\u00f3 que uno de los factores que influy\u00f3 en la baja de plazas es la contrataci\u00f3n temporal en escuelas privadas.<\/p>\n<p style=\"text-align: justify;\">\u201cDesafortunadamente en la educaci\u00f3n sobre todo en la educaci\u00f3n privada, los trabajadores de la educaci\u00f3n son contratados por a\u00f1o de servicio educativo, qu\u00e9 quiero decir con esto, que en el periodo vacacional pues quedan en un momento dado sin que sean pagado sus derechos ante el seguro o sus propios salarios, no es lo mismo que la educaci\u00f3n formal o la educaci\u00f3n p\u00fablica, y en ese sentido baja el empleo\u201d, detall\u00f3.<\/p>\n<p style=\"text-align: justify;\">S\u00e1nchez Lara tambi\u00e9n atribuy\u00f3 la disminuci\u00f3n al comportamiento reciente de la construcci\u00f3n:<\/p>\n<p style=\"text-align: justify;\">\u201cTambi\u00e9n en la industria se ha tenido un bajoneo en San Luis Potos\u00ed y que la idea es recuperarlos, estamos en esa confianza de que aqu\u00ed a noviembre vamos a recuperar un buen n\u00famero de los empleos que en su momento se perdieron y que nosotros estamos preocupados para que as\u00ed sea\u201d, extern\u00f3.<\/p>\n<p style=\"text-align: justify;\">Indic\u00f3 que la instrucci\u00f3n es dar seguimiento a este tema para reducir el desempleo.<\/p>\n<p style=\"text-align: justify;\">\u201cHa sido la encomienda el gobernador de San Luis Potos\u00ed: de que no descuidemos ese rubro, de que vayamos abatiendo en la medida de las posibilidades la mayor parte del desempleo\u201d.<\/p>\n<p style=\"text-align: justify;\">Finalmente, resalt\u00f3 que la estabilidad laboral en el estado favorece la llegada de inversiones extranjeras y nacionales.<\/p>\n<p style=\"text-align: justify;\">\u201cHay un buen n\u00famero sobre todo de medio oriente que se instalan en San Luis porque hemos dicho: San Luis sigue siendo un estado que rinde las condiciones necesarias para la inversi\u00f3n, tanto la inversi\u00f3n nacional como para la inversi\u00f3n extranjera\u00bb, dijo.<\/p>\n<p style=\"text-align: justify;\">A\u00f1adi\u00f3: \u00abPorque no tenemos problemas mayores de conflictos sociales, no tenemos problema de que no haya una paz entre los trabajadores, la paz laboral existe en San Luis Potos\u00ed y eso ayuda much\u00edsimo a que los inversionistas volteen hacia nosotros\u201d.<\/p>\n<p>Por: Jos\u00e9 Luis V\u00e1zquez<\/p>\n","protected":false},"excerpt":{"rendered":"<p>SLP.- El secretario del Trabajo y Previsi\u00f3n Social de San Luis Potos\u00ed, Cris\u00f3gono S\u00e1nchez Lara, reconoci\u00f3 una disminuci\u00f3n en el empleo formal en la entidad, principalmente en un par de sectores. \u201cEs cierto, el mes pasado de julio y principios de este mes de agosto tuvimos una ca\u00edda del empleo formal en el sentido particularmente de dos rubros: la cuesti\u00f3n educativa y en la industria de la construcci\u00f3n\u201d, se\u00f1al\u00f3. Explic\u00f3 que uno de los factores que influy\u00f3 en la baja de plazas es la contrataci\u00f3n temporal en escuelas privadas. \u201cDesafortunadamente en la educaci\u00f3n sobre todo en la educaci\u00f3n privada, los [&hellip;]<\/p>\n","protected":false},"author":2,"featured_media":177227,"comment_status":"closed","ping_status":"closed","sticky":false,"template":"","format":"video","meta":{"_monsterinsights_skip_tracking":false,"_monsterinsights_sitenote_active":false,"_monsterinsights_sitenote_note":"","_monsterinsights_sitenote_category":0,"footnotes":""},"categories":[5,510,45],"tags":[],"class_list":["post-177224","post","type-post","status-publish","format-video","has-post-thumbnail","hentry","category-destacadas","category-gobedoslp","category-localesyregionales","post_format-post-format-video","post--single"],"yoast_head":"<!-- This site is optimized with the Yoast SEO plugin v27.5 - https:\/\/yoast.com\/product\/yoast-seo-wordpress\/ -->\n<title>Disminuye empleo en San Luis Potos\u00ed, admite Secretar\u00eda del Trabajo - Canal 7 SLP - 2025<\/title>\n<meta name=\"robots\" content=\"index, follow, max-snippet:-1, max-image-preview:large, max-video-preview:-1\" \/>\n<link rel=\"canonical\" href=\"https:\/\/canal7slp.tv\/2025\/disminuye-empleo-en-san-luis-potosi-admite-secretaria-del-trabajo\/\" \/>\n<meta property=\"og:locale\" content=\"es_ES\" \/>\n<meta property=\"og:type\" content=\"article\" \/>\n<meta property=\"og:title\" content=\"Disminuye empleo en San Luis Potos\u00ed, admite Secretar\u00eda del Trabajo - Canal 7 SLP - 2025\" \/>\n<meta property=\"og:description\" content=\"SLP.- El secretario del Trabajo y Previsi\u00f3n Social de San Luis Potos\u00ed, Cris\u00f3gono S\u00e1nchez Lara, reconoci\u00f3 una disminuci\u00f3n en el empleo formal en la entidad, principalmente en un par de sectores. \u201cEs cierto, el mes pasado de julio y principios de este mes de agosto tuvimos una ca\u00edda del empleo formal en el sentido particularmente de dos rubros: la cuesti\u00f3n educativa y en la industria de la construcci\u00f3n\u201d, se\u00f1al\u00f3. Explic\u00f3 que uno de los factores que influy\u00f3 en la baja de plazas es la contrataci\u00f3n temporal en escuelas privadas. \u201cDesafortunadamente en la educaci\u00f3n sobre todo en la educaci\u00f3n privada, los [&hellip;]\" \/>\n<meta property=\"og:url\" content=\"https:\/\/canal7slp.tv\/2025\/disminuye-empleo-en-san-luis-potosi-admite-secretaria-del-trabajo\/\" \/>\n<meta property=\"og:site_name\" content=\"Canal 7 SLP - 2025\" \/>\n<meta property=\"article:publisher\" content=\"https:\/\/www.facebook.com\/noticieroscanal7atencionciudadana\/\" \/>\n<meta property=\"article:published_time\" content=\"2025-08-21T22:22:25+00:00\" \/>\n<meta property=\"og:image\" content=\"https:\/\/canal7slp.tv\/2025\/wp-content\/uploads\/2025\/08\/Vazquez02BajaEmpleos.jpg\" \/>\n\t<meta property=\"og:image:width\" content=\"1280\" \/>\n\t<meta property=\"og:image:height\" content=\"720\" \/>\n\t<meta property=\"og:image:type\" content=\"image\/jpeg\" \/>\n<meta name=\"author\" content=\"Edici\u00f3n Web\" \/>\n<meta name=\"twitter:card\" content=\"summary_large_image\" \/>\n<meta name=\"twitter:creator\" content=\"@NOTICIEROS7\" \/>\n<meta name=\"twitter:site\" content=\"@NOTICIEROS7\" \/>\n<meta name=\"twitter:label1\" content=\"Escrito por\" \/>\n\t<meta name=\"twitter:data1\" content=\"Edici\u00f3n Web\" \/>\n\t<meta name=\"twitter:label2\" content=\"Tiempo de lectura\" \/>\n\t<meta name=\"twitter:data2\" content=\"2 minutos\" \/>\n<script type=\"application\/ld+json\" class=\"yoast-schema-graph\">{\"@context\":\"https:\\\/\\\/schema.org\",\"@graph\":[{\"@type\":\"Article\",\"@id\":\"https:\\\/\\\/canal7slp.tv\\\/2025\\\/disminuye-empleo-en-san-luis-potosi-admite-secretaria-del-trabajo\\\/#article\",\"isPartOf\":{\"@id\":\"https:\\\/\\\/canal7slp.tv\\\/2025\\\/disminuye-empleo-en-san-luis-potosi-admite-secretaria-del-trabajo\\\/\"},\"author\":{\"name\":\"Edici\u00f3n Web\",\"@id\":\"https:\\\/\\\/canal7slp.tv\\\/2025\\\/#\\\/schema\\\/person\\\/271e2b60a96e7cc9d9ac296f4d7e414b\"},\"headline\":\"Disminuye empleo en San Luis Potos\u00ed, admite Secretar\u00eda del Trabajo\",\"datePublished\":\"2025-08-21T22:22:25+00:00\",\"mainEntityOfPage\":{\"@id\":\"https:\\\/\\\/canal7slp.tv\\\/2025\\\/disminuye-empleo-en-san-luis-potosi-admite-secretaria-del-trabajo\\\/\"},\"wordCount\":415,\"publisher\":{\"@id\":\"https:\\\/\\\/canal7slp.tv\\\/2025\\\/#organization\"},\"image\":{\"@id\":\"https:\\\/\\\/canal7slp.tv\\\/2025\\\/disminuye-empleo-en-san-luis-potosi-admite-secretaria-del-trabajo\\\/#primaryimage\"},\"thumbnailUrl\":\"https:\\\/\\\/canal7slp.tv\\\/2025\\\/wp-content\\\/uploads\\\/2025\\\/08\\\/Vazquez02BajaEmpleos.jpg\",\"articleSection\":[\"DESTACADAS\",\"GOBEDOSLP\",\"LOCALES Y REGIONALES\"],\"inLanguage\":\"es\"},{\"@type\":\"WebPage\",\"@id\":\"https:\\\/\\\/canal7slp.tv\\\/2025\\\/disminuye-empleo-en-san-luis-potosi-admite-secretaria-del-trabajo\\\/\",\"url\":\"https:\\\/\\\/canal7slp.tv\\\/2025\\\/disminuye-empleo-en-san-luis-potosi-admite-secretaria-del-trabajo\\\/\",\"name\":\"Disminuye empleo en San Luis Potos\u00ed, admite Secretar\u00eda del Trabajo - Canal 7 SLP - 2025\",\"isPartOf\":{\"@id\":\"https:\\\/\\\/canal7slp.tv\\\/2025\\\/#website\"},\"primaryImageOfPage\":{\"@id\":\"https:\\\/\\\/canal7slp.tv\\\/2025\\\/disminuye-empleo-en-san-luis-potosi-admite-secretaria-del-trabajo\\\/#primaryimage\"},\"image\":{\"@id\":\"https:\\\/\\\/canal7slp.tv\\\/2025\\\/disminuye-empleo-en-san-luis-potosi-admite-secretaria-del-trabajo\\\/#primaryimage\"},\"thumbnailUrl\":\"https:\\\/\\\/canal7slp.tv\\\/2025\\\/wp-content\\\/uploads\\\/2025\\\/08\\\/Vazquez02BajaEmpleos.jpg\",\"datePublished\":\"2025-08-21T22:22:25+00:00\",\"breadcrumb\":{\"@id\":\"https:\\\/\\\/canal7slp.tv\\\/2025\\\/disminuye-empleo-en-san-luis-potosi-admite-secretaria-del-trabajo\\\/#breadcrumb\"},\"inLanguage\":\"es\",\"potentialAction\":[{\"@type\":\"ReadAction\",\"target\":[\"https:\\\/\\\/canal7slp.tv\\\/2025\\\/disminuye-empleo-en-san-luis-potosi-admite-secretaria-del-trabajo\\\/\"]}]},{\"@type\":\"ImageObject\",\"inLanguage\":\"es\",\"@id\":\"https:\\\/\\\/canal7slp.tv\\\/2025\\\/disminuye-empleo-en-san-luis-potosi-admite-secretaria-del-trabajo\\\/#primaryimage\",\"url\":\"https:\\\/\\\/canal7slp.tv\\\/2025\\\/wp-content\\\/uploads\\\/2025\\\/08\\\/Vazquez02BajaEmpleos.jpg\",\"contentUrl\":\"https:\\\/\\\/canal7slp.tv\\\/2025\\\/wp-content\\\/uploads\\\/2025\\\/08\\\/Vazquez02BajaEmpleos.jpg\",\"width\":1280,\"height\":720},{\"@type\":\"BreadcrumbList\",\"@id\":\"https:\\\/\\\/canal7slp.tv\\\/2025\\\/disminuye-empleo-en-san-luis-potosi-admite-secretaria-del-trabajo\\\/#breadcrumb\",\"itemListElement\":[{\"@type\":\"ListItem\",\"position\":1,\"name\":\"Portada\",\"item\":\"https:\\\/\\\/canal7slp.tv\\\/2025\\\/\"},{\"@type\":\"ListItem\",\"position\":2,\"name\":\"Disminuye empleo en San Luis Potos\u00ed, admite Secretar\u00eda del Trabajo\"}]},{\"@type\":\"WebSite\",\"@id\":\"https:\\\/\\\/canal7slp.tv\\\/2025\\\/#website\",\"url\":\"https:\\\/\\\/canal7slp.tv\\\/2025\\\/\",\"name\":\"N7 - Noticieros Canal 7\",\"description\":\"Somos el Medio\",\"publisher\":{\"@id\":\"https:\\\/\\\/canal7slp.tv\\\/2025\\\/#organization\"},\"potentialAction\":[{\"@type\":\"SearchAction\",\"target\":{\"@type\":\"EntryPoint\",\"urlTemplate\":\"https:\\\/\\\/canal7slp.tv\\\/2025\\\/?s={search_term_string}\"},\"query-input\":{\"@type\":\"PropertyValueSpecification\",\"valueRequired\":true,\"valueName\":\"search_term_string\"}}],\"inLanguage\":\"es\"},{\"@type\":\"Organization\",\"@id\":\"https:\\\/\\\/canal7slp.tv\\\/2025\\\/#organization\",\"name\":\"Noticieros Canal 7\",\"url\":\"https:\\\/\\\/canal7slp.tv\\\/2025\\\/\",\"logo\":{\"@type\":\"ImageObject\",\"inLanguage\":\"es\",\"@id\":\"https:\\\/\\\/canal7slp.tv\\\/2025\\\/#\\\/schema\\\/logo\\\/image\\\/\",\"url\":\"https:\\\/\\\/canal7slp.tv\\\/2025\\\/wp-content\\\/uploads\\\/2021\\\/01\\\/logo-noticieros@2x.png\",\"contentUrl\":\"https:\\\/\\\/canal7slp.tv\\\/2025\\\/wp-content\\\/uploads\\\/2021\\\/01\\\/logo-noticieros@2x.png\",\"width\":1017,\"height\":268,\"caption\":\"Noticieros Canal 7\"},\"image\":{\"@id\":\"https:\\\/\\\/canal7slp.tv\\\/2025\\\/#\\\/schema\\\/logo\\\/image\\\/\"},\"sameAs\":[\"https:\\\/\\\/www.facebook.com\\\/noticieroscanal7atencionciudadana\\\/\",\"https:\\\/\\\/x.com\\\/NOTICIEROS7\",\"https:\\\/\\\/www.instagram.com\\\/canal7_slp\",\"https:\\\/\\\/www.youtube.com\\\/channel\\\/UCliiYs-gP3JfJeqdPrNdd5A\"]},{\"@type\":\"Person\",\"@id\":\"https:\\\/\\\/canal7slp.tv\\\/2025\\\/#\\\/schema\\\/person\\\/271e2b60a96e7cc9d9ac296f4d7e414b\",\"name\":\"Edici\u00f3n Web\",\"image\":{\"@type\":\"ImageObject\",\"inLanguage\":\"es\",\"@id\":\"https:\\\/\\\/secure.gravatar.com\\\/avatar\\\/eee448fc3f7164808013b816ba91ac7e43bbe82a70bebac296f8bc6f0addaa1a?s=96&d=mm&r=g\",\"url\":\"https:\\\/\\\/secure.gravatar.com\\\/avatar\\\/eee448fc3f7164808013b816ba91ac7e43bbe82a70bebac296f8bc6f0addaa1a?s=96&d=mm&r=g\",\"contentUrl\":\"https:\\\/\\\/secure.gravatar.com\\\/avatar\\\/eee448fc3f7164808013b816ba91ac7e43bbe82a70bebac296f8bc6f0addaa1a?s=96&d=mm&r=g\",\"caption\":\"Edici\u00f3n Web\"},\"url\":\"https:\\\/\\\/canal7slp.tv\\\/2025\\\/author\\\/edicionweb\\\/\"}]}<\/script>\n<!-- \/ Yoast SEO plugin. -->","yoast_head_json":{"title":"Disminuye empleo en San Luis Potos\u00ed, admite Secretar\u00eda del Trabajo - Canal 7 SLP - 2025","robots":{"index":"index","follow":"follow","max-snippet":"max-snippet:-1","max-image-preview":"max-image-preview:large","max-video-preview":"max-video-preview:-1"},"canonical":"https:\/\/canal7slp.tv\/2025\/disminuye-empleo-en-san-luis-potosi-admite-secretaria-del-trabajo\/","og_locale":"es_ES","og_type":"article","og_title":"Disminuye empleo en San Luis Potos\u00ed, admite Secretar\u00eda del Trabajo - Canal 7 SLP - 2025","og_description":"SLP.- El secretario del Trabajo y Previsi\u00f3n Social de San Luis Potos\u00ed, Cris\u00f3gono S\u00e1nchez Lara, reconoci\u00f3 una disminuci\u00f3n en el empleo formal en la entidad, principalmente en un par de sectores. \u201cEs cierto, el mes pasado de julio y principios de este mes de agosto tuvimos una ca\u00edda del empleo formal en el sentido particularmente de dos rubros: la cuesti\u00f3n educativa y en la industria de la construcci\u00f3n\u201d, se\u00f1al\u00f3. Explic\u00f3 que uno de los factores que influy\u00f3 en la baja de plazas es la contrataci\u00f3n temporal en escuelas privadas. \u201cDesafortunadamente en la educaci\u00f3n sobre todo en la educaci\u00f3n privada, los [&hellip;]","og_url":"https:\/\/canal7slp.tv\/2025\/disminuye-empleo-en-san-luis-potosi-admite-secretaria-del-trabajo\/","og_site_name":"Canal 7 SLP - 2025","article_publisher":"https:\/\/www.facebook.com\/noticieroscanal7atencionciudadana\/","article_published_time":"2025-08-21T22:22:25+00:00","og_image":[{"width":1280,"height":720,"url":"https:\/\/canal7slp.tv\/2025\/wp-content\/uploads\/2025\/08\/Vazquez02BajaEmpleos.jpg","type":"image\/jpeg"}],"author":"Edici\u00f3n Web","twitter_card":"summary_large_image","twitter_creator":"@NOTICIEROS7","twitter_site":"@NOTICIEROS7","twitter_misc":{"Escrito por":"Edici\u00f3n Web","Tiempo de lectura":"2 minutos"},"schema":{"@context":"https:\/\/schema.org","@graph":[{"@type":"Article","@id":"https:\/\/canal7slp.tv\/2025\/disminuye-empleo-en-san-luis-potosi-admite-secretaria-del-trabajo\/#article","isPartOf":{"@id":"https:\/\/canal7slp.tv\/2025\/disminuye-empleo-en-san-luis-potosi-admite-secretaria-del-trabajo\/"},"author":{"name":"Edici\u00f3n Web","@id":"https:\/\/canal7slp.tv\/2025\/#\/schema\/person\/271e2b60a96e7cc9d9ac296f4d7e414b"},"headline":"Disminuye empleo en San Luis Potos\u00ed, admite Secretar\u00eda del Trabajo","datePublished":"2025-08-21T22:22:25+00:00","mainEntityOfPage":{"@id":"https:\/\/canal7slp.tv\/2025\/disminuye-empleo-en-san-luis-potosi-admite-secretaria-del-trabajo\/"},"wordCount":415,"publisher":{"@id":"https:\/\/canal7slp.tv\/2025\/#organization"},"image":{"@id":"https:\/\/canal7slp.tv\/2025\/disminuye-empleo-en-san-luis-potosi-admite-secretaria-del-trabajo\/#primaryimage"},"thumbnailUrl":"https:\/\/canal7slp.tv\/2025\/wp-content\/uploads\/2025\/08\/Vazquez02BajaEmpleos.jpg","articleSection":["DESTACADAS","GOBEDOSLP","LOCALES Y REGIONALES"],"inLanguage":"es"},{"@type":"WebPage","@id":"https:\/\/canal7slp.tv\/2025\/disminuye-empleo-en-san-luis-potosi-admite-secretaria-del-trabajo\/","url":"https:\/\/canal7slp.tv\/2025\/disminuye-empleo-en-san-luis-potosi-admite-secretaria-del-trabajo\/","name":"Disminuye empleo en San Luis Potos\u00ed, admite Secretar\u00eda del Trabajo - Canal 7 SLP - 2025","isPartOf":{"@id":"https:\/\/canal7slp.tv\/2025\/#website"},"primaryImageOfPage":{"@id":"https:\/\/canal7slp.tv\/2025\/disminuye-empleo-en-san-luis-potosi-admite-secretaria-del-trabajo\/#primaryimage"},"image":{"@id":"https:\/\/canal7slp.tv\/2025\/disminuye-empleo-en-san-luis-potosi-admite-secretaria-del-trabajo\/#primaryimage"},"thumbnailUrl":"https:\/\/canal7slp.tv\/2025\/wp-content\/uploads\/2025\/08\/Vazquez02BajaEmpleos.jpg","datePublished":"2025-08-21T22:22:25+00:00","breadcrumb":{"@id":"https:\/\/canal7slp.tv\/2025\/disminuye-empleo-en-san-luis-potosi-admite-secretaria-del-trabajo\/#breadcrumb"},"inLanguage":"es","potentialAction":[{"@type":"ReadAction","target":["https:\/\/canal7slp.tv\/2025\/disminuye-empleo-en-san-luis-potosi-admite-secretaria-del-trabajo\/"]}]},{"@type":"ImageObject","inLanguage":"es","@id":"https:\/\/canal7slp.tv\/2025\/disminuye-empleo-en-san-luis-potosi-admite-secretaria-del-trabajo\/#primaryimage","url":"https:\/\/canal7slp.tv\/2025\/wp-content\/uploads\/2025\/08\/Vazquez02BajaEmpleos.jpg","contentUrl":"https:\/\/canal7slp.tv\/2025\/wp-content\/uploads\/2025\/08\/Vazquez02BajaEmpleos.jpg","width":1280,"height":720},{"@type":"BreadcrumbList","@id":"https:\/\/canal7slp.tv\/2025\/disminuye-empleo-en-san-luis-potosi-admite-secretaria-del-trabajo\/#breadcrumb","itemListElement":[{"@type":"ListItem","position":1,"name":"Portada","item":"https:\/\/canal7slp.tv\/2025\/"},{"@type":"ListItem","position":2,"name":"Disminuye empleo en San Luis Potos\u00ed, admite Secretar\u00eda del Trabajo"}]},{"@type":"WebSite","@id":"https:\/\/canal7slp.tv\/2025\/#website","url":"https:\/\/canal7slp.tv\/2025\/","name":"N7 - Noticieros Canal 7","description":"Somos el Medio","publisher":{"@id":"https:\/\/canal7slp.tv\/2025\/#organization"},"potentialAction":[{"@type":"SearchAction","target":{"@type":"EntryPoint","urlTemplate":"https:\/\/canal7slp.tv\/2025\/?s={search_term_string}"},"query-input":{"@type":"PropertyValueSpecification","valueRequired":true,"valueName":"search_term_string"}}],"inLanguage":"es"},{"@type":"Organization","@id":"https:\/\/canal7slp.tv\/2025\/#organization","name":"Noticieros Canal 7","url":"https:\/\/canal7slp.tv\/2025\/","logo":{"@type":"ImageObject","inLanguage":"es","@id":"https:\/\/canal7slp.tv\/2025\/#\/schema\/logo\/image\/","url":"https:\/\/canal7slp.tv\/2025\/wp-content\/uploads\/2021\/01\/logo-noticieros@2x.png","contentUrl":"https:\/\/canal7slp.tv\/2025\/wp-content\/uploads\/2021\/01\/logo-noticieros@2x.png","width":1017,"height":268,"caption":"Noticieros Canal 7"},"image":{"@id":"https:\/\/canal7slp.tv\/2025\/#\/schema\/logo\/image\/"},"sameAs":["https:\/\/www.facebook.com\/noticieroscanal7atencionciudadana\/","https:\/\/x.com\/NOTICIEROS7","https:\/\/www.instagram.com\/canal7_slp","https:\/\/www.youtube.com\/channel\/UCliiYs-gP3JfJeqdPrNdd5A"]},{"@type":"Person","@id":"https:\/\/canal7slp.tv\/2025\/#\/schema\/person\/271e2b60a96e7cc9d9ac296f4d7e414b","name":"Edici\u00f3n Web","image":{"@type":"ImageObject","inLanguage":"es","@id":"https:\/\/secure.gravatar.com\/avatar\/eee448fc3f7164808013b816ba91ac7e43bbe82a70bebac296f8bc6f0addaa1a?s=96&d=mm&r=g","url":"https:\/\/secure.gravatar.com\/avatar\/eee448fc3f7164808013b816ba91ac7e43bbe82a70bebac296f8bc6f0addaa1a?s=96&d=mm&r=g","contentUrl":"https:\/\/secure.gravatar.com\/avatar\/eee448fc3f7164808013b816ba91ac7e43bbe82a70bebac296f8bc6f0addaa1a?s=96&d=mm&r=g","caption":"Edici\u00f3n Web"},"url":"https:\/\/canal7slp.tv\/2025\/author\/edicionweb\/"}]}},"_links":{"self":[{"href":"https:\/\/canal7slp.tv\/2025\/wp-json\/wp\/v2\/posts\/177224","targetHints":{"allow":["GET"]}}],"collection":[{"href":"https:\/\/canal7slp.tv\/2025\/wp-json\/wp\/v2\/posts"}],"about":[{"href":"https:\/\/canal7slp.tv\/2025\/wp-json\/wp\/v2\/types\/post"}],"author":[{"embeddable":true,"href":"https:\/\/canal7slp.tv\/2025\/wp-json\/wp\/v2\/users\/2"}],"replies":[{"embeddable":true,"href":"https:\/\/canal7slp.tv\/2025\/wp-json\/wp\/v2\/comments?post=177224"}],"version-history":[{"count":1,"href":"https:\/\/canal7slp.tv\/2025\/wp-json\/wp\/v2\/posts\/177224\/revisions"}],"predecessor-version":[{"id":177226,"href":"https:\/\/canal7slp.tv\/2025\/wp-json\/wp\/v2\/posts\/177224\/revisions\/177226"}],"wp:featuredmedia":[{"embeddable":true,"href":"https:\/\/canal7slp.tv\/2025\/wp-json\/wp\/v2\/media\/177227"}],"wp:attachment":[{"href":"https:\/\/canal7slp.tv\/2025\/wp-json\/wp\/v2\/media?parent=177224"}],"wp:term":[{"taxonomy":"category","embeddable":true,"href":"https:\/\/canal7slp.tv\/2025\/wp-json\/wp\/v2\/categories?post=177224"},{"taxonomy":"post_tag","embeddable":true,"href":"https:\/\/canal7slp.tv\/2025\/wp-json\/wp\/v2\/tags?post=177224"}],"curies":[{"name":"wp","href":"https:\/\/api.w.org\/{rel}","templated":true}]}}