{"id":177220,"date":"2025-08-21T16:12:14","date_gmt":"2025-08-21T22:12:14","guid":{"rendered":"https:\/\/canal7slp.tv\/2025\/?p=177220"},"modified":"2025-08-21T16:12:14","modified_gmt":"2025-08-21T22:12:14","slug":"en-proximos-dias-se-normalizara-el-abasto-de-medicamentos-en-hospitales-de-slp-gallardo","status":"publish","type":"post","link":"https:\/\/canal7slp.tv\/2025\/en-proximos-dias-se-normalizara-el-abasto-de-medicamentos-en-hospitales-de-slp-gallardo\/","title":{"rendered":"En pr\u00f3ximos d\u00edas se normalizar\u00e1 el abasto de medicamentos en hospitales de SLP: Gallardo"},"content":{"rendered":"<p style=\"text-align: justify;\">SLP:- El Gobierno del Estado inform\u00f3 que con el inicio de las llamadas \u201crutas de la salud\u201d, se normalizar\u00e1 la distribuci\u00f3n de insumos m\u00e9dicos y con ello la falta de medicamentos en hospitales de las cuatro regiones de San Luis Potos\u00ed.<\/p>\n<p style=\"text-align: justify;\">\u201cArrancaron las rutas de la salud, hay que recordar que todo el abastecimiento de medicamentos lo hace el Gobierno Federal, a veces nosotros nos preocupamos mucho porque no hay medicamentos en los centros de salud\u201d, declar\u00f3 el mandatario, Ricardo Gallardo Cardona.<\/p>\n<p style=\"text-align: justify;\">Se\u00f1al\u00f3 que, tras la transferencia del sistema de salud al programa IMSS-Bienestar, la administraci\u00f3n estatal ya no dispone de recursos propios para la compra ni de infraestructura propia para el reparto.<\/p>\n<p style=\"text-align: justify;\">\u201cNos lo piden a nosotros, pero nosotros ya no tenemos ni el presupuesto ni veh\u00edculos ni hospitales porque todo se entreg\u00f3 al IMSS Bienestar\u201d, aclar\u00f3.<\/p>\n<p style=\"text-align: justify;\">Las nuevas rutas contemplan la movilizaci\u00f3n de unidades para llevar medicamentos a m\u00e1s de 200 centros de salud en la entidad.<\/p>\n<p style=\"text-align: justify;\">\u201cSalieron 15 rutas, m\u00e1s de 30 camionetas, m\u00e1s de medio mill\u00f3n de medicamentos, se van a entregar a 216 centros de salud en las cuatro zonas del estado\u201d, precis\u00f3.<\/p>\n<p style=\"text-align: justify;\">Gallardo Cardona asegur\u00f3 que con esta medida se normalizar\u00e1 el suministro, lo que permitir\u00e1 reforzar la atenci\u00f3n m\u00e9dica en comunidades y zonas urbanas.<\/p>\n<p style=\"text-align: justify;\">\u201cCon esto queda resuelto el tema del abasto de medicamento, entonces, contentos de acompa\u00f1ar a la presidenta como siempre se los he dicho, nos llevamos muy bien, trabajamos de la mano en todos los temas, no nada m\u00e1s de salud sino de infraestructura o educaci\u00f3n\u201d, concluy\u00f3.<\/p>\n<p style=\"text-align: justify;\">Por: Jos\u00e9 Luis V\u00e1zquez<\/p>\n","protected":false},"excerpt":{"rendered":"<p>SLP:- El Gobierno del Estado inform\u00f3 que con el inicio de las llamadas \u201crutas de la salud\u201d, se normalizar\u00e1 la distribuci\u00f3n de insumos m\u00e9dicos y con ello la falta de medicamentos en hospitales de las cuatro regiones de San Luis Potos\u00ed. \u201cArrancaron las rutas de la salud, hay que recordar que todo el abastecimiento de medicamentos lo hace el Gobierno Federal, a veces nosotros nos preocupamos mucho porque no hay medicamentos en los centros de salud\u201d, declar\u00f3 el mandatario, Ricardo Gallardo Cardona. Se\u00f1al\u00f3 que, tras la transferencia del sistema de salud al programa IMSS-Bienestar, la administraci\u00f3n estatal ya no dispone [&hellip;]<\/p>\n","protected":false},"author":2,"featured_media":177222,"comment_status":"closed","ping_status":"closed","sticky":false,"template":"","format":"video","meta":{"_monsterinsights_skip_tracking":false,"_monsterinsights_sitenote_active":false,"_monsterinsights_sitenote_note":"","_monsterinsights_sitenote_category":0,"footnotes":""},"categories":[5,510,45],"tags":[],"class_list":["post-177220","post","type-post","status-publish","format-video","has-post-thumbnail","hentry","category-destacadas","category-gobedoslp","category-localesyregionales","post_format-post-format-video","post--single"],"yoast_head":"<!-- This site is optimized with the Yoast SEO plugin v27.5 - https:\/\/yoast.com\/product\/yoast-seo-wordpress\/ -->\n<title>En pr\u00f3ximos d\u00edas se normalizar\u00e1 el abasto de medicamentos en hospitales de SLP: Gallardo - Canal 7 SLP - 2025<\/title>\n<meta name=\"robots\" content=\"index, follow, max-snippet:-1, max-image-preview:large, max-video-preview:-1\" \/>\n<link rel=\"canonical\" href=\"https:\/\/canal7slp.tv\/2025\/en-proximos-dias-se-normalizara-el-abasto-de-medicamentos-en-hospitales-de-slp-gallardo\/\" \/>\n<meta property=\"og:locale\" content=\"es_ES\" \/>\n<meta property=\"og:type\" content=\"article\" \/>\n<meta property=\"og:title\" content=\"En pr\u00f3ximos d\u00edas se normalizar\u00e1 el abasto de medicamentos en hospitales de SLP: Gallardo - Canal 7 SLP - 2025\" \/>\n<meta property=\"og:description\" content=\"SLP:- El Gobierno del Estado inform\u00f3 que con el inicio de las llamadas \u201crutas de la salud\u201d, se normalizar\u00e1 la distribuci\u00f3n de insumos m\u00e9dicos y con ello la falta de medicamentos en hospitales de las cuatro regiones de San Luis Potos\u00ed. \u201cArrancaron las rutas de la salud, hay que recordar que todo el abastecimiento de medicamentos lo hace el Gobierno Federal, a veces nosotros nos preocupamos mucho porque no hay medicamentos en los centros de salud\u201d, declar\u00f3 el mandatario, Ricardo Gallardo Cardona. Se\u00f1al\u00f3 que, tras la transferencia del sistema de salud al programa IMSS-Bienestar, la administraci\u00f3n estatal ya no dispone [&hellip;]\" \/>\n<meta property=\"og:url\" content=\"https:\/\/canal7slp.tv\/2025\/en-proximos-dias-se-normalizara-el-abasto-de-medicamentos-en-hospitales-de-slp-gallardo\/\" \/>\n<meta property=\"og:site_name\" content=\"Canal 7 SLP - 2025\" \/>\n<meta property=\"article:publisher\" content=\"https:\/\/www.facebook.com\/noticieroscanal7atencionciudadana\/\" \/>\n<meta property=\"article:published_time\" content=\"2025-08-21T22:12:14+00:00\" \/>\n<meta property=\"og:image\" content=\"https:\/\/canal7slp.tv\/2025\/wp-content\/uploads\/2025\/08\/Vazquez01AbastoMedicamentos.jpg\" \/>\n\t<meta property=\"og:image:width\" content=\"1280\" \/>\n\t<meta property=\"og:image:height\" content=\"720\" \/>\n\t<meta property=\"og:image:type\" content=\"image\/jpeg\" \/>\n<meta name=\"author\" content=\"Edici\u00f3n Web\" \/>\n<meta name=\"twitter:card\" content=\"summary_large_image\" \/>\n<meta name=\"twitter:creator\" content=\"@NOTICIEROS7\" \/>\n<meta name=\"twitter:site\" content=\"@NOTICIEROS7\" \/>\n<meta name=\"twitter:label1\" content=\"Escrito por\" \/>\n\t<meta name=\"twitter:data1\" content=\"Edici\u00f3n Web\" \/>\n\t<meta name=\"twitter:label2\" content=\"Tiempo de lectura\" \/>\n\t<meta name=\"twitter:data2\" content=\"2 minutos\" \/>\n<script type=\"application\/ld+json\" class=\"yoast-schema-graph\">{\"@context\":\"https:\\\/\\\/schema.org\",\"@graph\":[{\"@type\":\"Article\",\"@id\":\"https:\\\/\\\/canal7slp.tv\\\/2025\\\/en-proximos-dias-se-normalizara-el-abasto-de-medicamentos-en-hospitales-de-slp-gallardo\\\/#article\",\"isPartOf\":{\"@id\":\"https:\\\/\\\/canal7slp.tv\\\/2025\\\/en-proximos-dias-se-normalizara-el-abasto-de-medicamentos-en-hospitales-de-slp-gallardo\\\/\"},\"author\":{\"name\":\"Edici\u00f3n Web\",\"@id\":\"https:\\\/\\\/canal7slp.tv\\\/2025\\\/#\\\/schema\\\/person\\\/271e2b60a96e7cc9d9ac296f4d7e414b\"},\"headline\":\"En pr\u00f3ximos d\u00edas se normalizar\u00e1 el abasto de medicamentos en hospitales de SLP: Gallardo\",\"datePublished\":\"2025-08-21T22:12:14+00:00\",\"mainEntityOfPage\":{\"@id\":\"https:\\\/\\\/canal7slp.tv\\\/2025\\\/en-proximos-dias-se-normalizara-el-abasto-de-medicamentos-en-hospitales-de-slp-gallardo\\\/\"},\"wordCount\":290,\"publisher\":{\"@id\":\"https:\\\/\\\/canal7slp.tv\\\/2025\\\/#organization\"},\"image\":{\"@id\":\"https:\\\/\\\/canal7slp.tv\\\/2025\\\/en-proximos-dias-se-normalizara-el-abasto-de-medicamentos-en-hospitales-de-slp-gallardo\\\/#primaryimage\"},\"thumbnailUrl\":\"https:\\\/\\\/canal7slp.tv\\\/2025\\\/wp-content\\\/uploads\\\/2025\\\/08\\\/Vazquez01AbastoMedicamentos.jpg\",\"articleSection\":[\"DESTACADAS\",\"GOBEDOSLP\",\"LOCALES Y REGIONALES\"],\"inLanguage\":\"es\"},{\"@type\":\"WebPage\",\"@id\":\"https:\\\/\\\/canal7slp.tv\\\/2025\\\/en-proximos-dias-se-normalizara-el-abasto-de-medicamentos-en-hospitales-de-slp-gallardo\\\/\",\"url\":\"https:\\\/\\\/canal7slp.tv\\\/2025\\\/en-proximos-dias-se-normalizara-el-abasto-de-medicamentos-en-hospitales-de-slp-gallardo\\\/\",\"name\":\"En pr\u00f3ximos d\u00edas se normalizar\u00e1 el abasto de medicamentos en hospitales de SLP: Gallardo - Canal 7 SLP - 2025\",\"isPartOf\":{\"@id\":\"https:\\\/\\\/canal7slp.tv\\\/2025\\\/#website\"},\"primaryImageOfPage\":{\"@id\":\"https:\\\/\\\/canal7slp.tv\\\/2025\\\/en-proximos-dias-se-normalizara-el-abasto-de-medicamentos-en-hospitales-de-slp-gallardo\\\/#primaryimage\"},\"image\":{\"@id\":\"https:\\\/\\\/canal7slp.tv\\\/2025\\\/en-proximos-dias-se-normalizara-el-abasto-de-medicamentos-en-hospitales-de-slp-gallardo\\\/#primaryimage\"},\"thumbnailUrl\":\"https:\\\/\\\/canal7slp.tv\\\/2025\\\/wp-content\\\/uploads\\\/2025\\\/08\\\/Vazquez01AbastoMedicamentos.jpg\",\"datePublished\":\"2025-08-21T22:12:14+00:00\",\"breadcrumb\":{\"@id\":\"https:\\\/\\\/canal7slp.tv\\\/2025\\\/en-proximos-dias-se-normalizara-el-abasto-de-medicamentos-en-hospitales-de-slp-gallardo\\\/#breadcrumb\"},\"inLanguage\":\"es\",\"potentialAction\":[{\"@type\":\"ReadAction\",\"target\":[\"https:\\\/\\\/canal7slp.tv\\\/2025\\\/en-proximos-dias-se-normalizara-el-abasto-de-medicamentos-en-hospitales-de-slp-gallardo\\\/\"]}]},{\"@type\":\"ImageObject\",\"inLanguage\":\"es\",\"@id\":\"https:\\\/\\\/canal7slp.tv\\\/2025\\\/en-proximos-dias-se-normalizara-el-abasto-de-medicamentos-en-hospitales-de-slp-gallardo\\\/#primaryimage\",\"url\":\"https:\\\/\\\/canal7slp.tv\\\/2025\\\/wp-content\\\/uploads\\\/2025\\\/08\\\/Vazquez01AbastoMedicamentos.jpg\",\"contentUrl\":\"https:\\\/\\\/canal7slp.tv\\\/2025\\\/wp-content\\\/uploads\\\/2025\\\/08\\\/Vazquez01AbastoMedicamentos.jpg\",\"width\":1280,\"height\":720},{\"@type\":\"BreadcrumbList\",\"@id\":\"https:\\\/\\\/canal7slp.tv\\\/2025\\\/en-proximos-dias-se-normalizara-el-abasto-de-medicamentos-en-hospitales-de-slp-gallardo\\\/#breadcrumb\",\"itemListElement\":[{\"@type\":\"ListItem\",\"position\":1,\"name\":\"Portada\",\"item\":\"https:\\\/\\\/canal7slp.tv\\\/2025\\\/\"},{\"@type\":\"ListItem\",\"position\":2,\"name\":\"En pr\u00f3ximos d\u00edas se normalizar\u00e1 el abasto de medicamentos en hospitales de SLP: Gallardo\"}]},{\"@type\":\"WebSite\",\"@id\":\"https:\\\/\\\/canal7slp.tv\\\/2025\\\/#website\",\"url\":\"https:\\\/\\\/canal7slp.tv\\\/2025\\\/\",\"name\":\"N7 - Noticieros Canal 7\",\"description\":\"Somos el Medio\",\"publisher\":{\"@id\":\"https:\\\/\\\/canal7slp.tv\\\/2025\\\/#organization\"},\"potentialAction\":[{\"@type\":\"SearchAction\",\"target\":{\"@type\":\"EntryPoint\",\"urlTemplate\":\"https:\\\/\\\/canal7slp.tv\\\/2025\\\/?s={search_term_string}\"},\"query-input\":{\"@type\":\"PropertyValueSpecification\",\"valueRequired\":true,\"valueName\":\"search_term_string\"}}],\"inLanguage\":\"es\"},{\"@type\":\"Organization\",\"@id\":\"https:\\\/\\\/canal7slp.tv\\\/2025\\\/#organization\",\"name\":\"Noticieros Canal 7\",\"url\":\"https:\\\/\\\/canal7slp.tv\\\/2025\\\/\",\"logo\":{\"@type\":\"ImageObject\",\"inLanguage\":\"es\",\"@id\":\"https:\\\/\\\/canal7slp.tv\\\/2025\\\/#\\\/schema\\\/logo\\\/image\\\/\",\"url\":\"https:\\\/\\\/canal7slp.tv\\\/2025\\\/wp-content\\\/uploads\\\/2021\\\/01\\\/logo-noticieros@2x.png\",\"contentUrl\":\"https:\\\/\\\/canal7slp.tv\\\/2025\\\/wp-content\\\/uploads\\\/2021\\\/01\\\/logo-noticieros@2x.png\",\"width\":1017,\"height\":268,\"caption\":\"Noticieros Canal 7\"},\"image\":{\"@id\":\"https:\\\/\\\/canal7slp.tv\\\/2025\\\/#\\\/schema\\\/logo\\\/image\\\/\"},\"sameAs\":[\"https:\\\/\\\/www.facebook.com\\\/noticieroscanal7atencionciudadana\\\/\",\"https:\\\/\\\/x.com\\\/NOTICIEROS7\",\"https:\\\/\\\/www.instagram.com\\\/canal7_slp\",\"https:\\\/\\\/www.youtube.com\\\/channel\\\/UCliiYs-gP3JfJeqdPrNdd5A\"]},{\"@type\":\"Person\",\"@id\":\"https:\\\/\\\/canal7slp.tv\\\/2025\\\/#\\\/schema\\\/person\\\/271e2b60a96e7cc9d9ac296f4d7e414b\",\"name\":\"Edici\u00f3n Web\",\"image\":{\"@type\":\"ImageObject\",\"inLanguage\":\"es\",\"@id\":\"https:\\\/\\\/secure.gravatar.com\\\/avatar\\\/eee448fc3f7164808013b816ba91ac7e43bbe82a70bebac296f8bc6f0addaa1a?s=96&d=mm&r=g\",\"url\":\"https:\\\/\\\/secure.gravatar.com\\\/avatar\\\/eee448fc3f7164808013b816ba91ac7e43bbe82a70bebac296f8bc6f0addaa1a?s=96&d=mm&r=g\",\"contentUrl\":\"https:\\\/\\\/secure.gravatar.com\\\/avatar\\\/eee448fc3f7164808013b816ba91ac7e43bbe82a70bebac296f8bc6f0addaa1a?s=96&d=mm&r=g\",\"caption\":\"Edici\u00f3n Web\"},\"url\":\"https:\\\/\\\/canal7slp.tv\\\/2025\\\/author\\\/edicionweb\\\/\"}]}<\/script>\n<!-- \/ Yoast SEO plugin. -->","yoast_head_json":{"title":"En pr\u00f3ximos d\u00edas se normalizar\u00e1 el abasto de medicamentos en hospitales de SLP: Gallardo - Canal 7 SLP - 2025","robots":{"index":"index","follow":"follow","max-snippet":"max-snippet:-1","max-image-preview":"max-image-preview:large","max-video-preview":"max-video-preview:-1"},"canonical":"https:\/\/canal7slp.tv\/2025\/en-proximos-dias-se-normalizara-el-abasto-de-medicamentos-en-hospitales-de-slp-gallardo\/","og_locale":"es_ES","og_type":"article","og_title":"En pr\u00f3ximos d\u00edas se normalizar\u00e1 el abasto de medicamentos en hospitales de SLP: Gallardo - Canal 7 SLP - 2025","og_description":"SLP:- El Gobierno del Estado inform\u00f3 que con el inicio de las llamadas \u201crutas de la salud\u201d, se normalizar\u00e1 la distribuci\u00f3n de insumos m\u00e9dicos y con ello la falta de medicamentos en hospitales de las cuatro regiones de San Luis Potos\u00ed. \u201cArrancaron las rutas de la salud, hay que recordar que todo el abastecimiento de medicamentos lo hace el Gobierno Federal, a veces nosotros nos preocupamos mucho porque no hay medicamentos en los centros de salud\u201d, declar\u00f3 el mandatario, Ricardo Gallardo Cardona. Se\u00f1al\u00f3 que, tras la transferencia del sistema de salud al programa IMSS-Bienestar, la administraci\u00f3n estatal ya no dispone [&hellip;]","og_url":"https:\/\/canal7slp.tv\/2025\/en-proximos-dias-se-normalizara-el-abasto-de-medicamentos-en-hospitales-de-slp-gallardo\/","og_site_name":"Canal 7 SLP - 2025","article_publisher":"https:\/\/www.facebook.com\/noticieroscanal7atencionciudadana\/","article_published_time":"2025-08-21T22:12:14+00:00","og_image":[{"width":1280,"height":720,"url":"https:\/\/canal7slp.tv\/2025\/wp-content\/uploads\/2025\/08\/Vazquez01AbastoMedicamentos.jpg","type":"image\/jpeg"}],"author":"Edici\u00f3n Web","twitter_card":"summary_large_image","twitter_creator":"@NOTICIEROS7","twitter_site":"@NOTICIEROS7","twitter_misc":{"Escrito por":"Edici\u00f3n Web","Tiempo de lectura":"2 minutos"},"schema":{"@context":"https:\/\/schema.org","@graph":[{"@type":"Article","@id":"https:\/\/canal7slp.tv\/2025\/en-proximos-dias-se-normalizara-el-abasto-de-medicamentos-en-hospitales-de-slp-gallardo\/#article","isPartOf":{"@id":"https:\/\/canal7slp.tv\/2025\/en-proximos-dias-se-normalizara-el-abasto-de-medicamentos-en-hospitales-de-slp-gallardo\/"},"author":{"name":"Edici\u00f3n Web","@id":"https:\/\/canal7slp.tv\/2025\/#\/schema\/person\/271e2b60a96e7cc9d9ac296f4d7e414b"},"headline":"En pr\u00f3ximos d\u00edas se normalizar\u00e1 el abasto de medicamentos en hospitales de SLP: Gallardo","datePublished":"2025-08-21T22:12:14+00:00","mainEntityOfPage":{"@id":"https:\/\/canal7slp.tv\/2025\/en-proximos-dias-se-normalizara-el-abasto-de-medicamentos-en-hospitales-de-slp-gallardo\/"},"wordCount":290,"publisher":{"@id":"https:\/\/canal7slp.tv\/2025\/#organization"},"image":{"@id":"https:\/\/canal7slp.tv\/2025\/en-proximos-dias-se-normalizara-el-abasto-de-medicamentos-en-hospitales-de-slp-gallardo\/#primaryimage"},"thumbnailUrl":"https:\/\/canal7slp.tv\/2025\/wp-content\/uploads\/2025\/08\/Vazquez01AbastoMedicamentos.jpg","articleSection":["DESTACADAS","GOBEDOSLP","LOCALES Y REGIONALES"],"inLanguage":"es"},{"@type":"WebPage","@id":"https:\/\/canal7slp.tv\/2025\/en-proximos-dias-se-normalizara-el-abasto-de-medicamentos-en-hospitales-de-slp-gallardo\/","url":"https:\/\/canal7slp.tv\/2025\/en-proximos-dias-se-normalizara-el-abasto-de-medicamentos-en-hospitales-de-slp-gallardo\/","name":"En pr\u00f3ximos d\u00edas se normalizar\u00e1 el abasto de medicamentos en hospitales de SLP: Gallardo - Canal 7 SLP - 2025","isPartOf":{"@id":"https:\/\/canal7slp.tv\/2025\/#website"},"primaryImageOfPage":{"@id":"https:\/\/canal7slp.tv\/2025\/en-proximos-dias-se-normalizara-el-abasto-de-medicamentos-en-hospitales-de-slp-gallardo\/#primaryimage"},"image":{"@id":"https:\/\/canal7slp.tv\/2025\/en-proximos-dias-se-normalizara-el-abasto-de-medicamentos-en-hospitales-de-slp-gallardo\/#primaryimage"},"thumbnailUrl":"https:\/\/canal7slp.tv\/2025\/wp-content\/uploads\/2025\/08\/Vazquez01AbastoMedicamentos.jpg","datePublished":"2025-08-21T22:12:14+00:00","breadcrumb":{"@id":"https:\/\/canal7slp.tv\/2025\/en-proximos-dias-se-normalizara-el-abasto-de-medicamentos-en-hospitales-de-slp-gallardo\/#breadcrumb"},"inLanguage":"es","potentialAction":[{"@type":"ReadAction","target":["https:\/\/canal7slp.tv\/2025\/en-proximos-dias-se-normalizara-el-abasto-de-medicamentos-en-hospitales-de-slp-gallardo\/"]}]},{"@type":"ImageObject","inLanguage":"es","@id":"https:\/\/canal7slp.tv\/2025\/en-proximos-dias-se-normalizara-el-abasto-de-medicamentos-en-hospitales-de-slp-gallardo\/#primaryimage","url":"https:\/\/canal7slp.tv\/2025\/wp-content\/uploads\/2025\/08\/Vazquez01AbastoMedicamentos.jpg","contentUrl":"https:\/\/canal7slp.tv\/2025\/wp-content\/uploads\/2025\/08\/Vazquez01AbastoMedicamentos.jpg","width":1280,"height":720},{"@type":"BreadcrumbList","@id":"https:\/\/canal7slp.tv\/2025\/en-proximos-dias-se-normalizara-el-abasto-de-medicamentos-en-hospitales-de-slp-gallardo\/#breadcrumb","itemListElement":[{"@type":"ListItem","position":1,"name":"Portada","item":"https:\/\/canal7slp.tv\/2025\/"},{"@type":"ListItem","position":2,"name":"En pr\u00f3ximos d\u00edas se normalizar\u00e1 el abasto de medicamentos en hospitales de SLP: Gallardo"}]},{"@type":"WebSite","@id":"https:\/\/canal7slp.tv\/2025\/#website","url":"https:\/\/canal7slp.tv\/2025\/","name":"N7 - Noticieros Canal 7","description":"Somos el Medio","publisher":{"@id":"https:\/\/canal7slp.tv\/2025\/#organization"},"potentialAction":[{"@type":"SearchAction","target":{"@type":"EntryPoint","urlTemplate":"https:\/\/canal7slp.tv\/2025\/?s={search_term_string}"},"query-input":{"@type":"PropertyValueSpecification","valueRequired":true,"valueName":"search_term_string"}}],"inLanguage":"es"},{"@type":"Organization","@id":"https:\/\/canal7slp.tv\/2025\/#organization","name":"Noticieros Canal 7","url":"https:\/\/canal7slp.tv\/2025\/","logo":{"@type":"ImageObject","inLanguage":"es","@id":"https:\/\/canal7slp.tv\/2025\/#\/schema\/logo\/image\/","url":"https:\/\/canal7slp.tv\/2025\/wp-content\/uploads\/2021\/01\/logo-noticieros@2x.png","contentUrl":"https:\/\/canal7slp.tv\/2025\/wp-content\/uploads\/2021\/01\/logo-noticieros@2x.png","width":1017,"height":268,"caption":"Noticieros Canal 7"},"image":{"@id":"https:\/\/canal7slp.tv\/2025\/#\/schema\/logo\/image\/"},"sameAs":["https:\/\/www.facebook.com\/noticieroscanal7atencionciudadana\/","https:\/\/x.com\/NOTICIEROS7","https:\/\/www.instagram.com\/canal7_slp","https:\/\/www.youtube.com\/channel\/UCliiYs-gP3JfJeqdPrNdd5A"]},{"@type":"Person","@id":"https:\/\/canal7slp.tv\/2025\/#\/schema\/person\/271e2b60a96e7cc9d9ac296f4d7e414b","name":"Edici\u00f3n Web","image":{"@type":"ImageObject","inLanguage":"es","@id":"https:\/\/secure.gravatar.com\/avatar\/eee448fc3f7164808013b816ba91ac7e43bbe82a70bebac296f8bc6f0addaa1a?s=96&d=mm&r=g","url":"https:\/\/secure.gravatar.com\/avatar\/eee448fc3f7164808013b816ba91ac7e43bbe82a70bebac296f8bc6f0addaa1a?s=96&d=mm&r=g","contentUrl":"https:\/\/secure.gravatar.com\/avatar\/eee448fc3f7164808013b816ba91ac7e43bbe82a70bebac296f8bc6f0addaa1a?s=96&d=mm&r=g","caption":"Edici\u00f3n Web"},"url":"https:\/\/canal7slp.tv\/2025\/author\/edicionweb\/"}]}},"_links":{"self":[{"href":"https:\/\/canal7slp.tv\/2025\/wp-json\/wp\/v2\/posts\/177220","targetHints":{"allow":["GET"]}}],"collection":[{"href":"https:\/\/canal7slp.tv\/2025\/wp-json\/wp\/v2\/posts"}],"about":[{"href":"https:\/\/canal7slp.tv\/2025\/wp-json\/wp\/v2\/types\/post"}],"author":[{"embeddable":true,"href":"https:\/\/canal7slp.tv\/2025\/wp-json\/wp\/v2\/users\/2"}],"replies":[{"embeddable":true,"href":"https:\/\/canal7slp.tv\/2025\/wp-json\/wp\/v2\/comments?post=177220"}],"version-history":[{"count":1,"href":"https:\/\/canal7slp.tv\/2025\/wp-json\/wp\/v2\/posts\/177220\/revisions"}],"predecessor-version":[{"id":177223,"href":"https:\/\/canal7slp.tv\/2025\/wp-json\/wp\/v2\/posts\/177220\/revisions\/177223"}],"wp:featuredmedia":[{"embeddable":true,"href":"https:\/\/canal7slp.tv\/2025\/wp-json\/wp\/v2\/media\/177222"}],"wp:attachment":[{"href":"https:\/\/canal7slp.tv\/2025\/wp-json\/wp\/v2\/media?parent=177220"}],"wp:term":[{"taxonomy":"category","embeddable":true,"href":"https:\/\/canal7slp.tv\/2025\/wp-json\/wp\/v2\/categories?post=177220"},{"taxonomy":"post_tag","embeddable":true,"href":"https:\/\/canal7slp.tv\/2025\/wp-json\/wp\/v2\/tags?post=177220"}],"curies":[{"name":"wp","href":"https:\/\/api.w.org\/{rel}","templated":true}]}}