{"id":177171,"date":"2025-08-21T08:09:42","date_gmt":"2025-08-21T14:09:42","guid":{"rendered":"https:\/\/canal7slp.tv\/2025\/?p=177171"},"modified":"2025-08-21T08:09:42","modified_gmt":"2025-08-21T14:09:42","slug":"reduce-carencia-energetica-es-un-acto-de-justicia-sener","status":"publish","type":"post","link":"https:\/\/canal7slp.tv\/2025\/reduce-carencia-energetica-es-un-acto-de-justicia-sener\/","title":{"rendered":"Reduce carencia energ\u00e9tica; es un acto de justicia: SENER"},"content":{"rendered":"<p><span style=\"font-size: 1.21429rem;\">SLP.- El modelo humanista de la Cuarta Transformaci\u00f3n produce resultados que pueden medirse.<\/span><\/p>\n<p>Por ejemplo, con la Encuesta Nacional de Ingreso y Gasto de los Hogares (ENIGH) 2024.<\/p>\n<p>Se tratar\u00eda de un vasto estudio realizado por el Instituto Nacional de Estad\u00edstica y Geograf\u00eda (INEGI) entre 2018 y 2024.<\/p>\n<p>Arroja que m\u00e1s de 13.4 millones de personas salieron de la pobreza -lo que representa 29.6% de la poblaci\u00f3n-.<\/p>\n<p>Al respecto reflexiona la titular de la Secretar\u00eda de Energ\u00eda (SENER) Luz Elena Gonz\u00e1lez Escobar.<\/p>\n<p>Sostuvo que M\u00e9xico ha dejado de producir condiciones de pobreza.<\/p>\n<p>Dentro del cambio, afirm\u00f3 que la reducci\u00f3n, tambi\u00e9n se refleja por concepto de pobreza energ\u00e9tica.<\/p>\n<p>Fue indicado que hoy 184 mil personas adicionales cuentan con acceso a electricidad en su vivienda.<\/p>\n<p>Ello implica una reducci\u00f3n de 37.5% respecto carencia de energ\u00eda el\u00e9ctrica y especialmente en quienes viven en los lugares m\u00e1s apartados del pa\u00eds.<\/p>\n<p>Relat\u00f3 que el avance es vital porque la luz en el hogar no solo genera comodidad, sino permite realizar actividades esenciales -como mantener frescos alimentos, trabajar en casa, hacer tarea, tener acceso a informaci\u00f3n y refrescarse en temporada de calor-.<\/p>\n<p>Gonz\u00e1lez Escobar record\u00f3 que la justicia energ\u00e9tica se traduce en mejorar la existencia de la gente.<\/p>\n<p>Explic\u00f3 que la reducci\u00f3n de la pobreza energ\u00e9tica no debe verse de manera aislada, pues no es casual que la pinza -salarios en ascenso y precios bajos en la energ\u00eda el\u00e9ctrica- act\u00faen unidos para mejorar vidas.<\/p>\n<p>Asever\u00f3 que el dinero de los hogares rinde m\u00e1s, con el argumento de que en el pa\u00eds ya se controlan los recursos energ\u00e9ticos.<\/p>\n<p>De ah\u00ed que profundiz\u00f3 en el concepto de \u201csoberan\u00eda energ\u00e9tica\u201d. Dijo que no se refiere a un ideal abstracto, sino en la condici\u00f3n para que la energ\u00eda se distribuya y llegue a quienes m\u00e1s le necesitan.<\/p>\n<p>Hizo \u00e9nfasis en que electricidad y combustibles no son mercanc\u00edas cualquiera, sino bienes estrat\u00e9gicos que determinan calidad de vida y bienestar del pa\u00eds.<\/p>\n<p>Luz Elena Gonz\u00e1lez Escobar concluy\u00f3 que construir y consolidar un modelo energ\u00e9tico soberano es tambi\u00e9n justicia social.<\/p>\n<p>As\u00ed se refiri\u00f3 al papel de Petr\u00f3leos Mexicanos (PEMEX) y Comisi\u00f3n Federal de Electricidad, como aquellos \u00f3rganos que confirman car\u00e1cter estrat\u00e9gico e insustituible.<\/p>\n<p>Dijo que derivado de la planeaci\u00f3n, se desarrolla una pol\u00edtica de precios de combustibles orientada a proteger el bolsillo de las familias.<\/p>\n<p>Por: Paulina Rodr\u00edguez<\/p>\n","protected":false},"excerpt":{"rendered":"<p>SLP.- El modelo humanista de la Cuarta Transformaci\u00f3n produce resultados que pueden medirse. Por ejemplo, con la Encuesta Nacional de Ingreso y Gasto de los Hogares (ENIGH) 2024. Se tratar\u00eda de un vasto estudio realizado por el Instituto Nacional de Estad\u00edstica y Geograf\u00eda (INEGI) entre 2018 y 2024. Arroja que m\u00e1s de 13.4 millones de personas salieron de la pobreza -lo que representa 29.6% de la poblaci\u00f3n-. Al respecto reflexiona la titular de la Secretar\u00eda de Energ\u00eda (SENER) Luz Elena Gonz\u00e1lez Escobar. Sostuvo que M\u00e9xico ha dejado de producir condiciones de pobreza. Dentro del cambio, afirm\u00f3 que la reducci\u00f3n, tambi\u00e9n [&hellip;]<\/p>\n","protected":false},"author":2,"featured_media":177172,"comment_status":"closed","ping_status":"closed","sticky":false,"template":"","format":"video","meta":{"_monsterinsights_skip_tracking":false,"_monsterinsights_sitenote_active":false,"_monsterinsights_sitenote_note":"","_monsterinsights_sitenote_category":0,"footnotes":""},"categories":[5,45],"tags":[],"class_list":["post-177171","post","type-post","status-publish","format-video","has-post-thumbnail","hentry","category-destacadas","category-localesyregionales","post_format-post-format-video","post--single"],"yoast_head":"<!-- This site is optimized with the Yoast SEO plugin v27.5 - https:\/\/yoast.com\/product\/yoast-seo-wordpress\/ -->\n<title>Reduce carencia energ\u00e9tica; es un acto de justicia: SENER - Canal 7 SLP - 2025<\/title>\n<meta name=\"robots\" content=\"index, follow, max-snippet:-1, max-image-preview:large, max-video-preview:-1\" \/>\n<link rel=\"canonical\" href=\"https:\/\/canal7slp.tv\/2025\/reduce-carencia-energetica-es-un-acto-de-justicia-sener\/\" \/>\n<meta property=\"og:locale\" content=\"es_ES\" \/>\n<meta property=\"og:type\" content=\"article\" \/>\n<meta property=\"og:title\" content=\"Reduce carencia energ\u00e9tica; es un acto de justicia: SENER - Canal 7 SLP - 2025\" \/>\n<meta property=\"og:description\" content=\"SLP.- El modelo humanista de la Cuarta Transformaci\u00f3n produce resultados que pueden medirse. Por ejemplo, con la Encuesta Nacional de Ingreso y Gasto de los Hogares (ENIGH) 2024. Se tratar\u00eda de un vasto estudio realizado por el Instituto Nacional de Estad\u00edstica y Geograf\u00eda (INEGI) entre 2018 y 2024. Arroja que m\u00e1s de 13.4 millones de personas salieron de la pobreza -lo que representa 29.6% de la poblaci\u00f3n-. Al respecto reflexiona la titular de la Secretar\u00eda de Energ\u00eda (SENER) Luz Elena Gonz\u00e1lez Escobar. Sostuvo que M\u00e9xico ha dejado de producir condiciones de pobreza. Dentro del cambio, afirm\u00f3 que la reducci\u00f3n, tambi\u00e9n [&hellip;]\" \/>\n<meta property=\"og:url\" content=\"https:\/\/canal7slp.tv\/2025\/reduce-carencia-energetica-es-un-acto-de-justicia-sener\/\" \/>\n<meta property=\"og:site_name\" content=\"Canal 7 SLP - 2025\" \/>\n<meta property=\"article:publisher\" content=\"https:\/\/www.facebook.com\/noticieroscanal7atencionciudadana\/\" \/>\n<meta property=\"article:published_time\" content=\"2025-08-21T14:09:42+00:00\" \/>\n<meta property=\"og:image\" content=\"https:\/\/canal7slp.tv\/2025\/wp-content\/uploads\/2025\/08\/Pau01SENERHumanista.jpg\" \/>\n\t<meta property=\"og:image:width\" content=\"1280\" \/>\n\t<meta property=\"og:image:height\" content=\"720\" \/>\n\t<meta property=\"og:image:type\" content=\"image\/jpeg\" \/>\n<meta name=\"author\" content=\"Edici\u00f3n Web\" \/>\n<meta name=\"twitter:card\" content=\"summary_large_image\" \/>\n<meta name=\"twitter:creator\" content=\"@NOTICIEROS7\" \/>\n<meta name=\"twitter:site\" content=\"@NOTICIEROS7\" \/>\n<meta name=\"twitter:label1\" content=\"Escrito por\" \/>\n\t<meta name=\"twitter:data1\" content=\"Edici\u00f3n Web\" \/>\n\t<meta name=\"twitter:label2\" content=\"Tiempo de lectura\" \/>\n\t<meta name=\"twitter:data2\" content=\"2 minutos\" \/>\n<script type=\"application\/ld+json\" class=\"yoast-schema-graph\">{\"@context\":\"https:\\\/\\\/schema.org\",\"@graph\":[{\"@type\":\"Article\",\"@id\":\"https:\\\/\\\/canal7slp.tv\\\/2025\\\/reduce-carencia-energetica-es-un-acto-de-justicia-sener\\\/#article\",\"isPartOf\":{\"@id\":\"https:\\\/\\\/canal7slp.tv\\\/2025\\\/reduce-carencia-energetica-es-un-acto-de-justicia-sener\\\/\"},\"author\":{\"name\":\"Edici\u00f3n Web\",\"@id\":\"https:\\\/\\\/canal7slp.tv\\\/2025\\\/#\\\/schema\\\/person\\\/271e2b60a96e7cc9d9ac296f4d7e414b\"},\"headline\":\"Reduce carencia energ\u00e9tica; es un acto de justicia: SENER\",\"datePublished\":\"2025-08-21T14:09:42+00:00\",\"mainEntityOfPage\":{\"@id\":\"https:\\\/\\\/canal7slp.tv\\\/2025\\\/reduce-carencia-energetica-es-un-acto-de-justicia-sener\\\/\"},\"wordCount\":436,\"publisher\":{\"@id\":\"https:\\\/\\\/canal7slp.tv\\\/2025\\\/#organization\"},\"image\":{\"@id\":\"https:\\\/\\\/canal7slp.tv\\\/2025\\\/reduce-carencia-energetica-es-un-acto-de-justicia-sener\\\/#primaryimage\"},\"thumbnailUrl\":\"https:\\\/\\\/canal7slp.tv\\\/2025\\\/wp-content\\\/uploads\\\/2025\\\/08\\\/Pau01SENERHumanista.jpg\",\"articleSection\":[\"DESTACADAS\",\"LOCALES Y REGIONALES\"],\"inLanguage\":\"es\"},{\"@type\":\"WebPage\",\"@id\":\"https:\\\/\\\/canal7slp.tv\\\/2025\\\/reduce-carencia-energetica-es-un-acto-de-justicia-sener\\\/\",\"url\":\"https:\\\/\\\/canal7slp.tv\\\/2025\\\/reduce-carencia-energetica-es-un-acto-de-justicia-sener\\\/\",\"name\":\"Reduce carencia energ\u00e9tica; es un acto de justicia: SENER - Canal 7 SLP - 2025\",\"isPartOf\":{\"@id\":\"https:\\\/\\\/canal7slp.tv\\\/2025\\\/#website\"},\"primaryImageOfPage\":{\"@id\":\"https:\\\/\\\/canal7slp.tv\\\/2025\\\/reduce-carencia-energetica-es-un-acto-de-justicia-sener\\\/#primaryimage\"},\"image\":{\"@id\":\"https:\\\/\\\/canal7slp.tv\\\/2025\\\/reduce-carencia-energetica-es-un-acto-de-justicia-sener\\\/#primaryimage\"},\"thumbnailUrl\":\"https:\\\/\\\/canal7slp.tv\\\/2025\\\/wp-content\\\/uploads\\\/2025\\\/08\\\/Pau01SENERHumanista.jpg\",\"datePublished\":\"2025-08-21T14:09:42+00:00\",\"breadcrumb\":{\"@id\":\"https:\\\/\\\/canal7slp.tv\\\/2025\\\/reduce-carencia-energetica-es-un-acto-de-justicia-sener\\\/#breadcrumb\"},\"inLanguage\":\"es\",\"potentialAction\":[{\"@type\":\"ReadAction\",\"target\":[\"https:\\\/\\\/canal7slp.tv\\\/2025\\\/reduce-carencia-energetica-es-un-acto-de-justicia-sener\\\/\"]}]},{\"@type\":\"ImageObject\",\"inLanguage\":\"es\",\"@id\":\"https:\\\/\\\/canal7slp.tv\\\/2025\\\/reduce-carencia-energetica-es-un-acto-de-justicia-sener\\\/#primaryimage\",\"url\":\"https:\\\/\\\/canal7slp.tv\\\/2025\\\/wp-content\\\/uploads\\\/2025\\\/08\\\/Pau01SENERHumanista.jpg\",\"contentUrl\":\"https:\\\/\\\/canal7slp.tv\\\/2025\\\/wp-content\\\/uploads\\\/2025\\\/08\\\/Pau01SENERHumanista.jpg\",\"width\":1280,\"height\":720},{\"@type\":\"BreadcrumbList\",\"@id\":\"https:\\\/\\\/canal7slp.tv\\\/2025\\\/reduce-carencia-energetica-es-un-acto-de-justicia-sener\\\/#breadcrumb\",\"itemListElement\":[{\"@type\":\"ListItem\",\"position\":1,\"name\":\"Portada\",\"item\":\"https:\\\/\\\/canal7slp.tv\\\/2025\\\/\"},{\"@type\":\"ListItem\",\"position\":2,\"name\":\"Reduce carencia energ\u00e9tica; es un acto de justicia: SENER\"}]},{\"@type\":\"WebSite\",\"@id\":\"https:\\\/\\\/canal7slp.tv\\\/2025\\\/#website\",\"url\":\"https:\\\/\\\/canal7slp.tv\\\/2025\\\/\",\"name\":\"N7 - Noticieros Canal 7\",\"description\":\"Somos el Medio\",\"publisher\":{\"@id\":\"https:\\\/\\\/canal7slp.tv\\\/2025\\\/#organization\"},\"potentialAction\":[{\"@type\":\"SearchAction\",\"target\":{\"@type\":\"EntryPoint\",\"urlTemplate\":\"https:\\\/\\\/canal7slp.tv\\\/2025\\\/?s={search_term_string}\"},\"query-input\":{\"@type\":\"PropertyValueSpecification\",\"valueRequired\":true,\"valueName\":\"search_term_string\"}}],\"inLanguage\":\"es\"},{\"@type\":\"Organization\",\"@id\":\"https:\\\/\\\/canal7slp.tv\\\/2025\\\/#organization\",\"name\":\"Noticieros Canal 7\",\"url\":\"https:\\\/\\\/canal7slp.tv\\\/2025\\\/\",\"logo\":{\"@type\":\"ImageObject\",\"inLanguage\":\"es\",\"@id\":\"https:\\\/\\\/canal7slp.tv\\\/2025\\\/#\\\/schema\\\/logo\\\/image\\\/\",\"url\":\"https:\\\/\\\/canal7slp.tv\\\/2025\\\/wp-content\\\/uploads\\\/2021\\\/01\\\/logo-noticieros@2x.png\",\"contentUrl\":\"https:\\\/\\\/canal7slp.tv\\\/2025\\\/wp-content\\\/uploads\\\/2021\\\/01\\\/logo-noticieros@2x.png\",\"width\":1017,\"height\":268,\"caption\":\"Noticieros Canal 7\"},\"image\":{\"@id\":\"https:\\\/\\\/canal7slp.tv\\\/2025\\\/#\\\/schema\\\/logo\\\/image\\\/\"},\"sameAs\":[\"https:\\\/\\\/www.facebook.com\\\/noticieroscanal7atencionciudadana\\\/\",\"https:\\\/\\\/x.com\\\/NOTICIEROS7\",\"https:\\\/\\\/www.instagram.com\\\/canal7_slp\",\"https:\\\/\\\/www.youtube.com\\\/channel\\\/UCliiYs-gP3JfJeqdPrNdd5A\"]},{\"@type\":\"Person\",\"@id\":\"https:\\\/\\\/canal7slp.tv\\\/2025\\\/#\\\/schema\\\/person\\\/271e2b60a96e7cc9d9ac296f4d7e414b\",\"name\":\"Edici\u00f3n Web\",\"image\":{\"@type\":\"ImageObject\",\"inLanguage\":\"es\",\"@id\":\"https:\\\/\\\/secure.gravatar.com\\\/avatar\\\/eee448fc3f7164808013b816ba91ac7e43bbe82a70bebac296f8bc6f0addaa1a?s=96&d=mm&r=g\",\"url\":\"https:\\\/\\\/secure.gravatar.com\\\/avatar\\\/eee448fc3f7164808013b816ba91ac7e43bbe82a70bebac296f8bc6f0addaa1a?s=96&d=mm&r=g\",\"contentUrl\":\"https:\\\/\\\/secure.gravatar.com\\\/avatar\\\/eee448fc3f7164808013b816ba91ac7e43bbe82a70bebac296f8bc6f0addaa1a?s=96&d=mm&r=g\",\"caption\":\"Edici\u00f3n Web\"},\"url\":\"https:\\\/\\\/canal7slp.tv\\\/2025\\\/author\\\/edicionweb\\\/\"}]}<\/script>\n<!-- \/ Yoast SEO plugin. -->","yoast_head_json":{"title":"Reduce carencia energ\u00e9tica; es un acto de justicia: SENER - Canal 7 SLP - 2025","robots":{"index":"index","follow":"follow","max-snippet":"max-snippet:-1","max-image-preview":"max-image-preview:large","max-video-preview":"max-video-preview:-1"},"canonical":"https:\/\/canal7slp.tv\/2025\/reduce-carencia-energetica-es-un-acto-de-justicia-sener\/","og_locale":"es_ES","og_type":"article","og_title":"Reduce carencia energ\u00e9tica; es un acto de justicia: SENER - Canal 7 SLP - 2025","og_description":"SLP.- El modelo humanista de la Cuarta Transformaci\u00f3n produce resultados que pueden medirse. Por ejemplo, con la Encuesta Nacional de Ingreso y Gasto de los Hogares (ENIGH) 2024. Se tratar\u00eda de un vasto estudio realizado por el Instituto Nacional de Estad\u00edstica y Geograf\u00eda (INEGI) entre 2018 y 2024. Arroja que m\u00e1s de 13.4 millones de personas salieron de la pobreza -lo que representa 29.6% de la poblaci\u00f3n-. Al respecto reflexiona la titular de la Secretar\u00eda de Energ\u00eda (SENER) Luz Elena Gonz\u00e1lez Escobar. Sostuvo que M\u00e9xico ha dejado de producir condiciones de pobreza. Dentro del cambio, afirm\u00f3 que la reducci\u00f3n, tambi\u00e9n [&hellip;]","og_url":"https:\/\/canal7slp.tv\/2025\/reduce-carencia-energetica-es-un-acto-de-justicia-sener\/","og_site_name":"Canal 7 SLP - 2025","article_publisher":"https:\/\/www.facebook.com\/noticieroscanal7atencionciudadana\/","article_published_time":"2025-08-21T14:09:42+00:00","og_image":[{"width":1280,"height":720,"url":"https:\/\/canal7slp.tv\/2025\/wp-content\/uploads\/2025\/08\/Pau01SENERHumanista.jpg","type":"image\/jpeg"}],"author":"Edici\u00f3n Web","twitter_card":"summary_large_image","twitter_creator":"@NOTICIEROS7","twitter_site":"@NOTICIEROS7","twitter_misc":{"Escrito por":"Edici\u00f3n Web","Tiempo de lectura":"2 minutos"},"schema":{"@context":"https:\/\/schema.org","@graph":[{"@type":"Article","@id":"https:\/\/canal7slp.tv\/2025\/reduce-carencia-energetica-es-un-acto-de-justicia-sener\/#article","isPartOf":{"@id":"https:\/\/canal7slp.tv\/2025\/reduce-carencia-energetica-es-un-acto-de-justicia-sener\/"},"author":{"name":"Edici\u00f3n Web","@id":"https:\/\/canal7slp.tv\/2025\/#\/schema\/person\/271e2b60a96e7cc9d9ac296f4d7e414b"},"headline":"Reduce carencia energ\u00e9tica; es un acto de justicia: SENER","datePublished":"2025-08-21T14:09:42+00:00","mainEntityOfPage":{"@id":"https:\/\/canal7slp.tv\/2025\/reduce-carencia-energetica-es-un-acto-de-justicia-sener\/"},"wordCount":436,"publisher":{"@id":"https:\/\/canal7slp.tv\/2025\/#organization"},"image":{"@id":"https:\/\/canal7slp.tv\/2025\/reduce-carencia-energetica-es-un-acto-de-justicia-sener\/#primaryimage"},"thumbnailUrl":"https:\/\/canal7slp.tv\/2025\/wp-content\/uploads\/2025\/08\/Pau01SENERHumanista.jpg","articleSection":["DESTACADAS","LOCALES Y REGIONALES"],"inLanguage":"es"},{"@type":"WebPage","@id":"https:\/\/canal7slp.tv\/2025\/reduce-carencia-energetica-es-un-acto-de-justicia-sener\/","url":"https:\/\/canal7slp.tv\/2025\/reduce-carencia-energetica-es-un-acto-de-justicia-sener\/","name":"Reduce carencia energ\u00e9tica; es un acto de justicia: SENER - Canal 7 SLP - 2025","isPartOf":{"@id":"https:\/\/canal7slp.tv\/2025\/#website"},"primaryImageOfPage":{"@id":"https:\/\/canal7slp.tv\/2025\/reduce-carencia-energetica-es-un-acto-de-justicia-sener\/#primaryimage"},"image":{"@id":"https:\/\/canal7slp.tv\/2025\/reduce-carencia-energetica-es-un-acto-de-justicia-sener\/#primaryimage"},"thumbnailUrl":"https:\/\/canal7slp.tv\/2025\/wp-content\/uploads\/2025\/08\/Pau01SENERHumanista.jpg","datePublished":"2025-08-21T14:09:42+00:00","breadcrumb":{"@id":"https:\/\/canal7slp.tv\/2025\/reduce-carencia-energetica-es-un-acto-de-justicia-sener\/#breadcrumb"},"inLanguage":"es","potentialAction":[{"@type":"ReadAction","target":["https:\/\/canal7slp.tv\/2025\/reduce-carencia-energetica-es-un-acto-de-justicia-sener\/"]}]},{"@type":"ImageObject","inLanguage":"es","@id":"https:\/\/canal7slp.tv\/2025\/reduce-carencia-energetica-es-un-acto-de-justicia-sener\/#primaryimage","url":"https:\/\/canal7slp.tv\/2025\/wp-content\/uploads\/2025\/08\/Pau01SENERHumanista.jpg","contentUrl":"https:\/\/canal7slp.tv\/2025\/wp-content\/uploads\/2025\/08\/Pau01SENERHumanista.jpg","width":1280,"height":720},{"@type":"BreadcrumbList","@id":"https:\/\/canal7slp.tv\/2025\/reduce-carencia-energetica-es-un-acto-de-justicia-sener\/#breadcrumb","itemListElement":[{"@type":"ListItem","position":1,"name":"Portada","item":"https:\/\/canal7slp.tv\/2025\/"},{"@type":"ListItem","position":2,"name":"Reduce carencia energ\u00e9tica; es un acto de justicia: SENER"}]},{"@type":"WebSite","@id":"https:\/\/canal7slp.tv\/2025\/#website","url":"https:\/\/canal7slp.tv\/2025\/","name":"N7 - Noticieros Canal 7","description":"Somos el Medio","publisher":{"@id":"https:\/\/canal7slp.tv\/2025\/#organization"},"potentialAction":[{"@type":"SearchAction","target":{"@type":"EntryPoint","urlTemplate":"https:\/\/canal7slp.tv\/2025\/?s={search_term_string}"},"query-input":{"@type":"PropertyValueSpecification","valueRequired":true,"valueName":"search_term_string"}}],"inLanguage":"es"},{"@type":"Organization","@id":"https:\/\/canal7slp.tv\/2025\/#organization","name":"Noticieros Canal 7","url":"https:\/\/canal7slp.tv\/2025\/","logo":{"@type":"ImageObject","inLanguage":"es","@id":"https:\/\/canal7slp.tv\/2025\/#\/schema\/logo\/image\/","url":"https:\/\/canal7slp.tv\/2025\/wp-content\/uploads\/2021\/01\/logo-noticieros@2x.png","contentUrl":"https:\/\/canal7slp.tv\/2025\/wp-content\/uploads\/2021\/01\/logo-noticieros@2x.png","width":1017,"height":268,"caption":"Noticieros Canal 7"},"image":{"@id":"https:\/\/canal7slp.tv\/2025\/#\/schema\/logo\/image\/"},"sameAs":["https:\/\/www.facebook.com\/noticieroscanal7atencionciudadana\/","https:\/\/x.com\/NOTICIEROS7","https:\/\/www.instagram.com\/canal7_slp","https:\/\/www.youtube.com\/channel\/UCliiYs-gP3JfJeqdPrNdd5A"]},{"@type":"Person","@id":"https:\/\/canal7slp.tv\/2025\/#\/schema\/person\/271e2b60a96e7cc9d9ac296f4d7e414b","name":"Edici\u00f3n Web","image":{"@type":"ImageObject","inLanguage":"es","@id":"https:\/\/secure.gravatar.com\/avatar\/eee448fc3f7164808013b816ba91ac7e43bbe82a70bebac296f8bc6f0addaa1a?s=96&d=mm&r=g","url":"https:\/\/secure.gravatar.com\/avatar\/eee448fc3f7164808013b816ba91ac7e43bbe82a70bebac296f8bc6f0addaa1a?s=96&d=mm&r=g","contentUrl":"https:\/\/secure.gravatar.com\/avatar\/eee448fc3f7164808013b816ba91ac7e43bbe82a70bebac296f8bc6f0addaa1a?s=96&d=mm&r=g","caption":"Edici\u00f3n Web"},"url":"https:\/\/canal7slp.tv\/2025\/author\/edicionweb\/"}]}},"_links":{"self":[{"href":"https:\/\/canal7slp.tv\/2025\/wp-json\/wp\/v2\/posts\/177171","targetHints":{"allow":["GET"]}}],"collection":[{"href":"https:\/\/canal7slp.tv\/2025\/wp-json\/wp\/v2\/posts"}],"about":[{"href":"https:\/\/canal7slp.tv\/2025\/wp-json\/wp\/v2\/types\/post"}],"author":[{"embeddable":true,"href":"https:\/\/canal7slp.tv\/2025\/wp-json\/wp\/v2\/users\/2"}],"replies":[{"embeddable":true,"href":"https:\/\/canal7slp.tv\/2025\/wp-json\/wp\/v2\/comments?post=177171"}],"version-history":[{"count":1,"href":"https:\/\/canal7slp.tv\/2025\/wp-json\/wp\/v2\/posts\/177171\/revisions"}],"predecessor-version":[{"id":177173,"href":"https:\/\/canal7slp.tv\/2025\/wp-json\/wp\/v2\/posts\/177171\/revisions\/177173"}],"wp:featuredmedia":[{"embeddable":true,"href":"https:\/\/canal7slp.tv\/2025\/wp-json\/wp\/v2\/media\/177172"}],"wp:attachment":[{"href":"https:\/\/canal7slp.tv\/2025\/wp-json\/wp\/v2\/media?parent=177171"}],"wp:term":[{"taxonomy":"category","embeddable":true,"href":"https:\/\/canal7slp.tv\/2025\/wp-json\/wp\/v2\/categories?post=177171"},{"taxonomy":"post_tag","embeddable":true,"href":"https:\/\/canal7slp.tv\/2025\/wp-json\/wp\/v2\/tags?post=177171"}],"curies":[{"name":"wp","href":"https:\/\/api.w.org\/{rel}","templated":true}]}}