{"id":177153,"date":"2025-08-20T20:21:11","date_gmt":"2025-08-21T02:21:11","guid":{"rendered":"https:\/\/canal7slp.tv\/2025\/?p=177153"},"modified":"2025-08-20T20:21:11","modified_gmt":"2025-08-21T02:21:11","slug":"realizan-foro-sobre-las-ladrilleras-de-la-colonia-las-terceras","status":"publish","type":"post","link":"https:\/\/canal7slp.tv\/2025\/realizan-foro-sobre-las-ladrilleras-de-la-colonia-las-terceras\/","title":{"rendered":"Realizan foro sobre las ladrilleras de la colonia \u201cLas Terceras\u201d"},"content":{"rendered":"<p style=\"text-align: justify;\">SLP.- Se llev\u00f3 a cabo el foro denominado \u201cUn escenario humanitario para las ladrilleras de las Terceras San Luis Potos\u00ed\u201d, con la participaci\u00f3n de productores ladrilleros.<\/p>\n<p style=\"text-align: justify;\">Rudy Leija Parra, ponente e investigador de la Universidad Aut\u00f3noma Metropolitana se\u00f1al\u00f3 que es un tema que se debe de ver no solo desde la parte ambiental, sino tambi\u00e9n desde una perspectiva social.<\/p>\n<p style=\"text-align: justify;\">Se\u00f1al\u00f3 que el objetivo de este foro fue el de convocar a las partes involucradas en este tema y encontrar soluciones y alternativas, m\u00e1s all\u00e1 del problema de contaminaci\u00f3n que dijo, tambi\u00e9n representan las ladrilleras.<\/p>\n<p style=\"text-align: justify;\">El investigador de la Universidad Aut\u00f3noma Metropolitana afirm\u00f3 que cerrar ladrilleras significa un conflicto social al decir que existen alrededor de mil personas que se dependen de esta actividad por lo que dijo, se debe de conocer la complejidad del trabajo del ladrillero que adem\u00e1s, vive en condiciones de marginaci\u00f3n y precaridad.<\/p>\n<p>Por: Claudio Ibarra<\/p>\n","protected":false},"excerpt":{"rendered":"<p>SLP.- Se llev\u00f3 a cabo el foro denominado \u201cUn escenario humanitario para las ladrilleras de las Terceras San Luis Potos\u00ed\u201d, con la participaci\u00f3n de productores ladrilleros. Rudy Leija Parra, ponente e investigador de la Universidad Aut\u00f3noma Metropolitana se\u00f1al\u00f3 que es un tema que se debe de ver no solo desde la parte ambiental, sino tambi\u00e9n desde una perspectiva social. Se\u00f1al\u00f3 que el objetivo de este foro fue el de convocar a las partes involucradas en este tema y encontrar soluciones y alternativas, m\u00e1s all\u00e1 del problema de contaminaci\u00f3n que dijo, tambi\u00e9n representan las ladrilleras. El investigador de la Universidad Aut\u00f3noma [&hellip;]<\/p>\n","protected":false},"author":2,"featured_media":177155,"comment_status":"closed","ping_status":"closed","sticky":false,"template":"","format":"video","meta":{"_monsterinsights_skip_tracking":false,"_monsterinsights_sitenote_active":false,"_monsterinsights_sitenote_note":"","_monsterinsights_sitenote_category":0,"footnotes":""},"categories":[5,45],"tags":[],"class_list":["post-177153","post","type-post","status-publish","format-video","has-post-thumbnail","hentry","category-destacadas","category-localesyregionales","post_format-post-format-video","post--single"],"yoast_head":"<!-- This site is optimized with the Yoast SEO plugin v27.4 - https:\/\/yoast.com\/product\/yoast-seo-wordpress\/ -->\n<title>Realizan foro sobre las ladrilleras de la colonia \u201cLas Terceras\u201d - Canal 7 SLP - 2025<\/title>\n<meta name=\"robots\" content=\"index, follow, max-snippet:-1, max-image-preview:large, max-video-preview:-1\" \/>\n<link rel=\"canonical\" href=\"https:\/\/canal7slp.tv\/2025\/realizan-foro-sobre-las-ladrilleras-de-la-colonia-las-terceras\/\" \/>\n<meta property=\"og:locale\" content=\"es_ES\" \/>\n<meta property=\"og:type\" content=\"article\" \/>\n<meta property=\"og:title\" content=\"Realizan foro sobre las ladrilleras de la colonia \u201cLas Terceras\u201d - Canal 7 SLP - 2025\" \/>\n<meta property=\"og:description\" content=\"SLP.- Se llev\u00f3 a cabo el foro denominado \u201cUn escenario humanitario para las ladrilleras de las Terceras San Luis Potos\u00ed\u201d, con la participaci\u00f3n de productores ladrilleros. Rudy Leija Parra, ponente e investigador de la Universidad Aut\u00f3noma Metropolitana se\u00f1al\u00f3 que es un tema que se debe de ver no solo desde la parte ambiental, sino tambi\u00e9n desde una perspectiva social. Se\u00f1al\u00f3 que el objetivo de este foro fue el de convocar a las partes involucradas en este tema y encontrar soluciones y alternativas, m\u00e1s all\u00e1 del problema de contaminaci\u00f3n que dijo, tambi\u00e9n representan las ladrilleras. El investigador de la Universidad Aut\u00f3noma [&hellip;]\" \/>\n<meta property=\"og:url\" content=\"https:\/\/canal7slp.tv\/2025\/realizan-foro-sobre-las-ladrilleras-de-la-colonia-las-terceras\/\" \/>\n<meta property=\"og:site_name\" content=\"Canal 7 SLP - 2025\" \/>\n<meta property=\"article:publisher\" content=\"https:\/\/www.facebook.com\/noticieroscanal7atencionciudadana\/\" \/>\n<meta property=\"article:published_time\" content=\"2025-08-21T02:21:11+00:00\" \/>\n<meta property=\"og:image\" content=\"https:\/\/canal7slp.tv\/2025\/wp-content\/uploads\/2025\/08\/Claudio04ladrilleros.jpg\" \/>\n\t<meta property=\"og:image:width\" content=\"1280\" \/>\n\t<meta property=\"og:image:height\" content=\"720\" \/>\n\t<meta property=\"og:image:type\" content=\"image\/jpeg\" \/>\n<meta name=\"author\" content=\"Edici\u00f3n Web\" \/>\n<meta name=\"twitter:card\" content=\"summary_large_image\" \/>\n<meta name=\"twitter:creator\" content=\"@NOTICIEROS7\" \/>\n<meta name=\"twitter:site\" content=\"@NOTICIEROS7\" \/>\n<meta name=\"twitter:label1\" content=\"Escrito por\" \/>\n\t<meta name=\"twitter:data1\" content=\"Edici\u00f3n Web\" \/>\n\t<meta name=\"twitter:label2\" content=\"Tiempo de lectura\" \/>\n\t<meta name=\"twitter:data2\" content=\"1 minuto\" \/>\n<script type=\"application\/ld+json\" class=\"yoast-schema-graph\">{\"@context\":\"https:\\\/\\\/schema.org\",\"@graph\":[{\"@type\":\"Article\",\"@id\":\"https:\\\/\\\/canal7slp.tv\\\/2025\\\/realizan-foro-sobre-las-ladrilleras-de-la-colonia-las-terceras\\\/#article\",\"isPartOf\":{\"@id\":\"https:\\\/\\\/canal7slp.tv\\\/2025\\\/realizan-foro-sobre-las-ladrilleras-de-la-colonia-las-terceras\\\/\"},\"author\":{\"name\":\"Edici\u00f3n Web\",\"@id\":\"https:\\\/\\\/canal7slp.tv\\\/2025\\\/#\\\/schema\\\/person\\\/271e2b60a96e7cc9d9ac296f4d7e414b\"},\"headline\":\"Realizan foro sobre las ladrilleras de la colonia \u201cLas Terceras\u201d\",\"datePublished\":\"2025-08-21T02:21:11+00:00\",\"mainEntityOfPage\":{\"@id\":\"https:\\\/\\\/canal7slp.tv\\\/2025\\\/realizan-foro-sobre-las-ladrilleras-de-la-colonia-las-terceras\\\/\"},\"wordCount\":171,\"publisher\":{\"@id\":\"https:\\\/\\\/canal7slp.tv\\\/2025\\\/#organization\"},\"image\":{\"@id\":\"https:\\\/\\\/canal7slp.tv\\\/2025\\\/realizan-foro-sobre-las-ladrilleras-de-la-colonia-las-terceras\\\/#primaryimage\"},\"thumbnailUrl\":\"https:\\\/\\\/canal7slp.tv\\\/2025\\\/wp-content\\\/uploads\\\/2025\\\/08\\\/Claudio04ladrilleros.jpg\",\"articleSection\":[\"DESTACADAS\",\"LOCALES Y REGIONALES\"],\"inLanguage\":\"es\"},{\"@type\":\"WebPage\",\"@id\":\"https:\\\/\\\/canal7slp.tv\\\/2025\\\/realizan-foro-sobre-las-ladrilleras-de-la-colonia-las-terceras\\\/\",\"url\":\"https:\\\/\\\/canal7slp.tv\\\/2025\\\/realizan-foro-sobre-las-ladrilleras-de-la-colonia-las-terceras\\\/\",\"name\":\"Realizan foro sobre las ladrilleras de la colonia \u201cLas Terceras\u201d - Canal 7 SLP - 2025\",\"isPartOf\":{\"@id\":\"https:\\\/\\\/canal7slp.tv\\\/2025\\\/#website\"},\"primaryImageOfPage\":{\"@id\":\"https:\\\/\\\/canal7slp.tv\\\/2025\\\/realizan-foro-sobre-las-ladrilleras-de-la-colonia-las-terceras\\\/#primaryimage\"},\"image\":{\"@id\":\"https:\\\/\\\/canal7slp.tv\\\/2025\\\/realizan-foro-sobre-las-ladrilleras-de-la-colonia-las-terceras\\\/#primaryimage\"},\"thumbnailUrl\":\"https:\\\/\\\/canal7slp.tv\\\/2025\\\/wp-content\\\/uploads\\\/2025\\\/08\\\/Claudio04ladrilleros.jpg\",\"datePublished\":\"2025-08-21T02:21:11+00:00\",\"breadcrumb\":{\"@id\":\"https:\\\/\\\/canal7slp.tv\\\/2025\\\/realizan-foro-sobre-las-ladrilleras-de-la-colonia-las-terceras\\\/#breadcrumb\"},\"inLanguage\":\"es\",\"potentialAction\":[{\"@type\":\"ReadAction\",\"target\":[\"https:\\\/\\\/canal7slp.tv\\\/2025\\\/realizan-foro-sobre-las-ladrilleras-de-la-colonia-las-terceras\\\/\"]}]},{\"@type\":\"ImageObject\",\"inLanguage\":\"es\",\"@id\":\"https:\\\/\\\/canal7slp.tv\\\/2025\\\/realizan-foro-sobre-las-ladrilleras-de-la-colonia-las-terceras\\\/#primaryimage\",\"url\":\"https:\\\/\\\/canal7slp.tv\\\/2025\\\/wp-content\\\/uploads\\\/2025\\\/08\\\/Claudio04ladrilleros.jpg\",\"contentUrl\":\"https:\\\/\\\/canal7slp.tv\\\/2025\\\/wp-content\\\/uploads\\\/2025\\\/08\\\/Claudio04ladrilleros.jpg\",\"width\":1280,\"height\":720},{\"@type\":\"BreadcrumbList\",\"@id\":\"https:\\\/\\\/canal7slp.tv\\\/2025\\\/realizan-foro-sobre-las-ladrilleras-de-la-colonia-las-terceras\\\/#breadcrumb\",\"itemListElement\":[{\"@type\":\"ListItem\",\"position\":1,\"name\":\"Portada\",\"item\":\"https:\\\/\\\/canal7slp.tv\\\/2025\\\/\"},{\"@type\":\"ListItem\",\"position\":2,\"name\":\"Realizan foro sobre las ladrilleras de la colonia \u201cLas Terceras\u201d\"}]},{\"@type\":\"WebSite\",\"@id\":\"https:\\\/\\\/canal7slp.tv\\\/2025\\\/#website\",\"url\":\"https:\\\/\\\/canal7slp.tv\\\/2025\\\/\",\"name\":\"N7 - Noticieros Canal 7\",\"description\":\"Somos el Medio\",\"publisher\":{\"@id\":\"https:\\\/\\\/canal7slp.tv\\\/2025\\\/#organization\"},\"potentialAction\":[{\"@type\":\"SearchAction\",\"target\":{\"@type\":\"EntryPoint\",\"urlTemplate\":\"https:\\\/\\\/canal7slp.tv\\\/2025\\\/?s={search_term_string}\"},\"query-input\":{\"@type\":\"PropertyValueSpecification\",\"valueRequired\":true,\"valueName\":\"search_term_string\"}}],\"inLanguage\":\"es\"},{\"@type\":\"Organization\",\"@id\":\"https:\\\/\\\/canal7slp.tv\\\/2025\\\/#organization\",\"name\":\"Noticieros Canal 7\",\"url\":\"https:\\\/\\\/canal7slp.tv\\\/2025\\\/\",\"logo\":{\"@type\":\"ImageObject\",\"inLanguage\":\"es\",\"@id\":\"https:\\\/\\\/canal7slp.tv\\\/2025\\\/#\\\/schema\\\/logo\\\/image\\\/\",\"url\":\"https:\\\/\\\/canal7slp.tv\\\/2025\\\/wp-content\\\/uploads\\\/2021\\\/01\\\/logo-noticieros@2x.png\",\"contentUrl\":\"https:\\\/\\\/canal7slp.tv\\\/2025\\\/wp-content\\\/uploads\\\/2021\\\/01\\\/logo-noticieros@2x.png\",\"width\":1017,\"height\":268,\"caption\":\"Noticieros Canal 7\"},\"image\":{\"@id\":\"https:\\\/\\\/canal7slp.tv\\\/2025\\\/#\\\/schema\\\/logo\\\/image\\\/\"},\"sameAs\":[\"https:\\\/\\\/www.facebook.com\\\/noticieroscanal7atencionciudadana\\\/\",\"https:\\\/\\\/x.com\\\/NOTICIEROS7\",\"https:\\\/\\\/www.instagram.com\\\/canal7_slp\",\"https:\\\/\\\/www.youtube.com\\\/channel\\\/UCliiYs-gP3JfJeqdPrNdd5A\"]},{\"@type\":\"Person\",\"@id\":\"https:\\\/\\\/canal7slp.tv\\\/2025\\\/#\\\/schema\\\/person\\\/271e2b60a96e7cc9d9ac296f4d7e414b\",\"name\":\"Edici\u00f3n Web\",\"image\":{\"@type\":\"ImageObject\",\"inLanguage\":\"es\",\"@id\":\"https:\\\/\\\/secure.gravatar.com\\\/avatar\\\/eee448fc3f7164808013b816ba91ac7e43bbe82a70bebac296f8bc6f0addaa1a?s=96&d=mm&r=g\",\"url\":\"https:\\\/\\\/secure.gravatar.com\\\/avatar\\\/eee448fc3f7164808013b816ba91ac7e43bbe82a70bebac296f8bc6f0addaa1a?s=96&d=mm&r=g\",\"contentUrl\":\"https:\\\/\\\/secure.gravatar.com\\\/avatar\\\/eee448fc3f7164808013b816ba91ac7e43bbe82a70bebac296f8bc6f0addaa1a?s=96&d=mm&r=g\",\"caption\":\"Edici\u00f3n Web\"},\"url\":\"https:\\\/\\\/canal7slp.tv\\\/2025\\\/author\\\/edicionweb\\\/\"}]}<\/script>\n<!-- \/ Yoast SEO plugin. -->","yoast_head_json":{"title":"Realizan foro sobre las ladrilleras de la colonia \u201cLas Terceras\u201d - Canal 7 SLP - 2025","robots":{"index":"index","follow":"follow","max-snippet":"max-snippet:-1","max-image-preview":"max-image-preview:large","max-video-preview":"max-video-preview:-1"},"canonical":"https:\/\/canal7slp.tv\/2025\/realizan-foro-sobre-las-ladrilleras-de-la-colonia-las-terceras\/","og_locale":"es_ES","og_type":"article","og_title":"Realizan foro sobre las ladrilleras de la colonia \u201cLas Terceras\u201d - Canal 7 SLP - 2025","og_description":"SLP.- Se llev\u00f3 a cabo el foro denominado \u201cUn escenario humanitario para las ladrilleras de las Terceras San Luis Potos\u00ed\u201d, con la participaci\u00f3n de productores ladrilleros. Rudy Leija Parra, ponente e investigador de la Universidad Aut\u00f3noma Metropolitana se\u00f1al\u00f3 que es un tema que se debe de ver no solo desde la parte ambiental, sino tambi\u00e9n desde una perspectiva social. Se\u00f1al\u00f3 que el objetivo de este foro fue el de convocar a las partes involucradas en este tema y encontrar soluciones y alternativas, m\u00e1s all\u00e1 del problema de contaminaci\u00f3n que dijo, tambi\u00e9n representan las ladrilleras. El investigador de la Universidad Aut\u00f3noma [&hellip;]","og_url":"https:\/\/canal7slp.tv\/2025\/realizan-foro-sobre-las-ladrilleras-de-la-colonia-las-terceras\/","og_site_name":"Canal 7 SLP - 2025","article_publisher":"https:\/\/www.facebook.com\/noticieroscanal7atencionciudadana\/","article_published_time":"2025-08-21T02:21:11+00:00","og_image":[{"width":1280,"height":720,"url":"https:\/\/canal7slp.tv\/2025\/wp-content\/uploads\/2025\/08\/Claudio04ladrilleros.jpg","type":"image\/jpeg"}],"author":"Edici\u00f3n Web","twitter_card":"summary_large_image","twitter_creator":"@NOTICIEROS7","twitter_site":"@NOTICIEROS7","twitter_misc":{"Escrito por":"Edici\u00f3n Web","Tiempo de lectura":"1 minuto"},"schema":{"@context":"https:\/\/schema.org","@graph":[{"@type":"Article","@id":"https:\/\/canal7slp.tv\/2025\/realizan-foro-sobre-las-ladrilleras-de-la-colonia-las-terceras\/#article","isPartOf":{"@id":"https:\/\/canal7slp.tv\/2025\/realizan-foro-sobre-las-ladrilleras-de-la-colonia-las-terceras\/"},"author":{"name":"Edici\u00f3n Web","@id":"https:\/\/canal7slp.tv\/2025\/#\/schema\/person\/271e2b60a96e7cc9d9ac296f4d7e414b"},"headline":"Realizan foro sobre las ladrilleras de la colonia \u201cLas Terceras\u201d","datePublished":"2025-08-21T02:21:11+00:00","mainEntityOfPage":{"@id":"https:\/\/canal7slp.tv\/2025\/realizan-foro-sobre-las-ladrilleras-de-la-colonia-las-terceras\/"},"wordCount":171,"publisher":{"@id":"https:\/\/canal7slp.tv\/2025\/#organization"},"image":{"@id":"https:\/\/canal7slp.tv\/2025\/realizan-foro-sobre-las-ladrilleras-de-la-colonia-las-terceras\/#primaryimage"},"thumbnailUrl":"https:\/\/canal7slp.tv\/2025\/wp-content\/uploads\/2025\/08\/Claudio04ladrilleros.jpg","articleSection":["DESTACADAS","LOCALES Y REGIONALES"],"inLanguage":"es"},{"@type":"WebPage","@id":"https:\/\/canal7slp.tv\/2025\/realizan-foro-sobre-las-ladrilleras-de-la-colonia-las-terceras\/","url":"https:\/\/canal7slp.tv\/2025\/realizan-foro-sobre-las-ladrilleras-de-la-colonia-las-terceras\/","name":"Realizan foro sobre las ladrilleras de la colonia \u201cLas Terceras\u201d - Canal 7 SLP - 2025","isPartOf":{"@id":"https:\/\/canal7slp.tv\/2025\/#website"},"primaryImageOfPage":{"@id":"https:\/\/canal7slp.tv\/2025\/realizan-foro-sobre-las-ladrilleras-de-la-colonia-las-terceras\/#primaryimage"},"image":{"@id":"https:\/\/canal7slp.tv\/2025\/realizan-foro-sobre-las-ladrilleras-de-la-colonia-las-terceras\/#primaryimage"},"thumbnailUrl":"https:\/\/canal7slp.tv\/2025\/wp-content\/uploads\/2025\/08\/Claudio04ladrilleros.jpg","datePublished":"2025-08-21T02:21:11+00:00","breadcrumb":{"@id":"https:\/\/canal7slp.tv\/2025\/realizan-foro-sobre-las-ladrilleras-de-la-colonia-las-terceras\/#breadcrumb"},"inLanguage":"es","potentialAction":[{"@type":"ReadAction","target":["https:\/\/canal7slp.tv\/2025\/realizan-foro-sobre-las-ladrilleras-de-la-colonia-las-terceras\/"]}]},{"@type":"ImageObject","inLanguage":"es","@id":"https:\/\/canal7slp.tv\/2025\/realizan-foro-sobre-las-ladrilleras-de-la-colonia-las-terceras\/#primaryimage","url":"https:\/\/canal7slp.tv\/2025\/wp-content\/uploads\/2025\/08\/Claudio04ladrilleros.jpg","contentUrl":"https:\/\/canal7slp.tv\/2025\/wp-content\/uploads\/2025\/08\/Claudio04ladrilleros.jpg","width":1280,"height":720},{"@type":"BreadcrumbList","@id":"https:\/\/canal7slp.tv\/2025\/realizan-foro-sobre-las-ladrilleras-de-la-colonia-las-terceras\/#breadcrumb","itemListElement":[{"@type":"ListItem","position":1,"name":"Portada","item":"https:\/\/canal7slp.tv\/2025\/"},{"@type":"ListItem","position":2,"name":"Realizan foro sobre las ladrilleras de la colonia \u201cLas Terceras\u201d"}]},{"@type":"WebSite","@id":"https:\/\/canal7slp.tv\/2025\/#website","url":"https:\/\/canal7slp.tv\/2025\/","name":"N7 - Noticieros Canal 7","description":"Somos el Medio","publisher":{"@id":"https:\/\/canal7slp.tv\/2025\/#organization"},"potentialAction":[{"@type":"SearchAction","target":{"@type":"EntryPoint","urlTemplate":"https:\/\/canal7slp.tv\/2025\/?s={search_term_string}"},"query-input":{"@type":"PropertyValueSpecification","valueRequired":true,"valueName":"search_term_string"}}],"inLanguage":"es"},{"@type":"Organization","@id":"https:\/\/canal7slp.tv\/2025\/#organization","name":"Noticieros Canal 7","url":"https:\/\/canal7slp.tv\/2025\/","logo":{"@type":"ImageObject","inLanguage":"es","@id":"https:\/\/canal7slp.tv\/2025\/#\/schema\/logo\/image\/","url":"https:\/\/canal7slp.tv\/2025\/wp-content\/uploads\/2021\/01\/logo-noticieros@2x.png","contentUrl":"https:\/\/canal7slp.tv\/2025\/wp-content\/uploads\/2021\/01\/logo-noticieros@2x.png","width":1017,"height":268,"caption":"Noticieros Canal 7"},"image":{"@id":"https:\/\/canal7slp.tv\/2025\/#\/schema\/logo\/image\/"},"sameAs":["https:\/\/www.facebook.com\/noticieroscanal7atencionciudadana\/","https:\/\/x.com\/NOTICIEROS7","https:\/\/www.instagram.com\/canal7_slp","https:\/\/www.youtube.com\/channel\/UCliiYs-gP3JfJeqdPrNdd5A"]},{"@type":"Person","@id":"https:\/\/canal7slp.tv\/2025\/#\/schema\/person\/271e2b60a96e7cc9d9ac296f4d7e414b","name":"Edici\u00f3n Web","image":{"@type":"ImageObject","inLanguage":"es","@id":"https:\/\/secure.gravatar.com\/avatar\/eee448fc3f7164808013b816ba91ac7e43bbe82a70bebac296f8bc6f0addaa1a?s=96&d=mm&r=g","url":"https:\/\/secure.gravatar.com\/avatar\/eee448fc3f7164808013b816ba91ac7e43bbe82a70bebac296f8bc6f0addaa1a?s=96&d=mm&r=g","contentUrl":"https:\/\/secure.gravatar.com\/avatar\/eee448fc3f7164808013b816ba91ac7e43bbe82a70bebac296f8bc6f0addaa1a?s=96&d=mm&r=g","caption":"Edici\u00f3n Web"},"url":"https:\/\/canal7slp.tv\/2025\/author\/edicionweb\/"}]}},"_links":{"self":[{"href":"https:\/\/canal7slp.tv\/2025\/wp-json\/wp\/v2\/posts\/177153","targetHints":{"allow":["GET"]}}],"collection":[{"href":"https:\/\/canal7slp.tv\/2025\/wp-json\/wp\/v2\/posts"}],"about":[{"href":"https:\/\/canal7slp.tv\/2025\/wp-json\/wp\/v2\/types\/post"}],"author":[{"embeddable":true,"href":"https:\/\/canal7slp.tv\/2025\/wp-json\/wp\/v2\/users\/2"}],"replies":[{"embeddable":true,"href":"https:\/\/canal7slp.tv\/2025\/wp-json\/wp\/v2\/comments?post=177153"}],"version-history":[{"count":1,"href":"https:\/\/canal7slp.tv\/2025\/wp-json\/wp\/v2\/posts\/177153\/revisions"}],"predecessor-version":[{"id":177156,"href":"https:\/\/canal7slp.tv\/2025\/wp-json\/wp\/v2\/posts\/177153\/revisions\/177156"}],"wp:featuredmedia":[{"embeddable":true,"href":"https:\/\/canal7slp.tv\/2025\/wp-json\/wp\/v2\/media\/177155"}],"wp:attachment":[{"href":"https:\/\/canal7slp.tv\/2025\/wp-json\/wp\/v2\/media?parent=177153"}],"wp:term":[{"taxonomy":"category","embeddable":true,"href":"https:\/\/canal7slp.tv\/2025\/wp-json\/wp\/v2\/categories?post=177153"},{"taxonomy":"post_tag","embeddable":true,"href":"https:\/\/canal7slp.tv\/2025\/wp-json\/wp\/v2\/tags?post=177153"}],"curies":[{"name":"wp","href":"https:\/\/api.w.org\/{rel}","templated":true}]}}