{"id":177149,"date":"2025-08-20T20:17:32","date_gmt":"2025-08-21T02:17:32","guid":{"rendered":"https:\/\/canal7slp.tv\/2025\/?p=177149"},"modified":"2025-12-10T08:48:52","modified_gmt":"2025-12-10T14:48:52","slug":"sin-fundamentos-decir-que-la-delegacion-de-la-pila-se-convierta-en-municipio-considera-el-vocero-del-arzobispado","status":"publish","type":"post","link":"https:\/\/canal7slp.tv\/2025\/sin-fundamentos-decir-que-la-delegacion-de-la-pila-se-convierta-en-municipio-considera-el-vocero-del-arzobispado\/","title":{"rendered":"Sin fundamentos decir que la delegaci\u00f3n de La Pila se convierta en municipio, considera el vocero del Arzobispado"},"content":{"rendered":"<p style=\"text-align: justify;\">SLP.- En el tema de la delegaci\u00f3n de La Pila al decir el gobernador del estado que podr\u00eda convertirse en el municipio n\u00famero 60 el vocero de la Arquidi\u00f3cesis Potosina emiti\u00f3 una opini\u00f3n.<\/p>\n<p style=\"text-align: justify;\">Afirm\u00f3 que primero debe de esperarse como avanza la municipalizaci\u00f3n en Villa de Pozos a la que calific\u00f3 como un experimento y un error de planeaci\u00f3n, y luego, dijo, pensar en La Pila.<\/p>\n<p style=\"text-align: justify;\">En otro orden de ideas Tom\u00e1s Cruz Perales destac\u00f3 la importancia de que el gobierno federal atienda con prontitud el tema de la seguridad nacional.<\/p>\n<p style=\"text-align: justify;\">En este sentido, coment\u00f3 que la presidenta Claudia Sheinbaum debe avocarse a los temas prioritarios de la agenda nacional y no ser vocera de la 4T, ni defensora de conocidos militantes de MORENA.<\/p>\n<p>Por: Claudio Ibarra<\/p>\n","protected":false},"excerpt":{"rendered":"<p>SLP.- En el tema de la delegaci\u00f3n de La Pila al decir el gobernador del estado que podr\u00eda convertirse en el municipio n\u00famero 60 el vocero de la Arquidi\u00f3cesis Potosina emiti\u00f3 una opini\u00f3n. Afirm\u00f3 que primero debe de esperarse como avanza la municipalizaci\u00f3n en Villa de Pozos a la que calific\u00f3 como un experimento y un error de planeaci\u00f3n, y luego, dijo, pensar en La Pila. En otro orden de ideas Tom\u00e1s Cruz Perales destac\u00f3 la importancia de que el gobierno federal atienda con prontitud el tema de la seguridad nacional. En este sentido, coment\u00f3 que la presidenta Claudia Sheinbaum [&hellip;]<\/p>\n","protected":false},"author":2,"featured_media":177151,"comment_status":"closed","ping_status":"closed","sticky":false,"template":"","format":"video","meta":{"_monsterinsights_skip_tracking":false,"_monsterinsights_sitenote_active":false,"_monsterinsights_sitenote_note":"","_monsterinsights_sitenote_category":0,"footnotes":""},"categories":[5,519,45],"tags":[],"class_list":["post-177149","post","type-post","status-publish","format-video","has-post-thumbnail","hentry","category-destacadas","category-iglesia","category-localesyregionales","post_format-post-format-video","post--single"],"yoast_head":"<!-- This site is optimized with the Yoast SEO plugin v27.4 - https:\/\/yoast.com\/product\/yoast-seo-wordpress\/ -->\n<title>Sin fundamentos decir que la delegaci\u00f3n de La Pila se convierta en municipio, considera el vocero del Arzobispado - Canal 7 SLP - 2025<\/title>\n<meta name=\"robots\" content=\"index, follow, max-snippet:-1, max-image-preview:large, max-video-preview:-1\" \/>\n<link rel=\"canonical\" href=\"https:\/\/canal7slp.tv\/2025\/sin-fundamentos-decir-que-la-delegacion-de-la-pila-se-convierta-en-municipio-considera-el-vocero-del-arzobispado\/\" \/>\n<meta property=\"og:locale\" content=\"es_ES\" \/>\n<meta property=\"og:type\" content=\"article\" \/>\n<meta property=\"og:title\" content=\"Sin fundamentos decir que la delegaci\u00f3n de La Pila se convierta en municipio, considera el vocero del Arzobispado - Canal 7 SLP - 2025\" \/>\n<meta property=\"og:description\" content=\"SLP.- En el tema de la delegaci\u00f3n de La Pila al decir el gobernador del estado que podr\u00eda convertirse en el municipio n\u00famero 60 el vocero de la Arquidi\u00f3cesis Potosina emiti\u00f3 una opini\u00f3n. Afirm\u00f3 que primero debe de esperarse como avanza la municipalizaci\u00f3n en Villa de Pozos a la que calific\u00f3 como un experimento y un error de planeaci\u00f3n, y luego, dijo, pensar en La Pila. En otro orden de ideas Tom\u00e1s Cruz Perales destac\u00f3 la importancia de que el gobierno federal atienda con prontitud el tema de la seguridad nacional. En este sentido, coment\u00f3 que la presidenta Claudia Sheinbaum [&hellip;]\" \/>\n<meta property=\"og:url\" content=\"https:\/\/canal7slp.tv\/2025\/sin-fundamentos-decir-que-la-delegacion-de-la-pila-se-convierta-en-municipio-considera-el-vocero-del-arzobispado\/\" \/>\n<meta property=\"og:site_name\" content=\"Canal 7 SLP - 2025\" \/>\n<meta property=\"article:publisher\" content=\"https:\/\/www.facebook.com\/noticieroscanal7atencionciudadana\/\" \/>\n<meta property=\"article:published_time\" content=\"2025-08-21T02:17:32+00:00\" \/>\n<meta property=\"article:modified_time\" content=\"2025-12-10T14:48:52+00:00\" \/>\n<meta property=\"og:image\" content=\"https:\/\/canal7slp.tv\/2025\/wp-content\/uploads\/2025\/08\/Claudio03TomasCruz.jpg\" \/>\n\t<meta property=\"og:image:width\" content=\"1280\" \/>\n\t<meta property=\"og:image:height\" content=\"720\" \/>\n\t<meta property=\"og:image:type\" content=\"image\/jpeg\" \/>\n<meta name=\"author\" content=\"Edici\u00f3n Web\" \/>\n<meta name=\"twitter:card\" content=\"summary_large_image\" \/>\n<meta name=\"twitter:creator\" content=\"@NOTICIEROS7\" \/>\n<meta name=\"twitter:site\" content=\"@NOTICIEROS7\" \/>\n<meta name=\"twitter:label1\" content=\"Escrito por\" \/>\n\t<meta name=\"twitter:data1\" content=\"Edici\u00f3n Web\" \/>\n\t<meta name=\"twitter:label2\" content=\"Tiempo de lectura\" \/>\n\t<meta name=\"twitter:data2\" content=\"1 minuto\" \/>\n<script type=\"application\/ld+json\" class=\"yoast-schema-graph\">{\"@context\":\"https:\\\/\\\/schema.org\",\"@graph\":[{\"@type\":\"Article\",\"@id\":\"https:\\\/\\\/canal7slp.tv\\\/2025\\\/sin-fundamentos-decir-que-la-delegacion-de-la-pila-se-convierta-en-municipio-considera-el-vocero-del-arzobispado\\\/#article\",\"isPartOf\":{\"@id\":\"https:\\\/\\\/canal7slp.tv\\\/2025\\\/sin-fundamentos-decir-que-la-delegacion-de-la-pila-se-convierta-en-municipio-considera-el-vocero-del-arzobispado\\\/\"},\"author\":{\"name\":\"Edici\u00f3n Web\",\"@id\":\"https:\\\/\\\/canal7slp.tv\\\/2025\\\/#\\\/schema\\\/person\\\/271e2b60a96e7cc9d9ac296f4d7e414b\"},\"headline\":\"Sin fundamentos decir que la delegaci\u00f3n de La Pila se convierta en municipio, considera el vocero del Arzobispado\",\"datePublished\":\"2025-08-21T02:17:32+00:00\",\"dateModified\":\"2025-12-10T14:48:52+00:00\",\"mainEntityOfPage\":{\"@id\":\"https:\\\/\\\/canal7slp.tv\\\/2025\\\/sin-fundamentos-decir-que-la-delegacion-de-la-pila-se-convierta-en-municipio-considera-el-vocero-del-arzobispado\\\/\"},\"wordCount\":154,\"publisher\":{\"@id\":\"https:\\\/\\\/canal7slp.tv\\\/2025\\\/#organization\"},\"image\":{\"@id\":\"https:\\\/\\\/canal7slp.tv\\\/2025\\\/sin-fundamentos-decir-que-la-delegacion-de-la-pila-se-convierta-en-municipio-considera-el-vocero-del-arzobispado\\\/#primaryimage\"},\"thumbnailUrl\":\"https:\\\/\\\/canal7slp.tv\\\/2025\\\/wp-content\\\/uploads\\\/2025\\\/08\\\/Claudio03TomasCruz.jpg\",\"articleSection\":[\"DESTACADAS\",\"Iglesia\",\"LOCALES Y REGIONALES\"],\"inLanguage\":\"es\"},{\"@type\":\"WebPage\",\"@id\":\"https:\\\/\\\/canal7slp.tv\\\/2025\\\/sin-fundamentos-decir-que-la-delegacion-de-la-pila-se-convierta-en-municipio-considera-el-vocero-del-arzobispado\\\/\",\"url\":\"https:\\\/\\\/canal7slp.tv\\\/2025\\\/sin-fundamentos-decir-que-la-delegacion-de-la-pila-se-convierta-en-municipio-considera-el-vocero-del-arzobispado\\\/\",\"name\":\"Sin fundamentos decir que la delegaci\u00f3n de La Pila se convierta en municipio, considera el vocero del Arzobispado - Canal 7 SLP - 2025\",\"isPartOf\":{\"@id\":\"https:\\\/\\\/canal7slp.tv\\\/2025\\\/#website\"},\"primaryImageOfPage\":{\"@id\":\"https:\\\/\\\/canal7slp.tv\\\/2025\\\/sin-fundamentos-decir-que-la-delegacion-de-la-pila-se-convierta-en-municipio-considera-el-vocero-del-arzobispado\\\/#primaryimage\"},\"image\":{\"@id\":\"https:\\\/\\\/canal7slp.tv\\\/2025\\\/sin-fundamentos-decir-que-la-delegacion-de-la-pila-se-convierta-en-municipio-considera-el-vocero-del-arzobispado\\\/#primaryimage\"},\"thumbnailUrl\":\"https:\\\/\\\/canal7slp.tv\\\/2025\\\/wp-content\\\/uploads\\\/2025\\\/08\\\/Claudio03TomasCruz.jpg\",\"datePublished\":\"2025-08-21T02:17:32+00:00\",\"dateModified\":\"2025-12-10T14:48:52+00:00\",\"breadcrumb\":{\"@id\":\"https:\\\/\\\/canal7slp.tv\\\/2025\\\/sin-fundamentos-decir-que-la-delegacion-de-la-pila-se-convierta-en-municipio-considera-el-vocero-del-arzobispado\\\/#breadcrumb\"},\"inLanguage\":\"es\",\"potentialAction\":[{\"@type\":\"ReadAction\",\"target\":[\"https:\\\/\\\/canal7slp.tv\\\/2025\\\/sin-fundamentos-decir-que-la-delegacion-de-la-pila-se-convierta-en-municipio-considera-el-vocero-del-arzobispado\\\/\"]}]},{\"@type\":\"ImageObject\",\"inLanguage\":\"es\",\"@id\":\"https:\\\/\\\/canal7slp.tv\\\/2025\\\/sin-fundamentos-decir-que-la-delegacion-de-la-pila-se-convierta-en-municipio-considera-el-vocero-del-arzobispado\\\/#primaryimage\",\"url\":\"https:\\\/\\\/canal7slp.tv\\\/2025\\\/wp-content\\\/uploads\\\/2025\\\/08\\\/Claudio03TomasCruz.jpg\",\"contentUrl\":\"https:\\\/\\\/canal7slp.tv\\\/2025\\\/wp-content\\\/uploads\\\/2025\\\/08\\\/Claudio03TomasCruz.jpg\",\"width\":1280,\"height\":720},{\"@type\":\"BreadcrumbList\",\"@id\":\"https:\\\/\\\/canal7slp.tv\\\/2025\\\/sin-fundamentos-decir-que-la-delegacion-de-la-pila-se-convierta-en-municipio-considera-el-vocero-del-arzobispado\\\/#breadcrumb\",\"itemListElement\":[{\"@type\":\"ListItem\",\"position\":1,\"name\":\"Portada\",\"item\":\"https:\\\/\\\/canal7slp.tv\\\/2025\\\/\"},{\"@type\":\"ListItem\",\"position\":2,\"name\":\"Sin fundamentos decir que la delegaci\u00f3n de La Pila se convierta en municipio, considera el vocero del Arzobispado\"}]},{\"@type\":\"WebSite\",\"@id\":\"https:\\\/\\\/canal7slp.tv\\\/2025\\\/#website\",\"url\":\"https:\\\/\\\/canal7slp.tv\\\/2025\\\/\",\"name\":\"N7 - Noticieros Canal 7\",\"description\":\"Somos el Medio\",\"publisher\":{\"@id\":\"https:\\\/\\\/canal7slp.tv\\\/2025\\\/#organization\"},\"potentialAction\":[{\"@type\":\"SearchAction\",\"target\":{\"@type\":\"EntryPoint\",\"urlTemplate\":\"https:\\\/\\\/canal7slp.tv\\\/2025\\\/?s={search_term_string}\"},\"query-input\":{\"@type\":\"PropertyValueSpecification\",\"valueRequired\":true,\"valueName\":\"search_term_string\"}}],\"inLanguage\":\"es\"},{\"@type\":\"Organization\",\"@id\":\"https:\\\/\\\/canal7slp.tv\\\/2025\\\/#organization\",\"name\":\"Noticieros Canal 7\",\"url\":\"https:\\\/\\\/canal7slp.tv\\\/2025\\\/\",\"logo\":{\"@type\":\"ImageObject\",\"inLanguage\":\"es\",\"@id\":\"https:\\\/\\\/canal7slp.tv\\\/2025\\\/#\\\/schema\\\/logo\\\/image\\\/\",\"url\":\"https:\\\/\\\/canal7slp.tv\\\/2025\\\/wp-content\\\/uploads\\\/2021\\\/01\\\/logo-noticieros@2x.png\",\"contentUrl\":\"https:\\\/\\\/canal7slp.tv\\\/2025\\\/wp-content\\\/uploads\\\/2021\\\/01\\\/logo-noticieros@2x.png\",\"width\":1017,\"height\":268,\"caption\":\"Noticieros Canal 7\"},\"image\":{\"@id\":\"https:\\\/\\\/canal7slp.tv\\\/2025\\\/#\\\/schema\\\/logo\\\/image\\\/\"},\"sameAs\":[\"https:\\\/\\\/www.facebook.com\\\/noticieroscanal7atencionciudadana\\\/\",\"https:\\\/\\\/x.com\\\/NOTICIEROS7\",\"https:\\\/\\\/www.instagram.com\\\/canal7_slp\",\"https:\\\/\\\/www.youtube.com\\\/channel\\\/UCliiYs-gP3JfJeqdPrNdd5A\"]},{\"@type\":\"Person\",\"@id\":\"https:\\\/\\\/canal7slp.tv\\\/2025\\\/#\\\/schema\\\/person\\\/271e2b60a96e7cc9d9ac296f4d7e414b\",\"name\":\"Edici\u00f3n Web\",\"image\":{\"@type\":\"ImageObject\",\"inLanguage\":\"es\",\"@id\":\"https:\\\/\\\/secure.gravatar.com\\\/avatar\\\/eee448fc3f7164808013b816ba91ac7e43bbe82a70bebac296f8bc6f0addaa1a?s=96&d=mm&r=g\",\"url\":\"https:\\\/\\\/secure.gravatar.com\\\/avatar\\\/eee448fc3f7164808013b816ba91ac7e43bbe82a70bebac296f8bc6f0addaa1a?s=96&d=mm&r=g\",\"contentUrl\":\"https:\\\/\\\/secure.gravatar.com\\\/avatar\\\/eee448fc3f7164808013b816ba91ac7e43bbe82a70bebac296f8bc6f0addaa1a?s=96&d=mm&r=g\",\"caption\":\"Edici\u00f3n Web\"},\"url\":\"https:\\\/\\\/canal7slp.tv\\\/2025\\\/author\\\/edicionweb\\\/\"}]}<\/script>\n<!-- \/ Yoast SEO plugin. -->","yoast_head_json":{"title":"Sin fundamentos decir que la delegaci\u00f3n de La Pila se convierta en municipio, considera el vocero del Arzobispado - Canal 7 SLP - 2025","robots":{"index":"index","follow":"follow","max-snippet":"max-snippet:-1","max-image-preview":"max-image-preview:large","max-video-preview":"max-video-preview:-1"},"canonical":"https:\/\/canal7slp.tv\/2025\/sin-fundamentos-decir-que-la-delegacion-de-la-pila-se-convierta-en-municipio-considera-el-vocero-del-arzobispado\/","og_locale":"es_ES","og_type":"article","og_title":"Sin fundamentos decir que la delegaci\u00f3n de La Pila se convierta en municipio, considera el vocero del Arzobispado - Canal 7 SLP - 2025","og_description":"SLP.- En el tema de la delegaci\u00f3n de La Pila al decir el gobernador del estado que podr\u00eda convertirse en el municipio n\u00famero 60 el vocero de la Arquidi\u00f3cesis Potosina emiti\u00f3 una opini\u00f3n. Afirm\u00f3 que primero debe de esperarse como avanza la municipalizaci\u00f3n en Villa de Pozos a la que calific\u00f3 como un experimento y un error de planeaci\u00f3n, y luego, dijo, pensar en La Pila. En otro orden de ideas Tom\u00e1s Cruz Perales destac\u00f3 la importancia de que el gobierno federal atienda con prontitud el tema de la seguridad nacional. En este sentido, coment\u00f3 que la presidenta Claudia Sheinbaum [&hellip;]","og_url":"https:\/\/canal7slp.tv\/2025\/sin-fundamentos-decir-que-la-delegacion-de-la-pila-se-convierta-en-municipio-considera-el-vocero-del-arzobispado\/","og_site_name":"Canal 7 SLP - 2025","article_publisher":"https:\/\/www.facebook.com\/noticieroscanal7atencionciudadana\/","article_published_time":"2025-08-21T02:17:32+00:00","article_modified_time":"2025-12-10T14:48:52+00:00","og_image":[{"width":1280,"height":720,"url":"https:\/\/canal7slp.tv\/2025\/wp-content\/uploads\/2025\/08\/Claudio03TomasCruz.jpg","type":"image\/jpeg"}],"author":"Edici\u00f3n Web","twitter_card":"summary_large_image","twitter_creator":"@NOTICIEROS7","twitter_site":"@NOTICIEROS7","twitter_misc":{"Escrito por":"Edici\u00f3n Web","Tiempo de lectura":"1 minuto"},"schema":{"@context":"https:\/\/schema.org","@graph":[{"@type":"Article","@id":"https:\/\/canal7slp.tv\/2025\/sin-fundamentos-decir-que-la-delegacion-de-la-pila-se-convierta-en-municipio-considera-el-vocero-del-arzobispado\/#article","isPartOf":{"@id":"https:\/\/canal7slp.tv\/2025\/sin-fundamentos-decir-que-la-delegacion-de-la-pila-se-convierta-en-municipio-considera-el-vocero-del-arzobispado\/"},"author":{"name":"Edici\u00f3n Web","@id":"https:\/\/canal7slp.tv\/2025\/#\/schema\/person\/271e2b60a96e7cc9d9ac296f4d7e414b"},"headline":"Sin fundamentos decir que la delegaci\u00f3n de La Pila se convierta en municipio, considera el vocero del Arzobispado","datePublished":"2025-08-21T02:17:32+00:00","dateModified":"2025-12-10T14:48:52+00:00","mainEntityOfPage":{"@id":"https:\/\/canal7slp.tv\/2025\/sin-fundamentos-decir-que-la-delegacion-de-la-pila-se-convierta-en-municipio-considera-el-vocero-del-arzobispado\/"},"wordCount":154,"publisher":{"@id":"https:\/\/canal7slp.tv\/2025\/#organization"},"image":{"@id":"https:\/\/canal7slp.tv\/2025\/sin-fundamentos-decir-que-la-delegacion-de-la-pila-se-convierta-en-municipio-considera-el-vocero-del-arzobispado\/#primaryimage"},"thumbnailUrl":"https:\/\/canal7slp.tv\/2025\/wp-content\/uploads\/2025\/08\/Claudio03TomasCruz.jpg","articleSection":["DESTACADAS","Iglesia","LOCALES Y REGIONALES"],"inLanguage":"es"},{"@type":"WebPage","@id":"https:\/\/canal7slp.tv\/2025\/sin-fundamentos-decir-que-la-delegacion-de-la-pila-se-convierta-en-municipio-considera-el-vocero-del-arzobispado\/","url":"https:\/\/canal7slp.tv\/2025\/sin-fundamentos-decir-que-la-delegacion-de-la-pila-se-convierta-en-municipio-considera-el-vocero-del-arzobispado\/","name":"Sin fundamentos decir que la delegaci\u00f3n de La Pila se convierta en municipio, considera el vocero del Arzobispado - Canal 7 SLP - 2025","isPartOf":{"@id":"https:\/\/canal7slp.tv\/2025\/#website"},"primaryImageOfPage":{"@id":"https:\/\/canal7slp.tv\/2025\/sin-fundamentos-decir-que-la-delegacion-de-la-pila-se-convierta-en-municipio-considera-el-vocero-del-arzobispado\/#primaryimage"},"image":{"@id":"https:\/\/canal7slp.tv\/2025\/sin-fundamentos-decir-que-la-delegacion-de-la-pila-se-convierta-en-municipio-considera-el-vocero-del-arzobispado\/#primaryimage"},"thumbnailUrl":"https:\/\/canal7slp.tv\/2025\/wp-content\/uploads\/2025\/08\/Claudio03TomasCruz.jpg","datePublished":"2025-08-21T02:17:32+00:00","dateModified":"2025-12-10T14:48:52+00:00","breadcrumb":{"@id":"https:\/\/canal7slp.tv\/2025\/sin-fundamentos-decir-que-la-delegacion-de-la-pila-se-convierta-en-municipio-considera-el-vocero-del-arzobispado\/#breadcrumb"},"inLanguage":"es","potentialAction":[{"@type":"ReadAction","target":["https:\/\/canal7slp.tv\/2025\/sin-fundamentos-decir-que-la-delegacion-de-la-pila-se-convierta-en-municipio-considera-el-vocero-del-arzobispado\/"]}]},{"@type":"ImageObject","inLanguage":"es","@id":"https:\/\/canal7slp.tv\/2025\/sin-fundamentos-decir-que-la-delegacion-de-la-pila-se-convierta-en-municipio-considera-el-vocero-del-arzobispado\/#primaryimage","url":"https:\/\/canal7slp.tv\/2025\/wp-content\/uploads\/2025\/08\/Claudio03TomasCruz.jpg","contentUrl":"https:\/\/canal7slp.tv\/2025\/wp-content\/uploads\/2025\/08\/Claudio03TomasCruz.jpg","width":1280,"height":720},{"@type":"BreadcrumbList","@id":"https:\/\/canal7slp.tv\/2025\/sin-fundamentos-decir-que-la-delegacion-de-la-pila-se-convierta-en-municipio-considera-el-vocero-del-arzobispado\/#breadcrumb","itemListElement":[{"@type":"ListItem","position":1,"name":"Portada","item":"https:\/\/canal7slp.tv\/2025\/"},{"@type":"ListItem","position":2,"name":"Sin fundamentos decir que la delegaci\u00f3n de La Pila se convierta en municipio, considera el vocero del Arzobispado"}]},{"@type":"WebSite","@id":"https:\/\/canal7slp.tv\/2025\/#website","url":"https:\/\/canal7slp.tv\/2025\/","name":"N7 - Noticieros Canal 7","description":"Somos el Medio","publisher":{"@id":"https:\/\/canal7slp.tv\/2025\/#organization"},"potentialAction":[{"@type":"SearchAction","target":{"@type":"EntryPoint","urlTemplate":"https:\/\/canal7slp.tv\/2025\/?s={search_term_string}"},"query-input":{"@type":"PropertyValueSpecification","valueRequired":true,"valueName":"search_term_string"}}],"inLanguage":"es"},{"@type":"Organization","@id":"https:\/\/canal7slp.tv\/2025\/#organization","name":"Noticieros Canal 7","url":"https:\/\/canal7slp.tv\/2025\/","logo":{"@type":"ImageObject","inLanguage":"es","@id":"https:\/\/canal7slp.tv\/2025\/#\/schema\/logo\/image\/","url":"https:\/\/canal7slp.tv\/2025\/wp-content\/uploads\/2021\/01\/logo-noticieros@2x.png","contentUrl":"https:\/\/canal7slp.tv\/2025\/wp-content\/uploads\/2021\/01\/logo-noticieros@2x.png","width":1017,"height":268,"caption":"Noticieros Canal 7"},"image":{"@id":"https:\/\/canal7slp.tv\/2025\/#\/schema\/logo\/image\/"},"sameAs":["https:\/\/www.facebook.com\/noticieroscanal7atencionciudadana\/","https:\/\/x.com\/NOTICIEROS7","https:\/\/www.instagram.com\/canal7_slp","https:\/\/www.youtube.com\/channel\/UCliiYs-gP3JfJeqdPrNdd5A"]},{"@type":"Person","@id":"https:\/\/canal7slp.tv\/2025\/#\/schema\/person\/271e2b60a96e7cc9d9ac296f4d7e414b","name":"Edici\u00f3n Web","image":{"@type":"ImageObject","inLanguage":"es","@id":"https:\/\/secure.gravatar.com\/avatar\/eee448fc3f7164808013b816ba91ac7e43bbe82a70bebac296f8bc6f0addaa1a?s=96&d=mm&r=g","url":"https:\/\/secure.gravatar.com\/avatar\/eee448fc3f7164808013b816ba91ac7e43bbe82a70bebac296f8bc6f0addaa1a?s=96&d=mm&r=g","contentUrl":"https:\/\/secure.gravatar.com\/avatar\/eee448fc3f7164808013b816ba91ac7e43bbe82a70bebac296f8bc6f0addaa1a?s=96&d=mm&r=g","caption":"Edici\u00f3n Web"},"url":"https:\/\/canal7slp.tv\/2025\/author\/edicionweb\/"}]}},"_links":{"self":[{"href":"https:\/\/canal7slp.tv\/2025\/wp-json\/wp\/v2\/posts\/177149","targetHints":{"allow":["GET"]}}],"collection":[{"href":"https:\/\/canal7slp.tv\/2025\/wp-json\/wp\/v2\/posts"}],"about":[{"href":"https:\/\/canal7slp.tv\/2025\/wp-json\/wp\/v2\/types\/post"}],"author":[{"embeddable":true,"href":"https:\/\/canal7slp.tv\/2025\/wp-json\/wp\/v2\/users\/2"}],"replies":[{"embeddable":true,"href":"https:\/\/canal7slp.tv\/2025\/wp-json\/wp\/v2\/comments?post=177149"}],"version-history":[{"count":1,"href":"https:\/\/canal7slp.tv\/2025\/wp-json\/wp\/v2\/posts\/177149\/revisions"}],"predecessor-version":[{"id":177152,"href":"https:\/\/canal7slp.tv\/2025\/wp-json\/wp\/v2\/posts\/177149\/revisions\/177152"}],"wp:featuredmedia":[{"embeddable":true,"href":"https:\/\/canal7slp.tv\/2025\/wp-json\/wp\/v2\/media\/177151"}],"wp:attachment":[{"href":"https:\/\/canal7slp.tv\/2025\/wp-json\/wp\/v2\/media?parent=177149"}],"wp:term":[{"taxonomy":"category","embeddable":true,"href":"https:\/\/canal7slp.tv\/2025\/wp-json\/wp\/v2\/categories?post=177149"},{"taxonomy":"post_tag","embeddable":true,"href":"https:\/\/canal7slp.tv\/2025\/wp-json\/wp\/v2\/tags?post=177149"}],"curies":[{"name":"wp","href":"https:\/\/api.w.org\/{rel}","templated":true}]}}