{"id":177145,"date":"2025-08-20T20:11:25","date_gmt":"2025-08-21T02:11:25","guid":{"rendered":"https:\/\/canal7slp.tv\/2025\/?p=177145"},"modified":"2025-08-20T20:11:25","modified_gmt":"2025-08-21T02:11:25","slug":"sorprende-al-alcalde-enrique-galindo-declaraciones-del-gobernador-del-estado-por-el-tema-de-la-pila","status":"publish","type":"post","link":"https:\/\/canal7slp.tv\/2025\/sorprende-al-alcalde-enrique-galindo-declaraciones-del-gobernador-del-estado-por-el-tema-de-la-pila\/","title":{"rendered":"Sorprende al alcalde Enrique Galindo declaraciones del gobernador del estado por el tema de La Pila"},"content":{"rendered":"<p style=\"text-align: justify;\">SLP.- El presidente municipal capitalino Enrique Galindo Ceballos dijo mostrarse sorprendido ante las declaraciones del gobernador del estado, de que la delegaci\u00f3n de La Pila pudiera convertirse en municipio.<\/p>\n<p style=\"text-align: justify;\">Afirm\u00f3 que por lo menos una vez a la semana acude a esta delegaci\u00f3n y que no ha escuchado decir que los habitantes de esta demarcaci\u00f3n quieran la municipalizaci\u00f3n, \u201ca diferencia de Pozos en donde sus habitantes si la pidieron\u201d.<\/p>\n<p style=\"text-align: justify;\">En este contexto, coment\u00f3 que buscar\u00e1 un encuentro con el gobernador del estado adem\u00e1s de considerar otros factores para fijar una postura en este tema.<\/p>\n<p style=\"text-align: justify;\">En otro orden de ideas Galindo Ceballos rechaz\u00f3 que que la Polic\u00eda Vial haya quedado rebasada por el tr\u00e1fico generado ante la presentaci\u00f3n del cantante Don Omar en las instalaciones de la feria, y que colaps\u00f3 las principales vialidades de acceso a este recinto ferial.<\/p>\n<p>Por: Claudio Ibarra<\/p>\n","protected":false},"excerpt":{"rendered":"<p>SLP.- El presidente municipal capitalino Enrique Galindo Ceballos dijo mostrarse sorprendido ante las declaraciones del gobernador del estado, de que la delegaci\u00f3n de La Pila pudiera convertirse en municipio. Afirm\u00f3 que por lo menos una vez a la semana acude a esta delegaci\u00f3n y que no ha escuchado decir que los habitantes de esta demarcaci\u00f3n quieran la municipalizaci\u00f3n, \u201ca diferencia de Pozos en donde sus habitantes si la pidieron\u201d. En este contexto, coment\u00f3 que buscar\u00e1 un encuentro con el gobernador del estado adem\u00e1s de considerar otros factores para fijar una postura en este tema. En otro orden de ideas Galindo [&hellip;]<\/p>\n","protected":false},"author":2,"featured_media":177147,"comment_status":"closed","ping_status":"closed","sticky":false,"template":"","format":"video","meta":{"_monsterinsights_skip_tracking":false,"_monsterinsights_sitenote_active":false,"_monsterinsights_sitenote_note":"","_monsterinsights_sitenote_category":0,"footnotes":""},"categories":[5,45],"tags":[],"class_list":["post-177145","post","type-post","status-publish","format-video","has-post-thumbnail","hentry","category-destacadas","category-localesyregionales","post_format-post-format-video","post--single"],"yoast_head":"<!-- This site is optimized with the Yoast SEO plugin v27.4 - https:\/\/yoast.com\/product\/yoast-seo-wordpress\/ -->\n<title>Sorprende al alcalde Enrique Galindo declaraciones del gobernador del estado por el tema de La Pila - Canal 7 SLP - 2025<\/title>\n<meta name=\"robots\" content=\"index, follow, max-snippet:-1, max-image-preview:large, max-video-preview:-1\" \/>\n<link rel=\"canonical\" href=\"https:\/\/canal7slp.tv\/2025\/sorprende-al-alcalde-enrique-galindo-declaraciones-del-gobernador-del-estado-por-el-tema-de-la-pila\/\" \/>\n<meta property=\"og:locale\" content=\"es_ES\" \/>\n<meta property=\"og:type\" content=\"article\" \/>\n<meta property=\"og:title\" content=\"Sorprende al alcalde Enrique Galindo declaraciones del gobernador del estado por el tema de La Pila - Canal 7 SLP - 2025\" \/>\n<meta property=\"og:description\" content=\"SLP.- El presidente municipal capitalino Enrique Galindo Ceballos dijo mostrarse sorprendido ante las declaraciones del gobernador del estado, de que la delegaci\u00f3n de La Pila pudiera convertirse en municipio. Afirm\u00f3 que por lo menos una vez a la semana acude a esta delegaci\u00f3n y que no ha escuchado decir que los habitantes de esta demarcaci\u00f3n quieran la municipalizaci\u00f3n, \u201ca diferencia de Pozos en donde sus habitantes si la pidieron\u201d. En este contexto, coment\u00f3 que buscar\u00e1 un encuentro con el gobernador del estado adem\u00e1s de considerar otros factores para fijar una postura en este tema. En otro orden de ideas Galindo [&hellip;]\" \/>\n<meta property=\"og:url\" content=\"https:\/\/canal7slp.tv\/2025\/sorprende-al-alcalde-enrique-galindo-declaraciones-del-gobernador-del-estado-por-el-tema-de-la-pila\/\" \/>\n<meta property=\"og:site_name\" content=\"Canal 7 SLP - 2025\" \/>\n<meta property=\"article:publisher\" content=\"https:\/\/www.facebook.com\/noticieroscanal7atencionciudadana\/\" \/>\n<meta property=\"article:published_time\" content=\"2025-08-21T02:11:25+00:00\" \/>\n<meta property=\"og:image\" content=\"https:\/\/canal7slp.tv\/2025\/wp-content\/uploads\/2025\/08\/Claudio02Sorpresivo.jpg\" \/>\n\t<meta property=\"og:image:width\" content=\"1280\" \/>\n\t<meta property=\"og:image:height\" content=\"720\" \/>\n\t<meta property=\"og:image:type\" content=\"image\/jpeg\" \/>\n<meta name=\"author\" content=\"Edici\u00f3n Web\" \/>\n<meta name=\"twitter:card\" content=\"summary_large_image\" \/>\n<meta name=\"twitter:creator\" content=\"@NOTICIEROS7\" \/>\n<meta name=\"twitter:site\" content=\"@NOTICIEROS7\" \/>\n<meta name=\"twitter:label1\" content=\"Escrito por\" \/>\n\t<meta name=\"twitter:data1\" content=\"Edici\u00f3n Web\" \/>\n\t<meta name=\"twitter:label2\" content=\"Tiempo de lectura\" \/>\n\t<meta name=\"twitter:data2\" content=\"1 minuto\" \/>\n<script type=\"application\/ld+json\" class=\"yoast-schema-graph\">{\"@context\":\"https:\\\/\\\/schema.org\",\"@graph\":[{\"@type\":\"Article\",\"@id\":\"https:\\\/\\\/canal7slp.tv\\\/2025\\\/sorprende-al-alcalde-enrique-galindo-declaraciones-del-gobernador-del-estado-por-el-tema-de-la-pila\\\/#article\",\"isPartOf\":{\"@id\":\"https:\\\/\\\/canal7slp.tv\\\/2025\\\/sorprende-al-alcalde-enrique-galindo-declaraciones-del-gobernador-del-estado-por-el-tema-de-la-pila\\\/\"},\"author\":{\"name\":\"Edici\u00f3n Web\",\"@id\":\"https:\\\/\\\/canal7slp.tv\\\/2025\\\/#\\\/schema\\\/person\\\/271e2b60a96e7cc9d9ac296f4d7e414b\"},\"headline\":\"Sorprende al alcalde Enrique Galindo declaraciones del gobernador del estado por el tema de La Pila\",\"datePublished\":\"2025-08-21T02:11:25+00:00\",\"mainEntityOfPage\":{\"@id\":\"https:\\\/\\\/canal7slp.tv\\\/2025\\\/sorprende-al-alcalde-enrique-galindo-declaraciones-del-gobernador-del-estado-por-el-tema-de-la-pila\\\/\"},\"wordCount\":167,\"publisher\":{\"@id\":\"https:\\\/\\\/canal7slp.tv\\\/2025\\\/#organization\"},\"image\":{\"@id\":\"https:\\\/\\\/canal7slp.tv\\\/2025\\\/sorprende-al-alcalde-enrique-galindo-declaraciones-del-gobernador-del-estado-por-el-tema-de-la-pila\\\/#primaryimage\"},\"thumbnailUrl\":\"https:\\\/\\\/canal7slp.tv\\\/2025\\\/wp-content\\\/uploads\\\/2025\\\/08\\\/Claudio02Sorpresivo.jpg\",\"articleSection\":[\"DESTACADAS\",\"LOCALES Y REGIONALES\"],\"inLanguage\":\"es\"},{\"@type\":\"WebPage\",\"@id\":\"https:\\\/\\\/canal7slp.tv\\\/2025\\\/sorprende-al-alcalde-enrique-galindo-declaraciones-del-gobernador-del-estado-por-el-tema-de-la-pila\\\/\",\"url\":\"https:\\\/\\\/canal7slp.tv\\\/2025\\\/sorprende-al-alcalde-enrique-galindo-declaraciones-del-gobernador-del-estado-por-el-tema-de-la-pila\\\/\",\"name\":\"Sorprende al alcalde Enrique Galindo declaraciones del gobernador del estado por el tema de La Pila - Canal 7 SLP - 2025\",\"isPartOf\":{\"@id\":\"https:\\\/\\\/canal7slp.tv\\\/2025\\\/#website\"},\"primaryImageOfPage\":{\"@id\":\"https:\\\/\\\/canal7slp.tv\\\/2025\\\/sorprende-al-alcalde-enrique-galindo-declaraciones-del-gobernador-del-estado-por-el-tema-de-la-pila\\\/#primaryimage\"},\"image\":{\"@id\":\"https:\\\/\\\/canal7slp.tv\\\/2025\\\/sorprende-al-alcalde-enrique-galindo-declaraciones-del-gobernador-del-estado-por-el-tema-de-la-pila\\\/#primaryimage\"},\"thumbnailUrl\":\"https:\\\/\\\/canal7slp.tv\\\/2025\\\/wp-content\\\/uploads\\\/2025\\\/08\\\/Claudio02Sorpresivo.jpg\",\"datePublished\":\"2025-08-21T02:11:25+00:00\",\"breadcrumb\":{\"@id\":\"https:\\\/\\\/canal7slp.tv\\\/2025\\\/sorprende-al-alcalde-enrique-galindo-declaraciones-del-gobernador-del-estado-por-el-tema-de-la-pila\\\/#breadcrumb\"},\"inLanguage\":\"es\",\"potentialAction\":[{\"@type\":\"ReadAction\",\"target\":[\"https:\\\/\\\/canal7slp.tv\\\/2025\\\/sorprende-al-alcalde-enrique-galindo-declaraciones-del-gobernador-del-estado-por-el-tema-de-la-pila\\\/\"]}]},{\"@type\":\"ImageObject\",\"inLanguage\":\"es\",\"@id\":\"https:\\\/\\\/canal7slp.tv\\\/2025\\\/sorprende-al-alcalde-enrique-galindo-declaraciones-del-gobernador-del-estado-por-el-tema-de-la-pila\\\/#primaryimage\",\"url\":\"https:\\\/\\\/canal7slp.tv\\\/2025\\\/wp-content\\\/uploads\\\/2025\\\/08\\\/Claudio02Sorpresivo.jpg\",\"contentUrl\":\"https:\\\/\\\/canal7slp.tv\\\/2025\\\/wp-content\\\/uploads\\\/2025\\\/08\\\/Claudio02Sorpresivo.jpg\",\"width\":1280,\"height\":720},{\"@type\":\"BreadcrumbList\",\"@id\":\"https:\\\/\\\/canal7slp.tv\\\/2025\\\/sorprende-al-alcalde-enrique-galindo-declaraciones-del-gobernador-del-estado-por-el-tema-de-la-pila\\\/#breadcrumb\",\"itemListElement\":[{\"@type\":\"ListItem\",\"position\":1,\"name\":\"Portada\",\"item\":\"https:\\\/\\\/canal7slp.tv\\\/2025\\\/\"},{\"@type\":\"ListItem\",\"position\":2,\"name\":\"Sorprende al alcalde Enrique Galindo declaraciones del gobernador del estado por el tema de La Pila\"}]},{\"@type\":\"WebSite\",\"@id\":\"https:\\\/\\\/canal7slp.tv\\\/2025\\\/#website\",\"url\":\"https:\\\/\\\/canal7slp.tv\\\/2025\\\/\",\"name\":\"N7 - Noticieros Canal 7\",\"description\":\"Somos el Medio\",\"publisher\":{\"@id\":\"https:\\\/\\\/canal7slp.tv\\\/2025\\\/#organization\"},\"potentialAction\":[{\"@type\":\"SearchAction\",\"target\":{\"@type\":\"EntryPoint\",\"urlTemplate\":\"https:\\\/\\\/canal7slp.tv\\\/2025\\\/?s={search_term_string}\"},\"query-input\":{\"@type\":\"PropertyValueSpecification\",\"valueRequired\":true,\"valueName\":\"search_term_string\"}}],\"inLanguage\":\"es\"},{\"@type\":\"Organization\",\"@id\":\"https:\\\/\\\/canal7slp.tv\\\/2025\\\/#organization\",\"name\":\"Noticieros Canal 7\",\"url\":\"https:\\\/\\\/canal7slp.tv\\\/2025\\\/\",\"logo\":{\"@type\":\"ImageObject\",\"inLanguage\":\"es\",\"@id\":\"https:\\\/\\\/canal7slp.tv\\\/2025\\\/#\\\/schema\\\/logo\\\/image\\\/\",\"url\":\"https:\\\/\\\/canal7slp.tv\\\/2025\\\/wp-content\\\/uploads\\\/2021\\\/01\\\/logo-noticieros@2x.png\",\"contentUrl\":\"https:\\\/\\\/canal7slp.tv\\\/2025\\\/wp-content\\\/uploads\\\/2021\\\/01\\\/logo-noticieros@2x.png\",\"width\":1017,\"height\":268,\"caption\":\"Noticieros Canal 7\"},\"image\":{\"@id\":\"https:\\\/\\\/canal7slp.tv\\\/2025\\\/#\\\/schema\\\/logo\\\/image\\\/\"},\"sameAs\":[\"https:\\\/\\\/www.facebook.com\\\/noticieroscanal7atencionciudadana\\\/\",\"https:\\\/\\\/x.com\\\/NOTICIEROS7\",\"https:\\\/\\\/www.instagram.com\\\/canal7_slp\",\"https:\\\/\\\/www.youtube.com\\\/channel\\\/UCliiYs-gP3JfJeqdPrNdd5A\"]},{\"@type\":\"Person\",\"@id\":\"https:\\\/\\\/canal7slp.tv\\\/2025\\\/#\\\/schema\\\/person\\\/271e2b60a96e7cc9d9ac296f4d7e414b\",\"name\":\"Edici\u00f3n Web\",\"image\":{\"@type\":\"ImageObject\",\"inLanguage\":\"es\",\"@id\":\"https:\\\/\\\/secure.gravatar.com\\\/avatar\\\/eee448fc3f7164808013b816ba91ac7e43bbe82a70bebac296f8bc6f0addaa1a?s=96&d=mm&r=g\",\"url\":\"https:\\\/\\\/secure.gravatar.com\\\/avatar\\\/eee448fc3f7164808013b816ba91ac7e43bbe82a70bebac296f8bc6f0addaa1a?s=96&d=mm&r=g\",\"contentUrl\":\"https:\\\/\\\/secure.gravatar.com\\\/avatar\\\/eee448fc3f7164808013b816ba91ac7e43bbe82a70bebac296f8bc6f0addaa1a?s=96&d=mm&r=g\",\"caption\":\"Edici\u00f3n Web\"},\"url\":\"https:\\\/\\\/canal7slp.tv\\\/2025\\\/author\\\/edicionweb\\\/\"}]}<\/script>\n<!-- \/ Yoast SEO plugin. -->","yoast_head_json":{"title":"Sorprende al alcalde Enrique Galindo declaraciones del gobernador del estado por el tema de La Pila - Canal 7 SLP - 2025","robots":{"index":"index","follow":"follow","max-snippet":"max-snippet:-1","max-image-preview":"max-image-preview:large","max-video-preview":"max-video-preview:-1"},"canonical":"https:\/\/canal7slp.tv\/2025\/sorprende-al-alcalde-enrique-galindo-declaraciones-del-gobernador-del-estado-por-el-tema-de-la-pila\/","og_locale":"es_ES","og_type":"article","og_title":"Sorprende al alcalde Enrique Galindo declaraciones del gobernador del estado por el tema de La Pila - Canal 7 SLP - 2025","og_description":"SLP.- El presidente municipal capitalino Enrique Galindo Ceballos dijo mostrarse sorprendido ante las declaraciones del gobernador del estado, de que la delegaci\u00f3n de La Pila pudiera convertirse en municipio. Afirm\u00f3 que por lo menos una vez a la semana acude a esta delegaci\u00f3n y que no ha escuchado decir que los habitantes de esta demarcaci\u00f3n quieran la municipalizaci\u00f3n, \u201ca diferencia de Pozos en donde sus habitantes si la pidieron\u201d. En este contexto, coment\u00f3 que buscar\u00e1 un encuentro con el gobernador del estado adem\u00e1s de considerar otros factores para fijar una postura en este tema. En otro orden de ideas Galindo [&hellip;]","og_url":"https:\/\/canal7slp.tv\/2025\/sorprende-al-alcalde-enrique-galindo-declaraciones-del-gobernador-del-estado-por-el-tema-de-la-pila\/","og_site_name":"Canal 7 SLP - 2025","article_publisher":"https:\/\/www.facebook.com\/noticieroscanal7atencionciudadana\/","article_published_time":"2025-08-21T02:11:25+00:00","og_image":[{"width":1280,"height":720,"url":"https:\/\/canal7slp.tv\/2025\/wp-content\/uploads\/2025\/08\/Claudio02Sorpresivo.jpg","type":"image\/jpeg"}],"author":"Edici\u00f3n Web","twitter_card":"summary_large_image","twitter_creator":"@NOTICIEROS7","twitter_site":"@NOTICIEROS7","twitter_misc":{"Escrito por":"Edici\u00f3n Web","Tiempo de lectura":"1 minuto"},"schema":{"@context":"https:\/\/schema.org","@graph":[{"@type":"Article","@id":"https:\/\/canal7slp.tv\/2025\/sorprende-al-alcalde-enrique-galindo-declaraciones-del-gobernador-del-estado-por-el-tema-de-la-pila\/#article","isPartOf":{"@id":"https:\/\/canal7slp.tv\/2025\/sorprende-al-alcalde-enrique-galindo-declaraciones-del-gobernador-del-estado-por-el-tema-de-la-pila\/"},"author":{"name":"Edici\u00f3n Web","@id":"https:\/\/canal7slp.tv\/2025\/#\/schema\/person\/271e2b60a96e7cc9d9ac296f4d7e414b"},"headline":"Sorprende al alcalde Enrique Galindo declaraciones del gobernador del estado por el tema de La Pila","datePublished":"2025-08-21T02:11:25+00:00","mainEntityOfPage":{"@id":"https:\/\/canal7slp.tv\/2025\/sorprende-al-alcalde-enrique-galindo-declaraciones-del-gobernador-del-estado-por-el-tema-de-la-pila\/"},"wordCount":167,"publisher":{"@id":"https:\/\/canal7slp.tv\/2025\/#organization"},"image":{"@id":"https:\/\/canal7slp.tv\/2025\/sorprende-al-alcalde-enrique-galindo-declaraciones-del-gobernador-del-estado-por-el-tema-de-la-pila\/#primaryimage"},"thumbnailUrl":"https:\/\/canal7slp.tv\/2025\/wp-content\/uploads\/2025\/08\/Claudio02Sorpresivo.jpg","articleSection":["DESTACADAS","LOCALES Y REGIONALES"],"inLanguage":"es"},{"@type":"WebPage","@id":"https:\/\/canal7slp.tv\/2025\/sorprende-al-alcalde-enrique-galindo-declaraciones-del-gobernador-del-estado-por-el-tema-de-la-pila\/","url":"https:\/\/canal7slp.tv\/2025\/sorprende-al-alcalde-enrique-galindo-declaraciones-del-gobernador-del-estado-por-el-tema-de-la-pila\/","name":"Sorprende al alcalde Enrique Galindo declaraciones del gobernador del estado por el tema de La Pila - Canal 7 SLP - 2025","isPartOf":{"@id":"https:\/\/canal7slp.tv\/2025\/#website"},"primaryImageOfPage":{"@id":"https:\/\/canal7slp.tv\/2025\/sorprende-al-alcalde-enrique-galindo-declaraciones-del-gobernador-del-estado-por-el-tema-de-la-pila\/#primaryimage"},"image":{"@id":"https:\/\/canal7slp.tv\/2025\/sorprende-al-alcalde-enrique-galindo-declaraciones-del-gobernador-del-estado-por-el-tema-de-la-pila\/#primaryimage"},"thumbnailUrl":"https:\/\/canal7slp.tv\/2025\/wp-content\/uploads\/2025\/08\/Claudio02Sorpresivo.jpg","datePublished":"2025-08-21T02:11:25+00:00","breadcrumb":{"@id":"https:\/\/canal7slp.tv\/2025\/sorprende-al-alcalde-enrique-galindo-declaraciones-del-gobernador-del-estado-por-el-tema-de-la-pila\/#breadcrumb"},"inLanguage":"es","potentialAction":[{"@type":"ReadAction","target":["https:\/\/canal7slp.tv\/2025\/sorprende-al-alcalde-enrique-galindo-declaraciones-del-gobernador-del-estado-por-el-tema-de-la-pila\/"]}]},{"@type":"ImageObject","inLanguage":"es","@id":"https:\/\/canal7slp.tv\/2025\/sorprende-al-alcalde-enrique-galindo-declaraciones-del-gobernador-del-estado-por-el-tema-de-la-pila\/#primaryimage","url":"https:\/\/canal7slp.tv\/2025\/wp-content\/uploads\/2025\/08\/Claudio02Sorpresivo.jpg","contentUrl":"https:\/\/canal7slp.tv\/2025\/wp-content\/uploads\/2025\/08\/Claudio02Sorpresivo.jpg","width":1280,"height":720},{"@type":"BreadcrumbList","@id":"https:\/\/canal7slp.tv\/2025\/sorprende-al-alcalde-enrique-galindo-declaraciones-del-gobernador-del-estado-por-el-tema-de-la-pila\/#breadcrumb","itemListElement":[{"@type":"ListItem","position":1,"name":"Portada","item":"https:\/\/canal7slp.tv\/2025\/"},{"@type":"ListItem","position":2,"name":"Sorprende al alcalde Enrique Galindo declaraciones del gobernador del estado por el tema de La Pila"}]},{"@type":"WebSite","@id":"https:\/\/canal7slp.tv\/2025\/#website","url":"https:\/\/canal7slp.tv\/2025\/","name":"N7 - Noticieros Canal 7","description":"Somos el Medio","publisher":{"@id":"https:\/\/canal7slp.tv\/2025\/#organization"},"potentialAction":[{"@type":"SearchAction","target":{"@type":"EntryPoint","urlTemplate":"https:\/\/canal7slp.tv\/2025\/?s={search_term_string}"},"query-input":{"@type":"PropertyValueSpecification","valueRequired":true,"valueName":"search_term_string"}}],"inLanguage":"es"},{"@type":"Organization","@id":"https:\/\/canal7slp.tv\/2025\/#organization","name":"Noticieros Canal 7","url":"https:\/\/canal7slp.tv\/2025\/","logo":{"@type":"ImageObject","inLanguage":"es","@id":"https:\/\/canal7slp.tv\/2025\/#\/schema\/logo\/image\/","url":"https:\/\/canal7slp.tv\/2025\/wp-content\/uploads\/2021\/01\/logo-noticieros@2x.png","contentUrl":"https:\/\/canal7slp.tv\/2025\/wp-content\/uploads\/2021\/01\/logo-noticieros@2x.png","width":1017,"height":268,"caption":"Noticieros Canal 7"},"image":{"@id":"https:\/\/canal7slp.tv\/2025\/#\/schema\/logo\/image\/"},"sameAs":["https:\/\/www.facebook.com\/noticieroscanal7atencionciudadana\/","https:\/\/x.com\/NOTICIEROS7","https:\/\/www.instagram.com\/canal7_slp","https:\/\/www.youtube.com\/channel\/UCliiYs-gP3JfJeqdPrNdd5A"]},{"@type":"Person","@id":"https:\/\/canal7slp.tv\/2025\/#\/schema\/person\/271e2b60a96e7cc9d9ac296f4d7e414b","name":"Edici\u00f3n Web","image":{"@type":"ImageObject","inLanguage":"es","@id":"https:\/\/secure.gravatar.com\/avatar\/eee448fc3f7164808013b816ba91ac7e43bbe82a70bebac296f8bc6f0addaa1a?s=96&d=mm&r=g","url":"https:\/\/secure.gravatar.com\/avatar\/eee448fc3f7164808013b816ba91ac7e43bbe82a70bebac296f8bc6f0addaa1a?s=96&d=mm&r=g","contentUrl":"https:\/\/secure.gravatar.com\/avatar\/eee448fc3f7164808013b816ba91ac7e43bbe82a70bebac296f8bc6f0addaa1a?s=96&d=mm&r=g","caption":"Edici\u00f3n Web"},"url":"https:\/\/canal7slp.tv\/2025\/author\/edicionweb\/"}]}},"_links":{"self":[{"href":"https:\/\/canal7slp.tv\/2025\/wp-json\/wp\/v2\/posts\/177145","targetHints":{"allow":["GET"]}}],"collection":[{"href":"https:\/\/canal7slp.tv\/2025\/wp-json\/wp\/v2\/posts"}],"about":[{"href":"https:\/\/canal7slp.tv\/2025\/wp-json\/wp\/v2\/types\/post"}],"author":[{"embeddable":true,"href":"https:\/\/canal7slp.tv\/2025\/wp-json\/wp\/v2\/users\/2"}],"replies":[{"embeddable":true,"href":"https:\/\/canal7slp.tv\/2025\/wp-json\/wp\/v2\/comments?post=177145"}],"version-history":[{"count":1,"href":"https:\/\/canal7slp.tv\/2025\/wp-json\/wp\/v2\/posts\/177145\/revisions"}],"predecessor-version":[{"id":177148,"href":"https:\/\/canal7slp.tv\/2025\/wp-json\/wp\/v2\/posts\/177145\/revisions\/177148"}],"wp:featuredmedia":[{"embeddable":true,"href":"https:\/\/canal7slp.tv\/2025\/wp-json\/wp\/v2\/media\/177147"}],"wp:attachment":[{"href":"https:\/\/canal7slp.tv\/2025\/wp-json\/wp\/v2\/media?parent=177145"}],"wp:term":[{"taxonomy":"category","embeddable":true,"href":"https:\/\/canal7slp.tv\/2025\/wp-json\/wp\/v2\/categories?post=177145"},{"taxonomy":"post_tag","embeddable":true,"href":"https:\/\/canal7slp.tv\/2025\/wp-json\/wp\/v2\/tags?post=177145"}],"curies":[{"name":"wp","href":"https:\/\/api.w.org\/{rel}","templated":true}]}}