{"id":177141,"date":"2025-08-20T20:03:13","date_gmt":"2025-08-21T02:03:13","guid":{"rendered":"https:\/\/canal7slp.tv\/2025\/?p=177141"},"modified":"2025-08-20T20:03:13","modified_gmt":"2025-08-21T02:03:13","slug":"entregan-reconocimientos-a-trabajadores-del-ayuntamiento-capitalino","status":"publish","type":"post","link":"https:\/\/canal7slp.tv\/2025\/entregan-reconocimientos-a-trabajadores-del-ayuntamiento-capitalino\/","title":{"rendered":"Entregan reconocimientos a trabajadores del Ayuntamiento Capitalino"},"content":{"rendered":"<p style=\"text-align: justify;\">SLP.- Al reconocer a personal con 20, 25 y 30 a\u00f1os de servicio el presidente municipal Enrique Galindo Ceballos, afirm\u00f3 que en anteriores administraciones no eran frecuentes los incrementos salariales, prestaciones ni este tipo de reconocimientos.<\/p>\n<p style=\"text-align: justify;\">Al afirmar que en el tema de jubilaciones \u201cel Cabildo ya se est\u00e1 sensibilizando\u201d el alcalde capitalino, se comprometi\u00f3 a saldar pendientes al solicitar iniciar el proceso de jubilaci\u00f3n a quienes tienen ya 30 a\u00f1os de servicio en la administraci\u00f3n municipal.<\/p>\n<p style=\"text-align: justify;\">Asimismo, Galindo Ceballos dio instrucciones para que se les otorgue contrato definitivo a quienes desde hace a\u00f1os, vienen firmando contratos mes por mes \u00f3 temporales.<\/p>\n<p>Por: Claudio Ibarrag<\/p>\n","protected":false},"excerpt":{"rendered":"<p>SLP.- Al reconocer a personal con 20, 25 y 30 a\u00f1os de servicio el presidente municipal Enrique Galindo Ceballos, afirm\u00f3 que en anteriores administraciones no eran frecuentes los incrementos salariales, prestaciones ni este tipo de reconocimientos. Al afirmar que en el tema de jubilaciones \u201cel Cabildo ya se est\u00e1 sensibilizando\u201d el alcalde capitalino, se comprometi\u00f3 a saldar pendientes al solicitar iniciar el proceso de jubilaci\u00f3n a quienes tienen ya 30 a\u00f1os de servicio en la administraci\u00f3n municipal. Asimismo, Galindo Ceballos dio instrucciones para que se les otorgue contrato definitivo a quienes desde hace a\u00f1os, vienen firmando contratos mes por mes [&hellip;]<\/p>\n","protected":false},"author":2,"featured_media":177143,"comment_status":"closed","ping_status":"closed","sticky":false,"template":"","format":"video","meta":{"_monsterinsights_skip_tracking":false,"_monsterinsights_sitenote_active":false,"_monsterinsights_sitenote_note":"","_monsterinsights_sitenote_category":0,"footnotes":""},"categories":[66,5,45],"tags":[],"class_list":["post-177141","post","type-post","status-publish","format-video","has-post-thumbnail","hentry","category-ayoslp","category-destacadas","category-localesyregionales","post_format-post-format-video","post--single"],"yoast_head":"<!-- This site is optimized with the Yoast SEO plugin v27.4 - https:\/\/yoast.com\/product\/yoast-seo-wordpress\/ -->\n<title>Entregan reconocimientos a trabajadores del Ayuntamiento Capitalino - Canal 7 SLP - 2025<\/title>\n<meta name=\"robots\" content=\"index, follow, max-snippet:-1, max-image-preview:large, max-video-preview:-1\" \/>\n<link rel=\"canonical\" href=\"https:\/\/canal7slp.tv\/2025\/entregan-reconocimientos-a-trabajadores-del-ayuntamiento-capitalino\/\" \/>\n<meta property=\"og:locale\" content=\"es_ES\" \/>\n<meta property=\"og:type\" content=\"article\" \/>\n<meta property=\"og:title\" content=\"Entregan reconocimientos a trabajadores del Ayuntamiento Capitalino - Canal 7 SLP - 2025\" \/>\n<meta property=\"og:description\" content=\"SLP.- Al reconocer a personal con 20, 25 y 30 a\u00f1os de servicio el presidente municipal Enrique Galindo Ceballos, afirm\u00f3 que en anteriores administraciones no eran frecuentes los incrementos salariales, prestaciones ni este tipo de reconocimientos. Al afirmar que en el tema de jubilaciones \u201cel Cabildo ya se est\u00e1 sensibilizando\u201d el alcalde capitalino, se comprometi\u00f3 a saldar pendientes al solicitar iniciar el proceso de jubilaci\u00f3n a quienes tienen ya 30 a\u00f1os de servicio en la administraci\u00f3n municipal. Asimismo, Galindo Ceballos dio instrucciones para que se les otorgue contrato definitivo a quienes desde hace a\u00f1os, vienen firmando contratos mes por mes [&hellip;]\" \/>\n<meta property=\"og:url\" content=\"https:\/\/canal7slp.tv\/2025\/entregan-reconocimientos-a-trabajadores-del-ayuntamiento-capitalino\/\" \/>\n<meta property=\"og:site_name\" content=\"Canal 7 SLP - 2025\" \/>\n<meta property=\"article:publisher\" content=\"https:\/\/www.facebook.com\/noticieroscanal7atencionciudadana\/\" \/>\n<meta property=\"article:published_time\" content=\"2025-08-21T02:03:13+00:00\" \/>\n<meta property=\"og:image\" content=\"https:\/\/canal7slp.tv\/2025\/wp-content\/uploads\/2025\/08\/Claudio01Reconocimienos.jpg\" \/>\n\t<meta property=\"og:image:width\" content=\"1280\" \/>\n\t<meta property=\"og:image:height\" content=\"720\" \/>\n\t<meta property=\"og:image:type\" content=\"image\/jpeg\" \/>\n<meta name=\"author\" content=\"Edici\u00f3n Web\" \/>\n<meta name=\"twitter:card\" content=\"summary_large_image\" \/>\n<meta name=\"twitter:creator\" content=\"@NOTICIEROS7\" \/>\n<meta name=\"twitter:site\" content=\"@NOTICIEROS7\" \/>\n<meta name=\"twitter:label1\" content=\"Escrito por\" \/>\n\t<meta name=\"twitter:data1\" content=\"Edici\u00f3n Web\" \/>\n\t<meta name=\"twitter:label2\" content=\"Tiempo de lectura\" \/>\n\t<meta name=\"twitter:data2\" content=\"1 minuto\" \/>\n<script type=\"application\/ld+json\" class=\"yoast-schema-graph\">{\"@context\":\"https:\\\/\\\/schema.org\",\"@graph\":[{\"@type\":\"Article\",\"@id\":\"https:\\\/\\\/canal7slp.tv\\\/2025\\\/entregan-reconocimientos-a-trabajadores-del-ayuntamiento-capitalino\\\/#article\",\"isPartOf\":{\"@id\":\"https:\\\/\\\/canal7slp.tv\\\/2025\\\/entregan-reconocimientos-a-trabajadores-del-ayuntamiento-capitalino\\\/\"},\"author\":{\"name\":\"Edici\u00f3n Web\",\"@id\":\"https:\\\/\\\/canal7slp.tv\\\/2025\\\/#\\\/schema\\\/person\\\/271e2b60a96e7cc9d9ac296f4d7e414b\"},\"headline\":\"Entregan reconocimientos a trabajadores del Ayuntamiento Capitalino\",\"datePublished\":\"2025-08-21T02:03:13+00:00\",\"mainEntityOfPage\":{\"@id\":\"https:\\\/\\\/canal7slp.tv\\\/2025\\\/entregan-reconocimientos-a-trabajadores-del-ayuntamiento-capitalino\\\/\"},\"wordCount\":113,\"publisher\":{\"@id\":\"https:\\\/\\\/canal7slp.tv\\\/2025\\\/#organization\"},\"image\":{\"@id\":\"https:\\\/\\\/canal7slp.tv\\\/2025\\\/entregan-reconocimientos-a-trabajadores-del-ayuntamiento-capitalino\\\/#primaryimage\"},\"thumbnailUrl\":\"https:\\\/\\\/canal7slp.tv\\\/2025\\\/wp-content\\\/uploads\\\/2025\\\/08\\\/Claudio01Reconocimienos.jpg\",\"articleSection\":[\"AYOSLP\",\"DESTACADAS\",\"LOCALES Y REGIONALES\"],\"inLanguage\":\"es\"},{\"@type\":\"WebPage\",\"@id\":\"https:\\\/\\\/canal7slp.tv\\\/2025\\\/entregan-reconocimientos-a-trabajadores-del-ayuntamiento-capitalino\\\/\",\"url\":\"https:\\\/\\\/canal7slp.tv\\\/2025\\\/entregan-reconocimientos-a-trabajadores-del-ayuntamiento-capitalino\\\/\",\"name\":\"Entregan reconocimientos a trabajadores del Ayuntamiento Capitalino - Canal 7 SLP - 2025\",\"isPartOf\":{\"@id\":\"https:\\\/\\\/canal7slp.tv\\\/2025\\\/#website\"},\"primaryImageOfPage\":{\"@id\":\"https:\\\/\\\/canal7slp.tv\\\/2025\\\/entregan-reconocimientos-a-trabajadores-del-ayuntamiento-capitalino\\\/#primaryimage\"},\"image\":{\"@id\":\"https:\\\/\\\/canal7slp.tv\\\/2025\\\/entregan-reconocimientos-a-trabajadores-del-ayuntamiento-capitalino\\\/#primaryimage\"},\"thumbnailUrl\":\"https:\\\/\\\/canal7slp.tv\\\/2025\\\/wp-content\\\/uploads\\\/2025\\\/08\\\/Claudio01Reconocimienos.jpg\",\"datePublished\":\"2025-08-21T02:03:13+00:00\",\"breadcrumb\":{\"@id\":\"https:\\\/\\\/canal7slp.tv\\\/2025\\\/entregan-reconocimientos-a-trabajadores-del-ayuntamiento-capitalino\\\/#breadcrumb\"},\"inLanguage\":\"es\",\"potentialAction\":[{\"@type\":\"ReadAction\",\"target\":[\"https:\\\/\\\/canal7slp.tv\\\/2025\\\/entregan-reconocimientos-a-trabajadores-del-ayuntamiento-capitalino\\\/\"]}]},{\"@type\":\"ImageObject\",\"inLanguage\":\"es\",\"@id\":\"https:\\\/\\\/canal7slp.tv\\\/2025\\\/entregan-reconocimientos-a-trabajadores-del-ayuntamiento-capitalino\\\/#primaryimage\",\"url\":\"https:\\\/\\\/canal7slp.tv\\\/2025\\\/wp-content\\\/uploads\\\/2025\\\/08\\\/Claudio01Reconocimienos.jpg\",\"contentUrl\":\"https:\\\/\\\/canal7slp.tv\\\/2025\\\/wp-content\\\/uploads\\\/2025\\\/08\\\/Claudio01Reconocimienos.jpg\",\"width\":1280,\"height\":720},{\"@type\":\"BreadcrumbList\",\"@id\":\"https:\\\/\\\/canal7slp.tv\\\/2025\\\/entregan-reconocimientos-a-trabajadores-del-ayuntamiento-capitalino\\\/#breadcrumb\",\"itemListElement\":[{\"@type\":\"ListItem\",\"position\":1,\"name\":\"Portada\",\"item\":\"https:\\\/\\\/canal7slp.tv\\\/2025\\\/\"},{\"@type\":\"ListItem\",\"position\":2,\"name\":\"Entregan reconocimientos a trabajadores del Ayuntamiento Capitalino\"}]},{\"@type\":\"WebSite\",\"@id\":\"https:\\\/\\\/canal7slp.tv\\\/2025\\\/#website\",\"url\":\"https:\\\/\\\/canal7slp.tv\\\/2025\\\/\",\"name\":\"N7 - Noticieros Canal 7\",\"description\":\"Somos el Medio\",\"publisher\":{\"@id\":\"https:\\\/\\\/canal7slp.tv\\\/2025\\\/#organization\"},\"potentialAction\":[{\"@type\":\"SearchAction\",\"target\":{\"@type\":\"EntryPoint\",\"urlTemplate\":\"https:\\\/\\\/canal7slp.tv\\\/2025\\\/?s={search_term_string}\"},\"query-input\":{\"@type\":\"PropertyValueSpecification\",\"valueRequired\":true,\"valueName\":\"search_term_string\"}}],\"inLanguage\":\"es\"},{\"@type\":\"Organization\",\"@id\":\"https:\\\/\\\/canal7slp.tv\\\/2025\\\/#organization\",\"name\":\"Noticieros Canal 7\",\"url\":\"https:\\\/\\\/canal7slp.tv\\\/2025\\\/\",\"logo\":{\"@type\":\"ImageObject\",\"inLanguage\":\"es\",\"@id\":\"https:\\\/\\\/canal7slp.tv\\\/2025\\\/#\\\/schema\\\/logo\\\/image\\\/\",\"url\":\"https:\\\/\\\/canal7slp.tv\\\/2025\\\/wp-content\\\/uploads\\\/2021\\\/01\\\/logo-noticieros@2x.png\",\"contentUrl\":\"https:\\\/\\\/canal7slp.tv\\\/2025\\\/wp-content\\\/uploads\\\/2021\\\/01\\\/logo-noticieros@2x.png\",\"width\":1017,\"height\":268,\"caption\":\"Noticieros Canal 7\"},\"image\":{\"@id\":\"https:\\\/\\\/canal7slp.tv\\\/2025\\\/#\\\/schema\\\/logo\\\/image\\\/\"},\"sameAs\":[\"https:\\\/\\\/www.facebook.com\\\/noticieroscanal7atencionciudadana\\\/\",\"https:\\\/\\\/x.com\\\/NOTICIEROS7\",\"https:\\\/\\\/www.instagram.com\\\/canal7_slp\",\"https:\\\/\\\/www.youtube.com\\\/channel\\\/UCliiYs-gP3JfJeqdPrNdd5A\"]},{\"@type\":\"Person\",\"@id\":\"https:\\\/\\\/canal7slp.tv\\\/2025\\\/#\\\/schema\\\/person\\\/271e2b60a96e7cc9d9ac296f4d7e414b\",\"name\":\"Edici\u00f3n Web\",\"image\":{\"@type\":\"ImageObject\",\"inLanguage\":\"es\",\"@id\":\"https:\\\/\\\/secure.gravatar.com\\\/avatar\\\/eee448fc3f7164808013b816ba91ac7e43bbe82a70bebac296f8bc6f0addaa1a?s=96&d=mm&r=g\",\"url\":\"https:\\\/\\\/secure.gravatar.com\\\/avatar\\\/eee448fc3f7164808013b816ba91ac7e43bbe82a70bebac296f8bc6f0addaa1a?s=96&d=mm&r=g\",\"contentUrl\":\"https:\\\/\\\/secure.gravatar.com\\\/avatar\\\/eee448fc3f7164808013b816ba91ac7e43bbe82a70bebac296f8bc6f0addaa1a?s=96&d=mm&r=g\",\"caption\":\"Edici\u00f3n Web\"},\"url\":\"https:\\\/\\\/canal7slp.tv\\\/2025\\\/author\\\/edicionweb\\\/\"}]}<\/script>\n<!-- \/ Yoast SEO plugin. -->","yoast_head_json":{"title":"Entregan reconocimientos a trabajadores del Ayuntamiento Capitalino - Canal 7 SLP - 2025","robots":{"index":"index","follow":"follow","max-snippet":"max-snippet:-1","max-image-preview":"max-image-preview:large","max-video-preview":"max-video-preview:-1"},"canonical":"https:\/\/canal7slp.tv\/2025\/entregan-reconocimientos-a-trabajadores-del-ayuntamiento-capitalino\/","og_locale":"es_ES","og_type":"article","og_title":"Entregan reconocimientos a trabajadores del Ayuntamiento Capitalino - Canal 7 SLP - 2025","og_description":"SLP.- Al reconocer a personal con 20, 25 y 30 a\u00f1os de servicio el presidente municipal Enrique Galindo Ceballos, afirm\u00f3 que en anteriores administraciones no eran frecuentes los incrementos salariales, prestaciones ni este tipo de reconocimientos. Al afirmar que en el tema de jubilaciones \u201cel Cabildo ya se est\u00e1 sensibilizando\u201d el alcalde capitalino, se comprometi\u00f3 a saldar pendientes al solicitar iniciar el proceso de jubilaci\u00f3n a quienes tienen ya 30 a\u00f1os de servicio en la administraci\u00f3n municipal. Asimismo, Galindo Ceballos dio instrucciones para que se les otorgue contrato definitivo a quienes desde hace a\u00f1os, vienen firmando contratos mes por mes [&hellip;]","og_url":"https:\/\/canal7slp.tv\/2025\/entregan-reconocimientos-a-trabajadores-del-ayuntamiento-capitalino\/","og_site_name":"Canal 7 SLP - 2025","article_publisher":"https:\/\/www.facebook.com\/noticieroscanal7atencionciudadana\/","article_published_time":"2025-08-21T02:03:13+00:00","og_image":[{"width":1280,"height":720,"url":"https:\/\/canal7slp.tv\/2025\/wp-content\/uploads\/2025\/08\/Claudio01Reconocimienos.jpg","type":"image\/jpeg"}],"author":"Edici\u00f3n Web","twitter_card":"summary_large_image","twitter_creator":"@NOTICIEROS7","twitter_site":"@NOTICIEROS7","twitter_misc":{"Escrito por":"Edici\u00f3n Web","Tiempo de lectura":"1 minuto"},"schema":{"@context":"https:\/\/schema.org","@graph":[{"@type":"Article","@id":"https:\/\/canal7slp.tv\/2025\/entregan-reconocimientos-a-trabajadores-del-ayuntamiento-capitalino\/#article","isPartOf":{"@id":"https:\/\/canal7slp.tv\/2025\/entregan-reconocimientos-a-trabajadores-del-ayuntamiento-capitalino\/"},"author":{"name":"Edici\u00f3n Web","@id":"https:\/\/canal7slp.tv\/2025\/#\/schema\/person\/271e2b60a96e7cc9d9ac296f4d7e414b"},"headline":"Entregan reconocimientos a trabajadores del Ayuntamiento Capitalino","datePublished":"2025-08-21T02:03:13+00:00","mainEntityOfPage":{"@id":"https:\/\/canal7slp.tv\/2025\/entregan-reconocimientos-a-trabajadores-del-ayuntamiento-capitalino\/"},"wordCount":113,"publisher":{"@id":"https:\/\/canal7slp.tv\/2025\/#organization"},"image":{"@id":"https:\/\/canal7slp.tv\/2025\/entregan-reconocimientos-a-trabajadores-del-ayuntamiento-capitalino\/#primaryimage"},"thumbnailUrl":"https:\/\/canal7slp.tv\/2025\/wp-content\/uploads\/2025\/08\/Claudio01Reconocimienos.jpg","articleSection":["AYOSLP","DESTACADAS","LOCALES Y REGIONALES"],"inLanguage":"es"},{"@type":"WebPage","@id":"https:\/\/canal7slp.tv\/2025\/entregan-reconocimientos-a-trabajadores-del-ayuntamiento-capitalino\/","url":"https:\/\/canal7slp.tv\/2025\/entregan-reconocimientos-a-trabajadores-del-ayuntamiento-capitalino\/","name":"Entregan reconocimientos a trabajadores del Ayuntamiento Capitalino - Canal 7 SLP - 2025","isPartOf":{"@id":"https:\/\/canal7slp.tv\/2025\/#website"},"primaryImageOfPage":{"@id":"https:\/\/canal7slp.tv\/2025\/entregan-reconocimientos-a-trabajadores-del-ayuntamiento-capitalino\/#primaryimage"},"image":{"@id":"https:\/\/canal7slp.tv\/2025\/entregan-reconocimientos-a-trabajadores-del-ayuntamiento-capitalino\/#primaryimage"},"thumbnailUrl":"https:\/\/canal7slp.tv\/2025\/wp-content\/uploads\/2025\/08\/Claudio01Reconocimienos.jpg","datePublished":"2025-08-21T02:03:13+00:00","breadcrumb":{"@id":"https:\/\/canal7slp.tv\/2025\/entregan-reconocimientos-a-trabajadores-del-ayuntamiento-capitalino\/#breadcrumb"},"inLanguage":"es","potentialAction":[{"@type":"ReadAction","target":["https:\/\/canal7slp.tv\/2025\/entregan-reconocimientos-a-trabajadores-del-ayuntamiento-capitalino\/"]}]},{"@type":"ImageObject","inLanguage":"es","@id":"https:\/\/canal7slp.tv\/2025\/entregan-reconocimientos-a-trabajadores-del-ayuntamiento-capitalino\/#primaryimage","url":"https:\/\/canal7slp.tv\/2025\/wp-content\/uploads\/2025\/08\/Claudio01Reconocimienos.jpg","contentUrl":"https:\/\/canal7slp.tv\/2025\/wp-content\/uploads\/2025\/08\/Claudio01Reconocimienos.jpg","width":1280,"height":720},{"@type":"BreadcrumbList","@id":"https:\/\/canal7slp.tv\/2025\/entregan-reconocimientos-a-trabajadores-del-ayuntamiento-capitalino\/#breadcrumb","itemListElement":[{"@type":"ListItem","position":1,"name":"Portada","item":"https:\/\/canal7slp.tv\/2025\/"},{"@type":"ListItem","position":2,"name":"Entregan reconocimientos a trabajadores del Ayuntamiento Capitalino"}]},{"@type":"WebSite","@id":"https:\/\/canal7slp.tv\/2025\/#website","url":"https:\/\/canal7slp.tv\/2025\/","name":"N7 - Noticieros Canal 7","description":"Somos el Medio","publisher":{"@id":"https:\/\/canal7slp.tv\/2025\/#organization"},"potentialAction":[{"@type":"SearchAction","target":{"@type":"EntryPoint","urlTemplate":"https:\/\/canal7slp.tv\/2025\/?s={search_term_string}"},"query-input":{"@type":"PropertyValueSpecification","valueRequired":true,"valueName":"search_term_string"}}],"inLanguage":"es"},{"@type":"Organization","@id":"https:\/\/canal7slp.tv\/2025\/#organization","name":"Noticieros Canal 7","url":"https:\/\/canal7slp.tv\/2025\/","logo":{"@type":"ImageObject","inLanguage":"es","@id":"https:\/\/canal7slp.tv\/2025\/#\/schema\/logo\/image\/","url":"https:\/\/canal7slp.tv\/2025\/wp-content\/uploads\/2021\/01\/logo-noticieros@2x.png","contentUrl":"https:\/\/canal7slp.tv\/2025\/wp-content\/uploads\/2021\/01\/logo-noticieros@2x.png","width":1017,"height":268,"caption":"Noticieros Canal 7"},"image":{"@id":"https:\/\/canal7slp.tv\/2025\/#\/schema\/logo\/image\/"},"sameAs":["https:\/\/www.facebook.com\/noticieroscanal7atencionciudadana\/","https:\/\/x.com\/NOTICIEROS7","https:\/\/www.instagram.com\/canal7_slp","https:\/\/www.youtube.com\/channel\/UCliiYs-gP3JfJeqdPrNdd5A"]},{"@type":"Person","@id":"https:\/\/canal7slp.tv\/2025\/#\/schema\/person\/271e2b60a96e7cc9d9ac296f4d7e414b","name":"Edici\u00f3n Web","image":{"@type":"ImageObject","inLanguage":"es","@id":"https:\/\/secure.gravatar.com\/avatar\/eee448fc3f7164808013b816ba91ac7e43bbe82a70bebac296f8bc6f0addaa1a?s=96&d=mm&r=g","url":"https:\/\/secure.gravatar.com\/avatar\/eee448fc3f7164808013b816ba91ac7e43bbe82a70bebac296f8bc6f0addaa1a?s=96&d=mm&r=g","contentUrl":"https:\/\/secure.gravatar.com\/avatar\/eee448fc3f7164808013b816ba91ac7e43bbe82a70bebac296f8bc6f0addaa1a?s=96&d=mm&r=g","caption":"Edici\u00f3n Web"},"url":"https:\/\/canal7slp.tv\/2025\/author\/edicionweb\/"}]}},"_links":{"self":[{"href":"https:\/\/canal7slp.tv\/2025\/wp-json\/wp\/v2\/posts\/177141","targetHints":{"allow":["GET"]}}],"collection":[{"href":"https:\/\/canal7slp.tv\/2025\/wp-json\/wp\/v2\/posts"}],"about":[{"href":"https:\/\/canal7slp.tv\/2025\/wp-json\/wp\/v2\/types\/post"}],"author":[{"embeddable":true,"href":"https:\/\/canal7slp.tv\/2025\/wp-json\/wp\/v2\/users\/2"}],"replies":[{"embeddable":true,"href":"https:\/\/canal7slp.tv\/2025\/wp-json\/wp\/v2\/comments?post=177141"}],"version-history":[{"count":1,"href":"https:\/\/canal7slp.tv\/2025\/wp-json\/wp\/v2\/posts\/177141\/revisions"}],"predecessor-version":[{"id":177144,"href":"https:\/\/canal7slp.tv\/2025\/wp-json\/wp\/v2\/posts\/177141\/revisions\/177144"}],"wp:featuredmedia":[{"embeddable":true,"href":"https:\/\/canal7slp.tv\/2025\/wp-json\/wp\/v2\/media\/177143"}],"wp:attachment":[{"href":"https:\/\/canal7slp.tv\/2025\/wp-json\/wp\/v2\/media?parent=177141"}],"wp:term":[{"taxonomy":"category","embeddable":true,"href":"https:\/\/canal7slp.tv\/2025\/wp-json\/wp\/v2\/categories?post=177141"},{"taxonomy":"post_tag","embeddable":true,"href":"https:\/\/canal7slp.tv\/2025\/wp-json\/wp\/v2\/tags?post=177141"}],"curies":[{"name":"wp","href":"https:\/\/api.w.org\/{rel}","templated":true}]}}