{"id":177138,"date":"2025-08-20T19:55:44","date_gmt":"2025-08-21T01:55:44","guid":{"rendered":"https:\/\/canal7slp.tv\/2025\/?p=177138"},"modified":"2025-08-20T19:55:44","modified_gmt":"2025-08-21T01:55:44","slug":"autoridades-reportan-disminucion-de-desplazamientos-forzados-en-zona-fronteriza-de-chiapas","status":"publish","type":"post","link":"https:\/\/canal7slp.tv\/2025\/autoridades-reportan-disminucion-de-desplazamientos-forzados-en-zona-fronteriza-de-chiapas\/","title":{"rendered":"Autoridades reportan disminuci\u00f3n de desplazamientos forzados en zona fronteriza de Chiapas"},"content":{"rendered":"<p style=\"text-align: justify;\">\n<p style=\"text-align: justify;\">Chiapas.- El fiscal de distrito Sierra Mariscal en Chiapas, Jackson Leonidas Guti\u00e9rrez Mart\u00ednez, inform\u00f3 que los desplazamientos de poblaci\u00f3n hacia Guatemala registrados previamente en la regi\u00f3n respondieron a movimientos de familiares de presuntos l\u00edderes criminales que buscaban evitar procesos judiciales.<\/p>\n<p style=\"text-align: justify;\">De acuerdo con declaraciones del funcionario, tras las intervenciones de las autoridades en enero de 2025 en ejidos de la zona, se habr\u00edan producido migraciones de personas vinculadas familiarmente con individuos identificados como generadores de violencia. Guti\u00e9rrez Mart\u00ednez se\u00f1al\u00f3 que estas personas abandonaron la regi\u00f3n \u00abal sentirse que ellos tambi\u00e9n cooperaron o favorecieron a la violencia\u00bb.<\/p>\n<p style=\"text-align: justify;\">Las corporaciones de seguridad reportan la detenci\u00f3n de 60 personas presuntamente involucradas en actividades de grupos delictivos, adem\u00e1s de haber solicitado 100 \u00f3rdenes de aprehensi\u00f3n contra otros individuos vinculados a estos hechos.<\/p>\n<p style=\"text-align: justify;\">En los ejidos de El Sabinalito y Santa Teresa Llano Grande, que seg\u00fan versiones oficiales permanecieron bajo control de un grupo identificado como \u00abEl Ma\u00edz\u00bb -presunto brazo del C\u00e1rtel Jalisco Nueva Generaci\u00f3n (CJNG)- durante casi cuatro a\u00f1os, se realizaron procedimientos de cateo en viviendas y propiedades, actualmente aseguradas por la Fiscal\u00eda.<\/p>\n<p style=\"text-align: justify;\">El fiscal distrital afirm\u00f3 que desde enero de 2025 no se han registrado nuevos desplazamientos forzados en la zona, indicando que la poblaci\u00f3n no involucrada en actividades il\u00edcitas contin\u00faa desarrollando sus actividades productivas con normalidad.<\/p>\n<p style=\"text-align: justify;\">La violencia en la regi\u00f3n fronteriza de Chiapas se habr\u00eda intensificado a partir de diciembre de 2020, con episodios particularmente graves en mayo de 2021, como consecuencia de disputas territoriales entre grupos delictivos. En septiembre de 2024, aproximadamente 400 personas cruzaron hacia Guatemala buscando refugio en el municipio de Cuilco, tras quedar atrapadas en enfrentamientos y recibir amenazas de grupos criminales.<\/p>\n","protected":false},"excerpt":{"rendered":"<p>Chiapas.- El fiscal de distrito Sierra Mariscal en Chiapas, Jackson Leonidas Guti\u00e9rrez Mart\u00ednez, inform\u00f3 que los desplazamientos de poblaci\u00f3n hacia Guatemala registrados previamente en la regi\u00f3n respondieron a movimientos de familiares de presuntos l\u00edderes criminales que buscaban evitar procesos judiciales. De acuerdo con declaraciones del funcionario, tras las intervenciones de las autoridades en enero de 2025 en ejidos de la zona, se habr\u00edan producido migraciones de personas vinculadas familiarmente con individuos identificados como generadores de violencia. Guti\u00e9rrez Mart\u00ednez se\u00f1al\u00f3 que estas personas abandonaron la regi\u00f3n \u00abal sentirse que ellos tambi\u00e9n cooperaron o favorecieron a la violencia\u00bb. Las corporaciones de seguridad [&hellip;]<\/p>\n","protected":false},"author":2,"featured_media":177139,"comment_status":"closed","ping_status":"closed","sticky":false,"template":"","format":"standard","meta":{"_monsterinsights_skip_tracking":false,"_monsterinsights_sitenote_active":false,"_monsterinsights_sitenote_note":"","_monsterinsights_sitenote_category":0,"footnotes":""},"categories":[46],"tags":[],"class_list":["post-177138","post","type-post","status-publish","format-standard","has-post-thumbnail","hentry","category-nacional","post--single"],"yoast_head":"<!-- This site is optimized with the Yoast SEO plugin v27.5 - https:\/\/yoast.com\/product\/yoast-seo-wordpress\/ -->\n<title>Autoridades reportan disminuci\u00f3n de desplazamientos forzados en zona fronteriza de Chiapas - Canal 7 SLP - 2025<\/title>\n<meta name=\"robots\" content=\"index, follow, max-snippet:-1, max-image-preview:large, max-video-preview:-1\" \/>\n<link rel=\"canonical\" href=\"https:\/\/canal7slp.tv\/2025\/autoridades-reportan-disminucion-de-desplazamientos-forzados-en-zona-fronteriza-de-chiapas\/\" \/>\n<meta property=\"og:locale\" content=\"es_ES\" \/>\n<meta property=\"og:type\" content=\"article\" \/>\n<meta property=\"og:title\" content=\"Autoridades reportan disminuci\u00f3n de desplazamientos forzados en zona fronteriza de Chiapas - Canal 7 SLP - 2025\" \/>\n<meta property=\"og:description\" content=\"Chiapas.- El fiscal de distrito Sierra Mariscal en Chiapas, Jackson Leonidas Guti\u00e9rrez Mart\u00ednez, inform\u00f3 que los desplazamientos de poblaci\u00f3n hacia Guatemala registrados previamente en la regi\u00f3n respondieron a movimientos de familiares de presuntos l\u00edderes criminales que buscaban evitar procesos judiciales. De acuerdo con declaraciones del funcionario, tras las intervenciones de las autoridades en enero de 2025 en ejidos de la zona, se habr\u00edan producido migraciones de personas vinculadas familiarmente con individuos identificados como generadores de violencia. Guti\u00e9rrez Mart\u00ednez se\u00f1al\u00f3 que estas personas abandonaron la regi\u00f3n \u00abal sentirse que ellos tambi\u00e9n cooperaron o favorecieron a la violencia\u00bb. Las corporaciones de seguridad [&hellip;]\" \/>\n<meta property=\"og:url\" content=\"https:\/\/canal7slp.tv\/2025\/autoridades-reportan-disminucion-de-desplazamientos-forzados-en-zona-fronteriza-de-chiapas\/\" \/>\n<meta property=\"og:site_name\" content=\"Canal 7 SLP - 2025\" \/>\n<meta property=\"article:publisher\" content=\"https:\/\/www.facebook.com\/noticieroscanal7atencionciudadana\/\" \/>\n<meta property=\"article:published_time\" content=\"2025-08-21T01:55:44+00:00\" \/>\n<meta property=\"og:image\" content=\"https:\/\/canal7slp.tv\/2025\/wp-content\/uploads\/2025\/08\/15-10.jpg\" \/>\n\t<meta property=\"og:image:width\" content=\"615\" \/>\n\t<meta property=\"og:image:height\" content=\"410\" \/>\n\t<meta property=\"og:image:type\" content=\"image\/jpeg\" \/>\n<meta name=\"author\" content=\"Edici\u00f3n Web\" \/>\n<meta name=\"twitter:card\" content=\"summary_large_image\" \/>\n<meta name=\"twitter:creator\" content=\"@NOTICIEROS7\" \/>\n<meta name=\"twitter:site\" content=\"@NOTICIEROS7\" \/>\n<meta name=\"twitter:label1\" content=\"Escrito por\" \/>\n\t<meta name=\"twitter:data1\" content=\"Edici\u00f3n Web\" \/>\n\t<meta name=\"twitter:label2\" content=\"Tiempo de lectura\" \/>\n\t<meta name=\"twitter:data2\" content=\"2 minutos\" \/>\n<script type=\"application\/ld+json\" class=\"yoast-schema-graph\">{\"@context\":\"https:\\\/\\\/schema.org\",\"@graph\":[{\"@type\":\"Article\",\"@id\":\"https:\\\/\\\/canal7slp.tv\\\/2025\\\/autoridades-reportan-disminucion-de-desplazamientos-forzados-en-zona-fronteriza-de-chiapas\\\/#article\",\"isPartOf\":{\"@id\":\"https:\\\/\\\/canal7slp.tv\\\/2025\\\/autoridades-reportan-disminucion-de-desplazamientos-forzados-en-zona-fronteriza-de-chiapas\\\/\"},\"author\":{\"name\":\"Edici\u00f3n Web\",\"@id\":\"https:\\\/\\\/canal7slp.tv\\\/2025\\\/#\\\/schema\\\/person\\\/271e2b60a96e7cc9d9ac296f4d7e414b\"},\"headline\":\"Autoridades reportan disminuci\u00f3n de desplazamientos forzados en zona fronteriza de Chiapas\",\"datePublished\":\"2025-08-21T01:55:44+00:00\",\"mainEntityOfPage\":{\"@id\":\"https:\\\/\\\/canal7slp.tv\\\/2025\\\/autoridades-reportan-disminucion-de-desplazamientos-forzados-en-zona-fronteriza-de-chiapas\\\/\"},\"wordCount\":306,\"publisher\":{\"@id\":\"https:\\\/\\\/canal7slp.tv\\\/2025\\\/#organization\"},\"image\":{\"@id\":\"https:\\\/\\\/canal7slp.tv\\\/2025\\\/autoridades-reportan-disminucion-de-desplazamientos-forzados-en-zona-fronteriza-de-chiapas\\\/#primaryimage\"},\"thumbnailUrl\":\"https:\\\/\\\/canal7slp.tv\\\/2025\\\/wp-content\\\/uploads\\\/2025\\\/08\\\/15-10.jpg\",\"articleSection\":[\"NACIONALES\"],\"inLanguage\":\"es\"},{\"@type\":\"WebPage\",\"@id\":\"https:\\\/\\\/canal7slp.tv\\\/2025\\\/autoridades-reportan-disminucion-de-desplazamientos-forzados-en-zona-fronteriza-de-chiapas\\\/\",\"url\":\"https:\\\/\\\/canal7slp.tv\\\/2025\\\/autoridades-reportan-disminucion-de-desplazamientos-forzados-en-zona-fronteriza-de-chiapas\\\/\",\"name\":\"Autoridades reportan disminuci\u00f3n de desplazamientos forzados en zona fronteriza de Chiapas - Canal 7 SLP - 2025\",\"isPartOf\":{\"@id\":\"https:\\\/\\\/canal7slp.tv\\\/2025\\\/#website\"},\"primaryImageOfPage\":{\"@id\":\"https:\\\/\\\/canal7slp.tv\\\/2025\\\/autoridades-reportan-disminucion-de-desplazamientos-forzados-en-zona-fronteriza-de-chiapas\\\/#primaryimage\"},\"image\":{\"@id\":\"https:\\\/\\\/canal7slp.tv\\\/2025\\\/autoridades-reportan-disminucion-de-desplazamientos-forzados-en-zona-fronteriza-de-chiapas\\\/#primaryimage\"},\"thumbnailUrl\":\"https:\\\/\\\/canal7slp.tv\\\/2025\\\/wp-content\\\/uploads\\\/2025\\\/08\\\/15-10.jpg\",\"datePublished\":\"2025-08-21T01:55:44+00:00\",\"breadcrumb\":{\"@id\":\"https:\\\/\\\/canal7slp.tv\\\/2025\\\/autoridades-reportan-disminucion-de-desplazamientos-forzados-en-zona-fronteriza-de-chiapas\\\/#breadcrumb\"},\"inLanguage\":\"es\",\"potentialAction\":[{\"@type\":\"ReadAction\",\"target\":[\"https:\\\/\\\/canal7slp.tv\\\/2025\\\/autoridades-reportan-disminucion-de-desplazamientos-forzados-en-zona-fronteriza-de-chiapas\\\/\"]}]},{\"@type\":\"ImageObject\",\"inLanguage\":\"es\",\"@id\":\"https:\\\/\\\/canal7slp.tv\\\/2025\\\/autoridades-reportan-disminucion-de-desplazamientos-forzados-en-zona-fronteriza-de-chiapas\\\/#primaryimage\",\"url\":\"https:\\\/\\\/canal7slp.tv\\\/2025\\\/wp-content\\\/uploads\\\/2025\\\/08\\\/15-10.jpg\",\"contentUrl\":\"https:\\\/\\\/canal7slp.tv\\\/2025\\\/wp-content\\\/uploads\\\/2025\\\/08\\\/15-10.jpg\",\"width\":615,\"height\":410},{\"@type\":\"BreadcrumbList\",\"@id\":\"https:\\\/\\\/canal7slp.tv\\\/2025\\\/autoridades-reportan-disminucion-de-desplazamientos-forzados-en-zona-fronteriza-de-chiapas\\\/#breadcrumb\",\"itemListElement\":[{\"@type\":\"ListItem\",\"position\":1,\"name\":\"Portada\",\"item\":\"https:\\\/\\\/canal7slp.tv\\\/2025\\\/\"},{\"@type\":\"ListItem\",\"position\":2,\"name\":\"Autoridades reportan disminuci\u00f3n de desplazamientos forzados en zona fronteriza de Chiapas\"}]},{\"@type\":\"WebSite\",\"@id\":\"https:\\\/\\\/canal7slp.tv\\\/2025\\\/#website\",\"url\":\"https:\\\/\\\/canal7slp.tv\\\/2025\\\/\",\"name\":\"N7 - Noticieros Canal 7\",\"description\":\"Somos el Medio\",\"publisher\":{\"@id\":\"https:\\\/\\\/canal7slp.tv\\\/2025\\\/#organization\"},\"potentialAction\":[{\"@type\":\"SearchAction\",\"target\":{\"@type\":\"EntryPoint\",\"urlTemplate\":\"https:\\\/\\\/canal7slp.tv\\\/2025\\\/?s={search_term_string}\"},\"query-input\":{\"@type\":\"PropertyValueSpecification\",\"valueRequired\":true,\"valueName\":\"search_term_string\"}}],\"inLanguage\":\"es\"},{\"@type\":\"Organization\",\"@id\":\"https:\\\/\\\/canal7slp.tv\\\/2025\\\/#organization\",\"name\":\"Noticieros Canal 7\",\"url\":\"https:\\\/\\\/canal7slp.tv\\\/2025\\\/\",\"logo\":{\"@type\":\"ImageObject\",\"inLanguage\":\"es\",\"@id\":\"https:\\\/\\\/canal7slp.tv\\\/2025\\\/#\\\/schema\\\/logo\\\/image\\\/\",\"url\":\"https:\\\/\\\/canal7slp.tv\\\/2025\\\/wp-content\\\/uploads\\\/2021\\\/01\\\/logo-noticieros@2x.png\",\"contentUrl\":\"https:\\\/\\\/canal7slp.tv\\\/2025\\\/wp-content\\\/uploads\\\/2021\\\/01\\\/logo-noticieros@2x.png\",\"width\":1017,\"height\":268,\"caption\":\"Noticieros Canal 7\"},\"image\":{\"@id\":\"https:\\\/\\\/canal7slp.tv\\\/2025\\\/#\\\/schema\\\/logo\\\/image\\\/\"},\"sameAs\":[\"https:\\\/\\\/www.facebook.com\\\/noticieroscanal7atencionciudadana\\\/\",\"https:\\\/\\\/x.com\\\/NOTICIEROS7\",\"https:\\\/\\\/www.instagram.com\\\/canal7_slp\",\"https:\\\/\\\/www.youtube.com\\\/channel\\\/UCliiYs-gP3JfJeqdPrNdd5A\"]},{\"@type\":\"Person\",\"@id\":\"https:\\\/\\\/canal7slp.tv\\\/2025\\\/#\\\/schema\\\/person\\\/271e2b60a96e7cc9d9ac296f4d7e414b\",\"name\":\"Edici\u00f3n Web\",\"image\":{\"@type\":\"ImageObject\",\"inLanguage\":\"es\",\"@id\":\"https:\\\/\\\/secure.gravatar.com\\\/avatar\\\/eee448fc3f7164808013b816ba91ac7e43bbe82a70bebac296f8bc6f0addaa1a?s=96&d=mm&r=g\",\"url\":\"https:\\\/\\\/secure.gravatar.com\\\/avatar\\\/eee448fc3f7164808013b816ba91ac7e43bbe82a70bebac296f8bc6f0addaa1a?s=96&d=mm&r=g\",\"contentUrl\":\"https:\\\/\\\/secure.gravatar.com\\\/avatar\\\/eee448fc3f7164808013b816ba91ac7e43bbe82a70bebac296f8bc6f0addaa1a?s=96&d=mm&r=g\",\"caption\":\"Edici\u00f3n Web\"},\"url\":\"https:\\\/\\\/canal7slp.tv\\\/2025\\\/author\\\/edicionweb\\\/\"}]}<\/script>\n<!-- \/ Yoast SEO plugin. -->","yoast_head_json":{"title":"Autoridades reportan disminuci\u00f3n de desplazamientos forzados en zona fronteriza de Chiapas - Canal 7 SLP - 2025","robots":{"index":"index","follow":"follow","max-snippet":"max-snippet:-1","max-image-preview":"max-image-preview:large","max-video-preview":"max-video-preview:-1"},"canonical":"https:\/\/canal7slp.tv\/2025\/autoridades-reportan-disminucion-de-desplazamientos-forzados-en-zona-fronteriza-de-chiapas\/","og_locale":"es_ES","og_type":"article","og_title":"Autoridades reportan disminuci\u00f3n de desplazamientos forzados en zona fronteriza de Chiapas - Canal 7 SLP - 2025","og_description":"Chiapas.- El fiscal de distrito Sierra Mariscal en Chiapas, Jackson Leonidas Guti\u00e9rrez Mart\u00ednez, inform\u00f3 que los desplazamientos de poblaci\u00f3n hacia Guatemala registrados previamente en la regi\u00f3n respondieron a movimientos de familiares de presuntos l\u00edderes criminales que buscaban evitar procesos judiciales. De acuerdo con declaraciones del funcionario, tras las intervenciones de las autoridades en enero de 2025 en ejidos de la zona, se habr\u00edan producido migraciones de personas vinculadas familiarmente con individuos identificados como generadores de violencia. Guti\u00e9rrez Mart\u00ednez se\u00f1al\u00f3 que estas personas abandonaron la regi\u00f3n \u00abal sentirse que ellos tambi\u00e9n cooperaron o favorecieron a la violencia\u00bb. Las corporaciones de seguridad [&hellip;]","og_url":"https:\/\/canal7slp.tv\/2025\/autoridades-reportan-disminucion-de-desplazamientos-forzados-en-zona-fronteriza-de-chiapas\/","og_site_name":"Canal 7 SLP - 2025","article_publisher":"https:\/\/www.facebook.com\/noticieroscanal7atencionciudadana\/","article_published_time":"2025-08-21T01:55:44+00:00","og_image":[{"width":615,"height":410,"url":"https:\/\/canal7slp.tv\/2025\/wp-content\/uploads\/2025\/08\/15-10.jpg","type":"image\/jpeg"}],"author":"Edici\u00f3n Web","twitter_card":"summary_large_image","twitter_creator":"@NOTICIEROS7","twitter_site":"@NOTICIEROS7","twitter_misc":{"Escrito por":"Edici\u00f3n Web","Tiempo de lectura":"2 minutos"},"schema":{"@context":"https:\/\/schema.org","@graph":[{"@type":"Article","@id":"https:\/\/canal7slp.tv\/2025\/autoridades-reportan-disminucion-de-desplazamientos-forzados-en-zona-fronteriza-de-chiapas\/#article","isPartOf":{"@id":"https:\/\/canal7slp.tv\/2025\/autoridades-reportan-disminucion-de-desplazamientos-forzados-en-zona-fronteriza-de-chiapas\/"},"author":{"name":"Edici\u00f3n Web","@id":"https:\/\/canal7slp.tv\/2025\/#\/schema\/person\/271e2b60a96e7cc9d9ac296f4d7e414b"},"headline":"Autoridades reportan disminuci\u00f3n de desplazamientos forzados en zona fronteriza de Chiapas","datePublished":"2025-08-21T01:55:44+00:00","mainEntityOfPage":{"@id":"https:\/\/canal7slp.tv\/2025\/autoridades-reportan-disminucion-de-desplazamientos-forzados-en-zona-fronteriza-de-chiapas\/"},"wordCount":306,"publisher":{"@id":"https:\/\/canal7slp.tv\/2025\/#organization"},"image":{"@id":"https:\/\/canal7slp.tv\/2025\/autoridades-reportan-disminucion-de-desplazamientos-forzados-en-zona-fronteriza-de-chiapas\/#primaryimage"},"thumbnailUrl":"https:\/\/canal7slp.tv\/2025\/wp-content\/uploads\/2025\/08\/15-10.jpg","articleSection":["NACIONALES"],"inLanguage":"es"},{"@type":"WebPage","@id":"https:\/\/canal7slp.tv\/2025\/autoridades-reportan-disminucion-de-desplazamientos-forzados-en-zona-fronteriza-de-chiapas\/","url":"https:\/\/canal7slp.tv\/2025\/autoridades-reportan-disminucion-de-desplazamientos-forzados-en-zona-fronteriza-de-chiapas\/","name":"Autoridades reportan disminuci\u00f3n de desplazamientos forzados en zona fronteriza de Chiapas - Canal 7 SLP - 2025","isPartOf":{"@id":"https:\/\/canal7slp.tv\/2025\/#website"},"primaryImageOfPage":{"@id":"https:\/\/canal7slp.tv\/2025\/autoridades-reportan-disminucion-de-desplazamientos-forzados-en-zona-fronteriza-de-chiapas\/#primaryimage"},"image":{"@id":"https:\/\/canal7slp.tv\/2025\/autoridades-reportan-disminucion-de-desplazamientos-forzados-en-zona-fronteriza-de-chiapas\/#primaryimage"},"thumbnailUrl":"https:\/\/canal7slp.tv\/2025\/wp-content\/uploads\/2025\/08\/15-10.jpg","datePublished":"2025-08-21T01:55:44+00:00","breadcrumb":{"@id":"https:\/\/canal7slp.tv\/2025\/autoridades-reportan-disminucion-de-desplazamientos-forzados-en-zona-fronteriza-de-chiapas\/#breadcrumb"},"inLanguage":"es","potentialAction":[{"@type":"ReadAction","target":["https:\/\/canal7slp.tv\/2025\/autoridades-reportan-disminucion-de-desplazamientos-forzados-en-zona-fronteriza-de-chiapas\/"]}]},{"@type":"ImageObject","inLanguage":"es","@id":"https:\/\/canal7slp.tv\/2025\/autoridades-reportan-disminucion-de-desplazamientos-forzados-en-zona-fronteriza-de-chiapas\/#primaryimage","url":"https:\/\/canal7slp.tv\/2025\/wp-content\/uploads\/2025\/08\/15-10.jpg","contentUrl":"https:\/\/canal7slp.tv\/2025\/wp-content\/uploads\/2025\/08\/15-10.jpg","width":615,"height":410},{"@type":"BreadcrumbList","@id":"https:\/\/canal7slp.tv\/2025\/autoridades-reportan-disminucion-de-desplazamientos-forzados-en-zona-fronteriza-de-chiapas\/#breadcrumb","itemListElement":[{"@type":"ListItem","position":1,"name":"Portada","item":"https:\/\/canal7slp.tv\/2025\/"},{"@type":"ListItem","position":2,"name":"Autoridades reportan disminuci\u00f3n de desplazamientos forzados en zona fronteriza de Chiapas"}]},{"@type":"WebSite","@id":"https:\/\/canal7slp.tv\/2025\/#website","url":"https:\/\/canal7slp.tv\/2025\/","name":"N7 - Noticieros Canal 7","description":"Somos el Medio","publisher":{"@id":"https:\/\/canal7slp.tv\/2025\/#organization"},"potentialAction":[{"@type":"SearchAction","target":{"@type":"EntryPoint","urlTemplate":"https:\/\/canal7slp.tv\/2025\/?s={search_term_string}"},"query-input":{"@type":"PropertyValueSpecification","valueRequired":true,"valueName":"search_term_string"}}],"inLanguage":"es"},{"@type":"Organization","@id":"https:\/\/canal7slp.tv\/2025\/#organization","name":"Noticieros Canal 7","url":"https:\/\/canal7slp.tv\/2025\/","logo":{"@type":"ImageObject","inLanguage":"es","@id":"https:\/\/canal7slp.tv\/2025\/#\/schema\/logo\/image\/","url":"https:\/\/canal7slp.tv\/2025\/wp-content\/uploads\/2021\/01\/logo-noticieros@2x.png","contentUrl":"https:\/\/canal7slp.tv\/2025\/wp-content\/uploads\/2021\/01\/logo-noticieros@2x.png","width":1017,"height":268,"caption":"Noticieros Canal 7"},"image":{"@id":"https:\/\/canal7slp.tv\/2025\/#\/schema\/logo\/image\/"},"sameAs":["https:\/\/www.facebook.com\/noticieroscanal7atencionciudadana\/","https:\/\/x.com\/NOTICIEROS7","https:\/\/www.instagram.com\/canal7_slp","https:\/\/www.youtube.com\/channel\/UCliiYs-gP3JfJeqdPrNdd5A"]},{"@type":"Person","@id":"https:\/\/canal7slp.tv\/2025\/#\/schema\/person\/271e2b60a96e7cc9d9ac296f4d7e414b","name":"Edici\u00f3n Web","image":{"@type":"ImageObject","inLanguage":"es","@id":"https:\/\/secure.gravatar.com\/avatar\/eee448fc3f7164808013b816ba91ac7e43bbe82a70bebac296f8bc6f0addaa1a?s=96&d=mm&r=g","url":"https:\/\/secure.gravatar.com\/avatar\/eee448fc3f7164808013b816ba91ac7e43bbe82a70bebac296f8bc6f0addaa1a?s=96&d=mm&r=g","contentUrl":"https:\/\/secure.gravatar.com\/avatar\/eee448fc3f7164808013b816ba91ac7e43bbe82a70bebac296f8bc6f0addaa1a?s=96&d=mm&r=g","caption":"Edici\u00f3n Web"},"url":"https:\/\/canal7slp.tv\/2025\/author\/edicionweb\/"}]}},"_links":{"self":[{"href":"https:\/\/canal7slp.tv\/2025\/wp-json\/wp\/v2\/posts\/177138","targetHints":{"allow":["GET"]}}],"collection":[{"href":"https:\/\/canal7slp.tv\/2025\/wp-json\/wp\/v2\/posts"}],"about":[{"href":"https:\/\/canal7slp.tv\/2025\/wp-json\/wp\/v2\/types\/post"}],"author":[{"embeddable":true,"href":"https:\/\/canal7slp.tv\/2025\/wp-json\/wp\/v2\/users\/2"}],"replies":[{"embeddable":true,"href":"https:\/\/canal7slp.tv\/2025\/wp-json\/wp\/v2\/comments?post=177138"}],"version-history":[{"count":1,"href":"https:\/\/canal7slp.tv\/2025\/wp-json\/wp\/v2\/posts\/177138\/revisions"}],"predecessor-version":[{"id":177140,"href":"https:\/\/canal7slp.tv\/2025\/wp-json\/wp\/v2\/posts\/177138\/revisions\/177140"}],"wp:featuredmedia":[{"embeddable":true,"href":"https:\/\/canal7slp.tv\/2025\/wp-json\/wp\/v2\/media\/177139"}],"wp:attachment":[{"href":"https:\/\/canal7slp.tv\/2025\/wp-json\/wp\/v2\/media?parent=177138"}],"wp:term":[{"taxonomy":"category","embeddable":true,"href":"https:\/\/canal7slp.tv\/2025\/wp-json\/wp\/v2\/categories?post=177138"},{"taxonomy":"post_tag","embeddable":true,"href":"https:\/\/canal7slp.tv\/2025\/wp-json\/wp\/v2\/tags?post=177138"}],"curies":[{"name":"wp","href":"https:\/\/api.w.org\/{rel}","templated":true}]}}