{"id":177013,"date":"2025-08-19T23:33:17","date_gmt":"2025-08-20T05:33:17","guid":{"rendered":"https:\/\/canal7slp.tv\/2025\/?p=177013"},"modified":"2025-08-19T23:33:17","modified_gmt":"2025-08-20T05:33:17","slug":"segam-impulsa-la-agenda-verde","status":"publish","type":"post","link":"https:\/\/canal7slp.tv\/2025\/segam-impulsa-la-agenda-verde\/","title":{"rendered":"Segam impulsa la Agenda Verde"},"content":{"rendered":"<p style=\"text-align: justify;\">SLP.- M\u00faltiples acciones impulsan la Agenda Verde en San Luis Potos\u00ed, as\u00ed lo hizo saber la titular de la Secretar\u00eda de Ecolog\u00eda y Gesti\u00f3n Ambiental, Sonia Mendoza D\u00edaz.<\/p>\n<p style=\"text-align: justify;\">\u201cDesde la Red Ambiental de Transporte P\u00fablico que ayuda mucho a evitar la contaminaci\u00f3n, la reforestaci\u00f3n que nosotros iniciamos desde hace algunos meses en todo el estado, entregamos 350 mil \u00e1rboles o plantas o individuos a los presidentes municipales para que sigan (\u2026) el invitar a que la industria se ponga en regla pues es tambi\u00e9n ayudar a que el medio ambiente mejore\u201d.<\/p>\n<p style=\"text-align: justify;\">El programa de reforestaci\u00f3n se aplica en los 59 municipios potosinos.<\/p>\n<p style=\"text-align: justify;\">\u201cEn los 59 municipios, iniciamos una reforestaci\u00f3n en los 59 municipios, hemos acudido a algunas actividades con ellos y bueno, es parte del trabajo que estamos haciendo de manera interinstitucional con algunos alcaldes\u201d.<\/p>\n<p style=\"text-align: justify;\">Al interior de las municipalidades se realiza un trabajo de concientizaci\u00f3n.<\/p>\n<p style=\"text-align: justify;\">\u201cComentarles que hemos hecho las Ferias Verdes, ya recorrimos tres zonas del estado, ya estuvimos en el Altiplano, la zona Media, estuvimos ya en la zona Centro, llevamos m\u00e1s de 300 funcionarios municipales capacitados\u201d.<\/p>\n<p style=\"text-align: justify;\">Las administraciones han respondido y en algunos casos el trabajo en el tema ecol\u00f3gico era nulo.<\/p>\n<p style=\"text-align: justify;\">\u201cMuchos municipios que realmente no saben qu\u00e9 hacer con las reglas, ni la 20-30, ni en materia ambiental, entonces por eso se les est\u00e1 dando una capacitaci\u00f3n de c\u00f3mo atender a la empresa, como hacer sus reforestaciones tambi\u00e9n se les capacita\u201d.<\/p>\n<p style=\"text-align: justify;\">Mediante Escuelas Verdes se han capacitado a 22 mil ciudadanos de todas las edades en temas de reforestaci\u00f3n separaci\u00f3n de basura, uso correcto de la energ\u00eda el\u00e9ctrica y otros temas.<\/p>\n<p style=\"text-align: justify;\">Por: Juan Carlos Contreras<\/p>\n","protected":false},"excerpt":{"rendered":"<p>SLP.- M\u00faltiples acciones impulsan la Agenda Verde en San Luis Potos\u00ed, as\u00ed lo hizo saber la titular de la Secretar\u00eda de Ecolog\u00eda y Gesti\u00f3n Ambiental, Sonia Mendoza D\u00edaz. \u201cDesde la Red Ambiental de Transporte P\u00fablico que ayuda mucho a evitar la contaminaci\u00f3n, la reforestaci\u00f3n que nosotros iniciamos desde hace algunos meses en todo el estado, entregamos 350 mil \u00e1rboles o plantas o individuos a los presidentes municipales para que sigan (\u2026) el invitar a que la industria se ponga en regla pues es tambi\u00e9n ayudar a que el medio ambiente mejore\u201d. El programa de reforestaci\u00f3n se aplica en los 59 [&hellip;]<\/p>\n","protected":false},"author":2,"featured_media":177024,"comment_status":"closed","ping_status":"closed","sticky":false,"template":"","format":"video","meta":{"_monsterinsights_skip_tracking":false,"_monsterinsights_sitenote_active":false,"_monsterinsights_sitenote_note":"","_monsterinsights_sitenote_category":0,"footnotes":""},"categories":[5,510,45],"tags":[],"class_list":["post-177013","post","type-post","status-publish","format-video","has-post-thumbnail","hentry","category-destacadas","category-gobedoslp","category-localesyregionales","post_format-post-format-video","post--single"],"yoast_head":"<!-- This site is optimized with the Yoast SEO plugin v27.5 - https:\/\/yoast.com\/product\/yoast-seo-wordpress\/ -->\n<title>Segam impulsa la Agenda Verde - Canal 7 SLP - 2025<\/title>\n<meta name=\"robots\" content=\"index, follow, max-snippet:-1, max-image-preview:large, max-video-preview:-1\" \/>\n<link rel=\"canonical\" href=\"https:\/\/canal7slp.tv\/2025\/segam-impulsa-la-agenda-verde\/\" \/>\n<meta property=\"og:locale\" content=\"es_ES\" \/>\n<meta property=\"og:type\" content=\"article\" \/>\n<meta property=\"og:title\" content=\"Segam impulsa la Agenda Verde - Canal 7 SLP - 2025\" \/>\n<meta property=\"og:description\" content=\"SLP.- M\u00faltiples acciones impulsan la Agenda Verde en San Luis Potos\u00ed, as\u00ed lo hizo saber la titular de la Secretar\u00eda de Ecolog\u00eda y Gesti\u00f3n Ambiental, Sonia Mendoza D\u00edaz. \u201cDesde la Red Ambiental de Transporte P\u00fablico que ayuda mucho a evitar la contaminaci\u00f3n, la reforestaci\u00f3n que nosotros iniciamos desde hace algunos meses en todo el estado, entregamos 350 mil \u00e1rboles o plantas o individuos a los presidentes municipales para que sigan (\u2026) el invitar a que la industria se ponga en regla pues es tambi\u00e9n ayudar a que el medio ambiente mejore\u201d. El programa de reforestaci\u00f3n se aplica en los 59 [&hellip;]\" \/>\n<meta property=\"og:url\" content=\"https:\/\/canal7slp.tv\/2025\/segam-impulsa-la-agenda-verde\/\" \/>\n<meta property=\"og:site_name\" content=\"Canal 7 SLP - 2025\" \/>\n<meta property=\"article:publisher\" content=\"https:\/\/www.facebook.com\/noticieroscanal7atencionciudadana\/\" \/>\n<meta property=\"article:published_time\" content=\"2025-08-20T05:33:17+00:00\" \/>\n<meta property=\"og:image\" content=\"https:\/\/canal7slp.tv\/2025\/wp-content\/uploads\/2025\/08\/Poky02AgendaVerde.jpg\" \/>\n\t<meta property=\"og:image:width\" content=\"1280\" \/>\n\t<meta property=\"og:image:height\" content=\"720\" \/>\n\t<meta property=\"og:image:type\" content=\"image\/jpeg\" \/>\n<meta name=\"author\" content=\"Edici\u00f3n Web\" \/>\n<meta name=\"twitter:card\" content=\"summary_large_image\" \/>\n<meta name=\"twitter:creator\" content=\"@NOTICIEROS7\" \/>\n<meta name=\"twitter:site\" content=\"@NOTICIEROS7\" \/>\n<meta name=\"twitter:label1\" content=\"Escrito por\" \/>\n\t<meta name=\"twitter:data1\" content=\"Edici\u00f3n Web\" \/>\n\t<meta name=\"twitter:label2\" content=\"Tiempo de lectura\" \/>\n\t<meta name=\"twitter:data2\" content=\"2 minutos\" \/>\n<script type=\"application\/ld+json\" class=\"yoast-schema-graph\">{\"@context\":\"https:\\\/\\\/schema.org\",\"@graph\":[{\"@type\":\"Article\",\"@id\":\"https:\\\/\\\/canal7slp.tv\\\/2025\\\/segam-impulsa-la-agenda-verde\\\/#article\",\"isPartOf\":{\"@id\":\"https:\\\/\\\/canal7slp.tv\\\/2025\\\/segam-impulsa-la-agenda-verde\\\/\"},\"author\":{\"name\":\"Edici\u00f3n Web\",\"@id\":\"https:\\\/\\\/canal7slp.tv\\\/2025\\\/#\\\/schema\\\/person\\\/271e2b60a96e7cc9d9ac296f4d7e414b\"},\"headline\":\"Segam impulsa la Agenda Verde\",\"datePublished\":\"2025-08-20T05:33:17+00:00\",\"mainEntityOfPage\":{\"@id\":\"https:\\\/\\\/canal7slp.tv\\\/2025\\\/segam-impulsa-la-agenda-verde\\\/\"},\"wordCount\":291,\"publisher\":{\"@id\":\"https:\\\/\\\/canal7slp.tv\\\/2025\\\/#organization\"},\"image\":{\"@id\":\"https:\\\/\\\/canal7slp.tv\\\/2025\\\/segam-impulsa-la-agenda-verde\\\/#primaryimage\"},\"thumbnailUrl\":\"https:\\\/\\\/canal7slp.tv\\\/2025\\\/wp-content\\\/uploads\\\/2025\\\/08\\\/Poky02AgendaVerde.jpg\",\"articleSection\":[\"DESTACADAS\",\"GOBEDOSLP\",\"LOCALES Y REGIONALES\"],\"inLanguage\":\"es\"},{\"@type\":\"WebPage\",\"@id\":\"https:\\\/\\\/canal7slp.tv\\\/2025\\\/segam-impulsa-la-agenda-verde\\\/\",\"url\":\"https:\\\/\\\/canal7slp.tv\\\/2025\\\/segam-impulsa-la-agenda-verde\\\/\",\"name\":\"Segam impulsa la Agenda Verde - Canal 7 SLP - 2025\",\"isPartOf\":{\"@id\":\"https:\\\/\\\/canal7slp.tv\\\/2025\\\/#website\"},\"primaryImageOfPage\":{\"@id\":\"https:\\\/\\\/canal7slp.tv\\\/2025\\\/segam-impulsa-la-agenda-verde\\\/#primaryimage\"},\"image\":{\"@id\":\"https:\\\/\\\/canal7slp.tv\\\/2025\\\/segam-impulsa-la-agenda-verde\\\/#primaryimage\"},\"thumbnailUrl\":\"https:\\\/\\\/canal7slp.tv\\\/2025\\\/wp-content\\\/uploads\\\/2025\\\/08\\\/Poky02AgendaVerde.jpg\",\"datePublished\":\"2025-08-20T05:33:17+00:00\",\"breadcrumb\":{\"@id\":\"https:\\\/\\\/canal7slp.tv\\\/2025\\\/segam-impulsa-la-agenda-verde\\\/#breadcrumb\"},\"inLanguage\":\"es\",\"potentialAction\":[{\"@type\":\"ReadAction\",\"target\":[\"https:\\\/\\\/canal7slp.tv\\\/2025\\\/segam-impulsa-la-agenda-verde\\\/\"]}]},{\"@type\":\"ImageObject\",\"inLanguage\":\"es\",\"@id\":\"https:\\\/\\\/canal7slp.tv\\\/2025\\\/segam-impulsa-la-agenda-verde\\\/#primaryimage\",\"url\":\"https:\\\/\\\/canal7slp.tv\\\/2025\\\/wp-content\\\/uploads\\\/2025\\\/08\\\/Poky02AgendaVerde.jpg\",\"contentUrl\":\"https:\\\/\\\/canal7slp.tv\\\/2025\\\/wp-content\\\/uploads\\\/2025\\\/08\\\/Poky02AgendaVerde.jpg\",\"width\":1280,\"height\":720},{\"@type\":\"BreadcrumbList\",\"@id\":\"https:\\\/\\\/canal7slp.tv\\\/2025\\\/segam-impulsa-la-agenda-verde\\\/#breadcrumb\",\"itemListElement\":[{\"@type\":\"ListItem\",\"position\":1,\"name\":\"Portada\",\"item\":\"https:\\\/\\\/canal7slp.tv\\\/2025\\\/\"},{\"@type\":\"ListItem\",\"position\":2,\"name\":\"Segam impulsa la Agenda Verde\"}]},{\"@type\":\"WebSite\",\"@id\":\"https:\\\/\\\/canal7slp.tv\\\/2025\\\/#website\",\"url\":\"https:\\\/\\\/canal7slp.tv\\\/2025\\\/\",\"name\":\"N7 - Noticieros Canal 7\",\"description\":\"Somos el Medio\",\"publisher\":{\"@id\":\"https:\\\/\\\/canal7slp.tv\\\/2025\\\/#organization\"},\"potentialAction\":[{\"@type\":\"SearchAction\",\"target\":{\"@type\":\"EntryPoint\",\"urlTemplate\":\"https:\\\/\\\/canal7slp.tv\\\/2025\\\/?s={search_term_string}\"},\"query-input\":{\"@type\":\"PropertyValueSpecification\",\"valueRequired\":true,\"valueName\":\"search_term_string\"}}],\"inLanguage\":\"es\"},{\"@type\":\"Organization\",\"@id\":\"https:\\\/\\\/canal7slp.tv\\\/2025\\\/#organization\",\"name\":\"Noticieros Canal 7\",\"url\":\"https:\\\/\\\/canal7slp.tv\\\/2025\\\/\",\"logo\":{\"@type\":\"ImageObject\",\"inLanguage\":\"es\",\"@id\":\"https:\\\/\\\/canal7slp.tv\\\/2025\\\/#\\\/schema\\\/logo\\\/image\\\/\",\"url\":\"https:\\\/\\\/canal7slp.tv\\\/2025\\\/wp-content\\\/uploads\\\/2021\\\/01\\\/logo-noticieros@2x.png\",\"contentUrl\":\"https:\\\/\\\/canal7slp.tv\\\/2025\\\/wp-content\\\/uploads\\\/2021\\\/01\\\/logo-noticieros@2x.png\",\"width\":1017,\"height\":268,\"caption\":\"Noticieros Canal 7\"},\"image\":{\"@id\":\"https:\\\/\\\/canal7slp.tv\\\/2025\\\/#\\\/schema\\\/logo\\\/image\\\/\"},\"sameAs\":[\"https:\\\/\\\/www.facebook.com\\\/noticieroscanal7atencionciudadana\\\/\",\"https:\\\/\\\/x.com\\\/NOTICIEROS7\",\"https:\\\/\\\/www.instagram.com\\\/canal7_slp\",\"https:\\\/\\\/www.youtube.com\\\/channel\\\/UCliiYs-gP3JfJeqdPrNdd5A\"]},{\"@type\":\"Person\",\"@id\":\"https:\\\/\\\/canal7slp.tv\\\/2025\\\/#\\\/schema\\\/person\\\/271e2b60a96e7cc9d9ac296f4d7e414b\",\"name\":\"Edici\u00f3n Web\",\"image\":{\"@type\":\"ImageObject\",\"inLanguage\":\"es\",\"@id\":\"https:\\\/\\\/secure.gravatar.com\\\/avatar\\\/eee448fc3f7164808013b816ba91ac7e43bbe82a70bebac296f8bc6f0addaa1a?s=96&d=mm&r=g\",\"url\":\"https:\\\/\\\/secure.gravatar.com\\\/avatar\\\/eee448fc3f7164808013b816ba91ac7e43bbe82a70bebac296f8bc6f0addaa1a?s=96&d=mm&r=g\",\"contentUrl\":\"https:\\\/\\\/secure.gravatar.com\\\/avatar\\\/eee448fc3f7164808013b816ba91ac7e43bbe82a70bebac296f8bc6f0addaa1a?s=96&d=mm&r=g\",\"caption\":\"Edici\u00f3n Web\"},\"url\":\"https:\\\/\\\/canal7slp.tv\\\/2025\\\/author\\\/edicionweb\\\/\"}]}<\/script>\n<!-- \/ Yoast SEO plugin. -->","yoast_head_json":{"title":"Segam impulsa la Agenda Verde - Canal 7 SLP - 2025","robots":{"index":"index","follow":"follow","max-snippet":"max-snippet:-1","max-image-preview":"max-image-preview:large","max-video-preview":"max-video-preview:-1"},"canonical":"https:\/\/canal7slp.tv\/2025\/segam-impulsa-la-agenda-verde\/","og_locale":"es_ES","og_type":"article","og_title":"Segam impulsa la Agenda Verde - Canal 7 SLP - 2025","og_description":"SLP.- M\u00faltiples acciones impulsan la Agenda Verde en San Luis Potos\u00ed, as\u00ed lo hizo saber la titular de la Secretar\u00eda de Ecolog\u00eda y Gesti\u00f3n Ambiental, Sonia Mendoza D\u00edaz. \u201cDesde la Red Ambiental de Transporte P\u00fablico que ayuda mucho a evitar la contaminaci\u00f3n, la reforestaci\u00f3n que nosotros iniciamos desde hace algunos meses en todo el estado, entregamos 350 mil \u00e1rboles o plantas o individuos a los presidentes municipales para que sigan (\u2026) el invitar a que la industria se ponga en regla pues es tambi\u00e9n ayudar a que el medio ambiente mejore\u201d. El programa de reforestaci\u00f3n se aplica en los 59 [&hellip;]","og_url":"https:\/\/canal7slp.tv\/2025\/segam-impulsa-la-agenda-verde\/","og_site_name":"Canal 7 SLP - 2025","article_publisher":"https:\/\/www.facebook.com\/noticieroscanal7atencionciudadana\/","article_published_time":"2025-08-20T05:33:17+00:00","og_image":[{"width":1280,"height":720,"url":"https:\/\/canal7slp.tv\/2025\/wp-content\/uploads\/2025\/08\/Poky02AgendaVerde.jpg","type":"image\/jpeg"}],"author":"Edici\u00f3n Web","twitter_card":"summary_large_image","twitter_creator":"@NOTICIEROS7","twitter_site":"@NOTICIEROS7","twitter_misc":{"Escrito por":"Edici\u00f3n Web","Tiempo de lectura":"2 minutos"},"schema":{"@context":"https:\/\/schema.org","@graph":[{"@type":"Article","@id":"https:\/\/canal7slp.tv\/2025\/segam-impulsa-la-agenda-verde\/#article","isPartOf":{"@id":"https:\/\/canal7slp.tv\/2025\/segam-impulsa-la-agenda-verde\/"},"author":{"name":"Edici\u00f3n Web","@id":"https:\/\/canal7slp.tv\/2025\/#\/schema\/person\/271e2b60a96e7cc9d9ac296f4d7e414b"},"headline":"Segam impulsa la Agenda Verde","datePublished":"2025-08-20T05:33:17+00:00","mainEntityOfPage":{"@id":"https:\/\/canal7slp.tv\/2025\/segam-impulsa-la-agenda-verde\/"},"wordCount":291,"publisher":{"@id":"https:\/\/canal7slp.tv\/2025\/#organization"},"image":{"@id":"https:\/\/canal7slp.tv\/2025\/segam-impulsa-la-agenda-verde\/#primaryimage"},"thumbnailUrl":"https:\/\/canal7slp.tv\/2025\/wp-content\/uploads\/2025\/08\/Poky02AgendaVerde.jpg","articleSection":["DESTACADAS","GOBEDOSLP","LOCALES Y REGIONALES"],"inLanguage":"es"},{"@type":"WebPage","@id":"https:\/\/canal7slp.tv\/2025\/segam-impulsa-la-agenda-verde\/","url":"https:\/\/canal7slp.tv\/2025\/segam-impulsa-la-agenda-verde\/","name":"Segam impulsa la Agenda Verde - Canal 7 SLP - 2025","isPartOf":{"@id":"https:\/\/canal7slp.tv\/2025\/#website"},"primaryImageOfPage":{"@id":"https:\/\/canal7slp.tv\/2025\/segam-impulsa-la-agenda-verde\/#primaryimage"},"image":{"@id":"https:\/\/canal7slp.tv\/2025\/segam-impulsa-la-agenda-verde\/#primaryimage"},"thumbnailUrl":"https:\/\/canal7slp.tv\/2025\/wp-content\/uploads\/2025\/08\/Poky02AgendaVerde.jpg","datePublished":"2025-08-20T05:33:17+00:00","breadcrumb":{"@id":"https:\/\/canal7slp.tv\/2025\/segam-impulsa-la-agenda-verde\/#breadcrumb"},"inLanguage":"es","potentialAction":[{"@type":"ReadAction","target":["https:\/\/canal7slp.tv\/2025\/segam-impulsa-la-agenda-verde\/"]}]},{"@type":"ImageObject","inLanguage":"es","@id":"https:\/\/canal7slp.tv\/2025\/segam-impulsa-la-agenda-verde\/#primaryimage","url":"https:\/\/canal7slp.tv\/2025\/wp-content\/uploads\/2025\/08\/Poky02AgendaVerde.jpg","contentUrl":"https:\/\/canal7slp.tv\/2025\/wp-content\/uploads\/2025\/08\/Poky02AgendaVerde.jpg","width":1280,"height":720},{"@type":"BreadcrumbList","@id":"https:\/\/canal7slp.tv\/2025\/segam-impulsa-la-agenda-verde\/#breadcrumb","itemListElement":[{"@type":"ListItem","position":1,"name":"Portada","item":"https:\/\/canal7slp.tv\/2025\/"},{"@type":"ListItem","position":2,"name":"Segam impulsa la Agenda Verde"}]},{"@type":"WebSite","@id":"https:\/\/canal7slp.tv\/2025\/#website","url":"https:\/\/canal7slp.tv\/2025\/","name":"N7 - Noticieros Canal 7","description":"Somos el Medio","publisher":{"@id":"https:\/\/canal7slp.tv\/2025\/#organization"},"potentialAction":[{"@type":"SearchAction","target":{"@type":"EntryPoint","urlTemplate":"https:\/\/canal7slp.tv\/2025\/?s={search_term_string}"},"query-input":{"@type":"PropertyValueSpecification","valueRequired":true,"valueName":"search_term_string"}}],"inLanguage":"es"},{"@type":"Organization","@id":"https:\/\/canal7slp.tv\/2025\/#organization","name":"Noticieros Canal 7","url":"https:\/\/canal7slp.tv\/2025\/","logo":{"@type":"ImageObject","inLanguage":"es","@id":"https:\/\/canal7slp.tv\/2025\/#\/schema\/logo\/image\/","url":"https:\/\/canal7slp.tv\/2025\/wp-content\/uploads\/2021\/01\/logo-noticieros@2x.png","contentUrl":"https:\/\/canal7slp.tv\/2025\/wp-content\/uploads\/2021\/01\/logo-noticieros@2x.png","width":1017,"height":268,"caption":"Noticieros Canal 7"},"image":{"@id":"https:\/\/canal7slp.tv\/2025\/#\/schema\/logo\/image\/"},"sameAs":["https:\/\/www.facebook.com\/noticieroscanal7atencionciudadana\/","https:\/\/x.com\/NOTICIEROS7","https:\/\/www.instagram.com\/canal7_slp","https:\/\/www.youtube.com\/channel\/UCliiYs-gP3JfJeqdPrNdd5A"]},{"@type":"Person","@id":"https:\/\/canal7slp.tv\/2025\/#\/schema\/person\/271e2b60a96e7cc9d9ac296f4d7e414b","name":"Edici\u00f3n Web","image":{"@type":"ImageObject","inLanguage":"es","@id":"https:\/\/secure.gravatar.com\/avatar\/eee448fc3f7164808013b816ba91ac7e43bbe82a70bebac296f8bc6f0addaa1a?s=96&d=mm&r=g","url":"https:\/\/secure.gravatar.com\/avatar\/eee448fc3f7164808013b816ba91ac7e43bbe82a70bebac296f8bc6f0addaa1a?s=96&d=mm&r=g","contentUrl":"https:\/\/secure.gravatar.com\/avatar\/eee448fc3f7164808013b816ba91ac7e43bbe82a70bebac296f8bc6f0addaa1a?s=96&d=mm&r=g","caption":"Edici\u00f3n Web"},"url":"https:\/\/canal7slp.tv\/2025\/author\/edicionweb\/"}]}},"_links":{"self":[{"href":"https:\/\/canal7slp.tv\/2025\/wp-json\/wp\/v2\/posts\/177013","targetHints":{"allow":["GET"]}}],"collection":[{"href":"https:\/\/canal7slp.tv\/2025\/wp-json\/wp\/v2\/posts"}],"about":[{"href":"https:\/\/canal7slp.tv\/2025\/wp-json\/wp\/v2\/types\/post"}],"author":[{"embeddable":true,"href":"https:\/\/canal7slp.tv\/2025\/wp-json\/wp\/v2\/users\/2"}],"replies":[{"embeddable":true,"href":"https:\/\/canal7slp.tv\/2025\/wp-json\/wp\/v2\/comments?post=177013"}],"version-history":[{"count":3,"href":"https:\/\/canal7slp.tv\/2025\/wp-json\/wp\/v2\/posts\/177013\/revisions"}],"predecessor-version":[{"id":177026,"href":"https:\/\/canal7slp.tv\/2025\/wp-json\/wp\/v2\/posts\/177013\/revisions\/177026"}],"wp:featuredmedia":[{"embeddable":true,"href":"https:\/\/canal7slp.tv\/2025\/wp-json\/wp\/v2\/media\/177024"}],"wp:attachment":[{"href":"https:\/\/canal7slp.tv\/2025\/wp-json\/wp\/v2\/media?parent=177013"}],"wp:term":[{"taxonomy":"category","embeddable":true,"href":"https:\/\/canal7slp.tv\/2025\/wp-json\/wp\/v2\/categories?post=177013"},{"taxonomy":"post_tag","embeddable":true,"href":"https:\/\/canal7slp.tv\/2025\/wp-json\/wp\/v2\/tags?post=177013"}],"curies":[{"name":"wp","href":"https:\/\/api.w.org\/{rel}","templated":true}]}}