{"id":177011,"date":"2025-08-19T19:55:24","date_gmt":"2025-08-20T01:55:24","guid":{"rendered":"https:\/\/canal7slp.tv\/2025\/?p=177011"},"modified":"2025-08-19T19:55:24","modified_gmt":"2025-08-20T01:55:24","slug":"en-noviembre-de-2026-se-emitira-convocatoria-para-nombrar-nuevos-pueblos-magicos","status":"publish","type":"post","link":"https:\/\/canal7slp.tv\/2025\/en-noviembre-de-2026-se-emitira-convocatoria-para-nombrar-nuevos-pueblos-magicos\/","title":{"rendered":"En noviembre de 2026 se emitir\u00e1 convocatoria para nombrar nuevos Pueblos M\u00e1gicos"},"content":{"rendered":"<p style=\"text-align: justify;\">SLP.- Durante el resto del a\u00f1o 2025 se ha cerrado la convocatoria para reconocer a municipios como Pueblos M\u00e1gicos, as\u00ed lo hizo del conocimiento de la poblaci\u00f3n la titular de la Secretar\u00eda de Turismo, Yolanda Josefina Cepeda Echavarr\u00eda.<\/p>\n<p style=\"text-align: justify;\">\u201cEn la pasada reuni\u00f3n de Asetur en el Estado de Oaxaca comentaron, el presidente de Asetur de la Asociaci\u00f3n de Secretarios de Turismo es que en lo que resta del a\u00f1o ya no va a haber una convocatoria para Pueblos M\u00e1gicos ni para participar los barrios\u201d.<\/p>\n<p style=\"text-align: justify;\">Ser\u00e1 hasta el a\u00f1o 2026 cuando se abra la convocatoria por parte de la Secretar\u00eda de Turismo Federal.<\/p>\n<p style=\"text-align: justify;\">\u201cTentativamente en el 2026, en el mes de noviembre se va a lanzar la convocatoria para los pueblos que quieran participar, Pueblos M\u00e1gicos y tambi\u00e9n para los Barrios M\u00e1gicos\u201d.<\/p>\n<p style=\"text-align: justify;\">Venado, Cedral, Charcas, Tamazunchale, Matehuala y Salinas de Hidalgo son los municipios que han buscado sumarse a la lista de Pueblos M\u00e1gicos de la entidad, actualmente Aquism\u00f3n, Real de Catorce, Santa Mar\u00eda del R\u00edo, Xilitla, Tierra Nueva y Ciudad del Ma\u00edz son los que han sido condecorados con esta distinci\u00f3n.<\/p>\n<p>Por: Juan Carlos Contreras<\/p>\n","protected":false},"excerpt":{"rendered":"<p>SLP.- Durante el resto del a\u00f1o 2025 se ha cerrado la convocatoria para reconocer a municipios como Pueblos M\u00e1gicos, as\u00ed lo hizo del conocimiento de la poblaci\u00f3n la titular de la Secretar\u00eda de Turismo, Yolanda Josefina Cepeda Echavarr\u00eda. \u201cEn la pasada reuni\u00f3n de Asetur en el Estado de Oaxaca comentaron, el presidente de Asetur de la Asociaci\u00f3n de Secretarios de Turismo es que en lo que resta del a\u00f1o ya no va a haber una convocatoria para Pueblos M\u00e1gicos ni para participar los barrios\u201d. Ser\u00e1 hasta el a\u00f1o 2026 cuando se abra la convocatoria por parte de la Secretar\u00eda de [&hellip;]<\/p>\n","protected":false},"author":2,"featured_media":177016,"comment_status":"closed","ping_status":"closed","sticky":false,"template":"","format":"video","meta":{"_monsterinsights_skip_tracking":false,"_monsterinsights_sitenote_active":false,"_monsterinsights_sitenote_note":"","_monsterinsights_sitenote_category":0,"footnotes":""},"categories":[5,45],"tags":[],"class_list":["post-177011","post","type-post","status-publish","format-video","has-post-thumbnail","hentry","category-destacadas","category-localesyregionales","post_format-post-format-video","post--single"],"yoast_head":"<!-- This site is optimized with the Yoast SEO plugin v27.5 - https:\/\/yoast.com\/product\/yoast-seo-wordpress\/ -->\n<title>En noviembre de 2026 se emitir\u00e1 convocatoria para nombrar nuevos Pueblos M\u00e1gicos - Canal 7 SLP - 2025<\/title>\n<meta name=\"robots\" content=\"index, follow, max-snippet:-1, max-image-preview:large, max-video-preview:-1\" \/>\n<link rel=\"canonical\" href=\"https:\/\/canal7slp.tv\/2025\/en-noviembre-de-2026-se-emitira-convocatoria-para-nombrar-nuevos-pueblos-magicos\/\" \/>\n<meta property=\"og:locale\" content=\"es_ES\" \/>\n<meta property=\"og:type\" content=\"article\" \/>\n<meta property=\"og:title\" content=\"En noviembre de 2026 se emitir\u00e1 convocatoria para nombrar nuevos Pueblos M\u00e1gicos - Canal 7 SLP - 2025\" \/>\n<meta property=\"og:description\" content=\"SLP.- Durante el resto del a\u00f1o 2025 se ha cerrado la convocatoria para reconocer a municipios como Pueblos M\u00e1gicos, as\u00ed lo hizo del conocimiento de la poblaci\u00f3n la titular de la Secretar\u00eda de Turismo, Yolanda Josefina Cepeda Echavarr\u00eda. \u201cEn la pasada reuni\u00f3n de Asetur en el Estado de Oaxaca comentaron, el presidente de Asetur de la Asociaci\u00f3n de Secretarios de Turismo es que en lo que resta del a\u00f1o ya no va a haber una convocatoria para Pueblos M\u00e1gicos ni para participar los barrios\u201d. Ser\u00e1 hasta el a\u00f1o 2026 cuando se abra la convocatoria por parte de la Secretar\u00eda de [&hellip;]\" \/>\n<meta property=\"og:url\" content=\"https:\/\/canal7slp.tv\/2025\/en-noviembre-de-2026-se-emitira-convocatoria-para-nombrar-nuevos-pueblos-magicos\/\" \/>\n<meta property=\"og:site_name\" content=\"Canal 7 SLP - 2025\" \/>\n<meta property=\"article:publisher\" content=\"https:\/\/www.facebook.com\/noticieroscanal7atencionciudadana\/\" \/>\n<meta property=\"article:published_time\" content=\"2025-08-20T01:55:24+00:00\" \/>\n<meta property=\"og:image\" content=\"https:\/\/canal7slp.tv\/2025\/wp-content\/uploads\/2025\/08\/Poky01PueblosMagicos.jpg\" \/>\n\t<meta property=\"og:image:width\" content=\"1280\" \/>\n\t<meta property=\"og:image:height\" content=\"720\" \/>\n\t<meta property=\"og:image:type\" content=\"image\/jpeg\" \/>\n<meta name=\"author\" content=\"Edici\u00f3n Web\" \/>\n<meta name=\"twitter:card\" content=\"summary_large_image\" \/>\n<meta name=\"twitter:creator\" content=\"@NOTICIEROS7\" \/>\n<meta name=\"twitter:site\" content=\"@NOTICIEROS7\" \/>\n<meta name=\"twitter:label1\" content=\"Escrito por\" \/>\n\t<meta name=\"twitter:data1\" content=\"Edici\u00f3n Web\" \/>\n\t<meta name=\"twitter:label2\" content=\"Tiempo de lectura\" \/>\n\t<meta name=\"twitter:data2\" content=\"2 minutos\" \/>\n<script type=\"application\/ld+json\" class=\"yoast-schema-graph\">{\"@context\":\"https:\\\/\\\/schema.org\",\"@graph\":[{\"@type\":\"Article\",\"@id\":\"https:\\\/\\\/canal7slp.tv\\\/2025\\\/en-noviembre-de-2026-se-emitira-convocatoria-para-nombrar-nuevos-pueblos-magicos\\\/#article\",\"isPartOf\":{\"@id\":\"https:\\\/\\\/canal7slp.tv\\\/2025\\\/en-noviembre-de-2026-se-emitira-convocatoria-para-nombrar-nuevos-pueblos-magicos\\\/\"},\"author\":{\"name\":\"Edici\u00f3n Web\",\"@id\":\"https:\\\/\\\/canal7slp.tv\\\/2025\\\/#\\\/schema\\\/person\\\/271e2b60a96e7cc9d9ac296f4d7e414b\"},\"headline\":\"En noviembre de 2026 se emitir\u00e1 convocatoria para nombrar nuevos Pueblos M\u00e1gicos\",\"datePublished\":\"2025-08-20T01:55:24+00:00\",\"mainEntityOfPage\":{\"@id\":\"https:\\\/\\\/canal7slp.tv\\\/2025\\\/en-noviembre-de-2026-se-emitira-convocatoria-para-nombrar-nuevos-pueblos-magicos\\\/\"},\"wordCount\":215,\"publisher\":{\"@id\":\"https:\\\/\\\/canal7slp.tv\\\/2025\\\/#organization\"},\"image\":{\"@id\":\"https:\\\/\\\/canal7slp.tv\\\/2025\\\/en-noviembre-de-2026-se-emitira-convocatoria-para-nombrar-nuevos-pueblos-magicos\\\/#primaryimage\"},\"thumbnailUrl\":\"https:\\\/\\\/canal7slp.tv\\\/2025\\\/wp-content\\\/uploads\\\/2025\\\/08\\\/Poky01PueblosMagicos.jpg\",\"articleSection\":[\"DESTACADAS\",\"LOCALES Y REGIONALES\"],\"inLanguage\":\"es\"},{\"@type\":\"WebPage\",\"@id\":\"https:\\\/\\\/canal7slp.tv\\\/2025\\\/en-noviembre-de-2026-se-emitira-convocatoria-para-nombrar-nuevos-pueblos-magicos\\\/\",\"url\":\"https:\\\/\\\/canal7slp.tv\\\/2025\\\/en-noviembre-de-2026-se-emitira-convocatoria-para-nombrar-nuevos-pueblos-magicos\\\/\",\"name\":\"En noviembre de 2026 se emitir\u00e1 convocatoria para nombrar nuevos Pueblos M\u00e1gicos - Canal 7 SLP - 2025\",\"isPartOf\":{\"@id\":\"https:\\\/\\\/canal7slp.tv\\\/2025\\\/#website\"},\"primaryImageOfPage\":{\"@id\":\"https:\\\/\\\/canal7slp.tv\\\/2025\\\/en-noviembre-de-2026-se-emitira-convocatoria-para-nombrar-nuevos-pueblos-magicos\\\/#primaryimage\"},\"image\":{\"@id\":\"https:\\\/\\\/canal7slp.tv\\\/2025\\\/en-noviembre-de-2026-se-emitira-convocatoria-para-nombrar-nuevos-pueblos-magicos\\\/#primaryimage\"},\"thumbnailUrl\":\"https:\\\/\\\/canal7slp.tv\\\/2025\\\/wp-content\\\/uploads\\\/2025\\\/08\\\/Poky01PueblosMagicos.jpg\",\"datePublished\":\"2025-08-20T01:55:24+00:00\",\"breadcrumb\":{\"@id\":\"https:\\\/\\\/canal7slp.tv\\\/2025\\\/en-noviembre-de-2026-se-emitira-convocatoria-para-nombrar-nuevos-pueblos-magicos\\\/#breadcrumb\"},\"inLanguage\":\"es\",\"potentialAction\":[{\"@type\":\"ReadAction\",\"target\":[\"https:\\\/\\\/canal7slp.tv\\\/2025\\\/en-noviembre-de-2026-se-emitira-convocatoria-para-nombrar-nuevos-pueblos-magicos\\\/\"]}]},{\"@type\":\"ImageObject\",\"inLanguage\":\"es\",\"@id\":\"https:\\\/\\\/canal7slp.tv\\\/2025\\\/en-noviembre-de-2026-se-emitira-convocatoria-para-nombrar-nuevos-pueblos-magicos\\\/#primaryimage\",\"url\":\"https:\\\/\\\/canal7slp.tv\\\/2025\\\/wp-content\\\/uploads\\\/2025\\\/08\\\/Poky01PueblosMagicos.jpg\",\"contentUrl\":\"https:\\\/\\\/canal7slp.tv\\\/2025\\\/wp-content\\\/uploads\\\/2025\\\/08\\\/Poky01PueblosMagicos.jpg\",\"width\":1280,\"height\":720},{\"@type\":\"BreadcrumbList\",\"@id\":\"https:\\\/\\\/canal7slp.tv\\\/2025\\\/en-noviembre-de-2026-se-emitira-convocatoria-para-nombrar-nuevos-pueblos-magicos\\\/#breadcrumb\",\"itemListElement\":[{\"@type\":\"ListItem\",\"position\":1,\"name\":\"Portada\",\"item\":\"https:\\\/\\\/canal7slp.tv\\\/2025\\\/\"},{\"@type\":\"ListItem\",\"position\":2,\"name\":\"En noviembre de 2026 se emitir\u00e1 convocatoria para nombrar nuevos Pueblos M\u00e1gicos\"}]},{\"@type\":\"WebSite\",\"@id\":\"https:\\\/\\\/canal7slp.tv\\\/2025\\\/#website\",\"url\":\"https:\\\/\\\/canal7slp.tv\\\/2025\\\/\",\"name\":\"N7 - Noticieros Canal 7\",\"description\":\"Somos el Medio\",\"publisher\":{\"@id\":\"https:\\\/\\\/canal7slp.tv\\\/2025\\\/#organization\"},\"potentialAction\":[{\"@type\":\"SearchAction\",\"target\":{\"@type\":\"EntryPoint\",\"urlTemplate\":\"https:\\\/\\\/canal7slp.tv\\\/2025\\\/?s={search_term_string}\"},\"query-input\":{\"@type\":\"PropertyValueSpecification\",\"valueRequired\":true,\"valueName\":\"search_term_string\"}}],\"inLanguage\":\"es\"},{\"@type\":\"Organization\",\"@id\":\"https:\\\/\\\/canal7slp.tv\\\/2025\\\/#organization\",\"name\":\"Noticieros Canal 7\",\"url\":\"https:\\\/\\\/canal7slp.tv\\\/2025\\\/\",\"logo\":{\"@type\":\"ImageObject\",\"inLanguage\":\"es\",\"@id\":\"https:\\\/\\\/canal7slp.tv\\\/2025\\\/#\\\/schema\\\/logo\\\/image\\\/\",\"url\":\"https:\\\/\\\/canal7slp.tv\\\/2025\\\/wp-content\\\/uploads\\\/2021\\\/01\\\/logo-noticieros@2x.png\",\"contentUrl\":\"https:\\\/\\\/canal7slp.tv\\\/2025\\\/wp-content\\\/uploads\\\/2021\\\/01\\\/logo-noticieros@2x.png\",\"width\":1017,\"height\":268,\"caption\":\"Noticieros Canal 7\"},\"image\":{\"@id\":\"https:\\\/\\\/canal7slp.tv\\\/2025\\\/#\\\/schema\\\/logo\\\/image\\\/\"},\"sameAs\":[\"https:\\\/\\\/www.facebook.com\\\/noticieroscanal7atencionciudadana\\\/\",\"https:\\\/\\\/x.com\\\/NOTICIEROS7\",\"https:\\\/\\\/www.instagram.com\\\/canal7_slp\",\"https:\\\/\\\/www.youtube.com\\\/channel\\\/UCliiYs-gP3JfJeqdPrNdd5A\"]},{\"@type\":\"Person\",\"@id\":\"https:\\\/\\\/canal7slp.tv\\\/2025\\\/#\\\/schema\\\/person\\\/271e2b60a96e7cc9d9ac296f4d7e414b\",\"name\":\"Edici\u00f3n Web\",\"image\":{\"@type\":\"ImageObject\",\"inLanguage\":\"es\",\"@id\":\"https:\\\/\\\/secure.gravatar.com\\\/avatar\\\/eee448fc3f7164808013b816ba91ac7e43bbe82a70bebac296f8bc6f0addaa1a?s=96&d=mm&r=g\",\"url\":\"https:\\\/\\\/secure.gravatar.com\\\/avatar\\\/eee448fc3f7164808013b816ba91ac7e43bbe82a70bebac296f8bc6f0addaa1a?s=96&d=mm&r=g\",\"contentUrl\":\"https:\\\/\\\/secure.gravatar.com\\\/avatar\\\/eee448fc3f7164808013b816ba91ac7e43bbe82a70bebac296f8bc6f0addaa1a?s=96&d=mm&r=g\",\"caption\":\"Edici\u00f3n Web\"},\"url\":\"https:\\\/\\\/canal7slp.tv\\\/2025\\\/author\\\/edicionweb\\\/\"}]}<\/script>\n<!-- \/ Yoast SEO plugin. -->","yoast_head_json":{"title":"En noviembre de 2026 se emitir\u00e1 convocatoria para nombrar nuevos Pueblos M\u00e1gicos - Canal 7 SLP - 2025","robots":{"index":"index","follow":"follow","max-snippet":"max-snippet:-1","max-image-preview":"max-image-preview:large","max-video-preview":"max-video-preview:-1"},"canonical":"https:\/\/canal7slp.tv\/2025\/en-noviembre-de-2026-se-emitira-convocatoria-para-nombrar-nuevos-pueblos-magicos\/","og_locale":"es_ES","og_type":"article","og_title":"En noviembre de 2026 se emitir\u00e1 convocatoria para nombrar nuevos Pueblos M\u00e1gicos - Canal 7 SLP - 2025","og_description":"SLP.- Durante el resto del a\u00f1o 2025 se ha cerrado la convocatoria para reconocer a municipios como Pueblos M\u00e1gicos, as\u00ed lo hizo del conocimiento de la poblaci\u00f3n la titular de la Secretar\u00eda de Turismo, Yolanda Josefina Cepeda Echavarr\u00eda. \u201cEn la pasada reuni\u00f3n de Asetur en el Estado de Oaxaca comentaron, el presidente de Asetur de la Asociaci\u00f3n de Secretarios de Turismo es que en lo que resta del a\u00f1o ya no va a haber una convocatoria para Pueblos M\u00e1gicos ni para participar los barrios\u201d. Ser\u00e1 hasta el a\u00f1o 2026 cuando se abra la convocatoria por parte de la Secretar\u00eda de [&hellip;]","og_url":"https:\/\/canal7slp.tv\/2025\/en-noviembre-de-2026-se-emitira-convocatoria-para-nombrar-nuevos-pueblos-magicos\/","og_site_name":"Canal 7 SLP - 2025","article_publisher":"https:\/\/www.facebook.com\/noticieroscanal7atencionciudadana\/","article_published_time":"2025-08-20T01:55:24+00:00","og_image":[{"width":1280,"height":720,"url":"https:\/\/canal7slp.tv\/2025\/wp-content\/uploads\/2025\/08\/Poky01PueblosMagicos.jpg","type":"image\/jpeg"}],"author":"Edici\u00f3n Web","twitter_card":"summary_large_image","twitter_creator":"@NOTICIEROS7","twitter_site":"@NOTICIEROS7","twitter_misc":{"Escrito por":"Edici\u00f3n Web","Tiempo de lectura":"2 minutos"},"schema":{"@context":"https:\/\/schema.org","@graph":[{"@type":"Article","@id":"https:\/\/canal7slp.tv\/2025\/en-noviembre-de-2026-se-emitira-convocatoria-para-nombrar-nuevos-pueblos-magicos\/#article","isPartOf":{"@id":"https:\/\/canal7slp.tv\/2025\/en-noviembre-de-2026-se-emitira-convocatoria-para-nombrar-nuevos-pueblos-magicos\/"},"author":{"name":"Edici\u00f3n Web","@id":"https:\/\/canal7slp.tv\/2025\/#\/schema\/person\/271e2b60a96e7cc9d9ac296f4d7e414b"},"headline":"En noviembre de 2026 se emitir\u00e1 convocatoria para nombrar nuevos Pueblos M\u00e1gicos","datePublished":"2025-08-20T01:55:24+00:00","mainEntityOfPage":{"@id":"https:\/\/canal7slp.tv\/2025\/en-noviembre-de-2026-se-emitira-convocatoria-para-nombrar-nuevos-pueblos-magicos\/"},"wordCount":215,"publisher":{"@id":"https:\/\/canal7slp.tv\/2025\/#organization"},"image":{"@id":"https:\/\/canal7slp.tv\/2025\/en-noviembre-de-2026-se-emitira-convocatoria-para-nombrar-nuevos-pueblos-magicos\/#primaryimage"},"thumbnailUrl":"https:\/\/canal7slp.tv\/2025\/wp-content\/uploads\/2025\/08\/Poky01PueblosMagicos.jpg","articleSection":["DESTACADAS","LOCALES Y REGIONALES"],"inLanguage":"es"},{"@type":"WebPage","@id":"https:\/\/canal7slp.tv\/2025\/en-noviembre-de-2026-se-emitira-convocatoria-para-nombrar-nuevos-pueblos-magicos\/","url":"https:\/\/canal7slp.tv\/2025\/en-noviembre-de-2026-se-emitira-convocatoria-para-nombrar-nuevos-pueblos-magicos\/","name":"En noviembre de 2026 se emitir\u00e1 convocatoria para nombrar nuevos Pueblos M\u00e1gicos - Canal 7 SLP - 2025","isPartOf":{"@id":"https:\/\/canal7slp.tv\/2025\/#website"},"primaryImageOfPage":{"@id":"https:\/\/canal7slp.tv\/2025\/en-noviembre-de-2026-se-emitira-convocatoria-para-nombrar-nuevos-pueblos-magicos\/#primaryimage"},"image":{"@id":"https:\/\/canal7slp.tv\/2025\/en-noviembre-de-2026-se-emitira-convocatoria-para-nombrar-nuevos-pueblos-magicos\/#primaryimage"},"thumbnailUrl":"https:\/\/canal7slp.tv\/2025\/wp-content\/uploads\/2025\/08\/Poky01PueblosMagicos.jpg","datePublished":"2025-08-20T01:55:24+00:00","breadcrumb":{"@id":"https:\/\/canal7slp.tv\/2025\/en-noviembre-de-2026-se-emitira-convocatoria-para-nombrar-nuevos-pueblos-magicos\/#breadcrumb"},"inLanguage":"es","potentialAction":[{"@type":"ReadAction","target":["https:\/\/canal7slp.tv\/2025\/en-noviembre-de-2026-se-emitira-convocatoria-para-nombrar-nuevos-pueblos-magicos\/"]}]},{"@type":"ImageObject","inLanguage":"es","@id":"https:\/\/canal7slp.tv\/2025\/en-noviembre-de-2026-se-emitira-convocatoria-para-nombrar-nuevos-pueblos-magicos\/#primaryimage","url":"https:\/\/canal7slp.tv\/2025\/wp-content\/uploads\/2025\/08\/Poky01PueblosMagicos.jpg","contentUrl":"https:\/\/canal7slp.tv\/2025\/wp-content\/uploads\/2025\/08\/Poky01PueblosMagicos.jpg","width":1280,"height":720},{"@type":"BreadcrumbList","@id":"https:\/\/canal7slp.tv\/2025\/en-noviembre-de-2026-se-emitira-convocatoria-para-nombrar-nuevos-pueblos-magicos\/#breadcrumb","itemListElement":[{"@type":"ListItem","position":1,"name":"Portada","item":"https:\/\/canal7slp.tv\/2025\/"},{"@type":"ListItem","position":2,"name":"En noviembre de 2026 se emitir\u00e1 convocatoria para nombrar nuevos Pueblos M\u00e1gicos"}]},{"@type":"WebSite","@id":"https:\/\/canal7slp.tv\/2025\/#website","url":"https:\/\/canal7slp.tv\/2025\/","name":"N7 - Noticieros Canal 7","description":"Somos el Medio","publisher":{"@id":"https:\/\/canal7slp.tv\/2025\/#organization"},"potentialAction":[{"@type":"SearchAction","target":{"@type":"EntryPoint","urlTemplate":"https:\/\/canal7slp.tv\/2025\/?s={search_term_string}"},"query-input":{"@type":"PropertyValueSpecification","valueRequired":true,"valueName":"search_term_string"}}],"inLanguage":"es"},{"@type":"Organization","@id":"https:\/\/canal7slp.tv\/2025\/#organization","name":"Noticieros Canal 7","url":"https:\/\/canal7slp.tv\/2025\/","logo":{"@type":"ImageObject","inLanguage":"es","@id":"https:\/\/canal7slp.tv\/2025\/#\/schema\/logo\/image\/","url":"https:\/\/canal7slp.tv\/2025\/wp-content\/uploads\/2021\/01\/logo-noticieros@2x.png","contentUrl":"https:\/\/canal7slp.tv\/2025\/wp-content\/uploads\/2021\/01\/logo-noticieros@2x.png","width":1017,"height":268,"caption":"Noticieros Canal 7"},"image":{"@id":"https:\/\/canal7slp.tv\/2025\/#\/schema\/logo\/image\/"},"sameAs":["https:\/\/www.facebook.com\/noticieroscanal7atencionciudadana\/","https:\/\/x.com\/NOTICIEROS7","https:\/\/www.instagram.com\/canal7_slp","https:\/\/www.youtube.com\/channel\/UCliiYs-gP3JfJeqdPrNdd5A"]},{"@type":"Person","@id":"https:\/\/canal7slp.tv\/2025\/#\/schema\/person\/271e2b60a96e7cc9d9ac296f4d7e414b","name":"Edici\u00f3n Web","image":{"@type":"ImageObject","inLanguage":"es","@id":"https:\/\/secure.gravatar.com\/avatar\/eee448fc3f7164808013b816ba91ac7e43bbe82a70bebac296f8bc6f0addaa1a?s=96&d=mm&r=g","url":"https:\/\/secure.gravatar.com\/avatar\/eee448fc3f7164808013b816ba91ac7e43bbe82a70bebac296f8bc6f0addaa1a?s=96&d=mm&r=g","contentUrl":"https:\/\/secure.gravatar.com\/avatar\/eee448fc3f7164808013b816ba91ac7e43bbe82a70bebac296f8bc6f0addaa1a?s=96&d=mm&r=g","caption":"Edici\u00f3n Web"},"url":"https:\/\/canal7slp.tv\/2025\/author\/edicionweb\/"}]}},"_links":{"self":[{"href":"https:\/\/canal7slp.tv\/2025\/wp-json\/wp\/v2\/posts\/177011","targetHints":{"allow":["GET"]}}],"collection":[{"href":"https:\/\/canal7slp.tv\/2025\/wp-json\/wp\/v2\/posts"}],"about":[{"href":"https:\/\/canal7slp.tv\/2025\/wp-json\/wp\/v2\/types\/post"}],"author":[{"embeddable":true,"href":"https:\/\/canal7slp.tv\/2025\/wp-json\/wp\/v2\/users\/2"}],"replies":[{"embeddable":true,"href":"https:\/\/canal7slp.tv\/2025\/wp-json\/wp\/v2\/comments?post=177011"}],"version-history":[{"count":2,"href":"https:\/\/canal7slp.tv\/2025\/wp-json\/wp\/v2\/posts\/177011\/revisions"}],"predecessor-version":[{"id":177018,"href":"https:\/\/canal7slp.tv\/2025\/wp-json\/wp\/v2\/posts\/177011\/revisions\/177018"}],"wp:featuredmedia":[{"embeddable":true,"href":"https:\/\/canal7slp.tv\/2025\/wp-json\/wp\/v2\/media\/177016"}],"wp:attachment":[{"href":"https:\/\/canal7slp.tv\/2025\/wp-json\/wp\/v2\/media?parent=177011"}],"wp:term":[{"taxonomy":"category","embeddable":true,"href":"https:\/\/canal7slp.tv\/2025\/wp-json\/wp\/v2\/categories?post=177011"},{"taxonomy":"post_tag","embeddable":true,"href":"https:\/\/canal7slp.tv\/2025\/wp-json\/wp\/v2\/tags?post=177011"}],"curies":[{"name":"wp","href":"https:\/\/api.w.org\/{rel}","templated":true}]}}