{"id":177004,"date":"2025-08-19T19:27:29","date_gmt":"2025-08-20T01:27:29","guid":{"rendered":"https:\/\/canal7slp.tv\/2025\/?p=177004"},"modified":"2025-08-19T19:27:29","modified_gmt":"2025-08-20T01:27:29","slug":"ataque-armado-en-culiacan-deja-tres-muertos-y-un-herido","status":"publish","type":"post","link":"https:\/\/canal7slp.tv\/2025\/ataque-armado-en-culiacan-deja-tres-muertos-y-un-herido\/","title":{"rendered":"Ataque armado en Culiac\u00e1n deja tres muertos y un herido"},"content":{"rendered":"<p style=\"text-align: justify;\">\n<p style=\"text-align: justify;\">Culiac\u00e1n.- La ma\u00f1ana del 19 de agosto, un ataque armado sacudi\u00f3 a la colonia Felipe \u00c1ngeles, en el sur de Culiac\u00e1n, dejando como saldo tres personas asesinadas, entre ellas una mujer, y un hombre herido.<\/p>\n<p style=\"text-align: justify;\">El tiroteo fue reportado alrededor de las 09:15 horas al n\u00famero de emergencias 911. Seg\u00fan los informes, los disparos se registraron en la calle Constituyente Esteban Baca Calder\u00f3n, entre las avenidas Art\u00edculo 123 y Paulino Machorro.<\/p>\n<p style=\"text-align: justify;\">Al arribar, las autoridades localizaron a tres personas sin vida y a un hombre herido, identificado como Edgar \u201cN\u201d, de 39 a\u00f1os, quien fue estabilizado por param\u00e9dicos de la Cruz Roja y trasladado a un hospital. Su estado de salud a\u00fan no ha sido dado a conocer.<\/p>\n<p style=\"text-align: justify;\">La zona fue acordonada con cinta amarilla mientras peritos de la Direcci\u00f3n General de Investigaci\u00f3n Pericial realizaban las diligencias correspondientes. Posteriormente, los cuerpos fueron trasladados al Servicio M\u00e9dico Forense (Semefo) para practicarles la necropsia de ley, antes de ser entregados a sus familiares.<\/p>\n<p style=\"text-align: justify;\">La Fiscal\u00eda General del Estado (FGE) inici\u00f3 una carpeta de investigaci\u00f3n para esclarecer los hechos y dar con los responsables de este ataque.<\/p>\n","protected":false},"excerpt":{"rendered":"<p>Culiac\u00e1n.- La ma\u00f1ana del 19 de agosto, un ataque armado sacudi\u00f3 a la colonia Felipe \u00c1ngeles, en el sur de Culiac\u00e1n, dejando como saldo tres personas asesinadas, entre ellas una mujer, y un hombre herido. El tiroteo fue reportado alrededor de las 09:15 horas al n\u00famero de emergencias 911. Seg\u00fan los informes, los disparos se registraron en la calle Constituyente Esteban Baca Calder\u00f3n, entre las avenidas Art\u00edculo 123 y Paulino Machorro. Al arribar, las autoridades localizaron a tres personas sin vida y a un hombre herido, identificado como Edgar \u201cN\u201d, de 39 a\u00f1os, quien fue estabilizado por param\u00e9dicos de la [&hellip;]<\/p>\n","protected":false},"author":2,"featured_media":177005,"comment_status":"closed","ping_status":"closed","sticky":false,"template":"","format":"standard","meta":{"_monsterinsights_skip_tracking":false,"_monsterinsights_sitenote_active":false,"_monsterinsights_sitenote_note":"","_monsterinsights_sitenote_category":0,"footnotes":""},"categories":[46],"tags":[],"class_list":["post-177004","post","type-post","status-publish","format-standard","has-post-thumbnail","hentry","category-nacional","post--single"],"yoast_head":"<!-- This site is optimized with the Yoast SEO plugin v27.5 - https:\/\/yoast.com\/product\/yoast-seo-wordpress\/ -->\n<title>Ataque armado en Culiac\u00e1n deja tres muertos y un herido - Canal 7 SLP - 2025<\/title>\n<meta name=\"robots\" content=\"index, follow, max-snippet:-1, max-image-preview:large, max-video-preview:-1\" \/>\n<link rel=\"canonical\" href=\"https:\/\/canal7slp.tv\/2025\/ataque-armado-en-culiacan-deja-tres-muertos-y-un-herido\/\" \/>\n<meta property=\"og:locale\" content=\"es_ES\" \/>\n<meta property=\"og:type\" content=\"article\" \/>\n<meta property=\"og:title\" content=\"Ataque armado en Culiac\u00e1n deja tres muertos y un herido - Canal 7 SLP - 2025\" \/>\n<meta property=\"og:description\" content=\"Culiac\u00e1n.- La ma\u00f1ana del 19 de agosto, un ataque armado sacudi\u00f3 a la colonia Felipe \u00c1ngeles, en el sur de Culiac\u00e1n, dejando como saldo tres personas asesinadas, entre ellas una mujer, y un hombre herido. El tiroteo fue reportado alrededor de las 09:15 horas al n\u00famero de emergencias 911. Seg\u00fan los informes, los disparos se registraron en la calle Constituyente Esteban Baca Calder\u00f3n, entre las avenidas Art\u00edculo 123 y Paulino Machorro. Al arribar, las autoridades localizaron a tres personas sin vida y a un hombre herido, identificado como Edgar \u201cN\u201d, de 39 a\u00f1os, quien fue estabilizado por param\u00e9dicos de la [&hellip;]\" \/>\n<meta property=\"og:url\" content=\"https:\/\/canal7slp.tv\/2025\/ataque-armado-en-culiacan-deja-tres-muertos-y-un-herido\/\" \/>\n<meta property=\"og:site_name\" content=\"Canal 7 SLP - 2025\" \/>\n<meta property=\"article:publisher\" content=\"https:\/\/www.facebook.com\/noticieroscanal7atencionciudadana\/\" \/>\n<meta property=\"article:published_time\" content=\"2025-08-20T01:27:29+00:00\" \/>\n<meta property=\"og:image\" content=\"https:\/\/canal7slp.tv\/2025\/wp-content\/uploads\/2025\/08\/16-5.jpg\" \/>\n\t<meta property=\"og:image:width\" content=\"820\" \/>\n\t<meta property=\"og:image:height\" content=\"410\" \/>\n\t<meta property=\"og:image:type\" content=\"image\/jpeg\" \/>\n<meta name=\"author\" content=\"Edici\u00f3n Web\" \/>\n<meta name=\"twitter:card\" content=\"summary_large_image\" \/>\n<meta name=\"twitter:creator\" content=\"@NOTICIEROS7\" \/>\n<meta name=\"twitter:site\" content=\"@NOTICIEROS7\" \/>\n<meta name=\"twitter:label1\" content=\"Escrito por\" \/>\n\t<meta name=\"twitter:data1\" content=\"Edici\u00f3n Web\" \/>\n\t<meta name=\"twitter:label2\" content=\"Tiempo de lectura\" \/>\n\t<meta name=\"twitter:data2\" content=\"2 minutos\" \/>\n<script type=\"application\/ld+json\" class=\"yoast-schema-graph\">{\"@context\":\"https:\\\/\\\/schema.org\",\"@graph\":[{\"@type\":\"Article\",\"@id\":\"https:\\\/\\\/canal7slp.tv\\\/2025\\\/ataque-armado-en-culiacan-deja-tres-muertos-y-un-herido\\\/#article\",\"isPartOf\":{\"@id\":\"https:\\\/\\\/canal7slp.tv\\\/2025\\\/ataque-armado-en-culiacan-deja-tres-muertos-y-un-herido\\\/\"},\"author\":{\"name\":\"Edici\u00f3n Web\",\"@id\":\"https:\\\/\\\/canal7slp.tv\\\/2025\\\/#\\\/schema\\\/person\\\/271e2b60a96e7cc9d9ac296f4d7e414b\"},\"headline\":\"Ataque armado en Culiac\u00e1n deja tres muertos y un herido\",\"datePublished\":\"2025-08-20T01:27:29+00:00\",\"mainEntityOfPage\":{\"@id\":\"https:\\\/\\\/canal7slp.tv\\\/2025\\\/ataque-armado-en-culiacan-deja-tres-muertos-y-un-herido\\\/\"},\"wordCount\":206,\"publisher\":{\"@id\":\"https:\\\/\\\/canal7slp.tv\\\/2025\\\/#organization\"},\"image\":{\"@id\":\"https:\\\/\\\/canal7slp.tv\\\/2025\\\/ataque-armado-en-culiacan-deja-tres-muertos-y-un-herido\\\/#primaryimage\"},\"thumbnailUrl\":\"https:\\\/\\\/canal7slp.tv\\\/2025\\\/wp-content\\\/uploads\\\/2025\\\/08\\\/16-5.jpg\",\"articleSection\":[\"NACIONALES\"],\"inLanguage\":\"es\"},{\"@type\":\"WebPage\",\"@id\":\"https:\\\/\\\/canal7slp.tv\\\/2025\\\/ataque-armado-en-culiacan-deja-tres-muertos-y-un-herido\\\/\",\"url\":\"https:\\\/\\\/canal7slp.tv\\\/2025\\\/ataque-armado-en-culiacan-deja-tres-muertos-y-un-herido\\\/\",\"name\":\"Ataque armado en Culiac\u00e1n deja tres muertos y un herido - Canal 7 SLP - 2025\",\"isPartOf\":{\"@id\":\"https:\\\/\\\/canal7slp.tv\\\/2025\\\/#website\"},\"primaryImageOfPage\":{\"@id\":\"https:\\\/\\\/canal7slp.tv\\\/2025\\\/ataque-armado-en-culiacan-deja-tres-muertos-y-un-herido\\\/#primaryimage\"},\"image\":{\"@id\":\"https:\\\/\\\/canal7slp.tv\\\/2025\\\/ataque-armado-en-culiacan-deja-tres-muertos-y-un-herido\\\/#primaryimage\"},\"thumbnailUrl\":\"https:\\\/\\\/canal7slp.tv\\\/2025\\\/wp-content\\\/uploads\\\/2025\\\/08\\\/16-5.jpg\",\"datePublished\":\"2025-08-20T01:27:29+00:00\",\"breadcrumb\":{\"@id\":\"https:\\\/\\\/canal7slp.tv\\\/2025\\\/ataque-armado-en-culiacan-deja-tres-muertos-y-un-herido\\\/#breadcrumb\"},\"inLanguage\":\"es\",\"potentialAction\":[{\"@type\":\"ReadAction\",\"target\":[\"https:\\\/\\\/canal7slp.tv\\\/2025\\\/ataque-armado-en-culiacan-deja-tres-muertos-y-un-herido\\\/\"]}]},{\"@type\":\"ImageObject\",\"inLanguage\":\"es\",\"@id\":\"https:\\\/\\\/canal7slp.tv\\\/2025\\\/ataque-armado-en-culiacan-deja-tres-muertos-y-un-herido\\\/#primaryimage\",\"url\":\"https:\\\/\\\/canal7slp.tv\\\/2025\\\/wp-content\\\/uploads\\\/2025\\\/08\\\/16-5.jpg\",\"contentUrl\":\"https:\\\/\\\/canal7slp.tv\\\/2025\\\/wp-content\\\/uploads\\\/2025\\\/08\\\/16-5.jpg\",\"width\":820,\"height\":410},{\"@type\":\"BreadcrumbList\",\"@id\":\"https:\\\/\\\/canal7slp.tv\\\/2025\\\/ataque-armado-en-culiacan-deja-tres-muertos-y-un-herido\\\/#breadcrumb\",\"itemListElement\":[{\"@type\":\"ListItem\",\"position\":1,\"name\":\"Portada\",\"item\":\"https:\\\/\\\/canal7slp.tv\\\/2025\\\/\"},{\"@type\":\"ListItem\",\"position\":2,\"name\":\"Ataque armado en Culiac\u00e1n deja tres muertos y un herido\"}]},{\"@type\":\"WebSite\",\"@id\":\"https:\\\/\\\/canal7slp.tv\\\/2025\\\/#website\",\"url\":\"https:\\\/\\\/canal7slp.tv\\\/2025\\\/\",\"name\":\"N7 - Noticieros Canal 7\",\"description\":\"Somos el Medio\",\"publisher\":{\"@id\":\"https:\\\/\\\/canal7slp.tv\\\/2025\\\/#organization\"},\"potentialAction\":[{\"@type\":\"SearchAction\",\"target\":{\"@type\":\"EntryPoint\",\"urlTemplate\":\"https:\\\/\\\/canal7slp.tv\\\/2025\\\/?s={search_term_string}\"},\"query-input\":{\"@type\":\"PropertyValueSpecification\",\"valueRequired\":true,\"valueName\":\"search_term_string\"}}],\"inLanguage\":\"es\"},{\"@type\":\"Organization\",\"@id\":\"https:\\\/\\\/canal7slp.tv\\\/2025\\\/#organization\",\"name\":\"Noticieros Canal 7\",\"url\":\"https:\\\/\\\/canal7slp.tv\\\/2025\\\/\",\"logo\":{\"@type\":\"ImageObject\",\"inLanguage\":\"es\",\"@id\":\"https:\\\/\\\/canal7slp.tv\\\/2025\\\/#\\\/schema\\\/logo\\\/image\\\/\",\"url\":\"https:\\\/\\\/canal7slp.tv\\\/2025\\\/wp-content\\\/uploads\\\/2021\\\/01\\\/logo-noticieros@2x.png\",\"contentUrl\":\"https:\\\/\\\/canal7slp.tv\\\/2025\\\/wp-content\\\/uploads\\\/2021\\\/01\\\/logo-noticieros@2x.png\",\"width\":1017,\"height\":268,\"caption\":\"Noticieros Canal 7\"},\"image\":{\"@id\":\"https:\\\/\\\/canal7slp.tv\\\/2025\\\/#\\\/schema\\\/logo\\\/image\\\/\"},\"sameAs\":[\"https:\\\/\\\/www.facebook.com\\\/noticieroscanal7atencionciudadana\\\/\",\"https:\\\/\\\/x.com\\\/NOTICIEROS7\",\"https:\\\/\\\/www.instagram.com\\\/canal7_slp\",\"https:\\\/\\\/www.youtube.com\\\/channel\\\/UCliiYs-gP3JfJeqdPrNdd5A\"]},{\"@type\":\"Person\",\"@id\":\"https:\\\/\\\/canal7slp.tv\\\/2025\\\/#\\\/schema\\\/person\\\/271e2b60a96e7cc9d9ac296f4d7e414b\",\"name\":\"Edici\u00f3n Web\",\"image\":{\"@type\":\"ImageObject\",\"inLanguage\":\"es\",\"@id\":\"https:\\\/\\\/secure.gravatar.com\\\/avatar\\\/eee448fc3f7164808013b816ba91ac7e43bbe82a70bebac296f8bc6f0addaa1a?s=96&d=mm&r=g\",\"url\":\"https:\\\/\\\/secure.gravatar.com\\\/avatar\\\/eee448fc3f7164808013b816ba91ac7e43bbe82a70bebac296f8bc6f0addaa1a?s=96&d=mm&r=g\",\"contentUrl\":\"https:\\\/\\\/secure.gravatar.com\\\/avatar\\\/eee448fc3f7164808013b816ba91ac7e43bbe82a70bebac296f8bc6f0addaa1a?s=96&d=mm&r=g\",\"caption\":\"Edici\u00f3n Web\"},\"url\":\"https:\\\/\\\/canal7slp.tv\\\/2025\\\/author\\\/edicionweb\\\/\"}]}<\/script>\n<!-- \/ Yoast SEO plugin. -->","yoast_head_json":{"title":"Ataque armado en Culiac\u00e1n deja tres muertos y un herido - Canal 7 SLP - 2025","robots":{"index":"index","follow":"follow","max-snippet":"max-snippet:-1","max-image-preview":"max-image-preview:large","max-video-preview":"max-video-preview:-1"},"canonical":"https:\/\/canal7slp.tv\/2025\/ataque-armado-en-culiacan-deja-tres-muertos-y-un-herido\/","og_locale":"es_ES","og_type":"article","og_title":"Ataque armado en Culiac\u00e1n deja tres muertos y un herido - Canal 7 SLP - 2025","og_description":"Culiac\u00e1n.- La ma\u00f1ana del 19 de agosto, un ataque armado sacudi\u00f3 a la colonia Felipe \u00c1ngeles, en el sur de Culiac\u00e1n, dejando como saldo tres personas asesinadas, entre ellas una mujer, y un hombre herido. El tiroteo fue reportado alrededor de las 09:15 horas al n\u00famero de emergencias 911. Seg\u00fan los informes, los disparos se registraron en la calle Constituyente Esteban Baca Calder\u00f3n, entre las avenidas Art\u00edculo 123 y Paulino Machorro. Al arribar, las autoridades localizaron a tres personas sin vida y a un hombre herido, identificado como Edgar \u201cN\u201d, de 39 a\u00f1os, quien fue estabilizado por param\u00e9dicos de la [&hellip;]","og_url":"https:\/\/canal7slp.tv\/2025\/ataque-armado-en-culiacan-deja-tres-muertos-y-un-herido\/","og_site_name":"Canal 7 SLP - 2025","article_publisher":"https:\/\/www.facebook.com\/noticieroscanal7atencionciudadana\/","article_published_time":"2025-08-20T01:27:29+00:00","og_image":[{"width":820,"height":410,"url":"https:\/\/canal7slp.tv\/2025\/wp-content\/uploads\/2025\/08\/16-5.jpg","type":"image\/jpeg"}],"author":"Edici\u00f3n Web","twitter_card":"summary_large_image","twitter_creator":"@NOTICIEROS7","twitter_site":"@NOTICIEROS7","twitter_misc":{"Escrito por":"Edici\u00f3n Web","Tiempo de lectura":"2 minutos"},"schema":{"@context":"https:\/\/schema.org","@graph":[{"@type":"Article","@id":"https:\/\/canal7slp.tv\/2025\/ataque-armado-en-culiacan-deja-tres-muertos-y-un-herido\/#article","isPartOf":{"@id":"https:\/\/canal7slp.tv\/2025\/ataque-armado-en-culiacan-deja-tres-muertos-y-un-herido\/"},"author":{"name":"Edici\u00f3n Web","@id":"https:\/\/canal7slp.tv\/2025\/#\/schema\/person\/271e2b60a96e7cc9d9ac296f4d7e414b"},"headline":"Ataque armado en Culiac\u00e1n deja tres muertos y un herido","datePublished":"2025-08-20T01:27:29+00:00","mainEntityOfPage":{"@id":"https:\/\/canal7slp.tv\/2025\/ataque-armado-en-culiacan-deja-tres-muertos-y-un-herido\/"},"wordCount":206,"publisher":{"@id":"https:\/\/canal7slp.tv\/2025\/#organization"},"image":{"@id":"https:\/\/canal7slp.tv\/2025\/ataque-armado-en-culiacan-deja-tres-muertos-y-un-herido\/#primaryimage"},"thumbnailUrl":"https:\/\/canal7slp.tv\/2025\/wp-content\/uploads\/2025\/08\/16-5.jpg","articleSection":["NACIONALES"],"inLanguage":"es"},{"@type":"WebPage","@id":"https:\/\/canal7slp.tv\/2025\/ataque-armado-en-culiacan-deja-tres-muertos-y-un-herido\/","url":"https:\/\/canal7slp.tv\/2025\/ataque-armado-en-culiacan-deja-tres-muertos-y-un-herido\/","name":"Ataque armado en Culiac\u00e1n deja tres muertos y un herido - Canal 7 SLP - 2025","isPartOf":{"@id":"https:\/\/canal7slp.tv\/2025\/#website"},"primaryImageOfPage":{"@id":"https:\/\/canal7slp.tv\/2025\/ataque-armado-en-culiacan-deja-tres-muertos-y-un-herido\/#primaryimage"},"image":{"@id":"https:\/\/canal7slp.tv\/2025\/ataque-armado-en-culiacan-deja-tres-muertos-y-un-herido\/#primaryimage"},"thumbnailUrl":"https:\/\/canal7slp.tv\/2025\/wp-content\/uploads\/2025\/08\/16-5.jpg","datePublished":"2025-08-20T01:27:29+00:00","breadcrumb":{"@id":"https:\/\/canal7slp.tv\/2025\/ataque-armado-en-culiacan-deja-tres-muertos-y-un-herido\/#breadcrumb"},"inLanguage":"es","potentialAction":[{"@type":"ReadAction","target":["https:\/\/canal7slp.tv\/2025\/ataque-armado-en-culiacan-deja-tres-muertos-y-un-herido\/"]}]},{"@type":"ImageObject","inLanguage":"es","@id":"https:\/\/canal7slp.tv\/2025\/ataque-armado-en-culiacan-deja-tres-muertos-y-un-herido\/#primaryimage","url":"https:\/\/canal7slp.tv\/2025\/wp-content\/uploads\/2025\/08\/16-5.jpg","contentUrl":"https:\/\/canal7slp.tv\/2025\/wp-content\/uploads\/2025\/08\/16-5.jpg","width":820,"height":410},{"@type":"BreadcrumbList","@id":"https:\/\/canal7slp.tv\/2025\/ataque-armado-en-culiacan-deja-tres-muertos-y-un-herido\/#breadcrumb","itemListElement":[{"@type":"ListItem","position":1,"name":"Portada","item":"https:\/\/canal7slp.tv\/2025\/"},{"@type":"ListItem","position":2,"name":"Ataque armado en Culiac\u00e1n deja tres muertos y un herido"}]},{"@type":"WebSite","@id":"https:\/\/canal7slp.tv\/2025\/#website","url":"https:\/\/canal7slp.tv\/2025\/","name":"N7 - Noticieros Canal 7","description":"Somos el Medio","publisher":{"@id":"https:\/\/canal7slp.tv\/2025\/#organization"},"potentialAction":[{"@type":"SearchAction","target":{"@type":"EntryPoint","urlTemplate":"https:\/\/canal7slp.tv\/2025\/?s={search_term_string}"},"query-input":{"@type":"PropertyValueSpecification","valueRequired":true,"valueName":"search_term_string"}}],"inLanguage":"es"},{"@type":"Organization","@id":"https:\/\/canal7slp.tv\/2025\/#organization","name":"Noticieros Canal 7","url":"https:\/\/canal7slp.tv\/2025\/","logo":{"@type":"ImageObject","inLanguage":"es","@id":"https:\/\/canal7slp.tv\/2025\/#\/schema\/logo\/image\/","url":"https:\/\/canal7slp.tv\/2025\/wp-content\/uploads\/2021\/01\/logo-noticieros@2x.png","contentUrl":"https:\/\/canal7slp.tv\/2025\/wp-content\/uploads\/2021\/01\/logo-noticieros@2x.png","width":1017,"height":268,"caption":"Noticieros Canal 7"},"image":{"@id":"https:\/\/canal7slp.tv\/2025\/#\/schema\/logo\/image\/"},"sameAs":["https:\/\/www.facebook.com\/noticieroscanal7atencionciudadana\/","https:\/\/x.com\/NOTICIEROS7","https:\/\/www.instagram.com\/canal7_slp","https:\/\/www.youtube.com\/channel\/UCliiYs-gP3JfJeqdPrNdd5A"]},{"@type":"Person","@id":"https:\/\/canal7slp.tv\/2025\/#\/schema\/person\/271e2b60a96e7cc9d9ac296f4d7e414b","name":"Edici\u00f3n Web","image":{"@type":"ImageObject","inLanguage":"es","@id":"https:\/\/secure.gravatar.com\/avatar\/eee448fc3f7164808013b816ba91ac7e43bbe82a70bebac296f8bc6f0addaa1a?s=96&d=mm&r=g","url":"https:\/\/secure.gravatar.com\/avatar\/eee448fc3f7164808013b816ba91ac7e43bbe82a70bebac296f8bc6f0addaa1a?s=96&d=mm&r=g","contentUrl":"https:\/\/secure.gravatar.com\/avatar\/eee448fc3f7164808013b816ba91ac7e43bbe82a70bebac296f8bc6f0addaa1a?s=96&d=mm&r=g","caption":"Edici\u00f3n Web"},"url":"https:\/\/canal7slp.tv\/2025\/author\/edicionweb\/"}]}},"_links":{"self":[{"href":"https:\/\/canal7slp.tv\/2025\/wp-json\/wp\/v2\/posts\/177004","targetHints":{"allow":["GET"]}}],"collection":[{"href":"https:\/\/canal7slp.tv\/2025\/wp-json\/wp\/v2\/posts"}],"about":[{"href":"https:\/\/canal7slp.tv\/2025\/wp-json\/wp\/v2\/types\/post"}],"author":[{"embeddable":true,"href":"https:\/\/canal7slp.tv\/2025\/wp-json\/wp\/v2\/users\/2"}],"replies":[{"embeddable":true,"href":"https:\/\/canal7slp.tv\/2025\/wp-json\/wp\/v2\/comments?post=177004"}],"version-history":[{"count":1,"href":"https:\/\/canal7slp.tv\/2025\/wp-json\/wp\/v2\/posts\/177004\/revisions"}],"predecessor-version":[{"id":177006,"href":"https:\/\/canal7slp.tv\/2025\/wp-json\/wp\/v2\/posts\/177004\/revisions\/177006"}],"wp:featuredmedia":[{"embeddable":true,"href":"https:\/\/canal7slp.tv\/2025\/wp-json\/wp\/v2\/media\/177005"}],"wp:attachment":[{"href":"https:\/\/canal7slp.tv\/2025\/wp-json\/wp\/v2\/media?parent=177004"}],"wp:term":[{"taxonomy":"category","embeddable":true,"href":"https:\/\/canal7slp.tv\/2025\/wp-json\/wp\/v2\/categories?post=177004"},{"taxonomy":"post_tag","embeddable":true,"href":"https:\/\/canal7slp.tv\/2025\/wp-json\/wp\/v2\/tags?post=177004"}],"curies":[{"name":"wp","href":"https:\/\/api.w.org\/{rel}","templated":true}]}}