{"id":177001,"date":"2025-08-19T19:02:57","date_gmt":"2025-08-20T01:02:57","guid":{"rendered":"https:\/\/canal7slp.tv\/2025\/?p=177001"},"modified":"2025-08-19T19:02:57","modified_gmt":"2025-08-20T01:02:57","slug":"prision-preventiva-oficiosa-triplica-la-sobrepoblacion-en-carceles-del-pais","status":"publish","type":"post","link":"https:\/\/canal7slp.tv\/2025\/prision-preventiva-oficiosa-triplica-la-sobrepoblacion-en-carceles-del-pais\/","title":{"rendered":"Prisi\u00f3n preventiva oficiosa triplica la sobrepoblaci\u00f3n en c\u00e1rceles del pa\u00eds"},"content":{"rendered":"<p style=\"text-align: justify;\">M\u00e9xico.- En el \u00faltimo a\u00f1o, la sobrepoblaci\u00f3n en los centros penitenciarios de M\u00e9xico se triplic\u00f3, alcanzando cifras cr\u00edticas tras la aprobaci\u00f3n en el Congreso de la Uni\u00f3n de un aumento en el cat\u00e1logo de delitos que ameritan prisi\u00f3n preventiva oficiosa (PPO).<\/p>\n<p style=\"text-align: justify;\">De acuerdo con cifras oficiales, 26,955 personas exceden la capacidad penitenciaria nacional, frente a los 8,875 del a\u00f1o anterior.<\/p>\n<p style=\"text-align: justify;\">El \u00d3rgano Administrativo Desconcentrado de Prevenci\u00f3n y Reinserci\u00f3n Social report\u00f3 que, hasta julio de 2025, hab\u00eda 250,455 internos en el pa\u00eds, de los cuales 99,924 est\u00e1n en prisi\u00f3n preventiva. Adem\u00e1s, se contabilizaron 138 c\u00e1rceles con sobrepoblaci\u00f3n, frente a las 122 registradas un a\u00f1o antes.<\/p>\n<p style=\"text-align: justify;\">Entre las entidades m\u00e1s afectadas destacan:<\/p>\n<ul style=\"text-align: justify;\">\n<li>Estado de M\u00e9xico: 36,909 reclusos en instalaciones dise\u00f1adas para 14,481.<\/li>\n<li>Sonora: 13,758 internos en espacios con capacidad para 7,988.<\/li>\n<li>Durango: 4,719 presos en c\u00e1rceles para 2,295.<\/li>\n<\/ul>\n<p style=\"text-align: justify;\">La Corte Interamericana de Derechos Humanos (CorteIDH) hab\u00eda solicitado a M\u00e9xico en enero de 2023 reformar la PPO al considerar que vulnera la presunci\u00f3n de inocencia y el derecho al debido proceso. Sin embargo, lejos de reducirla, el pa\u00eds ampli\u00f3 su aplicaci\u00f3n: de 6 delitos en 2008 a 23 en 2025.<\/p>\n<p style=\"text-align: justify;\">Especialistas en justicia advierten que la prisi\u00f3n preventiva oficiosa no ha demostrado eficacia en la reducci\u00f3n del delito y mantiene a miles de personas en procesos judiciales sin resoluci\u00f3n.<\/p>\n<p style=\"text-align: justify;\">Mientras tanto, la Suprema Corte de Justicia de la Naci\u00f3n (SCJN) pospuso indefinidamente la discusi\u00f3n sobre la constitucionalidad de esta medida, a petici\u00f3n de la Presidencia de la Rep\u00fablica, lo que genera incertidumbre sobre una eventual reforma. La nueva integraci\u00f3n de la Corte, que asumir\u00e1 funciones el 1 de septiembre, heredar\u00e1 un rezago importante en la materia.<\/p>\n","protected":false},"excerpt":{"rendered":"<p>M\u00e9xico.- En el \u00faltimo a\u00f1o, la sobrepoblaci\u00f3n en los centros penitenciarios de M\u00e9xico se triplic\u00f3, alcanzando cifras cr\u00edticas tras la aprobaci\u00f3n en el Congreso de la Uni\u00f3n de un aumento en el cat\u00e1logo de delitos que ameritan prisi\u00f3n preventiva oficiosa (PPO). De acuerdo con cifras oficiales, 26,955 personas exceden la capacidad penitenciaria nacional, frente a los 8,875 del a\u00f1o anterior. El \u00d3rgano Administrativo Desconcentrado de Prevenci\u00f3n y Reinserci\u00f3n Social report\u00f3 que, hasta julio de 2025, hab\u00eda 250,455 internos en el pa\u00eds, de los cuales 99,924 est\u00e1n en prisi\u00f3n preventiva. Adem\u00e1s, se contabilizaron 138 c\u00e1rceles con sobrepoblaci\u00f3n, frente a las 122 [&hellip;]<\/p>\n","protected":false},"author":2,"featured_media":177002,"comment_status":"closed","ping_status":"closed","sticky":false,"template":"","format":"standard","meta":{"_monsterinsights_skip_tracking":false,"_monsterinsights_sitenote_active":false,"_monsterinsights_sitenote_note":"","_monsterinsights_sitenote_category":0,"footnotes":""},"categories":[46],"tags":[],"class_list":["post-177001","post","type-post","status-publish","format-standard","has-post-thumbnail","hentry","category-nacional","post--single"],"yoast_head":"<!-- This site is optimized with the Yoast SEO plugin v27.5 - https:\/\/yoast.com\/product\/yoast-seo-wordpress\/ -->\n<title>Prisi\u00f3n preventiva oficiosa triplica la sobrepoblaci\u00f3n en c\u00e1rceles del pa\u00eds - Canal 7 SLP - 2025<\/title>\n<meta name=\"robots\" content=\"index, follow, max-snippet:-1, max-image-preview:large, max-video-preview:-1\" \/>\n<link rel=\"canonical\" href=\"https:\/\/canal7slp.tv\/2025\/prision-preventiva-oficiosa-triplica-la-sobrepoblacion-en-carceles-del-pais\/\" \/>\n<meta property=\"og:locale\" content=\"es_ES\" \/>\n<meta property=\"og:type\" content=\"article\" \/>\n<meta property=\"og:title\" content=\"Prisi\u00f3n preventiva oficiosa triplica la sobrepoblaci\u00f3n en c\u00e1rceles del pa\u00eds - Canal 7 SLP - 2025\" \/>\n<meta property=\"og:description\" content=\"M\u00e9xico.- En el \u00faltimo a\u00f1o, la sobrepoblaci\u00f3n en los centros penitenciarios de M\u00e9xico se triplic\u00f3, alcanzando cifras cr\u00edticas tras la aprobaci\u00f3n en el Congreso de la Uni\u00f3n de un aumento en el cat\u00e1logo de delitos que ameritan prisi\u00f3n preventiva oficiosa (PPO). De acuerdo con cifras oficiales, 26,955 personas exceden la capacidad penitenciaria nacional, frente a los 8,875 del a\u00f1o anterior. El \u00d3rgano Administrativo Desconcentrado de Prevenci\u00f3n y Reinserci\u00f3n Social report\u00f3 que, hasta julio de 2025, hab\u00eda 250,455 internos en el pa\u00eds, de los cuales 99,924 est\u00e1n en prisi\u00f3n preventiva. Adem\u00e1s, se contabilizaron 138 c\u00e1rceles con sobrepoblaci\u00f3n, frente a las 122 [&hellip;]\" \/>\n<meta property=\"og:url\" content=\"https:\/\/canal7slp.tv\/2025\/prision-preventiva-oficiosa-triplica-la-sobrepoblacion-en-carceles-del-pais\/\" \/>\n<meta property=\"og:site_name\" content=\"Canal 7 SLP - 2025\" \/>\n<meta property=\"article:publisher\" content=\"https:\/\/www.facebook.com\/noticieroscanal7atencionciudadana\/\" \/>\n<meta property=\"article:published_time\" content=\"2025-08-20T01:02:57+00:00\" \/>\n<meta property=\"og:image\" content=\"https:\/\/canal7slp.tv\/2025\/wp-content\/uploads\/2025\/08\/15-9.jpg\" \/>\n\t<meta property=\"og:image:width\" content=\"738\" \/>\n\t<meta property=\"og:image:height\" content=\"500\" \/>\n\t<meta property=\"og:image:type\" content=\"image\/jpeg\" \/>\n<meta name=\"author\" content=\"Edici\u00f3n Web\" \/>\n<meta name=\"twitter:card\" content=\"summary_large_image\" \/>\n<meta name=\"twitter:creator\" content=\"@NOTICIEROS7\" \/>\n<meta name=\"twitter:site\" content=\"@NOTICIEROS7\" \/>\n<meta name=\"twitter:label1\" content=\"Escrito por\" \/>\n\t<meta name=\"twitter:data1\" content=\"Edici\u00f3n Web\" \/>\n\t<meta name=\"twitter:label2\" content=\"Tiempo de lectura\" \/>\n\t<meta name=\"twitter:data2\" content=\"2 minutos\" \/>\n<script type=\"application\/ld+json\" class=\"yoast-schema-graph\">{\"@context\":\"https:\\\/\\\/schema.org\",\"@graph\":[{\"@type\":\"Article\",\"@id\":\"https:\\\/\\\/canal7slp.tv\\\/2025\\\/prision-preventiva-oficiosa-triplica-la-sobrepoblacion-en-carceles-del-pais\\\/#article\",\"isPartOf\":{\"@id\":\"https:\\\/\\\/canal7slp.tv\\\/2025\\\/prision-preventiva-oficiosa-triplica-la-sobrepoblacion-en-carceles-del-pais\\\/\"},\"author\":{\"name\":\"Edici\u00f3n Web\",\"@id\":\"https:\\\/\\\/canal7slp.tv\\\/2025\\\/#\\\/schema\\\/person\\\/271e2b60a96e7cc9d9ac296f4d7e414b\"},\"headline\":\"Prisi\u00f3n preventiva oficiosa triplica la sobrepoblaci\u00f3n en c\u00e1rceles del pa\u00eds\",\"datePublished\":\"2025-08-20T01:02:57+00:00\",\"mainEntityOfPage\":{\"@id\":\"https:\\\/\\\/canal7slp.tv\\\/2025\\\/prision-preventiva-oficiosa-triplica-la-sobrepoblacion-en-carceles-del-pais\\\/\"},\"wordCount\":306,\"publisher\":{\"@id\":\"https:\\\/\\\/canal7slp.tv\\\/2025\\\/#organization\"},\"image\":{\"@id\":\"https:\\\/\\\/canal7slp.tv\\\/2025\\\/prision-preventiva-oficiosa-triplica-la-sobrepoblacion-en-carceles-del-pais\\\/#primaryimage\"},\"thumbnailUrl\":\"https:\\\/\\\/canal7slp.tv\\\/2025\\\/wp-content\\\/uploads\\\/2025\\\/08\\\/15-9.jpg\",\"articleSection\":[\"NACIONALES\"],\"inLanguage\":\"es\"},{\"@type\":\"WebPage\",\"@id\":\"https:\\\/\\\/canal7slp.tv\\\/2025\\\/prision-preventiva-oficiosa-triplica-la-sobrepoblacion-en-carceles-del-pais\\\/\",\"url\":\"https:\\\/\\\/canal7slp.tv\\\/2025\\\/prision-preventiva-oficiosa-triplica-la-sobrepoblacion-en-carceles-del-pais\\\/\",\"name\":\"Prisi\u00f3n preventiva oficiosa triplica la sobrepoblaci\u00f3n en c\u00e1rceles del pa\u00eds - Canal 7 SLP - 2025\",\"isPartOf\":{\"@id\":\"https:\\\/\\\/canal7slp.tv\\\/2025\\\/#website\"},\"primaryImageOfPage\":{\"@id\":\"https:\\\/\\\/canal7slp.tv\\\/2025\\\/prision-preventiva-oficiosa-triplica-la-sobrepoblacion-en-carceles-del-pais\\\/#primaryimage\"},\"image\":{\"@id\":\"https:\\\/\\\/canal7slp.tv\\\/2025\\\/prision-preventiva-oficiosa-triplica-la-sobrepoblacion-en-carceles-del-pais\\\/#primaryimage\"},\"thumbnailUrl\":\"https:\\\/\\\/canal7slp.tv\\\/2025\\\/wp-content\\\/uploads\\\/2025\\\/08\\\/15-9.jpg\",\"datePublished\":\"2025-08-20T01:02:57+00:00\",\"breadcrumb\":{\"@id\":\"https:\\\/\\\/canal7slp.tv\\\/2025\\\/prision-preventiva-oficiosa-triplica-la-sobrepoblacion-en-carceles-del-pais\\\/#breadcrumb\"},\"inLanguage\":\"es\",\"potentialAction\":[{\"@type\":\"ReadAction\",\"target\":[\"https:\\\/\\\/canal7slp.tv\\\/2025\\\/prision-preventiva-oficiosa-triplica-la-sobrepoblacion-en-carceles-del-pais\\\/\"]}]},{\"@type\":\"ImageObject\",\"inLanguage\":\"es\",\"@id\":\"https:\\\/\\\/canal7slp.tv\\\/2025\\\/prision-preventiva-oficiosa-triplica-la-sobrepoblacion-en-carceles-del-pais\\\/#primaryimage\",\"url\":\"https:\\\/\\\/canal7slp.tv\\\/2025\\\/wp-content\\\/uploads\\\/2025\\\/08\\\/15-9.jpg\",\"contentUrl\":\"https:\\\/\\\/canal7slp.tv\\\/2025\\\/wp-content\\\/uploads\\\/2025\\\/08\\\/15-9.jpg\",\"width\":738,\"height\":500},{\"@type\":\"BreadcrumbList\",\"@id\":\"https:\\\/\\\/canal7slp.tv\\\/2025\\\/prision-preventiva-oficiosa-triplica-la-sobrepoblacion-en-carceles-del-pais\\\/#breadcrumb\",\"itemListElement\":[{\"@type\":\"ListItem\",\"position\":1,\"name\":\"Portada\",\"item\":\"https:\\\/\\\/canal7slp.tv\\\/2025\\\/\"},{\"@type\":\"ListItem\",\"position\":2,\"name\":\"Prisi\u00f3n preventiva oficiosa triplica la sobrepoblaci\u00f3n en c\u00e1rceles del pa\u00eds\"}]},{\"@type\":\"WebSite\",\"@id\":\"https:\\\/\\\/canal7slp.tv\\\/2025\\\/#website\",\"url\":\"https:\\\/\\\/canal7slp.tv\\\/2025\\\/\",\"name\":\"N7 - Noticieros Canal 7\",\"description\":\"Somos el Medio\",\"publisher\":{\"@id\":\"https:\\\/\\\/canal7slp.tv\\\/2025\\\/#organization\"},\"potentialAction\":[{\"@type\":\"SearchAction\",\"target\":{\"@type\":\"EntryPoint\",\"urlTemplate\":\"https:\\\/\\\/canal7slp.tv\\\/2025\\\/?s={search_term_string}\"},\"query-input\":{\"@type\":\"PropertyValueSpecification\",\"valueRequired\":true,\"valueName\":\"search_term_string\"}}],\"inLanguage\":\"es\"},{\"@type\":\"Organization\",\"@id\":\"https:\\\/\\\/canal7slp.tv\\\/2025\\\/#organization\",\"name\":\"Noticieros Canal 7\",\"url\":\"https:\\\/\\\/canal7slp.tv\\\/2025\\\/\",\"logo\":{\"@type\":\"ImageObject\",\"inLanguage\":\"es\",\"@id\":\"https:\\\/\\\/canal7slp.tv\\\/2025\\\/#\\\/schema\\\/logo\\\/image\\\/\",\"url\":\"https:\\\/\\\/canal7slp.tv\\\/2025\\\/wp-content\\\/uploads\\\/2021\\\/01\\\/logo-noticieros@2x.png\",\"contentUrl\":\"https:\\\/\\\/canal7slp.tv\\\/2025\\\/wp-content\\\/uploads\\\/2021\\\/01\\\/logo-noticieros@2x.png\",\"width\":1017,\"height\":268,\"caption\":\"Noticieros Canal 7\"},\"image\":{\"@id\":\"https:\\\/\\\/canal7slp.tv\\\/2025\\\/#\\\/schema\\\/logo\\\/image\\\/\"},\"sameAs\":[\"https:\\\/\\\/www.facebook.com\\\/noticieroscanal7atencionciudadana\\\/\",\"https:\\\/\\\/x.com\\\/NOTICIEROS7\",\"https:\\\/\\\/www.instagram.com\\\/canal7_slp\",\"https:\\\/\\\/www.youtube.com\\\/channel\\\/UCliiYs-gP3JfJeqdPrNdd5A\"]},{\"@type\":\"Person\",\"@id\":\"https:\\\/\\\/canal7slp.tv\\\/2025\\\/#\\\/schema\\\/person\\\/271e2b60a96e7cc9d9ac296f4d7e414b\",\"name\":\"Edici\u00f3n Web\",\"image\":{\"@type\":\"ImageObject\",\"inLanguage\":\"es\",\"@id\":\"https:\\\/\\\/secure.gravatar.com\\\/avatar\\\/eee448fc3f7164808013b816ba91ac7e43bbe82a70bebac296f8bc6f0addaa1a?s=96&d=mm&r=g\",\"url\":\"https:\\\/\\\/secure.gravatar.com\\\/avatar\\\/eee448fc3f7164808013b816ba91ac7e43bbe82a70bebac296f8bc6f0addaa1a?s=96&d=mm&r=g\",\"contentUrl\":\"https:\\\/\\\/secure.gravatar.com\\\/avatar\\\/eee448fc3f7164808013b816ba91ac7e43bbe82a70bebac296f8bc6f0addaa1a?s=96&d=mm&r=g\",\"caption\":\"Edici\u00f3n Web\"},\"url\":\"https:\\\/\\\/canal7slp.tv\\\/2025\\\/author\\\/edicionweb\\\/\"}]}<\/script>\n<!-- \/ Yoast SEO plugin. -->","yoast_head_json":{"title":"Prisi\u00f3n preventiva oficiosa triplica la sobrepoblaci\u00f3n en c\u00e1rceles del pa\u00eds - Canal 7 SLP - 2025","robots":{"index":"index","follow":"follow","max-snippet":"max-snippet:-1","max-image-preview":"max-image-preview:large","max-video-preview":"max-video-preview:-1"},"canonical":"https:\/\/canal7slp.tv\/2025\/prision-preventiva-oficiosa-triplica-la-sobrepoblacion-en-carceles-del-pais\/","og_locale":"es_ES","og_type":"article","og_title":"Prisi\u00f3n preventiva oficiosa triplica la sobrepoblaci\u00f3n en c\u00e1rceles del pa\u00eds - Canal 7 SLP - 2025","og_description":"M\u00e9xico.- En el \u00faltimo a\u00f1o, la sobrepoblaci\u00f3n en los centros penitenciarios de M\u00e9xico se triplic\u00f3, alcanzando cifras cr\u00edticas tras la aprobaci\u00f3n en el Congreso de la Uni\u00f3n de un aumento en el cat\u00e1logo de delitos que ameritan prisi\u00f3n preventiva oficiosa (PPO). De acuerdo con cifras oficiales, 26,955 personas exceden la capacidad penitenciaria nacional, frente a los 8,875 del a\u00f1o anterior. El \u00d3rgano Administrativo Desconcentrado de Prevenci\u00f3n y Reinserci\u00f3n Social report\u00f3 que, hasta julio de 2025, hab\u00eda 250,455 internos en el pa\u00eds, de los cuales 99,924 est\u00e1n en prisi\u00f3n preventiva. Adem\u00e1s, se contabilizaron 138 c\u00e1rceles con sobrepoblaci\u00f3n, frente a las 122 [&hellip;]","og_url":"https:\/\/canal7slp.tv\/2025\/prision-preventiva-oficiosa-triplica-la-sobrepoblacion-en-carceles-del-pais\/","og_site_name":"Canal 7 SLP - 2025","article_publisher":"https:\/\/www.facebook.com\/noticieroscanal7atencionciudadana\/","article_published_time":"2025-08-20T01:02:57+00:00","og_image":[{"width":738,"height":500,"url":"https:\/\/canal7slp.tv\/2025\/wp-content\/uploads\/2025\/08\/15-9.jpg","type":"image\/jpeg"}],"author":"Edici\u00f3n Web","twitter_card":"summary_large_image","twitter_creator":"@NOTICIEROS7","twitter_site":"@NOTICIEROS7","twitter_misc":{"Escrito por":"Edici\u00f3n Web","Tiempo de lectura":"2 minutos"},"schema":{"@context":"https:\/\/schema.org","@graph":[{"@type":"Article","@id":"https:\/\/canal7slp.tv\/2025\/prision-preventiva-oficiosa-triplica-la-sobrepoblacion-en-carceles-del-pais\/#article","isPartOf":{"@id":"https:\/\/canal7slp.tv\/2025\/prision-preventiva-oficiosa-triplica-la-sobrepoblacion-en-carceles-del-pais\/"},"author":{"name":"Edici\u00f3n Web","@id":"https:\/\/canal7slp.tv\/2025\/#\/schema\/person\/271e2b60a96e7cc9d9ac296f4d7e414b"},"headline":"Prisi\u00f3n preventiva oficiosa triplica la sobrepoblaci\u00f3n en c\u00e1rceles del pa\u00eds","datePublished":"2025-08-20T01:02:57+00:00","mainEntityOfPage":{"@id":"https:\/\/canal7slp.tv\/2025\/prision-preventiva-oficiosa-triplica-la-sobrepoblacion-en-carceles-del-pais\/"},"wordCount":306,"publisher":{"@id":"https:\/\/canal7slp.tv\/2025\/#organization"},"image":{"@id":"https:\/\/canal7slp.tv\/2025\/prision-preventiva-oficiosa-triplica-la-sobrepoblacion-en-carceles-del-pais\/#primaryimage"},"thumbnailUrl":"https:\/\/canal7slp.tv\/2025\/wp-content\/uploads\/2025\/08\/15-9.jpg","articleSection":["NACIONALES"],"inLanguage":"es"},{"@type":"WebPage","@id":"https:\/\/canal7slp.tv\/2025\/prision-preventiva-oficiosa-triplica-la-sobrepoblacion-en-carceles-del-pais\/","url":"https:\/\/canal7slp.tv\/2025\/prision-preventiva-oficiosa-triplica-la-sobrepoblacion-en-carceles-del-pais\/","name":"Prisi\u00f3n preventiva oficiosa triplica la sobrepoblaci\u00f3n en c\u00e1rceles del pa\u00eds - Canal 7 SLP - 2025","isPartOf":{"@id":"https:\/\/canal7slp.tv\/2025\/#website"},"primaryImageOfPage":{"@id":"https:\/\/canal7slp.tv\/2025\/prision-preventiva-oficiosa-triplica-la-sobrepoblacion-en-carceles-del-pais\/#primaryimage"},"image":{"@id":"https:\/\/canal7slp.tv\/2025\/prision-preventiva-oficiosa-triplica-la-sobrepoblacion-en-carceles-del-pais\/#primaryimage"},"thumbnailUrl":"https:\/\/canal7slp.tv\/2025\/wp-content\/uploads\/2025\/08\/15-9.jpg","datePublished":"2025-08-20T01:02:57+00:00","breadcrumb":{"@id":"https:\/\/canal7slp.tv\/2025\/prision-preventiva-oficiosa-triplica-la-sobrepoblacion-en-carceles-del-pais\/#breadcrumb"},"inLanguage":"es","potentialAction":[{"@type":"ReadAction","target":["https:\/\/canal7slp.tv\/2025\/prision-preventiva-oficiosa-triplica-la-sobrepoblacion-en-carceles-del-pais\/"]}]},{"@type":"ImageObject","inLanguage":"es","@id":"https:\/\/canal7slp.tv\/2025\/prision-preventiva-oficiosa-triplica-la-sobrepoblacion-en-carceles-del-pais\/#primaryimage","url":"https:\/\/canal7slp.tv\/2025\/wp-content\/uploads\/2025\/08\/15-9.jpg","contentUrl":"https:\/\/canal7slp.tv\/2025\/wp-content\/uploads\/2025\/08\/15-9.jpg","width":738,"height":500},{"@type":"BreadcrumbList","@id":"https:\/\/canal7slp.tv\/2025\/prision-preventiva-oficiosa-triplica-la-sobrepoblacion-en-carceles-del-pais\/#breadcrumb","itemListElement":[{"@type":"ListItem","position":1,"name":"Portada","item":"https:\/\/canal7slp.tv\/2025\/"},{"@type":"ListItem","position":2,"name":"Prisi\u00f3n preventiva oficiosa triplica la sobrepoblaci\u00f3n en c\u00e1rceles del pa\u00eds"}]},{"@type":"WebSite","@id":"https:\/\/canal7slp.tv\/2025\/#website","url":"https:\/\/canal7slp.tv\/2025\/","name":"N7 - Noticieros Canal 7","description":"Somos el Medio","publisher":{"@id":"https:\/\/canal7slp.tv\/2025\/#organization"},"potentialAction":[{"@type":"SearchAction","target":{"@type":"EntryPoint","urlTemplate":"https:\/\/canal7slp.tv\/2025\/?s={search_term_string}"},"query-input":{"@type":"PropertyValueSpecification","valueRequired":true,"valueName":"search_term_string"}}],"inLanguage":"es"},{"@type":"Organization","@id":"https:\/\/canal7slp.tv\/2025\/#organization","name":"Noticieros Canal 7","url":"https:\/\/canal7slp.tv\/2025\/","logo":{"@type":"ImageObject","inLanguage":"es","@id":"https:\/\/canal7slp.tv\/2025\/#\/schema\/logo\/image\/","url":"https:\/\/canal7slp.tv\/2025\/wp-content\/uploads\/2021\/01\/logo-noticieros@2x.png","contentUrl":"https:\/\/canal7slp.tv\/2025\/wp-content\/uploads\/2021\/01\/logo-noticieros@2x.png","width":1017,"height":268,"caption":"Noticieros Canal 7"},"image":{"@id":"https:\/\/canal7slp.tv\/2025\/#\/schema\/logo\/image\/"},"sameAs":["https:\/\/www.facebook.com\/noticieroscanal7atencionciudadana\/","https:\/\/x.com\/NOTICIEROS7","https:\/\/www.instagram.com\/canal7_slp","https:\/\/www.youtube.com\/channel\/UCliiYs-gP3JfJeqdPrNdd5A"]},{"@type":"Person","@id":"https:\/\/canal7slp.tv\/2025\/#\/schema\/person\/271e2b60a96e7cc9d9ac296f4d7e414b","name":"Edici\u00f3n Web","image":{"@type":"ImageObject","inLanguage":"es","@id":"https:\/\/secure.gravatar.com\/avatar\/eee448fc3f7164808013b816ba91ac7e43bbe82a70bebac296f8bc6f0addaa1a?s=96&d=mm&r=g","url":"https:\/\/secure.gravatar.com\/avatar\/eee448fc3f7164808013b816ba91ac7e43bbe82a70bebac296f8bc6f0addaa1a?s=96&d=mm&r=g","contentUrl":"https:\/\/secure.gravatar.com\/avatar\/eee448fc3f7164808013b816ba91ac7e43bbe82a70bebac296f8bc6f0addaa1a?s=96&d=mm&r=g","caption":"Edici\u00f3n Web"},"url":"https:\/\/canal7slp.tv\/2025\/author\/edicionweb\/"}]}},"_links":{"self":[{"href":"https:\/\/canal7slp.tv\/2025\/wp-json\/wp\/v2\/posts\/177001","targetHints":{"allow":["GET"]}}],"collection":[{"href":"https:\/\/canal7slp.tv\/2025\/wp-json\/wp\/v2\/posts"}],"about":[{"href":"https:\/\/canal7slp.tv\/2025\/wp-json\/wp\/v2\/types\/post"}],"author":[{"embeddable":true,"href":"https:\/\/canal7slp.tv\/2025\/wp-json\/wp\/v2\/users\/2"}],"replies":[{"embeddable":true,"href":"https:\/\/canal7slp.tv\/2025\/wp-json\/wp\/v2\/comments?post=177001"}],"version-history":[{"count":1,"href":"https:\/\/canal7slp.tv\/2025\/wp-json\/wp\/v2\/posts\/177001\/revisions"}],"predecessor-version":[{"id":177003,"href":"https:\/\/canal7slp.tv\/2025\/wp-json\/wp\/v2\/posts\/177001\/revisions\/177003"}],"wp:featuredmedia":[{"embeddable":true,"href":"https:\/\/canal7slp.tv\/2025\/wp-json\/wp\/v2\/media\/177002"}],"wp:attachment":[{"href":"https:\/\/canal7slp.tv\/2025\/wp-json\/wp\/v2\/media?parent=177001"}],"wp:term":[{"taxonomy":"category","embeddable":true,"href":"https:\/\/canal7slp.tv\/2025\/wp-json\/wp\/v2\/categories?post=177001"},{"taxonomy":"post_tag","embeddable":true,"href":"https:\/\/canal7slp.tv\/2025\/wp-json\/wp\/v2\/tags?post=177001"}],"curies":[{"name":"wp","href":"https:\/\/api.w.org\/{rel}","templated":true}]}}