{"id":176998,"date":"2025-08-19T18:45:04","date_gmt":"2025-08-20T00:45:04","guid":{"rendered":"https:\/\/canal7slp.tv\/2025\/?p=176998"},"modified":"2025-08-19T18:45:04","modified_gmt":"2025-08-20T00:45:04","slug":"economia-mexicana-experimenta-retroceso-en-julio-tras-tres-meses-de-crecimiento","status":"publish","type":"post","link":"https:\/\/canal7slp.tv\/2025\/economia-mexicana-experimenta-retroceso-en-julio-tras-tres-meses-de-crecimiento\/","title":{"rendered":"Econom\u00eda mexicana experimenta retroceso en julio tras tres meses de crecimiento"},"content":{"rendered":"<p style=\"text-align: justify;\">M\u00e9xico.- La econom\u00eda mexicana habr\u00eda registrado un retroceso en julio de 2025, de acuerdo con las estimaciones m\u00e1s recientes del Instituto Nacional de Estad\u00edstica y Geograf\u00eda (Inegi), lo que pondr\u00eda fin a tres meses de crecimiento continuo.<\/p>\n<p style=\"text-align: justify;\">El Indicador Oportuno de la Actividad Econ\u00f3mica (IOAE) anticipa que el Indicador Global de la Actividad Econ\u00f3mica (IGAE) habr\u00eda mostrado un avance mensual del 0.2% en junio, pero una contracci\u00f3n del 0.1% en julio.<\/p>\n<p style=\"text-align: justify;\">Por sectores, la producci\u00f3n industrial habr\u00eda ca\u00eddo un 0.1% en julio, acumulando dos meses consecutivos de bajas. En tanto, el sector servicios tambi\u00e9n retrocedi\u00f3 un 0.1%, despu\u00e9s de haber crecido un 0.4% en junio.<\/p>\n<p style=\"text-align: justify;\">En comparaci\u00f3n anual y con cifras ajustadas por estacionalidad, el IOAE prev\u00e9 que en junio de 2025 la actividad econ\u00f3mica creci\u00f3 apenas un 0.1%, con un desplome del 1.0% en la industria, mientras que los servicios avanzaron 0.8%.<\/p>\n<p style=\"text-align: justify;\">El IOAE funciona como una estimaci\u00f3n temprana de la evoluci\u00f3n econ\u00f3mica, ya que presenta resultados tres semanas despu\u00e9s del cierre del mes, mientras que los datos oficiales del IGAE suelen publicarse ocho semanas despu\u00e9s.<\/p>\n","protected":false},"excerpt":{"rendered":"<p>M\u00e9xico.- La econom\u00eda mexicana habr\u00eda registrado un retroceso en julio de 2025, de acuerdo con las estimaciones m\u00e1s recientes del Instituto Nacional de Estad\u00edstica y Geograf\u00eda (Inegi), lo que pondr\u00eda fin a tres meses de crecimiento continuo. El Indicador Oportuno de la Actividad Econ\u00f3mica (IOAE) anticipa que el Indicador Global de la Actividad Econ\u00f3mica (IGAE) habr\u00eda mostrado un avance mensual del 0.2% en junio, pero una contracci\u00f3n del 0.1% en julio. Por sectores, la producci\u00f3n industrial habr\u00eda ca\u00eddo un 0.1% en julio, acumulando dos meses consecutivos de bajas. En tanto, el sector servicios tambi\u00e9n retrocedi\u00f3 un 0.1%, despu\u00e9s de haber [&hellip;]<\/p>\n","protected":false},"author":2,"featured_media":176999,"comment_status":"closed","ping_status":"closed","sticky":false,"template":"","format":"standard","meta":{"_monsterinsights_skip_tracking":false,"_monsterinsights_sitenote_active":false,"_monsterinsights_sitenote_note":"","_monsterinsights_sitenote_category":0,"footnotes":""},"categories":[40,46],"tags":[],"class_list":["post-176998","post","type-post","status-publish","format-standard","has-post-thumbnail","hentry","category-economia","category-nacional","post--single"],"yoast_head":"<!-- This site is optimized with the Yoast SEO plugin v27.5 - https:\/\/yoast.com\/product\/yoast-seo-wordpress\/ -->\n<title>Econom\u00eda mexicana experimenta retroceso en julio tras tres meses de crecimiento - Canal 7 SLP - 2025<\/title>\n<meta name=\"robots\" content=\"index, follow, max-snippet:-1, max-image-preview:large, max-video-preview:-1\" \/>\n<link rel=\"canonical\" href=\"https:\/\/canal7slp.tv\/2025\/economia-mexicana-experimenta-retroceso-en-julio-tras-tres-meses-de-crecimiento\/\" \/>\n<meta property=\"og:locale\" content=\"es_ES\" \/>\n<meta property=\"og:type\" content=\"article\" \/>\n<meta property=\"og:title\" content=\"Econom\u00eda mexicana experimenta retroceso en julio tras tres meses de crecimiento - Canal 7 SLP - 2025\" \/>\n<meta property=\"og:description\" content=\"M\u00e9xico.- La econom\u00eda mexicana habr\u00eda registrado un retroceso en julio de 2025, de acuerdo con las estimaciones m\u00e1s recientes del Instituto Nacional de Estad\u00edstica y Geograf\u00eda (Inegi), lo que pondr\u00eda fin a tres meses de crecimiento continuo. El Indicador Oportuno de la Actividad Econ\u00f3mica (IOAE) anticipa que el Indicador Global de la Actividad Econ\u00f3mica (IGAE) habr\u00eda mostrado un avance mensual del 0.2% en junio, pero una contracci\u00f3n del 0.1% en julio. Por sectores, la producci\u00f3n industrial habr\u00eda ca\u00eddo un 0.1% en julio, acumulando dos meses consecutivos de bajas. En tanto, el sector servicios tambi\u00e9n retrocedi\u00f3 un 0.1%, despu\u00e9s de haber [&hellip;]\" \/>\n<meta property=\"og:url\" content=\"https:\/\/canal7slp.tv\/2025\/economia-mexicana-experimenta-retroceso-en-julio-tras-tres-meses-de-crecimiento\/\" \/>\n<meta property=\"og:site_name\" content=\"Canal 7 SLP - 2025\" \/>\n<meta property=\"article:publisher\" content=\"https:\/\/www.facebook.com\/noticieroscanal7atencionciudadana\/\" \/>\n<meta property=\"article:published_time\" content=\"2025-08-20T00:45:04+00:00\" \/>\n<meta property=\"og:image\" content=\"https:\/\/canal7slp.tv\/2025\/wp-content\/uploads\/2025\/08\/14-11.jpg\" \/>\n\t<meta property=\"og:image:width\" content=\"726\" \/>\n\t<meta property=\"og:image:height\" content=\"450\" \/>\n\t<meta property=\"og:image:type\" content=\"image\/jpeg\" \/>\n<meta name=\"author\" content=\"Edici\u00f3n Web\" \/>\n<meta name=\"twitter:card\" content=\"summary_large_image\" \/>\n<meta name=\"twitter:creator\" content=\"@NOTICIEROS7\" \/>\n<meta name=\"twitter:site\" content=\"@NOTICIEROS7\" \/>\n<meta name=\"twitter:label1\" content=\"Escrito por\" \/>\n\t<meta name=\"twitter:data1\" content=\"Edici\u00f3n Web\" \/>\n\t<meta name=\"twitter:label2\" content=\"Tiempo de lectura\" \/>\n\t<meta name=\"twitter:data2\" content=\"2 minutos\" \/>\n<script type=\"application\/ld+json\" class=\"yoast-schema-graph\">{\"@context\":\"https:\\\/\\\/schema.org\",\"@graph\":[{\"@type\":\"Article\",\"@id\":\"https:\\\/\\\/canal7slp.tv\\\/2025\\\/economia-mexicana-experimenta-retroceso-en-julio-tras-tres-meses-de-crecimiento\\\/#article\",\"isPartOf\":{\"@id\":\"https:\\\/\\\/canal7slp.tv\\\/2025\\\/economia-mexicana-experimenta-retroceso-en-julio-tras-tres-meses-de-crecimiento\\\/\"},\"author\":{\"name\":\"Edici\u00f3n Web\",\"@id\":\"https:\\\/\\\/canal7slp.tv\\\/2025\\\/#\\\/schema\\\/person\\\/271e2b60a96e7cc9d9ac296f4d7e414b\"},\"headline\":\"Econom\u00eda mexicana experimenta retroceso en julio tras tres meses de crecimiento\",\"datePublished\":\"2025-08-20T00:45:04+00:00\",\"mainEntityOfPage\":{\"@id\":\"https:\\\/\\\/canal7slp.tv\\\/2025\\\/economia-mexicana-experimenta-retroceso-en-julio-tras-tres-meses-de-crecimiento\\\/\"},\"wordCount\":203,\"publisher\":{\"@id\":\"https:\\\/\\\/canal7slp.tv\\\/2025\\\/#organization\"},\"image\":{\"@id\":\"https:\\\/\\\/canal7slp.tv\\\/2025\\\/economia-mexicana-experimenta-retroceso-en-julio-tras-tres-meses-de-crecimiento\\\/#primaryimage\"},\"thumbnailUrl\":\"https:\\\/\\\/canal7slp.tv\\\/2025\\\/wp-content\\\/uploads\\\/2025\\\/08\\\/14-11.jpg\",\"articleSection\":[\"ECONOM\u00cdA\",\"NACIONALES\"],\"inLanguage\":\"es\"},{\"@type\":\"WebPage\",\"@id\":\"https:\\\/\\\/canal7slp.tv\\\/2025\\\/economia-mexicana-experimenta-retroceso-en-julio-tras-tres-meses-de-crecimiento\\\/\",\"url\":\"https:\\\/\\\/canal7slp.tv\\\/2025\\\/economia-mexicana-experimenta-retroceso-en-julio-tras-tres-meses-de-crecimiento\\\/\",\"name\":\"Econom\u00eda mexicana experimenta retroceso en julio tras tres meses de crecimiento - Canal 7 SLP - 2025\",\"isPartOf\":{\"@id\":\"https:\\\/\\\/canal7slp.tv\\\/2025\\\/#website\"},\"primaryImageOfPage\":{\"@id\":\"https:\\\/\\\/canal7slp.tv\\\/2025\\\/economia-mexicana-experimenta-retroceso-en-julio-tras-tres-meses-de-crecimiento\\\/#primaryimage\"},\"image\":{\"@id\":\"https:\\\/\\\/canal7slp.tv\\\/2025\\\/economia-mexicana-experimenta-retroceso-en-julio-tras-tres-meses-de-crecimiento\\\/#primaryimage\"},\"thumbnailUrl\":\"https:\\\/\\\/canal7slp.tv\\\/2025\\\/wp-content\\\/uploads\\\/2025\\\/08\\\/14-11.jpg\",\"datePublished\":\"2025-08-20T00:45:04+00:00\",\"breadcrumb\":{\"@id\":\"https:\\\/\\\/canal7slp.tv\\\/2025\\\/economia-mexicana-experimenta-retroceso-en-julio-tras-tres-meses-de-crecimiento\\\/#breadcrumb\"},\"inLanguage\":\"es\",\"potentialAction\":[{\"@type\":\"ReadAction\",\"target\":[\"https:\\\/\\\/canal7slp.tv\\\/2025\\\/economia-mexicana-experimenta-retroceso-en-julio-tras-tres-meses-de-crecimiento\\\/\"]}]},{\"@type\":\"ImageObject\",\"inLanguage\":\"es\",\"@id\":\"https:\\\/\\\/canal7slp.tv\\\/2025\\\/economia-mexicana-experimenta-retroceso-en-julio-tras-tres-meses-de-crecimiento\\\/#primaryimage\",\"url\":\"https:\\\/\\\/canal7slp.tv\\\/2025\\\/wp-content\\\/uploads\\\/2025\\\/08\\\/14-11.jpg\",\"contentUrl\":\"https:\\\/\\\/canal7slp.tv\\\/2025\\\/wp-content\\\/uploads\\\/2025\\\/08\\\/14-11.jpg\",\"width\":726,\"height\":450},{\"@type\":\"BreadcrumbList\",\"@id\":\"https:\\\/\\\/canal7slp.tv\\\/2025\\\/economia-mexicana-experimenta-retroceso-en-julio-tras-tres-meses-de-crecimiento\\\/#breadcrumb\",\"itemListElement\":[{\"@type\":\"ListItem\",\"position\":1,\"name\":\"Portada\",\"item\":\"https:\\\/\\\/canal7slp.tv\\\/2025\\\/\"},{\"@type\":\"ListItem\",\"position\":2,\"name\":\"Econom\u00eda mexicana experimenta retroceso en julio tras tres meses de crecimiento\"}]},{\"@type\":\"WebSite\",\"@id\":\"https:\\\/\\\/canal7slp.tv\\\/2025\\\/#website\",\"url\":\"https:\\\/\\\/canal7slp.tv\\\/2025\\\/\",\"name\":\"N7 - Noticieros Canal 7\",\"description\":\"Somos el Medio\",\"publisher\":{\"@id\":\"https:\\\/\\\/canal7slp.tv\\\/2025\\\/#organization\"},\"potentialAction\":[{\"@type\":\"SearchAction\",\"target\":{\"@type\":\"EntryPoint\",\"urlTemplate\":\"https:\\\/\\\/canal7slp.tv\\\/2025\\\/?s={search_term_string}\"},\"query-input\":{\"@type\":\"PropertyValueSpecification\",\"valueRequired\":true,\"valueName\":\"search_term_string\"}}],\"inLanguage\":\"es\"},{\"@type\":\"Organization\",\"@id\":\"https:\\\/\\\/canal7slp.tv\\\/2025\\\/#organization\",\"name\":\"Noticieros Canal 7\",\"url\":\"https:\\\/\\\/canal7slp.tv\\\/2025\\\/\",\"logo\":{\"@type\":\"ImageObject\",\"inLanguage\":\"es\",\"@id\":\"https:\\\/\\\/canal7slp.tv\\\/2025\\\/#\\\/schema\\\/logo\\\/image\\\/\",\"url\":\"https:\\\/\\\/canal7slp.tv\\\/2025\\\/wp-content\\\/uploads\\\/2021\\\/01\\\/logo-noticieros@2x.png\",\"contentUrl\":\"https:\\\/\\\/canal7slp.tv\\\/2025\\\/wp-content\\\/uploads\\\/2021\\\/01\\\/logo-noticieros@2x.png\",\"width\":1017,\"height\":268,\"caption\":\"Noticieros Canal 7\"},\"image\":{\"@id\":\"https:\\\/\\\/canal7slp.tv\\\/2025\\\/#\\\/schema\\\/logo\\\/image\\\/\"},\"sameAs\":[\"https:\\\/\\\/www.facebook.com\\\/noticieroscanal7atencionciudadana\\\/\",\"https:\\\/\\\/x.com\\\/NOTICIEROS7\",\"https:\\\/\\\/www.instagram.com\\\/canal7_slp\",\"https:\\\/\\\/www.youtube.com\\\/channel\\\/UCliiYs-gP3JfJeqdPrNdd5A\"]},{\"@type\":\"Person\",\"@id\":\"https:\\\/\\\/canal7slp.tv\\\/2025\\\/#\\\/schema\\\/person\\\/271e2b60a96e7cc9d9ac296f4d7e414b\",\"name\":\"Edici\u00f3n Web\",\"image\":{\"@type\":\"ImageObject\",\"inLanguage\":\"es\",\"@id\":\"https:\\\/\\\/secure.gravatar.com\\\/avatar\\\/eee448fc3f7164808013b816ba91ac7e43bbe82a70bebac296f8bc6f0addaa1a?s=96&d=mm&r=g\",\"url\":\"https:\\\/\\\/secure.gravatar.com\\\/avatar\\\/eee448fc3f7164808013b816ba91ac7e43bbe82a70bebac296f8bc6f0addaa1a?s=96&d=mm&r=g\",\"contentUrl\":\"https:\\\/\\\/secure.gravatar.com\\\/avatar\\\/eee448fc3f7164808013b816ba91ac7e43bbe82a70bebac296f8bc6f0addaa1a?s=96&d=mm&r=g\",\"caption\":\"Edici\u00f3n Web\"},\"url\":\"https:\\\/\\\/canal7slp.tv\\\/2025\\\/author\\\/edicionweb\\\/\"}]}<\/script>\n<!-- \/ Yoast SEO plugin. -->","yoast_head_json":{"title":"Econom\u00eda mexicana experimenta retroceso en julio tras tres meses de crecimiento - Canal 7 SLP - 2025","robots":{"index":"index","follow":"follow","max-snippet":"max-snippet:-1","max-image-preview":"max-image-preview:large","max-video-preview":"max-video-preview:-1"},"canonical":"https:\/\/canal7slp.tv\/2025\/economia-mexicana-experimenta-retroceso-en-julio-tras-tres-meses-de-crecimiento\/","og_locale":"es_ES","og_type":"article","og_title":"Econom\u00eda mexicana experimenta retroceso en julio tras tres meses de crecimiento - Canal 7 SLP - 2025","og_description":"M\u00e9xico.- La econom\u00eda mexicana habr\u00eda registrado un retroceso en julio de 2025, de acuerdo con las estimaciones m\u00e1s recientes del Instituto Nacional de Estad\u00edstica y Geograf\u00eda (Inegi), lo que pondr\u00eda fin a tres meses de crecimiento continuo. El Indicador Oportuno de la Actividad Econ\u00f3mica (IOAE) anticipa que el Indicador Global de la Actividad Econ\u00f3mica (IGAE) habr\u00eda mostrado un avance mensual del 0.2% en junio, pero una contracci\u00f3n del 0.1% en julio. Por sectores, la producci\u00f3n industrial habr\u00eda ca\u00eddo un 0.1% en julio, acumulando dos meses consecutivos de bajas. En tanto, el sector servicios tambi\u00e9n retrocedi\u00f3 un 0.1%, despu\u00e9s de haber [&hellip;]","og_url":"https:\/\/canal7slp.tv\/2025\/economia-mexicana-experimenta-retroceso-en-julio-tras-tres-meses-de-crecimiento\/","og_site_name":"Canal 7 SLP - 2025","article_publisher":"https:\/\/www.facebook.com\/noticieroscanal7atencionciudadana\/","article_published_time":"2025-08-20T00:45:04+00:00","og_image":[{"width":726,"height":450,"url":"https:\/\/canal7slp.tv\/2025\/wp-content\/uploads\/2025\/08\/14-11.jpg","type":"image\/jpeg"}],"author":"Edici\u00f3n Web","twitter_card":"summary_large_image","twitter_creator":"@NOTICIEROS7","twitter_site":"@NOTICIEROS7","twitter_misc":{"Escrito por":"Edici\u00f3n Web","Tiempo de lectura":"2 minutos"},"schema":{"@context":"https:\/\/schema.org","@graph":[{"@type":"Article","@id":"https:\/\/canal7slp.tv\/2025\/economia-mexicana-experimenta-retroceso-en-julio-tras-tres-meses-de-crecimiento\/#article","isPartOf":{"@id":"https:\/\/canal7slp.tv\/2025\/economia-mexicana-experimenta-retroceso-en-julio-tras-tres-meses-de-crecimiento\/"},"author":{"name":"Edici\u00f3n Web","@id":"https:\/\/canal7slp.tv\/2025\/#\/schema\/person\/271e2b60a96e7cc9d9ac296f4d7e414b"},"headline":"Econom\u00eda mexicana experimenta retroceso en julio tras tres meses de crecimiento","datePublished":"2025-08-20T00:45:04+00:00","mainEntityOfPage":{"@id":"https:\/\/canal7slp.tv\/2025\/economia-mexicana-experimenta-retroceso-en-julio-tras-tres-meses-de-crecimiento\/"},"wordCount":203,"publisher":{"@id":"https:\/\/canal7slp.tv\/2025\/#organization"},"image":{"@id":"https:\/\/canal7slp.tv\/2025\/economia-mexicana-experimenta-retroceso-en-julio-tras-tres-meses-de-crecimiento\/#primaryimage"},"thumbnailUrl":"https:\/\/canal7slp.tv\/2025\/wp-content\/uploads\/2025\/08\/14-11.jpg","articleSection":["ECONOM\u00cdA","NACIONALES"],"inLanguage":"es"},{"@type":"WebPage","@id":"https:\/\/canal7slp.tv\/2025\/economia-mexicana-experimenta-retroceso-en-julio-tras-tres-meses-de-crecimiento\/","url":"https:\/\/canal7slp.tv\/2025\/economia-mexicana-experimenta-retroceso-en-julio-tras-tres-meses-de-crecimiento\/","name":"Econom\u00eda mexicana experimenta retroceso en julio tras tres meses de crecimiento - Canal 7 SLP - 2025","isPartOf":{"@id":"https:\/\/canal7slp.tv\/2025\/#website"},"primaryImageOfPage":{"@id":"https:\/\/canal7slp.tv\/2025\/economia-mexicana-experimenta-retroceso-en-julio-tras-tres-meses-de-crecimiento\/#primaryimage"},"image":{"@id":"https:\/\/canal7slp.tv\/2025\/economia-mexicana-experimenta-retroceso-en-julio-tras-tres-meses-de-crecimiento\/#primaryimage"},"thumbnailUrl":"https:\/\/canal7slp.tv\/2025\/wp-content\/uploads\/2025\/08\/14-11.jpg","datePublished":"2025-08-20T00:45:04+00:00","breadcrumb":{"@id":"https:\/\/canal7slp.tv\/2025\/economia-mexicana-experimenta-retroceso-en-julio-tras-tres-meses-de-crecimiento\/#breadcrumb"},"inLanguage":"es","potentialAction":[{"@type":"ReadAction","target":["https:\/\/canal7slp.tv\/2025\/economia-mexicana-experimenta-retroceso-en-julio-tras-tres-meses-de-crecimiento\/"]}]},{"@type":"ImageObject","inLanguage":"es","@id":"https:\/\/canal7slp.tv\/2025\/economia-mexicana-experimenta-retroceso-en-julio-tras-tres-meses-de-crecimiento\/#primaryimage","url":"https:\/\/canal7slp.tv\/2025\/wp-content\/uploads\/2025\/08\/14-11.jpg","contentUrl":"https:\/\/canal7slp.tv\/2025\/wp-content\/uploads\/2025\/08\/14-11.jpg","width":726,"height":450},{"@type":"BreadcrumbList","@id":"https:\/\/canal7slp.tv\/2025\/economia-mexicana-experimenta-retroceso-en-julio-tras-tres-meses-de-crecimiento\/#breadcrumb","itemListElement":[{"@type":"ListItem","position":1,"name":"Portada","item":"https:\/\/canal7slp.tv\/2025\/"},{"@type":"ListItem","position":2,"name":"Econom\u00eda mexicana experimenta retroceso en julio tras tres meses de crecimiento"}]},{"@type":"WebSite","@id":"https:\/\/canal7slp.tv\/2025\/#website","url":"https:\/\/canal7slp.tv\/2025\/","name":"N7 - Noticieros Canal 7","description":"Somos el Medio","publisher":{"@id":"https:\/\/canal7slp.tv\/2025\/#organization"},"potentialAction":[{"@type":"SearchAction","target":{"@type":"EntryPoint","urlTemplate":"https:\/\/canal7slp.tv\/2025\/?s={search_term_string}"},"query-input":{"@type":"PropertyValueSpecification","valueRequired":true,"valueName":"search_term_string"}}],"inLanguage":"es"},{"@type":"Organization","@id":"https:\/\/canal7slp.tv\/2025\/#organization","name":"Noticieros Canal 7","url":"https:\/\/canal7slp.tv\/2025\/","logo":{"@type":"ImageObject","inLanguage":"es","@id":"https:\/\/canal7slp.tv\/2025\/#\/schema\/logo\/image\/","url":"https:\/\/canal7slp.tv\/2025\/wp-content\/uploads\/2021\/01\/logo-noticieros@2x.png","contentUrl":"https:\/\/canal7slp.tv\/2025\/wp-content\/uploads\/2021\/01\/logo-noticieros@2x.png","width":1017,"height":268,"caption":"Noticieros Canal 7"},"image":{"@id":"https:\/\/canal7slp.tv\/2025\/#\/schema\/logo\/image\/"},"sameAs":["https:\/\/www.facebook.com\/noticieroscanal7atencionciudadana\/","https:\/\/x.com\/NOTICIEROS7","https:\/\/www.instagram.com\/canal7_slp","https:\/\/www.youtube.com\/channel\/UCliiYs-gP3JfJeqdPrNdd5A"]},{"@type":"Person","@id":"https:\/\/canal7slp.tv\/2025\/#\/schema\/person\/271e2b60a96e7cc9d9ac296f4d7e414b","name":"Edici\u00f3n Web","image":{"@type":"ImageObject","inLanguage":"es","@id":"https:\/\/secure.gravatar.com\/avatar\/eee448fc3f7164808013b816ba91ac7e43bbe82a70bebac296f8bc6f0addaa1a?s=96&d=mm&r=g","url":"https:\/\/secure.gravatar.com\/avatar\/eee448fc3f7164808013b816ba91ac7e43bbe82a70bebac296f8bc6f0addaa1a?s=96&d=mm&r=g","contentUrl":"https:\/\/secure.gravatar.com\/avatar\/eee448fc3f7164808013b816ba91ac7e43bbe82a70bebac296f8bc6f0addaa1a?s=96&d=mm&r=g","caption":"Edici\u00f3n Web"},"url":"https:\/\/canal7slp.tv\/2025\/author\/edicionweb\/"}]}},"_links":{"self":[{"href":"https:\/\/canal7slp.tv\/2025\/wp-json\/wp\/v2\/posts\/176998","targetHints":{"allow":["GET"]}}],"collection":[{"href":"https:\/\/canal7slp.tv\/2025\/wp-json\/wp\/v2\/posts"}],"about":[{"href":"https:\/\/canal7slp.tv\/2025\/wp-json\/wp\/v2\/types\/post"}],"author":[{"embeddable":true,"href":"https:\/\/canal7slp.tv\/2025\/wp-json\/wp\/v2\/users\/2"}],"replies":[{"embeddable":true,"href":"https:\/\/canal7slp.tv\/2025\/wp-json\/wp\/v2\/comments?post=176998"}],"version-history":[{"count":1,"href":"https:\/\/canal7slp.tv\/2025\/wp-json\/wp\/v2\/posts\/176998\/revisions"}],"predecessor-version":[{"id":177000,"href":"https:\/\/canal7slp.tv\/2025\/wp-json\/wp\/v2\/posts\/176998\/revisions\/177000"}],"wp:featuredmedia":[{"embeddable":true,"href":"https:\/\/canal7slp.tv\/2025\/wp-json\/wp\/v2\/media\/176999"}],"wp:attachment":[{"href":"https:\/\/canal7slp.tv\/2025\/wp-json\/wp\/v2\/media?parent=176998"}],"wp:term":[{"taxonomy":"category","embeddable":true,"href":"https:\/\/canal7slp.tv\/2025\/wp-json\/wp\/v2\/categories?post=176998"},{"taxonomy":"post_tag","embeddable":true,"href":"https:\/\/canal7slp.tv\/2025\/wp-json\/wp\/v2\/tags?post=176998"}],"curies":[{"name":"wp","href":"https:\/\/api.w.org\/{rel}","templated":true}]}}