{"id":176995,"date":"2025-08-19T18:22:22","date_gmt":"2025-08-20T00:22:22","guid":{"rendered":"https:\/\/canal7slp.tv\/2025\/?p=176995"},"modified":"2025-08-19T18:22:22","modified_gmt":"2025-08-20T00:22:22","slug":"catean-casa-de-el-alucin-tras-su-asesinato","status":"publish","type":"post","link":"https:\/\/canal7slp.tv\/2025\/catean-casa-de-el-alucin-tras-su-asesinato\/","title":{"rendered":"Catean casa de \u201cEl Aluc\u00edn\u201d tras su asesinato"},"content":{"rendered":"<ul style=\"text-align: justify;\">\n<li>Fiscal\u00eda asegura arma y objetos personales.<\/li>\n<\/ul>\n<p style=\"text-align: justify;\">Temixco.- La Fiscal\u00eda General del Estado de Morelos realiz\u00f3 un cateo en la vivienda de Camilo Ochoa Delgado, conocido como \u201cEl Aluc\u00edn\u201d, tras su asesinato a balazos ocurrido el s\u00e1bado en su domicilio de la colonia Lomas de Cuernavaca, en el municipio de Temixco.<\/p>\n<p style=\"text-align: justify;\">El operativo, encabezado por la Agencia de Investigaci\u00f3n Criminal (AIC) y autorizado mediante orden judicial, busc\u00f3 recopilar evidencias que permitan establecer l\u00edneas de investigaci\u00f3n. Durante la revisi\u00f3n, las autoridades aseguraron la casa, as\u00ed como varios objetos personales del influencer, incluyendo un arma de fuego.<\/p>\n<p style=\"text-align: justify;\">De acuerdo con los reportes, el agresor lleg\u00f3 al conjunto habitacional con una gorra, toc\u00f3 la puerta y entr\u00f3 sin dificultad. Se presume que parte de su trayecto qued\u00f3 registrado en c\u00e1maras de seguridad de viviendas cercanas.<\/p>\n<p style=\"text-align: justify;\">Testimonios de vecinos se\u00f1alaron que la puerta principal no presentaba impactos de bala, pero la del ba\u00f1o, donde fue hallado el cuerpo de Ochoa, ten\u00eda m\u00e1s de diez disparos. No obstante, el influencer presentaba \u00fanicamente dos heridas de bala, seg\u00fan confirmaron agentes ministeriales.<\/p>\n<p style=\"text-align: justify;\">Cabe se\u00f1alar que tras el ataque, el presunto sicario huy\u00f3 a bordo de un veh\u00edculo Chevrolet Sonic, lo que ya es parte de las indagatorias en curso.<\/p>\n","protected":false},"excerpt":{"rendered":"<p>Fiscal\u00eda asegura arma y objetos personales. Temixco.- La Fiscal\u00eda General del Estado de Morelos realiz\u00f3 un cateo en la vivienda de Camilo Ochoa Delgado, conocido como \u201cEl Aluc\u00edn\u201d, tras su asesinato a balazos ocurrido el s\u00e1bado en su domicilio de la colonia Lomas de Cuernavaca, en el municipio de Temixco. El operativo, encabezado por la Agencia de Investigaci\u00f3n Criminal (AIC) y autorizado mediante orden judicial, busc\u00f3 recopilar evidencias que permitan establecer l\u00edneas de investigaci\u00f3n. Durante la revisi\u00f3n, las autoridades aseguraron la casa, as\u00ed como varios objetos personales del influencer, incluyendo un arma de fuego. De acuerdo con los reportes, el [&hellip;]<\/p>\n","protected":false},"author":2,"featured_media":176996,"comment_status":"closed","ping_status":"closed","sticky":false,"template":"","format":"standard","meta":{"_monsterinsights_skip_tracking":false,"_monsterinsights_sitenote_active":false,"_monsterinsights_sitenote_note":"","_monsterinsights_sitenote_category":0,"footnotes":""},"categories":[46],"tags":[],"class_list":["post-176995","post","type-post","status-publish","format-standard","has-post-thumbnail","hentry","category-nacional","post--single"],"yoast_head":"<!-- This site is optimized with the Yoast SEO plugin v27.5 - https:\/\/yoast.com\/product\/yoast-seo-wordpress\/ -->\n<title>Catean casa de \u201cEl Aluc\u00edn\u201d tras su asesinato - Canal 7 SLP - 2025<\/title>\n<meta name=\"robots\" content=\"index, follow, max-snippet:-1, max-image-preview:large, max-video-preview:-1\" \/>\n<link rel=\"canonical\" href=\"https:\/\/canal7slp.tv\/2025\/catean-casa-de-el-alucin-tras-su-asesinato\/\" \/>\n<meta property=\"og:locale\" content=\"es_ES\" \/>\n<meta property=\"og:type\" content=\"article\" \/>\n<meta property=\"og:title\" content=\"Catean casa de \u201cEl Aluc\u00edn\u201d tras su asesinato - Canal 7 SLP - 2025\" \/>\n<meta property=\"og:description\" content=\"Fiscal\u00eda asegura arma y objetos personales. Temixco.- La Fiscal\u00eda General del Estado de Morelos realiz\u00f3 un cateo en la vivienda de Camilo Ochoa Delgado, conocido como \u201cEl Aluc\u00edn\u201d, tras su asesinato a balazos ocurrido el s\u00e1bado en su domicilio de la colonia Lomas de Cuernavaca, en el municipio de Temixco. El operativo, encabezado por la Agencia de Investigaci\u00f3n Criminal (AIC) y autorizado mediante orden judicial, busc\u00f3 recopilar evidencias que permitan establecer l\u00edneas de investigaci\u00f3n. Durante la revisi\u00f3n, las autoridades aseguraron la casa, as\u00ed como varios objetos personales del influencer, incluyendo un arma de fuego. De acuerdo con los reportes, el [&hellip;]\" \/>\n<meta property=\"og:url\" content=\"https:\/\/canal7slp.tv\/2025\/catean-casa-de-el-alucin-tras-su-asesinato\/\" \/>\n<meta property=\"og:site_name\" content=\"Canal 7 SLP - 2025\" \/>\n<meta property=\"article:publisher\" content=\"https:\/\/www.facebook.com\/noticieroscanal7atencionciudadana\/\" \/>\n<meta property=\"article:published_time\" content=\"2025-08-20T00:22:22+00:00\" \/>\n<meta property=\"og:image\" content=\"https:\/\/canal7slp.tv\/2025\/wp-content\/uploads\/2025\/08\/13-11.jpg\" \/>\n\t<meta property=\"og:image:width\" content=\"888\" \/>\n\t<meta property=\"og:image:height\" content=\"500\" \/>\n\t<meta property=\"og:image:type\" content=\"image\/jpeg\" \/>\n<meta name=\"author\" content=\"Edici\u00f3n Web\" \/>\n<meta name=\"twitter:card\" content=\"summary_large_image\" \/>\n<meta name=\"twitter:creator\" content=\"@NOTICIEROS7\" \/>\n<meta name=\"twitter:site\" content=\"@NOTICIEROS7\" \/>\n<meta name=\"twitter:label1\" content=\"Escrito por\" \/>\n\t<meta name=\"twitter:data1\" content=\"Edici\u00f3n Web\" \/>\n\t<meta name=\"twitter:label2\" content=\"Tiempo de lectura\" \/>\n\t<meta name=\"twitter:data2\" content=\"2 minutos\" \/>\n<script type=\"application\/ld+json\" class=\"yoast-schema-graph\">{\"@context\":\"https:\\\/\\\/schema.org\",\"@graph\":[{\"@type\":\"Article\",\"@id\":\"https:\\\/\\\/canal7slp.tv\\\/2025\\\/catean-casa-de-el-alucin-tras-su-asesinato\\\/#article\",\"isPartOf\":{\"@id\":\"https:\\\/\\\/canal7slp.tv\\\/2025\\\/catean-casa-de-el-alucin-tras-su-asesinato\\\/\"},\"author\":{\"name\":\"Edici\u00f3n Web\",\"@id\":\"https:\\\/\\\/canal7slp.tv\\\/2025\\\/#\\\/schema\\\/person\\\/271e2b60a96e7cc9d9ac296f4d7e414b\"},\"headline\":\"Catean casa de \u201cEl Aluc\u00edn\u201d tras su asesinato\",\"datePublished\":\"2025-08-20T00:22:22+00:00\",\"mainEntityOfPage\":{\"@id\":\"https:\\\/\\\/canal7slp.tv\\\/2025\\\/catean-casa-de-el-alucin-tras-su-asesinato\\\/\"},\"wordCount\":227,\"publisher\":{\"@id\":\"https:\\\/\\\/canal7slp.tv\\\/2025\\\/#organization\"},\"image\":{\"@id\":\"https:\\\/\\\/canal7slp.tv\\\/2025\\\/catean-casa-de-el-alucin-tras-su-asesinato\\\/#primaryimage\"},\"thumbnailUrl\":\"https:\\\/\\\/canal7slp.tv\\\/2025\\\/wp-content\\\/uploads\\\/2025\\\/08\\\/13-11.jpg\",\"articleSection\":[\"NACIONALES\"],\"inLanguage\":\"es\"},{\"@type\":\"WebPage\",\"@id\":\"https:\\\/\\\/canal7slp.tv\\\/2025\\\/catean-casa-de-el-alucin-tras-su-asesinato\\\/\",\"url\":\"https:\\\/\\\/canal7slp.tv\\\/2025\\\/catean-casa-de-el-alucin-tras-su-asesinato\\\/\",\"name\":\"Catean casa de \u201cEl Aluc\u00edn\u201d tras su asesinato - Canal 7 SLP - 2025\",\"isPartOf\":{\"@id\":\"https:\\\/\\\/canal7slp.tv\\\/2025\\\/#website\"},\"primaryImageOfPage\":{\"@id\":\"https:\\\/\\\/canal7slp.tv\\\/2025\\\/catean-casa-de-el-alucin-tras-su-asesinato\\\/#primaryimage\"},\"image\":{\"@id\":\"https:\\\/\\\/canal7slp.tv\\\/2025\\\/catean-casa-de-el-alucin-tras-su-asesinato\\\/#primaryimage\"},\"thumbnailUrl\":\"https:\\\/\\\/canal7slp.tv\\\/2025\\\/wp-content\\\/uploads\\\/2025\\\/08\\\/13-11.jpg\",\"datePublished\":\"2025-08-20T00:22:22+00:00\",\"breadcrumb\":{\"@id\":\"https:\\\/\\\/canal7slp.tv\\\/2025\\\/catean-casa-de-el-alucin-tras-su-asesinato\\\/#breadcrumb\"},\"inLanguage\":\"es\",\"potentialAction\":[{\"@type\":\"ReadAction\",\"target\":[\"https:\\\/\\\/canal7slp.tv\\\/2025\\\/catean-casa-de-el-alucin-tras-su-asesinato\\\/\"]}]},{\"@type\":\"ImageObject\",\"inLanguage\":\"es\",\"@id\":\"https:\\\/\\\/canal7slp.tv\\\/2025\\\/catean-casa-de-el-alucin-tras-su-asesinato\\\/#primaryimage\",\"url\":\"https:\\\/\\\/canal7slp.tv\\\/2025\\\/wp-content\\\/uploads\\\/2025\\\/08\\\/13-11.jpg\",\"contentUrl\":\"https:\\\/\\\/canal7slp.tv\\\/2025\\\/wp-content\\\/uploads\\\/2025\\\/08\\\/13-11.jpg\",\"width\":888,\"height\":500},{\"@type\":\"BreadcrumbList\",\"@id\":\"https:\\\/\\\/canal7slp.tv\\\/2025\\\/catean-casa-de-el-alucin-tras-su-asesinato\\\/#breadcrumb\",\"itemListElement\":[{\"@type\":\"ListItem\",\"position\":1,\"name\":\"Portada\",\"item\":\"https:\\\/\\\/canal7slp.tv\\\/2025\\\/\"},{\"@type\":\"ListItem\",\"position\":2,\"name\":\"Catean casa de \u201cEl Aluc\u00edn\u201d tras su asesinato\"}]},{\"@type\":\"WebSite\",\"@id\":\"https:\\\/\\\/canal7slp.tv\\\/2025\\\/#website\",\"url\":\"https:\\\/\\\/canal7slp.tv\\\/2025\\\/\",\"name\":\"N7 - Noticieros Canal 7\",\"description\":\"Somos el Medio\",\"publisher\":{\"@id\":\"https:\\\/\\\/canal7slp.tv\\\/2025\\\/#organization\"},\"potentialAction\":[{\"@type\":\"SearchAction\",\"target\":{\"@type\":\"EntryPoint\",\"urlTemplate\":\"https:\\\/\\\/canal7slp.tv\\\/2025\\\/?s={search_term_string}\"},\"query-input\":{\"@type\":\"PropertyValueSpecification\",\"valueRequired\":true,\"valueName\":\"search_term_string\"}}],\"inLanguage\":\"es\"},{\"@type\":\"Organization\",\"@id\":\"https:\\\/\\\/canal7slp.tv\\\/2025\\\/#organization\",\"name\":\"Noticieros Canal 7\",\"url\":\"https:\\\/\\\/canal7slp.tv\\\/2025\\\/\",\"logo\":{\"@type\":\"ImageObject\",\"inLanguage\":\"es\",\"@id\":\"https:\\\/\\\/canal7slp.tv\\\/2025\\\/#\\\/schema\\\/logo\\\/image\\\/\",\"url\":\"https:\\\/\\\/canal7slp.tv\\\/2025\\\/wp-content\\\/uploads\\\/2021\\\/01\\\/logo-noticieros@2x.png\",\"contentUrl\":\"https:\\\/\\\/canal7slp.tv\\\/2025\\\/wp-content\\\/uploads\\\/2021\\\/01\\\/logo-noticieros@2x.png\",\"width\":1017,\"height\":268,\"caption\":\"Noticieros Canal 7\"},\"image\":{\"@id\":\"https:\\\/\\\/canal7slp.tv\\\/2025\\\/#\\\/schema\\\/logo\\\/image\\\/\"},\"sameAs\":[\"https:\\\/\\\/www.facebook.com\\\/noticieroscanal7atencionciudadana\\\/\",\"https:\\\/\\\/x.com\\\/NOTICIEROS7\",\"https:\\\/\\\/www.instagram.com\\\/canal7_slp\",\"https:\\\/\\\/www.youtube.com\\\/channel\\\/UCliiYs-gP3JfJeqdPrNdd5A\"]},{\"@type\":\"Person\",\"@id\":\"https:\\\/\\\/canal7slp.tv\\\/2025\\\/#\\\/schema\\\/person\\\/271e2b60a96e7cc9d9ac296f4d7e414b\",\"name\":\"Edici\u00f3n Web\",\"image\":{\"@type\":\"ImageObject\",\"inLanguage\":\"es\",\"@id\":\"https:\\\/\\\/secure.gravatar.com\\\/avatar\\\/eee448fc3f7164808013b816ba91ac7e43bbe82a70bebac296f8bc6f0addaa1a?s=96&d=mm&r=g\",\"url\":\"https:\\\/\\\/secure.gravatar.com\\\/avatar\\\/eee448fc3f7164808013b816ba91ac7e43bbe82a70bebac296f8bc6f0addaa1a?s=96&d=mm&r=g\",\"contentUrl\":\"https:\\\/\\\/secure.gravatar.com\\\/avatar\\\/eee448fc3f7164808013b816ba91ac7e43bbe82a70bebac296f8bc6f0addaa1a?s=96&d=mm&r=g\",\"caption\":\"Edici\u00f3n Web\"},\"url\":\"https:\\\/\\\/canal7slp.tv\\\/2025\\\/author\\\/edicionweb\\\/\"}]}<\/script>\n<!-- \/ Yoast SEO plugin. -->","yoast_head_json":{"title":"Catean casa de \u201cEl Aluc\u00edn\u201d tras su asesinato - Canal 7 SLP - 2025","robots":{"index":"index","follow":"follow","max-snippet":"max-snippet:-1","max-image-preview":"max-image-preview:large","max-video-preview":"max-video-preview:-1"},"canonical":"https:\/\/canal7slp.tv\/2025\/catean-casa-de-el-alucin-tras-su-asesinato\/","og_locale":"es_ES","og_type":"article","og_title":"Catean casa de \u201cEl Aluc\u00edn\u201d tras su asesinato - Canal 7 SLP - 2025","og_description":"Fiscal\u00eda asegura arma y objetos personales. Temixco.- La Fiscal\u00eda General del Estado de Morelos realiz\u00f3 un cateo en la vivienda de Camilo Ochoa Delgado, conocido como \u201cEl Aluc\u00edn\u201d, tras su asesinato a balazos ocurrido el s\u00e1bado en su domicilio de la colonia Lomas de Cuernavaca, en el municipio de Temixco. El operativo, encabezado por la Agencia de Investigaci\u00f3n Criminal (AIC) y autorizado mediante orden judicial, busc\u00f3 recopilar evidencias que permitan establecer l\u00edneas de investigaci\u00f3n. Durante la revisi\u00f3n, las autoridades aseguraron la casa, as\u00ed como varios objetos personales del influencer, incluyendo un arma de fuego. De acuerdo con los reportes, el [&hellip;]","og_url":"https:\/\/canal7slp.tv\/2025\/catean-casa-de-el-alucin-tras-su-asesinato\/","og_site_name":"Canal 7 SLP - 2025","article_publisher":"https:\/\/www.facebook.com\/noticieroscanal7atencionciudadana\/","article_published_time":"2025-08-20T00:22:22+00:00","og_image":[{"width":888,"height":500,"url":"https:\/\/canal7slp.tv\/2025\/wp-content\/uploads\/2025\/08\/13-11.jpg","type":"image\/jpeg"}],"author":"Edici\u00f3n Web","twitter_card":"summary_large_image","twitter_creator":"@NOTICIEROS7","twitter_site":"@NOTICIEROS7","twitter_misc":{"Escrito por":"Edici\u00f3n Web","Tiempo de lectura":"2 minutos"},"schema":{"@context":"https:\/\/schema.org","@graph":[{"@type":"Article","@id":"https:\/\/canal7slp.tv\/2025\/catean-casa-de-el-alucin-tras-su-asesinato\/#article","isPartOf":{"@id":"https:\/\/canal7slp.tv\/2025\/catean-casa-de-el-alucin-tras-su-asesinato\/"},"author":{"name":"Edici\u00f3n Web","@id":"https:\/\/canal7slp.tv\/2025\/#\/schema\/person\/271e2b60a96e7cc9d9ac296f4d7e414b"},"headline":"Catean casa de \u201cEl Aluc\u00edn\u201d tras su asesinato","datePublished":"2025-08-20T00:22:22+00:00","mainEntityOfPage":{"@id":"https:\/\/canal7slp.tv\/2025\/catean-casa-de-el-alucin-tras-su-asesinato\/"},"wordCount":227,"publisher":{"@id":"https:\/\/canal7slp.tv\/2025\/#organization"},"image":{"@id":"https:\/\/canal7slp.tv\/2025\/catean-casa-de-el-alucin-tras-su-asesinato\/#primaryimage"},"thumbnailUrl":"https:\/\/canal7slp.tv\/2025\/wp-content\/uploads\/2025\/08\/13-11.jpg","articleSection":["NACIONALES"],"inLanguage":"es"},{"@type":"WebPage","@id":"https:\/\/canal7slp.tv\/2025\/catean-casa-de-el-alucin-tras-su-asesinato\/","url":"https:\/\/canal7slp.tv\/2025\/catean-casa-de-el-alucin-tras-su-asesinato\/","name":"Catean casa de \u201cEl Aluc\u00edn\u201d tras su asesinato - Canal 7 SLP - 2025","isPartOf":{"@id":"https:\/\/canal7slp.tv\/2025\/#website"},"primaryImageOfPage":{"@id":"https:\/\/canal7slp.tv\/2025\/catean-casa-de-el-alucin-tras-su-asesinato\/#primaryimage"},"image":{"@id":"https:\/\/canal7slp.tv\/2025\/catean-casa-de-el-alucin-tras-su-asesinato\/#primaryimage"},"thumbnailUrl":"https:\/\/canal7slp.tv\/2025\/wp-content\/uploads\/2025\/08\/13-11.jpg","datePublished":"2025-08-20T00:22:22+00:00","breadcrumb":{"@id":"https:\/\/canal7slp.tv\/2025\/catean-casa-de-el-alucin-tras-su-asesinato\/#breadcrumb"},"inLanguage":"es","potentialAction":[{"@type":"ReadAction","target":["https:\/\/canal7slp.tv\/2025\/catean-casa-de-el-alucin-tras-su-asesinato\/"]}]},{"@type":"ImageObject","inLanguage":"es","@id":"https:\/\/canal7slp.tv\/2025\/catean-casa-de-el-alucin-tras-su-asesinato\/#primaryimage","url":"https:\/\/canal7slp.tv\/2025\/wp-content\/uploads\/2025\/08\/13-11.jpg","contentUrl":"https:\/\/canal7slp.tv\/2025\/wp-content\/uploads\/2025\/08\/13-11.jpg","width":888,"height":500},{"@type":"BreadcrumbList","@id":"https:\/\/canal7slp.tv\/2025\/catean-casa-de-el-alucin-tras-su-asesinato\/#breadcrumb","itemListElement":[{"@type":"ListItem","position":1,"name":"Portada","item":"https:\/\/canal7slp.tv\/2025\/"},{"@type":"ListItem","position":2,"name":"Catean casa de \u201cEl Aluc\u00edn\u201d tras su asesinato"}]},{"@type":"WebSite","@id":"https:\/\/canal7slp.tv\/2025\/#website","url":"https:\/\/canal7slp.tv\/2025\/","name":"N7 - Noticieros Canal 7","description":"Somos el Medio","publisher":{"@id":"https:\/\/canal7slp.tv\/2025\/#organization"},"potentialAction":[{"@type":"SearchAction","target":{"@type":"EntryPoint","urlTemplate":"https:\/\/canal7slp.tv\/2025\/?s={search_term_string}"},"query-input":{"@type":"PropertyValueSpecification","valueRequired":true,"valueName":"search_term_string"}}],"inLanguage":"es"},{"@type":"Organization","@id":"https:\/\/canal7slp.tv\/2025\/#organization","name":"Noticieros Canal 7","url":"https:\/\/canal7slp.tv\/2025\/","logo":{"@type":"ImageObject","inLanguage":"es","@id":"https:\/\/canal7slp.tv\/2025\/#\/schema\/logo\/image\/","url":"https:\/\/canal7slp.tv\/2025\/wp-content\/uploads\/2021\/01\/logo-noticieros@2x.png","contentUrl":"https:\/\/canal7slp.tv\/2025\/wp-content\/uploads\/2021\/01\/logo-noticieros@2x.png","width":1017,"height":268,"caption":"Noticieros Canal 7"},"image":{"@id":"https:\/\/canal7slp.tv\/2025\/#\/schema\/logo\/image\/"},"sameAs":["https:\/\/www.facebook.com\/noticieroscanal7atencionciudadana\/","https:\/\/x.com\/NOTICIEROS7","https:\/\/www.instagram.com\/canal7_slp","https:\/\/www.youtube.com\/channel\/UCliiYs-gP3JfJeqdPrNdd5A"]},{"@type":"Person","@id":"https:\/\/canal7slp.tv\/2025\/#\/schema\/person\/271e2b60a96e7cc9d9ac296f4d7e414b","name":"Edici\u00f3n Web","image":{"@type":"ImageObject","inLanguage":"es","@id":"https:\/\/secure.gravatar.com\/avatar\/eee448fc3f7164808013b816ba91ac7e43bbe82a70bebac296f8bc6f0addaa1a?s=96&d=mm&r=g","url":"https:\/\/secure.gravatar.com\/avatar\/eee448fc3f7164808013b816ba91ac7e43bbe82a70bebac296f8bc6f0addaa1a?s=96&d=mm&r=g","contentUrl":"https:\/\/secure.gravatar.com\/avatar\/eee448fc3f7164808013b816ba91ac7e43bbe82a70bebac296f8bc6f0addaa1a?s=96&d=mm&r=g","caption":"Edici\u00f3n Web"},"url":"https:\/\/canal7slp.tv\/2025\/author\/edicionweb\/"}]}},"_links":{"self":[{"href":"https:\/\/canal7slp.tv\/2025\/wp-json\/wp\/v2\/posts\/176995","targetHints":{"allow":["GET"]}}],"collection":[{"href":"https:\/\/canal7slp.tv\/2025\/wp-json\/wp\/v2\/posts"}],"about":[{"href":"https:\/\/canal7slp.tv\/2025\/wp-json\/wp\/v2\/types\/post"}],"author":[{"embeddable":true,"href":"https:\/\/canal7slp.tv\/2025\/wp-json\/wp\/v2\/users\/2"}],"replies":[{"embeddable":true,"href":"https:\/\/canal7slp.tv\/2025\/wp-json\/wp\/v2\/comments?post=176995"}],"version-history":[{"count":1,"href":"https:\/\/canal7slp.tv\/2025\/wp-json\/wp\/v2\/posts\/176995\/revisions"}],"predecessor-version":[{"id":176997,"href":"https:\/\/canal7slp.tv\/2025\/wp-json\/wp\/v2\/posts\/176995\/revisions\/176997"}],"wp:featuredmedia":[{"embeddable":true,"href":"https:\/\/canal7slp.tv\/2025\/wp-json\/wp\/v2\/media\/176996"}],"wp:attachment":[{"href":"https:\/\/canal7slp.tv\/2025\/wp-json\/wp\/v2\/media?parent=176995"}],"wp:term":[{"taxonomy":"category","embeddable":true,"href":"https:\/\/canal7slp.tv\/2025\/wp-json\/wp\/v2\/categories?post=176995"},{"taxonomy":"post_tag","embeddable":true,"href":"https:\/\/canal7slp.tv\/2025\/wp-json\/wp\/v2\/tags?post=176995"}],"curies":[{"name":"wp","href":"https:\/\/api.w.org\/{rel}","templated":true}]}}