{"id":176989,"date":"2025-08-19T18:01:55","date_gmt":"2025-08-20T00:01:55","guid":{"rendered":"https:\/\/canal7slp.tv\/2025\/?p=176989"},"modified":"2025-08-19T18:01:55","modified_gmt":"2025-08-20T00:01:55","slug":"sre-pide-aclarar-proyecto-portero-anunciado-por-la-dea","status":"publish","type":"post","link":"https:\/\/canal7slp.tv\/2025\/sre-pide-aclarar-proyecto-portero-anunciado-por-la-dea\/","title":{"rendered":"SRE pide aclarar Proyecto \u201cPortero\u201d anunciado por la DEA"},"content":{"rendered":"<p style=\"text-align: justify;\">\n<p style=\"text-align: justify;\">M\u00e9xico.- La presidenta Claudia Sheinbaum Pardo inform\u00f3 que la Secretar\u00eda de Relaciones Exteriores (SRE) establecer\u00e1 comunicaci\u00f3n con la embajada de Estados Unidos para esclarecer el motivo de un comunicado emitido por la DEA, en el que se afirma que existe una colaboraci\u00f3n con M\u00e9xico en el proyecto \u201cPortero\u201d, orientado a combatir a los c\u00e1rteles del crimen organizado.<\/p>\n<p style=\"text-align: justify;\">Sheinbaum precis\u00f3 que el secretario de Relaciones Exteriores, Juan Ram\u00f3n de la Fuente, sostendr\u00e1 un di\u00e1logo con el embajador estadounidense, Ronald D. Johnson, a fin de solicitar explicaciones sobre la publicaci\u00f3n del comunicado, realizado sin conocimiento previo del gobierno mexicano.<\/p>\n<p style=\"text-align: justify;\">La mandataria recalc\u00f3 que este incidente no pone en riesgo la relaci\u00f3n bilateral ni el acuerdo de seguridad que se prev\u00e9 firmar pr\u00f3ximamente, pero s\u00ed subray\u00f3 la necesidad de mantener un respeto mutuo en la cooperaci\u00f3n en materia de seguridad.<\/p>\n<p style=\"text-align: justify;\">\u201cCualquier informaci\u00f3n relacionada con M\u00e9xico debe ser precisa\u201d, se\u00f1al\u00f3 Sheinbaum, al tiempo que reiter\u00f3 que la relaci\u00f3n con Estados Unidos se mantiene en un tono positivo y coordinado, pese a la confusi\u00f3n generada por la agencia antidrogas.<\/p>\n","protected":false},"excerpt":{"rendered":"<p>M\u00e9xico.- La presidenta Claudia Sheinbaum Pardo inform\u00f3 que la Secretar\u00eda de Relaciones Exteriores (SRE) establecer\u00e1 comunicaci\u00f3n con la embajada de Estados Unidos para esclarecer el motivo de un comunicado emitido por la DEA, en el que se afirma que existe una colaboraci\u00f3n con M\u00e9xico en el proyecto \u201cPortero\u201d, orientado a combatir a los c\u00e1rteles del crimen organizado. Sheinbaum precis\u00f3 que el secretario de Relaciones Exteriores, Juan Ram\u00f3n de la Fuente, sostendr\u00e1 un di\u00e1logo con el embajador estadounidense, Ronald D. Johnson, a fin de solicitar explicaciones sobre la publicaci\u00f3n del comunicado, realizado sin conocimiento previo del gobierno mexicano. La mandataria recalc\u00f3 [&hellip;]<\/p>\n","protected":false},"author":2,"featured_media":176990,"comment_status":"closed","ping_status":"closed","sticky":false,"template":"","format":"standard","meta":{"_monsterinsights_skip_tracking":false,"_monsterinsights_sitenote_active":false,"_monsterinsights_sitenote_note":"","_monsterinsights_sitenote_category":0,"footnotes":""},"categories":[46],"tags":[],"class_list":["post-176989","post","type-post","status-publish","format-standard","has-post-thumbnail","hentry","category-nacional","post--single"],"yoast_head":"<!-- This site is optimized with the Yoast SEO plugin v27.5 - https:\/\/yoast.com\/product\/yoast-seo-wordpress\/ -->\n<title>SRE pide aclarar Proyecto \u201cPortero\u201d anunciado por la DEA - Canal 7 SLP - 2025<\/title>\n<meta name=\"robots\" content=\"index, follow, max-snippet:-1, max-image-preview:large, max-video-preview:-1\" \/>\n<link rel=\"canonical\" href=\"https:\/\/canal7slp.tv\/2025\/sre-pide-aclarar-proyecto-portero-anunciado-por-la-dea\/\" \/>\n<meta property=\"og:locale\" content=\"es_ES\" \/>\n<meta property=\"og:type\" content=\"article\" \/>\n<meta property=\"og:title\" content=\"SRE pide aclarar Proyecto \u201cPortero\u201d anunciado por la DEA - Canal 7 SLP - 2025\" \/>\n<meta property=\"og:description\" content=\"M\u00e9xico.- La presidenta Claudia Sheinbaum Pardo inform\u00f3 que la Secretar\u00eda de Relaciones Exteriores (SRE) establecer\u00e1 comunicaci\u00f3n con la embajada de Estados Unidos para esclarecer el motivo de un comunicado emitido por la DEA, en el que se afirma que existe una colaboraci\u00f3n con M\u00e9xico en el proyecto \u201cPortero\u201d, orientado a combatir a los c\u00e1rteles del crimen organizado. Sheinbaum precis\u00f3 que el secretario de Relaciones Exteriores, Juan Ram\u00f3n de la Fuente, sostendr\u00e1 un di\u00e1logo con el embajador estadounidense, Ronald D. Johnson, a fin de solicitar explicaciones sobre la publicaci\u00f3n del comunicado, realizado sin conocimiento previo del gobierno mexicano. La mandataria recalc\u00f3 [&hellip;]\" \/>\n<meta property=\"og:url\" content=\"https:\/\/canal7slp.tv\/2025\/sre-pide-aclarar-proyecto-portero-anunciado-por-la-dea\/\" \/>\n<meta property=\"og:site_name\" content=\"Canal 7 SLP - 2025\" \/>\n<meta property=\"article:publisher\" content=\"https:\/\/www.facebook.com\/noticieroscanal7atencionciudadana\/\" \/>\n<meta property=\"article:published_time\" content=\"2025-08-20T00:01:55+00:00\" \/>\n<meta property=\"og:image\" content=\"https:\/\/canal7slp.tv\/2025\/wp-content\/uploads\/2025\/08\/11-14.jpg\" \/>\n\t<meta property=\"og:image:width\" content=\"888\" \/>\n\t<meta property=\"og:image:height\" content=\"500\" \/>\n\t<meta property=\"og:image:type\" content=\"image\/jpeg\" \/>\n<meta name=\"author\" content=\"Edici\u00f3n Web\" \/>\n<meta name=\"twitter:card\" content=\"summary_large_image\" \/>\n<meta name=\"twitter:creator\" content=\"@NOTICIEROS7\" \/>\n<meta name=\"twitter:site\" content=\"@NOTICIEROS7\" \/>\n<meta name=\"twitter:label1\" content=\"Escrito por\" \/>\n\t<meta name=\"twitter:data1\" content=\"Edici\u00f3n Web\" \/>\n\t<meta name=\"twitter:label2\" content=\"Tiempo de lectura\" \/>\n\t<meta name=\"twitter:data2\" content=\"1 minuto\" \/>\n<script type=\"application\/ld+json\" class=\"yoast-schema-graph\">{\"@context\":\"https:\\\/\\\/schema.org\",\"@graph\":[{\"@type\":\"Article\",\"@id\":\"https:\\\/\\\/canal7slp.tv\\\/2025\\\/sre-pide-aclarar-proyecto-portero-anunciado-por-la-dea\\\/#article\",\"isPartOf\":{\"@id\":\"https:\\\/\\\/canal7slp.tv\\\/2025\\\/sre-pide-aclarar-proyecto-portero-anunciado-por-la-dea\\\/\"},\"author\":{\"name\":\"Edici\u00f3n Web\",\"@id\":\"https:\\\/\\\/canal7slp.tv\\\/2025\\\/#\\\/schema\\\/person\\\/271e2b60a96e7cc9d9ac296f4d7e414b\"},\"headline\":\"SRE pide aclarar Proyecto \u201cPortero\u201d anunciado por la DEA\",\"datePublished\":\"2025-08-20T00:01:55+00:00\",\"mainEntityOfPage\":{\"@id\":\"https:\\\/\\\/canal7slp.tv\\\/2025\\\/sre-pide-aclarar-proyecto-portero-anunciado-por-la-dea\\\/\"},\"wordCount\":201,\"publisher\":{\"@id\":\"https:\\\/\\\/canal7slp.tv\\\/2025\\\/#organization\"},\"image\":{\"@id\":\"https:\\\/\\\/canal7slp.tv\\\/2025\\\/sre-pide-aclarar-proyecto-portero-anunciado-por-la-dea\\\/#primaryimage\"},\"thumbnailUrl\":\"https:\\\/\\\/canal7slp.tv\\\/2025\\\/wp-content\\\/uploads\\\/2025\\\/08\\\/11-14.jpg\",\"articleSection\":[\"NACIONALES\"],\"inLanguage\":\"es\"},{\"@type\":\"WebPage\",\"@id\":\"https:\\\/\\\/canal7slp.tv\\\/2025\\\/sre-pide-aclarar-proyecto-portero-anunciado-por-la-dea\\\/\",\"url\":\"https:\\\/\\\/canal7slp.tv\\\/2025\\\/sre-pide-aclarar-proyecto-portero-anunciado-por-la-dea\\\/\",\"name\":\"SRE pide aclarar Proyecto \u201cPortero\u201d anunciado por la DEA - Canal 7 SLP - 2025\",\"isPartOf\":{\"@id\":\"https:\\\/\\\/canal7slp.tv\\\/2025\\\/#website\"},\"primaryImageOfPage\":{\"@id\":\"https:\\\/\\\/canal7slp.tv\\\/2025\\\/sre-pide-aclarar-proyecto-portero-anunciado-por-la-dea\\\/#primaryimage\"},\"image\":{\"@id\":\"https:\\\/\\\/canal7slp.tv\\\/2025\\\/sre-pide-aclarar-proyecto-portero-anunciado-por-la-dea\\\/#primaryimage\"},\"thumbnailUrl\":\"https:\\\/\\\/canal7slp.tv\\\/2025\\\/wp-content\\\/uploads\\\/2025\\\/08\\\/11-14.jpg\",\"datePublished\":\"2025-08-20T00:01:55+00:00\",\"breadcrumb\":{\"@id\":\"https:\\\/\\\/canal7slp.tv\\\/2025\\\/sre-pide-aclarar-proyecto-portero-anunciado-por-la-dea\\\/#breadcrumb\"},\"inLanguage\":\"es\",\"potentialAction\":[{\"@type\":\"ReadAction\",\"target\":[\"https:\\\/\\\/canal7slp.tv\\\/2025\\\/sre-pide-aclarar-proyecto-portero-anunciado-por-la-dea\\\/\"]}]},{\"@type\":\"ImageObject\",\"inLanguage\":\"es\",\"@id\":\"https:\\\/\\\/canal7slp.tv\\\/2025\\\/sre-pide-aclarar-proyecto-portero-anunciado-por-la-dea\\\/#primaryimage\",\"url\":\"https:\\\/\\\/canal7slp.tv\\\/2025\\\/wp-content\\\/uploads\\\/2025\\\/08\\\/11-14.jpg\",\"contentUrl\":\"https:\\\/\\\/canal7slp.tv\\\/2025\\\/wp-content\\\/uploads\\\/2025\\\/08\\\/11-14.jpg\",\"width\":888,\"height\":500},{\"@type\":\"BreadcrumbList\",\"@id\":\"https:\\\/\\\/canal7slp.tv\\\/2025\\\/sre-pide-aclarar-proyecto-portero-anunciado-por-la-dea\\\/#breadcrumb\",\"itemListElement\":[{\"@type\":\"ListItem\",\"position\":1,\"name\":\"Portada\",\"item\":\"https:\\\/\\\/canal7slp.tv\\\/2025\\\/\"},{\"@type\":\"ListItem\",\"position\":2,\"name\":\"SRE pide aclarar Proyecto \u201cPortero\u201d anunciado por la DEA\"}]},{\"@type\":\"WebSite\",\"@id\":\"https:\\\/\\\/canal7slp.tv\\\/2025\\\/#website\",\"url\":\"https:\\\/\\\/canal7slp.tv\\\/2025\\\/\",\"name\":\"N7 - Noticieros Canal 7\",\"description\":\"Somos el Medio\",\"publisher\":{\"@id\":\"https:\\\/\\\/canal7slp.tv\\\/2025\\\/#organization\"},\"potentialAction\":[{\"@type\":\"SearchAction\",\"target\":{\"@type\":\"EntryPoint\",\"urlTemplate\":\"https:\\\/\\\/canal7slp.tv\\\/2025\\\/?s={search_term_string}\"},\"query-input\":{\"@type\":\"PropertyValueSpecification\",\"valueRequired\":true,\"valueName\":\"search_term_string\"}}],\"inLanguage\":\"es\"},{\"@type\":\"Organization\",\"@id\":\"https:\\\/\\\/canal7slp.tv\\\/2025\\\/#organization\",\"name\":\"Noticieros Canal 7\",\"url\":\"https:\\\/\\\/canal7slp.tv\\\/2025\\\/\",\"logo\":{\"@type\":\"ImageObject\",\"inLanguage\":\"es\",\"@id\":\"https:\\\/\\\/canal7slp.tv\\\/2025\\\/#\\\/schema\\\/logo\\\/image\\\/\",\"url\":\"https:\\\/\\\/canal7slp.tv\\\/2025\\\/wp-content\\\/uploads\\\/2021\\\/01\\\/logo-noticieros@2x.png\",\"contentUrl\":\"https:\\\/\\\/canal7slp.tv\\\/2025\\\/wp-content\\\/uploads\\\/2021\\\/01\\\/logo-noticieros@2x.png\",\"width\":1017,\"height\":268,\"caption\":\"Noticieros Canal 7\"},\"image\":{\"@id\":\"https:\\\/\\\/canal7slp.tv\\\/2025\\\/#\\\/schema\\\/logo\\\/image\\\/\"},\"sameAs\":[\"https:\\\/\\\/www.facebook.com\\\/noticieroscanal7atencionciudadana\\\/\",\"https:\\\/\\\/x.com\\\/NOTICIEROS7\",\"https:\\\/\\\/www.instagram.com\\\/canal7_slp\",\"https:\\\/\\\/www.youtube.com\\\/channel\\\/UCliiYs-gP3JfJeqdPrNdd5A\"]},{\"@type\":\"Person\",\"@id\":\"https:\\\/\\\/canal7slp.tv\\\/2025\\\/#\\\/schema\\\/person\\\/271e2b60a96e7cc9d9ac296f4d7e414b\",\"name\":\"Edici\u00f3n Web\",\"image\":{\"@type\":\"ImageObject\",\"inLanguage\":\"es\",\"@id\":\"https:\\\/\\\/secure.gravatar.com\\\/avatar\\\/eee448fc3f7164808013b816ba91ac7e43bbe82a70bebac296f8bc6f0addaa1a?s=96&d=mm&r=g\",\"url\":\"https:\\\/\\\/secure.gravatar.com\\\/avatar\\\/eee448fc3f7164808013b816ba91ac7e43bbe82a70bebac296f8bc6f0addaa1a?s=96&d=mm&r=g\",\"contentUrl\":\"https:\\\/\\\/secure.gravatar.com\\\/avatar\\\/eee448fc3f7164808013b816ba91ac7e43bbe82a70bebac296f8bc6f0addaa1a?s=96&d=mm&r=g\",\"caption\":\"Edici\u00f3n Web\"},\"url\":\"https:\\\/\\\/canal7slp.tv\\\/2025\\\/author\\\/edicionweb\\\/\"}]}<\/script>\n<!-- \/ Yoast SEO plugin. -->","yoast_head_json":{"title":"SRE pide aclarar Proyecto \u201cPortero\u201d anunciado por la DEA - Canal 7 SLP - 2025","robots":{"index":"index","follow":"follow","max-snippet":"max-snippet:-1","max-image-preview":"max-image-preview:large","max-video-preview":"max-video-preview:-1"},"canonical":"https:\/\/canal7slp.tv\/2025\/sre-pide-aclarar-proyecto-portero-anunciado-por-la-dea\/","og_locale":"es_ES","og_type":"article","og_title":"SRE pide aclarar Proyecto \u201cPortero\u201d anunciado por la DEA - Canal 7 SLP - 2025","og_description":"M\u00e9xico.- La presidenta Claudia Sheinbaum Pardo inform\u00f3 que la Secretar\u00eda de Relaciones Exteriores (SRE) establecer\u00e1 comunicaci\u00f3n con la embajada de Estados Unidos para esclarecer el motivo de un comunicado emitido por la DEA, en el que se afirma que existe una colaboraci\u00f3n con M\u00e9xico en el proyecto \u201cPortero\u201d, orientado a combatir a los c\u00e1rteles del crimen organizado. Sheinbaum precis\u00f3 que el secretario de Relaciones Exteriores, Juan Ram\u00f3n de la Fuente, sostendr\u00e1 un di\u00e1logo con el embajador estadounidense, Ronald D. Johnson, a fin de solicitar explicaciones sobre la publicaci\u00f3n del comunicado, realizado sin conocimiento previo del gobierno mexicano. La mandataria recalc\u00f3 [&hellip;]","og_url":"https:\/\/canal7slp.tv\/2025\/sre-pide-aclarar-proyecto-portero-anunciado-por-la-dea\/","og_site_name":"Canal 7 SLP - 2025","article_publisher":"https:\/\/www.facebook.com\/noticieroscanal7atencionciudadana\/","article_published_time":"2025-08-20T00:01:55+00:00","og_image":[{"width":888,"height":500,"url":"https:\/\/canal7slp.tv\/2025\/wp-content\/uploads\/2025\/08\/11-14.jpg","type":"image\/jpeg"}],"author":"Edici\u00f3n Web","twitter_card":"summary_large_image","twitter_creator":"@NOTICIEROS7","twitter_site":"@NOTICIEROS7","twitter_misc":{"Escrito por":"Edici\u00f3n Web","Tiempo de lectura":"1 minuto"},"schema":{"@context":"https:\/\/schema.org","@graph":[{"@type":"Article","@id":"https:\/\/canal7slp.tv\/2025\/sre-pide-aclarar-proyecto-portero-anunciado-por-la-dea\/#article","isPartOf":{"@id":"https:\/\/canal7slp.tv\/2025\/sre-pide-aclarar-proyecto-portero-anunciado-por-la-dea\/"},"author":{"name":"Edici\u00f3n Web","@id":"https:\/\/canal7slp.tv\/2025\/#\/schema\/person\/271e2b60a96e7cc9d9ac296f4d7e414b"},"headline":"SRE pide aclarar Proyecto \u201cPortero\u201d anunciado por la DEA","datePublished":"2025-08-20T00:01:55+00:00","mainEntityOfPage":{"@id":"https:\/\/canal7slp.tv\/2025\/sre-pide-aclarar-proyecto-portero-anunciado-por-la-dea\/"},"wordCount":201,"publisher":{"@id":"https:\/\/canal7slp.tv\/2025\/#organization"},"image":{"@id":"https:\/\/canal7slp.tv\/2025\/sre-pide-aclarar-proyecto-portero-anunciado-por-la-dea\/#primaryimage"},"thumbnailUrl":"https:\/\/canal7slp.tv\/2025\/wp-content\/uploads\/2025\/08\/11-14.jpg","articleSection":["NACIONALES"],"inLanguage":"es"},{"@type":"WebPage","@id":"https:\/\/canal7slp.tv\/2025\/sre-pide-aclarar-proyecto-portero-anunciado-por-la-dea\/","url":"https:\/\/canal7slp.tv\/2025\/sre-pide-aclarar-proyecto-portero-anunciado-por-la-dea\/","name":"SRE pide aclarar Proyecto \u201cPortero\u201d anunciado por la DEA - Canal 7 SLP - 2025","isPartOf":{"@id":"https:\/\/canal7slp.tv\/2025\/#website"},"primaryImageOfPage":{"@id":"https:\/\/canal7slp.tv\/2025\/sre-pide-aclarar-proyecto-portero-anunciado-por-la-dea\/#primaryimage"},"image":{"@id":"https:\/\/canal7slp.tv\/2025\/sre-pide-aclarar-proyecto-portero-anunciado-por-la-dea\/#primaryimage"},"thumbnailUrl":"https:\/\/canal7slp.tv\/2025\/wp-content\/uploads\/2025\/08\/11-14.jpg","datePublished":"2025-08-20T00:01:55+00:00","breadcrumb":{"@id":"https:\/\/canal7slp.tv\/2025\/sre-pide-aclarar-proyecto-portero-anunciado-por-la-dea\/#breadcrumb"},"inLanguage":"es","potentialAction":[{"@type":"ReadAction","target":["https:\/\/canal7slp.tv\/2025\/sre-pide-aclarar-proyecto-portero-anunciado-por-la-dea\/"]}]},{"@type":"ImageObject","inLanguage":"es","@id":"https:\/\/canal7slp.tv\/2025\/sre-pide-aclarar-proyecto-portero-anunciado-por-la-dea\/#primaryimage","url":"https:\/\/canal7slp.tv\/2025\/wp-content\/uploads\/2025\/08\/11-14.jpg","contentUrl":"https:\/\/canal7slp.tv\/2025\/wp-content\/uploads\/2025\/08\/11-14.jpg","width":888,"height":500},{"@type":"BreadcrumbList","@id":"https:\/\/canal7slp.tv\/2025\/sre-pide-aclarar-proyecto-portero-anunciado-por-la-dea\/#breadcrumb","itemListElement":[{"@type":"ListItem","position":1,"name":"Portada","item":"https:\/\/canal7slp.tv\/2025\/"},{"@type":"ListItem","position":2,"name":"SRE pide aclarar Proyecto \u201cPortero\u201d anunciado por la DEA"}]},{"@type":"WebSite","@id":"https:\/\/canal7slp.tv\/2025\/#website","url":"https:\/\/canal7slp.tv\/2025\/","name":"N7 - Noticieros Canal 7","description":"Somos el Medio","publisher":{"@id":"https:\/\/canal7slp.tv\/2025\/#organization"},"potentialAction":[{"@type":"SearchAction","target":{"@type":"EntryPoint","urlTemplate":"https:\/\/canal7slp.tv\/2025\/?s={search_term_string}"},"query-input":{"@type":"PropertyValueSpecification","valueRequired":true,"valueName":"search_term_string"}}],"inLanguage":"es"},{"@type":"Organization","@id":"https:\/\/canal7slp.tv\/2025\/#organization","name":"Noticieros Canal 7","url":"https:\/\/canal7slp.tv\/2025\/","logo":{"@type":"ImageObject","inLanguage":"es","@id":"https:\/\/canal7slp.tv\/2025\/#\/schema\/logo\/image\/","url":"https:\/\/canal7slp.tv\/2025\/wp-content\/uploads\/2021\/01\/logo-noticieros@2x.png","contentUrl":"https:\/\/canal7slp.tv\/2025\/wp-content\/uploads\/2021\/01\/logo-noticieros@2x.png","width":1017,"height":268,"caption":"Noticieros Canal 7"},"image":{"@id":"https:\/\/canal7slp.tv\/2025\/#\/schema\/logo\/image\/"},"sameAs":["https:\/\/www.facebook.com\/noticieroscanal7atencionciudadana\/","https:\/\/x.com\/NOTICIEROS7","https:\/\/www.instagram.com\/canal7_slp","https:\/\/www.youtube.com\/channel\/UCliiYs-gP3JfJeqdPrNdd5A"]},{"@type":"Person","@id":"https:\/\/canal7slp.tv\/2025\/#\/schema\/person\/271e2b60a96e7cc9d9ac296f4d7e414b","name":"Edici\u00f3n Web","image":{"@type":"ImageObject","inLanguage":"es","@id":"https:\/\/secure.gravatar.com\/avatar\/eee448fc3f7164808013b816ba91ac7e43bbe82a70bebac296f8bc6f0addaa1a?s=96&d=mm&r=g","url":"https:\/\/secure.gravatar.com\/avatar\/eee448fc3f7164808013b816ba91ac7e43bbe82a70bebac296f8bc6f0addaa1a?s=96&d=mm&r=g","contentUrl":"https:\/\/secure.gravatar.com\/avatar\/eee448fc3f7164808013b816ba91ac7e43bbe82a70bebac296f8bc6f0addaa1a?s=96&d=mm&r=g","caption":"Edici\u00f3n Web"},"url":"https:\/\/canal7slp.tv\/2025\/author\/edicionweb\/"}]}},"_links":{"self":[{"href":"https:\/\/canal7slp.tv\/2025\/wp-json\/wp\/v2\/posts\/176989","targetHints":{"allow":["GET"]}}],"collection":[{"href":"https:\/\/canal7slp.tv\/2025\/wp-json\/wp\/v2\/posts"}],"about":[{"href":"https:\/\/canal7slp.tv\/2025\/wp-json\/wp\/v2\/types\/post"}],"author":[{"embeddable":true,"href":"https:\/\/canal7slp.tv\/2025\/wp-json\/wp\/v2\/users\/2"}],"replies":[{"embeddable":true,"href":"https:\/\/canal7slp.tv\/2025\/wp-json\/wp\/v2\/comments?post=176989"}],"version-history":[{"count":1,"href":"https:\/\/canal7slp.tv\/2025\/wp-json\/wp\/v2\/posts\/176989\/revisions"}],"predecessor-version":[{"id":176991,"href":"https:\/\/canal7slp.tv\/2025\/wp-json\/wp\/v2\/posts\/176989\/revisions\/176991"}],"wp:featuredmedia":[{"embeddable":true,"href":"https:\/\/canal7slp.tv\/2025\/wp-json\/wp\/v2\/media\/176990"}],"wp:attachment":[{"href":"https:\/\/canal7slp.tv\/2025\/wp-json\/wp\/v2\/media?parent=176989"}],"wp:term":[{"taxonomy":"category","embeddable":true,"href":"https:\/\/canal7slp.tv\/2025\/wp-json\/wp\/v2\/categories?post=176989"},{"taxonomy":"post_tag","embeddable":true,"href":"https:\/\/canal7slp.tv\/2025\/wp-json\/wp\/v2\/tags?post=176989"}],"curies":[{"name":"wp","href":"https:\/\/api.w.org\/{rel}","templated":true}]}}