{"id":176985,"date":"2025-08-19T17:39:32","date_gmt":"2025-08-19T23:39:32","guid":{"rendered":"https:\/\/canal7slp.tv\/2025\/?p=176985"},"modified":"2025-08-19T17:40:22","modified_gmt":"2025-08-19T23:40:22","slug":"san-luis-potosi-sera-sede-de-evento-turistico-nacional","status":"publish","type":"post","link":"https:\/\/canal7slp.tv\/2025\/san-luis-potosi-sera-sede-de-evento-turistico-nacional\/","title":{"rendered":"San Luis Potos\u00ed ser\u00e1 sede de evento tur\u00edstico nacional"},"content":{"rendered":"<p style=\"text-align: justify;\"><span style=\"font-size: 1.21429rem;\">SLP.- En el pr\u00f3ximo mes de Octubre San Luis Potos\u00ed ser\u00e1 sede de un evento nacional en donde estar\u00e1n representantes de las 32 entidades federativas de la rep\u00fablica.<\/span><\/p>\n<p style=\"text-align: justify;\">As\u00ed lo dio a conocer la secretaria de Turismo estatal Yolanda Cepeda Echavarr\u00eda al informar que este evento ser\u00e1 en el marco de la reuni\u00f3n de la Asociaci\u00f3n de Secretarios de Turismo.<\/p>\n<p style=\"text-align: justify;\">En otro tema, la funcionaria estatal habl\u00f3 sobre las proyecciones en materia de ocupaci\u00f3n hotelera en este temporada vacacional de verano.<\/p>\n<p style=\"text-align: justify;\">Coment\u00f3 que ciertamente no han sido las que se esperaban pero que fue en un porcentaje aceptable que dijo, podr\u00eda incrementarse en el marco de los eventos de la Feria Nacional Potosina.<\/p>\n<p>Por: Claudio Ibarra<\/p>\n","protected":false},"excerpt":{"rendered":"<p>SLP.- En el pr\u00f3ximo mes de Octubre San Luis Potos\u00ed ser\u00e1 sede de un evento nacional en donde estar\u00e1n representantes de las 32 entidades federativas de la rep\u00fablica. As\u00ed lo dio a conocer la secretaria de Turismo estatal Yolanda Cepeda Echavarr\u00eda al informar que este evento ser\u00e1 en el marco de la reuni\u00f3n de la Asociaci\u00f3n de Secretarios de Turismo. En otro tema, la funcionaria estatal habl\u00f3 sobre las proyecciones en materia de ocupaci\u00f3n hotelera en este temporada vacacional de verano. Coment\u00f3 que ciertamente no han sido las que se esperaban pero que fue en un porcentaje aceptable que dijo, [&hellip;]<\/p>\n","protected":false},"author":2,"featured_media":176987,"comment_status":"closed","ping_status":"closed","sticky":false,"template":"","format":"video","meta":{"_monsterinsights_skip_tracking":false,"_monsterinsights_sitenote_active":false,"_monsterinsights_sitenote_note":"","_monsterinsights_sitenote_category":0,"footnotes":""},"categories":[5,510,45],"tags":[],"class_list":["post-176985","post","type-post","status-publish","format-video","has-post-thumbnail","hentry","category-destacadas","category-gobedoslp","category-localesyregionales","post_format-post-format-video","post--single"],"yoast_head":"<!-- This site is optimized with the Yoast SEO plugin v27.4 - https:\/\/yoast.com\/product\/yoast-seo-wordpress\/ -->\n<title>San Luis Potos\u00ed ser\u00e1 sede de evento tur\u00edstico nacional - Canal 7 SLP - 2025<\/title>\n<meta name=\"robots\" content=\"index, follow, max-snippet:-1, max-image-preview:large, max-video-preview:-1\" \/>\n<link rel=\"canonical\" href=\"https:\/\/canal7slp.tv\/2025\/san-luis-potosi-sera-sede-de-evento-turistico-nacional\/\" \/>\n<meta property=\"og:locale\" content=\"es_ES\" \/>\n<meta property=\"og:type\" content=\"article\" \/>\n<meta property=\"og:title\" content=\"San Luis Potos\u00ed ser\u00e1 sede de evento tur\u00edstico nacional - Canal 7 SLP - 2025\" \/>\n<meta property=\"og:description\" content=\"SLP.- En el pr\u00f3ximo mes de Octubre San Luis Potos\u00ed ser\u00e1 sede de un evento nacional en donde estar\u00e1n representantes de las 32 entidades federativas de la rep\u00fablica. As\u00ed lo dio a conocer la secretaria de Turismo estatal Yolanda Cepeda Echavarr\u00eda al informar que este evento ser\u00e1 en el marco de la reuni\u00f3n de la Asociaci\u00f3n de Secretarios de Turismo. En otro tema, la funcionaria estatal habl\u00f3 sobre las proyecciones en materia de ocupaci\u00f3n hotelera en este temporada vacacional de verano. Coment\u00f3 que ciertamente no han sido las que se esperaban pero que fue en un porcentaje aceptable que dijo, [&hellip;]\" \/>\n<meta property=\"og:url\" content=\"https:\/\/canal7slp.tv\/2025\/san-luis-potosi-sera-sede-de-evento-turistico-nacional\/\" \/>\n<meta property=\"og:site_name\" content=\"Canal 7 SLP - 2025\" \/>\n<meta property=\"article:publisher\" content=\"https:\/\/www.facebook.com\/noticieroscanal7atencionciudadana\/\" \/>\n<meta property=\"article:published_time\" content=\"2025-08-19T23:39:32+00:00\" \/>\n<meta property=\"article:modified_time\" content=\"2025-08-19T23:40:22+00:00\" \/>\n<meta property=\"og:image\" content=\"https:\/\/canal7slp.tv\/2025\/wp-content\/uploads\/2025\/08\/Claudio04Sede.jpg\" \/>\n\t<meta property=\"og:image:width\" content=\"1280\" \/>\n\t<meta property=\"og:image:height\" content=\"720\" \/>\n\t<meta property=\"og:image:type\" content=\"image\/jpeg\" \/>\n<meta name=\"author\" content=\"Edici\u00f3n Web\" \/>\n<meta name=\"twitter:card\" content=\"summary_large_image\" \/>\n<meta name=\"twitter:creator\" content=\"@NOTICIEROS7\" \/>\n<meta name=\"twitter:site\" content=\"@NOTICIEROS7\" \/>\n<meta name=\"twitter:label1\" content=\"Escrito por\" \/>\n\t<meta name=\"twitter:data1\" content=\"Edici\u00f3n Web\" \/>\n\t<meta name=\"twitter:label2\" content=\"Tiempo de lectura\" \/>\n\t<meta name=\"twitter:data2\" content=\"1 minuto\" \/>\n<script type=\"application\/ld+json\" class=\"yoast-schema-graph\">{\"@context\":\"https:\\\/\\\/schema.org\",\"@graph\":[{\"@type\":\"Article\",\"@id\":\"https:\\\/\\\/canal7slp.tv\\\/2025\\\/san-luis-potosi-sera-sede-de-evento-turistico-nacional\\\/#article\",\"isPartOf\":{\"@id\":\"https:\\\/\\\/canal7slp.tv\\\/2025\\\/san-luis-potosi-sera-sede-de-evento-turistico-nacional\\\/\"},\"author\":{\"name\":\"Edici\u00f3n Web\",\"@id\":\"https:\\\/\\\/canal7slp.tv\\\/2025\\\/#\\\/schema\\\/person\\\/271e2b60a96e7cc9d9ac296f4d7e414b\"},\"headline\":\"San Luis Potos\u00ed ser\u00e1 sede de evento tur\u00edstico nacional\",\"datePublished\":\"2025-08-19T23:39:32+00:00\",\"dateModified\":\"2025-08-19T23:40:22+00:00\",\"mainEntityOfPage\":{\"@id\":\"https:\\\/\\\/canal7slp.tv\\\/2025\\\/san-luis-potosi-sera-sede-de-evento-turistico-nacional\\\/\"},\"wordCount\":134,\"publisher\":{\"@id\":\"https:\\\/\\\/canal7slp.tv\\\/2025\\\/#organization\"},\"image\":{\"@id\":\"https:\\\/\\\/canal7slp.tv\\\/2025\\\/san-luis-potosi-sera-sede-de-evento-turistico-nacional\\\/#primaryimage\"},\"thumbnailUrl\":\"https:\\\/\\\/canal7slp.tv\\\/2025\\\/wp-content\\\/uploads\\\/2025\\\/08\\\/Claudio04Sede.jpg\",\"articleSection\":[\"DESTACADAS\",\"GOBEDOSLP\",\"LOCALES Y REGIONALES\"],\"inLanguage\":\"es\"},{\"@type\":\"WebPage\",\"@id\":\"https:\\\/\\\/canal7slp.tv\\\/2025\\\/san-luis-potosi-sera-sede-de-evento-turistico-nacional\\\/\",\"url\":\"https:\\\/\\\/canal7slp.tv\\\/2025\\\/san-luis-potosi-sera-sede-de-evento-turistico-nacional\\\/\",\"name\":\"San Luis Potos\u00ed ser\u00e1 sede de evento tur\u00edstico nacional - Canal 7 SLP - 2025\",\"isPartOf\":{\"@id\":\"https:\\\/\\\/canal7slp.tv\\\/2025\\\/#website\"},\"primaryImageOfPage\":{\"@id\":\"https:\\\/\\\/canal7slp.tv\\\/2025\\\/san-luis-potosi-sera-sede-de-evento-turistico-nacional\\\/#primaryimage\"},\"image\":{\"@id\":\"https:\\\/\\\/canal7slp.tv\\\/2025\\\/san-luis-potosi-sera-sede-de-evento-turistico-nacional\\\/#primaryimage\"},\"thumbnailUrl\":\"https:\\\/\\\/canal7slp.tv\\\/2025\\\/wp-content\\\/uploads\\\/2025\\\/08\\\/Claudio04Sede.jpg\",\"datePublished\":\"2025-08-19T23:39:32+00:00\",\"dateModified\":\"2025-08-19T23:40:22+00:00\",\"breadcrumb\":{\"@id\":\"https:\\\/\\\/canal7slp.tv\\\/2025\\\/san-luis-potosi-sera-sede-de-evento-turistico-nacional\\\/#breadcrumb\"},\"inLanguage\":\"es\",\"potentialAction\":[{\"@type\":\"ReadAction\",\"target\":[\"https:\\\/\\\/canal7slp.tv\\\/2025\\\/san-luis-potosi-sera-sede-de-evento-turistico-nacional\\\/\"]}]},{\"@type\":\"ImageObject\",\"inLanguage\":\"es\",\"@id\":\"https:\\\/\\\/canal7slp.tv\\\/2025\\\/san-luis-potosi-sera-sede-de-evento-turistico-nacional\\\/#primaryimage\",\"url\":\"https:\\\/\\\/canal7slp.tv\\\/2025\\\/wp-content\\\/uploads\\\/2025\\\/08\\\/Claudio04Sede.jpg\",\"contentUrl\":\"https:\\\/\\\/canal7slp.tv\\\/2025\\\/wp-content\\\/uploads\\\/2025\\\/08\\\/Claudio04Sede.jpg\",\"width\":1280,\"height\":720},{\"@type\":\"BreadcrumbList\",\"@id\":\"https:\\\/\\\/canal7slp.tv\\\/2025\\\/san-luis-potosi-sera-sede-de-evento-turistico-nacional\\\/#breadcrumb\",\"itemListElement\":[{\"@type\":\"ListItem\",\"position\":1,\"name\":\"Portada\",\"item\":\"https:\\\/\\\/canal7slp.tv\\\/2025\\\/\"},{\"@type\":\"ListItem\",\"position\":2,\"name\":\"San Luis Potos\u00ed ser\u00e1 sede de evento tur\u00edstico nacional\"}]},{\"@type\":\"WebSite\",\"@id\":\"https:\\\/\\\/canal7slp.tv\\\/2025\\\/#website\",\"url\":\"https:\\\/\\\/canal7slp.tv\\\/2025\\\/\",\"name\":\"N7 - Noticieros Canal 7\",\"description\":\"Somos el Medio\",\"publisher\":{\"@id\":\"https:\\\/\\\/canal7slp.tv\\\/2025\\\/#organization\"},\"potentialAction\":[{\"@type\":\"SearchAction\",\"target\":{\"@type\":\"EntryPoint\",\"urlTemplate\":\"https:\\\/\\\/canal7slp.tv\\\/2025\\\/?s={search_term_string}\"},\"query-input\":{\"@type\":\"PropertyValueSpecification\",\"valueRequired\":true,\"valueName\":\"search_term_string\"}}],\"inLanguage\":\"es\"},{\"@type\":\"Organization\",\"@id\":\"https:\\\/\\\/canal7slp.tv\\\/2025\\\/#organization\",\"name\":\"Noticieros Canal 7\",\"url\":\"https:\\\/\\\/canal7slp.tv\\\/2025\\\/\",\"logo\":{\"@type\":\"ImageObject\",\"inLanguage\":\"es\",\"@id\":\"https:\\\/\\\/canal7slp.tv\\\/2025\\\/#\\\/schema\\\/logo\\\/image\\\/\",\"url\":\"https:\\\/\\\/canal7slp.tv\\\/2025\\\/wp-content\\\/uploads\\\/2021\\\/01\\\/logo-noticieros@2x.png\",\"contentUrl\":\"https:\\\/\\\/canal7slp.tv\\\/2025\\\/wp-content\\\/uploads\\\/2021\\\/01\\\/logo-noticieros@2x.png\",\"width\":1017,\"height\":268,\"caption\":\"Noticieros Canal 7\"},\"image\":{\"@id\":\"https:\\\/\\\/canal7slp.tv\\\/2025\\\/#\\\/schema\\\/logo\\\/image\\\/\"},\"sameAs\":[\"https:\\\/\\\/www.facebook.com\\\/noticieroscanal7atencionciudadana\\\/\",\"https:\\\/\\\/x.com\\\/NOTICIEROS7\",\"https:\\\/\\\/www.instagram.com\\\/canal7_slp\",\"https:\\\/\\\/www.youtube.com\\\/channel\\\/UCliiYs-gP3JfJeqdPrNdd5A\"]},{\"@type\":\"Person\",\"@id\":\"https:\\\/\\\/canal7slp.tv\\\/2025\\\/#\\\/schema\\\/person\\\/271e2b60a96e7cc9d9ac296f4d7e414b\",\"name\":\"Edici\u00f3n Web\",\"image\":{\"@type\":\"ImageObject\",\"inLanguage\":\"es\",\"@id\":\"https:\\\/\\\/secure.gravatar.com\\\/avatar\\\/eee448fc3f7164808013b816ba91ac7e43bbe82a70bebac296f8bc6f0addaa1a?s=96&d=mm&r=g\",\"url\":\"https:\\\/\\\/secure.gravatar.com\\\/avatar\\\/eee448fc3f7164808013b816ba91ac7e43bbe82a70bebac296f8bc6f0addaa1a?s=96&d=mm&r=g\",\"contentUrl\":\"https:\\\/\\\/secure.gravatar.com\\\/avatar\\\/eee448fc3f7164808013b816ba91ac7e43bbe82a70bebac296f8bc6f0addaa1a?s=96&d=mm&r=g\",\"caption\":\"Edici\u00f3n Web\"},\"url\":\"https:\\\/\\\/canal7slp.tv\\\/2025\\\/author\\\/edicionweb\\\/\"}]}<\/script>\n<!-- \/ Yoast SEO plugin. -->","yoast_head_json":{"title":"San Luis Potos\u00ed ser\u00e1 sede de evento tur\u00edstico nacional - Canal 7 SLP - 2025","robots":{"index":"index","follow":"follow","max-snippet":"max-snippet:-1","max-image-preview":"max-image-preview:large","max-video-preview":"max-video-preview:-1"},"canonical":"https:\/\/canal7slp.tv\/2025\/san-luis-potosi-sera-sede-de-evento-turistico-nacional\/","og_locale":"es_ES","og_type":"article","og_title":"San Luis Potos\u00ed ser\u00e1 sede de evento tur\u00edstico nacional - Canal 7 SLP - 2025","og_description":"SLP.- En el pr\u00f3ximo mes de Octubre San Luis Potos\u00ed ser\u00e1 sede de un evento nacional en donde estar\u00e1n representantes de las 32 entidades federativas de la rep\u00fablica. As\u00ed lo dio a conocer la secretaria de Turismo estatal Yolanda Cepeda Echavarr\u00eda al informar que este evento ser\u00e1 en el marco de la reuni\u00f3n de la Asociaci\u00f3n de Secretarios de Turismo. En otro tema, la funcionaria estatal habl\u00f3 sobre las proyecciones en materia de ocupaci\u00f3n hotelera en este temporada vacacional de verano. Coment\u00f3 que ciertamente no han sido las que se esperaban pero que fue en un porcentaje aceptable que dijo, [&hellip;]","og_url":"https:\/\/canal7slp.tv\/2025\/san-luis-potosi-sera-sede-de-evento-turistico-nacional\/","og_site_name":"Canal 7 SLP - 2025","article_publisher":"https:\/\/www.facebook.com\/noticieroscanal7atencionciudadana\/","article_published_time":"2025-08-19T23:39:32+00:00","article_modified_time":"2025-08-19T23:40:22+00:00","og_image":[{"width":1280,"height":720,"url":"https:\/\/canal7slp.tv\/2025\/wp-content\/uploads\/2025\/08\/Claudio04Sede.jpg","type":"image\/jpeg"}],"author":"Edici\u00f3n Web","twitter_card":"summary_large_image","twitter_creator":"@NOTICIEROS7","twitter_site":"@NOTICIEROS7","twitter_misc":{"Escrito por":"Edici\u00f3n Web","Tiempo de lectura":"1 minuto"},"schema":{"@context":"https:\/\/schema.org","@graph":[{"@type":"Article","@id":"https:\/\/canal7slp.tv\/2025\/san-luis-potosi-sera-sede-de-evento-turistico-nacional\/#article","isPartOf":{"@id":"https:\/\/canal7slp.tv\/2025\/san-luis-potosi-sera-sede-de-evento-turistico-nacional\/"},"author":{"name":"Edici\u00f3n Web","@id":"https:\/\/canal7slp.tv\/2025\/#\/schema\/person\/271e2b60a96e7cc9d9ac296f4d7e414b"},"headline":"San Luis Potos\u00ed ser\u00e1 sede de evento tur\u00edstico nacional","datePublished":"2025-08-19T23:39:32+00:00","dateModified":"2025-08-19T23:40:22+00:00","mainEntityOfPage":{"@id":"https:\/\/canal7slp.tv\/2025\/san-luis-potosi-sera-sede-de-evento-turistico-nacional\/"},"wordCount":134,"publisher":{"@id":"https:\/\/canal7slp.tv\/2025\/#organization"},"image":{"@id":"https:\/\/canal7slp.tv\/2025\/san-luis-potosi-sera-sede-de-evento-turistico-nacional\/#primaryimage"},"thumbnailUrl":"https:\/\/canal7slp.tv\/2025\/wp-content\/uploads\/2025\/08\/Claudio04Sede.jpg","articleSection":["DESTACADAS","GOBEDOSLP","LOCALES Y REGIONALES"],"inLanguage":"es"},{"@type":"WebPage","@id":"https:\/\/canal7slp.tv\/2025\/san-luis-potosi-sera-sede-de-evento-turistico-nacional\/","url":"https:\/\/canal7slp.tv\/2025\/san-luis-potosi-sera-sede-de-evento-turistico-nacional\/","name":"San Luis Potos\u00ed ser\u00e1 sede de evento tur\u00edstico nacional - Canal 7 SLP - 2025","isPartOf":{"@id":"https:\/\/canal7slp.tv\/2025\/#website"},"primaryImageOfPage":{"@id":"https:\/\/canal7slp.tv\/2025\/san-luis-potosi-sera-sede-de-evento-turistico-nacional\/#primaryimage"},"image":{"@id":"https:\/\/canal7slp.tv\/2025\/san-luis-potosi-sera-sede-de-evento-turistico-nacional\/#primaryimage"},"thumbnailUrl":"https:\/\/canal7slp.tv\/2025\/wp-content\/uploads\/2025\/08\/Claudio04Sede.jpg","datePublished":"2025-08-19T23:39:32+00:00","dateModified":"2025-08-19T23:40:22+00:00","breadcrumb":{"@id":"https:\/\/canal7slp.tv\/2025\/san-luis-potosi-sera-sede-de-evento-turistico-nacional\/#breadcrumb"},"inLanguage":"es","potentialAction":[{"@type":"ReadAction","target":["https:\/\/canal7slp.tv\/2025\/san-luis-potosi-sera-sede-de-evento-turistico-nacional\/"]}]},{"@type":"ImageObject","inLanguage":"es","@id":"https:\/\/canal7slp.tv\/2025\/san-luis-potosi-sera-sede-de-evento-turistico-nacional\/#primaryimage","url":"https:\/\/canal7slp.tv\/2025\/wp-content\/uploads\/2025\/08\/Claudio04Sede.jpg","contentUrl":"https:\/\/canal7slp.tv\/2025\/wp-content\/uploads\/2025\/08\/Claudio04Sede.jpg","width":1280,"height":720},{"@type":"BreadcrumbList","@id":"https:\/\/canal7slp.tv\/2025\/san-luis-potosi-sera-sede-de-evento-turistico-nacional\/#breadcrumb","itemListElement":[{"@type":"ListItem","position":1,"name":"Portada","item":"https:\/\/canal7slp.tv\/2025\/"},{"@type":"ListItem","position":2,"name":"San Luis Potos\u00ed ser\u00e1 sede de evento tur\u00edstico nacional"}]},{"@type":"WebSite","@id":"https:\/\/canal7slp.tv\/2025\/#website","url":"https:\/\/canal7slp.tv\/2025\/","name":"N7 - Noticieros Canal 7","description":"Somos el Medio","publisher":{"@id":"https:\/\/canal7slp.tv\/2025\/#organization"},"potentialAction":[{"@type":"SearchAction","target":{"@type":"EntryPoint","urlTemplate":"https:\/\/canal7slp.tv\/2025\/?s={search_term_string}"},"query-input":{"@type":"PropertyValueSpecification","valueRequired":true,"valueName":"search_term_string"}}],"inLanguage":"es"},{"@type":"Organization","@id":"https:\/\/canal7slp.tv\/2025\/#organization","name":"Noticieros Canal 7","url":"https:\/\/canal7slp.tv\/2025\/","logo":{"@type":"ImageObject","inLanguage":"es","@id":"https:\/\/canal7slp.tv\/2025\/#\/schema\/logo\/image\/","url":"https:\/\/canal7slp.tv\/2025\/wp-content\/uploads\/2021\/01\/logo-noticieros@2x.png","contentUrl":"https:\/\/canal7slp.tv\/2025\/wp-content\/uploads\/2021\/01\/logo-noticieros@2x.png","width":1017,"height":268,"caption":"Noticieros Canal 7"},"image":{"@id":"https:\/\/canal7slp.tv\/2025\/#\/schema\/logo\/image\/"},"sameAs":["https:\/\/www.facebook.com\/noticieroscanal7atencionciudadana\/","https:\/\/x.com\/NOTICIEROS7","https:\/\/www.instagram.com\/canal7_slp","https:\/\/www.youtube.com\/channel\/UCliiYs-gP3JfJeqdPrNdd5A"]},{"@type":"Person","@id":"https:\/\/canal7slp.tv\/2025\/#\/schema\/person\/271e2b60a96e7cc9d9ac296f4d7e414b","name":"Edici\u00f3n Web","image":{"@type":"ImageObject","inLanguage":"es","@id":"https:\/\/secure.gravatar.com\/avatar\/eee448fc3f7164808013b816ba91ac7e43bbe82a70bebac296f8bc6f0addaa1a?s=96&d=mm&r=g","url":"https:\/\/secure.gravatar.com\/avatar\/eee448fc3f7164808013b816ba91ac7e43bbe82a70bebac296f8bc6f0addaa1a?s=96&d=mm&r=g","contentUrl":"https:\/\/secure.gravatar.com\/avatar\/eee448fc3f7164808013b816ba91ac7e43bbe82a70bebac296f8bc6f0addaa1a?s=96&d=mm&r=g","caption":"Edici\u00f3n Web"},"url":"https:\/\/canal7slp.tv\/2025\/author\/edicionweb\/"}]}},"_links":{"self":[{"href":"https:\/\/canal7slp.tv\/2025\/wp-json\/wp\/v2\/posts\/176985","targetHints":{"allow":["GET"]}}],"collection":[{"href":"https:\/\/canal7slp.tv\/2025\/wp-json\/wp\/v2\/posts"}],"about":[{"href":"https:\/\/canal7slp.tv\/2025\/wp-json\/wp\/v2\/types\/post"}],"author":[{"embeddable":true,"href":"https:\/\/canal7slp.tv\/2025\/wp-json\/wp\/v2\/users\/2"}],"replies":[{"embeddable":true,"href":"https:\/\/canal7slp.tv\/2025\/wp-json\/wp\/v2\/comments?post=176985"}],"version-history":[{"count":1,"href":"https:\/\/canal7slp.tv\/2025\/wp-json\/wp\/v2\/posts\/176985\/revisions"}],"predecessor-version":[{"id":176988,"href":"https:\/\/canal7slp.tv\/2025\/wp-json\/wp\/v2\/posts\/176985\/revisions\/176988"}],"wp:featuredmedia":[{"embeddable":true,"href":"https:\/\/canal7slp.tv\/2025\/wp-json\/wp\/v2\/media\/176987"}],"wp:attachment":[{"href":"https:\/\/canal7slp.tv\/2025\/wp-json\/wp\/v2\/media?parent=176985"}],"wp:term":[{"taxonomy":"category","embeddable":true,"href":"https:\/\/canal7slp.tv\/2025\/wp-json\/wp\/v2\/categories?post=176985"},{"taxonomy":"post_tag","embeddable":true,"href":"https:\/\/canal7slp.tv\/2025\/wp-json\/wp\/v2\/tags?post=176985"}],"curies":[{"name":"wp","href":"https:\/\/api.w.org\/{rel}","templated":true}]}}