{"id":176977,"date":"2025-08-19T17:25:28","date_gmt":"2025-08-19T23:25:28","guid":{"rendered":"https:\/\/canal7slp.tv\/2025\/?p=176977"},"modified":"2025-08-19T17:25:28","modified_gmt":"2025-08-19T23:25:28","slug":"avanza-el-pri-estatal-en-la-conformacion-de-sus-comites-municipales","status":"publish","type":"post","link":"https:\/\/canal7slp.tv\/2025\/avanza-el-pri-estatal-en-la-conformacion-de-sus-comites-municipales\/","title":{"rendered":"Avanza el PRI estatal en la conformaci\u00f3n de sus comit\u00e9s municipales"},"content":{"rendered":"<p style=\"text-align: justify;\"><span style=\"font-size: 1.21429rem;\">SLP:- Al afirmar que su partido va por arriba de otros que apenas est\u00e1n empezando en este proceso la presidenta del Comit\u00e9 Directivo Estatal del PRI, asegur\u00f3 que van avanzando en la conformaci\u00f3n de sus estructuras municipales.<\/span><\/p>\n<p style=\"text-align: justify;\">Inform\u00f3 que en la pasada semana se emitieron dict\u00e1menes favorables para los postulantes y que tambi\u00e9n, habr\u00e1 una segunda convocatoria para continuar con este proceso interno.<\/p>\n<p style=\"text-align: justify;\">La dirigente pr\u00edista inform\u00f3 que la Comisi\u00f3n Estatal de Procesos Internos del PRI pr\u00f3ximamente entregar\u00e1 las constancias de mayor\u00eda en 45 comit\u00e9s municipales.<\/p>\n<p style=\"text-align: justify;\">Se\u00f1al\u00f3 que el objetivo es concluir con los restantes 14 comit\u00e9s para el fortalecimiento de su estructura pol\u00edtico-electoral.<\/p>\n<p style=\"text-align: justify;\">Por: Claudio Ibarra<\/p>\n","protected":false},"excerpt":{"rendered":"<p>SLP:- Al afirmar que su partido va por arriba de otros que apenas est\u00e1n empezando en este proceso la presidenta del Comit\u00e9 Directivo Estatal del PRI, asegur\u00f3 que van avanzando en la conformaci\u00f3n de sus estructuras municipales. Inform\u00f3 que en la pasada semana se emitieron dict\u00e1menes favorables para los postulantes y que tambi\u00e9n, habr\u00e1 una segunda convocatoria para continuar con este proceso interno. La dirigente pr\u00edista inform\u00f3 que la Comisi\u00f3n Estatal de Procesos Internos del PRI pr\u00f3ximamente entregar\u00e1 las constancias de mayor\u00eda en 45 comit\u00e9s municipales. Se\u00f1al\u00f3 que el objetivo es concluir con los restantes 14 comit\u00e9s para el fortalecimiento [&hellip;]<\/p>\n","protected":false},"author":2,"featured_media":176979,"comment_status":"closed","ping_status":"closed","sticky":false,"template":"","format":"video","meta":{"_monsterinsights_skip_tracking":false,"_monsterinsights_sitenote_active":false,"_monsterinsights_sitenote_note":"","_monsterinsights_sitenote_category":0,"footnotes":""},"categories":[5,45],"tags":[],"class_list":["post-176977","post","type-post","status-publish","format-video","has-post-thumbnail","hentry","category-destacadas","category-localesyregionales","post_format-post-format-video","post--single"],"yoast_head":"<!-- This site is optimized with the Yoast SEO plugin v27.4 - https:\/\/yoast.com\/product\/yoast-seo-wordpress\/ -->\n<title>Avanza el PRI estatal en la conformaci\u00f3n de sus comit\u00e9s municipales - Canal 7 SLP - 2025<\/title>\n<meta name=\"robots\" content=\"index, follow, max-snippet:-1, max-image-preview:large, max-video-preview:-1\" \/>\n<link rel=\"canonical\" href=\"https:\/\/canal7slp.tv\/2025\/avanza-el-pri-estatal-en-la-conformacion-de-sus-comites-municipales\/\" \/>\n<meta property=\"og:locale\" content=\"es_ES\" \/>\n<meta property=\"og:type\" content=\"article\" \/>\n<meta property=\"og:title\" content=\"Avanza el PRI estatal en la conformaci\u00f3n de sus comit\u00e9s municipales - Canal 7 SLP - 2025\" \/>\n<meta property=\"og:description\" content=\"SLP:- Al afirmar que su partido va por arriba de otros que apenas est\u00e1n empezando en este proceso la presidenta del Comit\u00e9 Directivo Estatal del PRI, asegur\u00f3 que van avanzando en la conformaci\u00f3n de sus estructuras municipales. Inform\u00f3 que en la pasada semana se emitieron dict\u00e1menes favorables para los postulantes y que tambi\u00e9n, habr\u00e1 una segunda convocatoria para continuar con este proceso interno. La dirigente pr\u00edista inform\u00f3 que la Comisi\u00f3n Estatal de Procesos Internos del PRI pr\u00f3ximamente entregar\u00e1 las constancias de mayor\u00eda en 45 comit\u00e9s municipales. Se\u00f1al\u00f3 que el objetivo es concluir con los restantes 14 comit\u00e9s para el fortalecimiento [&hellip;]\" \/>\n<meta property=\"og:url\" content=\"https:\/\/canal7slp.tv\/2025\/avanza-el-pri-estatal-en-la-conformacion-de-sus-comites-municipales\/\" \/>\n<meta property=\"og:site_name\" content=\"Canal 7 SLP - 2025\" \/>\n<meta property=\"article:publisher\" content=\"https:\/\/www.facebook.com\/noticieroscanal7atencionciudadana\/\" \/>\n<meta property=\"article:published_time\" content=\"2025-08-19T23:25:28+00:00\" \/>\n<meta property=\"og:image\" content=\"https:\/\/canal7slp.tv\/2025\/wp-content\/uploads\/2025\/08\/Claudio02Municipales.jpg\" \/>\n\t<meta property=\"og:image:width\" content=\"1280\" \/>\n\t<meta property=\"og:image:height\" content=\"720\" \/>\n\t<meta property=\"og:image:type\" content=\"image\/jpeg\" \/>\n<meta name=\"author\" content=\"Edici\u00f3n Web\" \/>\n<meta name=\"twitter:card\" content=\"summary_large_image\" \/>\n<meta name=\"twitter:creator\" content=\"@NOTICIEROS7\" \/>\n<meta name=\"twitter:site\" content=\"@NOTICIEROS7\" \/>\n<meta name=\"twitter:label1\" content=\"Escrito por\" \/>\n\t<meta name=\"twitter:data1\" content=\"Edici\u00f3n Web\" \/>\n\t<meta name=\"twitter:label2\" content=\"Tiempo de lectura\" \/>\n\t<meta name=\"twitter:data2\" content=\"1 minuto\" \/>\n<script type=\"application\/ld+json\" class=\"yoast-schema-graph\">{\"@context\":\"https:\\\/\\\/schema.org\",\"@graph\":[{\"@type\":\"Article\",\"@id\":\"https:\\\/\\\/canal7slp.tv\\\/2025\\\/avanza-el-pri-estatal-en-la-conformacion-de-sus-comites-municipales\\\/#article\",\"isPartOf\":{\"@id\":\"https:\\\/\\\/canal7slp.tv\\\/2025\\\/avanza-el-pri-estatal-en-la-conformacion-de-sus-comites-municipales\\\/\"},\"author\":{\"name\":\"Edici\u00f3n Web\",\"@id\":\"https:\\\/\\\/canal7slp.tv\\\/2025\\\/#\\\/schema\\\/person\\\/271e2b60a96e7cc9d9ac296f4d7e414b\"},\"headline\":\"Avanza el PRI estatal en la conformaci\u00f3n de sus comit\u00e9s municipales\",\"datePublished\":\"2025-08-19T23:25:28+00:00\",\"mainEntityOfPage\":{\"@id\":\"https:\\\/\\\/canal7slp.tv\\\/2025\\\/avanza-el-pri-estatal-en-la-conformacion-de-sus-comites-municipales\\\/\"},\"wordCount\":131,\"publisher\":{\"@id\":\"https:\\\/\\\/canal7slp.tv\\\/2025\\\/#organization\"},\"image\":{\"@id\":\"https:\\\/\\\/canal7slp.tv\\\/2025\\\/avanza-el-pri-estatal-en-la-conformacion-de-sus-comites-municipales\\\/#primaryimage\"},\"thumbnailUrl\":\"https:\\\/\\\/canal7slp.tv\\\/2025\\\/wp-content\\\/uploads\\\/2025\\\/08\\\/Claudio02Municipales.jpg\",\"articleSection\":[\"DESTACADAS\",\"LOCALES Y REGIONALES\"],\"inLanguage\":\"es\"},{\"@type\":\"WebPage\",\"@id\":\"https:\\\/\\\/canal7slp.tv\\\/2025\\\/avanza-el-pri-estatal-en-la-conformacion-de-sus-comites-municipales\\\/\",\"url\":\"https:\\\/\\\/canal7slp.tv\\\/2025\\\/avanza-el-pri-estatal-en-la-conformacion-de-sus-comites-municipales\\\/\",\"name\":\"Avanza el PRI estatal en la conformaci\u00f3n de sus comit\u00e9s municipales - Canal 7 SLP - 2025\",\"isPartOf\":{\"@id\":\"https:\\\/\\\/canal7slp.tv\\\/2025\\\/#website\"},\"primaryImageOfPage\":{\"@id\":\"https:\\\/\\\/canal7slp.tv\\\/2025\\\/avanza-el-pri-estatal-en-la-conformacion-de-sus-comites-municipales\\\/#primaryimage\"},\"image\":{\"@id\":\"https:\\\/\\\/canal7slp.tv\\\/2025\\\/avanza-el-pri-estatal-en-la-conformacion-de-sus-comites-municipales\\\/#primaryimage\"},\"thumbnailUrl\":\"https:\\\/\\\/canal7slp.tv\\\/2025\\\/wp-content\\\/uploads\\\/2025\\\/08\\\/Claudio02Municipales.jpg\",\"datePublished\":\"2025-08-19T23:25:28+00:00\",\"breadcrumb\":{\"@id\":\"https:\\\/\\\/canal7slp.tv\\\/2025\\\/avanza-el-pri-estatal-en-la-conformacion-de-sus-comites-municipales\\\/#breadcrumb\"},\"inLanguage\":\"es\",\"potentialAction\":[{\"@type\":\"ReadAction\",\"target\":[\"https:\\\/\\\/canal7slp.tv\\\/2025\\\/avanza-el-pri-estatal-en-la-conformacion-de-sus-comites-municipales\\\/\"]}]},{\"@type\":\"ImageObject\",\"inLanguage\":\"es\",\"@id\":\"https:\\\/\\\/canal7slp.tv\\\/2025\\\/avanza-el-pri-estatal-en-la-conformacion-de-sus-comites-municipales\\\/#primaryimage\",\"url\":\"https:\\\/\\\/canal7slp.tv\\\/2025\\\/wp-content\\\/uploads\\\/2025\\\/08\\\/Claudio02Municipales.jpg\",\"contentUrl\":\"https:\\\/\\\/canal7slp.tv\\\/2025\\\/wp-content\\\/uploads\\\/2025\\\/08\\\/Claudio02Municipales.jpg\",\"width\":1280,\"height\":720},{\"@type\":\"BreadcrumbList\",\"@id\":\"https:\\\/\\\/canal7slp.tv\\\/2025\\\/avanza-el-pri-estatal-en-la-conformacion-de-sus-comites-municipales\\\/#breadcrumb\",\"itemListElement\":[{\"@type\":\"ListItem\",\"position\":1,\"name\":\"Portada\",\"item\":\"https:\\\/\\\/canal7slp.tv\\\/2025\\\/\"},{\"@type\":\"ListItem\",\"position\":2,\"name\":\"Avanza el PRI estatal en la conformaci\u00f3n de sus comit\u00e9s municipales\"}]},{\"@type\":\"WebSite\",\"@id\":\"https:\\\/\\\/canal7slp.tv\\\/2025\\\/#website\",\"url\":\"https:\\\/\\\/canal7slp.tv\\\/2025\\\/\",\"name\":\"N7 - Noticieros Canal 7\",\"description\":\"Somos el Medio\",\"publisher\":{\"@id\":\"https:\\\/\\\/canal7slp.tv\\\/2025\\\/#organization\"},\"potentialAction\":[{\"@type\":\"SearchAction\",\"target\":{\"@type\":\"EntryPoint\",\"urlTemplate\":\"https:\\\/\\\/canal7slp.tv\\\/2025\\\/?s={search_term_string}\"},\"query-input\":{\"@type\":\"PropertyValueSpecification\",\"valueRequired\":true,\"valueName\":\"search_term_string\"}}],\"inLanguage\":\"es\"},{\"@type\":\"Organization\",\"@id\":\"https:\\\/\\\/canal7slp.tv\\\/2025\\\/#organization\",\"name\":\"Noticieros Canal 7\",\"url\":\"https:\\\/\\\/canal7slp.tv\\\/2025\\\/\",\"logo\":{\"@type\":\"ImageObject\",\"inLanguage\":\"es\",\"@id\":\"https:\\\/\\\/canal7slp.tv\\\/2025\\\/#\\\/schema\\\/logo\\\/image\\\/\",\"url\":\"https:\\\/\\\/canal7slp.tv\\\/2025\\\/wp-content\\\/uploads\\\/2021\\\/01\\\/logo-noticieros@2x.png\",\"contentUrl\":\"https:\\\/\\\/canal7slp.tv\\\/2025\\\/wp-content\\\/uploads\\\/2021\\\/01\\\/logo-noticieros@2x.png\",\"width\":1017,\"height\":268,\"caption\":\"Noticieros Canal 7\"},\"image\":{\"@id\":\"https:\\\/\\\/canal7slp.tv\\\/2025\\\/#\\\/schema\\\/logo\\\/image\\\/\"},\"sameAs\":[\"https:\\\/\\\/www.facebook.com\\\/noticieroscanal7atencionciudadana\\\/\",\"https:\\\/\\\/x.com\\\/NOTICIEROS7\",\"https:\\\/\\\/www.instagram.com\\\/canal7_slp\",\"https:\\\/\\\/www.youtube.com\\\/channel\\\/UCliiYs-gP3JfJeqdPrNdd5A\"]},{\"@type\":\"Person\",\"@id\":\"https:\\\/\\\/canal7slp.tv\\\/2025\\\/#\\\/schema\\\/person\\\/271e2b60a96e7cc9d9ac296f4d7e414b\",\"name\":\"Edici\u00f3n Web\",\"image\":{\"@type\":\"ImageObject\",\"inLanguage\":\"es\",\"@id\":\"https:\\\/\\\/secure.gravatar.com\\\/avatar\\\/eee448fc3f7164808013b816ba91ac7e43bbe82a70bebac296f8bc6f0addaa1a?s=96&d=mm&r=g\",\"url\":\"https:\\\/\\\/secure.gravatar.com\\\/avatar\\\/eee448fc3f7164808013b816ba91ac7e43bbe82a70bebac296f8bc6f0addaa1a?s=96&d=mm&r=g\",\"contentUrl\":\"https:\\\/\\\/secure.gravatar.com\\\/avatar\\\/eee448fc3f7164808013b816ba91ac7e43bbe82a70bebac296f8bc6f0addaa1a?s=96&d=mm&r=g\",\"caption\":\"Edici\u00f3n Web\"},\"url\":\"https:\\\/\\\/canal7slp.tv\\\/2025\\\/author\\\/edicionweb\\\/\"}]}<\/script>\n<!-- \/ Yoast SEO plugin. -->","yoast_head_json":{"title":"Avanza el PRI estatal en la conformaci\u00f3n de sus comit\u00e9s municipales - Canal 7 SLP - 2025","robots":{"index":"index","follow":"follow","max-snippet":"max-snippet:-1","max-image-preview":"max-image-preview:large","max-video-preview":"max-video-preview:-1"},"canonical":"https:\/\/canal7slp.tv\/2025\/avanza-el-pri-estatal-en-la-conformacion-de-sus-comites-municipales\/","og_locale":"es_ES","og_type":"article","og_title":"Avanza el PRI estatal en la conformaci\u00f3n de sus comit\u00e9s municipales - Canal 7 SLP - 2025","og_description":"SLP:- Al afirmar que su partido va por arriba de otros que apenas est\u00e1n empezando en este proceso la presidenta del Comit\u00e9 Directivo Estatal del PRI, asegur\u00f3 que van avanzando en la conformaci\u00f3n de sus estructuras municipales. Inform\u00f3 que en la pasada semana se emitieron dict\u00e1menes favorables para los postulantes y que tambi\u00e9n, habr\u00e1 una segunda convocatoria para continuar con este proceso interno. La dirigente pr\u00edista inform\u00f3 que la Comisi\u00f3n Estatal de Procesos Internos del PRI pr\u00f3ximamente entregar\u00e1 las constancias de mayor\u00eda en 45 comit\u00e9s municipales. Se\u00f1al\u00f3 que el objetivo es concluir con los restantes 14 comit\u00e9s para el fortalecimiento [&hellip;]","og_url":"https:\/\/canal7slp.tv\/2025\/avanza-el-pri-estatal-en-la-conformacion-de-sus-comites-municipales\/","og_site_name":"Canal 7 SLP - 2025","article_publisher":"https:\/\/www.facebook.com\/noticieroscanal7atencionciudadana\/","article_published_time":"2025-08-19T23:25:28+00:00","og_image":[{"width":1280,"height":720,"url":"https:\/\/canal7slp.tv\/2025\/wp-content\/uploads\/2025\/08\/Claudio02Municipales.jpg","type":"image\/jpeg"}],"author":"Edici\u00f3n Web","twitter_card":"summary_large_image","twitter_creator":"@NOTICIEROS7","twitter_site":"@NOTICIEROS7","twitter_misc":{"Escrito por":"Edici\u00f3n Web","Tiempo de lectura":"1 minuto"},"schema":{"@context":"https:\/\/schema.org","@graph":[{"@type":"Article","@id":"https:\/\/canal7slp.tv\/2025\/avanza-el-pri-estatal-en-la-conformacion-de-sus-comites-municipales\/#article","isPartOf":{"@id":"https:\/\/canal7slp.tv\/2025\/avanza-el-pri-estatal-en-la-conformacion-de-sus-comites-municipales\/"},"author":{"name":"Edici\u00f3n Web","@id":"https:\/\/canal7slp.tv\/2025\/#\/schema\/person\/271e2b60a96e7cc9d9ac296f4d7e414b"},"headline":"Avanza el PRI estatal en la conformaci\u00f3n de sus comit\u00e9s municipales","datePublished":"2025-08-19T23:25:28+00:00","mainEntityOfPage":{"@id":"https:\/\/canal7slp.tv\/2025\/avanza-el-pri-estatal-en-la-conformacion-de-sus-comites-municipales\/"},"wordCount":131,"publisher":{"@id":"https:\/\/canal7slp.tv\/2025\/#organization"},"image":{"@id":"https:\/\/canal7slp.tv\/2025\/avanza-el-pri-estatal-en-la-conformacion-de-sus-comites-municipales\/#primaryimage"},"thumbnailUrl":"https:\/\/canal7slp.tv\/2025\/wp-content\/uploads\/2025\/08\/Claudio02Municipales.jpg","articleSection":["DESTACADAS","LOCALES Y REGIONALES"],"inLanguage":"es"},{"@type":"WebPage","@id":"https:\/\/canal7slp.tv\/2025\/avanza-el-pri-estatal-en-la-conformacion-de-sus-comites-municipales\/","url":"https:\/\/canal7slp.tv\/2025\/avanza-el-pri-estatal-en-la-conformacion-de-sus-comites-municipales\/","name":"Avanza el PRI estatal en la conformaci\u00f3n de sus comit\u00e9s municipales - Canal 7 SLP - 2025","isPartOf":{"@id":"https:\/\/canal7slp.tv\/2025\/#website"},"primaryImageOfPage":{"@id":"https:\/\/canal7slp.tv\/2025\/avanza-el-pri-estatal-en-la-conformacion-de-sus-comites-municipales\/#primaryimage"},"image":{"@id":"https:\/\/canal7slp.tv\/2025\/avanza-el-pri-estatal-en-la-conformacion-de-sus-comites-municipales\/#primaryimage"},"thumbnailUrl":"https:\/\/canal7slp.tv\/2025\/wp-content\/uploads\/2025\/08\/Claudio02Municipales.jpg","datePublished":"2025-08-19T23:25:28+00:00","breadcrumb":{"@id":"https:\/\/canal7slp.tv\/2025\/avanza-el-pri-estatal-en-la-conformacion-de-sus-comites-municipales\/#breadcrumb"},"inLanguage":"es","potentialAction":[{"@type":"ReadAction","target":["https:\/\/canal7slp.tv\/2025\/avanza-el-pri-estatal-en-la-conformacion-de-sus-comites-municipales\/"]}]},{"@type":"ImageObject","inLanguage":"es","@id":"https:\/\/canal7slp.tv\/2025\/avanza-el-pri-estatal-en-la-conformacion-de-sus-comites-municipales\/#primaryimage","url":"https:\/\/canal7slp.tv\/2025\/wp-content\/uploads\/2025\/08\/Claudio02Municipales.jpg","contentUrl":"https:\/\/canal7slp.tv\/2025\/wp-content\/uploads\/2025\/08\/Claudio02Municipales.jpg","width":1280,"height":720},{"@type":"BreadcrumbList","@id":"https:\/\/canal7slp.tv\/2025\/avanza-el-pri-estatal-en-la-conformacion-de-sus-comites-municipales\/#breadcrumb","itemListElement":[{"@type":"ListItem","position":1,"name":"Portada","item":"https:\/\/canal7slp.tv\/2025\/"},{"@type":"ListItem","position":2,"name":"Avanza el PRI estatal en la conformaci\u00f3n de sus comit\u00e9s municipales"}]},{"@type":"WebSite","@id":"https:\/\/canal7slp.tv\/2025\/#website","url":"https:\/\/canal7slp.tv\/2025\/","name":"N7 - Noticieros Canal 7","description":"Somos el Medio","publisher":{"@id":"https:\/\/canal7slp.tv\/2025\/#organization"},"potentialAction":[{"@type":"SearchAction","target":{"@type":"EntryPoint","urlTemplate":"https:\/\/canal7slp.tv\/2025\/?s={search_term_string}"},"query-input":{"@type":"PropertyValueSpecification","valueRequired":true,"valueName":"search_term_string"}}],"inLanguage":"es"},{"@type":"Organization","@id":"https:\/\/canal7slp.tv\/2025\/#organization","name":"Noticieros Canal 7","url":"https:\/\/canal7slp.tv\/2025\/","logo":{"@type":"ImageObject","inLanguage":"es","@id":"https:\/\/canal7slp.tv\/2025\/#\/schema\/logo\/image\/","url":"https:\/\/canal7slp.tv\/2025\/wp-content\/uploads\/2021\/01\/logo-noticieros@2x.png","contentUrl":"https:\/\/canal7slp.tv\/2025\/wp-content\/uploads\/2021\/01\/logo-noticieros@2x.png","width":1017,"height":268,"caption":"Noticieros Canal 7"},"image":{"@id":"https:\/\/canal7slp.tv\/2025\/#\/schema\/logo\/image\/"},"sameAs":["https:\/\/www.facebook.com\/noticieroscanal7atencionciudadana\/","https:\/\/x.com\/NOTICIEROS7","https:\/\/www.instagram.com\/canal7_slp","https:\/\/www.youtube.com\/channel\/UCliiYs-gP3JfJeqdPrNdd5A"]},{"@type":"Person","@id":"https:\/\/canal7slp.tv\/2025\/#\/schema\/person\/271e2b60a96e7cc9d9ac296f4d7e414b","name":"Edici\u00f3n Web","image":{"@type":"ImageObject","inLanguage":"es","@id":"https:\/\/secure.gravatar.com\/avatar\/eee448fc3f7164808013b816ba91ac7e43bbe82a70bebac296f8bc6f0addaa1a?s=96&d=mm&r=g","url":"https:\/\/secure.gravatar.com\/avatar\/eee448fc3f7164808013b816ba91ac7e43bbe82a70bebac296f8bc6f0addaa1a?s=96&d=mm&r=g","contentUrl":"https:\/\/secure.gravatar.com\/avatar\/eee448fc3f7164808013b816ba91ac7e43bbe82a70bebac296f8bc6f0addaa1a?s=96&d=mm&r=g","caption":"Edici\u00f3n Web"},"url":"https:\/\/canal7slp.tv\/2025\/author\/edicionweb\/"}]}},"_links":{"self":[{"href":"https:\/\/canal7slp.tv\/2025\/wp-json\/wp\/v2\/posts\/176977","targetHints":{"allow":["GET"]}}],"collection":[{"href":"https:\/\/canal7slp.tv\/2025\/wp-json\/wp\/v2\/posts"}],"about":[{"href":"https:\/\/canal7slp.tv\/2025\/wp-json\/wp\/v2\/types\/post"}],"author":[{"embeddable":true,"href":"https:\/\/canal7slp.tv\/2025\/wp-json\/wp\/v2\/users\/2"}],"replies":[{"embeddable":true,"href":"https:\/\/canal7slp.tv\/2025\/wp-json\/wp\/v2\/comments?post=176977"}],"version-history":[{"count":1,"href":"https:\/\/canal7slp.tv\/2025\/wp-json\/wp\/v2\/posts\/176977\/revisions"}],"predecessor-version":[{"id":176980,"href":"https:\/\/canal7slp.tv\/2025\/wp-json\/wp\/v2\/posts\/176977\/revisions\/176980"}],"wp:featuredmedia":[{"embeddable":true,"href":"https:\/\/canal7slp.tv\/2025\/wp-json\/wp\/v2\/media\/176979"}],"wp:attachment":[{"href":"https:\/\/canal7slp.tv\/2025\/wp-json\/wp\/v2\/media?parent=176977"}],"wp:term":[{"taxonomy":"category","embeddable":true,"href":"https:\/\/canal7slp.tv\/2025\/wp-json\/wp\/v2\/categories?post=176977"},{"taxonomy":"post_tag","embeddable":true,"href":"https:\/\/canal7slp.tv\/2025\/wp-json\/wp\/v2\/tags?post=176977"}],"curies":[{"name":"wp","href":"https:\/\/api.w.org\/{rel}","templated":true}]}}