{"id":176973,"date":"2025-08-19T17:09:01","date_gmt":"2025-08-19T23:09:01","guid":{"rendered":"https:\/\/canal7slp.tv\/2025\/?p=176973"},"modified":"2025-08-19T17:09:01","modified_gmt":"2025-08-19T23:09:01","slug":"sigue-maltrato-animal-al-interior-de-la-fenapo-afirma-la-asociacion-huella-amiga","status":"publish","type":"post","link":"https:\/\/canal7slp.tv\/2025\/sigue-maltrato-animal-al-interior-de-la-fenapo-afirma-la-asociacion-huella-amiga\/","title":{"rendered":"Sigue maltrato animal al interior de la FENAPO, afirma la asociaci\u00f3n \u201cHuella Amiga\u201d"},"content":{"rendered":"<p style=\"text-align: justify;\">SLP.- Ante la protesta por maltrato animal al interior de la Feria Nacional Potosina la presidenta de la asociaci\u00f3n proanimalista \u201cHuella Amiga\u201d Karla Garc\u00eda, afirm\u00f3 que la propuesta del patronato de la FENAPO de decir que \u00e9stos lugares seguir\u00e1n operando bajo la supervisi\u00f3n de un m\u00e9dico veterinario, carece de todo sentido al se\u00f1alar que con supervisi\u00f3n \u00f3 sin ella el maltrato se seguir\u00e1 dando.<\/p>\n<p style=\"text-align: justify;\">En este contexto, afirm\u00f3 que el patronato peca de ignorancia al decir tambi\u00e9n que en la reuni\u00f3n que sostuvieron con sus integrantes, hicieron evidente su desconocimiento sobre la ley en contra del maltrato animal.<\/p>\n<p style=\"text-align: justify;\">Dijo adem\u00e1s que incluso, pese a la denuncia que hicieron aument\u00f3 el n\u00famero de carruseles en donde tienen amarrados a los caballos ponys.<\/p>\n<p style=\"text-align: justify;\">Asimismo, la presidenta de la asociaci\u00f3n \u201cHuella Amiga\u201d afirm\u00f3 que a pesar de las cuatro reuniones que han sostenido con el patronato de la FENAPO y la carta enviada al gobernador del estado, la situaci\u00f3n de maltrato animal se sigue dando en las instalaciones de la feria.<\/p>\n<p style=\"text-align: justify;\">Por: Claudio Ibarra<\/p>\n","protected":false},"excerpt":{"rendered":"<p>SLP.- Ante la protesta por maltrato animal al interior de la Feria Nacional Potosina la presidenta de la asociaci\u00f3n proanimalista \u201cHuella Amiga\u201d Karla Garc\u00eda, afirm\u00f3 que la propuesta del patronato de la FENAPO de decir que \u00e9stos lugares seguir\u00e1n operando bajo la supervisi\u00f3n de un m\u00e9dico veterinario, carece de todo sentido al se\u00f1alar que con supervisi\u00f3n \u00f3 sin ella el maltrato se seguir\u00e1 dando. En este contexto, afirm\u00f3 que el patronato peca de ignorancia al decir tambi\u00e9n que en la reuni\u00f3n que sostuvieron con sus integrantes, hicieron evidente su desconocimiento sobre la ley en contra del maltrato animal. Dijo adem\u00e1s [&hellip;]<\/p>\n","protected":false},"author":2,"featured_media":176975,"comment_status":"closed","ping_status":"closed","sticky":false,"template":"","format":"video","meta":{"_monsterinsights_skip_tracking":false,"_monsterinsights_sitenote_active":false,"_monsterinsights_sitenote_note":"","_monsterinsights_sitenote_category":0,"footnotes":""},"categories":[5,45],"tags":[],"class_list":["post-176973","post","type-post","status-publish","format-video","has-post-thumbnail","hentry","category-destacadas","category-localesyregionales","post_format-post-format-video","post--single"],"yoast_head":"<!-- This site is optimized with the Yoast SEO plugin v27.4 - https:\/\/yoast.com\/product\/yoast-seo-wordpress\/ -->\n<title>Sigue maltrato animal al interior de la FENAPO, afirma la asociaci\u00f3n \u201cHuella Amiga\u201d - Canal 7 SLP - 2025<\/title>\n<meta name=\"robots\" content=\"index, follow, max-snippet:-1, max-image-preview:large, max-video-preview:-1\" \/>\n<link rel=\"canonical\" href=\"https:\/\/canal7slp.tv\/2025\/sigue-maltrato-animal-al-interior-de-la-fenapo-afirma-la-asociacion-huella-amiga\/\" \/>\n<meta property=\"og:locale\" content=\"es_ES\" \/>\n<meta property=\"og:type\" content=\"article\" \/>\n<meta property=\"og:title\" content=\"Sigue maltrato animal al interior de la FENAPO, afirma la asociaci\u00f3n \u201cHuella Amiga\u201d - Canal 7 SLP - 2025\" \/>\n<meta property=\"og:description\" content=\"SLP.- Ante la protesta por maltrato animal al interior de la Feria Nacional Potosina la presidenta de la asociaci\u00f3n proanimalista \u201cHuella Amiga\u201d Karla Garc\u00eda, afirm\u00f3 que la propuesta del patronato de la FENAPO de decir que \u00e9stos lugares seguir\u00e1n operando bajo la supervisi\u00f3n de un m\u00e9dico veterinario, carece de todo sentido al se\u00f1alar que con supervisi\u00f3n \u00f3 sin ella el maltrato se seguir\u00e1 dando. En este contexto, afirm\u00f3 que el patronato peca de ignorancia al decir tambi\u00e9n que en la reuni\u00f3n que sostuvieron con sus integrantes, hicieron evidente su desconocimiento sobre la ley en contra del maltrato animal. Dijo adem\u00e1s [&hellip;]\" \/>\n<meta property=\"og:url\" content=\"https:\/\/canal7slp.tv\/2025\/sigue-maltrato-animal-al-interior-de-la-fenapo-afirma-la-asociacion-huella-amiga\/\" \/>\n<meta property=\"og:site_name\" content=\"Canal 7 SLP - 2025\" \/>\n<meta property=\"article:publisher\" content=\"https:\/\/www.facebook.com\/noticieroscanal7atencionciudadana\/\" \/>\n<meta property=\"article:published_time\" content=\"2025-08-19T23:09:01+00:00\" \/>\n<meta property=\"og:image\" content=\"https:\/\/canal7slp.tv\/2025\/wp-content\/uploads\/2025\/08\/Claudio01Ignorantes.jpg\" \/>\n\t<meta property=\"og:image:width\" content=\"1280\" \/>\n\t<meta property=\"og:image:height\" content=\"720\" \/>\n\t<meta property=\"og:image:type\" content=\"image\/jpeg\" \/>\n<meta name=\"author\" content=\"Edici\u00f3n Web\" \/>\n<meta name=\"twitter:card\" content=\"summary_large_image\" \/>\n<meta name=\"twitter:creator\" content=\"@NOTICIEROS7\" \/>\n<meta name=\"twitter:site\" content=\"@NOTICIEROS7\" \/>\n<meta name=\"twitter:label1\" content=\"Escrito por\" \/>\n\t<meta name=\"twitter:data1\" content=\"Edici\u00f3n Web\" \/>\n\t<meta name=\"twitter:label2\" content=\"Tiempo de lectura\" \/>\n\t<meta name=\"twitter:data2\" content=\"1 minuto\" \/>\n<script type=\"application\/ld+json\" class=\"yoast-schema-graph\">{\"@context\":\"https:\\\/\\\/schema.org\",\"@graph\":[{\"@type\":\"Article\",\"@id\":\"https:\\\/\\\/canal7slp.tv\\\/2025\\\/sigue-maltrato-animal-al-interior-de-la-fenapo-afirma-la-asociacion-huella-amiga\\\/#article\",\"isPartOf\":{\"@id\":\"https:\\\/\\\/canal7slp.tv\\\/2025\\\/sigue-maltrato-animal-al-interior-de-la-fenapo-afirma-la-asociacion-huella-amiga\\\/\"},\"author\":{\"name\":\"Edici\u00f3n Web\",\"@id\":\"https:\\\/\\\/canal7slp.tv\\\/2025\\\/#\\\/schema\\\/person\\\/271e2b60a96e7cc9d9ac296f4d7e414b\"},\"headline\":\"Sigue maltrato animal al interior de la FENAPO, afirma la asociaci\u00f3n \u201cHuella Amiga\u201d\",\"datePublished\":\"2025-08-19T23:09:01+00:00\",\"mainEntityOfPage\":{\"@id\":\"https:\\\/\\\/canal7slp.tv\\\/2025\\\/sigue-maltrato-animal-al-interior-de-la-fenapo-afirma-la-asociacion-huella-amiga\\\/\"},\"wordCount\":198,\"publisher\":{\"@id\":\"https:\\\/\\\/canal7slp.tv\\\/2025\\\/#organization\"},\"image\":{\"@id\":\"https:\\\/\\\/canal7slp.tv\\\/2025\\\/sigue-maltrato-animal-al-interior-de-la-fenapo-afirma-la-asociacion-huella-amiga\\\/#primaryimage\"},\"thumbnailUrl\":\"https:\\\/\\\/canal7slp.tv\\\/2025\\\/wp-content\\\/uploads\\\/2025\\\/08\\\/Claudio01Ignorantes.jpg\",\"articleSection\":[\"DESTACADAS\",\"LOCALES Y REGIONALES\"],\"inLanguage\":\"es\"},{\"@type\":\"WebPage\",\"@id\":\"https:\\\/\\\/canal7slp.tv\\\/2025\\\/sigue-maltrato-animal-al-interior-de-la-fenapo-afirma-la-asociacion-huella-amiga\\\/\",\"url\":\"https:\\\/\\\/canal7slp.tv\\\/2025\\\/sigue-maltrato-animal-al-interior-de-la-fenapo-afirma-la-asociacion-huella-amiga\\\/\",\"name\":\"Sigue maltrato animal al interior de la FENAPO, afirma la asociaci\u00f3n \u201cHuella Amiga\u201d - Canal 7 SLP - 2025\",\"isPartOf\":{\"@id\":\"https:\\\/\\\/canal7slp.tv\\\/2025\\\/#website\"},\"primaryImageOfPage\":{\"@id\":\"https:\\\/\\\/canal7slp.tv\\\/2025\\\/sigue-maltrato-animal-al-interior-de-la-fenapo-afirma-la-asociacion-huella-amiga\\\/#primaryimage\"},\"image\":{\"@id\":\"https:\\\/\\\/canal7slp.tv\\\/2025\\\/sigue-maltrato-animal-al-interior-de-la-fenapo-afirma-la-asociacion-huella-amiga\\\/#primaryimage\"},\"thumbnailUrl\":\"https:\\\/\\\/canal7slp.tv\\\/2025\\\/wp-content\\\/uploads\\\/2025\\\/08\\\/Claudio01Ignorantes.jpg\",\"datePublished\":\"2025-08-19T23:09:01+00:00\",\"breadcrumb\":{\"@id\":\"https:\\\/\\\/canal7slp.tv\\\/2025\\\/sigue-maltrato-animal-al-interior-de-la-fenapo-afirma-la-asociacion-huella-amiga\\\/#breadcrumb\"},\"inLanguage\":\"es\",\"potentialAction\":[{\"@type\":\"ReadAction\",\"target\":[\"https:\\\/\\\/canal7slp.tv\\\/2025\\\/sigue-maltrato-animal-al-interior-de-la-fenapo-afirma-la-asociacion-huella-amiga\\\/\"]}]},{\"@type\":\"ImageObject\",\"inLanguage\":\"es\",\"@id\":\"https:\\\/\\\/canal7slp.tv\\\/2025\\\/sigue-maltrato-animal-al-interior-de-la-fenapo-afirma-la-asociacion-huella-amiga\\\/#primaryimage\",\"url\":\"https:\\\/\\\/canal7slp.tv\\\/2025\\\/wp-content\\\/uploads\\\/2025\\\/08\\\/Claudio01Ignorantes.jpg\",\"contentUrl\":\"https:\\\/\\\/canal7slp.tv\\\/2025\\\/wp-content\\\/uploads\\\/2025\\\/08\\\/Claudio01Ignorantes.jpg\",\"width\":1280,\"height\":720},{\"@type\":\"BreadcrumbList\",\"@id\":\"https:\\\/\\\/canal7slp.tv\\\/2025\\\/sigue-maltrato-animal-al-interior-de-la-fenapo-afirma-la-asociacion-huella-amiga\\\/#breadcrumb\",\"itemListElement\":[{\"@type\":\"ListItem\",\"position\":1,\"name\":\"Portada\",\"item\":\"https:\\\/\\\/canal7slp.tv\\\/2025\\\/\"},{\"@type\":\"ListItem\",\"position\":2,\"name\":\"Sigue maltrato animal al interior de la FENAPO, afirma la asociaci\u00f3n \u201cHuella Amiga\u201d\"}]},{\"@type\":\"WebSite\",\"@id\":\"https:\\\/\\\/canal7slp.tv\\\/2025\\\/#website\",\"url\":\"https:\\\/\\\/canal7slp.tv\\\/2025\\\/\",\"name\":\"N7 - Noticieros Canal 7\",\"description\":\"Somos el Medio\",\"publisher\":{\"@id\":\"https:\\\/\\\/canal7slp.tv\\\/2025\\\/#organization\"},\"potentialAction\":[{\"@type\":\"SearchAction\",\"target\":{\"@type\":\"EntryPoint\",\"urlTemplate\":\"https:\\\/\\\/canal7slp.tv\\\/2025\\\/?s={search_term_string}\"},\"query-input\":{\"@type\":\"PropertyValueSpecification\",\"valueRequired\":true,\"valueName\":\"search_term_string\"}}],\"inLanguage\":\"es\"},{\"@type\":\"Organization\",\"@id\":\"https:\\\/\\\/canal7slp.tv\\\/2025\\\/#organization\",\"name\":\"Noticieros Canal 7\",\"url\":\"https:\\\/\\\/canal7slp.tv\\\/2025\\\/\",\"logo\":{\"@type\":\"ImageObject\",\"inLanguage\":\"es\",\"@id\":\"https:\\\/\\\/canal7slp.tv\\\/2025\\\/#\\\/schema\\\/logo\\\/image\\\/\",\"url\":\"https:\\\/\\\/canal7slp.tv\\\/2025\\\/wp-content\\\/uploads\\\/2021\\\/01\\\/logo-noticieros@2x.png\",\"contentUrl\":\"https:\\\/\\\/canal7slp.tv\\\/2025\\\/wp-content\\\/uploads\\\/2021\\\/01\\\/logo-noticieros@2x.png\",\"width\":1017,\"height\":268,\"caption\":\"Noticieros Canal 7\"},\"image\":{\"@id\":\"https:\\\/\\\/canal7slp.tv\\\/2025\\\/#\\\/schema\\\/logo\\\/image\\\/\"},\"sameAs\":[\"https:\\\/\\\/www.facebook.com\\\/noticieroscanal7atencionciudadana\\\/\",\"https:\\\/\\\/x.com\\\/NOTICIEROS7\",\"https:\\\/\\\/www.instagram.com\\\/canal7_slp\",\"https:\\\/\\\/www.youtube.com\\\/channel\\\/UCliiYs-gP3JfJeqdPrNdd5A\"]},{\"@type\":\"Person\",\"@id\":\"https:\\\/\\\/canal7slp.tv\\\/2025\\\/#\\\/schema\\\/person\\\/271e2b60a96e7cc9d9ac296f4d7e414b\",\"name\":\"Edici\u00f3n Web\",\"image\":{\"@type\":\"ImageObject\",\"inLanguage\":\"es\",\"@id\":\"https:\\\/\\\/secure.gravatar.com\\\/avatar\\\/eee448fc3f7164808013b816ba91ac7e43bbe82a70bebac296f8bc6f0addaa1a?s=96&d=mm&r=g\",\"url\":\"https:\\\/\\\/secure.gravatar.com\\\/avatar\\\/eee448fc3f7164808013b816ba91ac7e43bbe82a70bebac296f8bc6f0addaa1a?s=96&d=mm&r=g\",\"contentUrl\":\"https:\\\/\\\/secure.gravatar.com\\\/avatar\\\/eee448fc3f7164808013b816ba91ac7e43bbe82a70bebac296f8bc6f0addaa1a?s=96&d=mm&r=g\",\"caption\":\"Edici\u00f3n Web\"},\"url\":\"https:\\\/\\\/canal7slp.tv\\\/2025\\\/author\\\/edicionweb\\\/\"}]}<\/script>\n<!-- \/ Yoast SEO plugin. -->","yoast_head_json":{"title":"Sigue maltrato animal al interior de la FENAPO, afirma la asociaci\u00f3n \u201cHuella Amiga\u201d - Canal 7 SLP - 2025","robots":{"index":"index","follow":"follow","max-snippet":"max-snippet:-1","max-image-preview":"max-image-preview:large","max-video-preview":"max-video-preview:-1"},"canonical":"https:\/\/canal7slp.tv\/2025\/sigue-maltrato-animal-al-interior-de-la-fenapo-afirma-la-asociacion-huella-amiga\/","og_locale":"es_ES","og_type":"article","og_title":"Sigue maltrato animal al interior de la FENAPO, afirma la asociaci\u00f3n \u201cHuella Amiga\u201d - Canal 7 SLP - 2025","og_description":"SLP.- Ante la protesta por maltrato animal al interior de la Feria Nacional Potosina la presidenta de la asociaci\u00f3n proanimalista \u201cHuella Amiga\u201d Karla Garc\u00eda, afirm\u00f3 que la propuesta del patronato de la FENAPO de decir que \u00e9stos lugares seguir\u00e1n operando bajo la supervisi\u00f3n de un m\u00e9dico veterinario, carece de todo sentido al se\u00f1alar que con supervisi\u00f3n \u00f3 sin ella el maltrato se seguir\u00e1 dando. En este contexto, afirm\u00f3 que el patronato peca de ignorancia al decir tambi\u00e9n que en la reuni\u00f3n que sostuvieron con sus integrantes, hicieron evidente su desconocimiento sobre la ley en contra del maltrato animal. Dijo adem\u00e1s [&hellip;]","og_url":"https:\/\/canal7slp.tv\/2025\/sigue-maltrato-animal-al-interior-de-la-fenapo-afirma-la-asociacion-huella-amiga\/","og_site_name":"Canal 7 SLP - 2025","article_publisher":"https:\/\/www.facebook.com\/noticieroscanal7atencionciudadana\/","article_published_time":"2025-08-19T23:09:01+00:00","og_image":[{"width":1280,"height":720,"url":"https:\/\/canal7slp.tv\/2025\/wp-content\/uploads\/2025\/08\/Claudio01Ignorantes.jpg","type":"image\/jpeg"}],"author":"Edici\u00f3n Web","twitter_card":"summary_large_image","twitter_creator":"@NOTICIEROS7","twitter_site":"@NOTICIEROS7","twitter_misc":{"Escrito por":"Edici\u00f3n Web","Tiempo de lectura":"1 minuto"},"schema":{"@context":"https:\/\/schema.org","@graph":[{"@type":"Article","@id":"https:\/\/canal7slp.tv\/2025\/sigue-maltrato-animal-al-interior-de-la-fenapo-afirma-la-asociacion-huella-amiga\/#article","isPartOf":{"@id":"https:\/\/canal7slp.tv\/2025\/sigue-maltrato-animal-al-interior-de-la-fenapo-afirma-la-asociacion-huella-amiga\/"},"author":{"name":"Edici\u00f3n Web","@id":"https:\/\/canal7slp.tv\/2025\/#\/schema\/person\/271e2b60a96e7cc9d9ac296f4d7e414b"},"headline":"Sigue maltrato animal al interior de la FENAPO, afirma la asociaci\u00f3n \u201cHuella Amiga\u201d","datePublished":"2025-08-19T23:09:01+00:00","mainEntityOfPage":{"@id":"https:\/\/canal7slp.tv\/2025\/sigue-maltrato-animal-al-interior-de-la-fenapo-afirma-la-asociacion-huella-amiga\/"},"wordCount":198,"publisher":{"@id":"https:\/\/canal7slp.tv\/2025\/#organization"},"image":{"@id":"https:\/\/canal7slp.tv\/2025\/sigue-maltrato-animal-al-interior-de-la-fenapo-afirma-la-asociacion-huella-amiga\/#primaryimage"},"thumbnailUrl":"https:\/\/canal7slp.tv\/2025\/wp-content\/uploads\/2025\/08\/Claudio01Ignorantes.jpg","articleSection":["DESTACADAS","LOCALES Y REGIONALES"],"inLanguage":"es"},{"@type":"WebPage","@id":"https:\/\/canal7slp.tv\/2025\/sigue-maltrato-animal-al-interior-de-la-fenapo-afirma-la-asociacion-huella-amiga\/","url":"https:\/\/canal7slp.tv\/2025\/sigue-maltrato-animal-al-interior-de-la-fenapo-afirma-la-asociacion-huella-amiga\/","name":"Sigue maltrato animal al interior de la FENAPO, afirma la asociaci\u00f3n \u201cHuella Amiga\u201d - Canal 7 SLP - 2025","isPartOf":{"@id":"https:\/\/canal7slp.tv\/2025\/#website"},"primaryImageOfPage":{"@id":"https:\/\/canal7slp.tv\/2025\/sigue-maltrato-animal-al-interior-de-la-fenapo-afirma-la-asociacion-huella-amiga\/#primaryimage"},"image":{"@id":"https:\/\/canal7slp.tv\/2025\/sigue-maltrato-animal-al-interior-de-la-fenapo-afirma-la-asociacion-huella-amiga\/#primaryimage"},"thumbnailUrl":"https:\/\/canal7slp.tv\/2025\/wp-content\/uploads\/2025\/08\/Claudio01Ignorantes.jpg","datePublished":"2025-08-19T23:09:01+00:00","breadcrumb":{"@id":"https:\/\/canal7slp.tv\/2025\/sigue-maltrato-animal-al-interior-de-la-fenapo-afirma-la-asociacion-huella-amiga\/#breadcrumb"},"inLanguage":"es","potentialAction":[{"@type":"ReadAction","target":["https:\/\/canal7slp.tv\/2025\/sigue-maltrato-animal-al-interior-de-la-fenapo-afirma-la-asociacion-huella-amiga\/"]}]},{"@type":"ImageObject","inLanguage":"es","@id":"https:\/\/canal7slp.tv\/2025\/sigue-maltrato-animal-al-interior-de-la-fenapo-afirma-la-asociacion-huella-amiga\/#primaryimage","url":"https:\/\/canal7slp.tv\/2025\/wp-content\/uploads\/2025\/08\/Claudio01Ignorantes.jpg","contentUrl":"https:\/\/canal7slp.tv\/2025\/wp-content\/uploads\/2025\/08\/Claudio01Ignorantes.jpg","width":1280,"height":720},{"@type":"BreadcrumbList","@id":"https:\/\/canal7slp.tv\/2025\/sigue-maltrato-animal-al-interior-de-la-fenapo-afirma-la-asociacion-huella-amiga\/#breadcrumb","itemListElement":[{"@type":"ListItem","position":1,"name":"Portada","item":"https:\/\/canal7slp.tv\/2025\/"},{"@type":"ListItem","position":2,"name":"Sigue maltrato animal al interior de la FENAPO, afirma la asociaci\u00f3n \u201cHuella Amiga\u201d"}]},{"@type":"WebSite","@id":"https:\/\/canal7slp.tv\/2025\/#website","url":"https:\/\/canal7slp.tv\/2025\/","name":"N7 - Noticieros Canal 7","description":"Somos el Medio","publisher":{"@id":"https:\/\/canal7slp.tv\/2025\/#organization"},"potentialAction":[{"@type":"SearchAction","target":{"@type":"EntryPoint","urlTemplate":"https:\/\/canal7slp.tv\/2025\/?s={search_term_string}"},"query-input":{"@type":"PropertyValueSpecification","valueRequired":true,"valueName":"search_term_string"}}],"inLanguage":"es"},{"@type":"Organization","@id":"https:\/\/canal7slp.tv\/2025\/#organization","name":"Noticieros Canal 7","url":"https:\/\/canal7slp.tv\/2025\/","logo":{"@type":"ImageObject","inLanguage":"es","@id":"https:\/\/canal7slp.tv\/2025\/#\/schema\/logo\/image\/","url":"https:\/\/canal7slp.tv\/2025\/wp-content\/uploads\/2021\/01\/logo-noticieros@2x.png","contentUrl":"https:\/\/canal7slp.tv\/2025\/wp-content\/uploads\/2021\/01\/logo-noticieros@2x.png","width":1017,"height":268,"caption":"Noticieros Canal 7"},"image":{"@id":"https:\/\/canal7slp.tv\/2025\/#\/schema\/logo\/image\/"},"sameAs":["https:\/\/www.facebook.com\/noticieroscanal7atencionciudadana\/","https:\/\/x.com\/NOTICIEROS7","https:\/\/www.instagram.com\/canal7_slp","https:\/\/www.youtube.com\/channel\/UCliiYs-gP3JfJeqdPrNdd5A"]},{"@type":"Person","@id":"https:\/\/canal7slp.tv\/2025\/#\/schema\/person\/271e2b60a96e7cc9d9ac296f4d7e414b","name":"Edici\u00f3n Web","image":{"@type":"ImageObject","inLanguage":"es","@id":"https:\/\/secure.gravatar.com\/avatar\/eee448fc3f7164808013b816ba91ac7e43bbe82a70bebac296f8bc6f0addaa1a?s=96&d=mm&r=g","url":"https:\/\/secure.gravatar.com\/avatar\/eee448fc3f7164808013b816ba91ac7e43bbe82a70bebac296f8bc6f0addaa1a?s=96&d=mm&r=g","contentUrl":"https:\/\/secure.gravatar.com\/avatar\/eee448fc3f7164808013b816ba91ac7e43bbe82a70bebac296f8bc6f0addaa1a?s=96&d=mm&r=g","caption":"Edici\u00f3n Web"},"url":"https:\/\/canal7slp.tv\/2025\/author\/edicionweb\/"}]}},"_links":{"self":[{"href":"https:\/\/canal7slp.tv\/2025\/wp-json\/wp\/v2\/posts\/176973","targetHints":{"allow":["GET"]}}],"collection":[{"href":"https:\/\/canal7slp.tv\/2025\/wp-json\/wp\/v2\/posts"}],"about":[{"href":"https:\/\/canal7slp.tv\/2025\/wp-json\/wp\/v2\/types\/post"}],"author":[{"embeddable":true,"href":"https:\/\/canal7slp.tv\/2025\/wp-json\/wp\/v2\/users\/2"}],"replies":[{"embeddable":true,"href":"https:\/\/canal7slp.tv\/2025\/wp-json\/wp\/v2\/comments?post=176973"}],"version-history":[{"count":1,"href":"https:\/\/canal7slp.tv\/2025\/wp-json\/wp\/v2\/posts\/176973\/revisions"}],"predecessor-version":[{"id":176976,"href":"https:\/\/canal7slp.tv\/2025\/wp-json\/wp\/v2\/posts\/176973\/revisions\/176976"}],"wp:featuredmedia":[{"embeddable":true,"href":"https:\/\/canal7slp.tv\/2025\/wp-json\/wp\/v2\/media\/176975"}],"wp:attachment":[{"href":"https:\/\/canal7slp.tv\/2025\/wp-json\/wp\/v2\/media?parent=176973"}],"wp:term":[{"taxonomy":"category","embeddable":true,"href":"https:\/\/canal7slp.tv\/2025\/wp-json\/wp\/v2\/categories?post=176973"},{"taxonomy":"post_tag","embeddable":true,"href":"https:\/\/canal7slp.tv\/2025\/wp-json\/wp\/v2\/tags?post=176973"}],"curies":[{"name":"wp","href":"https:\/\/api.w.org\/{rel}","templated":true}]}}