{"id":176969,"date":"2025-08-19T16:49:29","date_gmt":"2025-08-19T22:49:29","guid":{"rendered":"https:\/\/canal7slp.tv\/2025\/?p=176969"},"modified":"2025-08-19T16:49:29","modified_gmt":"2025-08-19T22:49:29","slug":"prevenir-accidentes-viales-prioridad-de-salud-publica-en-slp","status":"publish","type":"post","link":"https:\/\/canal7slp.tv\/2025\/prevenir-accidentes-viales-prioridad-de-salud-publica-en-slp\/","title":{"rendered":"Prevenir accidentes viales, prioridad de salud p\u00fablica en SLP"},"content":{"rendered":"<p style=\"text-align: justify;\"><span style=\"font-size: 1.21429rem;\">SLP.- La Secretar\u00eda de Salud de San Luis Potos\u00ed mantiene como prioridad la prevenci\u00f3n de accidentes viales, al considerarlos una problem\u00e1tica de salud p\u00fablica que impacta de manera directa a la poblaci\u00f3n en la zona metropolitana y otros municipios del estado.<\/span><\/p>\n<p style=\"text-align: justify;\">La titular de la dependencia, Leticia G\u00f3mez Ordaz, explic\u00f3 que actualmente se trabaja en distintos programas dirigidos a la prevenci\u00f3n y concientizaci\u00f3n.<\/p>\n<p style=\"text-align: justify;\">\u201cNosotros ahorita estamos trabajando dentro de la secretar\u00eda los programas que se quedaron y que son principalmente tres, todo el tema de la medici\u00f3n que estamos haciendo de tres por tu salud, qu\u00e9 es lo que se est\u00e1 haciendo dentro de las escuelas\u201d, se\u00f1al\u00f3.<\/p>\n<p style=\"text-align: justify;\">Agreg\u00f3 que se realizan an\u00e1lisis en conjunto con las autoridades de tr\u00e1nsito en Soledad y la capital potosina.<\/p>\n<p style=\"text-align: justify;\">\u201cEl otro es el tema de los accidentes y vamos llevando como toda la medici\u00f3n vamos teniendo mesas institucionales tanto con tr\u00e1nsito municipal de Soledad, de San Luis Potos\u00ed, la zona metropolitana para poder identificar cu\u00e1les son los puntos donde m\u00e1s incidencias hay\u201d, reiter\u00f3.<\/p>\n<p style=\"text-align: justify;\">Asimismo, destac\u00f3 que la intenci\u00f3n es establecer medidas que reduzcan riesgos en la v\u00eda p\u00fablica.<\/p>\n<p style=\"text-align: justify;\">\u201cPoder tener alternativas de soluci\u00f3n que pueden ser desde m\u00e1s elementos, sem\u00e1foros, informar a la poblaci\u00f3n, trabajar fuertemente la campa\u00f1a de los cascos porque muchas veces uno de los problemas es que el casco o no se lo ponen o no cumple con los requerimientos necesarios para poder evitar que realmente al tener un percance se pueda llegar a mayores\u201d, puntualiz\u00f3.<\/p>\n<p>Por: Jos\u00e9 Luis V\u00e1zquez<\/p>\n","protected":false},"excerpt":{"rendered":"<p>SLP.- La Secretar\u00eda de Salud de San Luis Potos\u00ed mantiene como prioridad la prevenci\u00f3n de accidentes viales, al considerarlos una problem\u00e1tica de salud p\u00fablica que impacta de manera directa a la poblaci\u00f3n en la zona metropolitana y otros municipios del estado. La titular de la dependencia, Leticia G\u00f3mez Ordaz, explic\u00f3 que actualmente se trabaja en distintos programas dirigidos a la prevenci\u00f3n y concientizaci\u00f3n. \u201cNosotros ahorita estamos trabajando dentro de la secretar\u00eda los programas que se quedaron y que son principalmente tres, todo el tema de la medici\u00f3n que estamos haciendo de tres por tu salud, qu\u00e9 es lo que se [&hellip;]<\/p>\n","protected":false},"author":2,"featured_media":176971,"comment_status":"closed","ping_status":"closed","sticky":false,"template":"","format":"standard","meta":{"_monsterinsights_skip_tracking":false,"_monsterinsights_sitenote_active":false,"_monsterinsights_sitenote_note":"","_monsterinsights_sitenote_category":0,"footnotes":""},"categories":[5,510,45],"tags":[],"class_list":["post-176969","post","type-post","status-publish","format-standard","has-post-thumbnail","hentry","category-destacadas","category-gobedoslp","category-localesyregionales","post--single"],"yoast_head":"<!-- This site is optimized with the Yoast SEO plugin v27.4 - https:\/\/yoast.com\/product\/yoast-seo-wordpress\/ -->\n<title>Prevenir accidentes viales, prioridad de salud p\u00fablica en SLP - Canal 7 SLP - 2025<\/title>\n<meta name=\"robots\" content=\"index, follow, max-snippet:-1, max-image-preview:large, max-video-preview:-1\" \/>\n<link rel=\"canonical\" href=\"https:\/\/canal7slp.tv\/2025\/prevenir-accidentes-viales-prioridad-de-salud-publica-en-slp\/\" \/>\n<meta property=\"og:locale\" content=\"es_ES\" \/>\n<meta property=\"og:type\" content=\"article\" \/>\n<meta property=\"og:title\" content=\"Prevenir accidentes viales, prioridad de salud p\u00fablica en SLP - Canal 7 SLP - 2025\" \/>\n<meta property=\"og:description\" content=\"SLP.- La Secretar\u00eda de Salud de San Luis Potos\u00ed mantiene como prioridad la prevenci\u00f3n de accidentes viales, al considerarlos una problem\u00e1tica de salud p\u00fablica que impacta de manera directa a la poblaci\u00f3n en la zona metropolitana y otros municipios del estado. La titular de la dependencia, Leticia G\u00f3mez Ordaz, explic\u00f3 que actualmente se trabaja en distintos programas dirigidos a la prevenci\u00f3n y concientizaci\u00f3n. \u201cNosotros ahorita estamos trabajando dentro de la secretar\u00eda los programas que se quedaron y que son principalmente tres, todo el tema de la medici\u00f3n que estamos haciendo de tres por tu salud, qu\u00e9 es lo que se [&hellip;]\" \/>\n<meta property=\"og:url\" content=\"https:\/\/canal7slp.tv\/2025\/prevenir-accidentes-viales-prioridad-de-salud-publica-en-slp\/\" \/>\n<meta property=\"og:site_name\" content=\"Canal 7 SLP - 2025\" \/>\n<meta property=\"article:publisher\" content=\"https:\/\/www.facebook.com\/noticieroscanal7atencionciudadana\/\" \/>\n<meta property=\"article:published_time\" content=\"2025-08-19T22:49:29+00:00\" \/>\n<meta property=\"og:image\" content=\"https:\/\/canal7slp.tv\/2025\/wp-content\/uploads\/2025\/08\/Vazquez03Accidentes.jpg\" \/>\n\t<meta property=\"og:image:width\" content=\"1280\" \/>\n\t<meta property=\"og:image:height\" content=\"720\" \/>\n\t<meta property=\"og:image:type\" content=\"image\/jpeg\" \/>\n<meta name=\"author\" content=\"Edici\u00f3n Web\" \/>\n<meta name=\"twitter:card\" content=\"summary_large_image\" \/>\n<meta name=\"twitter:creator\" content=\"@NOTICIEROS7\" \/>\n<meta name=\"twitter:site\" content=\"@NOTICIEROS7\" \/>\n<meta name=\"twitter:label1\" content=\"Escrito por\" \/>\n\t<meta name=\"twitter:data1\" content=\"Edici\u00f3n Web\" \/>\n\t<meta name=\"twitter:label2\" content=\"Tiempo de lectura\" \/>\n\t<meta name=\"twitter:data2\" content=\"2 minutos\" \/>\n<script type=\"application\/ld+json\" class=\"yoast-schema-graph\">{\"@context\":\"https:\\\/\\\/schema.org\",\"@graph\":[{\"@type\":\"Article\",\"@id\":\"https:\\\/\\\/canal7slp.tv\\\/2025\\\/prevenir-accidentes-viales-prioridad-de-salud-publica-en-slp\\\/#article\",\"isPartOf\":{\"@id\":\"https:\\\/\\\/canal7slp.tv\\\/2025\\\/prevenir-accidentes-viales-prioridad-de-salud-publica-en-slp\\\/\"},\"author\":{\"name\":\"Edici\u00f3n Web\",\"@id\":\"https:\\\/\\\/canal7slp.tv\\\/2025\\\/#\\\/schema\\\/person\\\/271e2b60a96e7cc9d9ac296f4d7e414b\"},\"headline\":\"Prevenir accidentes viales, prioridad de salud p\u00fablica en SLP\",\"datePublished\":\"2025-08-19T22:49:29+00:00\",\"mainEntityOfPage\":{\"@id\":\"https:\\\/\\\/canal7slp.tv\\\/2025\\\/prevenir-accidentes-viales-prioridad-de-salud-publica-en-slp\\\/\"},\"wordCount\":286,\"publisher\":{\"@id\":\"https:\\\/\\\/canal7slp.tv\\\/2025\\\/#organization\"},\"image\":{\"@id\":\"https:\\\/\\\/canal7slp.tv\\\/2025\\\/prevenir-accidentes-viales-prioridad-de-salud-publica-en-slp\\\/#primaryimage\"},\"thumbnailUrl\":\"https:\\\/\\\/canal7slp.tv\\\/2025\\\/wp-content\\\/uploads\\\/2025\\\/08\\\/Vazquez03Accidentes.jpg\",\"articleSection\":[\"DESTACADAS\",\"GOBEDOSLP\",\"LOCALES Y REGIONALES\"],\"inLanguage\":\"es\"},{\"@type\":\"WebPage\",\"@id\":\"https:\\\/\\\/canal7slp.tv\\\/2025\\\/prevenir-accidentes-viales-prioridad-de-salud-publica-en-slp\\\/\",\"url\":\"https:\\\/\\\/canal7slp.tv\\\/2025\\\/prevenir-accidentes-viales-prioridad-de-salud-publica-en-slp\\\/\",\"name\":\"Prevenir accidentes viales, prioridad de salud p\u00fablica en SLP - Canal 7 SLP - 2025\",\"isPartOf\":{\"@id\":\"https:\\\/\\\/canal7slp.tv\\\/2025\\\/#website\"},\"primaryImageOfPage\":{\"@id\":\"https:\\\/\\\/canal7slp.tv\\\/2025\\\/prevenir-accidentes-viales-prioridad-de-salud-publica-en-slp\\\/#primaryimage\"},\"image\":{\"@id\":\"https:\\\/\\\/canal7slp.tv\\\/2025\\\/prevenir-accidentes-viales-prioridad-de-salud-publica-en-slp\\\/#primaryimage\"},\"thumbnailUrl\":\"https:\\\/\\\/canal7slp.tv\\\/2025\\\/wp-content\\\/uploads\\\/2025\\\/08\\\/Vazquez03Accidentes.jpg\",\"datePublished\":\"2025-08-19T22:49:29+00:00\",\"breadcrumb\":{\"@id\":\"https:\\\/\\\/canal7slp.tv\\\/2025\\\/prevenir-accidentes-viales-prioridad-de-salud-publica-en-slp\\\/#breadcrumb\"},\"inLanguage\":\"es\",\"potentialAction\":[{\"@type\":\"ReadAction\",\"target\":[\"https:\\\/\\\/canal7slp.tv\\\/2025\\\/prevenir-accidentes-viales-prioridad-de-salud-publica-en-slp\\\/\"]}]},{\"@type\":\"ImageObject\",\"inLanguage\":\"es\",\"@id\":\"https:\\\/\\\/canal7slp.tv\\\/2025\\\/prevenir-accidentes-viales-prioridad-de-salud-publica-en-slp\\\/#primaryimage\",\"url\":\"https:\\\/\\\/canal7slp.tv\\\/2025\\\/wp-content\\\/uploads\\\/2025\\\/08\\\/Vazquez03Accidentes.jpg\",\"contentUrl\":\"https:\\\/\\\/canal7slp.tv\\\/2025\\\/wp-content\\\/uploads\\\/2025\\\/08\\\/Vazquez03Accidentes.jpg\",\"width\":1280,\"height\":720},{\"@type\":\"BreadcrumbList\",\"@id\":\"https:\\\/\\\/canal7slp.tv\\\/2025\\\/prevenir-accidentes-viales-prioridad-de-salud-publica-en-slp\\\/#breadcrumb\",\"itemListElement\":[{\"@type\":\"ListItem\",\"position\":1,\"name\":\"Portada\",\"item\":\"https:\\\/\\\/canal7slp.tv\\\/2025\\\/\"},{\"@type\":\"ListItem\",\"position\":2,\"name\":\"Prevenir accidentes viales, prioridad de salud p\u00fablica en SLP\"}]},{\"@type\":\"WebSite\",\"@id\":\"https:\\\/\\\/canal7slp.tv\\\/2025\\\/#website\",\"url\":\"https:\\\/\\\/canal7slp.tv\\\/2025\\\/\",\"name\":\"N7 - Noticieros Canal 7\",\"description\":\"Somos el Medio\",\"publisher\":{\"@id\":\"https:\\\/\\\/canal7slp.tv\\\/2025\\\/#organization\"},\"potentialAction\":[{\"@type\":\"SearchAction\",\"target\":{\"@type\":\"EntryPoint\",\"urlTemplate\":\"https:\\\/\\\/canal7slp.tv\\\/2025\\\/?s={search_term_string}\"},\"query-input\":{\"@type\":\"PropertyValueSpecification\",\"valueRequired\":true,\"valueName\":\"search_term_string\"}}],\"inLanguage\":\"es\"},{\"@type\":\"Organization\",\"@id\":\"https:\\\/\\\/canal7slp.tv\\\/2025\\\/#organization\",\"name\":\"Noticieros Canal 7\",\"url\":\"https:\\\/\\\/canal7slp.tv\\\/2025\\\/\",\"logo\":{\"@type\":\"ImageObject\",\"inLanguage\":\"es\",\"@id\":\"https:\\\/\\\/canal7slp.tv\\\/2025\\\/#\\\/schema\\\/logo\\\/image\\\/\",\"url\":\"https:\\\/\\\/canal7slp.tv\\\/2025\\\/wp-content\\\/uploads\\\/2021\\\/01\\\/logo-noticieros@2x.png\",\"contentUrl\":\"https:\\\/\\\/canal7slp.tv\\\/2025\\\/wp-content\\\/uploads\\\/2021\\\/01\\\/logo-noticieros@2x.png\",\"width\":1017,\"height\":268,\"caption\":\"Noticieros Canal 7\"},\"image\":{\"@id\":\"https:\\\/\\\/canal7slp.tv\\\/2025\\\/#\\\/schema\\\/logo\\\/image\\\/\"},\"sameAs\":[\"https:\\\/\\\/www.facebook.com\\\/noticieroscanal7atencionciudadana\\\/\",\"https:\\\/\\\/x.com\\\/NOTICIEROS7\",\"https:\\\/\\\/www.instagram.com\\\/canal7_slp\",\"https:\\\/\\\/www.youtube.com\\\/channel\\\/UCliiYs-gP3JfJeqdPrNdd5A\"]},{\"@type\":\"Person\",\"@id\":\"https:\\\/\\\/canal7slp.tv\\\/2025\\\/#\\\/schema\\\/person\\\/271e2b60a96e7cc9d9ac296f4d7e414b\",\"name\":\"Edici\u00f3n Web\",\"image\":{\"@type\":\"ImageObject\",\"inLanguage\":\"es\",\"@id\":\"https:\\\/\\\/secure.gravatar.com\\\/avatar\\\/eee448fc3f7164808013b816ba91ac7e43bbe82a70bebac296f8bc6f0addaa1a?s=96&d=mm&r=g\",\"url\":\"https:\\\/\\\/secure.gravatar.com\\\/avatar\\\/eee448fc3f7164808013b816ba91ac7e43bbe82a70bebac296f8bc6f0addaa1a?s=96&d=mm&r=g\",\"contentUrl\":\"https:\\\/\\\/secure.gravatar.com\\\/avatar\\\/eee448fc3f7164808013b816ba91ac7e43bbe82a70bebac296f8bc6f0addaa1a?s=96&d=mm&r=g\",\"caption\":\"Edici\u00f3n Web\"},\"url\":\"https:\\\/\\\/canal7slp.tv\\\/2025\\\/author\\\/edicionweb\\\/\"}]}<\/script>\n<!-- \/ Yoast SEO plugin. -->","yoast_head_json":{"title":"Prevenir accidentes viales, prioridad de salud p\u00fablica en SLP - Canal 7 SLP - 2025","robots":{"index":"index","follow":"follow","max-snippet":"max-snippet:-1","max-image-preview":"max-image-preview:large","max-video-preview":"max-video-preview:-1"},"canonical":"https:\/\/canal7slp.tv\/2025\/prevenir-accidentes-viales-prioridad-de-salud-publica-en-slp\/","og_locale":"es_ES","og_type":"article","og_title":"Prevenir accidentes viales, prioridad de salud p\u00fablica en SLP - Canal 7 SLP - 2025","og_description":"SLP.- La Secretar\u00eda de Salud de San Luis Potos\u00ed mantiene como prioridad la prevenci\u00f3n de accidentes viales, al considerarlos una problem\u00e1tica de salud p\u00fablica que impacta de manera directa a la poblaci\u00f3n en la zona metropolitana y otros municipios del estado. La titular de la dependencia, Leticia G\u00f3mez Ordaz, explic\u00f3 que actualmente se trabaja en distintos programas dirigidos a la prevenci\u00f3n y concientizaci\u00f3n. \u201cNosotros ahorita estamos trabajando dentro de la secretar\u00eda los programas que se quedaron y que son principalmente tres, todo el tema de la medici\u00f3n que estamos haciendo de tres por tu salud, qu\u00e9 es lo que se [&hellip;]","og_url":"https:\/\/canal7slp.tv\/2025\/prevenir-accidentes-viales-prioridad-de-salud-publica-en-slp\/","og_site_name":"Canal 7 SLP - 2025","article_publisher":"https:\/\/www.facebook.com\/noticieroscanal7atencionciudadana\/","article_published_time":"2025-08-19T22:49:29+00:00","og_image":[{"width":1280,"height":720,"url":"https:\/\/canal7slp.tv\/2025\/wp-content\/uploads\/2025\/08\/Vazquez03Accidentes.jpg","type":"image\/jpeg"}],"author":"Edici\u00f3n Web","twitter_card":"summary_large_image","twitter_creator":"@NOTICIEROS7","twitter_site":"@NOTICIEROS7","twitter_misc":{"Escrito por":"Edici\u00f3n Web","Tiempo de lectura":"2 minutos"},"schema":{"@context":"https:\/\/schema.org","@graph":[{"@type":"Article","@id":"https:\/\/canal7slp.tv\/2025\/prevenir-accidentes-viales-prioridad-de-salud-publica-en-slp\/#article","isPartOf":{"@id":"https:\/\/canal7slp.tv\/2025\/prevenir-accidentes-viales-prioridad-de-salud-publica-en-slp\/"},"author":{"name":"Edici\u00f3n Web","@id":"https:\/\/canal7slp.tv\/2025\/#\/schema\/person\/271e2b60a96e7cc9d9ac296f4d7e414b"},"headline":"Prevenir accidentes viales, prioridad de salud p\u00fablica en SLP","datePublished":"2025-08-19T22:49:29+00:00","mainEntityOfPage":{"@id":"https:\/\/canal7slp.tv\/2025\/prevenir-accidentes-viales-prioridad-de-salud-publica-en-slp\/"},"wordCount":286,"publisher":{"@id":"https:\/\/canal7slp.tv\/2025\/#organization"},"image":{"@id":"https:\/\/canal7slp.tv\/2025\/prevenir-accidentes-viales-prioridad-de-salud-publica-en-slp\/#primaryimage"},"thumbnailUrl":"https:\/\/canal7slp.tv\/2025\/wp-content\/uploads\/2025\/08\/Vazquez03Accidentes.jpg","articleSection":["DESTACADAS","GOBEDOSLP","LOCALES Y REGIONALES"],"inLanguage":"es"},{"@type":"WebPage","@id":"https:\/\/canal7slp.tv\/2025\/prevenir-accidentes-viales-prioridad-de-salud-publica-en-slp\/","url":"https:\/\/canal7slp.tv\/2025\/prevenir-accidentes-viales-prioridad-de-salud-publica-en-slp\/","name":"Prevenir accidentes viales, prioridad de salud p\u00fablica en SLP - Canal 7 SLP - 2025","isPartOf":{"@id":"https:\/\/canal7slp.tv\/2025\/#website"},"primaryImageOfPage":{"@id":"https:\/\/canal7slp.tv\/2025\/prevenir-accidentes-viales-prioridad-de-salud-publica-en-slp\/#primaryimage"},"image":{"@id":"https:\/\/canal7slp.tv\/2025\/prevenir-accidentes-viales-prioridad-de-salud-publica-en-slp\/#primaryimage"},"thumbnailUrl":"https:\/\/canal7slp.tv\/2025\/wp-content\/uploads\/2025\/08\/Vazquez03Accidentes.jpg","datePublished":"2025-08-19T22:49:29+00:00","breadcrumb":{"@id":"https:\/\/canal7slp.tv\/2025\/prevenir-accidentes-viales-prioridad-de-salud-publica-en-slp\/#breadcrumb"},"inLanguage":"es","potentialAction":[{"@type":"ReadAction","target":["https:\/\/canal7slp.tv\/2025\/prevenir-accidentes-viales-prioridad-de-salud-publica-en-slp\/"]}]},{"@type":"ImageObject","inLanguage":"es","@id":"https:\/\/canal7slp.tv\/2025\/prevenir-accidentes-viales-prioridad-de-salud-publica-en-slp\/#primaryimage","url":"https:\/\/canal7slp.tv\/2025\/wp-content\/uploads\/2025\/08\/Vazquez03Accidentes.jpg","contentUrl":"https:\/\/canal7slp.tv\/2025\/wp-content\/uploads\/2025\/08\/Vazquez03Accidentes.jpg","width":1280,"height":720},{"@type":"BreadcrumbList","@id":"https:\/\/canal7slp.tv\/2025\/prevenir-accidentes-viales-prioridad-de-salud-publica-en-slp\/#breadcrumb","itemListElement":[{"@type":"ListItem","position":1,"name":"Portada","item":"https:\/\/canal7slp.tv\/2025\/"},{"@type":"ListItem","position":2,"name":"Prevenir accidentes viales, prioridad de salud p\u00fablica en SLP"}]},{"@type":"WebSite","@id":"https:\/\/canal7slp.tv\/2025\/#website","url":"https:\/\/canal7slp.tv\/2025\/","name":"N7 - Noticieros Canal 7","description":"Somos el Medio","publisher":{"@id":"https:\/\/canal7slp.tv\/2025\/#organization"},"potentialAction":[{"@type":"SearchAction","target":{"@type":"EntryPoint","urlTemplate":"https:\/\/canal7slp.tv\/2025\/?s={search_term_string}"},"query-input":{"@type":"PropertyValueSpecification","valueRequired":true,"valueName":"search_term_string"}}],"inLanguage":"es"},{"@type":"Organization","@id":"https:\/\/canal7slp.tv\/2025\/#organization","name":"Noticieros Canal 7","url":"https:\/\/canal7slp.tv\/2025\/","logo":{"@type":"ImageObject","inLanguage":"es","@id":"https:\/\/canal7slp.tv\/2025\/#\/schema\/logo\/image\/","url":"https:\/\/canal7slp.tv\/2025\/wp-content\/uploads\/2021\/01\/logo-noticieros@2x.png","contentUrl":"https:\/\/canal7slp.tv\/2025\/wp-content\/uploads\/2021\/01\/logo-noticieros@2x.png","width":1017,"height":268,"caption":"Noticieros Canal 7"},"image":{"@id":"https:\/\/canal7slp.tv\/2025\/#\/schema\/logo\/image\/"},"sameAs":["https:\/\/www.facebook.com\/noticieroscanal7atencionciudadana\/","https:\/\/x.com\/NOTICIEROS7","https:\/\/www.instagram.com\/canal7_slp","https:\/\/www.youtube.com\/channel\/UCliiYs-gP3JfJeqdPrNdd5A"]},{"@type":"Person","@id":"https:\/\/canal7slp.tv\/2025\/#\/schema\/person\/271e2b60a96e7cc9d9ac296f4d7e414b","name":"Edici\u00f3n Web","image":{"@type":"ImageObject","inLanguage":"es","@id":"https:\/\/secure.gravatar.com\/avatar\/eee448fc3f7164808013b816ba91ac7e43bbe82a70bebac296f8bc6f0addaa1a?s=96&d=mm&r=g","url":"https:\/\/secure.gravatar.com\/avatar\/eee448fc3f7164808013b816ba91ac7e43bbe82a70bebac296f8bc6f0addaa1a?s=96&d=mm&r=g","contentUrl":"https:\/\/secure.gravatar.com\/avatar\/eee448fc3f7164808013b816ba91ac7e43bbe82a70bebac296f8bc6f0addaa1a?s=96&d=mm&r=g","caption":"Edici\u00f3n Web"},"url":"https:\/\/canal7slp.tv\/2025\/author\/edicionweb\/"}]}},"_links":{"self":[{"href":"https:\/\/canal7slp.tv\/2025\/wp-json\/wp\/v2\/posts\/176969","targetHints":{"allow":["GET"]}}],"collection":[{"href":"https:\/\/canal7slp.tv\/2025\/wp-json\/wp\/v2\/posts"}],"about":[{"href":"https:\/\/canal7slp.tv\/2025\/wp-json\/wp\/v2\/types\/post"}],"author":[{"embeddable":true,"href":"https:\/\/canal7slp.tv\/2025\/wp-json\/wp\/v2\/users\/2"}],"replies":[{"embeddable":true,"href":"https:\/\/canal7slp.tv\/2025\/wp-json\/wp\/v2\/comments?post=176969"}],"version-history":[{"count":1,"href":"https:\/\/canal7slp.tv\/2025\/wp-json\/wp\/v2\/posts\/176969\/revisions"}],"predecessor-version":[{"id":176972,"href":"https:\/\/canal7slp.tv\/2025\/wp-json\/wp\/v2\/posts\/176969\/revisions\/176972"}],"wp:featuredmedia":[{"embeddable":true,"href":"https:\/\/canal7slp.tv\/2025\/wp-json\/wp\/v2\/media\/176971"}],"wp:attachment":[{"href":"https:\/\/canal7slp.tv\/2025\/wp-json\/wp\/v2\/media?parent=176969"}],"wp:term":[{"taxonomy":"category","embeddable":true,"href":"https:\/\/canal7slp.tv\/2025\/wp-json\/wp\/v2\/categories?post=176969"},{"taxonomy":"post_tag","embeddable":true,"href":"https:\/\/canal7slp.tv\/2025\/wp-json\/wp\/v2\/tags?post=176969"}],"curies":[{"name":"wp","href":"https:\/\/api.w.org\/{rel}","templated":true}]}}