{"id":176945,"date":"2025-08-19T15:37:18","date_gmt":"2025-08-19T21:37:18","guid":{"rendered":"https:\/\/canal7slp.tv\/2025\/?p=176945"},"modified":"2025-08-19T15:37:18","modified_gmt":"2025-08-19T21:37:18","slug":"norma-pina-llama-a-sesion-extraordinaria-para-resolver-impugnaciones-al-tepjf","status":"publish","type":"post","link":"https:\/\/canal7slp.tv\/2025\/norma-pina-llama-a-sesion-extraordinaria-para-resolver-impugnaciones-al-tepjf\/","title":{"rendered":"Norma Pi\u00f1a llama a sesi\u00f3n extraordinaria para resolver impugnaciones al TEPJF"},"content":{"rendered":"<p style=\"text-align: justify;\">\n<p style=\"text-align: justify;\">M\u00e9xico.- La Suprema Corte de Justicia de la Naci\u00f3n (SCJN) realizar\u00e1 una sesi\u00f3n extraordinaria para analizar impugnaciones presentadas contra la elecci\u00f3n de dos magistraturas del Tribunal Electoral del Poder Judicial de la Federaci\u00f3n (TEPJF), realizadas en junio pasado. Los recursos fueron interpuestos principalmente por partidos pol\u00edticos y organizaciones de la sociedad civil.<\/p>\n<p style=\"text-align: justify;\">Entre los promoventes se encuentran representantes del PAN, PRI y organizaciones como Amigos en Colaboraci\u00f3n y el Consejo Nacional de Litigio Estrat\u00e9gico. Los impugnantes argumentan que la difusi\u00f3n masiva de \u00abacordeones\u00bb o gu\u00edas de votaci\u00f3n influy\u00f3 determinantemente en los resultados electorales, afectando principios constitucionales como la equidad en la contienda y la libertad del sufragio.<\/p>\n<p style=\"text-align: justify;\">El Instituto Nacional Electoral (INE) declar\u00f3 v\u00e1lida la elecci\u00f3n el pasado 16 de junio, tras realizar el c\u00f3mputo nacional de votos y asignar los cargos de manera paritaria. Entre las personas electas se encuentran Celia Maya Garc\u00eda y Eva Ver\u00f3nica de Gyves Z\u00e1rate para el Tribunal de Disciplina Judicial, as\u00ed como Gilberto de Guzm\u00e1n B\u00e1tiz Garc\u00eda y Claudia Valle Aguilasocho para la Sala Superior del TEPJF.<\/p>\n<p style=\"text-align: justify;\">Paralelamente, se prev\u00e9 que el TEPJF discuta este mi\u00e9rcoles un proyecto que propone anular la elecci\u00f3n de los nuevos ministros de la SCJN, cuyo periodo iniciar\u00eda el pr\u00f3ximo 1 de septiembre.<\/p>\n<p style=\"text-align: justify;\">En otro orden de asuntos, la Corte tambi\u00e9n analizar\u00e1 acciones de inconstitucionalidad contra la Reforma Judicial de Yucat\u00e1n, que modific\u00f3 el mecanismo de designaci\u00f3n de la presidencia del Tribunal Superior de Justicia estatal.<\/p>\n<p style=\"text-align: justify;\">La ministra presidenta Norma Pi\u00f1a Hern\u00e1ndez presidir\u00e1 esta sesi\u00f3n extraordinaria, la \u00faltima del actual pleno de la SCJN antes de que entre en funciones la nueva integraci\u00f3n en septiembre. En su m\u00e1s reciente intervenci\u00f3n, Pi\u00f1a Hern\u00e1ndez destac\u00f3 el papel de la Corte como \u00abgarante del ordenamiento jur\u00eddico nacional\u00bb y reconoci\u00f3 la labor del personal jurisdiccional que sustenta las resoluciones del m\u00e1ximo tribunal.<\/p>\n<p style=\"text-align: justify;\">La sesi\u00f3n se celebra en un contexto de cuestionamientos por parte de autoridades federales sobre la priorizaci\u00f3n de estos asuntos frente a otros pendientes en la agenda judicial.<\/p>\n","protected":false},"excerpt":{"rendered":"<p>M\u00e9xico.- La Suprema Corte de Justicia de la Naci\u00f3n (SCJN) realizar\u00e1 una sesi\u00f3n extraordinaria para analizar impugnaciones presentadas contra la elecci\u00f3n de dos magistraturas del Tribunal Electoral del Poder Judicial de la Federaci\u00f3n (TEPJF), realizadas en junio pasado. Los recursos fueron interpuestos principalmente por partidos pol\u00edticos y organizaciones de la sociedad civil. Entre los promoventes se encuentran representantes del PAN, PRI y organizaciones como Amigos en Colaboraci\u00f3n y el Consejo Nacional de Litigio Estrat\u00e9gico. Los impugnantes argumentan que la difusi\u00f3n masiva de \u00abacordeones\u00bb o gu\u00edas de votaci\u00f3n influy\u00f3 determinantemente en los resultados electorales, afectando principios constitucionales como la equidad en [&hellip;]<\/p>\n","protected":false},"author":2,"featured_media":176946,"comment_status":"closed","ping_status":"closed","sticky":false,"template":"","format":"standard","meta":{"_monsterinsights_skip_tracking":false,"_monsterinsights_sitenote_active":false,"_monsterinsights_sitenote_note":"","_monsterinsights_sitenote_category":0,"footnotes":""},"categories":[46],"tags":[],"class_list":["post-176945","post","type-post","status-publish","format-standard","has-post-thumbnail","hentry","category-nacional","post--single"],"yoast_head":"<!-- This site is optimized with the Yoast SEO plugin v27.5 - https:\/\/yoast.com\/product\/yoast-seo-wordpress\/ -->\n<title>Norma Pi\u00f1a llama a sesi\u00f3n extraordinaria para resolver impugnaciones al TEPJF - Canal 7 SLP - 2025<\/title>\n<meta name=\"robots\" content=\"index, follow, max-snippet:-1, max-image-preview:large, max-video-preview:-1\" \/>\n<link rel=\"canonical\" href=\"https:\/\/canal7slp.tv\/2025\/norma-pina-llama-a-sesion-extraordinaria-para-resolver-impugnaciones-al-tepjf\/\" \/>\n<meta property=\"og:locale\" content=\"es_ES\" \/>\n<meta property=\"og:type\" content=\"article\" \/>\n<meta property=\"og:title\" content=\"Norma Pi\u00f1a llama a sesi\u00f3n extraordinaria para resolver impugnaciones al TEPJF - Canal 7 SLP - 2025\" \/>\n<meta property=\"og:description\" content=\"M\u00e9xico.- La Suprema Corte de Justicia de la Naci\u00f3n (SCJN) realizar\u00e1 una sesi\u00f3n extraordinaria para analizar impugnaciones presentadas contra la elecci\u00f3n de dos magistraturas del Tribunal Electoral del Poder Judicial de la Federaci\u00f3n (TEPJF), realizadas en junio pasado. Los recursos fueron interpuestos principalmente por partidos pol\u00edticos y organizaciones de la sociedad civil. Entre los promoventes se encuentran representantes del PAN, PRI y organizaciones como Amigos en Colaboraci\u00f3n y el Consejo Nacional de Litigio Estrat\u00e9gico. Los impugnantes argumentan que la difusi\u00f3n masiva de \u00abacordeones\u00bb o gu\u00edas de votaci\u00f3n influy\u00f3 determinantemente en los resultados electorales, afectando principios constitucionales como la equidad en [&hellip;]\" \/>\n<meta property=\"og:url\" content=\"https:\/\/canal7slp.tv\/2025\/norma-pina-llama-a-sesion-extraordinaria-para-resolver-impugnaciones-al-tepjf\/\" \/>\n<meta property=\"og:site_name\" content=\"Canal 7 SLP - 2025\" \/>\n<meta property=\"article:publisher\" content=\"https:\/\/www.facebook.com\/noticieroscanal7atencionciudadana\/\" \/>\n<meta property=\"article:published_time\" content=\"2025-08-19T21:37:18+00:00\" \/>\n<meta property=\"og:image\" content=\"https:\/\/canal7slp.tv\/2025\/wp-content\/uploads\/2025\/08\/09-18.jpg\" \/>\n\t<meta property=\"og:image:width\" content=\"640\" \/>\n\t<meta property=\"og:image:height\" content=\"427\" \/>\n\t<meta property=\"og:image:type\" content=\"image\/jpeg\" \/>\n<meta name=\"author\" content=\"Edici\u00f3n Web\" \/>\n<meta name=\"twitter:card\" content=\"summary_large_image\" \/>\n<meta name=\"twitter:creator\" content=\"@NOTICIEROS7\" \/>\n<meta name=\"twitter:site\" content=\"@NOTICIEROS7\" \/>\n<meta name=\"twitter:label1\" content=\"Escrito por\" \/>\n\t<meta name=\"twitter:data1\" content=\"Edici\u00f3n Web\" \/>\n\t<meta name=\"twitter:label2\" content=\"Tiempo de lectura\" \/>\n\t<meta name=\"twitter:data2\" content=\"2 minutos\" \/>\n<script type=\"application\/ld+json\" class=\"yoast-schema-graph\">{\"@context\":\"https:\\\/\\\/schema.org\",\"@graph\":[{\"@type\":\"Article\",\"@id\":\"https:\\\/\\\/canal7slp.tv\\\/2025\\\/norma-pina-llama-a-sesion-extraordinaria-para-resolver-impugnaciones-al-tepjf\\\/#article\",\"isPartOf\":{\"@id\":\"https:\\\/\\\/canal7slp.tv\\\/2025\\\/norma-pina-llama-a-sesion-extraordinaria-para-resolver-impugnaciones-al-tepjf\\\/\"},\"author\":{\"name\":\"Edici\u00f3n Web\",\"@id\":\"https:\\\/\\\/canal7slp.tv\\\/2025\\\/#\\\/schema\\\/person\\\/271e2b60a96e7cc9d9ac296f4d7e414b\"},\"headline\":\"Norma Pi\u00f1a llama a sesi\u00f3n extraordinaria para resolver impugnaciones al TEPJF\",\"datePublished\":\"2025-08-19T21:37:18+00:00\",\"mainEntityOfPage\":{\"@id\":\"https:\\\/\\\/canal7slp.tv\\\/2025\\\/norma-pina-llama-a-sesion-extraordinaria-para-resolver-impugnaciones-al-tepjf\\\/\"},\"wordCount\":378,\"publisher\":{\"@id\":\"https:\\\/\\\/canal7slp.tv\\\/2025\\\/#organization\"},\"image\":{\"@id\":\"https:\\\/\\\/canal7slp.tv\\\/2025\\\/norma-pina-llama-a-sesion-extraordinaria-para-resolver-impugnaciones-al-tepjf\\\/#primaryimage\"},\"thumbnailUrl\":\"https:\\\/\\\/canal7slp.tv\\\/2025\\\/wp-content\\\/uploads\\\/2025\\\/08\\\/09-18.jpg\",\"articleSection\":[\"NACIONALES\"],\"inLanguage\":\"es\"},{\"@type\":\"WebPage\",\"@id\":\"https:\\\/\\\/canal7slp.tv\\\/2025\\\/norma-pina-llama-a-sesion-extraordinaria-para-resolver-impugnaciones-al-tepjf\\\/\",\"url\":\"https:\\\/\\\/canal7slp.tv\\\/2025\\\/norma-pina-llama-a-sesion-extraordinaria-para-resolver-impugnaciones-al-tepjf\\\/\",\"name\":\"Norma Pi\u00f1a llama a sesi\u00f3n extraordinaria para resolver impugnaciones al TEPJF - Canal 7 SLP - 2025\",\"isPartOf\":{\"@id\":\"https:\\\/\\\/canal7slp.tv\\\/2025\\\/#website\"},\"primaryImageOfPage\":{\"@id\":\"https:\\\/\\\/canal7slp.tv\\\/2025\\\/norma-pina-llama-a-sesion-extraordinaria-para-resolver-impugnaciones-al-tepjf\\\/#primaryimage\"},\"image\":{\"@id\":\"https:\\\/\\\/canal7slp.tv\\\/2025\\\/norma-pina-llama-a-sesion-extraordinaria-para-resolver-impugnaciones-al-tepjf\\\/#primaryimage\"},\"thumbnailUrl\":\"https:\\\/\\\/canal7slp.tv\\\/2025\\\/wp-content\\\/uploads\\\/2025\\\/08\\\/09-18.jpg\",\"datePublished\":\"2025-08-19T21:37:18+00:00\",\"breadcrumb\":{\"@id\":\"https:\\\/\\\/canal7slp.tv\\\/2025\\\/norma-pina-llama-a-sesion-extraordinaria-para-resolver-impugnaciones-al-tepjf\\\/#breadcrumb\"},\"inLanguage\":\"es\",\"potentialAction\":[{\"@type\":\"ReadAction\",\"target\":[\"https:\\\/\\\/canal7slp.tv\\\/2025\\\/norma-pina-llama-a-sesion-extraordinaria-para-resolver-impugnaciones-al-tepjf\\\/\"]}]},{\"@type\":\"ImageObject\",\"inLanguage\":\"es\",\"@id\":\"https:\\\/\\\/canal7slp.tv\\\/2025\\\/norma-pina-llama-a-sesion-extraordinaria-para-resolver-impugnaciones-al-tepjf\\\/#primaryimage\",\"url\":\"https:\\\/\\\/canal7slp.tv\\\/2025\\\/wp-content\\\/uploads\\\/2025\\\/08\\\/09-18.jpg\",\"contentUrl\":\"https:\\\/\\\/canal7slp.tv\\\/2025\\\/wp-content\\\/uploads\\\/2025\\\/08\\\/09-18.jpg\",\"width\":640,\"height\":427},{\"@type\":\"BreadcrumbList\",\"@id\":\"https:\\\/\\\/canal7slp.tv\\\/2025\\\/norma-pina-llama-a-sesion-extraordinaria-para-resolver-impugnaciones-al-tepjf\\\/#breadcrumb\",\"itemListElement\":[{\"@type\":\"ListItem\",\"position\":1,\"name\":\"Portada\",\"item\":\"https:\\\/\\\/canal7slp.tv\\\/2025\\\/\"},{\"@type\":\"ListItem\",\"position\":2,\"name\":\"Norma Pi\u00f1a llama a sesi\u00f3n extraordinaria para resolver impugnaciones al TEPJF\"}]},{\"@type\":\"WebSite\",\"@id\":\"https:\\\/\\\/canal7slp.tv\\\/2025\\\/#website\",\"url\":\"https:\\\/\\\/canal7slp.tv\\\/2025\\\/\",\"name\":\"N7 - Noticieros Canal 7\",\"description\":\"Somos el Medio\",\"publisher\":{\"@id\":\"https:\\\/\\\/canal7slp.tv\\\/2025\\\/#organization\"},\"potentialAction\":[{\"@type\":\"SearchAction\",\"target\":{\"@type\":\"EntryPoint\",\"urlTemplate\":\"https:\\\/\\\/canal7slp.tv\\\/2025\\\/?s={search_term_string}\"},\"query-input\":{\"@type\":\"PropertyValueSpecification\",\"valueRequired\":true,\"valueName\":\"search_term_string\"}}],\"inLanguage\":\"es\"},{\"@type\":\"Organization\",\"@id\":\"https:\\\/\\\/canal7slp.tv\\\/2025\\\/#organization\",\"name\":\"Noticieros Canal 7\",\"url\":\"https:\\\/\\\/canal7slp.tv\\\/2025\\\/\",\"logo\":{\"@type\":\"ImageObject\",\"inLanguage\":\"es\",\"@id\":\"https:\\\/\\\/canal7slp.tv\\\/2025\\\/#\\\/schema\\\/logo\\\/image\\\/\",\"url\":\"https:\\\/\\\/canal7slp.tv\\\/2025\\\/wp-content\\\/uploads\\\/2021\\\/01\\\/logo-noticieros@2x.png\",\"contentUrl\":\"https:\\\/\\\/canal7slp.tv\\\/2025\\\/wp-content\\\/uploads\\\/2021\\\/01\\\/logo-noticieros@2x.png\",\"width\":1017,\"height\":268,\"caption\":\"Noticieros Canal 7\"},\"image\":{\"@id\":\"https:\\\/\\\/canal7slp.tv\\\/2025\\\/#\\\/schema\\\/logo\\\/image\\\/\"},\"sameAs\":[\"https:\\\/\\\/www.facebook.com\\\/noticieroscanal7atencionciudadana\\\/\",\"https:\\\/\\\/x.com\\\/NOTICIEROS7\",\"https:\\\/\\\/www.instagram.com\\\/canal7_slp\",\"https:\\\/\\\/www.youtube.com\\\/channel\\\/UCliiYs-gP3JfJeqdPrNdd5A\"]},{\"@type\":\"Person\",\"@id\":\"https:\\\/\\\/canal7slp.tv\\\/2025\\\/#\\\/schema\\\/person\\\/271e2b60a96e7cc9d9ac296f4d7e414b\",\"name\":\"Edici\u00f3n Web\",\"image\":{\"@type\":\"ImageObject\",\"inLanguage\":\"es\",\"@id\":\"https:\\\/\\\/secure.gravatar.com\\\/avatar\\\/eee448fc3f7164808013b816ba91ac7e43bbe82a70bebac296f8bc6f0addaa1a?s=96&d=mm&r=g\",\"url\":\"https:\\\/\\\/secure.gravatar.com\\\/avatar\\\/eee448fc3f7164808013b816ba91ac7e43bbe82a70bebac296f8bc6f0addaa1a?s=96&d=mm&r=g\",\"contentUrl\":\"https:\\\/\\\/secure.gravatar.com\\\/avatar\\\/eee448fc3f7164808013b816ba91ac7e43bbe82a70bebac296f8bc6f0addaa1a?s=96&d=mm&r=g\",\"caption\":\"Edici\u00f3n Web\"},\"url\":\"https:\\\/\\\/canal7slp.tv\\\/2025\\\/author\\\/edicionweb\\\/\"}]}<\/script>\n<!-- \/ Yoast SEO plugin. -->","yoast_head_json":{"title":"Norma Pi\u00f1a llama a sesi\u00f3n extraordinaria para resolver impugnaciones al TEPJF - Canal 7 SLP - 2025","robots":{"index":"index","follow":"follow","max-snippet":"max-snippet:-1","max-image-preview":"max-image-preview:large","max-video-preview":"max-video-preview:-1"},"canonical":"https:\/\/canal7slp.tv\/2025\/norma-pina-llama-a-sesion-extraordinaria-para-resolver-impugnaciones-al-tepjf\/","og_locale":"es_ES","og_type":"article","og_title":"Norma Pi\u00f1a llama a sesi\u00f3n extraordinaria para resolver impugnaciones al TEPJF - Canal 7 SLP - 2025","og_description":"M\u00e9xico.- La Suprema Corte de Justicia de la Naci\u00f3n (SCJN) realizar\u00e1 una sesi\u00f3n extraordinaria para analizar impugnaciones presentadas contra la elecci\u00f3n de dos magistraturas del Tribunal Electoral del Poder Judicial de la Federaci\u00f3n (TEPJF), realizadas en junio pasado. Los recursos fueron interpuestos principalmente por partidos pol\u00edticos y organizaciones de la sociedad civil. Entre los promoventes se encuentran representantes del PAN, PRI y organizaciones como Amigos en Colaboraci\u00f3n y el Consejo Nacional de Litigio Estrat\u00e9gico. Los impugnantes argumentan que la difusi\u00f3n masiva de \u00abacordeones\u00bb o gu\u00edas de votaci\u00f3n influy\u00f3 determinantemente en los resultados electorales, afectando principios constitucionales como la equidad en [&hellip;]","og_url":"https:\/\/canal7slp.tv\/2025\/norma-pina-llama-a-sesion-extraordinaria-para-resolver-impugnaciones-al-tepjf\/","og_site_name":"Canal 7 SLP - 2025","article_publisher":"https:\/\/www.facebook.com\/noticieroscanal7atencionciudadana\/","article_published_time":"2025-08-19T21:37:18+00:00","og_image":[{"width":640,"height":427,"url":"https:\/\/canal7slp.tv\/2025\/wp-content\/uploads\/2025\/08\/09-18.jpg","type":"image\/jpeg"}],"author":"Edici\u00f3n Web","twitter_card":"summary_large_image","twitter_creator":"@NOTICIEROS7","twitter_site":"@NOTICIEROS7","twitter_misc":{"Escrito por":"Edici\u00f3n Web","Tiempo de lectura":"2 minutos"},"schema":{"@context":"https:\/\/schema.org","@graph":[{"@type":"Article","@id":"https:\/\/canal7slp.tv\/2025\/norma-pina-llama-a-sesion-extraordinaria-para-resolver-impugnaciones-al-tepjf\/#article","isPartOf":{"@id":"https:\/\/canal7slp.tv\/2025\/norma-pina-llama-a-sesion-extraordinaria-para-resolver-impugnaciones-al-tepjf\/"},"author":{"name":"Edici\u00f3n Web","@id":"https:\/\/canal7slp.tv\/2025\/#\/schema\/person\/271e2b60a96e7cc9d9ac296f4d7e414b"},"headline":"Norma Pi\u00f1a llama a sesi\u00f3n extraordinaria para resolver impugnaciones al TEPJF","datePublished":"2025-08-19T21:37:18+00:00","mainEntityOfPage":{"@id":"https:\/\/canal7slp.tv\/2025\/norma-pina-llama-a-sesion-extraordinaria-para-resolver-impugnaciones-al-tepjf\/"},"wordCount":378,"publisher":{"@id":"https:\/\/canal7slp.tv\/2025\/#organization"},"image":{"@id":"https:\/\/canal7slp.tv\/2025\/norma-pina-llama-a-sesion-extraordinaria-para-resolver-impugnaciones-al-tepjf\/#primaryimage"},"thumbnailUrl":"https:\/\/canal7slp.tv\/2025\/wp-content\/uploads\/2025\/08\/09-18.jpg","articleSection":["NACIONALES"],"inLanguage":"es"},{"@type":"WebPage","@id":"https:\/\/canal7slp.tv\/2025\/norma-pina-llama-a-sesion-extraordinaria-para-resolver-impugnaciones-al-tepjf\/","url":"https:\/\/canal7slp.tv\/2025\/norma-pina-llama-a-sesion-extraordinaria-para-resolver-impugnaciones-al-tepjf\/","name":"Norma Pi\u00f1a llama a sesi\u00f3n extraordinaria para resolver impugnaciones al TEPJF - Canal 7 SLP - 2025","isPartOf":{"@id":"https:\/\/canal7slp.tv\/2025\/#website"},"primaryImageOfPage":{"@id":"https:\/\/canal7slp.tv\/2025\/norma-pina-llama-a-sesion-extraordinaria-para-resolver-impugnaciones-al-tepjf\/#primaryimage"},"image":{"@id":"https:\/\/canal7slp.tv\/2025\/norma-pina-llama-a-sesion-extraordinaria-para-resolver-impugnaciones-al-tepjf\/#primaryimage"},"thumbnailUrl":"https:\/\/canal7slp.tv\/2025\/wp-content\/uploads\/2025\/08\/09-18.jpg","datePublished":"2025-08-19T21:37:18+00:00","breadcrumb":{"@id":"https:\/\/canal7slp.tv\/2025\/norma-pina-llama-a-sesion-extraordinaria-para-resolver-impugnaciones-al-tepjf\/#breadcrumb"},"inLanguage":"es","potentialAction":[{"@type":"ReadAction","target":["https:\/\/canal7slp.tv\/2025\/norma-pina-llama-a-sesion-extraordinaria-para-resolver-impugnaciones-al-tepjf\/"]}]},{"@type":"ImageObject","inLanguage":"es","@id":"https:\/\/canal7slp.tv\/2025\/norma-pina-llama-a-sesion-extraordinaria-para-resolver-impugnaciones-al-tepjf\/#primaryimage","url":"https:\/\/canal7slp.tv\/2025\/wp-content\/uploads\/2025\/08\/09-18.jpg","contentUrl":"https:\/\/canal7slp.tv\/2025\/wp-content\/uploads\/2025\/08\/09-18.jpg","width":640,"height":427},{"@type":"BreadcrumbList","@id":"https:\/\/canal7slp.tv\/2025\/norma-pina-llama-a-sesion-extraordinaria-para-resolver-impugnaciones-al-tepjf\/#breadcrumb","itemListElement":[{"@type":"ListItem","position":1,"name":"Portada","item":"https:\/\/canal7slp.tv\/2025\/"},{"@type":"ListItem","position":2,"name":"Norma Pi\u00f1a llama a sesi\u00f3n extraordinaria para resolver impugnaciones al TEPJF"}]},{"@type":"WebSite","@id":"https:\/\/canal7slp.tv\/2025\/#website","url":"https:\/\/canal7slp.tv\/2025\/","name":"N7 - Noticieros Canal 7","description":"Somos el Medio","publisher":{"@id":"https:\/\/canal7slp.tv\/2025\/#organization"},"potentialAction":[{"@type":"SearchAction","target":{"@type":"EntryPoint","urlTemplate":"https:\/\/canal7slp.tv\/2025\/?s={search_term_string}"},"query-input":{"@type":"PropertyValueSpecification","valueRequired":true,"valueName":"search_term_string"}}],"inLanguage":"es"},{"@type":"Organization","@id":"https:\/\/canal7slp.tv\/2025\/#organization","name":"Noticieros Canal 7","url":"https:\/\/canal7slp.tv\/2025\/","logo":{"@type":"ImageObject","inLanguage":"es","@id":"https:\/\/canal7slp.tv\/2025\/#\/schema\/logo\/image\/","url":"https:\/\/canal7slp.tv\/2025\/wp-content\/uploads\/2021\/01\/logo-noticieros@2x.png","contentUrl":"https:\/\/canal7slp.tv\/2025\/wp-content\/uploads\/2021\/01\/logo-noticieros@2x.png","width":1017,"height":268,"caption":"Noticieros Canal 7"},"image":{"@id":"https:\/\/canal7slp.tv\/2025\/#\/schema\/logo\/image\/"},"sameAs":["https:\/\/www.facebook.com\/noticieroscanal7atencionciudadana\/","https:\/\/x.com\/NOTICIEROS7","https:\/\/www.instagram.com\/canal7_slp","https:\/\/www.youtube.com\/channel\/UCliiYs-gP3JfJeqdPrNdd5A"]},{"@type":"Person","@id":"https:\/\/canal7slp.tv\/2025\/#\/schema\/person\/271e2b60a96e7cc9d9ac296f4d7e414b","name":"Edici\u00f3n Web","image":{"@type":"ImageObject","inLanguage":"es","@id":"https:\/\/secure.gravatar.com\/avatar\/eee448fc3f7164808013b816ba91ac7e43bbe82a70bebac296f8bc6f0addaa1a?s=96&d=mm&r=g","url":"https:\/\/secure.gravatar.com\/avatar\/eee448fc3f7164808013b816ba91ac7e43bbe82a70bebac296f8bc6f0addaa1a?s=96&d=mm&r=g","contentUrl":"https:\/\/secure.gravatar.com\/avatar\/eee448fc3f7164808013b816ba91ac7e43bbe82a70bebac296f8bc6f0addaa1a?s=96&d=mm&r=g","caption":"Edici\u00f3n Web"},"url":"https:\/\/canal7slp.tv\/2025\/author\/edicionweb\/"}]}},"_links":{"self":[{"href":"https:\/\/canal7slp.tv\/2025\/wp-json\/wp\/v2\/posts\/176945","targetHints":{"allow":["GET"]}}],"collection":[{"href":"https:\/\/canal7slp.tv\/2025\/wp-json\/wp\/v2\/posts"}],"about":[{"href":"https:\/\/canal7slp.tv\/2025\/wp-json\/wp\/v2\/types\/post"}],"author":[{"embeddable":true,"href":"https:\/\/canal7slp.tv\/2025\/wp-json\/wp\/v2\/users\/2"}],"replies":[{"embeddable":true,"href":"https:\/\/canal7slp.tv\/2025\/wp-json\/wp\/v2\/comments?post=176945"}],"version-history":[{"count":1,"href":"https:\/\/canal7slp.tv\/2025\/wp-json\/wp\/v2\/posts\/176945\/revisions"}],"predecessor-version":[{"id":176947,"href":"https:\/\/canal7slp.tv\/2025\/wp-json\/wp\/v2\/posts\/176945\/revisions\/176947"}],"wp:featuredmedia":[{"embeddable":true,"href":"https:\/\/canal7slp.tv\/2025\/wp-json\/wp\/v2\/media\/176946"}],"wp:attachment":[{"href":"https:\/\/canal7slp.tv\/2025\/wp-json\/wp\/v2\/media?parent=176945"}],"wp:term":[{"taxonomy":"category","embeddable":true,"href":"https:\/\/canal7slp.tv\/2025\/wp-json\/wp\/v2\/categories?post=176945"},{"taxonomy":"post_tag","embeddable":true,"href":"https:\/\/canal7slp.tv\/2025\/wp-json\/wp\/v2\/tags?post=176945"}],"curies":[{"name":"wp","href":"https:\/\/api.w.org\/{rel}","templated":true}]}}