{"id":176927,"date":"2025-08-19T14:43:04","date_gmt":"2025-08-19T20:43:04","guid":{"rendered":"https:\/\/canal7slp.tv\/2025\/?p=176927"},"modified":"2025-08-19T14:43:04","modified_gmt":"2025-08-19T20:43:04","slug":"presidencia-niega-acuerdo-con-la-dea-sobre-el-proyecto-portero","status":"publish","type":"post","link":"https:\/\/canal7slp.tv\/2025\/presidencia-niega-acuerdo-con-la-dea-sobre-el-proyecto-portero\/","title":{"rendered":"Presidencia niega acuerdo con la DEA sobre el \u201cProyecto Portero\u201d"},"content":{"rendered":"<p style=\"text-align: justify;\">M\u00e9xico.- La presidenta Claudia Sheinbaum Pardo rechaz\u00f3 este martes que exista un acuerdo vigente con la Agencia Antidrogas de Estados Unidos (DEA), pese al anuncio de esa instituci\u00f3n sobre el llamado \u2018Proyecto Portero\u2019.<\/p>\n<p style=\"text-align: justify;\">Durante su conferencia matutina, la mandataria federal aclar\u00f3 que no se ha alcanzado ning\u00fan acuerdo con la DEA y cuestion\u00f3 la validez del comunicado difundido por la agencia estadounidense.<\/p>\n<p style=\"text-align: justify;\">El \u2018Proyecto Portero\u2019 fue presentado por la DEA como un esquema de cooperaci\u00f3n bilateral para combatir a los c\u00e1rteles responsables del tr\u00e1fico de drogas sint\u00e9ticas hacia Estados Unidos, con \u00e9nfasis en los grupos que controlan las rutas de contrabando fronterizas.<\/p>\n<p style=\"text-align: justify;\">Sheinbaum recalc\u00f3 que no hay operaciones recientes pactadas con la DEA y subray\u00f3 que toda colaboraci\u00f3n internacional debe realizarse de manera conjunta y formal, evitando avalar comunicados de agencias extranjeras que no hayan sido discutidos previamente con el gobierno mexicano.<\/p>\n<p style=\"text-align: justify;\">La presidenta a\u00f1adi\u00f3 que, si bien existe comunicaci\u00f3n constante con Washington y se trabaja en un acuerdo de seguridad en proceso de desarrollo, no se ha firmado ning\u00fan convenio espec\u00edfico con agencias estadounidenses.<\/p>\n","protected":false},"excerpt":{"rendered":"<p>M\u00e9xico.- La presidenta Claudia Sheinbaum Pardo rechaz\u00f3 este martes que exista un acuerdo vigente con la Agencia Antidrogas de Estados Unidos (DEA), pese al anuncio de esa instituci\u00f3n sobre el llamado \u2018Proyecto Portero\u2019. Durante su conferencia matutina, la mandataria federal aclar\u00f3 que no se ha alcanzado ning\u00fan acuerdo con la DEA y cuestion\u00f3 la validez del comunicado difundido por la agencia estadounidense. El \u2018Proyecto Portero\u2019 fue presentado por la DEA como un esquema de cooperaci\u00f3n bilateral para combatir a los c\u00e1rteles responsables del tr\u00e1fico de drogas sint\u00e9ticas hacia Estados Unidos, con \u00e9nfasis en los grupos que controlan las rutas de [&hellip;]<\/p>\n","protected":false},"author":2,"featured_media":176928,"comment_status":"closed","ping_status":"closed","sticky":false,"template":"","format":"standard","meta":{"_monsterinsights_skip_tracking":false,"_monsterinsights_sitenote_active":false,"_monsterinsights_sitenote_note":"","_monsterinsights_sitenote_category":0,"footnotes":""},"categories":[46],"tags":[],"class_list":["post-176927","post","type-post","status-publish","format-standard","has-post-thumbnail","hentry","category-nacional","post--single"],"yoast_head":"<!-- This site is optimized with the Yoast SEO plugin v27.5 - https:\/\/yoast.com\/product\/yoast-seo-wordpress\/ -->\n<title>Presidencia niega acuerdo con la DEA sobre el \u201cProyecto Portero\u201d - Canal 7 SLP - 2025<\/title>\n<meta name=\"robots\" content=\"index, follow, max-snippet:-1, max-image-preview:large, max-video-preview:-1\" \/>\n<link rel=\"canonical\" href=\"https:\/\/canal7slp.tv\/2025\/presidencia-niega-acuerdo-con-la-dea-sobre-el-proyecto-portero\/\" \/>\n<meta property=\"og:locale\" content=\"es_ES\" \/>\n<meta property=\"og:type\" content=\"article\" \/>\n<meta property=\"og:title\" content=\"Presidencia niega acuerdo con la DEA sobre el \u201cProyecto Portero\u201d - Canal 7 SLP - 2025\" \/>\n<meta property=\"og:description\" content=\"M\u00e9xico.- La presidenta Claudia Sheinbaum Pardo rechaz\u00f3 este martes que exista un acuerdo vigente con la Agencia Antidrogas de Estados Unidos (DEA), pese al anuncio de esa instituci\u00f3n sobre el llamado \u2018Proyecto Portero\u2019. Durante su conferencia matutina, la mandataria federal aclar\u00f3 que no se ha alcanzado ning\u00fan acuerdo con la DEA y cuestion\u00f3 la validez del comunicado difundido por la agencia estadounidense. El \u2018Proyecto Portero\u2019 fue presentado por la DEA como un esquema de cooperaci\u00f3n bilateral para combatir a los c\u00e1rteles responsables del tr\u00e1fico de drogas sint\u00e9ticas hacia Estados Unidos, con \u00e9nfasis en los grupos que controlan las rutas de [&hellip;]\" \/>\n<meta property=\"og:url\" content=\"https:\/\/canal7slp.tv\/2025\/presidencia-niega-acuerdo-con-la-dea-sobre-el-proyecto-portero\/\" \/>\n<meta property=\"og:site_name\" content=\"Canal 7 SLP - 2025\" \/>\n<meta property=\"article:publisher\" content=\"https:\/\/www.facebook.com\/noticieroscanal7atencionciudadana\/\" \/>\n<meta property=\"article:published_time\" content=\"2025-08-19T20:43:04+00:00\" \/>\n<meta property=\"og:image\" content=\"https:\/\/canal7slp.tv\/2025\/wp-content\/uploads\/2025\/08\/07-17.jpg\" \/>\n\t<meta property=\"og:image:width\" content=\"654\" \/>\n\t<meta property=\"og:image:height\" content=\"410\" \/>\n\t<meta property=\"og:image:type\" content=\"image\/jpeg\" \/>\n<meta name=\"author\" content=\"Edici\u00f3n Web\" \/>\n<meta name=\"twitter:card\" content=\"summary_large_image\" \/>\n<meta name=\"twitter:creator\" content=\"@NOTICIEROS7\" \/>\n<meta name=\"twitter:site\" content=\"@NOTICIEROS7\" \/>\n<meta name=\"twitter:label1\" content=\"Escrito por\" \/>\n\t<meta name=\"twitter:data1\" content=\"Edici\u00f3n Web\" \/>\n\t<meta name=\"twitter:label2\" content=\"Tiempo de lectura\" \/>\n\t<meta name=\"twitter:data2\" content=\"2 minutos\" \/>\n<script type=\"application\/ld+json\" class=\"yoast-schema-graph\">{\"@context\":\"https:\\\/\\\/schema.org\",\"@graph\":[{\"@type\":\"Article\",\"@id\":\"https:\\\/\\\/canal7slp.tv\\\/2025\\\/presidencia-niega-acuerdo-con-la-dea-sobre-el-proyecto-portero\\\/#article\",\"isPartOf\":{\"@id\":\"https:\\\/\\\/canal7slp.tv\\\/2025\\\/presidencia-niega-acuerdo-con-la-dea-sobre-el-proyecto-portero\\\/\"},\"author\":{\"name\":\"Edici\u00f3n Web\",\"@id\":\"https:\\\/\\\/canal7slp.tv\\\/2025\\\/#\\\/schema\\\/person\\\/271e2b60a96e7cc9d9ac296f4d7e414b\"},\"headline\":\"Presidencia niega acuerdo con la DEA sobre el \u201cProyecto Portero\u201d\",\"datePublished\":\"2025-08-19T20:43:04+00:00\",\"mainEntityOfPage\":{\"@id\":\"https:\\\/\\\/canal7slp.tv\\\/2025\\\/presidencia-niega-acuerdo-con-la-dea-sobre-el-proyecto-portero\\\/\"},\"wordCount\":198,\"publisher\":{\"@id\":\"https:\\\/\\\/canal7slp.tv\\\/2025\\\/#organization\"},\"image\":{\"@id\":\"https:\\\/\\\/canal7slp.tv\\\/2025\\\/presidencia-niega-acuerdo-con-la-dea-sobre-el-proyecto-portero\\\/#primaryimage\"},\"thumbnailUrl\":\"https:\\\/\\\/canal7slp.tv\\\/2025\\\/wp-content\\\/uploads\\\/2025\\\/08\\\/07-17.jpg\",\"articleSection\":[\"NACIONALES\"],\"inLanguage\":\"es\"},{\"@type\":\"WebPage\",\"@id\":\"https:\\\/\\\/canal7slp.tv\\\/2025\\\/presidencia-niega-acuerdo-con-la-dea-sobre-el-proyecto-portero\\\/\",\"url\":\"https:\\\/\\\/canal7slp.tv\\\/2025\\\/presidencia-niega-acuerdo-con-la-dea-sobre-el-proyecto-portero\\\/\",\"name\":\"Presidencia niega acuerdo con la DEA sobre el \u201cProyecto Portero\u201d - Canal 7 SLP - 2025\",\"isPartOf\":{\"@id\":\"https:\\\/\\\/canal7slp.tv\\\/2025\\\/#website\"},\"primaryImageOfPage\":{\"@id\":\"https:\\\/\\\/canal7slp.tv\\\/2025\\\/presidencia-niega-acuerdo-con-la-dea-sobre-el-proyecto-portero\\\/#primaryimage\"},\"image\":{\"@id\":\"https:\\\/\\\/canal7slp.tv\\\/2025\\\/presidencia-niega-acuerdo-con-la-dea-sobre-el-proyecto-portero\\\/#primaryimage\"},\"thumbnailUrl\":\"https:\\\/\\\/canal7slp.tv\\\/2025\\\/wp-content\\\/uploads\\\/2025\\\/08\\\/07-17.jpg\",\"datePublished\":\"2025-08-19T20:43:04+00:00\",\"breadcrumb\":{\"@id\":\"https:\\\/\\\/canal7slp.tv\\\/2025\\\/presidencia-niega-acuerdo-con-la-dea-sobre-el-proyecto-portero\\\/#breadcrumb\"},\"inLanguage\":\"es\",\"potentialAction\":[{\"@type\":\"ReadAction\",\"target\":[\"https:\\\/\\\/canal7slp.tv\\\/2025\\\/presidencia-niega-acuerdo-con-la-dea-sobre-el-proyecto-portero\\\/\"]}]},{\"@type\":\"ImageObject\",\"inLanguage\":\"es\",\"@id\":\"https:\\\/\\\/canal7slp.tv\\\/2025\\\/presidencia-niega-acuerdo-con-la-dea-sobre-el-proyecto-portero\\\/#primaryimage\",\"url\":\"https:\\\/\\\/canal7slp.tv\\\/2025\\\/wp-content\\\/uploads\\\/2025\\\/08\\\/07-17.jpg\",\"contentUrl\":\"https:\\\/\\\/canal7slp.tv\\\/2025\\\/wp-content\\\/uploads\\\/2025\\\/08\\\/07-17.jpg\",\"width\":654,\"height\":410},{\"@type\":\"BreadcrumbList\",\"@id\":\"https:\\\/\\\/canal7slp.tv\\\/2025\\\/presidencia-niega-acuerdo-con-la-dea-sobre-el-proyecto-portero\\\/#breadcrumb\",\"itemListElement\":[{\"@type\":\"ListItem\",\"position\":1,\"name\":\"Portada\",\"item\":\"https:\\\/\\\/canal7slp.tv\\\/2025\\\/\"},{\"@type\":\"ListItem\",\"position\":2,\"name\":\"Presidencia niega acuerdo con la DEA sobre el \u201cProyecto Portero\u201d\"}]},{\"@type\":\"WebSite\",\"@id\":\"https:\\\/\\\/canal7slp.tv\\\/2025\\\/#website\",\"url\":\"https:\\\/\\\/canal7slp.tv\\\/2025\\\/\",\"name\":\"N7 - Noticieros Canal 7\",\"description\":\"Somos el Medio\",\"publisher\":{\"@id\":\"https:\\\/\\\/canal7slp.tv\\\/2025\\\/#organization\"},\"potentialAction\":[{\"@type\":\"SearchAction\",\"target\":{\"@type\":\"EntryPoint\",\"urlTemplate\":\"https:\\\/\\\/canal7slp.tv\\\/2025\\\/?s={search_term_string}\"},\"query-input\":{\"@type\":\"PropertyValueSpecification\",\"valueRequired\":true,\"valueName\":\"search_term_string\"}}],\"inLanguage\":\"es\"},{\"@type\":\"Organization\",\"@id\":\"https:\\\/\\\/canal7slp.tv\\\/2025\\\/#organization\",\"name\":\"Noticieros Canal 7\",\"url\":\"https:\\\/\\\/canal7slp.tv\\\/2025\\\/\",\"logo\":{\"@type\":\"ImageObject\",\"inLanguage\":\"es\",\"@id\":\"https:\\\/\\\/canal7slp.tv\\\/2025\\\/#\\\/schema\\\/logo\\\/image\\\/\",\"url\":\"https:\\\/\\\/canal7slp.tv\\\/2025\\\/wp-content\\\/uploads\\\/2021\\\/01\\\/logo-noticieros@2x.png\",\"contentUrl\":\"https:\\\/\\\/canal7slp.tv\\\/2025\\\/wp-content\\\/uploads\\\/2021\\\/01\\\/logo-noticieros@2x.png\",\"width\":1017,\"height\":268,\"caption\":\"Noticieros Canal 7\"},\"image\":{\"@id\":\"https:\\\/\\\/canal7slp.tv\\\/2025\\\/#\\\/schema\\\/logo\\\/image\\\/\"},\"sameAs\":[\"https:\\\/\\\/www.facebook.com\\\/noticieroscanal7atencionciudadana\\\/\",\"https:\\\/\\\/x.com\\\/NOTICIEROS7\",\"https:\\\/\\\/www.instagram.com\\\/canal7_slp\",\"https:\\\/\\\/www.youtube.com\\\/channel\\\/UCliiYs-gP3JfJeqdPrNdd5A\"]},{\"@type\":\"Person\",\"@id\":\"https:\\\/\\\/canal7slp.tv\\\/2025\\\/#\\\/schema\\\/person\\\/271e2b60a96e7cc9d9ac296f4d7e414b\",\"name\":\"Edici\u00f3n Web\",\"image\":{\"@type\":\"ImageObject\",\"inLanguage\":\"es\",\"@id\":\"https:\\\/\\\/secure.gravatar.com\\\/avatar\\\/eee448fc3f7164808013b816ba91ac7e43bbe82a70bebac296f8bc6f0addaa1a?s=96&d=mm&r=g\",\"url\":\"https:\\\/\\\/secure.gravatar.com\\\/avatar\\\/eee448fc3f7164808013b816ba91ac7e43bbe82a70bebac296f8bc6f0addaa1a?s=96&d=mm&r=g\",\"contentUrl\":\"https:\\\/\\\/secure.gravatar.com\\\/avatar\\\/eee448fc3f7164808013b816ba91ac7e43bbe82a70bebac296f8bc6f0addaa1a?s=96&d=mm&r=g\",\"caption\":\"Edici\u00f3n Web\"},\"url\":\"https:\\\/\\\/canal7slp.tv\\\/2025\\\/author\\\/edicionweb\\\/\"}]}<\/script>\n<!-- \/ Yoast SEO plugin. -->","yoast_head_json":{"title":"Presidencia niega acuerdo con la DEA sobre el \u201cProyecto Portero\u201d - Canal 7 SLP - 2025","robots":{"index":"index","follow":"follow","max-snippet":"max-snippet:-1","max-image-preview":"max-image-preview:large","max-video-preview":"max-video-preview:-1"},"canonical":"https:\/\/canal7slp.tv\/2025\/presidencia-niega-acuerdo-con-la-dea-sobre-el-proyecto-portero\/","og_locale":"es_ES","og_type":"article","og_title":"Presidencia niega acuerdo con la DEA sobre el \u201cProyecto Portero\u201d - Canal 7 SLP - 2025","og_description":"M\u00e9xico.- La presidenta Claudia Sheinbaum Pardo rechaz\u00f3 este martes que exista un acuerdo vigente con la Agencia Antidrogas de Estados Unidos (DEA), pese al anuncio de esa instituci\u00f3n sobre el llamado \u2018Proyecto Portero\u2019. Durante su conferencia matutina, la mandataria federal aclar\u00f3 que no se ha alcanzado ning\u00fan acuerdo con la DEA y cuestion\u00f3 la validez del comunicado difundido por la agencia estadounidense. El \u2018Proyecto Portero\u2019 fue presentado por la DEA como un esquema de cooperaci\u00f3n bilateral para combatir a los c\u00e1rteles responsables del tr\u00e1fico de drogas sint\u00e9ticas hacia Estados Unidos, con \u00e9nfasis en los grupos que controlan las rutas de [&hellip;]","og_url":"https:\/\/canal7slp.tv\/2025\/presidencia-niega-acuerdo-con-la-dea-sobre-el-proyecto-portero\/","og_site_name":"Canal 7 SLP - 2025","article_publisher":"https:\/\/www.facebook.com\/noticieroscanal7atencionciudadana\/","article_published_time":"2025-08-19T20:43:04+00:00","og_image":[{"width":654,"height":410,"url":"https:\/\/canal7slp.tv\/2025\/wp-content\/uploads\/2025\/08\/07-17.jpg","type":"image\/jpeg"}],"author":"Edici\u00f3n Web","twitter_card":"summary_large_image","twitter_creator":"@NOTICIEROS7","twitter_site":"@NOTICIEROS7","twitter_misc":{"Escrito por":"Edici\u00f3n Web","Tiempo de lectura":"2 minutos"},"schema":{"@context":"https:\/\/schema.org","@graph":[{"@type":"Article","@id":"https:\/\/canal7slp.tv\/2025\/presidencia-niega-acuerdo-con-la-dea-sobre-el-proyecto-portero\/#article","isPartOf":{"@id":"https:\/\/canal7slp.tv\/2025\/presidencia-niega-acuerdo-con-la-dea-sobre-el-proyecto-portero\/"},"author":{"name":"Edici\u00f3n Web","@id":"https:\/\/canal7slp.tv\/2025\/#\/schema\/person\/271e2b60a96e7cc9d9ac296f4d7e414b"},"headline":"Presidencia niega acuerdo con la DEA sobre el \u201cProyecto Portero\u201d","datePublished":"2025-08-19T20:43:04+00:00","mainEntityOfPage":{"@id":"https:\/\/canal7slp.tv\/2025\/presidencia-niega-acuerdo-con-la-dea-sobre-el-proyecto-portero\/"},"wordCount":198,"publisher":{"@id":"https:\/\/canal7slp.tv\/2025\/#organization"},"image":{"@id":"https:\/\/canal7slp.tv\/2025\/presidencia-niega-acuerdo-con-la-dea-sobre-el-proyecto-portero\/#primaryimage"},"thumbnailUrl":"https:\/\/canal7slp.tv\/2025\/wp-content\/uploads\/2025\/08\/07-17.jpg","articleSection":["NACIONALES"],"inLanguage":"es"},{"@type":"WebPage","@id":"https:\/\/canal7slp.tv\/2025\/presidencia-niega-acuerdo-con-la-dea-sobre-el-proyecto-portero\/","url":"https:\/\/canal7slp.tv\/2025\/presidencia-niega-acuerdo-con-la-dea-sobre-el-proyecto-portero\/","name":"Presidencia niega acuerdo con la DEA sobre el \u201cProyecto Portero\u201d - Canal 7 SLP - 2025","isPartOf":{"@id":"https:\/\/canal7slp.tv\/2025\/#website"},"primaryImageOfPage":{"@id":"https:\/\/canal7slp.tv\/2025\/presidencia-niega-acuerdo-con-la-dea-sobre-el-proyecto-portero\/#primaryimage"},"image":{"@id":"https:\/\/canal7slp.tv\/2025\/presidencia-niega-acuerdo-con-la-dea-sobre-el-proyecto-portero\/#primaryimage"},"thumbnailUrl":"https:\/\/canal7slp.tv\/2025\/wp-content\/uploads\/2025\/08\/07-17.jpg","datePublished":"2025-08-19T20:43:04+00:00","breadcrumb":{"@id":"https:\/\/canal7slp.tv\/2025\/presidencia-niega-acuerdo-con-la-dea-sobre-el-proyecto-portero\/#breadcrumb"},"inLanguage":"es","potentialAction":[{"@type":"ReadAction","target":["https:\/\/canal7slp.tv\/2025\/presidencia-niega-acuerdo-con-la-dea-sobre-el-proyecto-portero\/"]}]},{"@type":"ImageObject","inLanguage":"es","@id":"https:\/\/canal7slp.tv\/2025\/presidencia-niega-acuerdo-con-la-dea-sobre-el-proyecto-portero\/#primaryimage","url":"https:\/\/canal7slp.tv\/2025\/wp-content\/uploads\/2025\/08\/07-17.jpg","contentUrl":"https:\/\/canal7slp.tv\/2025\/wp-content\/uploads\/2025\/08\/07-17.jpg","width":654,"height":410},{"@type":"BreadcrumbList","@id":"https:\/\/canal7slp.tv\/2025\/presidencia-niega-acuerdo-con-la-dea-sobre-el-proyecto-portero\/#breadcrumb","itemListElement":[{"@type":"ListItem","position":1,"name":"Portada","item":"https:\/\/canal7slp.tv\/2025\/"},{"@type":"ListItem","position":2,"name":"Presidencia niega acuerdo con la DEA sobre el \u201cProyecto Portero\u201d"}]},{"@type":"WebSite","@id":"https:\/\/canal7slp.tv\/2025\/#website","url":"https:\/\/canal7slp.tv\/2025\/","name":"N7 - Noticieros Canal 7","description":"Somos el Medio","publisher":{"@id":"https:\/\/canal7slp.tv\/2025\/#organization"},"potentialAction":[{"@type":"SearchAction","target":{"@type":"EntryPoint","urlTemplate":"https:\/\/canal7slp.tv\/2025\/?s={search_term_string}"},"query-input":{"@type":"PropertyValueSpecification","valueRequired":true,"valueName":"search_term_string"}}],"inLanguage":"es"},{"@type":"Organization","@id":"https:\/\/canal7slp.tv\/2025\/#organization","name":"Noticieros Canal 7","url":"https:\/\/canal7slp.tv\/2025\/","logo":{"@type":"ImageObject","inLanguage":"es","@id":"https:\/\/canal7slp.tv\/2025\/#\/schema\/logo\/image\/","url":"https:\/\/canal7slp.tv\/2025\/wp-content\/uploads\/2021\/01\/logo-noticieros@2x.png","contentUrl":"https:\/\/canal7slp.tv\/2025\/wp-content\/uploads\/2021\/01\/logo-noticieros@2x.png","width":1017,"height":268,"caption":"Noticieros Canal 7"},"image":{"@id":"https:\/\/canal7slp.tv\/2025\/#\/schema\/logo\/image\/"},"sameAs":["https:\/\/www.facebook.com\/noticieroscanal7atencionciudadana\/","https:\/\/x.com\/NOTICIEROS7","https:\/\/www.instagram.com\/canal7_slp","https:\/\/www.youtube.com\/channel\/UCliiYs-gP3JfJeqdPrNdd5A"]},{"@type":"Person","@id":"https:\/\/canal7slp.tv\/2025\/#\/schema\/person\/271e2b60a96e7cc9d9ac296f4d7e414b","name":"Edici\u00f3n Web","image":{"@type":"ImageObject","inLanguage":"es","@id":"https:\/\/secure.gravatar.com\/avatar\/eee448fc3f7164808013b816ba91ac7e43bbe82a70bebac296f8bc6f0addaa1a?s=96&d=mm&r=g","url":"https:\/\/secure.gravatar.com\/avatar\/eee448fc3f7164808013b816ba91ac7e43bbe82a70bebac296f8bc6f0addaa1a?s=96&d=mm&r=g","contentUrl":"https:\/\/secure.gravatar.com\/avatar\/eee448fc3f7164808013b816ba91ac7e43bbe82a70bebac296f8bc6f0addaa1a?s=96&d=mm&r=g","caption":"Edici\u00f3n Web"},"url":"https:\/\/canal7slp.tv\/2025\/author\/edicionweb\/"}]}},"_links":{"self":[{"href":"https:\/\/canal7slp.tv\/2025\/wp-json\/wp\/v2\/posts\/176927","targetHints":{"allow":["GET"]}}],"collection":[{"href":"https:\/\/canal7slp.tv\/2025\/wp-json\/wp\/v2\/posts"}],"about":[{"href":"https:\/\/canal7slp.tv\/2025\/wp-json\/wp\/v2\/types\/post"}],"author":[{"embeddable":true,"href":"https:\/\/canal7slp.tv\/2025\/wp-json\/wp\/v2\/users\/2"}],"replies":[{"embeddable":true,"href":"https:\/\/canal7slp.tv\/2025\/wp-json\/wp\/v2\/comments?post=176927"}],"version-history":[{"count":1,"href":"https:\/\/canal7slp.tv\/2025\/wp-json\/wp\/v2\/posts\/176927\/revisions"}],"predecessor-version":[{"id":176929,"href":"https:\/\/canal7slp.tv\/2025\/wp-json\/wp\/v2\/posts\/176927\/revisions\/176929"}],"wp:featuredmedia":[{"embeddable":true,"href":"https:\/\/canal7slp.tv\/2025\/wp-json\/wp\/v2\/media\/176928"}],"wp:attachment":[{"href":"https:\/\/canal7slp.tv\/2025\/wp-json\/wp\/v2\/media?parent=176927"}],"wp:term":[{"taxonomy":"category","embeddable":true,"href":"https:\/\/canal7slp.tv\/2025\/wp-json\/wp\/v2\/categories?post=176927"},{"taxonomy":"post_tag","embeddable":true,"href":"https:\/\/canal7slp.tv\/2025\/wp-json\/wp\/v2\/tags?post=176927"}],"curies":[{"name":"wp","href":"https:\/\/api.w.org\/{rel}","templated":true}]}}