{"id":176921,"date":"2025-08-19T14:14:47","date_gmt":"2025-08-19T20:14:47","guid":{"rendered":"https:\/\/canal7slp.tv\/2025\/?p=176921"},"modified":"2025-08-19T14:14:47","modified_gmt":"2025-08-19T20:14:47","slug":"texas-declara-el-fin-del-brote-de-sarampion","status":"publish","type":"post","link":"https:\/\/canal7slp.tv\/2025\/texas-declara-el-fin-del-brote-de-sarampion\/","title":{"rendered":"Texas declara el fin del brote de sarampi\u00f3n"},"content":{"rendered":"<ul style=\"text-align: justify;\">\n<li>Am\u00e9rica enfrenta repunte hist\u00f3rico.<\/li>\n<\/ul>\n<p style=\"text-align: justify;\">Las autoridades de salud de Texas anunciaron el fin del brote de sarampi\u00f3n que inici\u00f3 a principios de 2025 en el oeste del estado, tras m\u00e1s de 700 contagios y la muerte de dos menores no vacunados.<\/p>\n<p style=\"text-align: justify;\">El Departamento Estatal de Servicios de Salud (DSHS) confirm\u00f3 que han pasado 42 d\u00edas sin nuevos casos, el doble del periodo m\u00e1ximo de incubaci\u00f3n del virus. En total se registraron 762 contagios, de los cuales dos tercios correspondieron a menores de edad. Adem\u00e1s, se reportaron 99 hospitalizaciones y dos fallecimientos, ambos en ni\u00f1os sin vacunaci\u00f3n ni enfermedades previas.<\/p>\n<p style=\"text-align: justify;\">Pese al cierre del brote en Texas, las autoridades instaron a mantener precauciones, ya que en otras regiones del continente siguen activos focos de contagio. La Organizaci\u00f3n Panamericana de la Salud (OPS) inform\u00f3 que los casos de sarampi\u00f3n en Am\u00e9rica superaron los 10,000 hasta agosto de 2025, lo que representa un aumento 34 veces mayor respecto al mismo periodo del a\u00f1o anterior.<\/p>\n<p style=\"text-align: justify;\">Estados Unidos acumula 1,356 casos, la cifra m\u00e1s alta en 33 a\u00f1os, y se ubica como el tercer pa\u00eds con m\u00e1s contagios en la regi\u00f3n, solo detr\u00e1s de Canad\u00e1 (4,548 casos) y M\u00e9xico (3,911 casos).<\/p>\n<p style=\"text-align: justify;\">El sarampi\u00f3n, enfermedad respiratoria altamente contagiosa, puede derivar en complicaciones graves como neumon\u00eda y encefalitis. Se transmite por v\u00eda a\u00e9rea a trav\u00e9s de la tos, estornudos o incluso al respirar en espacios cerrados con personas infectadas.<\/p>\n<p style=\"text-align: justify;\">Las autoridades sanitarias recordaron que la vacunaci\u00f3n con dos dosis de la vacuna triple viral (MMR) es la medida m\u00e1s efectiva para prevenir el sarampi\u00f3n, con una eficacia superior al 97%. La primera dosis debe aplicarse entre los 12 y 15 meses de edad, y la segunda entre los 4 y 6 a\u00f1os.<\/p>\n","protected":false},"excerpt":{"rendered":"<p>Am\u00e9rica enfrenta repunte hist\u00f3rico. Las autoridades de salud de Texas anunciaron el fin del brote de sarampi\u00f3n que inici\u00f3 a principios de 2025 en el oeste del estado, tras m\u00e1s de 700 contagios y la muerte de dos menores no vacunados. El Departamento Estatal de Servicios de Salud (DSHS) confirm\u00f3 que han pasado 42 d\u00edas sin nuevos casos, el doble del periodo m\u00e1ximo de incubaci\u00f3n del virus. En total se registraron 762 contagios, de los cuales dos tercios correspondieron a menores de edad. Adem\u00e1s, se reportaron 99 hospitalizaciones y dos fallecimientos, ambos en ni\u00f1os sin vacunaci\u00f3n ni enfermedades previas. Pese [&hellip;]<\/p>\n","protected":false},"author":2,"featured_media":176922,"comment_status":"closed","ping_status":"closed","sticky":false,"template":"","format":"standard","meta":{"_monsterinsights_skip_tracking":false,"_monsterinsights_sitenote_active":false,"_monsterinsights_sitenote_note":"","_monsterinsights_sitenote_category":0,"footnotes":""},"categories":[44],"tags":[],"class_list":["post-176921","post","type-post","status-publish","format-standard","has-post-thumbnail","hentry","category-internacional","post--single"],"yoast_head":"<!-- This site is optimized with the Yoast SEO plugin v27.5 - https:\/\/yoast.com\/product\/yoast-seo-wordpress\/ -->\n<title>Texas declara el fin del brote de sarampi\u00f3n - Canal 7 SLP - 2025<\/title>\n<meta name=\"robots\" content=\"index, follow, max-snippet:-1, max-image-preview:large, max-video-preview:-1\" \/>\n<link rel=\"canonical\" href=\"https:\/\/canal7slp.tv\/2025\/texas-declara-el-fin-del-brote-de-sarampion\/\" \/>\n<meta property=\"og:locale\" content=\"es_ES\" \/>\n<meta property=\"og:type\" content=\"article\" \/>\n<meta property=\"og:title\" content=\"Texas declara el fin del brote de sarampi\u00f3n - Canal 7 SLP - 2025\" \/>\n<meta property=\"og:description\" content=\"Am\u00e9rica enfrenta repunte hist\u00f3rico. Las autoridades de salud de Texas anunciaron el fin del brote de sarampi\u00f3n que inici\u00f3 a principios de 2025 en el oeste del estado, tras m\u00e1s de 700 contagios y la muerte de dos menores no vacunados. El Departamento Estatal de Servicios de Salud (DSHS) confirm\u00f3 que han pasado 42 d\u00edas sin nuevos casos, el doble del periodo m\u00e1ximo de incubaci\u00f3n del virus. En total se registraron 762 contagios, de los cuales dos tercios correspondieron a menores de edad. Adem\u00e1s, se reportaron 99 hospitalizaciones y dos fallecimientos, ambos en ni\u00f1os sin vacunaci\u00f3n ni enfermedades previas. Pese [&hellip;]\" \/>\n<meta property=\"og:url\" content=\"https:\/\/canal7slp.tv\/2025\/texas-declara-el-fin-del-brote-de-sarampion\/\" \/>\n<meta property=\"og:site_name\" content=\"Canal 7 SLP - 2025\" \/>\n<meta property=\"article:publisher\" content=\"https:\/\/www.facebook.com\/noticieroscanal7atencionciudadana\/\" \/>\n<meta property=\"article:published_time\" content=\"2025-08-19T20:14:47+00:00\" \/>\n<meta property=\"og:image\" content=\"https:\/\/canal7slp.tv\/2025\/wp-content\/uploads\/2025\/08\/05-18.jpg\" \/>\n\t<meta property=\"og:image:width\" content=\"751\" \/>\n\t<meta property=\"og:image:height\" content=\"500\" \/>\n\t<meta property=\"og:image:type\" content=\"image\/jpeg\" \/>\n<meta name=\"author\" content=\"Edici\u00f3n Web\" \/>\n<meta name=\"twitter:card\" content=\"summary_large_image\" \/>\n<meta name=\"twitter:creator\" content=\"@NOTICIEROS7\" \/>\n<meta name=\"twitter:site\" content=\"@NOTICIEROS7\" \/>\n<meta name=\"twitter:label1\" content=\"Escrito por\" \/>\n\t<meta name=\"twitter:data1\" content=\"Edici\u00f3n Web\" \/>\n\t<meta name=\"twitter:label2\" content=\"Tiempo de lectura\" \/>\n\t<meta name=\"twitter:data2\" content=\"2 minutos\" \/>\n<script type=\"application\/ld+json\" class=\"yoast-schema-graph\">{\"@context\":\"https:\\\/\\\/schema.org\",\"@graph\":[{\"@type\":\"Article\",\"@id\":\"https:\\\/\\\/canal7slp.tv\\\/2025\\\/texas-declara-el-fin-del-brote-de-sarampion\\\/#article\",\"isPartOf\":{\"@id\":\"https:\\\/\\\/canal7slp.tv\\\/2025\\\/texas-declara-el-fin-del-brote-de-sarampion\\\/\"},\"author\":{\"name\":\"Edici\u00f3n Web\",\"@id\":\"https:\\\/\\\/canal7slp.tv\\\/2025\\\/#\\\/schema\\\/person\\\/271e2b60a96e7cc9d9ac296f4d7e414b\"},\"headline\":\"Texas declara el fin del brote de sarampi\u00f3n\",\"datePublished\":\"2025-08-19T20:14:47+00:00\",\"mainEntityOfPage\":{\"@id\":\"https:\\\/\\\/canal7slp.tv\\\/2025\\\/texas-declara-el-fin-del-brote-de-sarampion\\\/\"},\"wordCount\":307,\"publisher\":{\"@id\":\"https:\\\/\\\/canal7slp.tv\\\/2025\\\/#organization\"},\"image\":{\"@id\":\"https:\\\/\\\/canal7slp.tv\\\/2025\\\/texas-declara-el-fin-del-brote-de-sarampion\\\/#primaryimage\"},\"thumbnailUrl\":\"https:\\\/\\\/canal7slp.tv\\\/2025\\\/wp-content\\\/uploads\\\/2025\\\/08\\\/05-18.jpg\",\"articleSection\":[\"INTERNACIONALES\"],\"inLanguage\":\"es\"},{\"@type\":\"WebPage\",\"@id\":\"https:\\\/\\\/canal7slp.tv\\\/2025\\\/texas-declara-el-fin-del-brote-de-sarampion\\\/\",\"url\":\"https:\\\/\\\/canal7slp.tv\\\/2025\\\/texas-declara-el-fin-del-brote-de-sarampion\\\/\",\"name\":\"Texas declara el fin del brote de sarampi\u00f3n - Canal 7 SLP - 2025\",\"isPartOf\":{\"@id\":\"https:\\\/\\\/canal7slp.tv\\\/2025\\\/#website\"},\"primaryImageOfPage\":{\"@id\":\"https:\\\/\\\/canal7slp.tv\\\/2025\\\/texas-declara-el-fin-del-brote-de-sarampion\\\/#primaryimage\"},\"image\":{\"@id\":\"https:\\\/\\\/canal7slp.tv\\\/2025\\\/texas-declara-el-fin-del-brote-de-sarampion\\\/#primaryimage\"},\"thumbnailUrl\":\"https:\\\/\\\/canal7slp.tv\\\/2025\\\/wp-content\\\/uploads\\\/2025\\\/08\\\/05-18.jpg\",\"datePublished\":\"2025-08-19T20:14:47+00:00\",\"breadcrumb\":{\"@id\":\"https:\\\/\\\/canal7slp.tv\\\/2025\\\/texas-declara-el-fin-del-brote-de-sarampion\\\/#breadcrumb\"},\"inLanguage\":\"es\",\"potentialAction\":[{\"@type\":\"ReadAction\",\"target\":[\"https:\\\/\\\/canal7slp.tv\\\/2025\\\/texas-declara-el-fin-del-brote-de-sarampion\\\/\"]}]},{\"@type\":\"ImageObject\",\"inLanguage\":\"es\",\"@id\":\"https:\\\/\\\/canal7slp.tv\\\/2025\\\/texas-declara-el-fin-del-brote-de-sarampion\\\/#primaryimage\",\"url\":\"https:\\\/\\\/canal7slp.tv\\\/2025\\\/wp-content\\\/uploads\\\/2025\\\/08\\\/05-18.jpg\",\"contentUrl\":\"https:\\\/\\\/canal7slp.tv\\\/2025\\\/wp-content\\\/uploads\\\/2025\\\/08\\\/05-18.jpg\",\"width\":751,\"height\":500},{\"@type\":\"BreadcrumbList\",\"@id\":\"https:\\\/\\\/canal7slp.tv\\\/2025\\\/texas-declara-el-fin-del-brote-de-sarampion\\\/#breadcrumb\",\"itemListElement\":[{\"@type\":\"ListItem\",\"position\":1,\"name\":\"Portada\",\"item\":\"https:\\\/\\\/canal7slp.tv\\\/2025\\\/\"},{\"@type\":\"ListItem\",\"position\":2,\"name\":\"Texas declara el fin del brote de sarampi\u00f3n\"}]},{\"@type\":\"WebSite\",\"@id\":\"https:\\\/\\\/canal7slp.tv\\\/2025\\\/#website\",\"url\":\"https:\\\/\\\/canal7slp.tv\\\/2025\\\/\",\"name\":\"N7 - Noticieros Canal 7\",\"description\":\"Somos el Medio\",\"publisher\":{\"@id\":\"https:\\\/\\\/canal7slp.tv\\\/2025\\\/#organization\"},\"potentialAction\":[{\"@type\":\"SearchAction\",\"target\":{\"@type\":\"EntryPoint\",\"urlTemplate\":\"https:\\\/\\\/canal7slp.tv\\\/2025\\\/?s={search_term_string}\"},\"query-input\":{\"@type\":\"PropertyValueSpecification\",\"valueRequired\":true,\"valueName\":\"search_term_string\"}}],\"inLanguage\":\"es\"},{\"@type\":\"Organization\",\"@id\":\"https:\\\/\\\/canal7slp.tv\\\/2025\\\/#organization\",\"name\":\"Noticieros Canal 7\",\"url\":\"https:\\\/\\\/canal7slp.tv\\\/2025\\\/\",\"logo\":{\"@type\":\"ImageObject\",\"inLanguage\":\"es\",\"@id\":\"https:\\\/\\\/canal7slp.tv\\\/2025\\\/#\\\/schema\\\/logo\\\/image\\\/\",\"url\":\"https:\\\/\\\/canal7slp.tv\\\/2025\\\/wp-content\\\/uploads\\\/2021\\\/01\\\/logo-noticieros@2x.png\",\"contentUrl\":\"https:\\\/\\\/canal7slp.tv\\\/2025\\\/wp-content\\\/uploads\\\/2021\\\/01\\\/logo-noticieros@2x.png\",\"width\":1017,\"height\":268,\"caption\":\"Noticieros Canal 7\"},\"image\":{\"@id\":\"https:\\\/\\\/canal7slp.tv\\\/2025\\\/#\\\/schema\\\/logo\\\/image\\\/\"},\"sameAs\":[\"https:\\\/\\\/www.facebook.com\\\/noticieroscanal7atencionciudadana\\\/\",\"https:\\\/\\\/x.com\\\/NOTICIEROS7\",\"https:\\\/\\\/www.instagram.com\\\/canal7_slp\",\"https:\\\/\\\/www.youtube.com\\\/channel\\\/UCliiYs-gP3JfJeqdPrNdd5A\"]},{\"@type\":\"Person\",\"@id\":\"https:\\\/\\\/canal7slp.tv\\\/2025\\\/#\\\/schema\\\/person\\\/271e2b60a96e7cc9d9ac296f4d7e414b\",\"name\":\"Edici\u00f3n Web\",\"image\":{\"@type\":\"ImageObject\",\"inLanguage\":\"es\",\"@id\":\"https:\\\/\\\/secure.gravatar.com\\\/avatar\\\/eee448fc3f7164808013b816ba91ac7e43bbe82a70bebac296f8bc6f0addaa1a?s=96&d=mm&r=g\",\"url\":\"https:\\\/\\\/secure.gravatar.com\\\/avatar\\\/eee448fc3f7164808013b816ba91ac7e43bbe82a70bebac296f8bc6f0addaa1a?s=96&d=mm&r=g\",\"contentUrl\":\"https:\\\/\\\/secure.gravatar.com\\\/avatar\\\/eee448fc3f7164808013b816ba91ac7e43bbe82a70bebac296f8bc6f0addaa1a?s=96&d=mm&r=g\",\"caption\":\"Edici\u00f3n Web\"},\"url\":\"https:\\\/\\\/canal7slp.tv\\\/2025\\\/author\\\/edicionweb\\\/\"}]}<\/script>\n<!-- \/ Yoast SEO plugin. -->","yoast_head_json":{"title":"Texas declara el fin del brote de sarampi\u00f3n - Canal 7 SLP - 2025","robots":{"index":"index","follow":"follow","max-snippet":"max-snippet:-1","max-image-preview":"max-image-preview:large","max-video-preview":"max-video-preview:-1"},"canonical":"https:\/\/canal7slp.tv\/2025\/texas-declara-el-fin-del-brote-de-sarampion\/","og_locale":"es_ES","og_type":"article","og_title":"Texas declara el fin del brote de sarampi\u00f3n - Canal 7 SLP - 2025","og_description":"Am\u00e9rica enfrenta repunte hist\u00f3rico. Las autoridades de salud de Texas anunciaron el fin del brote de sarampi\u00f3n que inici\u00f3 a principios de 2025 en el oeste del estado, tras m\u00e1s de 700 contagios y la muerte de dos menores no vacunados. El Departamento Estatal de Servicios de Salud (DSHS) confirm\u00f3 que han pasado 42 d\u00edas sin nuevos casos, el doble del periodo m\u00e1ximo de incubaci\u00f3n del virus. En total se registraron 762 contagios, de los cuales dos tercios correspondieron a menores de edad. Adem\u00e1s, se reportaron 99 hospitalizaciones y dos fallecimientos, ambos en ni\u00f1os sin vacunaci\u00f3n ni enfermedades previas. Pese [&hellip;]","og_url":"https:\/\/canal7slp.tv\/2025\/texas-declara-el-fin-del-brote-de-sarampion\/","og_site_name":"Canal 7 SLP - 2025","article_publisher":"https:\/\/www.facebook.com\/noticieroscanal7atencionciudadana\/","article_published_time":"2025-08-19T20:14:47+00:00","og_image":[{"width":751,"height":500,"url":"https:\/\/canal7slp.tv\/2025\/wp-content\/uploads\/2025\/08\/05-18.jpg","type":"image\/jpeg"}],"author":"Edici\u00f3n Web","twitter_card":"summary_large_image","twitter_creator":"@NOTICIEROS7","twitter_site":"@NOTICIEROS7","twitter_misc":{"Escrito por":"Edici\u00f3n Web","Tiempo de lectura":"2 minutos"},"schema":{"@context":"https:\/\/schema.org","@graph":[{"@type":"Article","@id":"https:\/\/canal7slp.tv\/2025\/texas-declara-el-fin-del-brote-de-sarampion\/#article","isPartOf":{"@id":"https:\/\/canal7slp.tv\/2025\/texas-declara-el-fin-del-brote-de-sarampion\/"},"author":{"name":"Edici\u00f3n Web","@id":"https:\/\/canal7slp.tv\/2025\/#\/schema\/person\/271e2b60a96e7cc9d9ac296f4d7e414b"},"headline":"Texas declara el fin del brote de sarampi\u00f3n","datePublished":"2025-08-19T20:14:47+00:00","mainEntityOfPage":{"@id":"https:\/\/canal7slp.tv\/2025\/texas-declara-el-fin-del-brote-de-sarampion\/"},"wordCount":307,"publisher":{"@id":"https:\/\/canal7slp.tv\/2025\/#organization"},"image":{"@id":"https:\/\/canal7slp.tv\/2025\/texas-declara-el-fin-del-brote-de-sarampion\/#primaryimage"},"thumbnailUrl":"https:\/\/canal7slp.tv\/2025\/wp-content\/uploads\/2025\/08\/05-18.jpg","articleSection":["INTERNACIONALES"],"inLanguage":"es"},{"@type":"WebPage","@id":"https:\/\/canal7slp.tv\/2025\/texas-declara-el-fin-del-brote-de-sarampion\/","url":"https:\/\/canal7slp.tv\/2025\/texas-declara-el-fin-del-brote-de-sarampion\/","name":"Texas declara el fin del brote de sarampi\u00f3n - Canal 7 SLP - 2025","isPartOf":{"@id":"https:\/\/canal7slp.tv\/2025\/#website"},"primaryImageOfPage":{"@id":"https:\/\/canal7slp.tv\/2025\/texas-declara-el-fin-del-brote-de-sarampion\/#primaryimage"},"image":{"@id":"https:\/\/canal7slp.tv\/2025\/texas-declara-el-fin-del-brote-de-sarampion\/#primaryimage"},"thumbnailUrl":"https:\/\/canal7slp.tv\/2025\/wp-content\/uploads\/2025\/08\/05-18.jpg","datePublished":"2025-08-19T20:14:47+00:00","breadcrumb":{"@id":"https:\/\/canal7slp.tv\/2025\/texas-declara-el-fin-del-brote-de-sarampion\/#breadcrumb"},"inLanguage":"es","potentialAction":[{"@type":"ReadAction","target":["https:\/\/canal7slp.tv\/2025\/texas-declara-el-fin-del-brote-de-sarampion\/"]}]},{"@type":"ImageObject","inLanguage":"es","@id":"https:\/\/canal7slp.tv\/2025\/texas-declara-el-fin-del-brote-de-sarampion\/#primaryimage","url":"https:\/\/canal7slp.tv\/2025\/wp-content\/uploads\/2025\/08\/05-18.jpg","contentUrl":"https:\/\/canal7slp.tv\/2025\/wp-content\/uploads\/2025\/08\/05-18.jpg","width":751,"height":500},{"@type":"BreadcrumbList","@id":"https:\/\/canal7slp.tv\/2025\/texas-declara-el-fin-del-brote-de-sarampion\/#breadcrumb","itemListElement":[{"@type":"ListItem","position":1,"name":"Portada","item":"https:\/\/canal7slp.tv\/2025\/"},{"@type":"ListItem","position":2,"name":"Texas declara el fin del brote de sarampi\u00f3n"}]},{"@type":"WebSite","@id":"https:\/\/canal7slp.tv\/2025\/#website","url":"https:\/\/canal7slp.tv\/2025\/","name":"N7 - Noticieros Canal 7","description":"Somos el Medio","publisher":{"@id":"https:\/\/canal7slp.tv\/2025\/#organization"},"potentialAction":[{"@type":"SearchAction","target":{"@type":"EntryPoint","urlTemplate":"https:\/\/canal7slp.tv\/2025\/?s={search_term_string}"},"query-input":{"@type":"PropertyValueSpecification","valueRequired":true,"valueName":"search_term_string"}}],"inLanguage":"es"},{"@type":"Organization","@id":"https:\/\/canal7slp.tv\/2025\/#organization","name":"Noticieros Canal 7","url":"https:\/\/canal7slp.tv\/2025\/","logo":{"@type":"ImageObject","inLanguage":"es","@id":"https:\/\/canal7slp.tv\/2025\/#\/schema\/logo\/image\/","url":"https:\/\/canal7slp.tv\/2025\/wp-content\/uploads\/2021\/01\/logo-noticieros@2x.png","contentUrl":"https:\/\/canal7slp.tv\/2025\/wp-content\/uploads\/2021\/01\/logo-noticieros@2x.png","width":1017,"height":268,"caption":"Noticieros Canal 7"},"image":{"@id":"https:\/\/canal7slp.tv\/2025\/#\/schema\/logo\/image\/"},"sameAs":["https:\/\/www.facebook.com\/noticieroscanal7atencionciudadana\/","https:\/\/x.com\/NOTICIEROS7","https:\/\/www.instagram.com\/canal7_slp","https:\/\/www.youtube.com\/channel\/UCliiYs-gP3JfJeqdPrNdd5A"]},{"@type":"Person","@id":"https:\/\/canal7slp.tv\/2025\/#\/schema\/person\/271e2b60a96e7cc9d9ac296f4d7e414b","name":"Edici\u00f3n Web","image":{"@type":"ImageObject","inLanguage":"es","@id":"https:\/\/secure.gravatar.com\/avatar\/eee448fc3f7164808013b816ba91ac7e43bbe82a70bebac296f8bc6f0addaa1a?s=96&d=mm&r=g","url":"https:\/\/secure.gravatar.com\/avatar\/eee448fc3f7164808013b816ba91ac7e43bbe82a70bebac296f8bc6f0addaa1a?s=96&d=mm&r=g","contentUrl":"https:\/\/secure.gravatar.com\/avatar\/eee448fc3f7164808013b816ba91ac7e43bbe82a70bebac296f8bc6f0addaa1a?s=96&d=mm&r=g","caption":"Edici\u00f3n Web"},"url":"https:\/\/canal7slp.tv\/2025\/author\/edicionweb\/"}]}},"_links":{"self":[{"href":"https:\/\/canal7slp.tv\/2025\/wp-json\/wp\/v2\/posts\/176921","targetHints":{"allow":["GET"]}}],"collection":[{"href":"https:\/\/canal7slp.tv\/2025\/wp-json\/wp\/v2\/posts"}],"about":[{"href":"https:\/\/canal7slp.tv\/2025\/wp-json\/wp\/v2\/types\/post"}],"author":[{"embeddable":true,"href":"https:\/\/canal7slp.tv\/2025\/wp-json\/wp\/v2\/users\/2"}],"replies":[{"embeddable":true,"href":"https:\/\/canal7slp.tv\/2025\/wp-json\/wp\/v2\/comments?post=176921"}],"version-history":[{"count":1,"href":"https:\/\/canal7slp.tv\/2025\/wp-json\/wp\/v2\/posts\/176921\/revisions"}],"predecessor-version":[{"id":176923,"href":"https:\/\/canal7slp.tv\/2025\/wp-json\/wp\/v2\/posts\/176921\/revisions\/176923"}],"wp:featuredmedia":[{"embeddable":true,"href":"https:\/\/canal7slp.tv\/2025\/wp-json\/wp\/v2\/media\/176922"}],"wp:attachment":[{"href":"https:\/\/canal7slp.tv\/2025\/wp-json\/wp\/v2\/media?parent=176921"}],"wp:term":[{"taxonomy":"category","embeddable":true,"href":"https:\/\/canal7slp.tv\/2025\/wp-json\/wp\/v2\/categories?post=176921"},{"taxonomy":"post_tag","embeddable":true,"href":"https:\/\/canal7slp.tv\/2025\/wp-json\/wp\/v2\/tags?post=176921"}],"curies":[{"name":"wp","href":"https:\/\/api.w.org\/{rel}","templated":true}]}}