{"id":176915,"date":"2025-08-19T13:27:43","date_gmt":"2025-08-19T19:27:43","guid":{"rendered":"https:\/\/canal7slp.tv\/2025\/?p=176915"},"modified":"2025-08-19T13:27:43","modified_gmt":"2025-08-19T19:27:43","slug":"julio-cesar-chavez-jr-es-deportado-y-trasladado-a-penal-en-sonora","status":"publish","type":"post","link":"https:\/\/canal7slp.tv\/2025\/julio-cesar-chavez-jr-es-deportado-y-trasladado-a-penal-en-sonora\/","title":{"rendered":"Julio C\u00e9sar Ch\u00e1vez Jr. es deportado y trasladado a penal en Sonora"},"content":{"rendered":"<p style=\"text-align: justify;\">\n<p style=\"text-align: justify;\">Hermosillo.- El 19 de agosto de 2025 se confirm\u00f3 que Julio C\u00e9sar Ch\u00e1vez Jr., hijo del legendario boxeador mexicano, fue trasladado a un penal de m\u00e1xima seguridad en M\u00e9xico tras ser deportado desde Estados Unidos.<\/p>\n<p style=\"text-align: justify;\">Ch\u00e1vez Jr. fue detenido el 3 de julio en California por el Servicio de Inmigraci\u00f3n y Control de Aduanas (ICE), debido a su situaci\u00f3n migratoria irregular y a una orden de aprehensi\u00f3n vigente en M\u00e9xico por presunta delincuencia organizada, tr\u00e1fico de armas y v\u00ednculos con el C\u00e1rtel de Sinaloa.<\/p>\n<p style=\"text-align: justify;\">De acuerdo con el Registro Nacional de Detenciones, el excampe\u00f3n fue ingresado al Centro Federal de Readaptaci\u00f3n Social (Cefereso) No. 11 en Hermosillo, Sonora. Su deportaci\u00f3n se realiz\u00f3 por la garita Dennis DeConcini, donde fue entregado a autoridades mexicanas; durante el procedimiento vest\u00eda ropa deportiva y fue sometido a revisi\u00f3n.<\/p>\n<p style=\"text-align: justify;\">Estados Unidos lo hab\u00eda catalogado como \u201cuna grave amenaza para la seguridad p\u00fablica\u201d desde diciembre de 2024, aunque su deportaci\u00f3n no se concret\u00f3 de inmediato. En marzo de 2023, la Fiscal\u00eda General de la Rep\u00fablica (FGR) hab\u00eda girado una orden de aprehensi\u00f3n en su contra. Ch\u00e1vez Jr. intent\u00f3 obtener amparos para evitar la captura, pero todos fueron rechazados.<\/p>\n<p style=\"text-align: justify;\">La FGR record\u00f3 que el boxeador tiene antecedentes en EUA, entre ellos detenciones por posesi\u00f3n de armas y conducci\u00f3n bajo los efectos del alcohol. Por su parte, la presidenta Claudia Sheinbaum confirm\u00f3 que las autoridades mexicanas hab\u00edan sido notificadas de la deportaci\u00f3n y record\u00f3 que Ch\u00e1vez Jr. estaba bajo investigaci\u00f3n desde 2019.<\/p>\n<p style=\"text-align: justify;\">El caso ha generado gran atenci\u00f3n medi\u00e1tica debido a la presunta relaci\u00f3n del hijo del excampe\u00f3n con el C\u00e1rtel de Sinaloa, se\u00f1alada a trav\u00e9s de los v\u00ednculos familiares de su esposa con la organizaci\u00f3n criminal.<\/p>\n","protected":false},"excerpt":{"rendered":"<p>Hermosillo.- El 19 de agosto de 2025 se confirm\u00f3 que Julio C\u00e9sar Ch\u00e1vez Jr., hijo del legendario boxeador mexicano, fue trasladado a un penal de m\u00e1xima seguridad en M\u00e9xico tras ser deportado desde Estados Unidos. Ch\u00e1vez Jr. fue detenido el 3 de julio en California por el Servicio de Inmigraci\u00f3n y Control de Aduanas (ICE), debido a su situaci\u00f3n migratoria irregular y a una orden de aprehensi\u00f3n vigente en M\u00e9xico por presunta delincuencia organizada, tr\u00e1fico de armas y v\u00ednculos con el C\u00e1rtel de Sinaloa. De acuerdo con el Registro Nacional de Detenciones, el excampe\u00f3n fue ingresado al Centro Federal de [&hellip;]<\/p>\n","protected":false},"author":2,"featured_media":176916,"comment_status":"closed","ping_status":"closed","sticky":false,"template":"","format":"standard","meta":{"_monsterinsights_skip_tracking":false,"_monsterinsights_sitenote_active":false,"_monsterinsights_sitenote_note":"","_monsterinsights_sitenote_category":0,"footnotes":""},"categories":[46],"tags":[],"class_list":["post-176915","post","type-post","status-publish","format-standard","has-post-thumbnail","hentry","category-nacional","post--single"],"yoast_head":"<!-- This site is optimized with the Yoast SEO plugin v27.5 - https:\/\/yoast.com\/product\/yoast-seo-wordpress\/ -->\n<title>Julio C\u00e9sar Ch\u00e1vez Jr. es deportado y trasladado a penal en Sonora - Canal 7 SLP - 2025<\/title>\n<meta name=\"robots\" content=\"index, follow, max-snippet:-1, max-image-preview:large, max-video-preview:-1\" \/>\n<link rel=\"canonical\" href=\"https:\/\/canal7slp.tv\/2025\/julio-cesar-chavez-jr-es-deportado-y-trasladado-a-penal-en-sonora\/\" \/>\n<meta property=\"og:locale\" content=\"es_ES\" \/>\n<meta property=\"og:type\" content=\"article\" \/>\n<meta property=\"og:title\" content=\"Julio C\u00e9sar Ch\u00e1vez Jr. es deportado y trasladado a penal en Sonora - Canal 7 SLP - 2025\" \/>\n<meta property=\"og:description\" content=\"Hermosillo.- El 19 de agosto de 2025 se confirm\u00f3 que Julio C\u00e9sar Ch\u00e1vez Jr., hijo del legendario boxeador mexicano, fue trasladado a un penal de m\u00e1xima seguridad en M\u00e9xico tras ser deportado desde Estados Unidos. Ch\u00e1vez Jr. fue detenido el 3 de julio en California por el Servicio de Inmigraci\u00f3n y Control de Aduanas (ICE), debido a su situaci\u00f3n migratoria irregular y a una orden de aprehensi\u00f3n vigente en M\u00e9xico por presunta delincuencia organizada, tr\u00e1fico de armas y v\u00ednculos con el C\u00e1rtel de Sinaloa. De acuerdo con el Registro Nacional de Detenciones, el excampe\u00f3n fue ingresado al Centro Federal de [&hellip;]\" \/>\n<meta property=\"og:url\" content=\"https:\/\/canal7slp.tv\/2025\/julio-cesar-chavez-jr-es-deportado-y-trasladado-a-penal-en-sonora\/\" \/>\n<meta property=\"og:site_name\" content=\"Canal 7 SLP - 2025\" \/>\n<meta property=\"article:publisher\" content=\"https:\/\/www.facebook.com\/noticieroscanal7atencionciudadana\/\" \/>\n<meta property=\"article:published_time\" content=\"2025-08-19T19:27:43+00:00\" \/>\n<meta property=\"og:image\" content=\"https:\/\/canal7slp.tv\/2025\/wp-content\/uploads\/2025\/08\/03-19.jpg\" \/>\n\t<meta property=\"og:image:width\" content=\"728\" \/>\n\t<meta property=\"og:image:height\" content=\"410\" \/>\n\t<meta property=\"og:image:type\" content=\"image\/jpeg\" \/>\n<meta name=\"author\" content=\"Edici\u00f3n Web\" \/>\n<meta name=\"twitter:card\" content=\"summary_large_image\" \/>\n<meta name=\"twitter:creator\" content=\"@NOTICIEROS7\" \/>\n<meta name=\"twitter:site\" content=\"@NOTICIEROS7\" \/>\n<meta name=\"twitter:label1\" content=\"Escrito por\" \/>\n\t<meta name=\"twitter:data1\" content=\"Edici\u00f3n Web\" \/>\n\t<meta name=\"twitter:label2\" content=\"Tiempo de lectura\" \/>\n\t<meta name=\"twitter:data2\" content=\"2 minutos\" \/>\n<script type=\"application\/ld+json\" class=\"yoast-schema-graph\">{\"@context\":\"https:\\\/\\\/schema.org\",\"@graph\":[{\"@type\":\"Article\",\"@id\":\"https:\\\/\\\/canal7slp.tv\\\/2025\\\/julio-cesar-chavez-jr-es-deportado-y-trasladado-a-penal-en-sonora\\\/#article\",\"isPartOf\":{\"@id\":\"https:\\\/\\\/canal7slp.tv\\\/2025\\\/julio-cesar-chavez-jr-es-deportado-y-trasladado-a-penal-en-sonora\\\/\"},\"author\":{\"name\":\"Edici\u00f3n Web\",\"@id\":\"https:\\\/\\\/canal7slp.tv\\\/2025\\\/#\\\/schema\\\/person\\\/271e2b60a96e7cc9d9ac296f4d7e414b\"},\"headline\":\"Julio C\u00e9sar Ch\u00e1vez Jr. es deportado y trasladado a penal en Sonora\",\"datePublished\":\"2025-08-19T19:27:43+00:00\",\"mainEntityOfPage\":{\"@id\":\"https:\\\/\\\/canal7slp.tv\\\/2025\\\/julio-cesar-chavez-jr-es-deportado-y-trasladado-a-penal-en-sonora\\\/\"},\"wordCount\":327,\"publisher\":{\"@id\":\"https:\\\/\\\/canal7slp.tv\\\/2025\\\/#organization\"},\"image\":{\"@id\":\"https:\\\/\\\/canal7slp.tv\\\/2025\\\/julio-cesar-chavez-jr-es-deportado-y-trasladado-a-penal-en-sonora\\\/#primaryimage\"},\"thumbnailUrl\":\"https:\\\/\\\/canal7slp.tv\\\/2025\\\/wp-content\\\/uploads\\\/2025\\\/08\\\/03-19.jpg\",\"articleSection\":[\"NACIONALES\"],\"inLanguage\":\"es\"},{\"@type\":\"WebPage\",\"@id\":\"https:\\\/\\\/canal7slp.tv\\\/2025\\\/julio-cesar-chavez-jr-es-deportado-y-trasladado-a-penal-en-sonora\\\/\",\"url\":\"https:\\\/\\\/canal7slp.tv\\\/2025\\\/julio-cesar-chavez-jr-es-deportado-y-trasladado-a-penal-en-sonora\\\/\",\"name\":\"Julio C\u00e9sar Ch\u00e1vez Jr. es deportado y trasladado a penal en Sonora - Canal 7 SLP - 2025\",\"isPartOf\":{\"@id\":\"https:\\\/\\\/canal7slp.tv\\\/2025\\\/#website\"},\"primaryImageOfPage\":{\"@id\":\"https:\\\/\\\/canal7slp.tv\\\/2025\\\/julio-cesar-chavez-jr-es-deportado-y-trasladado-a-penal-en-sonora\\\/#primaryimage\"},\"image\":{\"@id\":\"https:\\\/\\\/canal7slp.tv\\\/2025\\\/julio-cesar-chavez-jr-es-deportado-y-trasladado-a-penal-en-sonora\\\/#primaryimage\"},\"thumbnailUrl\":\"https:\\\/\\\/canal7slp.tv\\\/2025\\\/wp-content\\\/uploads\\\/2025\\\/08\\\/03-19.jpg\",\"datePublished\":\"2025-08-19T19:27:43+00:00\",\"breadcrumb\":{\"@id\":\"https:\\\/\\\/canal7slp.tv\\\/2025\\\/julio-cesar-chavez-jr-es-deportado-y-trasladado-a-penal-en-sonora\\\/#breadcrumb\"},\"inLanguage\":\"es\",\"potentialAction\":[{\"@type\":\"ReadAction\",\"target\":[\"https:\\\/\\\/canal7slp.tv\\\/2025\\\/julio-cesar-chavez-jr-es-deportado-y-trasladado-a-penal-en-sonora\\\/\"]}]},{\"@type\":\"ImageObject\",\"inLanguage\":\"es\",\"@id\":\"https:\\\/\\\/canal7slp.tv\\\/2025\\\/julio-cesar-chavez-jr-es-deportado-y-trasladado-a-penal-en-sonora\\\/#primaryimage\",\"url\":\"https:\\\/\\\/canal7slp.tv\\\/2025\\\/wp-content\\\/uploads\\\/2025\\\/08\\\/03-19.jpg\",\"contentUrl\":\"https:\\\/\\\/canal7slp.tv\\\/2025\\\/wp-content\\\/uploads\\\/2025\\\/08\\\/03-19.jpg\",\"width\":728,\"height\":410},{\"@type\":\"BreadcrumbList\",\"@id\":\"https:\\\/\\\/canal7slp.tv\\\/2025\\\/julio-cesar-chavez-jr-es-deportado-y-trasladado-a-penal-en-sonora\\\/#breadcrumb\",\"itemListElement\":[{\"@type\":\"ListItem\",\"position\":1,\"name\":\"Portada\",\"item\":\"https:\\\/\\\/canal7slp.tv\\\/2025\\\/\"},{\"@type\":\"ListItem\",\"position\":2,\"name\":\"Julio C\u00e9sar Ch\u00e1vez Jr. es deportado y trasladado a penal en Sonora\"}]},{\"@type\":\"WebSite\",\"@id\":\"https:\\\/\\\/canal7slp.tv\\\/2025\\\/#website\",\"url\":\"https:\\\/\\\/canal7slp.tv\\\/2025\\\/\",\"name\":\"N7 - Noticieros Canal 7\",\"description\":\"Somos el Medio\",\"publisher\":{\"@id\":\"https:\\\/\\\/canal7slp.tv\\\/2025\\\/#organization\"},\"potentialAction\":[{\"@type\":\"SearchAction\",\"target\":{\"@type\":\"EntryPoint\",\"urlTemplate\":\"https:\\\/\\\/canal7slp.tv\\\/2025\\\/?s={search_term_string}\"},\"query-input\":{\"@type\":\"PropertyValueSpecification\",\"valueRequired\":true,\"valueName\":\"search_term_string\"}}],\"inLanguage\":\"es\"},{\"@type\":\"Organization\",\"@id\":\"https:\\\/\\\/canal7slp.tv\\\/2025\\\/#organization\",\"name\":\"Noticieros Canal 7\",\"url\":\"https:\\\/\\\/canal7slp.tv\\\/2025\\\/\",\"logo\":{\"@type\":\"ImageObject\",\"inLanguage\":\"es\",\"@id\":\"https:\\\/\\\/canal7slp.tv\\\/2025\\\/#\\\/schema\\\/logo\\\/image\\\/\",\"url\":\"https:\\\/\\\/canal7slp.tv\\\/2025\\\/wp-content\\\/uploads\\\/2021\\\/01\\\/logo-noticieros@2x.png\",\"contentUrl\":\"https:\\\/\\\/canal7slp.tv\\\/2025\\\/wp-content\\\/uploads\\\/2021\\\/01\\\/logo-noticieros@2x.png\",\"width\":1017,\"height\":268,\"caption\":\"Noticieros Canal 7\"},\"image\":{\"@id\":\"https:\\\/\\\/canal7slp.tv\\\/2025\\\/#\\\/schema\\\/logo\\\/image\\\/\"},\"sameAs\":[\"https:\\\/\\\/www.facebook.com\\\/noticieroscanal7atencionciudadana\\\/\",\"https:\\\/\\\/x.com\\\/NOTICIEROS7\",\"https:\\\/\\\/www.instagram.com\\\/canal7_slp\",\"https:\\\/\\\/www.youtube.com\\\/channel\\\/UCliiYs-gP3JfJeqdPrNdd5A\"]},{\"@type\":\"Person\",\"@id\":\"https:\\\/\\\/canal7slp.tv\\\/2025\\\/#\\\/schema\\\/person\\\/271e2b60a96e7cc9d9ac296f4d7e414b\",\"name\":\"Edici\u00f3n Web\",\"image\":{\"@type\":\"ImageObject\",\"inLanguage\":\"es\",\"@id\":\"https:\\\/\\\/secure.gravatar.com\\\/avatar\\\/eee448fc3f7164808013b816ba91ac7e43bbe82a70bebac296f8bc6f0addaa1a?s=96&d=mm&r=g\",\"url\":\"https:\\\/\\\/secure.gravatar.com\\\/avatar\\\/eee448fc3f7164808013b816ba91ac7e43bbe82a70bebac296f8bc6f0addaa1a?s=96&d=mm&r=g\",\"contentUrl\":\"https:\\\/\\\/secure.gravatar.com\\\/avatar\\\/eee448fc3f7164808013b816ba91ac7e43bbe82a70bebac296f8bc6f0addaa1a?s=96&d=mm&r=g\",\"caption\":\"Edici\u00f3n Web\"},\"url\":\"https:\\\/\\\/canal7slp.tv\\\/2025\\\/author\\\/edicionweb\\\/\"}]}<\/script>\n<!-- \/ Yoast SEO plugin. -->","yoast_head_json":{"title":"Julio C\u00e9sar Ch\u00e1vez Jr. es deportado y trasladado a penal en Sonora - Canal 7 SLP - 2025","robots":{"index":"index","follow":"follow","max-snippet":"max-snippet:-1","max-image-preview":"max-image-preview:large","max-video-preview":"max-video-preview:-1"},"canonical":"https:\/\/canal7slp.tv\/2025\/julio-cesar-chavez-jr-es-deportado-y-trasladado-a-penal-en-sonora\/","og_locale":"es_ES","og_type":"article","og_title":"Julio C\u00e9sar Ch\u00e1vez Jr. es deportado y trasladado a penal en Sonora - Canal 7 SLP - 2025","og_description":"Hermosillo.- El 19 de agosto de 2025 se confirm\u00f3 que Julio C\u00e9sar Ch\u00e1vez Jr., hijo del legendario boxeador mexicano, fue trasladado a un penal de m\u00e1xima seguridad en M\u00e9xico tras ser deportado desde Estados Unidos. Ch\u00e1vez Jr. fue detenido el 3 de julio en California por el Servicio de Inmigraci\u00f3n y Control de Aduanas (ICE), debido a su situaci\u00f3n migratoria irregular y a una orden de aprehensi\u00f3n vigente en M\u00e9xico por presunta delincuencia organizada, tr\u00e1fico de armas y v\u00ednculos con el C\u00e1rtel de Sinaloa. De acuerdo con el Registro Nacional de Detenciones, el excampe\u00f3n fue ingresado al Centro Federal de [&hellip;]","og_url":"https:\/\/canal7slp.tv\/2025\/julio-cesar-chavez-jr-es-deportado-y-trasladado-a-penal-en-sonora\/","og_site_name":"Canal 7 SLP - 2025","article_publisher":"https:\/\/www.facebook.com\/noticieroscanal7atencionciudadana\/","article_published_time":"2025-08-19T19:27:43+00:00","og_image":[{"width":728,"height":410,"url":"https:\/\/canal7slp.tv\/2025\/wp-content\/uploads\/2025\/08\/03-19.jpg","type":"image\/jpeg"}],"author":"Edici\u00f3n Web","twitter_card":"summary_large_image","twitter_creator":"@NOTICIEROS7","twitter_site":"@NOTICIEROS7","twitter_misc":{"Escrito por":"Edici\u00f3n Web","Tiempo de lectura":"2 minutos"},"schema":{"@context":"https:\/\/schema.org","@graph":[{"@type":"Article","@id":"https:\/\/canal7slp.tv\/2025\/julio-cesar-chavez-jr-es-deportado-y-trasladado-a-penal-en-sonora\/#article","isPartOf":{"@id":"https:\/\/canal7slp.tv\/2025\/julio-cesar-chavez-jr-es-deportado-y-trasladado-a-penal-en-sonora\/"},"author":{"name":"Edici\u00f3n Web","@id":"https:\/\/canal7slp.tv\/2025\/#\/schema\/person\/271e2b60a96e7cc9d9ac296f4d7e414b"},"headline":"Julio C\u00e9sar Ch\u00e1vez Jr. es deportado y trasladado a penal en Sonora","datePublished":"2025-08-19T19:27:43+00:00","mainEntityOfPage":{"@id":"https:\/\/canal7slp.tv\/2025\/julio-cesar-chavez-jr-es-deportado-y-trasladado-a-penal-en-sonora\/"},"wordCount":327,"publisher":{"@id":"https:\/\/canal7slp.tv\/2025\/#organization"},"image":{"@id":"https:\/\/canal7slp.tv\/2025\/julio-cesar-chavez-jr-es-deportado-y-trasladado-a-penal-en-sonora\/#primaryimage"},"thumbnailUrl":"https:\/\/canal7slp.tv\/2025\/wp-content\/uploads\/2025\/08\/03-19.jpg","articleSection":["NACIONALES"],"inLanguage":"es"},{"@type":"WebPage","@id":"https:\/\/canal7slp.tv\/2025\/julio-cesar-chavez-jr-es-deportado-y-trasladado-a-penal-en-sonora\/","url":"https:\/\/canal7slp.tv\/2025\/julio-cesar-chavez-jr-es-deportado-y-trasladado-a-penal-en-sonora\/","name":"Julio C\u00e9sar Ch\u00e1vez Jr. es deportado y trasladado a penal en Sonora - Canal 7 SLP - 2025","isPartOf":{"@id":"https:\/\/canal7slp.tv\/2025\/#website"},"primaryImageOfPage":{"@id":"https:\/\/canal7slp.tv\/2025\/julio-cesar-chavez-jr-es-deportado-y-trasladado-a-penal-en-sonora\/#primaryimage"},"image":{"@id":"https:\/\/canal7slp.tv\/2025\/julio-cesar-chavez-jr-es-deportado-y-trasladado-a-penal-en-sonora\/#primaryimage"},"thumbnailUrl":"https:\/\/canal7slp.tv\/2025\/wp-content\/uploads\/2025\/08\/03-19.jpg","datePublished":"2025-08-19T19:27:43+00:00","breadcrumb":{"@id":"https:\/\/canal7slp.tv\/2025\/julio-cesar-chavez-jr-es-deportado-y-trasladado-a-penal-en-sonora\/#breadcrumb"},"inLanguage":"es","potentialAction":[{"@type":"ReadAction","target":["https:\/\/canal7slp.tv\/2025\/julio-cesar-chavez-jr-es-deportado-y-trasladado-a-penal-en-sonora\/"]}]},{"@type":"ImageObject","inLanguage":"es","@id":"https:\/\/canal7slp.tv\/2025\/julio-cesar-chavez-jr-es-deportado-y-trasladado-a-penal-en-sonora\/#primaryimage","url":"https:\/\/canal7slp.tv\/2025\/wp-content\/uploads\/2025\/08\/03-19.jpg","contentUrl":"https:\/\/canal7slp.tv\/2025\/wp-content\/uploads\/2025\/08\/03-19.jpg","width":728,"height":410},{"@type":"BreadcrumbList","@id":"https:\/\/canal7slp.tv\/2025\/julio-cesar-chavez-jr-es-deportado-y-trasladado-a-penal-en-sonora\/#breadcrumb","itemListElement":[{"@type":"ListItem","position":1,"name":"Portada","item":"https:\/\/canal7slp.tv\/2025\/"},{"@type":"ListItem","position":2,"name":"Julio C\u00e9sar Ch\u00e1vez Jr. es deportado y trasladado a penal en Sonora"}]},{"@type":"WebSite","@id":"https:\/\/canal7slp.tv\/2025\/#website","url":"https:\/\/canal7slp.tv\/2025\/","name":"N7 - Noticieros Canal 7","description":"Somos el Medio","publisher":{"@id":"https:\/\/canal7slp.tv\/2025\/#organization"},"potentialAction":[{"@type":"SearchAction","target":{"@type":"EntryPoint","urlTemplate":"https:\/\/canal7slp.tv\/2025\/?s={search_term_string}"},"query-input":{"@type":"PropertyValueSpecification","valueRequired":true,"valueName":"search_term_string"}}],"inLanguage":"es"},{"@type":"Organization","@id":"https:\/\/canal7slp.tv\/2025\/#organization","name":"Noticieros Canal 7","url":"https:\/\/canal7slp.tv\/2025\/","logo":{"@type":"ImageObject","inLanguage":"es","@id":"https:\/\/canal7slp.tv\/2025\/#\/schema\/logo\/image\/","url":"https:\/\/canal7slp.tv\/2025\/wp-content\/uploads\/2021\/01\/logo-noticieros@2x.png","contentUrl":"https:\/\/canal7slp.tv\/2025\/wp-content\/uploads\/2021\/01\/logo-noticieros@2x.png","width":1017,"height":268,"caption":"Noticieros Canal 7"},"image":{"@id":"https:\/\/canal7slp.tv\/2025\/#\/schema\/logo\/image\/"},"sameAs":["https:\/\/www.facebook.com\/noticieroscanal7atencionciudadana\/","https:\/\/x.com\/NOTICIEROS7","https:\/\/www.instagram.com\/canal7_slp","https:\/\/www.youtube.com\/channel\/UCliiYs-gP3JfJeqdPrNdd5A"]},{"@type":"Person","@id":"https:\/\/canal7slp.tv\/2025\/#\/schema\/person\/271e2b60a96e7cc9d9ac296f4d7e414b","name":"Edici\u00f3n Web","image":{"@type":"ImageObject","inLanguage":"es","@id":"https:\/\/secure.gravatar.com\/avatar\/eee448fc3f7164808013b816ba91ac7e43bbe82a70bebac296f8bc6f0addaa1a?s=96&d=mm&r=g","url":"https:\/\/secure.gravatar.com\/avatar\/eee448fc3f7164808013b816ba91ac7e43bbe82a70bebac296f8bc6f0addaa1a?s=96&d=mm&r=g","contentUrl":"https:\/\/secure.gravatar.com\/avatar\/eee448fc3f7164808013b816ba91ac7e43bbe82a70bebac296f8bc6f0addaa1a?s=96&d=mm&r=g","caption":"Edici\u00f3n Web"},"url":"https:\/\/canal7slp.tv\/2025\/author\/edicionweb\/"}]}},"_links":{"self":[{"href":"https:\/\/canal7slp.tv\/2025\/wp-json\/wp\/v2\/posts\/176915","targetHints":{"allow":["GET"]}}],"collection":[{"href":"https:\/\/canal7slp.tv\/2025\/wp-json\/wp\/v2\/posts"}],"about":[{"href":"https:\/\/canal7slp.tv\/2025\/wp-json\/wp\/v2\/types\/post"}],"author":[{"embeddable":true,"href":"https:\/\/canal7slp.tv\/2025\/wp-json\/wp\/v2\/users\/2"}],"replies":[{"embeddable":true,"href":"https:\/\/canal7slp.tv\/2025\/wp-json\/wp\/v2\/comments?post=176915"}],"version-history":[{"count":1,"href":"https:\/\/canal7slp.tv\/2025\/wp-json\/wp\/v2\/posts\/176915\/revisions"}],"predecessor-version":[{"id":176917,"href":"https:\/\/canal7slp.tv\/2025\/wp-json\/wp\/v2\/posts\/176915\/revisions\/176917"}],"wp:featuredmedia":[{"embeddable":true,"href":"https:\/\/canal7slp.tv\/2025\/wp-json\/wp\/v2\/media\/176916"}],"wp:attachment":[{"href":"https:\/\/canal7slp.tv\/2025\/wp-json\/wp\/v2\/media?parent=176915"}],"wp:term":[{"taxonomy":"category","embeddable":true,"href":"https:\/\/canal7slp.tv\/2025\/wp-json\/wp\/v2\/categories?post=176915"},{"taxonomy":"post_tag","embeddable":true,"href":"https:\/\/canal7slp.tv\/2025\/wp-json\/wp\/v2\/tags?post=176915"}],"curies":[{"name":"wp","href":"https:\/\/api.w.org\/{rel}","templated":true}]}}