{"id":176708,"date":"2025-08-16T12:05:01","date_gmt":"2025-08-16T18:05:01","guid":{"rendered":"https:\/\/canal7slp.tv\/2025\/?p=176708"},"modified":"2025-08-16T12:05:01","modified_gmt":"2025-08-16T18:05:01","slug":"sheinbaum-y-arevalo-acuerdan-fortalecer-la-seguridad-fronteriza-y-la-cooperacion-regional-entre-mexico-y-guatemala","status":"publish","type":"post","link":"https:\/\/canal7slp.tv\/2025\/sheinbaum-y-arevalo-acuerdan-fortalecer-la-seguridad-fronteriza-y-la-cooperacion-regional-entre-mexico-y-guatemala\/","title":{"rendered":"Sheinbaum y Ar\u00e9valo acuerdan fortalecer la seguridad fronteriza y la cooperaci\u00f3n regional entre M\u00e9xico y Guatemala"},"content":{"rendered":"<p style=\"text-align: justify;\">\n<p style=\"text-align: justify;\">M\u00e9xico.- El pasado 15 de agosto, la Presidenta de M\u00e9xico, Claudia Sheinbaum Pardo, y el Presidente de Guatemala, Bernardo Ar\u00e9valo de Le\u00f3n, sostuvieron su primera reuni\u00f3n bilateral desde que asumieron sus cargos en 2024.<\/p>\n<p style=\"text-align: justify;\">Durante el encuentro, abordaron temas clave como seguridad, energ\u00eda, medio ambiente y cooperaci\u00f3n para el desarrollo.<\/p>\n<p style=\"text-align: justify;\">Sheinbaum subray\u00f3 la importancia de consolidar \u201ccompromisos concretos\u201d en infraestructura ferroviaria y destac\u00f3 los lazos hist\u00f3ricos y culturales que unen a ambos pa\u00edses, recordando las luchas comunes por la independencia y la necesidad de enfrentar desaf\u00edos actuales como la justicia social y la igualdad.<\/p>\n<p style=\"text-align: justify;\">Entre los acuerdos alcanzados, se anunci\u00f3 el fortalecimiento de la seguridad en la frontera mediante la creaci\u00f3n de un protocolo binacional de migraci\u00f3n, con el objetivo de transformar las fronteras en zonas seguras y combatir al crimen organizado.<\/p>\n<p style=\"text-align: justify;\">Asimismo, se inform\u00f3 sobre la intenci\u00f3n de extender el Tren Maya hacia Guatemala y Belice, con el inicio de estudios de factibilidad que respeten las \u00e1reas naturales protegidas.<\/p>\n<p style=\"text-align: justify;\">Cabe recordad, que la mandataria mexicana lleg\u00f3 a Guatemala por la ma\u00f1ana y, tras reunirse con Ar\u00e9valo, ofreci\u00f3 una conferencia de prensa. M\u00e1s tarde, ambos l\u00edderes viajaron a Campeche, M\u00e9xico, donde se unieron al Primer Ministro de Belice, Johnny Brice\u00f1o, para continuar las conversaciones en el marco de la integraci\u00f3n regional.<\/p>\n","protected":false},"excerpt":{"rendered":"<p>M\u00e9xico.- El pasado 15 de agosto, la Presidenta de M\u00e9xico, Claudia Sheinbaum Pardo, y el Presidente de Guatemala, Bernardo Ar\u00e9valo de Le\u00f3n, sostuvieron su primera reuni\u00f3n bilateral desde que asumieron sus cargos en 2024. Durante el encuentro, abordaron temas clave como seguridad, energ\u00eda, medio ambiente y cooperaci\u00f3n para el desarrollo. Sheinbaum subray\u00f3 la importancia de consolidar \u201ccompromisos concretos\u201d en infraestructura ferroviaria y destac\u00f3 los lazos hist\u00f3ricos y culturales que unen a ambos pa\u00edses, recordando las luchas comunes por la independencia y la necesidad de enfrentar desaf\u00edos actuales como la justicia social y la igualdad. Entre los acuerdos alcanzados, se anunci\u00f3 [&hellip;]<\/p>\n","protected":false},"author":2,"featured_media":176709,"comment_status":"closed","ping_status":"closed","sticky":false,"template":"","format":"standard","meta":{"_monsterinsights_skip_tracking":false,"_monsterinsights_sitenote_active":false,"_monsterinsights_sitenote_note":"","_monsterinsights_sitenote_category":0,"footnotes":""},"categories":[46],"tags":[],"class_list":["post-176708","post","type-post","status-publish","format-standard","has-post-thumbnail","hentry","category-nacional","post--single"],"yoast_head":"<!-- This site is optimized with the Yoast SEO plugin v27.4 - https:\/\/yoast.com\/product\/yoast-seo-wordpress\/ -->\n<title>Sheinbaum y Ar\u00e9valo acuerdan fortalecer la seguridad fronteriza y la cooperaci\u00f3n regional entre M\u00e9xico y Guatemala - Canal 7 SLP - 2025<\/title>\n<meta name=\"robots\" content=\"index, follow, max-snippet:-1, max-image-preview:large, max-video-preview:-1\" \/>\n<link rel=\"canonical\" href=\"https:\/\/canal7slp.tv\/2025\/sheinbaum-y-arevalo-acuerdan-fortalecer-la-seguridad-fronteriza-y-la-cooperacion-regional-entre-mexico-y-guatemala\/\" \/>\n<meta property=\"og:locale\" content=\"es_ES\" \/>\n<meta property=\"og:type\" content=\"article\" \/>\n<meta property=\"og:title\" content=\"Sheinbaum y Ar\u00e9valo acuerdan fortalecer la seguridad fronteriza y la cooperaci\u00f3n regional entre M\u00e9xico y Guatemala - Canal 7 SLP - 2025\" \/>\n<meta property=\"og:description\" content=\"M\u00e9xico.- El pasado 15 de agosto, la Presidenta de M\u00e9xico, Claudia Sheinbaum Pardo, y el Presidente de Guatemala, Bernardo Ar\u00e9valo de Le\u00f3n, sostuvieron su primera reuni\u00f3n bilateral desde que asumieron sus cargos en 2024. Durante el encuentro, abordaron temas clave como seguridad, energ\u00eda, medio ambiente y cooperaci\u00f3n para el desarrollo. Sheinbaum subray\u00f3 la importancia de consolidar \u201ccompromisos concretos\u201d en infraestructura ferroviaria y destac\u00f3 los lazos hist\u00f3ricos y culturales que unen a ambos pa\u00edses, recordando las luchas comunes por la independencia y la necesidad de enfrentar desaf\u00edos actuales como la justicia social y la igualdad. Entre los acuerdos alcanzados, se anunci\u00f3 [&hellip;]\" \/>\n<meta property=\"og:url\" content=\"https:\/\/canal7slp.tv\/2025\/sheinbaum-y-arevalo-acuerdan-fortalecer-la-seguridad-fronteriza-y-la-cooperacion-regional-entre-mexico-y-guatemala\/\" \/>\n<meta property=\"og:site_name\" content=\"Canal 7 SLP - 2025\" \/>\n<meta property=\"article:publisher\" content=\"https:\/\/www.facebook.com\/noticieroscanal7atencionciudadana\/\" \/>\n<meta property=\"article:published_time\" content=\"2025-08-16T18:05:01+00:00\" \/>\n<meta property=\"og:image\" content=\"https:\/\/canal7slp.tv\/2025\/wp-content\/uploads\/2025\/08\/05-15.jpg\" \/>\n\t<meta property=\"og:image:width\" content=\"888\" \/>\n\t<meta property=\"og:image:height\" content=\"500\" \/>\n\t<meta property=\"og:image:type\" content=\"image\/jpeg\" \/>\n<meta name=\"author\" content=\"Edici\u00f3n Web\" \/>\n<meta name=\"twitter:card\" content=\"summary_large_image\" \/>\n<meta name=\"twitter:creator\" content=\"@NOTICIEROS7\" \/>\n<meta name=\"twitter:site\" content=\"@NOTICIEROS7\" \/>\n<meta name=\"twitter:label1\" content=\"Escrito por\" \/>\n\t<meta name=\"twitter:data1\" content=\"Edici\u00f3n Web\" \/>\n\t<meta name=\"twitter:label2\" content=\"Tiempo de lectura\" \/>\n\t<meta name=\"twitter:data2\" content=\"2 minutos\" \/>\n<script type=\"application\/ld+json\" class=\"yoast-schema-graph\">{\"@context\":\"https:\\\/\\\/schema.org\",\"@graph\":[{\"@type\":\"Article\",\"@id\":\"https:\\\/\\\/canal7slp.tv\\\/2025\\\/sheinbaum-y-arevalo-acuerdan-fortalecer-la-seguridad-fronteriza-y-la-cooperacion-regional-entre-mexico-y-guatemala\\\/#article\",\"isPartOf\":{\"@id\":\"https:\\\/\\\/canal7slp.tv\\\/2025\\\/sheinbaum-y-arevalo-acuerdan-fortalecer-la-seguridad-fronteriza-y-la-cooperacion-regional-entre-mexico-y-guatemala\\\/\"},\"author\":{\"name\":\"Edici\u00f3n Web\",\"@id\":\"https:\\\/\\\/canal7slp.tv\\\/2025\\\/#\\\/schema\\\/person\\\/271e2b60a96e7cc9d9ac296f4d7e414b\"},\"headline\":\"Sheinbaum y Ar\u00e9valo acuerdan fortalecer la seguridad fronteriza y la cooperaci\u00f3n regional entre M\u00e9xico y Guatemala\",\"datePublished\":\"2025-08-16T18:05:01+00:00\",\"mainEntityOfPage\":{\"@id\":\"https:\\\/\\\/canal7slp.tv\\\/2025\\\/sheinbaum-y-arevalo-acuerdan-fortalecer-la-seguridad-fronteriza-y-la-cooperacion-regional-entre-mexico-y-guatemala\\\/\"},\"wordCount\":249,\"publisher\":{\"@id\":\"https:\\\/\\\/canal7slp.tv\\\/2025\\\/#organization\"},\"image\":{\"@id\":\"https:\\\/\\\/canal7slp.tv\\\/2025\\\/sheinbaum-y-arevalo-acuerdan-fortalecer-la-seguridad-fronteriza-y-la-cooperacion-regional-entre-mexico-y-guatemala\\\/#primaryimage\"},\"thumbnailUrl\":\"https:\\\/\\\/canal7slp.tv\\\/2025\\\/wp-content\\\/uploads\\\/2025\\\/08\\\/05-15.jpg\",\"articleSection\":[\"NACIONALES\"],\"inLanguage\":\"es\"},{\"@type\":\"WebPage\",\"@id\":\"https:\\\/\\\/canal7slp.tv\\\/2025\\\/sheinbaum-y-arevalo-acuerdan-fortalecer-la-seguridad-fronteriza-y-la-cooperacion-regional-entre-mexico-y-guatemala\\\/\",\"url\":\"https:\\\/\\\/canal7slp.tv\\\/2025\\\/sheinbaum-y-arevalo-acuerdan-fortalecer-la-seguridad-fronteriza-y-la-cooperacion-regional-entre-mexico-y-guatemala\\\/\",\"name\":\"Sheinbaum y Ar\u00e9valo acuerdan fortalecer la seguridad fronteriza y la cooperaci\u00f3n regional entre M\u00e9xico y Guatemala - Canal 7 SLP - 2025\",\"isPartOf\":{\"@id\":\"https:\\\/\\\/canal7slp.tv\\\/2025\\\/#website\"},\"primaryImageOfPage\":{\"@id\":\"https:\\\/\\\/canal7slp.tv\\\/2025\\\/sheinbaum-y-arevalo-acuerdan-fortalecer-la-seguridad-fronteriza-y-la-cooperacion-regional-entre-mexico-y-guatemala\\\/#primaryimage\"},\"image\":{\"@id\":\"https:\\\/\\\/canal7slp.tv\\\/2025\\\/sheinbaum-y-arevalo-acuerdan-fortalecer-la-seguridad-fronteriza-y-la-cooperacion-regional-entre-mexico-y-guatemala\\\/#primaryimage\"},\"thumbnailUrl\":\"https:\\\/\\\/canal7slp.tv\\\/2025\\\/wp-content\\\/uploads\\\/2025\\\/08\\\/05-15.jpg\",\"datePublished\":\"2025-08-16T18:05:01+00:00\",\"breadcrumb\":{\"@id\":\"https:\\\/\\\/canal7slp.tv\\\/2025\\\/sheinbaum-y-arevalo-acuerdan-fortalecer-la-seguridad-fronteriza-y-la-cooperacion-regional-entre-mexico-y-guatemala\\\/#breadcrumb\"},\"inLanguage\":\"es\",\"potentialAction\":[{\"@type\":\"ReadAction\",\"target\":[\"https:\\\/\\\/canal7slp.tv\\\/2025\\\/sheinbaum-y-arevalo-acuerdan-fortalecer-la-seguridad-fronteriza-y-la-cooperacion-regional-entre-mexico-y-guatemala\\\/\"]}]},{\"@type\":\"ImageObject\",\"inLanguage\":\"es\",\"@id\":\"https:\\\/\\\/canal7slp.tv\\\/2025\\\/sheinbaum-y-arevalo-acuerdan-fortalecer-la-seguridad-fronteriza-y-la-cooperacion-regional-entre-mexico-y-guatemala\\\/#primaryimage\",\"url\":\"https:\\\/\\\/canal7slp.tv\\\/2025\\\/wp-content\\\/uploads\\\/2025\\\/08\\\/05-15.jpg\",\"contentUrl\":\"https:\\\/\\\/canal7slp.tv\\\/2025\\\/wp-content\\\/uploads\\\/2025\\\/08\\\/05-15.jpg\",\"width\":888,\"height\":500},{\"@type\":\"BreadcrumbList\",\"@id\":\"https:\\\/\\\/canal7slp.tv\\\/2025\\\/sheinbaum-y-arevalo-acuerdan-fortalecer-la-seguridad-fronteriza-y-la-cooperacion-regional-entre-mexico-y-guatemala\\\/#breadcrumb\",\"itemListElement\":[{\"@type\":\"ListItem\",\"position\":1,\"name\":\"Portada\",\"item\":\"https:\\\/\\\/canal7slp.tv\\\/2025\\\/\"},{\"@type\":\"ListItem\",\"position\":2,\"name\":\"Sheinbaum y Ar\u00e9valo acuerdan fortalecer la seguridad fronteriza y la cooperaci\u00f3n regional entre M\u00e9xico y Guatemala\"}]},{\"@type\":\"WebSite\",\"@id\":\"https:\\\/\\\/canal7slp.tv\\\/2025\\\/#website\",\"url\":\"https:\\\/\\\/canal7slp.tv\\\/2025\\\/\",\"name\":\"N7 - Noticieros Canal 7\",\"description\":\"Somos el Medio\",\"publisher\":{\"@id\":\"https:\\\/\\\/canal7slp.tv\\\/2025\\\/#organization\"},\"potentialAction\":[{\"@type\":\"SearchAction\",\"target\":{\"@type\":\"EntryPoint\",\"urlTemplate\":\"https:\\\/\\\/canal7slp.tv\\\/2025\\\/?s={search_term_string}\"},\"query-input\":{\"@type\":\"PropertyValueSpecification\",\"valueRequired\":true,\"valueName\":\"search_term_string\"}}],\"inLanguage\":\"es\"},{\"@type\":\"Organization\",\"@id\":\"https:\\\/\\\/canal7slp.tv\\\/2025\\\/#organization\",\"name\":\"Noticieros Canal 7\",\"url\":\"https:\\\/\\\/canal7slp.tv\\\/2025\\\/\",\"logo\":{\"@type\":\"ImageObject\",\"inLanguage\":\"es\",\"@id\":\"https:\\\/\\\/canal7slp.tv\\\/2025\\\/#\\\/schema\\\/logo\\\/image\\\/\",\"url\":\"https:\\\/\\\/canal7slp.tv\\\/2025\\\/wp-content\\\/uploads\\\/2021\\\/01\\\/logo-noticieros@2x.png\",\"contentUrl\":\"https:\\\/\\\/canal7slp.tv\\\/2025\\\/wp-content\\\/uploads\\\/2021\\\/01\\\/logo-noticieros@2x.png\",\"width\":1017,\"height\":268,\"caption\":\"Noticieros Canal 7\"},\"image\":{\"@id\":\"https:\\\/\\\/canal7slp.tv\\\/2025\\\/#\\\/schema\\\/logo\\\/image\\\/\"},\"sameAs\":[\"https:\\\/\\\/www.facebook.com\\\/noticieroscanal7atencionciudadana\\\/\",\"https:\\\/\\\/x.com\\\/NOTICIEROS7\",\"https:\\\/\\\/www.instagram.com\\\/canal7_slp\",\"https:\\\/\\\/www.youtube.com\\\/channel\\\/UCliiYs-gP3JfJeqdPrNdd5A\"]},{\"@type\":\"Person\",\"@id\":\"https:\\\/\\\/canal7slp.tv\\\/2025\\\/#\\\/schema\\\/person\\\/271e2b60a96e7cc9d9ac296f4d7e414b\",\"name\":\"Edici\u00f3n Web\",\"image\":{\"@type\":\"ImageObject\",\"inLanguage\":\"es\",\"@id\":\"https:\\\/\\\/secure.gravatar.com\\\/avatar\\\/eee448fc3f7164808013b816ba91ac7e43bbe82a70bebac296f8bc6f0addaa1a?s=96&d=mm&r=g\",\"url\":\"https:\\\/\\\/secure.gravatar.com\\\/avatar\\\/eee448fc3f7164808013b816ba91ac7e43bbe82a70bebac296f8bc6f0addaa1a?s=96&d=mm&r=g\",\"contentUrl\":\"https:\\\/\\\/secure.gravatar.com\\\/avatar\\\/eee448fc3f7164808013b816ba91ac7e43bbe82a70bebac296f8bc6f0addaa1a?s=96&d=mm&r=g\",\"caption\":\"Edici\u00f3n Web\"},\"url\":\"https:\\\/\\\/canal7slp.tv\\\/2025\\\/author\\\/edicionweb\\\/\"}]}<\/script>\n<!-- \/ Yoast SEO plugin. -->","yoast_head_json":{"title":"Sheinbaum y Ar\u00e9valo acuerdan fortalecer la seguridad fronteriza y la cooperaci\u00f3n regional entre M\u00e9xico y Guatemala - Canal 7 SLP - 2025","robots":{"index":"index","follow":"follow","max-snippet":"max-snippet:-1","max-image-preview":"max-image-preview:large","max-video-preview":"max-video-preview:-1"},"canonical":"https:\/\/canal7slp.tv\/2025\/sheinbaum-y-arevalo-acuerdan-fortalecer-la-seguridad-fronteriza-y-la-cooperacion-regional-entre-mexico-y-guatemala\/","og_locale":"es_ES","og_type":"article","og_title":"Sheinbaum y Ar\u00e9valo acuerdan fortalecer la seguridad fronteriza y la cooperaci\u00f3n regional entre M\u00e9xico y Guatemala - Canal 7 SLP - 2025","og_description":"M\u00e9xico.- El pasado 15 de agosto, la Presidenta de M\u00e9xico, Claudia Sheinbaum Pardo, y el Presidente de Guatemala, Bernardo Ar\u00e9valo de Le\u00f3n, sostuvieron su primera reuni\u00f3n bilateral desde que asumieron sus cargos en 2024. Durante el encuentro, abordaron temas clave como seguridad, energ\u00eda, medio ambiente y cooperaci\u00f3n para el desarrollo. Sheinbaum subray\u00f3 la importancia de consolidar \u201ccompromisos concretos\u201d en infraestructura ferroviaria y destac\u00f3 los lazos hist\u00f3ricos y culturales que unen a ambos pa\u00edses, recordando las luchas comunes por la independencia y la necesidad de enfrentar desaf\u00edos actuales como la justicia social y la igualdad. Entre los acuerdos alcanzados, se anunci\u00f3 [&hellip;]","og_url":"https:\/\/canal7slp.tv\/2025\/sheinbaum-y-arevalo-acuerdan-fortalecer-la-seguridad-fronteriza-y-la-cooperacion-regional-entre-mexico-y-guatemala\/","og_site_name":"Canal 7 SLP - 2025","article_publisher":"https:\/\/www.facebook.com\/noticieroscanal7atencionciudadana\/","article_published_time":"2025-08-16T18:05:01+00:00","og_image":[{"width":888,"height":500,"url":"https:\/\/canal7slp.tv\/2025\/wp-content\/uploads\/2025\/08\/05-15.jpg","type":"image\/jpeg"}],"author":"Edici\u00f3n Web","twitter_card":"summary_large_image","twitter_creator":"@NOTICIEROS7","twitter_site":"@NOTICIEROS7","twitter_misc":{"Escrito por":"Edici\u00f3n Web","Tiempo de lectura":"2 minutos"},"schema":{"@context":"https:\/\/schema.org","@graph":[{"@type":"Article","@id":"https:\/\/canal7slp.tv\/2025\/sheinbaum-y-arevalo-acuerdan-fortalecer-la-seguridad-fronteriza-y-la-cooperacion-regional-entre-mexico-y-guatemala\/#article","isPartOf":{"@id":"https:\/\/canal7slp.tv\/2025\/sheinbaum-y-arevalo-acuerdan-fortalecer-la-seguridad-fronteriza-y-la-cooperacion-regional-entre-mexico-y-guatemala\/"},"author":{"name":"Edici\u00f3n Web","@id":"https:\/\/canal7slp.tv\/2025\/#\/schema\/person\/271e2b60a96e7cc9d9ac296f4d7e414b"},"headline":"Sheinbaum y Ar\u00e9valo acuerdan fortalecer la seguridad fronteriza y la cooperaci\u00f3n regional entre M\u00e9xico y Guatemala","datePublished":"2025-08-16T18:05:01+00:00","mainEntityOfPage":{"@id":"https:\/\/canal7slp.tv\/2025\/sheinbaum-y-arevalo-acuerdan-fortalecer-la-seguridad-fronteriza-y-la-cooperacion-regional-entre-mexico-y-guatemala\/"},"wordCount":249,"publisher":{"@id":"https:\/\/canal7slp.tv\/2025\/#organization"},"image":{"@id":"https:\/\/canal7slp.tv\/2025\/sheinbaum-y-arevalo-acuerdan-fortalecer-la-seguridad-fronteriza-y-la-cooperacion-regional-entre-mexico-y-guatemala\/#primaryimage"},"thumbnailUrl":"https:\/\/canal7slp.tv\/2025\/wp-content\/uploads\/2025\/08\/05-15.jpg","articleSection":["NACIONALES"],"inLanguage":"es"},{"@type":"WebPage","@id":"https:\/\/canal7slp.tv\/2025\/sheinbaum-y-arevalo-acuerdan-fortalecer-la-seguridad-fronteriza-y-la-cooperacion-regional-entre-mexico-y-guatemala\/","url":"https:\/\/canal7slp.tv\/2025\/sheinbaum-y-arevalo-acuerdan-fortalecer-la-seguridad-fronteriza-y-la-cooperacion-regional-entre-mexico-y-guatemala\/","name":"Sheinbaum y Ar\u00e9valo acuerdan fortalecer la seguridad fronteriza y la cooperaci\u00f3n regional entre M\u00e9xico y Guatemala - Canal 7 SLP - 2025","isPartOf":{"@id":"https:\/\/canal7slp.tv\/2025\/#website"},"primaryImageOfPage":{"@id":"https:\/\/canal7slp.tv\/2025\/sheinbaum-y-arevalo-acuerdan-fortalecer-la-seguridad-fronteriza-y-la-cooperacion-regional-entre-mexico-y-guatemala\/#primaryimage"},"image":{"@id":"https:\/\/canal7slp.tv\/2025\/sheinbaum-y-arevalo-acuerdan-fortalecer-la-seguridad-fronteriza-y-la-cooperacion-regional-entre-mexico-y-guatemala\/#primaryimage"},"thumbnailUrl":"https:\/\/canal7slp.tv\/2025\/wp-content\/uploads\/2025\/08\/05-15.jpg","datePublished":"2025-08-16T18:05:01+00:00","breadcrumb":{"@id":"https:\/\/canal7slp.tv\/2025\/sheinbaum-y-arevalo-acuerdan-fortalecer-la-seguridad-fronteriza-y-la-cooperacion-regional-entre-mexico-y-guatemala\/#breadcrumb"},"inLanguage":"es","potentialAction":[{"@type":"ReadAction","target":["https:\/\/canal7slp.tv\/2025\/sheinbaum-y-arevalo-acuerdan-fortalecer-la-seguridad-fronteriza-y-la-cooperacion-regional-entre-mexico-y-guatemala\/"]}]},{"@type":"ImageObject","inLanguage":"es","@id":"https:\/\/canal7slp.tv\/2025\/sheinbaum-y-arevalo-acuerdan-fortalecer-la-seguridad-fronteriza-y-la-cooperacion-regional-entre-mexico-y-guatemala\/#primaryimage","url":"https:\/\/canal7slp.tv\/2025\/wp-content\/uploads\/2025\/08\/05-15.jpg","contentUrl":"https:\/\/canal7slp.tv\/2025\/wp-content\/uploads\/2025\/08\/05-15.jpg","width":888,"height":500},{"@type":"BreadcrumbList","@id":"https:\/\/canal7slp.tv\/2025\/sheinbaum-y-arevalo-acuerdan-fortalecer-la-seguridad-fronteriza-y-la-cooperacion-regional-entre-mexico-y-guatemala\/#breadcrumb","itemListElement":[{"@type":"ListItem","position":1,"name":"Portada","item":"https:\/\/canal7slp.tv\/2025\/"},{"@type":"ListItem","position":2,"name":"Sheinbaum y Ar\u00e9valo acuerdan fortalecer la seguridad fronteriza y la cooperaci\u00f3n regional entre M\u00e9xico y Guatemala"}]},{"@type":"WebSite","@id":"https:\/\/canal7slp.tv\/2025\/#website","url":"https:\/\/canal7slp.tv\/2025\/","name":"N7 - Noticieros Canal 7","description":"Somos el Medio","publisher":{"@id":"https:\/\/canal7slp.tv\/2025\/#organization"},"potentialAction":[{"@type":"SearchAction","target":{"@type":"EntryPoint","urlTemplate":"https:\/\/canal7slp.tv\/2025\/?s={search_term_string}"},"query-input":{"@type":"PropertyValueSpecification","valueRequired":true,"valueName":"search_term_string"}}],"inLanguage":"es"},{"@type":"Organization","@id":"https:\/\/canal7slp.tv\/2025\/#organization","name":"Noticieros Canal 7","url":"https:\/\/canal7slp.tv\/2025\/","logo":{"@type":"ImageObject","inLanguage":"es","@id":"https:\/\/canal7slp.tv\/2025\/#\/schema\/logo\/image\/","url":"https:\/\/canal7slp.tv\/2025\/wp-content\/uploads\/2021\/01\/logo-noticieros@2x.png","contentUrl":"https:\/\/canal7slp.tv\/2025\/wp-content\/uploads\/2021\/01\/logo-noticieros@2x.png","width":1017,"height":268,"caption":"Noticieros Canal 7"},"image":{"@id":"https:\/\/canal7slp.tv\/2025\/#\/schema\/logo\/image\/"},"sameAs":["https:\/\/www.facebook.com\/noticieroscanal7atencionciudadana\/","https:\/\/x.com\/NOTICIEROS7","https:\/\/www.instagram.com\/canal7_slp","https:\/\/www.youtube.com\/channel\/UCliiYs-gP3JfJeqdPrNdd5A"]},{"@type":"Person","@id":"https:\/\/canal7slp.tv\/2025\/#\/schema\/person\/271e2b60a96e7cc9d9ac296f4d7e414b","name":"Edici\u00f3n Web","image":{"@type":"ImageObject","inLanguage":"es","@id":"https:\/\/secure.gravatar.com\/avatar\/eee448fc3f7164808013b816ba91ac7e43bbe82a70bebac296f8bc6f0addaa1a?s=96&d=mm&r=g","url":"https:\/\/secure.gravatar.com\/avatar\/eee448fc3f7164808013b816ba91ac7e43bbe82a70bebac296f8bc6f0addaa1a?s=96&d=mm&r=g","contentUrl":"https:\/\/secure.gravatar.com\/avatar\/eee448fc3f7164808013b816ba91ac7e43bbe82a70bebac296f8bc6f0addaa1a?s=96&d=mm&r=g","caption":"Edici\u00f3n Web"},"url":"https:\/\/canal7slp.tv\/2025\/author\/edicionweb\/"}]}},"_links":{"self":[{"href":"https:\/\/canal7slp.tv\/2025\/wp-json\/wp\/v2\/posts\/176708","targetHints":{"allow":["GET"]}}],"collection":[{"href":"https:\/\/canal7slp.tv\/2025\/wp-json\/wp\/v2\/posts"}],"about":[{"href":"https:\/\/canal7slp.tv\/2025\/wp-json\/wp\/v2\/types\/post"}],"author":[{"embeddable":true,"href":"https:\/\/canal7slp.tv\/2025\/wp-json\/wp\/v2\/users\/2"}],"replies":[{"embeddable":true,"href":"https:\/\/canal7slp.tv\/2025\/wp-json\/wp\/v2\/comments?post=176708"}],"version-history":[{"count":1,"href":"https:\/\/canal7slp.tv\/2025\/wp-json\/wp\/v2\/posts\/176708\/revisions"}],"predecessor-version":[{"id":176710,"href":"https:\/\/canal7slp.tv\/2025\/wp-json\/wp\/v2\/posts\/176708\/revisions\/176710"}],"wp:featuredmedia":[{"embeddable":true,"href":"https:\/\/canal7slp.tv\/2025\/wp-json\/wp\/v2\/media\/176709"}],"wp:attachment":[{"href":"https:\/\/canal7slp.tv\/2025\/wp-json\/wp\/v2\/media?parent=176708"}],"wp:term":[{"taxonomy":"category","embeddable":true,"href":"https:\/\/canal7slp.tv\/2025\/wp-json\/wp\/v2\/categories?post=176708"},{"taxonomy":"post_tag","embeddable":true,"href":"https:\/\/canal7slp.tv\/2025\/wp-json\/wp\/v2\/tags?post=176708"}],"curies":[{"name":"wp","href":"https:\/\/api.w.org\/{rel}","templated":true}]}}