{"id":176705,"date":"2025-08-16T11:47:13","date_gmt":"2025-08-16T17:47:13","guid":{"rendered":"https:\/\/canal7slp.tv\/2025\/?p=176705"},"modified":"2025-08-16T11:47:13","modified_gmt":"2025-08-16T17:47:13","slug":"en-el-caribe-huracan-erin-sube-a-categoria-5-con-vientos-de-255-km-h","status":"publish","type":"post","link":"https:\/\/canal7slp.tv\/2025\/en-el-caribe-huracan-erin-sube-a-categoria-5-con-vientos-de-255-km-h\/","title":{"rendered":"En el Caribe, hurac\u00e1n \u201cErin\u201d sube a categor\u00eda 5 con vientos de 255 km\/h"},"content":{"rendered":"<p style=\"text-align: justify;\">EUA.- El hurac\u00e1n \u201cErin\u201d alcanz\u00f3 la categor\u00eda 5 en la escala Saffir-Simpson, convirti\u00e9ndose en un cicl\u00f3n de gran intensidad en el Caribe. A las 08:00 horas locales del 16 de agosto, el fen\u00f3meno registraba vientos m\u00e1ximos sostenidos de 255 km\/h, lo que lo clasifica como un hurac\u00e1n mayor.<\/p>\n<p style=\"text-align: justify;\">Actualmente, \u201cErin\u201d se ubica a 170 km al noreste de Anguila y a 375 km de Puerto Rico, avanzando hacia el oeste a una velocidad de 28 km\/h.<\/p>\n<p style=\"text-align: justify;\">Las autoridades prev\u00e9n que el cicl\u00f3n provoque lluvias intensas en las Islas de Sotavento, las Islas V\u00edrgenes y Puerto Rico, con acumulaciones de entre 50 y 100 mm (2 a 4 pulgadas). Estas precipitaciones podr\u00edan ocasionar inundaciones repentinas y deslizamientos de tierra en \u00e1reas vulnerables.<\/p>\n<p style=\"text-align: justify;\">El oleaje generado por el hurac\u00e1n tambi\u00e9n impactar\u00e1 a varias regiones, incluidas las Antillas Menores, La Espa\u00f1ola y las Islas Turcas y Caicos, con riesgo de corrientes de resaca peligrosas.<\/p>\n<p style=\"text-align: justify;\">El Centro Nacional de Huracanes de Estados Unidos (NHC) emiti\u00f3 alertas y avisos preventivos para las zonas en riesgo, instando a la poblaci\u00f3n a mantenerse informada sobre la evoluci\u00f3n del fen\u00f3meno.<\/p>\n<p style=\"text-align: justify;\">Aunque no se prev\u00e9 que \u201cErin\u201d toque tierra, s\u00ed podr\u00eda afectar indirectamente la costa este de Estados Unidos, en particular Carolina del Norte, con oleaje intenso y condiciones mar\u00edtimas adversas.<\/p>\n<p style=\"text-align: justify;\">La temporada de huracanes del Atl\u00e1ntico, que se extiende de junio a noviembre, se mantiene m\u00e1s activa de lo habitual, por lo que se espera la formaci\u00f3n de m\u00e1s tormentas en los pr\u00f3ximos meses.<\/p>\n","protected":false},"excerpt":{"rendered":"<p>EUA.- El hurac\u00e1n \u201cErin\u201d alcanz\u00f3 la categor\u00eda 5 en la escala Saffir-Simpson, convirti\u00e9ndose en un cicl\u00f3n de gran intensidad en el Caribe. A las 08:00 horas locales del 16 de agosto, el fen\u00f3meno registraba vientos m\u00e1ximos sostenidos de 255 km\/h, lo que lo clasifica como un hurac\u00e1n mayor. Actualmente, \u201cErin\u201d se ubica a 170 km al noreste de Anguila y a 375 km de Puerto Rico, avanzando hacia el oeste a una velocidad de 28 km\/h. Las autoridades prev\u00e9n que el cicl\u00f3n provoque lluvias intensas en las Islas de Sotavento, las Islas V\u00edrgenes y Puerto Rico, con acumulaciones de entre [&hellip;]<\/p>\n","protected":false},"author":2,"featured_media":176706,"comment_status":"closed","ping_status":"closed","sticky":false,"template":"","format":"standard","meta":{"_monsterinsights_skip_tracking":false,"_monsterinsights_sitenote_active":false,"_monsterinsights_sitenote_note":"","_monsterinsights_sitenote_category":0,"footnotes":""},"categories":[44],"tags":[],"class_list":["post-176705","post","type-post","status-publish","format-standard","has-post-thumbnail","hentry","category-internacional","post--single"],"yoast_head":"<!-- This site is optimized with the Yoast SEO plugin v27.4 - https:\/\/yoast.com\/product\/yoast-seo-wordpress\/ -->\n<title>En el Caribe, hurac\u00e1n \u201cErin\u201d sube a categor\u00eda 5 con vientos de 255 km\/h - Canal 7 SLP - 2025<\/title>\n<meta name=\"robots\" content=\"index, follow, max-snippet:-1, max-image-preview:large, max-video-preview:-1\" \/>\n<link rel=\"canonical\" href=\"https:\/\/canal7slp.tv\/2025\/en-el-caribe-huracan-erin-sube-a-categoria-5-con-vientos-de-255-km-h\/\" \/>\n<meta property=\"og:locale\" content=\"es_ES\" \/>\n<meta property=\"og:type\" content=\"article\" \/>\n<meta property=\"og:title\" content=\"En el Caribe, hurac\u00e1n \u201cErin\u201d sube a categor\u00eda 5 con vientos de 255 km\/h - Canal 7 SLP - 2025\" \/>\n<meta property=\"og:description\" content=\"EUA.- El hurac\u00e1n \u201cErin\u201d alcanz\u00f3 la categor\u00eda 5 en la escala Saffir-Simpson, convirti\u00e9ndose en un cicl\u00f3n de gran intensidad en el Caribe. A las 08:00 horas locales del 16 de agosto, el fen\u00f3meno registraba vientos m\u00e1ximos sostenidos de 255 km\/h, lo que lo clasifica como un hurac\u00e1n mayor. Actualmente, \u201cErin\u201d se ubica a 170 km al noreste de Anguila y a 375 km de Puerto Rico, avanzando hacia el oeste a una velocidad de 28 km\/h. Las autoridades prev\u00e9n que el cicl\u00f3n provoque lluvias intensas en las Islas de Sotavento, las Islas V\u00edrgenes y Puerto Rico, con acumulaciones de entre [&hellip;]\" \/>\n<meta property=\"og:url\" content=\"https:\/\/canal7slp.tv\/2025\/en-el-caribe-huracan-erin-sube-a-categoria-5-con-vientos-de-255-km-h\/\" \/>\n<meta property=\"og:site_name\" content=\"Canal 7 SLP - 2025\" \/>\n<meta property=\"article:publisher\" content=\"https:\/\/www.facebook.com\/noticieroscanal7atencionciudadana\/\" \/>\n<meta property=\"article:published_time\" content=\"2025-08-16T17:47:13+00:00\" \/>\n<meta property=\"og:image\" content=\"https:\/\/canal7slp.tv\/2025\/wp-content\/uploads\/2025\/08\/04-15.jpg\" \/>\n\t<meta property=\"og:image:width\" content=\"825\" \/>\n\t<meta property=\"og:image:height\" content=\"500\" \/>\n\t<meta property=\"og:image:type\" content=\"image\/jpeg\" \/>\n<meta name=\"author\" content=\"Edici\u00f3n Web\" \/>\n<meta name=\"twitter:card\" content=\"summary_large_image\" \/>\n<meta name=\"twitter:creator\" content=\"@NOTICIEROS7\" \/>\n<meta name=\"twitter:site\" content=\"@NOTICIEROS7\" \/>\n<meta name=\"twitter:label1\" content=\"Escrito por\" \/>\n\t<meta name=\"twitter:data1\" content=\"Edici\u00f3n Web\" \/>\n\t<meta name=\"twitter:label2\" content=\"Tiempo de lectura\" \/>\n\t<meta name=\"twitter:data2\" content=\"2 minutos\" \/>\n<script type=\"application\/ld+json\" class=\"yoast-schema-graph\">{\"@context\":\"https:\\\/\\\/schema.org\",\"@graph\":[{\"@type\":\"Article\",\"@id\":\"https:\\\/\\\/canal7slp.tv\\\/2025\\\/en-el-caribe-huracan-erin-sube-a-categoria-5-con-vientos-de-255-km-h\\\/#article\",\"isPartOf\":{\"@id\":\"https:\\\/\\\/canal7slp.tv\\\/2025\\\/en-el-caribe-huracan-erin-sube-a-categoria-5-con-vientos-de-255-km-h\\\/\"},\"author\":{\"name\":\"Edici\u00f3n Web\",\"@id\":\"https:\\\/\\\/canal7slp.tv\\\/2025\\\/#\\\/schema\\\/person\\\/271e2b60a96e7cc9d9ac296f4d7e414b\"},\"headline\":\"En el Caribe, hurac\u00e1n \u201cErin\u201d sube a categor\u00eda 5 con vientos de 255 km\\\/h\",\"datePublished\":\"2025-08-16T17:47:13+00:00\",\"mainEntityOfPage\":{\"@id\":\"https:\\\/\\\/canal7slp.tv\\\/2025\\\/en-el-caribe-huracan-erin-sube-a-categoria-5-con-vientos-de-255-km-h\\\/\"},\"wordCount\":277,\"publisher\":{\"@id\":\"https:\\\/\\\/canal7slp.tv\\\/2025\\\/#organization\"},\"image\":{\"@id\":\"https:\\\/\\\/canal7slp.tv\\\/2025\\\/en-el-caribe-huracan-erin-sube-a-categoria-5-con-vientos-de-255-km-h\\\/#primaryimage\"},\"thumbnailUrl\":\"https:\\\/\\\/canal7slp.tv\\\/2025\\\/wp-content\\\/uploads\\\/2025\\\/08\\\/04-15.jpg\",\"articleSection\":[\"INTERNACIONALES\"],\"inLanguage\":\"es\"},{\"@type\":\"WebPage\",\"@id\":\"https:\\\/\\\/canal7slp.tv\\\/2025\\\/en-el-caribe-huracan-erin-sube-a-categoria-5-con-vientos-de-255-km-h\\\/\",\"url\":\"https:\\\/\\\/canal7slp.tv\\\/2025\\\/en-el-caribe-huracan-erin-sube-a-categoria-5-con-vientos-de-255-km-h\\\/\",\"name\":\"En el Caribe, hurac\u00e1n \u201cErin\u201d sube a categor\u00eda 5 con vientos de 255 km\\\/h - Canal 7 SLP - 2025\",\"isPartOf\":{\"@id\":\"https:\\\/\\\/canal7slp.tv\\\/2025\\\/#website\"},\"primaryImageOfPage\":{\"@id\":\"https:\\\/\\\/canal7slp.tv\\\/2025\\\/en-el-caribe-huracan-erin-sube-a-categoria-5-con-vientos-de-255-km-h\\\/#primaryimage\"},\"image\":{\"@id\":\"https:\\\/\\\/canal7slp.tv\\\/2025\\\/en-el-caribe-huracan-erin-sube-a-categoria-5-con-vientos-de-255-km-h\\\/#primaryimage\"},\"thumbnailUrl\":\"https:\\\/\\\/canal7slp.tv\\\/2025\\\/wp-content\\\/uploads\\\/2025\\\/08\\\/04-15.jpg\",\"datePublished\":\"2025-08-16T17:47:13+00:00\",\"breadcrumb\":{\"@id\":\"https:\\\/\\\/canal7slp.tv\\\/2025\\\/en-el-caribe-huracan-erin-sube-a-categoria-5-con-vientos-de-255-km-h\\\/#breadcrumb\"},\"inLanguage\":\"es\",\"potentialAction\":[{\"@type\":\"ReadAction\",\"target\":[\"https:\\\/\\\/canal7slp.tv\\\/2025\\\/en-el-caribe-huracan-erin-sube-a-categoria-5-con-vientos-de-255-km-h\\\/\"]}]},{\"@type\":\"ImageObject\",\"inLanguage\":\"es\",\"@id\":\"https:\\\/\\\/canal7slp.tv\\\/2025\\\/en-el-caribe-huracan-erin-sube-a-categoria-5-con-vientos-de-255-km-h\\\/#primaryimage\",\"url\":\"https:\\\/\\\/canal7slp.tv\\\/2025\\\/wp-content\\\/uploads\\\/2025\\\/08\\\/04-15.jpg\",\"contentUrl\":\"https:\\\/\\\/canal7slp.tv\\\/2025\\\/wp-content\\\/uploads\\\/2025\\\/08\\\/04-15.jpg\",\"width\":825,\"height\":500},{\"@type\":\"BreadcrumbList\",\"@id\":\"https:\\\/\\\/canal7slp.tv\\\/2025\\\/en-el-caribe-huracan-erin-sube-a-categoria-5-con-vientos-de-255-km-h\\\/#breadcrumb\",\"itemListElement\":[{\"@type\":\"ListItem\",\"position\":1,\"name\":\"Portada\",\"item\":\"https:\\\/\\\/canal7slp.tv\\\/2025\\\/\"},{\"@type\":\"ListItem\",\"position\":2,\"name\":\"En el Caribe, hurac\u00e1n \u201cErin\u201d sube a categor\u00eda 5 con vientos de 255 km\\\/h\"}]},{\"@type\":\"WebSite\",\"@id\":\"https:\\\/\\\/canal7slp.tv\\\/2025\\\/#website\",\"url\":\"https:\\\/\\\/canal7slp.tv\\\/2025\\\/\",\"name\":\"N7 - Noticieros Canal 7\",\"description\":\"Somos el Medio\",\"publisher\":{\"@id\":\"https:\\\/\\\/canal7slp.tv\\\/2025\\\/#organization\"},\"potentialAction\":[{\"@type\":\"SearchAction\",\"target\":{\"@type\":\"EntryPoint\",\"urlTemplate\":\"https:\\\/\\\/canal7slp.tv\\\/2025\\\/?s={search_term_string}\"},\"query-input\":{\"@type\":\"PropertyValueSpecification\",\"valueRequired\":true,\"valueName\":\"search_term_string\"}}],\"inLanguage\":\"es\"},{\"@type\":\"Organization\",\"@id\":\"https:\\\/\\\/canal7slp.tv\\\/2025\\\/#organization\",\"name\":\"Noticieros Canal 7\",\"url\":\"https:\\\/\\\/canal7slp.tv\\\/2025\\\/\",\"logo\":{\"@type\":\"ImageObject\",\"inLanguage\":\"es\",\"@id\":\"https:\\\/\\\/canal7slp.tv\\\/2025\\\/#\\\/schema\\\/logo\\\/image\\\/\",\"url\":\"https:\\\/\\\/canal7slp.tv\\\/2025\\\/wp-content\\\/uploads\\\/2021\\\/01\\\/logo-noticieros@2x.png\",\"contentUrl\":\"https:\\\/\\\/canal7slp.tv\\\/2025\\\/wp-content\\\/uploads\\\/2021\\\/01\\\/logo-noticieros@2x.png\",\"width\":1017,\"height\":268,\"caption\":\"Noticieros Canal 7\"},\"image\":{\"@id\":\"https:\\\/\\\/canal7slp.tv\\\/2025\\\/#\\\/schema\\\/logo\\\/image\\\/\"},\"sameAs\":[\"https:\\\/\\\/www.facebook.com\\\/noticieroscanal7atencionciudadana\\\/\",\"https:\\\/\\\/x.com\\\/NOTICIEROS7\",\"https:\\\/\\\/www.instagram.com\\\/canal7_slp\",\"https:\\\/\\\/www.youtube.com\\\/channel\\\/UCliiYs-gP3JfJeqdPrNdd5A\"]},{\"@type\":\"Person\",\"@id\":\"https:\\\/\\\/canal7slp.tv\\\/2025\\\/#\\\/schema\\\/person\\\/271e2b60a96e7cc9d9ac296f4d7e414b\",\"name\":\"Edici\u00f3n Web\",\"image\":{\"@type\":\"ImageObject\",\"inLanguage\":\"es\",\"@id\":\"https:\\\/\\\/secure.gravatar.com\\\/avatar\\\/eee448fc3f7164808013b816ba91ac7e43bbe82a70bebac296f8bc6f0addaa1a?s=96&d=mm&r=g\",\"url\":\"https:\\\/\\\/secure.gravatar.com\\\/avatar\\\/eee448fc3f7164808013b816ba91ac7e43bbe82a70bebac296f8bc6f0addaa1a?s=96&d=mm&r=g\",\"contentUrl\":\"https:\\\/\\\/secure.gravatar.com\\\/avatar\\\/eee448fc3f7164808013b816ba91ac7e43bbe82a70bebac296f8bc6f0addaa1a?s=96&d=mm&r=g\",\"caption\":\"Edici\u00f3n Web\"},\"url\":\"https:\\\/\\\/canal7slp.tv\\\/2025\\\/author\\\/edicionweb\\\/\"}]}<\/script>\n<!-- \/ Yoast SEO plugin. -->","yoast_head_json":{"title":"En el Caribe, hurac\u00e1n \u201cErin\u201d sube a categor\u00eda 5 con vientos de 255 km\/h - Canal 7 SLP - 2025","robots":{"index":"index","follow":"follow","max-snippet":"max-snippet:-1","max-image-preview":"max-image-preview:large","max-video-preview":"max-video-preview:-1"},"canonical":"https:\/\/canal7slp.tv\/2025\/en-el-caribe-huracan-erin-sube-a-categoria-5-con-vientos-de-255-km-h\/","og_locale":"es_ES","og_type":"article","og_title":"En el Caribe, hurac\u00e1n \u201cErin\u201d sube a categor\u00eda 5 con vientos de 255 km\/h - Canal 7 SLP - 2025","og_description":"EUA.- El hurac\u00e1n \u201cErin\u201d alcanz\u00f3 la categor\u00eda 5 en la escala Saffir-Simpson, convirti\u00e9ndose en un cicl\u00f3n de gran intensidad en el Caribe. A las 08:00 horas locales del 16 de agosto, el fen\u00f3meno registraba vientos m\u00e1ximos sostenidos de 255 km\/h, lo que lo clasifica como un hurac\u00e1n mayor. Actualmente, \u201cErin\u201d se ubica a 170 km al noreste de Anguila y a 375 km de Puerto Rico, avanzando hacia el oeste a una velocidad de 28 km\/h. Las autoridades prev\u00e9n que el cicl\u00f3n provoque lluvias intensas en las Islas de Sotavento, las Islas V\u00edrgenes y Puerto Rico, con acumulaciones de entre [&hellip;]","og_url":"https:\/\/canal7slp.tv\/2025\/en-el-caribe-huracan-erin-sube-a-categoria-5-con-vientos-de-255-km-h\/","og_site_name":"Canal 7 SLP - 2025","article_publisher":"https:\/\/www.facebook.com\/noticieroscanal7atencionciudadana\/","article_published_time":"2025-08-16T17:47:13+00:00","og_image":[{"width":825,"height":500,"url":"https:\/\/canal7slp.tv\/2025\/wp-content\/uploads\/2025\/08\/04-15.jpg","type":"image\/jpeg"}],"author":"Edici\u00f3n Web","twitter_card":"summary_large_image","twitter_creator":"@NOTICIEROS7","twitter_site":"@NOTICIEROS7","twitter_misc":{"Escrito por":"Edici\u00f3n Web","Tiempo de lectura":"2 minutos"},"schema":{"@context":"https:\/\/schema.org","@graph":[{"@type":"Article","@id":"https:\/\/canal7slp.tv\/2025\/en-el-caribe-huracan-erin-sube-a-categoria-5-con-vientos-de-255-km-h\/#article","isPartOf":{"@id":"https:\/\/canal7slp.tv\/2025\/en-el-caribe-huracan-erin-sube-a-categoria-5-con-vientos-de-255-km-h\/"},"author":{"name":"Edici\u00f3n Web","@id":"https:\/\/canal7slp.tv\/2025\/#\/schema\/person\/271e2b60a96e7cc9d9ac296f4d7e414b"},"headline":"En el Caribe, hurac\u00e1n \u201cErin\u201d sube a categor\u00eda 5 con vientos de 255 km\/h","datePublished":"2025-08-16T17:47:13+00:00","mainEntityOfPage":{"@id":"https:\/\/canal7slp.tv\/2025\/en-el-caribe-huracan-erin-sube-a-categoria-5-con-vientos-de-255-km-h\/"},"wordCount":277,"publisher":{"@id":"https:\/\/canal7slp.tv\/2025\/#organization"},"image":{"@id":"https:\/\/canal7slp.tv\/2025\/en-el-caribe-huracan-erin-sube-a-categoria-5-con-vientos-de-255-km-h\/#primaryimage"},"thumbnailUrl":"https:\/\/canal7slp.tv\/2025\/wp-content\/uploads\/2025\/08\/04-15.jpg","articleSection":["INTERNACIONALES"],"inLanguage":"es"},{"@type":"WebPage","@id":"https:\/\/canal7slp.tv\/2025\/en-el-caribe-huracan-erin-sube-a-categoria-5-con-vientos-de-255-km-h\/","url":"https:\/\/canal7slp.tv\/2025\/en-el-caribe-huracan-erin-sube-a-categoria-5-con-vientos-de-255-km-h\/","name":"En el Caribe, hurac\u00e1n \u201cErin\u201d sube a categor\u00eda 5 con vientos de 255 km\/h - Canal 7 SLP - 2025","isPartOf":{"@id":"https:\/\/canal7slp.tv\/2025\/#website"},"primaryImageOfPage":{"@id":"https:\/\/canal7slp.tv\/2025\/en-el-caribe-huracan-erin-sube-a-categoria-5-con-vientos-de-255-km-h\/#primaryimage"},"image":{"@id":"https:\/\/canal7slp.tv\/2025\/en-el-caribe-huracan-erin-sube-a-categoria-5-con-vientos-de-255-km-h\/#primaryimage"},"thumbnailUrl":"https:\/\/canal7slp.tv\/2025\/wp-content\/uploads\/2025\/08\/04-15.jpg","datePublished":"2025-08-16T17:47:13+00:00","breadcrumb":{"@id":"https:\/\/canal7slp.tv\/2025\/en-el-caribe-huracan-erin-sube-a-categoria-5-con-vientos-de-255-km-h\/#breadcrumb"},"inLanguage":"es","potentialAction":[{"@type":"ReadAction","target":["https:\/\/canal7slp.tv\/2025\/en-el-caribe-huracan-erin-sube-a-categoria-5-con-vientos-de-255-km-h\/"]}]},{"@type":"ImageObject","inLanguage":"es","@id":"https:\/\/canal7slp.tv\/2025\/en-el-caribe-huracan-erin-sube-a-categoria-5-con-vientos-de-255-km-h\/#primaryimage","url":"https:\/\/canal7slp.tv\/2025\/wp-content\/uploads\/2025\/08\/04-15.jpg","contentUrl":"https:\/\/canal7slp.tv\/2025\/wp-content\/uploads\/2025\/08\/04-15.jpg","width":825,"height":500},{"@type":"BreadcrumbList","@id":"https:\/\/canal7slp.tv\/2025\/en-el-caribe-huracan-erin-sube-a-categoria-5-con-vientos-de-255-km-h\/#breadcrumb","itemListElement":[{"@type":"ListItem","position":1,"name":"Portada","item":"https:\/\/canal7slp.tv\/2025\/"},{"@type":"ListItem","position":2,"name":"En el Caribe, hurac\u00e1n \u201cErin\u201d sube a categor\u00eda 5 con vientos de 255 km\/h"}]},{"@type":"WebSite","@id":"https:\/\/canal7slp.tv\/2025\/#website","url":"https:\/\/canal7slp.tv\/2025\/","name":"N7 - Noticieros Canal 7","description":"Somos el Medio","publisher":{"@id":"https:\/\/canal7slp.tv\/2025\/#organization"},"potentialAction":[{"@type":"SearchAction","target":{"@type":"EntryPoint","urlTemplate":"https:\/\/canal7slp.tv\/2025\/?s={search_term_string}"},"query-input":{"@type":"PropertyValueSpecification","valueRequired":true,"valueName":"search_term_string"}}],"inLanguage":"es"},{"@type":"Organization","@id":"https:\/\/canal7slp.tv\/2025\/#organization","name":"Noticieros Canal 7","url":"https:\/\/canal7slp.tv\/2025\/","logo":{"@type":"ImageObject","inLanguage":"es","@id":"https:\/\/canal7slp.tv\/2025\/#\/schema\/logo\/image\/","url":"https:\/\/canal7slp.tv\/2025\/wp-content\/uploads\/2021\/01\/logo-noticieros@2x.png","contentUrl":"https:\/\/canal7slp.tv\/2025\/wp-content\/uploads\/2021\/01\/logo-noticieros@2x.png","width":1017,"height":268,"caption":"Noticieros Canal 7"},"image":{"@id":"https:\/\/canal7slp.tv\/2025\/#\/schema\/logo\/image\/"},"sameAs":["https:\/\/www.facebook.com\/noticieroscanal7atencionciudadana\/","https:\/\/x.com\/NOTICIEROS7","https:\/\/www.instagram.com\/canal7_slp","https:\/\/www.youtube.com\/channel\/UCliiYs-gP3JfJeqdPrNdd5A"]},{"@type":"Person","@id":"https:\/\/canal7slp.tv\/2025\/#\/schema\/person\/271e2b60a96e7cc9d9ac296f4d7e414b","name":"Edici\u00f3n Web","image":{"@type":"ImageObject","inLanguage":"es","@id":"https:\/\/secure.gravatar.com\/avatar\/eee448fc3f7164808013b816ba91ac7e43bbe82a70bebac296f8bc6f0addaa1a?s=96&d=mm&r=g","url":"https:\/\/secure.gravatar.com\/avatar\/eee448fc3f7164808013b816ba91ac7e43bbe82a70bebac296f8bc6f0addaa1a?s=96&d=mm&r=g","contentUrl":"https:\/\/secure.gravatar.com\/avatar\/eee448fc3f7164808013b816ba91ac7e43bbe82a70bebac296f8bc6f0addaa1a?s=96&d=mm&r=g","caption":"Edici\u00f3n Web"},"url":"https:\/\/canal7slp.tv\/2025\/author\/edicionweb\/"}]}},"_links":{"self":[{"href":"https:\/\/canal7slp.tv\/2025\/wp-json\/wp\/v2\/posts\/176705","targetHints":{"allow":["GET"]}}],"collection":[{"href":"https:\/\/canal7slp.tv\/2025\/wp-json\/wp\/v2\/posts"}],"about":[{"href":"https:\/\/canal7slp.tv\/2025\/wp-json\/wp\/v2\/types\/post"}],"author":[{"embeddable":true,"href":"https:\/\/canal7slp.tv\/2025\/wp-json\/wp\/v2\/users\/2"}],"replies":[{"embeddable":true,"href":"https:\/\/canal7slp.tv\/2025\/wp-json\/wp\/v2\/comments?post=176705"}],"version-history":[{"count":1,"href":"https:\/\/canal7slp.tv\/2025\/wp-json\/wp\/v2\/posts\/176705\/revisions"}],"predecessor-version":[{"id":176707,"href":"https:\/\/canal7slp.tv\/2025\/wp-json\/wp\/v2\/posts\/176705\/revisions\/176707"}],"wp:featuredmedia":[{"embeddable":true,"href":"https:\/\/canal7slp.tv\/2025\/wp-json\/wp\/v2\/media\/176706"}],"wp:attachment":[{"href":"https:\/\/canal7slp.tv\/2025\/wp-json\/wp\/v2\/media?parent=176705"}],"wp:term":[{"taxonomy":"category","embeddable":true,"href":"https:\/\/canal7slp.tv\/2025\/wp-json\/wp\/v2\/categories?post=176705"},{"taxonomy":"post_tag","embeddable":true,"href":"https:\/\/canal7slp.tv\/2025\/wp-json\/wp\/v2\/tags?post=176705"}],"curies":[{"name":"wp","href":"https:\/\/api.w.org\/{rel}","templated":true}]}}