{"id":176698,"date":"2025-08-16T10:42:18","date_gmt":"2025-08-16T16:42:18","guid":{"rendered":"https:\/\/canal7slp.tv\/2025\/?p=176698"},"modified":"2025-08-16T10:42:18","modified_gmt":"2025-08-16T16:42:18","slug":"confirman-caso-de-rabia-en-joven-de-17-anos-en-zacatecas","status":"publish","type":"post","link":"https:\/\/canal7slp.tv\/2025\/confirman-caso-de-rabia-en-joven-de-17-anos-en-zacatecas\/","title":{"rendered":"Confirman caso de rabia en joven de 17 a\u00f1os en Zacatecas"},"content":{"rendered":"<p style=\"text-align: justify;\">Zacatecas.- Un caso de rabia humana ha sido confirmado en una joven de 17 a\u00f1os originaria del municipio de Mezquital del Oro, Zacatecas, quien actualmente se encuentra hospitalizada en terapia intensiva en condici\u00f3n grave, luego de ser mordida por un zorrillo mientras dorm\u00eda en su domicilio.<\/p>\n<p style=\"text-align: justify;\">El diagn\u00f3stico fue emitido por el Laboratorio Estatal de Salud P\u00fablica y notificado al Instituto de Diagn\u00f3stico y Referencia Epidemiol\u00f3gicos (INDRE) y a la Direcci\u00f3n General de Epidemiolog\u00eda, encargados de validar el caso y coordinar las acciones de control sanitario.<\/p>\n<p style=\"text-align: justify;\">Inicialmente, la paciente recibi\u00f3 atenci\u00f3n en el Hospital Rural No. 82 de Vicente Guerrero, Durango, pero tras complicaciones fue trasladada a un centro m\u00e9dico en Zacatecas. Las autoridades informaron que, tras la mordedura, la joven solo recibi\u00f3 cuidados caseros, lo que retras\u00f3 el inicio de un tratamiento adecuado.<\/p>\n<p style=\"text-align: justify;\">M\u00e9xico fue certificado en 2019 como pa\u00eds libre de rabia humana transmitida por perros; sin embargo, este caso resulta inusual debido a que la transmisi\u00f3n se produjo a trav\u00e9s de un animal silvestre.<\/p>\n<p style=\"text-align: justify;\">Ante la situaci\u00f3n, se activaron protocolos de investigaci\u00f3n epidemiol\u00f3gica, que incluyen la trazabilidad del caso, la vacunaci\u00f3n preventiva de personas en contacto con el animal y la instalaci\u00f3n de un cerco sanitario que abarcar\u00e1 Mezquital del Oro y municipios aleda\u00f1os para prevenir la propagaci\u00f3n.<\/p>\n<p style=\"text-align: justify;\">Las autoridades subrayaron la importancia de reforzar las campa\u00f1as de vacunaci\u00f3n en animales dom\u00e9sticos y de inter\u00e9s econ\u00f3mico, en coordinaci\u00f3n con la Secretar\u00eda del Campo y el Servicio Nacional de Sanidad, Inocuidad y Calidad Agroalimentaria (Senasica).<\/p>\n","protected":false},"excerpt":{"rendered":"<p>Zacatecas.- Un caso de rabia humana ha sido confirmado en una joven de 17 a\u00f1os originaria del municipio de Mezquital del Oro, Zacatecas, quien actualmente se encuentra hospitalizada en terapia intensiva en condici\u00f3n grave, luego de ser mordida por un zorrillo mientras dorm\u00eda en su domicilio. El diagn\u00f3stico fue emitido por el Laboratorio Estatal de Salud P\u00fablica y notificado al Instituto de Diagn\u00f3stico y Referencia Epidemiol\u00f3gicos (INDRE) y a la Direcci\u00f3n General de Epidemiolog\u00eda, encargados de validar el caso y coordinar las acciones de control sanitario. Inicialmente, la paciente recibi\u00f3 atenci\u00f3n en el Hospital Rural No. 82 de Vicente Guerrero, [&hellip;]<\/p>\n","protected":false},"author":2,"featured_media":176699,"comment_status":"closed","ping_status":"closed","sticky":false,"template":"","format":"standard","meta":{"_monsterinsights_skip_tracking":false,"_monsterinsights_sitenote_active":false,"_monsterinsights_sitenote_note":"","_monsterinsights_sitenote_category":0,"footnotes":""},"categories":[46],"tags":[],"class_list":["post-176698","post","type-post","status-publish","format-standard","has-post-thumbnail","hentry","category-nacional","post--single"],"yoast_head":"<!-- This site is optimized with the Yoast SEO plugin v27.4 - https:\/\/yoast.com\/product\/yoast-seo-wordpress\/ -->\n<title>Confirman caso de rabia en joven de 17 a\u00f1os en Zacatecas - Canal 7 SLP - 2025<\/title>\n<meta name=\"robots\" content=\"index, follow, max-snippet:-1, max-image-preview:large, max-video-preview:-1\" \/>\n<link rel=\"canonical\" href=\"https:\/\/canal7slp.tv\/2025\/confirman-caso-de-rabia-en-joven-de-17-anos-en-zacatecas\/\" \/>\n<meta property=\"og:locale\" content=\"es_ES\" \/>\n<meta property=\"og:type\" content=\"article\" \/>\n<meta property=\"og:title\" content=\"Confirman caso de rabia en joven de 17 a\u00f1os en Zacatecas - Canal 7 SLP - 2025\" \/>\n<meta property=\"og:description\" content=\"Zacatecas.- Un caso de rabia humana ha sido confirmado en una joven de 17 a\u00f1os originaria del municipio de Mezquital del Oro, Zacatecas, quien actualmente se encuentra hospitalizada en terapia intensiva en condici\u00f3n grave, luego de ser mordida por un zorrillo mientras dorm\u00eda en su domicilio. El diagn\u00f3stico fue emitido por el Laboratorio Estatal de Salud P\u00fablica y notificado al Instituto de Diagn\u00f3stico y Referencia Epidemiol\u00f3gicos (INDRE) y a la Direcci\u00f3n General de Epidemiolog\u00eda, encargados de validar el caso y coordinar las acciones de control sanitario. Inicialmente, la paciente recibi\u00f3 atenci\u00f3n en el Hospital Rural No. 82 de Vicente Guerrero, [&hellip;]\" \/>\n<meta property=\"og:url\" content=\"https:\/\/canal7slp.tv\/2025\/confirman-caso-de-rabia-en-joven-de-17-anos-en-zacatecas\/\" \/>\n<meta property=\"og:site_name\" content=\"Canal 7 SLP - 2025\" \/>\n<meta property=\"article:publisher\" content=\"https:\/\/www.facebook.com\/noticieroscanal7atencionciudadana\/\" \/>\n<meta property=\"article:published_time\" content=\"2025-08-16T16:42:18+00:00\" \/>\n<meta property=\"og:image\" content=\"https:\/\/canal7slp.tv\/2025\/wp-content\/uploads\/2025\/08\/02-16.jpg\" \/>\n\t<meta property=\"og:image:width\" content=\"749\" \/>\n\t<meta property=\"og:image:height\" content=\"500\" \/>\n\t<meta property=\"og:image:type\" content=\"image\/jpeg\" \/>\n<meta name=\"author\" content=\"Edici\u00f3n Web\" \/>\n<meta name=\"twitter:card\" content=\"summary_large_image\" \/>\n<meta name=\"twitter:creator\" content=\"@NOTICIEROS7\" \/>\n<meta name=\"twitter:site\" content=\"@NOTICIEROS7\" \/>\n<meta name=\"twitter:label1\" content=\"Escrito por\" \/>\n\t<meta name=\"twitter:data1\" content=\"Edici\u00f3n Web\" \/>\n\t<meta name=\"twitter:label2\" content=\"Tiempo de lectura\" \/>\n\t<meta name=\"twitter:data2\" content=\"2 minutos\" \/>\n<script type=\"application\/ld+json\" class=\"yoast-schema-graph\">{\"@context\":\"https:\\\/\\\/schema.org\",\"@graph\":[{\"@type\":\"Article\",\"@id\":\"https:\\\/\\\/canal7slp.tv\\\/2025\\\/confirman-caso-de-rabia-en-joven-de-17-anos-en-zacatecas\\\/#article\",\"isPartOf\":{\"@id\":\"https:\\\/\\\/canal7slp.tv\\\/2025\\\/confirman-caso-de-rabia-en-joven-de-17-anos-en-zacatecas\\\/\"},\"author\":{\"name\":\"Edici\u00f3n Web\",\"@id\":\"https:\\\/\\\/canal7slp.tv\\\/2025\\\/#\\\/schema\\\/person\\\/271e2b60a96e7cc9d9ac296f4d7e414b\"},\"headline\":\"Confirman caso de rabia en joven de 17 a\u00f1os en Zacatecas\",\"datePublished\":\"2025-08-16T16:42:18+00:00\",\"mainEntityOfPage\":{\"@id\":\"https:\\\/\\\/canal7slp.tv\\\/2025\\\/confirman-caso-de-rabia-en-joven-de-17-anos-en-zacatecas\\\/\"},\"wordCount\":285,\"publisher\":{\"@id\":\"https:\\\/\\\/canal7slp.tv\\\/2025\\\/#organization\"},\"image\":{\"@id\":\"https:\\\/\\\/canal7slp.tv\\\/2025\\\/confirman-caso-de-rabia-en-joven-de-17-anos-en-zacatecas\\\/#primaryimage\"},\"thumbnailUrl\":\"https:\\\/\\\/canal7slp.tv\\\/2025\\\/wp-content\\\/uploads\\\/2025\\\/08\\\/02-16.jpg\",\"articleSection\":[\"NACIONALES\"],\"inLanguage\":\"es\"},{\"@type\":\"WebPage\",\"@id\":\"https:\\\/\\\/canal7slp.tv\\\/2025\\\/confirman-caso-de-rabia-en-joven-de-17-anos-en-zacatecas\\\/\",\"url\":\"https:\\\/\\\/canal7slp.tv\\\/2025\\\/confirman-caso-de-rabia-en-joven-de-17-anos-en-zacatecas\\\/\",\"name\":\"Confirman caso de rabia en joven de 17 a\u00f1os en Zacatecas - Canal 7 SLP - 2025\",\"isPartOf\":{\"@id\":\"https:\\\/\\\/canal7slp.tv\\\/2025\\\/#website\"},\"primaryImageOfPage\":{\"@id\":\"https:\\\/\\\/canal7slp.tv\\\/2025\\\/confirman-caso-de-rabia-en-joven-de-17-anos-en-zacatecas\\\/#primaryimage\"},\"image\":{\"@id\":\"https:\\\/\\\/canal7slp.tv\\\/2025\\\/confirman-caso-de-rabia-en-joven-de-17-anos-en-zacatecas\\\/#primaryimage\"},\"thumbnailUrl\":\"https:\\\/\\\/canal7slp.tv\\\/2025\\\/wp-content\\\/uploads\\\/2025\\\/08\\\/02-16.jpg\",\"datePublished\":\"2025-08-16T16:42:18+00:00\",\"breadcrumb\":{\"@id\":\"https:\\\/\\\/canal7slp.tv\\\/2025\\\/confirman-caso-de-rabia-en-joven-de-17-anos-en-zacatecas\\\/#breadcrumb\"},\"inLanguage\":\"es\",\"potentialAction\":[{\"@type\":\"ReadAction\",\"target\":[\"https:\\\/\\\/canal7slp.tv\\\/2025\\\/confirman-caso-de-rabia-en-joven-de-17-anos-en-zacatecas\\\/\"]}]},{\"@type\":\"ImageObject\",\"inLanguage\":\"es\",\"@id\":\"https:\\\/\\\/canal7slp.tv\\\/2025\\\/confirman-caso-de-rabia-en-joven-de-17-anos-en-zacatecas\\\/#primaryimage\",\"url\":\"https:\\\/\\\/canal7slp.tv\\\/2025\\\/wp-content\\\/uploads\\\/2025\\\/08\\\/02-16.jpg\",\"contentUrl\":\"https:\\\/\\\/canal7slp.tv\\\/2025\\\/wp-content\\\/uploads\\\/2025\\\/08\\\/02-16.jpg\",\"width\":749,\"height\":500},{\"@type\":\"BreadcrumbList\",\"@id\":\"https:\\\/\\\/canal7slp.tv\\\/2025\\\/confirman-caso-de-rabia-en-joven-de-17-anos-en-zacatecas\\\/#breadcrumb\",\"itemListElement\":[{\"@type\":\"ListItem\",\"position\":1,\"name\":\"Portada\",\"item\":\"https:\\\/\\\/canal7slp.tv\\\/2025\\\/\"},{\"@type\":\"ListItem\",\"position\":2,\"name\":\"Confirman caso de rabia en joven de 17 a\u00f1os en Zacatecas\"}]},{\"@type\":\"WebSite\",\"@id\":\"https:\\\/\\\/canal7slp.tv\\\/2025\\\/#website\",\"url\":\"https:\\\/\\\/canal7slp.tv\\\/2025\\\/\",\"name\":\"N7 - Noticieros Canal 7\",\"description\":\"Somos el Medio\",\"publisher\":{\"@id\":\"https:\\\/\\\/canal7slp.tv\\\/2025\\\/#organization\"},\"potentialAction\":[{\"@type\":\"SearchAction\",\"target\":{\"@type\":\"EntryPoint\",\"urlTemplate\":\"https:\\\/\\\/canal7slp.tv\\\/2025\\\/?s={search_term_string}\"},\"query-input\":{\"@type\":\"PropertyValueSpecification\",\"valueRequired\":true,\"valueName\":\"search_term_string\"}}],\"inLanguage\":\"es\"},{\"@type\":\"Organization\",\"@id\":\"https:\\\/\\\/canal7slp.tv\\\/2025\\\/#organization\",\"name\":\"Noticieros Canal 7\",\"url\":\"https:\\\/\\\/canal7slp.tv\\\/2025\\\/\",\"logo\":{\"@type\":\"ImageObject\",\"inLanguage\":\"es\",\"@id\":\"https:\\\/\\\/canal7slp.tv\\\/2025\\\/#\\\/schema\\\/logo\\\/image\\\/\",\"url\":\"https:\\\/\\\/canal7slp.tv\\\/2025\\\/wp-content\\\/uploads\\\/2021\\\/01\\\/logo-noticieros@2x.png\",\"contentUrl\":\"https:\\\/\\\/canal7slp.tv\\\/2025\\\/wp-content\\\/uploads\\\/2021\\\/01\\\/logo-noticieros@2x.png\",\"width\":1017,\"height\":268,\"caption\":\"Noticieros Canal 7\"},\"image\":{\"@id\":\"https:\\\/\\\/canal7slp.tv\\\/2025\\\/#\\\/schema\\\/logo\\\/image\\\/\"},\"sameAs\":[\"https:\\\/\\\/www.facebook.com\\\/noticieroscanal7atencionciudadana\\\/\",\"https:\\\/\\\/x.com\\\/NOTICIEROS7\",\"https:\\\/\\\/www.instagram.com\\\/canal7_slp\",\"https:\\\/\\\/www.youtube.com\\\/channel\\\/UCliiYs-gP3JfJeqdPrNdd5A\"]},{\"@type\":\"Person\",\"@id\":\"https:\\\/\\\/canal7slp.tv\\\/2025\\\/#\\\/schema\\\/person\\\/271e2b60a96e7cc9d9ac296f4d7e414b\",\"name\":\"Edici\u00f3n Web\",\"image\":{\"@type\":\"ImageObject\",\"inLanguage\":\"es\",\"@id\":\"https:\\\/\\\/secure.gravatar.com\\\/avatar\\\/eee448fc3f7164808013b816ba91ac7e43bbe82a70bebac296f8bc6f0addaa1a?s=96&d=mm&r=g\",\"url\":\"https:\\\/\\\/secure.gravatar.com\\\/avatar\\\/eee448fc3f7164808013b816ba91ac7e43bbe82a70bebac296f8bc6f0addaa1a?s=96&d=mm&r=g\",\"contentUrl\":\"https:\\\/\\\/secure.gravatar.com\\\/avatar\\\/eee448fc3f7164808013b816ba91ac7e43bbe82a70bebac296f8bc6f0addaa1a?s=96&d=mm&r=g\",\"caption\":\"Edici\u00f3n Web\"},\"url\":\"https:\\\/\\\/canal7slp.tv\\\/2025\\\/author\\\/edicionweb\\\/\"}]}<\/script>\n<!-- \/ Yoast SEO plugin. -->","yoast_head_json":{"title":"Confirman caso de rabia en joven de 17 a\u00f1os en Zacatecas - Canal 7 SLP - 2025","robots":{"index":"index","follow":"follow","max-snippet":"max-snippet:-1","max-image-preview":"max-image-preview:large","max-video-preview":"max-video-preview:-1"},"canonical":"https:\/\/canal7slp.tv\/2025\/confirman-caso-de-rabia-en-joven-de-17-anos-en-zacatecas\/","og_locale":"es_ES","og_type":"article","og_title":"Confirman caso de rabia en joven de 17 a\u00f1os en Zacatecas - Canal 7 SLP - 2025","og_description":"Zacatecas.- Un caso de rabia humana ha sido confirmado en una joven de 17 a\u00f1os originaria del municipio de Mezquital del Oro, Zacatecas, quien actualmente se encuentra hospitalizada en terapia intensiva en condici\u00f3n grave, luego de ser mordida por un zorrillo mientras dorm\u00eda en su domicilio. El diagn\u00f3stico fue emitido por el Laboratorio Estatal de Salud P\u00fablica y notificado al Instituto de Diagn\u00f3stico y Referencia Epidemiol\u00f3gicos (INDRE) y a la Direcci\u00f3n General de Epidemiolog\u00eda, encargados de validar el caso y coordinar las acciones de control sanitario. Inicialmente, la paciente recibi\u00f3 atenci\u00f3n en el Hospital Rural No. 82 de Vicente Guerrero, [&hellip;]","og_url":"https:\/\/canal7slp.tv\/2025\/confirman-caso-de-rabia-en-joven-de-17-anos-en-zacatecas\/","og_site_name":"Canal 7 SLP - 2025","article_publisher":"https:\/\/www.facebook.com\/noticieroscanal7atencionciudadana\/","article_published_time":"2025-08-16T16:42:18+00:00","og_image":[{"width":749,"height":500,"url":"https:\/\/canal7slp.tv\/2025\/wp-content\/uploads\/2025\/08\/02-16.jpg","type":"image\/jpeg"}],"author":"Edici\u00f3n Web","twitter_card":"summary_large_image","twitter_creator":"@NOTICIEROS7","twitter_site":"@NOTICIEROS7","twitter_misc":{"Escrito por":"Edici\u00f3n Web","Tiempo de lectura":"2 minutos"},"schema":{"@context":"https:\/\/schema.org","@graph":[{"@type":"Article","@id":"https:\/\/canal7slp.tv\/2025\/confirman-caso-de-rabia-en-joven-de-17-anos-en-zacatecas\/#article","isPartOf":{"@id":"https:\/\/canal7slp.tv\/2025\/confirman-caso-de-rabia-en-joven-de-17-anos-en-zacatecas\/"},"author":{"name":"Edici\u00f3n Web","@id":"https:\/\/canal7slp.tv\/2025\/#\/schema\/person\/271e2b60a96e7cc9d9ac296f4d7e414b"},"headline":"Confirman caso de rabia en joven de 17 a\u00f1os en Zacatecas","datePublished":"2025-08-16T16:42:18+00:00","mainEntityOfPage":{"@id":"https:\/\/canal7slp.tv\/2025\/confirman-caso-de-rabia-en-joven-de-17-anos-en-zacatecas\/"},"wordCount":285,"publisher":{"@id":"https:\/\/canal7slp.tv\/2025\/#organization"},"image":{"@id":"https:\/\/canal7slp.tv\/2025\/confirman-caso-de-rabia-en-joven-de-17-anos-en-zacatecas\/#primaryimage"},"thumbnailUrl":"https:\/\/canal7slp.tv\/2025\/wp-content\/uploads\/2025\/08\/02-16.jpg","articleSection":["NACIONALES"],"inLanguage":"es"},{"@type":"WebPage","@id":"https:\/\/canal7slp.tv\/2025\/confirman-caso-de-rabia-en-joven-de-17-anos-en-zacatecas\/","url":"https:\/\/canal7slp.tv\/2025\/confirman-caso-de-rabia-en-joven-de-17-anos-en-zacatecas\/","name":"Confirman caso de rabia en joven de 17 a\u00f1os en Zacatecas - Canal 7 SLP - 2025","isPartOf":{"@id":"https:\/\/canal7slp.tv\/2025\/#website"},"primaryImageOfPage":{"@id":"https:\/\/canal7slp.tv\/2025\/confirman-caso-de-rabia-en-joven-de-17-anos-en-zacatecas\/#primaryimage"},"image":{"@id":"https:\/\/canal7slp.tv\/2025\/confirman-caso-de-rabia-en-joven-de-17-anos-en-zacatecas\/#primaryimage"},"thumbnailUrl":"https:\/\/canal7slp.tv\/2025\/wp-content\/uploads\/2025\/08\/02-16.jpg","datePublished":"2025-08-16T16:42:18+00:00","breadcrumb":{"@id":"https:\/\/canal7slp.tv\/2025\/confirman-caso-de-rabia-en-joven-de-17-anos-en-zacatecas\/#breadcrumb"},"inLanguage":"es","potentialAction":[{"@type":"ReadAction","target":["https:\/\/canal7slp.tv\/2025\/confirman-caso-de-rabia-en-joven-de-17-anos-en-zacatecas\/"]}]},{"@type":"ImageObject","inLanguage":"es","@id":"https:\/\/canal7slp.tv\/2025\/confirman-caso-de-rabia-en-joven-de-17-anos-en-zacatecas\/#primaryimage","url":"https:\/\/canal7slp.tv\/2025\/wp-content\/uploads\/2025\/08\/02-16.jpg","contentUrl":"https:\/\/canal7slp.tv\/2025\/wp-content\/uploads\/2025\/08\/02-16.jpg","width":749,"height":500},{"@type":"BreadcrumbList","@id":"https:\/\/canal7slp.tv\/2025\/confirman-caso-de-rabia-en-joven-de-17-anos-en-zacatecas\/#breadcrumb","itemListElement":[{"@type":"ListItem","position":1,"name":"Portada","item":"https:\/\/canal7slp.tv\/2025\/"},{"@type":"ListItem","position":2,"name":"Confirman caso de rabia en joven de 17 a\u00f1os en Zacatecas"}]},{"@type":"WebSite","@id":"https:\/\/canal7slp.tv\/2025\/#website","url":"https:\/\/canal7slp.tv\/2025\/","name":"N7 - Noticieros Canal 7","description":"Somos el Medio","publisher":{"@id":"https:\/\/canal7slp.tv\/2025\/#organization"},"potentialAction":[{"@type":"SearchAction","target":{"@type":"EntryPoint","urlTemplate":"https:\/\/canal7slp.tv\/2025\/?s={search_term_string}"},"query-input":{"@type":"PropertyValueSpecification","valueRequired":true,"valueName":"search_term_string"}}],"inLanguage":"es"},{"@type":"Organization","@id":"https:\/\/canal7slp.tv\/2025\/#organization","name":"Noticieros Canal 7","url":"https:\/\/canal7slp.tv\/2025\/","logo":{"@type":"ImageObject","inLanguage":"es","@id":"https:\/\/canal7slp.tv\/2025\/#\/schema\/logo\/image\/","url":"https:\/\/canal7slp.tv\/2025\/wp-content\/uploads\/2021\/01\/logo-noticieros@2x.png","contentUrl":"https:\/\/canal7slp.tv\/2025\/wp-content\/uploads\/2021\/01\/logo-noticieros@2x.png","width":1017,"height":268,"caption":"Noticieros Canal 7"},"image":{"@id":"https:\/\/canal7slp.tv\/2025\/#\/schema\/logo\/image\/"},"sameAs":["https:\/\/www.facebook.com\/noticieroscanal7atencionciudadana\/","https:\/\/x.com\/NOTICIEROS7","https:\/\/www.instagram.com\/canal7_slp","https:\/\/www.youtube.com\/channel\/UCliiYs-gP3JfJeqdPrNdd5A"]},{"@type":"Person","@id":"https:\/\/canal7slp.tv\/2025\/#\/schema\/person\/271e2b60a96e7cc9d9ac296f4d7e414b","name":"Edici\u00f3n Web","image":{"@type":"ImageObject","inLanguage":"es","@id":"https:\/\/secure.gravatar.com\/avatar\/eee448fc3f7164808013b816ba91ac7e43bbe82a70bebac296f8bc6f0addaa1a?s=96&d=mm&r=g","url":"https:\/\/secure.gravatar.com\/avatar\/eee448fc3f7164808013b816ba91ac7e43bbe82a70bebac296f8bc6f0addaa1a?s=96&d=mm&r=g","contentUrl":"https:\/\/secure.gravatar.com\/avatar\/eee448fc3f7164808013b816ba91ac7e43bbe82a70bebac296f8bc6f0addaa1a?s=96&d=mm&r=g","caption":"Edici\u00f3n Web"},"url":"https:\/\/canal7slp.tv\/2025\/author\/edicionweb\/"}]}},"_links":{"self":[{"href":"https:\/\/canal7slp.tv\/2025\/wp-json\/wp\/v2\/posts\/176698","targetHints":{"allow":["GET"]}}],"collection":[{"href":"https:\/\/canal7slp.tv\/2025\/wp-json\/wp\/v2\/posts"}],"about":[{"href":"https:\/\/canal7slp.tv\/2025\/wp-json\/wp\/v2\/types\/post"}],"author":[{"embeddable":true,"href":"https:\/\/canal7slp.tv\/2025\/wp-json\/wp\/v2\/users\/2"}],"replies":[{"embeddable":true,"href":"https:\/\/canal7slp.tv\/2025\/wp-json\/wp\/v2\/comments?post=176698"}],"version-history":[{"count":1,"href":"https:\/\/canal7slp.tv\/2025\/wp-json\/wp\/v2\/posts\/176698\/revisions"}],"predecessor-version":[{"id":176700,"href":"https:\/\/canal7slp.tv\/2025\/wp-json\/wp\/v2\/posts\/176698\/revisions\/176700"}],"wp:featuredmedia":[{"embeddable":true,"href":"https:\/\/canal7slp.tv\/2025\/wp-json\/wp\/v2\/media\/176699"}],"wp:attachment":[{"href":"https:\/\/canal7slp.tv\/2025\/wp-json\/wp\/v2\/media?parent=176698"}],"wp:term":[{"taxonomy":"category","embeddable":true,"href":"https:\/\/canal7slp.tv\/2025\/wp-json\/wp\/v2\/categories?post=176698"},{"taxonomy":"post_tag","embeddable":true,"href":"https:\/\/canal7slp.tv\/2025\/wp-json\/wp\/v2\/tags?post=176698"}],"curies":[{"name":"wp","href":"https:\/\/api.w.org\/{rel}","templated":true}]}}