{"id":176411,"date":"2025-08-13T17:49:23","date_gmt":"2025-08-13T23:49:23","guid":{"rendered":"https:\/\/canal7slp.tv\/2025\/?p=176411"},"modified":"2025-08-13T17:49:23","modified_gmt":"2025-08-13T23:49:23","slug":"scjn-cierra-periodo-sin-debatir-prision-preventiva-oficiosa","status":"publish","type":"post","link":"https:\/\/canal7slp.tv\/2025\/scjn-cierra-periodo-sin-debatir-prision-preventiva-oficiosa\/","title":{"rendered":"SCJN cierra periodo sin debatir prisi\u00f3n preventiva oficiosa"},"content":{"rendered":"<p style=\"text-align: justify;\">M\u00e9xico.- El Pleno de la Suprema Corte de Justicia de la Naci\u00f3n (SCJN) decidi\u00f3, por mayor\u00eda de nueve votos, no incluir en la sesi\u00f3n del 12 de agosto el debate sobre la prisi\u00f3n preventiva oficiosa.<\/p>\n<p style=\"text-align: justify;\">En una reuni\u00f3n privada realizada el 1 de agosto, la mayor\u00eda de ministros rechaz\u00f3 la solicitud de la ministra Ana Margarita R\u00edos Farjat para discutir la acci\u00f3n de inconstitucionalidad 49\/2021, centrada en este mecanismo.<\/p>\n<p style=\"text-align: justify;\">R\u00edos Farjat argument\u00f3 que el proyecto lleva un tiempo considerable en la Secretar\u00eda General de Acuerdos y que resultaba pertinente abordarlo antes de concluir el actual ciclo de justicia federal. Sin embargo, la propuesta fue descartada.<\/p>\n<p style=\"text-align: justify;\">La decisi\u00f3n implica que la Corte cerrar\u00e1 su periodo sin pronunciarse sobre el tema, pese a los se\u00f1alamientos de organizaciones de la sociedad civil y a una sentencia de la Corte Interamericana de Derechos Humanos (CIDH) que insta a revisar su aplicaci\u00f3n.<\/p>\n<p style=\"text-align: justify;\">En su proyecto, R\u00edos Farjat plantea reinterpretar el art\u00edculo 19 constitucional para evitar que la prisi\u00f3n preventiva oficiosa se aplique de forma autom\u00e1tica.<\/p>\n<p style=\"text-align: justify;\">Propone que los jueces eval\u00faen cada caso individualmente y determinen su pertinencia sin que sea necesaria una solicitud previa del Ministerio P\u00fablico.<\/p>\n<p style=\"text-align: justify;\">El 12 de agosto, la SCJN celebrar\u00e1 su \u00faltima sesi\u00f3n con la actual integraci\u00f3n, antes de la entrada de los nuevos ministros electos el 1 de junio.<\/p>\n","protected":false},"excerpt":{"rendered":"<p>M\u00e9xico.- El Pleno de la Suprema Corte de Justicia de la Naci\u00f3n (SCJN) decidi\u00f3, por mayor\u00eda de nueve votos, no incluir en la sesi\u00f3n del 12 de agosto el debate sobre la prisi\u00f3n preventiva oficiosa. En una reuni\u00f3n privada realizada el 1 de agosto, la mayor\u00eda de ministros rechaz\u00f3 la solicitud de la ministra Ana Margarita R\u00edos Farjat para discutir la acci\u00f3n de inconstitucionalidad 49\/2021, centrada en este mecanismo. R\u00edos Farjat argument\u00f3 que el proyecto lleva un tiempo considerable en la Secretar\u00eda General de Acuerdos y que resultaba pertinente abordarlo antes de concluir el actual ciclo de justicia federal. Sin [&hellip;]<\/p>\n","protected":false},"author":2,"featured_media":176412,"comment_status":"closed","ping_status":"closed","sticky":false,"template":"","format":"standard","meta":{"_monsterinsights_skip_tracking":false,"_monsterinsights_sitenote_active":false,"_monsterinsights_sitenote_note":"","_monsterinsights_sitenote_category":0,"footnotes":""},"categories":[46],"tags":[],"class_list":["post-176411","post","type-post","status-publish","format-standard","has-post-thumbnail","hentry","category-nacional","post--single"],"yoast_head":"<!-- This site is optimized with the Yoast SEO plugin v27.5 - https:\/\/yoast.com\/product\/yoast-seo-wordpress\/ -->\n<title>SCJN cierra periodo sin debatir prisi\u00f3n preventiva oficiosa - Canal 7 SLP - 2025<\/title>\n<meta name=\"robots\" content=\"index, follow, max-snippet:-1, max-image-preview:large, max-video-preview:-1\" \/>\n<link rel=\"canonical\" href=\"https:\/\/canal7slp.tv\/2025\/scjn-cierra-periodo-sin-debatir-prision-preventiva-oficiosa\/\" \/>\n<meta property=\"og:locale\" content=\"es_ES\" \/>\n<meta property=\"og:type\" content=\"article\" \/>\n<meta property=\"og:title\" content=\"SCJN cierra periodo sin debatir prisi\u00f3n preventiva oficiosa - Canal 7 SLP - 2025\" \/>\n<meta property=\"og:description\" content=\"M\u00e9xico.- El Pleno de la Suprema Corte de Justicia de la Naci\u00f3n (SCJN) decidi\u00f3, por mayor\u00eda de nueve votos, no incluir en la sesi\u00f3n del 12 de agosto el debate sobre la prisi\u00f3n preventiva oficiosa. En una reuni\u00f3n privada realizada el 1 de agosto, la mayor\u00eda de ministros rechaz\u00f3 la solicitud de la ministra Ana Margarita R\u00edos Farjat para discutir la acci\u00f3n de inconstitucionalidad 49\/2021, centrada en este mecanismo. R\u00edos Farjat argument\u00f3 que el proyecto lleva un tiempo considerable en la Secretar\u00eda General de Acuerdos y que resultaba pertinente abordarlo antes de concluir el actual ciclo de justicia federal. Sin [&hellip;]\" \/>\n<meta property=\"og:url\" content=\"https:\/\/canal7slp.tv\/2025\/scjn-cierra-periodo-sin-debatir-prision-preventiva-oficiosa\/\" \/>\n<meta property=\"og:site_name\" content=\"Canal 7 SLP - 2025\" \/>\n<meta property=\"article:publisher\" content=\"https:\/\/www.facebook.com\/noticieroscanal7atencionciudadana\/\" \/>\n<meta property=\"article:published_time\" content=\"2025-08-13T23:49:23+00:00\" \/>\n<meta property=\"og:image\" content=\"https:\/\/canal7slp.tv\/2025\/wp-content\/uploads\/2025\/08\/13-8.jpg\" \/>\n\t<meta property=\"og:image:width\" content=\"952\" \/>\n\t<meta property=\"og:image:height\" content=\"500\" \/>\n\t<meta property=\"og:image:type\" content=\"image\/jpeg\" \/>\n<meta name=\"author\" content=\"Edici\u00f3n Web\" \/>\n<meta name=\"twitter:card\" content=\"summary_large_image\" \/>\n<meta name=\"twitter:creator\" content=\"@NOTICIEROS7\" \/>\n<meta name=\"twitter:site\" content=\"@NOTICIEROS7\" \/>\n<meta name=\"twitter:label1\" content=\"Escrito por\" \/>\n\t<meta name=\"twitter:data1\" content=\"Edici\u00f3n Web\" \/>\n\t<meta name=\"twitter:label2\" content=\"Tiempo de lectura\" \/>\n\t<meta name=\"twitter:data2\" content=\"2 minutos\" \/>\n<script type=\"application\/ld+json\" class=\"yoast-schema-graph\">{\"@context\":\"https:\\\/\\\/schema.org\",\"@graph\":[{\"@type\":\"Article\",\"@id\":\"https:\\\/\\\/canal7slp.tv\\\/2025\\\/scjn-cierra-periodo-sin-debatir-prision-preventiva-oficiosa\\\/#article\",\"isPartOf\":{\"@id\":\"https:\\\/\\\/canal7slp.tv\\\/2025\\\/scjn-cierra-periodo-sin-debatir-prision-preventiva-oficiosa\\\/\"},\"author\":{\"name\":\"Edici\u00f3n Web\",\"@id\":\"https:\\\/\\\/canal7slp.tv\\\/2025\\\/#\\\/schema\\\/person\\\/271e2b60a96e7cc9d9ac296f4d7e414b\"},\"headline\":\"SCJN cierra periodo sin debatir prisi\u00f3n preventiva oficiosa\",\"datePublished\":\"2025-08-13T23:49:23+00:00\",\"mainEntityOfPage\":{\"@id\":\"https:\\\/\\\/canal7slp.tv\\\/2025\\\/scjn-cierra-periodo-sin-debatir-prision-preventiva-oficiosa\\\/\"},\"wordCount\":245,\"publisher\":{\"@id\":\"https:\\\/\\\/canal7slp.tv\\\/2025\\\/#organization\"},\"image\":{\"@id\":\"https:\\\/\\\/canal7slp.tv\\\/2025\\\/scjn-cierra-periodo-sin-debatir-prision-preventiva-oficiosa\\\/#primaryimage\"},\"thumbnailUrl\":\"https:\\\/\\\/canal7slp.tv\\\/2025\\\/wp-content\\\/uploads\\\/2025\\\/08\\\/13-8.jpg\",\"articleSection\":[\"NACIONALES\"],\"inLanguage\":\"es\"},{\"@type\":\"WebPage\",\"@id\":\"https:\\\/\\\/canal7slp.tv\\\/2025\\\/scjn-cierra-periodo-sin-debatir-prision-preventiva-oficiosa\\\/\",\"url\":\"https:\\\/\\\/canal7slp.tv\\\/2025\\\/scjn-cierra-periodo-sin-debatir-prision-preventiva-oficiosa\\\/\",\"name\":\"SCJN cierra periodo sin debatir prisi\u00f3n preventiva oficiosa - Canal 7 SLP - 2025\",\"isPartOf\":{\"@id\":\"https:\\\/\\\/canal7slp.tv\\\/2025\\\/#website\"},\"primaryImageOfPage\":{\"@id\":\"https:\\\/\\\/canal7slp.tv\\\/2025\\\/scjn-cierra-periodo-sin-debatir-prision-preventiva-oficiosa\\\/#primaryimage\"},\"image\":{\"@id\":\"https:\\\/\\\/canal7slp.tv\\\/2025\\\/scjn-cierra-periodo-sin-debatir-prision-preventiva-oficiosa\\\/#primaryimage\"},\"thumbnailUrl\":\"https:\\\/\\\/canal7slp.tv\\\/2025\\\/wp-content\\\/uploads\\\/2025\\\/08\\\/13-8.jpg\",\"datePublished\":\"2025-08-13T23:49:23+00:00\",\"breadcrumb\":{\"@id\":\"https:\\\/\\\/canal7slp.tv\\\/2025\\\/scjn-cierra-periodo-sin-debatir-prision-preventiva-oficiosa\\\/#breadcrumb\"},\"inLanguage\":\"es\",\"potentialAction\":[{\"@type\":\"ReadAction\",\"target\":[\"https:\\\/\\\/canal7slp.tv\\\/2025\\\/scjn-cierra-periodo-sin-debatir-prision-preventiva-oficiosa\\\/\"]}]},{\"@type\":\"ImageObject\",\"inLanguage\":\"es\",\"@id\":\"https:\\\/\\\/canal7slp.tv\\\/2025\\\/scjn-cierra-periodo-sin-debatir-prision-preventiva-oficiosa\\\/#primaryimage\",\"url\":\"https:\\\/\\\/canal7slp.tv\\\/2025\\\/wp-content\\\/uploads\\\/2025\\\/08\\\/13-8.jpg\",\"contentUrl\":\"https:\\\/\\\/canal7slp.tv\\\/2025\\\/wp-content\\\/uploads\\\/2025\\\/08\\\/13-8.jpg\",\"width\":952,\"height\":500},{\"@type\":\"BreadcrumbList\",\"@id\":\"https:\\\/\\\/canal7slp.tv\\\/2025\\\/scjn-cierra-periodo-sin-debatir-prision-preventiva-oficiosa\\\/#breadcrumb\",\"itemListElement\":[{\"@type\":\"ListItem\",\"position\":1,\"name\":\"Portada\",\"item\":\"https:\\\/\\\/canal7slp.tv\\\/2025\\\/\"},{\"@type\":\"ListItem\",\"position\":2,\"name\":\"SCJN cierra periodo sin debatir prisi\u00f3n preventiva oficiosa\"}]},{\"@type\":\"WebSite\",\"@id\":\"https:\\\/\\\/canal7slp.tv\\\/2025\\\/#website\",\"url\":\"https:\\\/\\\/canal7slp.tv\\\/2025\\\/\",\"name\":\"N7 - Noticieros Canal 7\",\"description\":\"Somos el Medio\",\"publisher\":{\"@id\":\"https:\\\/\\\/canal7slp.tv\\\/2025\\\/#organization\"},\"potentialAction\":[{\"@type\":\"SearchAction\",\"target\":{\"@type\":\"EntryPoint\",\"urlTemplate\":\"https:\\\/\\\/canal7slp.tv\\\/2025\\\/?s={search_term_string}\"},\"query-input\":{\"@type\":\"PropertyValueSpecification\",\"valueRequired\":true,\"valueName\":\"search_term_string\"}}],\"inLanguage\":\"es\"},{\"@type\":\"Organization\",\"@id\":\"https:\\\/\\\/canal7slp.tv\\\/2025\\\/#organization\",\"name\":\"Noticieros Canal 7\",\"url\":\"https:\\\/\\\/canal7slp.tv\\\/2025\\\/\",\"logo\":{\"@type\":\"ImageObject\",\"inLanguage\":\"es\",\"@id\":\"https:\\\/\\\/canal7slp.tv\\\/2025\\\/#\\\/schema\\\/logo\\\/image\\\/\",\"url\":\"https:\\\/\\\/canal7slp.tv\\\/2025\\\/wp-content\\\/uploads\\\/2021\\\/01\\\/logo-noticieros@2x.png\",\"contentUrl\":\"https:\\\/\\\/canal7slp.tv\\\/2025\\\/wp-content\\\/uploads\\\/2021\\\/01\\\/logo-noticieros@2x.png\",\"width\":1017,\"height\":268,\"caption\":\"Noticieros Canal 7\"},\"image\":{\"@id\":\"https:\\\/\\\/canal7slp.tv\\\/2025\\\/#\\\/schema\\\/logo\\\/image\\\/\"},\"sameAs\":[\"https:\\\/\\\/www.facebook.com\\\/noticieroscanal7atencionciudadana\\\/\",\"https:\\\/\\\/x.com\\\/NOTICIEROS7\",\"https:\\\/\\\/www.instagram.com\\\/canal7_slp\",\"https:\\\/\\\/www.youtube.com\\\/channel\\\/UCliiYs-gP3JfJeqdPrNdd5A\"]},{\"@type\":\"Person\",\"@id\":\"https:\\\/\\\/canal7slp.tv\\\/2025\\\/#\\\/schema\\\/person\\\/271e2b60a96e7cc9d9ac296f4d7e414b\",\"name\":\"Edici\u00f3n Web\",\"image\":{\"@type\":\"ImageObject\",\"inLanguage\":\"es\",\"@id\":\"https:\\\/\\\/secure.gravatar.com\\\/avatar\\\/eee448fc3f7164808013b816ba91ac7e43bbe82a70bebac296f8bc6f0addaa1a?s=96&d=mm&r=g\",\"url\":\"https:\\\/\\\/secure.gravatar.com\\\/avatar\\\/eee448fc3f7164808013b816ba91ac7e43bbe82a70bebac296f8bc6f0addaa1a?s=96&d=mm&r=g\",\"contentUrl\":\"https:\\\/\\\/secure.gravatar.com\\\/avatar\\\/eee448fc3f7164808013b816ba91ac7e43bbe82a70bebac296f8bc6f0addaa1a?s=96&d=mm&r=g\",\"caption\":\"Edici\u00f3n Web\"},\"url\":\"https:\\\/\\\/canal7slp.tv\\\/2025\\\/author\\\/edicionweb\\\/\"}]}<\/script>\n<!-- \/ Yoast SEO plugin. -->","yoast_head_json":{"title":"SCJN cierra periodo sin debatir prisi\u00f3n preventiva oficiosa - Canal 7 SLP - 2025","robots":{"index":"index","follow":"follow","max-snippet":"max-snippet:-1","max-image-preview":"max-image-preview:large","max-video-preview":"max-video-preview:-1"},"canonical":"https:\/\/canal7slp.tv\/2025\/scjn-cierra-periodo-sin-debatir-prision-preventiva-oficiosa\/","og_locale":"es_ES","og_type":"article","og_title":"SCJN cierra periodo sin debatir prisi\u00f3n preventiva oficiosa - Canal 7 SLP - 2025","og_description":"M\u00e9xico.- El Pleno de la Suprema Corte de Justicia de la Naci\u00f3n (SCJN) decidi\u00f3, por mayor\u00eda de nueve votos, no incluir en la sesi\u00f3n del 12 de agosto el debate sobre la prisi\u00f3n preventiva oficiosa. En una reuni\u00f3n privada realizada el 1 de agosto, la mayor\u00eda de ministros rechaz\u00f3 la solicitud de la ministra Ana Margarita R\u00edos Farjat para discutir la acci\u00f3n de inconstitucionalidad 49\/2021, centrada en este mecanismo. R\u00edos Farjat argument\u00f3 que el proyecto lleva un tiempo considerable en la Secretar\u00eda General de Acuerdos y que resultaba pertinente abordarlo antes de concluir el actual ciclo de justicia federal. Sin [&hellip;]","og_url":"https:\/\/canal7slp.tv\/2025\/scjn-cierra-periodo-sin-debatir-prision-preventiva-oficiosa\/","og_site_name":"Canal 7 SLP - 2025","article_publisher":"https:\/\/www.facebook.com\/noticieroscanal7atencionciudadana\/","article_published_time":"2025-08-13T23:49:23+00:00","og_image":[{"width":952,"height":500,"url":"https:\/\/canal7slp.tv\/2025\/wp-content\/uploads\/2025\/08\/13-8.jpg","type":"image\/jpeg"}],"author":"Edici\u00f3n Web","twitter_card":"summary_large_image","twitter_creator":"@NOTICIEROS7","twitter_site":"@NOTICIEROS7","twitter_misc":{"Escrito por":"Edici\u00f3n Web","Tiempo de lectura":"2 minutos"},"schema":{"@context":"https:\/\/schema.org","@graph":[{"@type":"Article","@id":"https:\/\/canal7slp.tv\/2025\/scjn-cierra-periodo-sin-debatir-prision-preventiva-oficiosa\/#article","isPartOf":{"@id":"https:\/\/canal7slp.tv\/2025\/scjn-cierra-periodo-sin-debatir-prision-preventiva-oficiosa\/"},"author":{"name":"Edici\u00f3n Web","@id":"https:\/\/canal7slp.tv\/2025\/#\/schema\/person\/271e2b60a96e7cc9d9ac296f4d7e414b"},"headline":"SCJN cierra periodo sin debatir prisi\u00f3n preventiva oficiosa","datePublished":"2025-08-13T23:49:23+00:00","mainEntityOfPage":{"@id":"https:\/\/canal7slp.tv\/2025\/scjn-cierra-periodo-sin-debatir-prision-preventiva-oficiosa\/"},"wordCount":245,"publisher":{"@id":"https:\/\/canal7slp.tv\/2025\/#organization"},"image":{"@id":"https:\/\/canal7slp.tv\/2025\/scjn-cierra-periodo-sin-debatir-prision-preventiva-oficiosa\/#primaryimage"},"thumbnailUrl":"https:\/\/canal7slp.tv\/2025\/wp-content\/uploads\/2025\/08\/13-8.jpg","articleSection":["NACIONALES"],"inLanguage":"es"},{"@type":"WebPage","@id":"https:\/\/canal7slp.tv\/2025\/scjn-cierra-periodo-sin-debatir-prision-preventiva-oficiosa\/","url":"https:\/\/canal7slp.tv\/2025\/scjn-cierra-periodo-sin-debatir-prision-preventiva-oficiosa\/","name":"SCJN cierra periodo sin debatir prisi\u00f3n preventiva oficiosa - Canal 7 SLP - 2025","isPartOf":{"@id":"https:\/\/canal7slp.tv\/2025\/#website"},"primaryImageOfPage":{"@id":"https:\/\/canal7slp.tv\/2025\/scjn-cierra-periodo-sin-debatir-prision-preventiva-oficiosa\/#primaryimage"},"image":{"@id":"https:\/\/canal7slp.tv\/2025\/scjn-cierra-periodo-sin-debatir-prision-preventiva-oficiosa\/#primaryimage"},"thumbnailUrl":"https:\/\/canal7slp.tv\/2025\/wp-content\/uploads\/2025\/08\/13-8.jpg","datePublished":"2025-08-13T23:49:23+00:00","breadcrumb":{"@id":"https:\/\/canal7slp.tv\/2025\/scjn-cierra-periodo-sin-debatir-prision-preventiva-oficiosa\/#breadcrumb"},"inLanguage":"es","potentialAction":[{"@type":"ReadAction","target":["https:\/\/canal7slp.tv\/2025\/scjn-cierra-periodo-sin-debatir-prision-preventiva-oficiosa\/"]}]},{"@type":"ImageObject","inLanguage":"es","@id":"https:\/\/canal7slp.tv\/2025\/scjn-cierra-periodo-sin-debatir-prision-preventiva-oficiosa\/#primaryimage","url":"https:\/\/canal7slp.tv\/2025\/wp-content\/uploads\/2025\/08\/13-8.jpg","contentUrl":"https:\/\/canal7slp.tv\/2025\/wp-content\/uploads\/2025\/08\/13-8.jpg","width":952,"height":500},{"@type":"BreadcrumbList","@id":"https:\/\/canal7slp.tv\/2025\/scjn-cierra-periodo-sin-debatir-prision-preventiva-oficiosa\/#breadcrumb","itemListElement":[{"@type":"ListItem","position":1,"name":"Portada","item":"https:\/\/canal7slp.tv\/2025\/"},{"@type":"ListItem","position":2,"name":"SCJN cierra periodo sin debatir prisi\u00f3n preventiva oficiosa"}]},{"@type":"WebSite","@id":"https:\/\/canal7slp.tv\/2025\/#website","url":"https:\/\/canal7slp.tv\/2025\/","name":"N7 - Noticieros Canal 7","description":"Somos el Medio","publisher":{"@id":"https:\/\/canal7slp.tv\/2025\/#organization"},"potentialAction":[{"@type":"SearchAction","target":{"@type":"EntryPoint","urlTemplate":"https:\/\/canal7slp.tv\/2025\/?s={search_term_string}"},"query-input":{"@type":"PropertyValueSpecification","valueRequired":true,"valueName":"search_term_string"}}],"inLanguage":"es"},{"@type":"Organization","@id":"https:\/\/canal7slp.tv\/2025\/#organization","name":"Noticieros Canal 7","url":"https:\/\/canal7slp.tv\/2025\/","logo":{"@type":"ImageObject","inLanguage":"es","@id":"https:\/\/canal7slp.tv\/2025\/#\/schema\/logo\/image\/","url":"https:\/\/canal7slp.tv\/2025\/wp-content\/uploads\/2021\/01\/logo-noticieros@2x.png","contentUrl":"https:\/\/canal7slp.tv\/2025\/wp-content\/uploads\/2021\/01\/logo-noticieros@2x.png","width":1017,"height":268,"caption":"Noticieros Canal 7"},"image":{"@id":"https:\/\/canal7slp.tv\/2025\/#\/schema\/logo\/image\/"},"sameAs":["https:\/\/www.facebook.com\/noticieroscanal7atencionciudadana\/","https:\/\/x.com\/NOTICIEROS7","https:\/\/www.instagram.com\/canal7_slp","https:\/\/www.youtube.com\/channel\/UCliiYs-gP3JfJeqdPrNdd5A"]},{"@type":"Person","@id":"https:\/\/canal7slp.tv\/2025\/#\/schema\/person\/271e2b60a96e7cc9d9ac296f4d7e414b","name":"Edici\u00f3n Web","image":{"@type":"ImageObject","inLanguage":"es","@id":"https:\/\/secure.gravatar.com\/avatar\/eee448fc3f7164808013b816ba91ac7e43bbe82a70bebac296f8bc6f0addaa1a?s=96&d=mm&r=g","url":"https:\/\/secure.gravatar.com\/avatar\/eee448fc3f7164808013b816ba91ac7e43bbe82a70bebac296f8bc6f0addaa1a?s=96&d=mm&r=g","contentUrl":"https:\/\/secure.gravatar.com\/avatar\/eee448fc3f7164808013b816ba91ac7e43bbe82a70bebac296f8bc6f0addaa1a?s=96&d=mm&r=g","caption":"Edici\u00f3n Web"},"url":"https:\/\/canal7slp.tv\/2025\/author\/edicionweb\/"}]}},"_links":{"self":[{"href":"https:\/\/canal7slp.tv\/2025\/wp-json\/wp\/v2\/posts\/176411","targetHints":{"allow":["GET"]}}],"collection":[{"href":"https:\/\/canal7slp.tv\/2025\/wp-json\/wp\/v2\/posts"}],"about":[{"href":"https:\/\/canal7slp.tv\/2025\/wp-json\/wp\/v2\/types\/post"}],"author":[{"embeddable":true,"href":"https:\/\/canal7slp.tv\/2025\/wp-json\/wp\/v2\/users\/2"}],"replies":[{"embeddable":true,"href":"https:\/\/canal7slp.tv\/2025\/wp-json\/wp\/v2\/comments?post=176411"}],"version-history":[{"count":1,"href":"https:\/\/canal7slp.tv\/2025\/wp-json\/wp\/v2\/posts\/176411\/revisions"}],"predecessor-version":[{"id":176413,"href":"https:\/\/canal7slp.tv\/2025\/wp-json\/wp\/v2\/posts\/176411\/revisions\/176413"}],"wp:featuredmedia":[{"embeddable":true,"href":"https:\/\/canal7slp.tv\/2025\/wp-json\/wp\/v2\/media\/176412"}],"wp:attachment":[{"href":"https:\/\/canal7slp.tv\/2025\/wp-json\/wp\/v2\/media?parent=176411"}],"wp:term":[{"taxonomy":"category","embeddable":true,"href":"https:\/\/canal7slp.tv\/2025\/wp-json\/wp\/v2\/categories?post=176411"},{"taxonomy":"post_tag","embeddable":true,"href":"https:\/\/canal7slp.tv\/2025\/wp-json\/wp\/v2\/tags?post=176411"}],"curies":[{"name":"wp","href":"https:\/\/api.w.org\/{rel}","templated":true}]}}