{"id":176408,"date":"2025-08-13T17:44:36","date_gmt":"2025-08-13T23:44:36","guid":{"rendered":"https:\/\/canal7slp.tv\/2025\/?p=176408"},"modified":"2025-08-13T17:44:36","modified_gmt":"2025-08-13T23:44:36","slug":"fgr-remueve-a-serrano-meneses-y-nueve-colaboradores-por-presunta-corrupcion","status":"publish","type":"post","link":"https:\/\/canal7slp.tv\/2025\/fgr-remueve-a-serrano-meneses-y-nueve-colaboradores-por-presunta-corrupcion\/","title":{"rendered":"FGR remueve a Serrano Meneses y nueve colaboradores por presunta corrupci\u00f3n"},"content":{"rendered":"<p style=\"text-align: justify;\">M\u00e9xico.- La Fiscal\u00eda General de la Rep\u00fablica (FGR) destituy\u00f3 a Arturo Serrano Meneses de su cargo como titular del \u00d3rgano Interno de Control (OIC), junto con nueve de sus colaboradores, quienes son investigados por presuntos actos de corrupci\u00f3n.<\/p>\n<p style=\"text-align: justify;\">De acuerdo con los informes, Serrano Meneses y su equipo habr\u00edan incurrido en delitos relacionados con la administraci\u00f3n de justicia, tr\u00e1fico de influencias y omisiones graves. Tambi\u00e9n se les se\u00f1ala por irregularidades en el manejo de informaci\u00f3n p\u00fablica y datos personales dentro de la Unidad de Vigilancia y Cumplimiento en Materia de Transparencia, bajo su mando.<\/p>\n<p style=\"text-align: justify;\">Uno de los se\u00f1alamientos m\u00e1s graves indica que Serrano autoriz\u00f3 modificaciones en Guanajuato que permitieron la incineraci\u00f3n de sustancias que posteriormente se confirmaron como distintas a la droga que supuestamente estaba bajo resguardo.<\/p>\n<p style=\"text-align: justify;\">La FGR tambi\u00e9n removi\u00f3 a otros altos funcionarios:<\/p>\n<ul style=\"text-align: justify;\">\n<li>Mart\u00edn Javier Morales Ram\u00edrez, secretario particular.<\/li>\n<li>Jos\u00e9 Mar\u00eda Pe\u00f1a Domenech, secretario t\u00e9cnico.<\/li>\n<li>Carlos Enrique Rasc\u00f3n Yrizar, titular del \u00c1rea de Responsabilidades.<\/li>\n<li>Josu\u00e9 Roberto Crespi Galicia, titular de Denuncias e Investigaciones.<\/li>\n<li>Sergio Agust\u00edn Taboada Cortina, titular de la Unidad de Control y Evaluaci\u00f3n.<\/li>\n<li>Jos\u00e9 Alzati Cambr\u00f3n, jefe de la Unidad de Verificaci\u00f3n.<\/li>\n<li>H\u00e9ctor Manuel Montes Gayt\u00e1n, responsable de la Unidad de Auditor\u00eda Interna.<\/li>\n<li>Alejandro V\u00e9lez Walter, titular de la Unidad Jur\u00eddica Contenciosa y de Evoluci\u00f3n Patrimonial.<\/li>\n<li>Javier Maldonado Pierrette, coordinador administrativo.<\/li>\n<\/ul>\n<p style=\"text-align: justify;\">La presidenta Claudia Sheinbaum se\u00f1al\u00f3 que corresponde al fiscal Alejandro Gertz Manero dar detalles sobre la remoci\u00f3n y precisar si se aplicar\u00e1n sanciones administrativas o penales contra Serrano Meneses y su equipo.<\/p>\n","protected":false},"excerpt":{"rendered":"<p>M\u00e9xico.- La Fiscal\u00eda General de la Rep\u00fablica (FGR) destituy\u00f3 a Arturo Serrano Meneses de su cargo como titular del \u00d3rgano Interno de Control (OIC), junto con nueve de sus colaboradores, quienes son investigados por presuntos actos de corrupci\u00f3n. De acuerdo con los informes, Serrano Meneses y su equipo habr\u00edan incurrido en delitos relacionados con la administraci\u00f3n de justicia, tr\u00e1fico de influencias y omisiones graves. Tambi\u00e9n se les se\u00f1ala por irregularidades en el manejo de informaci\u00f3n p\u00fablica y datos personales dentro de la Unidad de Vigilancia y Cumplimiento en Materia de Transparencia, bajo su mando. Uno de los se\u00f1alamientos m\u00e1s graves [&hellip;]<\/p>\n","protected":false},"author":2,"featured_media":176409,"comment_status":"closed","ping_status":"closed","sticky":false,"template":"","format":"standard","meta":{"_monsterinsights_skip_tracking":false,"_monsterinsights_sitenote_active":false,"_monsterinsights_sitenote_note":"","_monsterinsights_sitenote_category":0,"footnotes":""},"categories":[46],"tags":[],"class_list":["post-176408","post","type-post","status-publish","format-standard","has-post-thumbnail","hentry","category-nacional","post--single"],"yoast_head":"<!-- This site is optimized with the Yoast SEO plugin v27.5 - https:\/\/yoast.com\/product\/yoast-seo-wordpress\/ -->\n<title>FGR remueve a Serrano Meneses y nueve colaboradores por presunta corrupci\u00f3n - Canal 7 SLP - 2025<\/title>\n<meta name=\"robots\" content=\"index, follow, max-snippet:-1, max-image-preview:large, max-video-preview:-1\" \/>\n<link rel=\"canonical\" href=\"https:\/\/canal7slp.tv\/2025\/fgr-remueve-a-serrano-meneses-y-nueve-colaboradores-por-presunta-corrupcion\/\" \/>\n<meta property=\"og:locale\" content=\"es_ES\" \/>\n<meta property=\"og:type\" content=\"article\" \/>\n<meta property=\"og:title\" content=\"FGR remueve a Serrano Meneses y nueve colaboradores por presunta corrupci\u00f3n - Canal 7 SLP - 2025\" \/>\n<meta property=\"og:description\" content=\"M\u00e9xico.- La Fiscal\u00eda General de la Rep\u00fablica (FGR) destituy\u00f3 a Arturo Serrano Meneses de su cargo como titular del \u00d3rgano Interno de Control (OIC), junto con nueve de sus colaboradores, quienes son investigados por presuntos actos de corrupci\u00f3n. De acuerdo con los informes, Serrano Meneses y su equipo habr\u00edan incurrido en delitos relacionados con la administraci\u00f3n de justicia, tr\u00e1fico de influencias y omisiones graves. Tambi\u00e9n se les se\u00f1ala por irregularidades en el manejo de informaci\u00f3n p\u00fablica y datos personales dentro de la Unidad de Vigilancia y Cumplimiento en Materia de Transparencia, bajo su mando. Uno de los se\u00f1alamientos m\u00e1s graves [&hellip;]\" \/>\n<meta property=\"og:url\" content=\"https:\/\/canal7slp.tv\/2025\/fgr-remueve-a-serrano-meneses-y-nueve-colaboradores-por-presunta-corrupcion\/\" \/>\n<meta property=\"og:site_name\" content=\"Canal 7 SLP - 2025\" \/>\n<meta property=\"article:publisher\" content=\"https:\/\/www.facebook.com\/noticieroscanal7atencionciudadana\/\" \/>\n<meta property=\"article:published_time\" content=\"2025-08-13T23:44:36+00:00\" \/>\n<meta property=\"og:image\" content=\"https:\/\/canal7slp.tv\/2025\/wp-content\/uploads\/2025\/08\/12-9.jpg\" \/>\n\t<meta property=\"og:image:width\" content=\"768\" \/>\n\t<meta property=\"og:image:height\" content=\"410\" \/>\n\t<meta property=\"og:image:type\" content=\"image\/jpeg\" \/>\n<meta name=\"author\" content=\"Edici\u00f3n Web\" \/>\n<meta name=\"twitter:card\" content=\"summary_large_image\" \/>\n<meta name=\"twitter:creator\" content=\"@NOTICIEROS7\" \/>\n<meta name=\"twitter:site\" content=\"@NOTICIEROS7\" \/>\n<meta name=\"twitter:label1\" content=\"Escrito por\" \/>\n\t<meta name=\"twitter:data1\" content=\"Edici\u00f3n Web\" \/>\n\t<meta name=\"twitter:label2\" content=\"Tiempo de lectura\" \/>\n\t<meta name=\"twitter:data2\" content=\"2 minutos\" \/>\n<script type=\"application\/ld+json\" class=\"yoast-schema-graph\">{\"@context\":\"https:\\\/\\\/schema.org\",\"@graph\":[{\"@type\":\"Article\",\"@id\":\"https:\\\/\\\/canal7slp.tv\\\/2025\\\/fgr-remueve-a-serrano-meneses-y-nueve-colaboradores-por-presunta-corrupcion\\\/#article\",\"isPartOf\":{\"@id\":\"https:\\\/\\\/canal7slp.tv\\\/2025\\\/fgr-remueve-a-serrano-meneses-y-nueve-colaboradores-por-presunta-corrupcion\\\/\"},\"author\":{\"name\":\"Edici\u00f3n Web\",\"@id\":\"https:\\\/\\\/canal7slp.tv\\\/2025\\\/#\\\/schema\\\/person\\\/271e2b60a96e7cc9d9ac296f4d7e414b\"},\"headline\":\"FGR remueve a Serrano Meneses y nueve colaboradores por presunta corrupci\u00f3n\",\"datePublished\":\"2025-08-13T23:44:36+00:00\",\"mainEntityOfPage\":{\"@id\":\"https:\\\/\\\/canal7slp.tv\\\/2025\\\/fgr-remueve-a-serrano-meneses-y-nueve-colaboradores-por-presunta-corrupcion\\\/\"},\"wordCount\":294,\"publisher\":{\"@id\":\"https:\\\/\\\/canal7slp.tv\\\/2025\\\/#organization\"},\"image\":{\"@id\":\"https:\\\/\\\/canal7slp.tv\\\/2025\\\/fgr-remueve-a-serrano-meneses-y-nueve-colaboradores-por-presunta-corrupcion\\\/#primaryimage\"},\"thumbnailUrl\":\"https:\\\/\\\/canal7slp.tv\\\/2025\\\/wp-content\\\/uploads\\\/2025\\\/08\\\/12-9.jpg\",\"articleSection\":[\"NACIONALES\"],\"inLanguage\":\"es\"},{\"@type\":\"WebPage\",\"@id\":\"https:\\\/\\\/canal7slp.tv\\\/2025\\\/fgr-remueve-a-serrano-meneses-y-nueve-colaboradores-por-presunta-corrupcion\\\/\",\"url\":\"https:\\\/\\\/canal7slp.tv\\\/2025\\\/fgr-remueve-a-serrano-meneses-y-nueve-colaboradores-por-presunta-corrupcion\\\/\",\"name\":\"FGR remueve a Serrano Meneses y nueve colaboradores por presunta corrupci\u00f3n - Canal 7 SLP - 2025\",\"isPartOf\":{\"@id\":\"https:\\\/\\\/canal7slp.tv\\\/2025\\\/#website\"},\"primaryImageOfPage\":{\"@id\":\"https:\\\/\\\/canal7slp.tv\\\/2025\\\/fgr-remueve-a-serrano-meneses-y-nueve-colaboradores-por-presunta-corrupcion\\\/#primaryimage\"},\"image\":{\"@id\":\"https:\\\/\\\/canal7slp.tv\\\/2025\\\/fgr-remueve-a-serrano-meneses-y-nueve-colaboradores-por-presunta-corrupcion\\\/#primaryimage\"},\"thumbnailUrl\":\"https:\\\/\\\/canal7slp.tv\\\/2025\\\/wp-content\\\/uploads\\\/2025\\\/08\\\/12-9.jpg\",\"datePublished\":\"2025-08-13T23:44:36+00:00\",\"breadcrumb\":{\"@id\":\"https:\\\/\\\/canal7slp.tv\\\/2025\\\/fgr-remueve-a-serrano-meneses-y-nueve-colaboradores-por-presunta-corrupcion\\\/#breadcrumb\"},\"inLanguage\":\"es\",\"potentialAction\":[{\"@type\":\"ReadAction\",\"target\":[\"https:\\\/\\\/canal7slp.tv\\\/2025\\\/fgr-remueve-a-serrano-meneses-y-nueve-colaboradores-por-presunta-corrupcion\\\/\"]}]},{\"@type\":\"ImageObject\",\"inLanguage\":\"es\",\"@id\":\"https:\\\/\\\/canal7slp.tv\\\/2025\\\/fgr-remueve-a-serrano-meneses-y-nueve-colaboradores-por-presunta-corrupcion\\\/#primaryimage\",\"url\":\"https:\\\/\\\/canal7slp.tv\\\/2025\\\/wp-content\\\/uploads\\\/2025\\\/08\\\/12-9.jpg\",\"contentUrl\":\"https:\\\/\\\/canal7slp.tv\\\/2025\\\/wp-content\\\/uploads\\\/2025\\\/08\\\/12-9.jpg\",\"width\":768,\"height\":410},{\"@type\":\"BreadcrumbList\",\"@id\":\"https:\\\/\\\/canal7slp.tv\\\/2025\\\/fgr-remueve-a-serrano-meneses-y-nueve-colaboradores-por-presunta-corrupcion\\\/#breadcrumb\",\"itemListElement\":[{\"@type\":\"ListItem\",\"position\":1,\"name\":\"Portada\",\"item\":\"https:\\\/\\\/canal7slp.tv\\\/2025\\\/\"},{\"@type\":\"ListItem\",\"position\":2,\"name\":\"FGR remueve a Serrano Meneses y nueve colaboradores por presunta corrupci\u00f3n\"}]},{\"@type\":\"WebSite\",\"@id\":\"https:\\\/\\\/canal7slp.tv\\\/2025\\\/#website\",\"url\":\"https:\\\/\\\/canal7slp.tv\\\/2025\\\/\",\"name\":\"N7 - Noticieros Canal 7\",\"description\":\"Somos el Medio\",\"publisher\":{\"@id\":\"https:\\\/\\\/canal7slp.tv\\\/2025\\\/#organization\"},\"potentialAction\":[{\"@type\":\"SearchAction\",\"target\":{\"@type\":\"EntryPoint\",\"urlTemplate\":\"https:\\\/\\\/canal7slp.tv\\\/2025\\\/?s={search_term_string}\"},\"query-input\":{\"@type\":\"PropertyValueSpecification\",\"valueRequired\":true,\"valueName\":\"search_term_string\"}}],\"inLanguage\":\"es\"},{\"@type\":\"Organization\",\"@id\":\"https:\\\/\\\/canal7slp.tv\\\/2025\\\/#organization\",\"name\":\"Noticieros Canal 7\",\"url\":\"https:\\\/\\\/canal7slp.tv\\\/2025\\\/\",\"logo\":{\"@type\":\"ImageObject\",\"inLanguage\":\"es\",\"@id\":\"https:\\\/\\\/canal7slp.tv\\\/2025\\\/#\\\/schema\\\/logo\\\/image\\\/\",\"url\":\"https:\\\/\\\/canal7slp.tv\\\/2025\\\/wp-content\\\/uploads\\\/2021\\\/01\\\/logo-noticieros@2x.png\",\"contentUrl\":\"https:\\\/\\\/canal7slp.tv\\\/2025\\\/wp-content\\\/uploads\\\/2021\\\/01\\\/logo-noticieros@2x.png\",\"width\":1017,\"height\":268,\"caption\":\"Noticieros Canal 7\"},\"image\":{\"@id\":\"https:\\\/\\\/canal7slp.tv\\\/2025\\\/#\\\/schema\\\/logo\\\/image\\\/\"},\"sameAs\":[\"https:\\\/\\\/www.facebook.com\\\/noticieroscanal7atencionciudadana\\\/\",\"https:\\\/\\\/x.com\\\/NOTICIEROS7\",\"https:\\\/\\\/www.instagram.com\\\/canal7_slp\",\"https:\\\/\\\/www.youtube.com\\\/channel\\\/UCliiYs-gP3JfJeqdPrNdd5A\"]},{\"@type\":\"Person\",\"@id\":\"https:\\\/\\\/canal7slp.tv\\\/2025\\\/#\\\/schema\\\/person\\\/271e2b60a96e7cc9d9ac296f4d7e414b\",\"name\":\"Edici\u00f3n Web\",\"image\":{\"@type\":\"ImageObject\",\"inLanguage\":\"es\",\"@id\":\"https:\\\/\\\/secure.gravatar.com\\\/avatar\\\/eee448fc3f7164808013b816ba91ac7e43bbe82a70bebac296f8bc6f0addaa1a?s=96&d=mm&r=g\",\"url\":\"https:\\\/\\\/secure.gravatar.com\\\/avatar\\\/eee448fc3f7164808013b816ba91ac7e43bbe82a70bebac296f8bc6f0addaa1a?s=96&d=mm&r=g\",\"contentUrl\":\"https:\\\/\\\/secure.gravatar.com\\\/avatar\\\/eee448fc3f7164808013b816ba91ac7e43bbe82a70bebac296f8bc6f0addaa1a?s=96&d=mm&r=g\",\"caption\":\"Edici\u00f3n Web\"},\"url\":\"https:\\\/\\\/canal7slp.tv\\\/2025\\\/author\\\/edicionweb\\\/\"}]}<\/script>\n<!-- \/ Yoast SEO plugin. -->","yoast_head_json":{"title":"FGR remueve a Serrano Meneses y nueve colaboradores por presunta corrupci\u00f3n - Canal 7 SLP - 2025","robots":{"index":"index","follow":"follow","max-snippet":"max-snippet:-1","max-image-preview":"max-image-preview:large","max-video-preview":"max-video-preview:-1"},"canonical":"https:\/\/canal7slp.tv\/2025\/fgr-remueve-a-serrano-meneses-y-nueve-colaboradores-por-presunta-corrupcion\/","og_locale":"es_ES","og_type":"article","og_title":"FGR remueve a Serrano Meneses y nueve colaboradores por presunta corrupci\u00f3n - Canal 7 SLP - 2025","og_description":"M\u00e9xico.- La Fiscal\u00eda General de la Rep\u00fablica (FGR) destituy\u00f3 a Arturo Serrano Meneses de su cargo como titular del \u00d3rgano Interno de Control (OIC), junto con nueve de sus colaboradores, quienes son investigados por presuntos actos de corrupci\u00f3n. De acuerdo con los informes, Serrano Meneses y su equipo habr\u00edan incurrido en delitos relacionados con la administraci\u00f3n de justicia, tr\u00e1fico de influencias y omisiones graves. Tambi\u00e9n se les se\u00f1ala por irregularidades en el manejo de informaci\u00f3n p\u00fablica y datos personales dentro de la Unidad de Vigilancia y Cumplimiento en Materia de Transparencia, bajo su mando. Uno de los se\u00f1alamientos m\u00e1s graves [&hellip;]","og_url":"https:\/\/canal7slp.tv\/2025\/fgr-remueve-a-serrano-meneses-y-nueve-colaboradores-por-presunta-corrupcion\/","og_site_name":"Canal 7 SLP - 2025","article_publisher":"https:\/\/www.facebook.com\/noticieroscanal7atencionciudadana\/","article_published_time":"2025-08-13T23:44:36+00:00","og_image":[{"width":768,"height":410,"url":"https:\/\/canal7slp.tv\/2025\/wp-content\/uploads\/2025\/08\/12-9.jpg","type":"image\/jpeg"}],"author":"Edici\u00f3n Web","twitter_card":"summary_large_image","twitter_creator":"@NOTICIEROS7","twitter_site":"@NOTICIEROS7","twitter_misc":{"Escrito por":"Edici\u00f3n Web","Tiempo de lectura":"2 minutos"},"schema":{"@context":"https:\/\/schema.org","@graph":[{"@type":"Article","@id":"https:\/\/canal7slp.tv\/2025\/fgr-remueve-a-serrano-meneses-y-nueve-colaboradores-por-presunta-corrupcion\/#article","isPartOf":{"@id":"https:\/\/canal7slp.tv\/2025\/fgr-remueve-a-serrano-meneses-y-nueve-colaboradores-por-presunta-corrupcion\/"},"author":{"name":"Edici\u00f3n Web","@id":"https:\/\/canal7slp.tv\/2025\/#\/schema\/person\/271e2b60a96e7cc9d9ac296f4d7e414b"},"headline":"FGR remueve a Serrano Meneses y nueve colaboradores por presunta corrupci\u00f3n","datePublished":"2025-08-13T23:44:36+00:00","mainEntityOfPage":{"@id":"https:\/\/canal7slp.tv\/2025\/fgr-remueve-a-serrano-meneses-y-nueve-colaboradores-por-presunta-corrupcion\/"},"wordCount":294,"publisher":{"@id":"https:\/\/canal7slp.tv\/2025\/#organization"},"image":{"@id":"https:\/\/canal7slp.tv\/2025\/fgr-remueve-a-serrano-meneses-y-nueve-colaboradores-por-presunta-corrupcion\/#primaryimage"},"thumbnailUrl":"https:\/\/canal7slp.tv\/2025\/wp-content\/uploads\/2025\/08\/12-9.jpg","articleSection":["NACIONALES"],"inLanguage":"es"},{"@type":"WebPage","@id":"https:\/\/canal7slp.tv\/2025\/fgr-remueve-a-serrano-meneses-y-nueve-colaboradores-por-presunta-corrupcion\/","url":"https:\/\/canal7slp.tv\/2025\/fgr-remueve-a-serrano-meneses-y-nueve-colaboradores-por-presunta-corrupcion\/","name":"FGR remueve a Serrano Meneses y nueve colaboradores por presunta corrupci\u00f3n - Canal 7 SLP - 2025","isPartOf":{"@id":"https:\/\/canal7slp.tv\/2025\/#website"},"primaryImageOfPage":{"@id":"https:\/\/canal7slp.tv\/2025\/fgr-remueve-a-serrano-meneses-y-nueve-colaboradores-por-presunta-corrupcion\/#primaryimage"},"image":{"@id":"https:\/\/canal7slp.tv\/2025\/fgr-remueve-a-serrano-meneses-y-nueve-colaboradores-por-presunta-corrupcion\/#primaryimage"},"thumbnailUrl":"https:\/\/canal7slp.tv\/2025\/wp-content\/uploads\/2025\/08\/12-9.jpg","datePublished":"2025-08-13T23:44:36+00:00","breadcrumb":{"@id":"https:\/\/canal7slp.tv\/2025\/fgr-remueve-a-serrano-meneses-y-nueve-colaboradores-por-presunta-corrupcion\/#breadcrumb"},"inLanguage":"es","potentialAction":[{"@type":"ReadAction","target":["https:\/\/canal7slp.tv\/2025\/fgr-remueve-a-serrano-meneses-y-nueve-colaboradores-por-presunta-corrupcion\/"]}]},{"@type":"ImageObject","inLanguage":"es","@id":"https:\/\/canal7slp.tv\/2025\/fgr-remueve-a-serrano-meneses-y-nueve-colaboradores-por-presunta-corrupcion\/#primaryimage","url":"https:\/\/canal7slp.tv\/2025\/wp-content\/uploads\/2025\/08\/12-9.jpg","contentUrl":"https:\/\/canal7slp.tv\/2025\/wp-content\/uploads\/2025\/08\/12-9.jpg","width":768,"height":410},{"@type":"BreadcrumbList","@id":"https:\/\/canal7slp.tv\/2025\/fgr-remueve-a-serrano-meneses-y-nueve-colaboradores-por-presunta-corrupcion\/#breadcrumb","itemListElement":[{"@type":"ListItem","position":1,"name":"Portada","item":"https:\/\/canal7slp.tv\/2025\/"},{"@type":"ListItem","position":2,"name":"FGR remueve a Serrano Meneses y nueve colaboradores por presunta corrupci\u00f3n"}]},{"@type":"WebSite","@id":"https:\/\/canal7slp.tv\/2025\/#website","url":"https:\/\/canal7slp.tv\/2025\/","name":"N7 - Noticieros Canal 7","description":"Somos el Medio","publisher":{"@id":"https:\/\/canal7slp.tv\/2025\/#organization"},"potentialAction":[{"@type":"SearchAction","target":{"@type":"EntryPoint","urlTemplate":"https:\/\/canal7slp.tv\/2025\/?s={search_term_string}"},"query-input":{"@type":"PropertyValueSpecification","valueRequired":true,"valueName":"search_term_string"}}],"inLanguage":"es"},{"@type":"Organization","@id":"https:\/\/canal7slp.tv\/2025\/#organization","name":"Noticieros Canal 7","url":"https:\/\/canal7slp.tv\/2025\/","logo":{"@type":"ImageObject","inLanguage":"es","@id":"https:\/\/canal7slp.tv\/2025\/#\/schema\/logo\/image\/","url":"https:\/\/canal7slp.tv\/2025\/wp-content\/uploads\/2021\/01\/logo-noticieros@2x.png","contentUrl":"https:\/\/canal7slp.tv\/2025\/wp-content\/uploads\/2021\/01\/logo-noticieros@2x.png","width":1017,"height":268,"caption":"Noticieros Canal 7"},"image":{"@id":"https:\/\/canal7slp.tv\/2025\/#\/schema\/logo\/image\/"},"sameAs":["https:\/\/www.facebook.com\/noticieroscanal7atencionciudadana\/","https:\/\/x.com\/NOTICIEROS7","https:\/\/www.instagram.com\/canal7_slp","https:\/\/www.youtube.com\/channel\/UCliiYs-gP3JfJeqdPrNdd5A"]},{"@type":"Person","@id":"https:\/\/canal7slp.tv\/2025\/#\/schema\/person\/271e2b60a96e7cc9d9ac296f4d7e414b","name":"Edici\u00f3n Web","image":{"@type":"ImageObject","inLanguage":"es","@id":"https:\/\/secure.gravatar.com\/avatar\/eee448fc3f7164808013b816ba91ac7e43bbe82a70bebac296f8bc6f0addaa1a?s=96&d=mm&r=g","url":"https:\/\/secure.gravatar.com\/avatar\/eee448fc3f7164808013b816ba91ac7e43bbe82a70bebac296f8bc6f0addaa1a?s=96&d=mm&r=g","contentUrl":"https:\/\/secure.gravatar.com\/avatar\/eee448fc3f7164808013b816ba91ac7e43bbe82a70bebac296f8bc6f0addaa1a?s=96&d=mm&r=g","caption":"Edici\u00f3n Web"},"url":"https:\/\/canal7slp.tv\/2025\/author\/edicionweb\/"}]}},"_links":{"self":[{"href":"https:\/\/canal7slp.tv\/2025\/wp-json\/wp\/v2\/posts\/176408","targetHints":{"allow":["GET"]}}],"collection":[{"href":"https:\/\/canal7slp.tv\/2025\/wp-json\/wp\/v2\/posts"}],"about":[{"href":"https:\/\/canal7slp.tv\/2025\/wp-json\/wp\/v2\/types\/post"}],"author":[{"embeddable":true,"href":"https:\/\/canal7slp.tv\/2025\/wp-json\/wp\/v2\/users\/2"}],"replies":[{"embeddable":true,"href":"https:\/\/canal7slp.tv\/2025\/wp-json\/wp\/v2\/comments?post=176408"}],"version-history":[{"count":1,"href":"https:\/\/canal7slp.tv\/2025\/wp-json\/wp\/v2\/posts\/176408\/revisions"}],"predecessor-version":[{"id":176410,"href":"https:\/\/canal7slp.tv\/2025\/wp-json\/wp\/v2\/posts\/176408\/revisions\/176410"}],"wp:featuredmedia":[{"embeddable":true,"href":"https:\/\/canal7slp.tv\/2025\/wp-json\/wp\/v2\/media\/176409"}],"wp:attachment":[{"href":"https:\/\/canal7slp.tv\/2025\/wp-json\/wp\/v2\/media?parent=176408"}],"wp:term":[{"taxonomy":"category","embeddable":true,"href":"https:\/\/canal7slp.tv\/2025\/wp-json\/wp\/v2\/categories?post=176408"},{"taxonomy":"post_tag","embeddable":true,"href":"https:\/\/canal7slp.tv\/2025\/wp-json\/wp\/v2\/tags?post=176408"}],"curies":[{"name":"wp","href":"https:\/\/api.w.org\/{rel}","templated":true}]}}