{"id":176405,"date":"2025-08-13T17:38:41","date_gmt":"2025-08-13T23:38:41","guid":{"rendered":"https:\/\/canal7slp.tv\/2025\/?p=176405"},"modified":"2025-08-13T17:38:41","modified_gmt":"2025-08-13T23:38:41","slug":"presidencia-propone-ratificacion-de-jenaro-villamil-al-frente-del-spr-por-cinco-anos-mas","status":"publish","type":"post","link":"https:\/\/canal7slp.tv\/2025\/presidencia-propone-ratificacion-de-jenaro-villamil-al-frente-del-spr-por-cinco-anos-mas\/","title":{"rendered":"Presidencia propone ratificaci\u00f3n de Jenaro Villamil al frente del SPR por cinco a\u00f1os m\u00e1s"},"content":{"rendered":"<p style=\"text-align: justify;\">M\u00e9xico.- El Ejecutivo Federal envi\u00f3 al Congreso de la Uni\u00f3n la propuesta para ratificar a\u00a0Jenaro Villamil Rodr\u00edguez\u00a0como presidente del\u00a0Sistema P\u00fablico de Radiodifusi\u00f3n del Estado Mexicano (SPR)\u00a0por un nuevo periodo de cinco a\u00f1os. La decisi\u00f3n recae ahora en la\u00a0Comisi\u00f3n Permanente, que deber\u00e1 aprobar el nombramiento con el voto de dos terceras partes de sus integrantes.<\/p>\n<p style=\"text-align: justify;\">Villamil, quien asumi\u00f3 el cargo por primera vez en\u00a0febrero de 2019, es licenciado en\u00a0Ciencias Pol\u00edticas y Administraci\u00f3n P\u00fablica por la UNAM\u00a0y cuenta con una amplia experiencia en medios de comunicaci\u00f3n, incluyendo colaboraciones en\u00a0Proceso, participaci\u00f3n en la redacci\u00f3n de la\u00a0Ley Federal de Telecomunicaciones y Radiodifusi\u00f3n, y labores como columnista y analista pol\u00edtico.<\/p>\n<p style=\"text-align: justify;\">Durante su primer mandato al frente del SPR, se destacan los siguientes avances:<\/p>\n<ul style=\"text-align: justify;\">\n<li>Cobertura ampliada: La Red Nacional del SPR pas\u00f3 de alcanzar al\u00a056.37%\u00a0de la poblaci\u00f3n en 2019 al\u00a075.69%\u00a0en 2024, con\u00a051 estaciones operando, la mayor\u00eda en alta definici\u00f3n.<\/li>\n<li>Expansi\u00f3n digital: La plataforma\u00a0MxPlus\u00a0increment\u00f3 sus usuarios de\u00a011,382\u00a0en 2019 a\u00a0142,000\u00a0en 2024.<\/li>\n<li>Combate a la desinformaci\u00f3n: Implementaci\u00f3n del proyecto\u00a0\u00abInfodemia\u00bb, dedicado a verificar noticias falsas.<\/li>\n<li>Vinculaci\u00f3n institucional: Los convenios con medios p\u00fablicos e instituciones aumentaron de\u00a07 a 18\u00a0(un\u00a078%\u00a0m\u00e1s).<\/li>\n<\/ul>\n<p style=\"text-align: justify;\">La propuesta fue enviada a la\u00a0Comisi\u00f3n Permanente\u00a0en cumplimiento de los art\u00edculos\u00a060-B\u00a0y\u00a078-III\u00a0de la\u00a0Constituci\u00f3n, as\u00ed como de la\u00a0Ley del SPR, que establece que el titular del organismo debe ser designado por el Ejecutivo y ratificado por el Legislativo.<\/p>\n<p style=\"text-align: justify;\">Si se aprueba, Villamil ejercer\u00e1 el cargo hasta\u00a02029, ya que la ley permite\u00a0una sola reelecci\u00f3n. Actualmente, funge como\u00a0encargado de despacho\u00a0desde que concluy\u00f3 su primer periodo en\u00a0febrero de 2024.<\/p>\n<p style=\"text-align: justify;\">Mientras el gobierno federal argumenta que su gesti\u00f3n ha fortalecido la\u00a0radiodifusi\u00f3n p\u00fablica y el acceso a la informaci\u00f3n, algunos sectores de la\u00a0oposici\u00f3n\u00a0critican que el SPR ha adoptado un\u00a0sesgo partidista, en detrimento de la\u00a0pluralidad\u00a0que, seg\u00fan se\u00f1alan, deber\u00eda caracterizar a un medio p\u00fablico.<\/p>\n<p style=\"text-align: justify;\">La\u00a0Comisi\u00f3n Permanente\u00a0analizar\u00e1 la propuesta en los pr\u00f3ximos d\u00edas, con posibilidad de que Villamil comparezca ante los legisladores el\u00a020 de agosto. Dada la mayor\u00eda de\u00a0Morena y aliados\u00a0en el Congreso, se espera que su ratificaci\u00f3n avance sin mayores obst\u00e1culos.<\/p>\n","protected":false},"excerpt":{"rendered":"<p>M\u00e9xico.- El Ejecutivo Federal envi\u00f3 al Congreso de la Uni\u00f3n la propuesta para ratificar a\u00a0Jenaro Villamil Rodr\u00edguez\u00a0como presidente del\u00a0Sistema P\u00fablico de Radiodifusi\u00f3n del Estado Mexicano (SPR)\u00a0por un nuevo periodo de cinco a\u00f1os. La decisi\u00f3n recae ahora en la\u00a0Comisi\u00f3n Permanente, que deber\u00e1 aprobar el nombramiento con el voto de dos terceras partes de sus integrantes. Villamil, quien asumi\u00f3 el cargo por primera vez en\u00a0febrero de 2019, es licenciado en\u00a0Ciencias Pol\u00edticas y Administraci\u00f3n P\u00fablica por la UNAM\u00a0y cuenta con una amplia experiencia en medios de comunicaci\u00f3n, incluyendo colaboraciones en\u00a0Proceso, participaci\u00f3n en la redacci\u00f3n de la\u00a0Ley Federal de Telecomunicaciones y Radiodifusi\u00f3n, y labores [&hellip;]<\/p>\n","protected":false},"author":2,"featured_media":176406,"comment_status":"closed","ping_status":"closed","sticky":false,"template":"","format":"standard","meta":{"_monsterinsights_skip_tracking":false,"_monsterinsights_sitenote_active":false,"_monsterinsights_sitenote_note":"","_monsterinsights_sitenote_category":0,"footnotes":""},"categories":[46],"tags":[],"class_list":["post-176405","post","type-post","status-publish","format-standard","has-post-thumbnail","hentry","category-nacional","post--single"],"yoast_head":"<!-- This site is optimized with the Yoast SEO plugin v27.5 - https:\/\/yoast.com\/product\/yoast-seo-wordpress\/ -->\n<title>Presidencia propone ratificaci\u00f3n de Jenaro Villamil al frente del SPR por cinco a\u00f1os m\u00e1s - Canal 7 SLP - 2025<\/title>\n<meta name=\"robots\" content=\"index, follow, max-snippet:-1, max-image-preview:large, max-video-preview:-1\" \/>\n<link rel=\"canonical\" href=\"https:\/\/canal7slp.tv\/2025\/presidencia-propone-ratificacion-de-jenaro-villamil-al-frente-del-spr-por-cinco-anos-mas\/\" \/>\n<meta property=\"og:locale\" content=\"es_ES\" \/>\n<meta property=\"og:type\" content=\"article\" \/>\n<meta property=\"og:title\" content=\"Presidencia propone ratificaci\u00f3n de Jenaro Villamil al frente del SPR por cinco a\u00f1os m\u00e1s - Canal 7 SLP - 2025\" \/>\n<meta property=\"og:description\" content=\"M\u00e9xico.- El Ejecutivo Federal envi\u00f3 al Congreso de la Uni\u00f3n la propuesta para ratificar a\u00a0Jenaro Villamil Rodr\u00edguez\u00a0como presidente del\u00a0Sistema P\u00fablico de Radiodifusi\u00f3n del Estado Mexicano (SPR)\u00a0por un nuevo periodo de cinco a\u00f1os. La decisi\u00f3n recae ahora en la\u00a0Comisi\u00f3n Permanente, que deber\u00e1 aprobar el nombramiento con el voto de dos terceras partes de sus integrantes. Villamil, quien asumi\u00f3 el cargo por primera vez en\u00a0febrero de 2019, es licenciado en\u00a0Ciencias Pol\u00edticas y Administraci\u00f3n P\u00fablica por la UNAM\u00a0y cuenta con una amplia experiencia en medios de comunicaci\u00f3n, incluyendo colaboraciones en\u00a0Proceso, participaci\u00f3n en la redacci\u00f3n de la\u00a0Ley Federal de Telecomunicaciones y Radiodifusi\u00f3n, y labores [&hellip;]\" \/>\n<meta property=\"og:url\" content=\"https:\/\/canal7slp.tv\/2025\/presidencia-propone-ratificacion-de-jenaro-villamil-al-frente-del-spr-por-cinco-anos-mas\/\" \/>\n<meta property=\"og:site_name\" content=\"Canal 7 SLP - 2025\" \/>\n<meta property=\"article:publisher\" content=\"https:\/\/www.facebook.com\/noticieroscanal7atencionciudadana\/\" \/>\n<meta property=\"article:published_time\" content=\"2025-08-13T23:38:41+00:00\" \/>\n<meta property=\"og:image\" content=\"https:\/\/canal7slp.tv\/2025\/wp-content\/uploads\/2025\/08\/11-10.jpg\" \/>\n\t<meta property=\"og:image:width\" content=\"888\" \/>\n\t<meta property=\"og:image:height\" content=\"500\" \/>\n\t<meta property=\"og:image:type\" content=\"image\/jpeg\" \/>\n<meta name=\"author\" content=\"Edici\u00f3n Web\" \/>\n<meta name=\"twitter:card\" content=\"summary_large_image\" \/>\n<meta name=\"twitter:creator\" content=\"@NOTICIEROS7\" \/>\n<meta name=\"twitter:site\" content=\"@NOTICIEROS7\" \/>\n<meta name=\"twitter:label1\" content=\"Escrito por\" \/>\n\t<meta name=\"twitter:data1\" content=\"Edici\u00f3n Web\" \/>\n\t<meta name=\"twitter:label2\" content=\"Tiempo de lectura\" \/>\n\t<meta name=\"twitter:data2\" content=\"2 minutos\" \/>\n<script type=\"application\/ld+json\" class=\"yoast-schema-graph\">{\"@context\":\"https:\\\/\\\/schema.org\",\"@graph\":[{\"@type\":\"Article\",\"@id\":\"https:\\\/\\\/canal7slp.tv\\\/2025\\\/presidencia-propone-ratificacion-de-jenaro-villamil-al-frente-del-spr-por-cinco-anos-mas\\\/#article\",\"isPartOf\":{\"@id\":\"https:\\\/\\\/canal7slp.tv\\\/2025\\\/presidencia-propone-ratificacion-de-jenaro-villamil-al-frente-del-spr-por-cinco-anos-mas\\\/\"},\"author\":{\"name\":\"Edici\u00f3n Web\",\"@id\":\"https:\\\/\\\/canal7slp.tv\\\/2025\\\/#\\\/schema\\\/person\\\/271e2b60a96e7cc9d9ac296f4d7e414b\"},\"headline\":\"Presidencia propone ratificaci\u00f3n de Jenaro Villamil al frente del SPR por cinco a\u00f1os m\u00e1s\",\"datePublished\":\"2025-08-13T23:38:41+00:00\",\"mainEntityOfPage\":{\"@id\":\"https:\\\/\\\/canal7slp.tv\\\/2025\\\/presidencia-propone-ratificacion-de-jenaro-villamil-al-frente-del-spr-por-cinco-anos-mas\\\/\"},\"wordCount\":416,\"publisher\":{\"@id\":\"https:\\\/\\\/canal7slp.tv\\\/2025\\\/#organization\"},\"image\":{\"@id\":\"https:\\\/\\\/canal7slp.tv\\\/2025\\\/presidencia-propone-ratificacion-de-jenaro-villamil-al-frente-del-spr-por-cinco-anos-mas\\\/#primaryimage\"},\"thumbnailUrl\":\"https:\\\/\\\/canal7slp.tv\\\/2025\\\/wp-content\\\/uploads\\\/2025\\\/08\\\/11-10.jpg\",\"articleSection\":[\"NACIONALES\"],\"inLanguage\":\"es\"},{\"@type\":\"WebPage\",\"@id\":\"https:\\\/\\\/canal7slp.tv\\\/2025\\\/presidencia-propone-ratificacion-de-jenaro-villamil-al-frente-del-spr-por-cinco-anos-mas\\\/\",\"url\":\"https:\\\/\\\/canal7slp.tv\\\/2025\\\/presidencia-propone-ratificacion-de-jenaro-villamil-al-frente-del-spr-por-cinco-anos-mas\\\/\",\"name\":\"Presidencia propone ratificaci\u00f3n de Jenaro Villamil al frente del SPR por cinco a\u00f1os m\u00e1s - Canal 7 SLP - 2025\",\"isPartOf\":{\"@id\":\"https:\\\/\\\/canal7slp.tv\\\/2025\\\/#website\"},\"primaryImageOfPage\":{\"@id\":\"https:\\\/\\\/canal7slp.tv\\\/2025\\\/presidencia-propone-ratificacion-de-jenaro-villamil-al-frente-del-spr-por-cinco-anos-mas\\\/#primaryimage\"},\"image\":{\"@id\":\"https:\\\/\\\/canal7slp.tv\\\/2025\\\/presidencia-propone-ratificacion-de-jenaro-villamil-al-frente-del-spr-por-cinco-anos-mas\\\/#primaryimage\"},\"thumbnailUrl\":\"https:\\\/\\\/canal7slp.tv\\\/2025\\\/wp-content\\\/uploads\\\/2025\\\/08\\\/11-10.jpg\",\"datePublished\":\"2025-08-13T23:38:41+00:00\",\"breadcrumb\":{\"@id\":\"https:\\\/\\\/canal7slp.tv\\\/2025\\\/presidencia-propone-ratificacion-de-jenaro-villamil-al-frente-del-spr-por-cinco-anos-mas\\\/#breadcrumb\"},\"inLanguage\":\"es\",\"potentialAction\":[{\"@type\":\"ReadAction\",\"target\":[\"https:\\\/\\\/canal7slp.tv\\\/2025\\\/presidencia-propone-ratificacion-de-jenaro-villamil-al-frente-del-spr-por-cinco-anos-mas\\\/\"]}]},{\"@type\":\"ImageObject\",\"inLanguage\":\"es\",\"@id\":\"https:\\\/\\\/canal7slp.tv\\\/2025\\\/presidencia-propone-ratificacion-de-jenaro-villamil-al-frente-del-spr-por-cinco-anos-mas\\\/#primaryimage\",\"url\":\"https:\\\/\\\/canal7slp.tv\\\/2025\\\/wp-content\\\/uploads\\\/2025\\\/08\\\/11-10.jpg\",\"contentUrl\":\"https:\\\/\\\/canal7slp.tv\\\/2025\\\/wp-content\\\/uploads\\\/2025\\\/08\\\/11-10.jpg\",\"width\":888,\"height\":500},{\"@type\":\"BreadcrumbList\",\"@id\":\"https:\\\/\\\/canal7slp.tv\\\/2025\\\/presidencia-propone-ratificacion-de-jenaro-villamil-al-frente-del-spr-por-cinco-anos-mas\\\/#breadcrumb\",\"itemListElement\":[{\"@type\":\"ListItem\",\"position\":1,\"name\":\"Portada\",\"item\":\"https:\\\/\\\/canal7slp.tv\\\/2025\\\/\"},{\"@type\":\"ListItem\",\"position\":2,\"name\":\"Presidencia propone ratificaci\u00f3n de Jenaro Villamil al frente del SPR por cinco a\u00f1os m\u00e1s\"}]},{\"@type\":\"WebSite\",\"@id\":\"https:\\\/\\\/canal7slp.tv\\\/2025\\\/#website\",\"url\":\"https:\\\/\\\/canal7slp.tv\\\/2025\\\/\",\"name\":\"N7 - Noticieros Canal 7\",\"description\":\"Somos el Medio\",\"publisher\":{\"@id\":\"https:\\\/\\\/canal7slp.tv\\\/2025\\\/#organization\"},\"potentialAction\":[{\"@type\":\"SearchAction\",\"target\":{\"@type\":\"EntryPoint\",\"urlTemplate\":\"https:\\\/\\\/canal7slp.tv\\\/2025\\\/?s={search_term_string}\"},\"query-input\":{\"@type\":\"PropertyValueSpecification\",\"valueRequired\":true,\"valueName\":\"search_term_string\"}}],\"inLanguage\":\"es\"},{\"@type\":\"Organization\",\"@id\":\"https:\\\/\\\/canal7slp.tv\\\/2025\\\/#organization\",\"name\":\"Noticieros Canal 7\",\"url\":\"https:\\\/\\\/canal7slp.tv\\\/2025\\\/\",\"logo\":{\"@type\":\"ImageObject\",\"inLanguage\":\"es\",\"@id\":\"https:\\\/\\\/canal7slp.tv\\\/2025\\\/#\\\/schema\\\/logo\\\/image\\\/\",\"url\":\"https:\\\/\\\/canal7slp.tv\\\/2025\\\/wp-content\\\/uploads\\\/2021\\\/01\\\/logo-noticieros@2x.png\",\"contentUrl\":\"https:\\\/\\\/canal7slp.tv\\\/2025\\\/wp-content\\\/uploads\\\/2021\\\/01\\\/logo-noticieros@2x.png\",\"width\":1017,\"height\":268,\"caption\":\"Noticieros Canal 7\"},\"image\":{\"@id\":\"https:\\\/\\\/canal7slp.tv\\\/2025\\\/#\\\/schema\\\/logo\\\/image\\\/\"},\"sameAs\":[\"https:\\\/\\\/www.facebook.com\\\/noticieroscanal7atencionciudadana\\\/\",\"https:\\\/\\\/x.com\\\/NOTICIEROS7\",\"https:\\\/\\\/www.instagram.com\\\/canal7_slp\",\"https:\\\/\\\/www.youtube.com\\\/channel\\\/UCliiYs-gP3JfJeqdPrNdd5A\"]},{\"@type\":\"Person\",\"@id\":\"https:\\\/\\\/canal7slp.tv\\\/2025\\\/#\\\/schema\\\/person\\\/271e2b60a96e7cc9d9ac296f4d7e414b\",\"name\":\"Edici\u00f3n Web\",\"image\":{\"@type\":\"ImageObject\",\"inLanguage\":\"es\",\"@id\":\"https:\\\/\\\/secure.gravatar.com\\\/avatar\\\/eee448fc3f7164808013b816ba91ac7e43bbe82a70bebac296f8bc6f0addaa1a?s=96&d=mm&r=g\",\"url\":\"https:\\\/\\\/secure.gravatar.com\\\/avatar\\\/eee448fc3f7164808013b816ba91ac7e43bbe82a70bebac296f8bc6f0addaa1a?s=96&d=mm&r=g\",\"contentUrl\":\"https:\\\/\\\/secure.gravatar.com\\\/avatar\\\/eee448fc3f7164808013b816ba91ac7e43bbe82a70bebac296f8bc6f0addaa1a?s=96&d=mm&r=g\",\"caption\":\"Edici\u00f3n Web\"},\"url\":\"https:\\\/\\\/canal7slp.tv\\\/2025\\\/author\\\/edicionweb\\\/\"}]}<\/script>\n<!-- \/ Yoast SEO plugin. -->","yoast_head_json":{"title":"Presidencia propone ratificaci\u00f3n de Jenaro Villamil al frente del SPR por cinco a\u00f1os m\u00e1s - Canal 7 SLP - 2025","robots":{"index":"index","follow":"follow","max-snippet":"max-snippet:-1","max-image-preview":"max-image-preview:large","max-video-preview":"max-video-preview:-1"},"canonical":"https:\/\/canal7slp.tv\/2025\/presidencia-propone-ratificacion-de-jenaro-villamil-al-frente-del-spr-por-cinco-anos-mas\/","og_locale":"es_ES","og_type":"article","og_title":"Presidencia propone ratificaci\u00f3n de Jenaro Villamil al frente del SPR por cinco a\u00f1os m\u00e1s - Canal 7 SLP - 2025","og_description":"M\u00e9xico.- El Ejecutivo Federal envi\u00f3 al Congreso de la Uni\u00f3n la propuesta para ratificar a\u00a0Jenaro Villamil Rodr\u00edguez\u00a0como presidente del\u00a0Sistema P\u00fablico de Radiodifusi\u00f3n del Estado Mexicano (SPR)\u00a0por un nuevo periodo de cinco a\u00f1os. La decisi\u00f3n recae ahora en la\u00a0Comisi\u00f3n Permanente, que deber\u00e1 aprobar el nombramiento con el voto de dos terceras partes de sus integrantes. Villamil, quien asumi\u00f3 el cargo por primera vez en\u00a0febrero de 2019, es licenciado en\u00a0Ciencias Pol\u00edticas y Administraci\u00f3n P\u00fablica por la UNAM\u00a0y cuenta con una amplia experiencia en medios de comunicaci\u00f3n, incluyendo colaboraciones en\u00a0Proceso, participaci\u00f3n en la redacci\u00f3n de la\u00a0Ley Federal de Telecomunicaciones y Radiodifusi\u00f3n, y labores [&hellip;]","og_url":"https:\/\/canal7slp.tv\/2025\/presidencia-propone-ratificacion-de-jenaro-villamil-al-frente-del-spr-por-cinco-anos-mas\/","og_site_name":"Canal 7 SLP - 2025","article_publisher":"https:\/\/www.facebook.com\/noticieroscanal7atencionciudadana\/","article_published_time":"2025-08-13T23:38:41+00:00","og_image":[{"width":888,"height":500,"url":"https:\/\/canal7slp.tv\/2025\/wp-content\/uploads\/2025\/08\/11-10.jpg","type":"image\/jpeg"}],"author":"Edici\u00f3n Web","twitter_card":"summary_large_image","twitter_creator":"@NOTICIEROS7","twitter_site":"@NOTICIEROS7","twitter_misc":{"Escrito por":"Edici\u00f3n Web","Tiempo de lectura":"2 minutos"},"schema":{"@context":"https:\/\/schema.org","@graph":[{"@type":"Article","@id":"https:\/\/canal7slp.tv\/2025\/presidencia-propone-ratificacion-de-jenaro-villamil-al-frente-del-spr-por-cinco-anos-mas\/#article","isPartOf":{"@id":"https:\/\/canal7slp.tv\/2025\/presidencia-propone-ratificacion-de-jenaro-villamil-al-frente-del-spr-por-cinco-anos-mas\/"},"author":{"name":"Edici\u00f3n Web","@id":"https:\/\/canal7slp.tv\/2025\/#\/schema\/person\/271e2b60a96e7cc9d9ac296f4d7e414b"},"headline":"Presidencia propone ratificaci\u00f3n de Jenaro Villamil al frente del SPR por cinco a\u00f1os m\u00e1s","datePublished":"2025-08-13T23:38:41+00:00","mainEntityOfPage":{"@id":"https:\/\/canal7slp.tv\/2025\/presidencia-propone-ratificacion-de-jenaro-villamil-al-frente-del-spr-por-cinco-anos-mas\/"},"wordCount":416,"publisher":{"@id":"https:\/\/canal7slp.tv\/2025\/#organization"},"image":{"@id":"https:\/\/canal7slp.tv\/2025\/presidencia-propone-ratificacion-de-jenaro-villamil-al-frente-del-spr-por-cinco-anos-mas\/#primaryimage"},"thumbnailUrl":"https:\/\/canal7slp.tv\/2025\/wp-content\/uploads\/2025\/08\/11-10.jpg","articleSection":["NACIONALES"],"inLanguage":"es"},{"@type":"WebPage","@id":"https:\/\/canal7slp.tv\/2025\/presidencia-propone-ratificacion-de-jenaro-villamil-al-frente-del-spr-por-cinco-anos-mas\/","url":"https:\/\/canal7slp.tv\/2025\/presidencia-propone-ratificacion-de-jenaro-villamil-al-frente-del-spr-por-cinco-anos-mas\/","name":"Presidencia propone ratificaci\u00f3n de Jenaro Villamil al frente del SPR por cinco a\u00f1os m\u00e1s - Canal 7 SLP - 2025","isPartOf":{"@id":"https:\/\/canal7slp.tv\/2025\/#website"},"primaryImageOfPage":{"@id":"https:\/\/canal7slp.tv\/2025\/presidencia-propone-ratificacion-de-jenaro-villamil-al-frente-del-spr-por-cinco-anos-mas\/#primaryimage"},"image":{"@id":"https:\/\/canal7slp.tv\/2025\/presidencia-propone-ratificacion-de-jenaro-villamil-al-frente-del-spr-por-cinco-anos-mas\/#primaryimage"},"thumbnailUrl":"https:\/\/canal7slp.tv\/2025\/wp-content\/uploads\/2025\/08\/11-10.jpg","datePublished":"2025-08-13T23:38:41+00:00","breadcrumb":{"@id":"https:\/\/canal7slp.tv\/2025\/presidencia-propone-ratificacion-de-jenaro-villamil-al-frente-del-spr-por-cinco-anos-mas\/#breadcrumb"},"inLanguage":"es","potentialAction":[{"@type":"ReadAction","target":["https:\/\/canal7slp.tv\/2025\/presidencia-propone-ratificacion-de-jenaro-villamil-al-frente-del-spr-por-cinco-anos-mas\/"]}]},{"@type":"ImageObject","inLanguage":"es","@id":"https:\/\/canal7slp.tv\/2025\/presidencia-propone-ratificacion-de-jenaro-villamil-al-frente-del-spr-por-cinco-anos-mas\/#primaryimage","url":"https:\/\/canal7slp.tv\/2025\/wp-content\/uploads\/2025\/08\/11-10.jpg","contentUrl":"https:\/\/canal7slp.tv\/2025\/wp-content\/uploads\/2025\/08\/11-10.jpg","width":888,"height":500},{"@type":"BreadcrumbList","@id":"https:\/\/canal7slp.tv\/2025\/presidencia-propone-ratificacion-de-jenaro-villamil-al-frente-del-spr-por-cinco-anos-mas\/#breadcrumb","itemListElement":[{"@type":"ListItem","position":1,"name":"Portada","item":"https:\/\/canal7slp.tv\/2025\/"},{"@type":"ListItem","position":2,"name":"Presidencia propone ratificaci\u00f3n de Jenaro Villamil al frente del SPR por cinco a\u00f1os m\u00e1s"}]},{"@type":"WebSite","@id":"https:\/\/canal7slp.tv\/2025\/#website","url":"https:\/\/canal7slp.tv\/2025\/","name":"N7 - Noticieros Canal 7","description":"Somos el Medio","publisher":{"@id":"https:\/\/canal7slp.tv\/2025\/#organization"},"potentialAction":[{"@type":"SearchAction","target":{"@type":"EntryPoint","urlTemplate":"https:\/\/canal7slp.tv\/2025\/?s={search_term_string}"},"query-input":{"@type":"PropertyValueSpecification","valueRequired":true,"valueName":"search_term_string"}}],"inLanguage":"es"},{"@type":"Organization","@id":"https:\/\/canal7slp.tv\/2025\/#organization","name":"Noticieros Canal 7","url":"https:\/\/canal7slp.tv\/2025\/","logo":{"@type":"ImageObject","inLanguage":"es","@id":"https:\/\/canal7slp.tv\/2025\/#\/schema\/logo\/image\/","url":"https:\/\/canal7slp.tv\/2025\/wp-content\/uploads\/2021\/01\/logo-noticieros@2x.png","contentUrl":"https:\/\/canal7slp.tv\/2025\/wp-content\/uploads\/2021\/01\/logo-noticieros@2x.png","width":1017,"height":268,"caption":"Noticieros Canal 7"},"image":{"@id":"https:\/\/canal7slp.tv\/2025\/#\/schema\/logo\/image\/"},"sameAs":["https:\/\/www.facebook.com\/noticieroscanal7atencionciudadana\/","https:\/\/x.com\/NOTICIEROS7","https:\/\/www.instagram.com\/canal7_slp","https:\/\/www.youtube.com\/channel\/UCliiYs-gP3JfJeqdPrNdd5A"]},{"@type":"Person","@id":"https:\/\/canal7slp.tv\/2025\/#\/schema\/person\/271e2b60a96e7cc9d9ac296f4d7e414b","name":"Edici\u00f3n Web","image":{"@type":"ImageObject","inLanguage":"es","@id":"https:\/\/secure.gravatar.com\/avatar\/eee448fc3f7164808013b816ba91ac7e43bbe82a70bebac296f8bc6f0addaa1a?s=96&d=mm&r=g","url":"https:\/\/secure.gravatar.com\/avatar\/eee448fc3f7164808013b816ba91ac7e43bbe82a70bebac296f8bc6f0addaa1a?s=96&d=mm&r=g","contentUrl":"https:\/\/secure.gravatar.com\/avatar\/eee448fc3f7164808013b816ba91ac7e43bbe82a70bebac296f8bc6f0addaa1a?s=96&d=mm&r=g","caption":"Edici\u00f3n Web"},"url":"https:\/\/canal7slp.tv\/2025\/author\/edicionweb\/"}]}},"_links":{"self":[{"href":"https:\/\/canal7slp.tv\/2025\/wp-json\/wp\/v2\/posts\/176405","targetHints":{"allow":["GET"]}}],"collection":[{"href":"https:\/\/canal7slp.tv\/2025\/wp-json\/wp\/v2\/posts"}],"about":[{"href":"https:\/\/canal7slp.tv\/2025\/wp-json\/wp\/v2\/types\/post"}],"author":[{"embeddable":true,"href":"https:\/\/canal7slp.tv\/2025\/wp-json\/wp\/v2\/users\/2"}],"replies":[{"embeddable":true,"href":"https:\/\/canal7slp.tv\/2025\/wp-json\/wp\/v2\/comments?post=176405"}],"version-history":[{"count":1,"href":"https:\/\/canal7slp.tv\/2025\/wp-json\/wp\/v2\/posts\/176405\/revisions"}],"predecessor-version":[{"id":176407,"href":"https:\/\/canal7slp.tv\/2025\/wp-json\/wp\/v2\/posts\/176405\/revisions\/176407"}],"wp:featuredmedia":[{"embeddable":true,"href":"https:\/\/canal7slp.tv\/2025\/wp-json\/wp\/v2\/media\/176406"}],"wp:attachment":[{"href":"https:\/\/canal7slp.tv\/2025\/wp-json\/wp\/v2\/media?parent=176405"}],"wp:term":[{"taxonomy":"category","embeddable":true,"href":"https:\/\/canal7slp.tv\/2025\/wp-json\/wp\/v2\/categories?post=176405"},{"taxonomy":"post_tag","embeddable":true,"href":"https:\/\/canal7slp.tv\/2025\/wp-json\/wp\/v2\/tags?post=176405"}],"curies":[{"name":"wp","href":"https:\/\/api.w.org\/{rel}","templated":true}]}}