{"id":176393,"date":"2025-08-13T16:57:41","date_gmt":"2025-08-13T22:57:41","guid":{"rendered":"https:\/\/canal7slp.tv\/2025\/?p=176393"},"modified":"2025-08-13T16:57:41","modified_gmt":"2025-08-13T22:57:41","slug":"en-informe-del-inegi-se-dio-a-conocer-que-bajan-los-indices-de-pobreza-en-mexico","status":"publish","type":"post","link":"https:\/\/canal7slp.tv\/2025\/en-informe-del-inegi-se-dio-a-conocer-que-bajan-los-indices-de-pobreza-en-mexico\/","title":{"rendered":"En informe del Inegi se dio a conocer que bajan los \u00edndices de pobreza en M\u00e9xico"},"content":{"rendered":"<p style=\"text-align: justify;\"><span style=\"font-size: 1.21429rem;\">SLP.- En datos del Instituto Nacional de Estad\u00edstica y Geograf\u00eda se dio a conocer que la poblaci\u00f3n en situaci\u00f3n de pobreza multidimensional pas\u00f3 de 46 millones 800 mil personas a 38 millones 500 mil personas a nivel nacional entre 2022 y 2024, lo que signific\u00f3 tambi\u00e9n que 8 millones 300 mil personas salieran de esta condici\u00f3n en dicho periodo.<\/span><\/p>\n<p style=\"text-align: justify;\">La poblaci\u00f3n en situaci\u00f3n de pobreza multidimensional es aquella cuyos ingresos son insuficientes para adquirir los bienes y los servicios que requiere para satisfacer sus necesidades, adem\u00e1s de que no tiene garantizado el acceso a alguno de los derechos sociales como educaci\u00f3n, salud, seguridad social, vivienda y alimentaci\u00f3n.<\/p>\n<p style=\"text-align: justify;\">Asimismo, este reporte indica que la situaci\u00f3n de carencia extrema baj\u00f3 de 7.1 por ciento a 5.3 por ciento lo que significan 2 millones de personas menos en esta situaci\u00f3n.<\/p>\n<p style=\"text-align: justify;\">En cuanto a la mediciones de pobreza multidimensional se asegur\u00f3 que con el aumento al salario m\u00ednimo y los apoyos sociales durante el sexenio anterior, 13 millones 400 mil personas dejaron la condici\u00f3n de pobreza.<\/p>\n<p style=\"text-align: justify;\">Asimismo, el reporte del INEGI se\u00f1ala que si solo se considera la pobreza por el nivel de ingresos se tiene que entre 2022 y 2024, el porcentaje de la poblaci\u00f3n con un ingreso inferior a la l\u00ednea de pobreza y que se mide del valor monetario de la canasta b\u00e1sica alimentaria m\u00e1s la canasta no alimentaria, pas\u00f3 de 43.5 por ciento a 35.4 por ciento es decir, el n\u00famero de personas en \u00e9sta situaci\u00f3n pas\u00f3 de 56 millones 100 mil a 45 millones.<\/p>\n<p style=\"text-align: justify;\">Otro par\u00e1metro de medici\u00f3n fue el de la carencia social y que se refiere al acceso de la poblaci\u00f3n para ejercer sus derechos sociales y con ello, satisfacer sus necesidades esenciales.<\/p>\n<p style=\"text-align: justify;\">En este contexto, el INEGI se\u00f1ala que el porcentaje de personas con carencia de acceso a la seguridad social disminuy\u00f3 de un 50.2 por ciento a 48.2 por ciento, lo que en n\u00famero de personas equivale de 64 millones 700 mil a 62 millones 700 mil personas en esta situaci\u00f3n<\/p>\n<p style=\"text-align: justify;\">En cuanto a la pobreza extrema, el INEGI se\u00f1ala que en 2018 se ten\u00eda un siete por ciento de la poblaci\u00f3n en esa condici\u00f3n (8 millones 700 mil personas) y para el 2024, el dato es de 6 millones 900 mil personas registr\u00e1ndose un decremento de un mill\u00f3n 800 mil personas.<\/p>\n<p>Por: Claudio Ibarra<\/p>\n","protected":false},"excerpt":{"rendered":"<p>SLP.- En datos del Instituto Nacional de Estad\u00edstica y Geograf\u00eda se dio a conocer que la poblaci\u00f3n en situaci\u00f3n de pobreza multidimensional pas\u00f3 de 46 millones 800 mil personas a 38 millones 500 mil personas a nivel nacional entre 2022 y 2024, lo que signific\u00f3 tambi\u00e9n que 8 millones 300 mil personas salieran de esta condici\u00f3n en dicho periodo. La poblaci\u00f3n en situaci\u00f3n de pobreza multidimensional es aquella cuyos ingresos son insuficientes para adquirir los bienes y los servicios que requiere para satisfacer sus necesidades, adem\u00e1s de que no tiene garantizado el acceso a alguno de los derechos sociales como [&hellip;]<\/p>\n","protected":false},"author":2,"featured_media":176395,"comment_status":"closed","ping_status":"closed","sticky":false,"template":"","format":"video","meta":{"_monsterinsights_skip_tracking":false,"_monsterinsights_sitenote_active":false,"_monsterinsights_sitenote_note":"","_monsterinsights_sitenote_category":0,"footnotes":""},"categories":[5,45],"tags":[],"class_list":["post-176393","post","type-post","status-publish","format-video","has-post-thumbnail","hentry","category-destacadas","category-localesyregionales","post_format-post-format-video","post--single"],"yoast_head":"<!-- This site is optimized with the Yoast SEO plugin v27.4 - https:\/\/yoast.com\/product\/yoast-seo-wordpress\/ -->\n<title>En informe del Inegi se dio a conocer que bajan los \u00edndices de pobreza en M\u00e9xico - Canal 7 SLP - 2025<\/title>\n<meta name=\"robots\" content=\"index, follow, max-snippet:-1, max-image-preview:large, max-video-preview:-1\" \/>\n<link rel=\"canonical\" href=\"https:\/\/canal7slp.tv\/2025\/en-informe-del-inegi-se-dio-a-conocer-que-bajan-los-indices-de-pobreza-en-mexico\/\" \/>\n<meta property=\"og:locale\" content=\"es_ES\" \/>\n<meta property=\"og:type\" content=\"article\" \/>\n<meta property=\"og:title\" content=\"En informe del Inegi se dio a conocer que bajan los \u00edndices de pobreza en M\u00e9xico - Canal 7 SLP - 2025\" \/>\n<meta property=\"og:description\" content=\"SLP.- En datos del Instituto Nacional de Estad\u00edstica y Geograf\u00eda se dio a conocer que la poblaci\u00f3n en situaci\u00f3n de pobreza multidimensional pas\u00f3 de 46 millones 800 mil personas a 38 millones 500 mil personas a nivel nacional entre 2022 y 2024, lo que signific\u00f3 tambi\u00e9n que 8 millones 300 mil personas salieran de esta condici\u00f3n en dicho periodo. La poblaci\u00f3n en situaci\u00f3n de pobreza multidimensional es aquella cuyos ingresos son insuficientes para adquirir los bienes y los servicios que requiere para satisfacer sus necesidades, adem\u00e1s de que no tiene garantizado el acceso a alguno de los derechos sociales como [&hellip;]\" \/>\n<meta property=\"og:url\" content=\"https:\/\/canal7slp.tv\/2025\/en-informe-del-inegi-se-dio-a-conocer-que-bajan-los-indices-de-pobreza-en-mexico\/\" \/>\n<meta property=\"og:site_name\" content=\"Canal 7 SLP - 2025\" \/>\n<meta property=\"article:publisher\" content=\"https:\/\/www.facebook.com\/noticieroscanal7atencionciudadana\/\" \/>\n<meta property=\"article:published_time\" content=\"2025-08-13T22:57:41+00:00\" \/>\n<meta property=\"og:image\" content=\"https:\/\/canal7slp.tv\/2025\/wp-content\/uploads\/2025\/08\/Claudio02Pobreza.jpg\" \/>\n\t<meta property=\"og:image:width\" content=\"1280\" \/>\n\t<meta property=\"og:image:height\" content=\"720\" \/>\n\t<meta property=\"og:image:type\" content=\"image\/jpeg\" \/>\n<meta name=\"author\" content=\"Edici\u00f3n Web\" \/>\n<meta name=\"twitter:card\" content=\"summary_large_image\" \/>\n<meta name=\"twitter:creator\" content=\"@NOTICIEROS7\" \/>\n<meta name=\"twitter:site\" content=\"@NOTICIEROS7\" \/>\n<meta name=\"twitter:label1\" content=\"Escrito por\" \/>\n\t<meta name=\"twitter:data1\" content=\"Edici\u00f3n Web\" \/>\n\t<meta name=\"twitter:label2\" content=\"Tiempo de lectura\" \/>\n\t<meta name=\"twitter:data2\" content=\"2 minutos\" \/>\n<script type=\"application\/ld+json\" class=\"yoast-schema-graph\">{\"@context\":\"https:\\\/\\\/schema.org\",\"@graph\":[{\"@type\":\"Article\",\"@id\":\"https:\\\/\\\/canal7slp.tv\\\/2025\\\/en-informe-del-inegi-se-dio-a-conocer-que-bajan-los-indices-de-pobreza-en-mexico\\\/#article\",\"isPartOf\":{\"@id\":\"https:\\\/\\\/canal7slp.tv\\\/2025\\\/en-informe-del-inegi-se-dio-a-conocer-que-bajan-los-indices-de-pobreza-en-mexico\\\/\"},\"author\":{\"name\":\"Edici\u00f3n Web\",\"@id\":\"https:\\\/\\\/canal7slp.tv\\\/2025\\\/#\\\/schema\\\/person\\\/271e2b60a96e7cc9d9ac296f4d7e414b\"},\"headline\":\"En informe del Inegi se dio a conocer que bajan los \u00edndices de pobreza en M\u00e9xico\",\"datePublished\":\"2025-08-13T22:57:41+00:00\",\"mainEntityOfPage\":{\"@id\":\"https:\\\/\\\/canal7slp.tv\\\/2025\\\/en-informe-del-inegi-se-dio-a-conocer-que-bajan-los-indices-de-pobreza-en-mexico\\\/\"},\"wordCount\":409,\"publisher\":{\"@id\":\"https:\\\/\\\/canal7slp.tv\\\/2025\\\/#organization\"},\"image\":{\"@id\":\"https:\\\/\\\/canal7slp.tv\\\/2025\\\/en-informe-del-inegi-se-dio-a-conocer-que-bajan-los-indices-de-pobreza-en-mexico\\\/#primaryimage\"},\"thumbnailUrl\":\"https:\\\/\\\/canal7slp.tv\\\/2025\\\/wp-content\\\/uploads\\\/2025\\\/08\\\/Claudio02Pobreza.jpg\",\"articleSection\":[\"DESTACADAS\",\"LOCALES Y REGIONALES\"],\"inLanguage\":\"es\"},{\"@type\":\"WebPage\",\"@id\":\"https:\\\/\\\/canal7slp.tv\\\/2025\\\/en-informe-del-inegi-se-dio-a-conocer-que-bajan-los-indices-de-pobreza-en-mexico\\\/\",\"url\":\"https:\\\/\\\/canal7slp.tv\\\/2025\\\/en-informe-del-inegi-se-dio-a-conocer-que-bajan-los-indices-de-pobreza-en-mexico\\\/\",\"name\":\"En informe del Inegi se dio a conocer que bajan los \u00edndices de pobreza en M\u00e9xico - Canal 7 SLP - 2025\",\"isPartOf\":{\"@id\":\"https:\\\/\\\/canal7slp.tv\\\/2025\\\/#website\"},\"primaryImageOfPage\":{\"@id\":\"https:\\\/\\\/canal7slp.tv\\\/2025\\\/en-informe-del-inegi-se-dio-a-conocer-que-bajan-los-indices-de-pobreza-en-mexico\\\/#primaryimage\"},\"image\":{\"@id\":\"https:\\\/\\\/canal7slp.tv\\\/2025\\\/en-informe-del-inegi-se-dio-a-conocer-que-bajan-los-indices-de-pobreza-en-mexico\\\/#primaryimage\"},\"thumbnailUrl\":\"https:\\\/\\\/canal7slp.tv\\\/2025\\\/wp-content\\\/uploads\\\/2025\\\/08\\\/Claudio02Pobreza.jpg\",\"datePublished\":\"2025-08-13T22:57:41+00:00\",\"breadcrumb\":{\"@id\":\"https:\\\/\\\/canal7slp.tv\\\/2025\\\/en-informe-del-inegi-se-dio-a-conocer-que-bajan-los-indices-de-pobreza-en-mexico\\\/#breadcrumb\"},\"inLanguage\":\"es\",\"potentialAction\":[{\"@type\":\"ReadAction\",\"target\":[\"https:\\\/\\\/canal7slp.tv\\\/2025\\\/en-informe-del-inegi-se-dio-a-conocer-que-bajan-los-indices-de-pobreza-en-mexico\\\/\"]}]},{\"@type\":\"ImageObject\",\"inLanguage\":\"es\",\"@id\":\"https:\\\/\\\/canal7slp.tv\\\/2025\\\/en-informe-del-inegi-se-dio-a-conocer-que-bajan-los-indices-de-pobreza-en-mexico\\\/#primaryimage\",\"url\":\"https:\\\/\\\/canal7slp.tv\\\/2025\\\/wp-content\\\/uploads\\\/2025\\\/08\\\/Claudio02Pobreza.jpg\",\"contentUrl\":\"https:\\\/\\\/canal7slp.tv\\\/2025\\\/wp-content\\\/uploads\\\/2025\\\/08\\\/Claudio02Pobreza.jpg\",\"width\":1280,\"height\":720},{\"@type\":\"BreadcrumbList\",\"@id\":\"https:\\\/\\\/canal7slp.tv\\\/2025\\\/en-informe-del-inegi-se-dio-a-conocer-que-bajan-los-indices-de-pobreza-en-mexico\\\/#breadcrumb\",\"itemListElement\":[{\"@type\":\"ListItem\",\"position\":1,\"name\":\"Portada\",\"item\":\"https:\\\/\\\/canal7slp.tv\\\/2025\\\/\"},{\"@type\":\"ListItem\",\"position\":2,\"name\":\"En informe del Inegi se dio a conocer que bajan los \u00edndices de pobreza en M\u00e9xico\"}]},{\"@type\":\"WebSite\",\"@id\":\"https:\\\/\\\/canal7slp.tv\\\/2025\\\/#website\",\"url\":\"https:\\\/\\\/canal7slp.tv\\\/2025\\\/\",\"name\":\"N7 - Noticieros Canal 7\",\"description\":\"Somos el Medio\",\"publisher\":{\"@id\":\"https:\\\/\\\/canal7slp.tv\\\/2025\\\/#organization\"},\"potentialAction\":[{\"@type\":\"SearchAction\",\"target\":{\"@type\":\"EntryPoint\",\"urlTemplate\":\"https:\\\/\\\/canal7slp.tv\\\/2025\\\/?s={search_term_string}\"},\"query-input\":{\"@type\":\"PropertyValueSpecification\",\"valueRequired\":true,\"valueName\":\"search_term_string\"}}],\"inLanguage\":\"es\"},{\"@type\":\"Organization\",\"@id\":\"https:\\\/\\\/canal7slp.tv\\\/2025\\\/#organization\",\"name\":\"Noticieros Canal 7\",\"url\":\"https:\\\/\\\/canal7slp.tv\\\/2025\\\/\",\"logo\":{\"@type\":\"ImageObject\",\"inLanguage\":\"es\",\"@id\":\"https:\\\/\\\/canal7slp.tv\\\/2025\\\/#\\\/schema\\\/logo\\\/image\\\/\",\"url\":\"https:\\\/\\\/canal7slp.tv\\\/2025\\\/wp-content\\\/uploads\\\/2021\\\/01\\\/logo-noticieros@2x.png\",\"contentUrl\":\"https:\\\/\\\/canal7slp.tv\\\/2025\\\/wp-content\\\/uploads\\\/2021\\\/01\\\/logo-noticieros@2x.png\",\"width\":1017,\"height\":268,\"caption\":\"Noticieros Canal 7\"},\"image\":{\"@id\":\"https:\\\/\\\/canal7slp.tv\\\/2025\\\/#\\\/schema\\\/logo\\\/image\\\/\"},\"sameAs\":[\"https:\\\/\\\/www.facebook.com\\\/noticieroscanal7atencionciudadana\\\/\",\"https:\\\/\\\/x.com\\\/NOTICIEROS7\",\"https:\\\/\\\/www.instagram.com\\\/canal7_slp\",\"https:\\\/\\\/www.youtube.com\\\/channel\\\/UCliiYs-gP3JfJeqdPrNdd5A\"]},{\"@type\":\"Person\",\"@id\":\"https:\\\/\\\/canal7slp.tv\\\/2025\\\/#\\\/schema\\\/person\\\/271e2b60a96e7cc9d9ac296f4d7e414b\",\"name\":\"Edici\u00f3n Web\",\"image\":{\"@type\":\"ImageObject\",\"inLanguage\":\"es\",\"@id\":\"https:\\\/\\\/secure.gravatar.com\\\/avatar\\\/eee448fc3f7164808013b816ba91ac7e43bbe82a70bebac296f8bc6f0addaa1a?s=96&d=mm&r=g\",\"url\":\"https:\\\/\\\/secure.gravatar.com\\\/avatar\\\/eee448fc3f7164808013b816ba91ac7e43bbe82a70bebac296f8bc6f0addaa1a?s=96&d=mm&r=g\",\"contentUrl\":\"https:\\\/\\\/secure.gravatar.com\\\/avatar\\\/eee448fc3f7164808013b816ba91ac7e43bbe82a70bebac296f8bc6f0addaa1a?s=96&d=mm&r=g\",\"caption\":\"Edici\u00f3n Web\"},\"url\":\"https:\\\/\\\/canal7slp.tv\\\/2025\\\/author\\\/edicionweb\\\/\"}]}<\/script>\n<!-- \/ Yoast SEO plugin. -->","yoast_head_json":{"title":"En informe del Inegi se dio a conocer que bajan los \u00edndices de pobreza en M\u00e9xico - Canal 7 SLP - 2025","robots":{"index":"index","follow":"follow","max-snippet":"max-snippet:-1","max-image-preview":"max-image-preview:large","max-video-preview":"max-video-preview:-1"},"canonical":"https:\/\/canal7slp.tv\/2025\/en-informe-del-inegi-se-dio-a-conocer-que-bajan-los-indices-de-pobreza-en-mexico\/","og_locale":"es_ES","og_type":"article","og_title":"En informe del Inegi se dio a conocer que bajan los \u00edndices de pobreza en M\u00e9xico - Canal 7 SLP - 2025","og_description":"SLP.- En datos del Instituto Nacional de Estad\u00edstica y Geograf\u00eda se dio a conocer que la poblaci\u00f3n en situaci\u00f3n de pobreza multidimensional pas\u00f3 de 46 millones 800 mil personas a 38 millones 500 mil personas a nivel nacional entre 2022 y 2024, lo que signific\u00f3 tambi\u00e9n que 8 millones 300 mil personas salieran de esta condici\u00f3n en dicho periodo. La poblaci\u00f3n en situaci\u00f3n de pobreza multidimensional es aquella cuyos ingresos son insuficientes para adquirir los bienes y los servicios que requiere para satisfacer sus necesidades, adem\u00e1s de que no tiene garantizado el acceso a alguno de los derechos sociales como [&hellip;]","og_url":"https:\/\/canal7slp.tv\/2025\/en-informe-del-inegi-se-dio-a-conocer-que-bajan-los-indices-de-pobreza-en-mexico\/","og_site_name":"Canal 7 SLP - 2025","article_publisher":"https:\/\/www.facebook.com\/noticieroscanal7atencionciudadana\/","article_published_time":"2025-08-13T22:57:41+00:00","og_image":[{"width":1280,"height":720,"url":"https:\/\/canal7slp.tv\/2025\/wp-content\/uploads\/2025\/08\/Claudio02Pobreza.jpg","type":"image\/jpeg"}],"author":"Edici\u00f3n Web","twitter_card":"summary_large_image","twitter_creator":"@NOTICIEROS7","twitter_site":"@NOTICIEROS7","twitter_misc":{"Escrito por":"Edici\u00f3n Web","Tiempo de lectura":"2 minutos"},"schema":{"@context":"https:\/\/schema.org","@graph":[{"@type":"Article","@id":"https:\/\/canal7slp.tv\/2025\/en-informe-del-inegi-se-dio-a-conocer-que-bajan-los-indices-de-pobreza-en-mexico\/#article","isPartOf":{"@id":"https:\/\/canal7slp.tv\/2025\/en-informe-del-inegi-se-dio-a-conocer-que-bajan-los-indices-de-pobreza-en-mexico\/"},"author":{"name":"Edici\u00f3n Web","@id":"https:\/\/canal7slp.tv\/2025\/#\/schema\/person\/271e2b60a96e7cc9d9ac296f4d7e414b"},"headline":"En informe del Inegi se dio a conocer que bajan los \u00edndices de pobreza en M\u00e9xico","datePublished":"2025-08-13T22:57:41+00:00","mainEntityOfPage":{"@id":"https:\/\/canal7slp.tv\/2025\/en-informe-del-inegi-se-dio-a-conocer-que-bajan-los-indices-de-pobreza-en-mexico\/"},"wordCount":409,"publisher":{"@id":"https:\/\/canal7slp.tv\/2025\/#organization"},"image":{"@id":"https:\/\/canal7slp.tv\/2025\/en-informe-del-inegi-se-dio-a-conocer-que-bajan-los-indices-de-pobreza-en-mexico\/#primaryimage"},"thumbnailUrl":"https:\/\/canal7slp.tv\/2025\/wp-content\/uploads\/2025\/08\/Claudio02Pobreza.jpg","articleSection":["DESTACADAS","LOCALES Y REGIONALES"],"inLanguage":"es"},{"@type":"WebPage","@id":"https:\/\/canal7slp.tv\/2025\/en-informe-del-inegi-se-dio-a-conocer-que-bajan-los-indices-de-pobreza-en-mexico\/","url":"https:\/\/canal7slp.tv\/2025\/en-informe-del-inegi-se-dio-a-conocer-que-bajan-los-indices-de-pobreza-en-mexico\/","name":"En informe del Inegi se dio a conocer que bajan los \u00edndices de pobreza en M\u00e9xico - Canal 7 SLP - 2025","isPartOf":{"@id":"https:\/\/canal7slp.tv\/2025\/#website"},"primaryImageOfPage":{"@id":"https:\/\/canal7slp.tv\/2025\/en-informe-del-inegi-se-dio-a-conocer-que-bajan-los-indices-de-pobreza-en-mexico\/#primaryimage"},"image":{"@id":"https:\/\/canal7slp.tv\/2025\/en-informe-del-inegi-se-dio-a-conocer-que-bajan-los-indices-de-pobreza-en-mexico\/#primaryimage"},"thumbnailUrl":"https:\/\/canal7slp.tv\/2025\/wp-content\/uploads\/2025\/08\/Claudio02Pobreza.jpg","datePublished":"2025-08-13T22:57:41+00:00","breadcrumb":{"@id":"https:\/\/canal7slp.tv\/2025\/en-informe-del-inegi-se-dio-a-conocer-que-bajan-los-indices-de-pobreza-en-mexico\/#breadcrumb"},"inLanguage":"es","potentialAction":[{"@type":"ReadAction","target":["https:\/\/canal7slp.tv\/2025\/en-informe-del-inegi-se-dio-a-conocer-que-bajan-los-indices-de-pobreza-en-mexico\/"]}]},{"@type":"ImageObject","inLanguage":"es","@id":"https:\/\/canal7slp.tv\/2025\/en-informe-del-inegi-se-dio-a-conocer-que-bajan-los-indices-de-pobreza-en-mexico\/#primaryimage","url":"https:\/\/canal7slp.tv\/2025\/wp-content\/uploads\/2025\/08\/Claudio02Pobreza.jpg","contentUrl":"https:\/\/canal7slp.tv\/2025\/wp-content\/uploads\/2025\/08\/Claudio02Pobreza.jpg","width":1280,"height":720},{"@type":"BreadcrumbList","@id":"https:\/\/canal7slp.tv\/2025\/en-informe-del-inegi-se-dio-a-conocer-que-bajan-los-indices-de-pobreza-en-mexico\/#breadcrumb","itemListElement":[{"@type":"ListItem","position":1,"name":"Portada","item":"https:\/\/canal7slp.tv\/2025\/"},{"@type":"ListItem","position":2,"name":"En informe del Inegi se dio a conocer que bajan los \u00edndices de pobreza en M\u00e9xico"}]},{"@type":"WebSite","@id":"https:\/\/canal7slp.tv\/2025\/#website","url":"https:\/\/canal7slp.tv\/2025\/","name":"N7 - Noticieros Canal 7","description":"Somos el Medio","publisher":{"@id":"https:\/\/canal7slp.tv\/2025\/#organization"},"potentialAction":[{"@type":"SearchAction","target":{"@type":"EntryPoint","urlTemplate":"https:\/\/canal7slp.tv\/2025\/?s={search_term_string}"},"query-input":{"@type":"PropertyValueSpecification","valueRequired":true,"valueName":"search_term_string"}}],"inLanguage":"es"},{"@type":"Organization","@id":"https:\/\/canal7slp.tv\/2025\/#organization","name":"Noticieros Canal 7","url":"https:\/\/canal7slp.tv\/2025\/","logo":{"@type":"ImageObject","inLanguage":"es","@id":"https:\/\/canal7slp.tv\/2025\/#\/schema\/logo\/image\/","url":"https:\/\/canal7slp.tv\/2025\/wp-content\/uploads\/2021\/01\/logo-noticieros@2x.png","contentUrl":"https:\/\/canal7slp.tv\/2025\/wp-content\/uploads\/2021\/01\/logo-noticieros@2x.png","width":1017,"height":268,"caption":"Noticieros Canal 7"},"image":{"@id":"https:\/\/canal7slp.tv\/2025\/#\/schema\/logo\/image\/"},"sameAs":["https:\/\/www.facebook.com\/noticieroscanal7atencionciudadana\/","https:\/\/x.com\/NOTICIEROS7","https:\/\/www.instagram.com\/canal7_slp","https:\/\/www.youtube.com\/channel\/UCliiYs-gP3JfJeqdPrNdd5A"]},{"@type":"Person","@id":"https:\/\/canal7slp.tv\/2025\/#\/schema\/person\/271e2b60a96e7cc9d9ac296f4d7e414b","name":"Edici\u00f3n Web","image":{"@type":"ImageObject","inLanguage":"es","@id":"https:\/\/secure.gravatar.com\/avatar\/eee448fc3f7164808013b816ba91ac7e43bbe82a70bebac296f8bc6f0addaa1a?s=96&d=mm&r=g","url":"https:\/\/secure.gravatar.com\/avatar\/eee448fc3f7164808013b816ba91ac7e43bbe82a70bebac296f8bc6f0addaa1a?s=96&d=mm&r=g","contentUrl":"https:\/\/secure.gravatar.com\/avatar\/eee448fc3f7164808013b816ba91ac7e43bbe82a70bebac296f8bc6f0addaa1a?s=96&d=mm&r=g","caption":"Edici\u00f3n Web"},"url":"https:\/\/canal7slp.tv\/2025\/author\/edicionweb\/"}]}},"_links":{"self":[{"href":"https:\/\/canal7slp.tv\/2025\/wp-json\/wp\/v2\/posts\/176393","targetHints":{"allow":["GET"]}}],"collection":[{"href":"https:\/\/canal7slp.tv\/2025\/wp-json\/wp\/v2\/posts"}],"about":[{"href":"https:\/\/canal7slp.tv\/2025\/wp-json\/wp\/v2\/types\/post"}],"author":[{"embeddable":true,"href":"https:\/\/canal7slp.tv\/2025\/wp-json\/wp\/v2\/users\/2"}],"replies":[{"embeddable":true,"href":"https:\/\/canal7slp.tv\/2025\/wp-json\/wp\/v2\/comments?post=176393"}],"version-history":[{"count":1,"href":"https:\/\/canal7slp.tv\/2025\/wp-json\/wp\/v2\/posts\/176393\/revisions"}],"predecessor-version":[{"id":176396,"href":"https:\/\/canal7slp.tv\/2025\/wp-json\/wp\/v2\/posts\/176393\/revisions\/176396"}],"wp:featuredmedia":[{"embeddable":true,"href":"https:\/\/canal7slp.tv\/2025\/wp-json\/wp\/v2\/media\/176395"}],"wp:attachment":[{"href":"https:\/\/canal7slp.tv\/2025\/wp-json\/wp\/v2\/media?parent=176393"}],"wp:term":[{"taxonomy":"category","embeddable":true,"href":"https:\/\/canal7slp.tv\/2025\/wp-json\/wp\/v2\/categories?post=176393"},{"taxonomy":"post_tag","embeddable":true,"href":"https:\/\/canal7slp.tv\/2025\/wp-json\/wp\/v2\/tags?post=176393"}],"curies":[{"name":"wp","href":"https:\/\/api.w.org\/{rel}","templated":true}]}}