{"id":176387,"date":"2025-08-13T16:53:53","date_gmt":"2025-08-13T22:53:53","guid":{"rendered":"https:\/\/canal7slp.tv\/2025\/?p=176387"},"modified":"2025-12-10T08:48:52","modified_gmt":"2025-12-10T14:48:52","slug":"camaras-de-seguridad-de-catedral-grabaron-a-las-personas-que-dejaron-una-cabeza-de-vaca-afuera-de-este-templo","status":"publish","type":"post","link":"https:\/\/canal7slp.tv\/2025\/camaras-de-seguridad-de-catedral-grabaron-a-las-personas-que-dejaron-una-cabeza-de-vaca-afuera-de-este-templo\/","title":{"rendered":"C\u00e1maras de seguridad de Catedral grabaron a las personas que dejaron una cabeza de vaca afuera de este templo"},"content":{"rendered":"<p style=\"text-align: justify;\"><span style=\"font-size: 1.21429rem;\">SLP.- En el caso de la cabeza de vaca que el pasado domingo fue dejada en el atrio de la Catedral Metropolitana y presuntamente relacionada con la visita del cantante Marilyn Manson, el vocero de la Arquidi\u00f3cesis de San Luis Tom\u00e1s Cruz Perales, revel\u00f3 sin dar m\u00e1s detalles que las c\u00e1maras de seguridad de este templo grabaron a las personas que la dejaron.<\/span><\/p>\n<p style=\"text-align: justify;\">Cuestion\u00f3 el hecho de que habiendo vigilancia polic\u00edaca alrededor de la Plaza de Armas nadie se haya dado cuenta cuando arribaron estas personas al templo.<\/p>\n<p style=\"text-align: justify;\">En este sentido, el vocero del Arzobispado hizo un llamado a las autoridades para reforzar la vigilancia polic\u00edaca en el centro hist\u00f3rico.<\/p>\n<p style=\"text-align: justify;\">Cruz Perales reiter\u00f3 que la Iglesia no presentar\u00e1 denuncia alguna por este hecho ante la Fiscal\u00eda al decir que no pas\u00f3 m\u00e1s all\u00e1 de una mera protesta \u201cporque hay libertad de expresi\u00f3n\u201d.<\/p>\n<p style=\"text-align: justify;\">Por: Claudio Ibarra<\/p>\n","protected":false},"excerpt":{"rendered":"<p>SLP.- En el caso de la cabeza de vaca que el pasado domingo fue dejada en el atrio de la Catedral Metropolitana y presuntamente relacionada con la visita del cantante Marilyn Manson, el vocero de la Arquidi\u00f3cesis de San Luis Tom\u00e1s Cruz Perales, revel\u00f3 sin dar m\u00e1s detalles que las c\u00e1maras de seguridad de este templo grabaron a las personas que la dejaron. Cuestion\u00f3 el hecho de que habiendo vigilancia polic\u00edaca alrededor de la Plaza de Armas nadie se haya dado cuenta cuando arribaron estas personas al templo. En este sentido, el vocero del Arzobispado hizo un llamado a las [&hellip;]<\/p>\n","protected":false},"author":2,"featured_media":176390,"comment_status":"closed","ping_status":"closed","sticky":false,"template":"","format":"video","meta":{"_monsterinsights_skip_tracking":false,"_monsterinsights_sitenote_active":false,"_monsterinsights_sitenote_note":"","_monsterinsights_sitenote_category":0,"footnotes":""},"categories":[5,519,45],"tags":[],"class_list":["post-176387","post","type-post","status-publish","format-video","has-post-thumbnail","hentry","category-destacadas","category-iglesia","category-localesyregionales","post_format-post-format-video","post--single"],"yoast_head":"<!-- This site is optimized with the Yoast SEO plugin v27.4 - https:\/\/yoast.com\/product\/yoast-seo-wordpress\/ -->\n<title>C\u00e1maras de seguridad de Catedral grabaron a las personas que dejaron una cabeza de vaca afuera de este templo - Canal 7 SLP - 2025<\/title>\n<meta name=\"robots\" content=\"index, follow, max-snippet:-1, max-image-preview:large, max-video-preview:-1\" \/>\n<link rel=\"canonical\" href=\"https:\/\/canal7slp.tv\/2025\/camaras-de-seguridad-de-catedral-grabaron-a-las-personas-que-dejaron-una-cabeza-de-vaca-afuera-de-este-templo\/\" \/>\n<meta property=\"og:locale\" content=\"es_ES\" \/>\n<meta property=\"og:type\" content=\"article\" \/>\n<meta property=\"og:title\" content=\"C\u00e1maras de seguridad de Catedral grabaron a las personas que dejaron una cabeza de vaca afuera de este templo - Canal 7 SLP - 2025\" \/>\n<meta property=\"og:description\" content=\"SLP.- En el caso de la cabeza de vaca que el pasado domingo fue dejada en el atrio de la Catedral Metropolitana y presuntamente relacionada con la visita del cantante Marilyn Manson, el vocero de la Arquidi\u00f3cesis de San Luis Tom\u00e1s Cruz Perales, revel\u00f3 sin dar m\u00e1s detalles que las c\u00e1maras de seguridad de este templo grabaron a las personas que la dejaron. Cuestion\u00f3 el hecho de que habiendo vigilancia polic\u00edaca alrededor de la Plaza de Armas nadie se haya dado cuenta cuando arribaron estas personas al templo. En este sentido, el vocero del Arzobispado hizo un llamado a las [&hellip;]\" \/>\n<meta property=\"og:url\" content=\"https:\/\/canal7slp.tv\/2025\/camaras-de-seguridad-de-catedral-grabaron-a-las-personas-que-dejaron-una-cabeza-de-vaca-afuera-de-este-templo\/\" \/>\n<meta property=\"og:site_name\" content=\"Canal 7 SLP - 2025\" \/>\n<meta property=\"article:publisher\" content=\"https:\/\/www.facebook.com\/noticieroscanal7atencionciudadana\/\" \/>\n<meta property=\"article:published_time\" content=\"2025-08-13T22:53:53+00:00\" \/>\n<meta property=\"article:modified_time\" content=\"2025-12-10T14:48:52+00:00\" \/>\n<meta property=\"og:image\" content=\"https:\/\/canal7slp.tv\/2025\/wp-content\/uploads\/2025\/08\/Claudio01Grabados.jpg\" \/>\n\t<meta property=\"og:image:width\" content=\"1280\" \/>\n\t<meta property=\"og:image:height\" content=\"720\" \/>\n\t<meta property=\"og:image:type\" content=\"image\/jpeg\" \/>\n<meta name=\"author\" content=\"Edici\u00f3n Web\" \/>\n<meta name=\"twitter:card\" content=\"summary_large_image\" \/>\n<meta name=\"twitter:creator\" content=\"@NOTICIEROS7\" \/>\n<meta name=\"twitter:site\" content=\"@NOTICIEROS7\" \/>\n<meta name=\"twitter:label1\" content=\"Escrito por\" \/>\n\t<meta name=\"twitter:data1\" content=\"Edici\u00f3n Web\" \/>\n\t<meta name=\"twitter:label2\" content=\"Tiempo de lectura\" \/>\n\t<meta name=\"twitter:data2\" content=\"1 minuto\" \/>\n<script type=\"application\/ld+json\" class=\"yoast-schema-graph\">{\"@context\":\"https:\\\/\\\/schema.org\",\"@graph\":[{\"@type\":\"Article\",\"@id\":\"https:\\\/\\\/canal7slp.tv\\\/2025\\\/camaras-de-seguridad-de-catedral-grabaron-a-las-personas-que-dejaron-una-cabeza-de-vaca-afuera-de-este-templo\\\/#article\",\"isPartOf\":{\"@id\":\"https:\\\/\\\/canal7slp.tv\\\/2025\\\/camaras-de-seguridad-de-catedral-grabaron-a-las-personas-que-dejaron-una-cabeza-de-vaca-afuera-de-este-templo\\\/\"},\"author\":{\"name\":\"Edici\u00f3n Web\",\"@id\":\"https:\\\/\\\/canal7slp.tv\\\/2025\\\/#\\\/schema\\\/person\\\/271e2b60a96e7cc9d9ac296f4d7e414b\"},\"headline\":\"C\u00e1maras de seguridad de Catedral grabaron a las personas que dejaron una cabeza de vaca afuera de este templo\",\"datePublished\":\"2025-08-13T22:53:53+00:00\",\"dateModified\":\"2025-12-10T14:48:52+00:00\",\"mainEntityOfPage\":{\"@id\":\"https:\\\/\\\/canal7slp.tv\\\/2025\\\/camaras-de-seguridad-de-catedral-grabaron-a-las-personas-que-dejaron-una-cabeza-de-vaca-afuera-de-este-templo\\\/\"},\"wordCount\":176,\"publisher\":{\"@id\":\"https:\\\/\\\/canal7slp.tv\\\/2025\\\/#organization\"},\"image\":{\"@id\":\"https:\\\/\\\/canal7slp.tv\\\/2025\\\/camaras-de-seguridad-de-catedral-grabaron-a-las-personas-que-dejaron-una-cabeza-de-vaca-afuera-de-este-templo\\\/#primaryimage\"},\"thumbnailUrl\":\"https:\\\/\\\/canal7slp.tv\\\/2025\\\/wp-content\\\/uploads\\\/2025\\\/08\\\/Claudio01Grabados.jpg\",\"articleSection\":[\"DESTACADAS\",\"Iglesia\",\"LOCALES Y REGIONALES\"],\"inLanguage\":\"es\"},{\"@type\":\"WebPage\",\"@id\":\"https:\\\/\\\/canal7slp.tv\\\/2025\\\/camaras-de-seguridad-de-catedral-grabaron-a-las-personas-que-dejaron-una-cabeza-de-vaca-afuera-de-este-templo\\\/\",\"url\":\"https:\\\/\\\/canal7slp.tv\\\/2025\\\/camaras-de-seguridad-de-catedral-grabaron-a-las-personas-que-dejaron-una-cabeza-de-vaca-afuera-de-este-templo\\\/\",\"name\":\"C\u00e1maras de seguridad de Catedral grabaron a las personas que dejaron una cabeza de vaca afuera de este templo - Canal 7 SLP - 2025\",\"isPartOf\":{\"@id\":\"https:\\\/\\\/canal7slp.tv\\\/2025\\\/#website\"},\"primaryImageOfPage\":{\"@id\":\"https:\\\/\\\/canal7slp.tv\\\/2025\\\/camaras-de-seguridad-de-catedral-grabaron-a-las-personas-que-dejaron-una-cabeza-de-vaca-afuera-de-este-templo\\\/#primaryimage\"},\"image\":{\"@id\":\"https:\\\/\\\/canal7slp.tv\\\/2025\\\/camaras-de-seguridad-de-catedral-grabaron-a-las-personas-que-dejaron-una-cabeza-de-vaca-afuera-de-este-templo\\\/#primaryimage\"},\"thumbnailUrl\":\"https:\\\/\\\/canal7slp.tv\\\/2025\\\/wp-content\\\/uploads\\\/2025\\\/08\\\/Claudio01Grabados.jpg\",\"datePublished\":\"2025-08-13T22:53:53+00:00\",\"dateModified\":\"2025-12-10T14:48:52+00:00\",\"breadcrumb\":{\"@id\":\"https:\\\/\\\/canal7slp.tv\\\/2025\\\/camaras-de-seguridad-de-catedral-grabaron-a-las-personas-que-dejaron-una-cabeza-de-vaca-afuera-de-este-templo\\\/#breadcrumb\"},\"inLanguage\":\"es\",\"potentialAction\":[{\"@type\":\"ReadAction\",\"target\":[\"https:\\\/\\\/canal7slp.tv\\\/2025\\\/camaras-de-seguridad-de-catedral-grabaron-a-las-personas-que-dejaron-una-cabeza-de-vaca-afuera-de-este-templo\\\/\"]}]},{\"@type\":\"ImageObject\",\"inLanguage\":\"es\",\"@id\":\"https:\\\/\\\/canal7slp.tv\\\/2025\\\/camaras-de-seguridad-de-catedral-grabaron-a-las-personas-que-dejaron-una-cabeza-de-vaca-afuera-de-este-templo\\\/#primaryimage\",\"url\":\"https:\\\/\\\/canal7slp.tv\\\/2025\\\/wp-content\\\/uploads\\\/2025\\\/08\\\/Claudio01Grabados.jpg\",\"contentUrl\":\"https:\\\/\\\/canal7slp.tv\\\/2025\\\/wp-content\\\/uploads\\\/2025\\\/08\\\/Claudio01Grabados.jpg\",\"width\":1280,\"height\":720},{\"@type\":\"BreadcrumbList\",\"@id\":\"https:\\\/\\\/canal7slp.tv\\\/2025\\\/camaras-de-seguridad-de-catedral-grabaron-a-las-personas-que-dejaron-una-cabeza-de-vaca-afuera-de-este-templo\\\/#breadcrumb\",\"itemListElement\":[{\"@type\":\"ListItem\",\"position\":1,\"name\":\"Portada\",\"item\":\"https:\\\/\\\/canal7slp.tv\\\/2025\\\/\"},{\"@type\":\"ListItem\",\"position\":2,\"name\":\"C\u00e1maras de seguridad de Catedral grabaron a las personas que dejaron una cabeza de vaca afuera de este templo\"}]},{\"@type\":\"WebSite\",\"@id\":\"https:\\\/\\\/canal7slp.tv\\\/2025\\\/#website\",\"url\":\"https:\\\/\\\/canal7slp.tv\\\/2025\\\/\",\"name\":\"N7 - Noticieros Canal 7\",\"description\":\"Somos el Medio\",\"publisher\":{\"@id\":\"https:\\\/\\\/canal7slp.tv\\\/2025\\\/#organization\"},\"potentialAction\":[{\"@type\":\"SearchAction\",\"target\":{\"@type\":\"EntryPoint\",\"urlTemplate\":\"https:\\\/\\\/canal7slp.tv\\\/2025\\\/?s={search_term_string}\"},\"query-input\":{\"@type\":\"PropertyValueSpecification\",\"valueRequired\":true,\"valueName\":\"search_term_string\"}}],\"inLanguage\":\"es\"},{\"@type\":\"Organization\",\"@id\":\"https:\\\/\\\/canal7slp.tv\\\/2025\\\/#organization\",\"name\":\"Noticieros Canal 7\",\"url\":\"https:\\\/\\\/canal7slp.tv\\\/2025\\\/\",\"logo\":{\"@type\":\"ImageObject\",\"inLanguage\":\"es\",\"@id\":\"https:\\\/\\\/canal7slp.tv\\\/2025\\\/#\\\/schema\\\/logo\\\/image\\\/\",\"url\":\"https:\\\/\\\/canal7slp.tv\\\/2025\\\/wp-content\\\/uploads\\\/2021\\\/01\\\/logo-noticieros@2x.png\",\"contentUrl\":\"https:\\\/\\\/canal7slp.tv\\\/2025\\\/wp-content\\\/uploads\\\/2021\\\/01\\\/logo-noticieros@2x.png\",\"width\":1017,\"height\":268,\"caption\":\"Noticieros Canal 7\"},\"image\":{\"@id\":\"https:\\\/\\\/canal7slp.tv\\\/2025\\\/#\\\/schema\\\/logo\\\/image\\\/\"},\"sameAs\":[\"https:\\\/\\\/www.facebook.com\\\/noticieroscanal7atencionciudadana\\\/\",\"https:\\\/\\\/x.com\\\/NOTICIEROS7\",\"https:\\\/\\\/www.instagram.com\\\/canal7_slp\",\"https:\\\/\\\/www.youtube.com\\\/channel\\\/UCliiYs-gP3JfJeqdPrNdd5A\"]},{\"@type\":\"Person\",\"@id\":\"https:\\\/\\\/canal7slp.tv\\\/2025\\\/#\\\/schema\\\/person\\\/271e2b60a96e7cc9d9ac296f4d7e414b\",\"name\":\"Edici\u00f3n Web\",\"image\":{\"@type\":\"ImageObject\",\"inLanguage\":\"es\",\"@id\":\"https:\\\/\\\/secure.gravatar.com\\\/avatar\\\/eee448fc3f7164808013b816ba91ac7e43bbe82a70bebac296f8bc6f0addaa1a?s=96&d=mm&r=g\",\"url\":\"https:\\\/\\\/secure.gravatar.com\\\/avatar\\\/eee448fc3f7164808013b816ba91ac7e43bbe82a70bebac296f8bc6f0addaa1a?s=96&d=mm&r=g\",\"contentUrl\":\"https:\\\/\\\/secure.gravatar.com\\\/avatar\\\/eee448fc3f7164808013b816ba91ac7e43bbe82a70bebac296f8bc6f0addaa1a?s=96&d=mm&r=g\",\"caption\":\"Edici\u00f3n Web\"},\"url\":\"https:\\\/\\\/canal7slp.tv\\\/2025\\\/author\\\/edicionweb\\\/\"}]}<\/script>\n<!-- \/ Yoast SEO plugin. -->","yoast_head_json":{"title":"C\u00e1maras de seguridad de Catedral grabaron a las personas que dejaron una cabeza de vaca afuera de este templo - Canal 7 SLP - 2025","robots":{"index":"index","follow":"follow","max-snippet":"max-snippet:-1","max-image-preview":"max-image-preview:large","max-video-preview":"max-video-preview:-1"},"canonical":"https:\/\/canal7slp.tv\/2025\/camaras-de-seguridad-de-catedral-grabaron-a-las-personas-que-dejaron-una-cabeza-de-vaca-afuera-de-este-templo\/","og_locale":"es_ES","og_type":"article","og_title":"C\u00e1maras de seguridad de Catedral grabaron a las personas que dejaron una cabeza de vaca afuera de este templo - Canal 7 SLP - 2025","og_description":"SLP.- En el caso de la cabeza de vaca que el pasado domingo fue dejada en el atrio de la Catedral Metropolitana y presuntamente relacionada con la visita del cantante Marilyn Manson, el vocero de la Arquidi\u00f3cesis de San Luis Tom\u00e1s Cruz Perales, revel\u00f3 sin dar m\u00e1s detalles que las c\u00e1maras de seguridad de este templo grabaron a las personas que la dejaron. Cuestion\u00f3 el hecho de que habiendo vigilancia polic\u00edaca alrededor de la Plaza de Armas nadie se haya dado cuenta cuando arribaron estas personas al templo. En este sentido, el vocero del Arzobispado hizo un llamado a las [&hellip;]","og_url":"https:\/\/canal7slp.tv\/2025\/camaras-de-seguridad-de-catedral-grabaron-a-las-personas-que-dejaron-una-cabeza-de-vaca-afuera-de-este-templo\/","og_site_name":"Canal 7 SLP - 2025","article_publisher":"https:\/\/www.facebook.com\/noticieroscanal7atencionciudadana\/","article_published_time":"2025-08-13T22:53:53+00:00","article_modified_time":"2025-12-10T14:48:52+00:00","og_image":[{"width":1280,"height":720,"url":"https:\/\/canal7slp.tv\/2025\/wp-content\/uploads\/2025\/08\/Claudio01Grabados.jpg","type":"image\/jpeg"}],"author":"Edici\u00f3n Web","twitter_card":"summary_large_image","twitter_creator":"@NOTICIEROS7","twitter_site":"@NOTICIEROS7","twitter_misc":{"Escrito por":"Edici\u00f3n Web","Tiempo de lectura":"1 minuto"},"schema":{"@context":"https:\/\/schema.org","@graph":[{"@type":"Article","@id":"https:\/\/canal7slp.tv\/2025\/camaras-de-seguridad-de-catedral-grabaron-a-las-personas-que-dejaron-una-cabeza-de-vaca-afuera-de-este-templo\/#article","isPartOf":{"@id":"https:\/\/canal7slp.tv\/2025\/camaras-de-seguridad-de-catedral-grabaron-a-las-personas-que-dejaron-una-cabeza-de-vaca-afuera-de-este-templo\/"},"author":{"name":"Edici\u00f3n Web","@id":"https:\/\/canal7slp.tv\/2025\/#\/schema\/person\/271e2b60a96e7cc9d9ac296f4d7e414b"},"headline":"C\u00e1maras de seguridad de Catedral grabaron a las personas que dejaron una cabeza de vaca afuera de este templo","datePublished":"2025-08-13T22:53:53+00:00","dateModified":"2025-12-10T14:48:52+00:00","mainEntityOfPage":{"@id":"https:\/\/canal7slp.tv\/2025\/camaras-de-seguridad-de-catedral-grabaron-a-las-personas-que-dejaron-una-cabeza-de-vaca-afuera-de-este-templo\/"},"wordCount":176,"publisher":{"@id":"https:\/\/canal7slp.tv\/2025\/#organization"},"image":{"@id":"https:\/\/canal7slp.tv\/2025\/camaras-de-seguridad-de-catedral-grabaron-a-las-personas-que-dejaron-una-cabeza-de-vaca-afuera-de-este-templo\/#primaryimage"},"thumbnailUrl":"https:\/\/canal7slp.tv\/2025\/wp-content\/uploads\/2025\/08\/Claudio01Grabados.jpg","articleSection":["DESTACADAS","Iglesia","LOCALES Y REGIONALES"],"inLanguage":"es"},{"@type":"WebPage","@id":"https:\/\/canal7slp.tv\/2025\/camaras-de-seguridad-de-catedral-grabaron-a-las-personas-que-dejaron-una-cabeza-de-vaca-afuera-de-este-templo\/","url":"https:\/\/canal7slp.tv\/2025\/camaras-de-seguridad-de-catedral-grabaron-a-las-personas-que-dejaron-una-cabeza-de-vaca-afuera-de-este-templo\/","name":"C\u00e1maras de seguridad de Catedral grabaron a las personas que dejaron una cabeza de vaca afuera de este templo - Canal 7 SLP - 2025","isPartOf":{"@id":"https:\/\/canal7slp.tv\/2025\/#website"},"primaryImageOfPage":{"@id":"https:\/\/canal7slp.tv\/2025\/camaras-de-seguridad-de-catedral-grabaron-a-las-personas-que-dejaron-una-cabeza-de-vaca-afuera-de-este-templo\/#primaryimage"},"image":{"@id":"https:\/\/canal7slp.tv\/2025\/camaras-de-seguridad-de-catedral-grabaron-a-las-personas-que-dejaron-una-cabeza-de-vaca-afuera-de-este-templo\/#primaryimage"},"thumbnailUrl":"https:\/\/canal7slp.tv\/2025\/wp-content\/uploads\/2025\/08\/Claudio01Grabados.jpg","datePublished":"2025-08-13T22:53:53+00:00","dateModified":"2025-12-10T14:48:52+00:00","breadcrumb":{"@id":"https:\/\/canal7slp.tv\/2025\/camaras-de-seguridad-de-catedral-grabaron-a-las-personas-que-dejaron-una-cabeza-de-vaca-afuera-de-este-templo\/#breadcrumb"},"inLanguage":"es","potentialAction":[{"@type":"ReadAction","target":["https:\/\/canal7slp.tv\/2025\/camaras-de-seguridad-de-catedral-grabaron-a-las-personas-que-dejaron-una-cabeza-de-vaca-afuera-de-este-templo\/"]}]},{"@type":"ImageObject","inLanguage":"es","@id":"https:\/\/canal7slp.tv\/2025\/camaras-de-seguridad-de-catedral-grabaron-a-las-personas-que-dejaron-una-cabeza-de-vaca-afuera-de-este-templo\/#primaryimage","url":"https:\/\/canal7slp.tv\/2025\/wp-content\/uploads\/2025\/08\/Claudio01Grabados.jpg","contentUrl":"https:\/\/canal7slp.tv\/2025\/wp-content\/uploads\/2025\/08\/Claudio01Grabados.jpg","width":1280,"height":720},{"@type":"BreadcrumbList","@id":"https:\/\/canal7slp.tv\/2025\/camaras-de-seguridad-de-catedral-grabaron-a-las-personas-que-dejaron-una-cabeza-de-vaca-afuera-de-este-templo\/#breadcrumb","itemListElement":[{"@type":"ListItem","position":1,"name":"Portada","item":"https:\/\/canal7slp.tv\/2025\/"},{"@type":"ListItem","position":2,"name":"C\u00e1maras de seguridad de Catedral grabaron a las personas que dejaron una cabeza de vaca afuera de este templo"}]},{"@type":"WebSite","@id":"https:\/\/canal7slp.tv\/2025\/#website","url":"https:\/\/canal7slp.tv\/2025\/","name":"N7 - Noticieros Canal 7","description":"Somos el Medio","publisher":{"@id":"https:\/\/canal7slp.tv\/2025\/#organization"},"potentialAction":[{"@type":"SearchAction","target":{"@type":"EntryPoint","urlTemplate":"https:\/\/canal7slp.tv\/2025\/?s={search_term_string}"},"query-input":{"@type":"PropertyValueSpecification","valueRequired":true,"valueName":"search_term_string"}}],"inLanguage":"es"},{"@type":"Organization","@id":"https:\/\/canal7slp.tv\/2025\/#organization","name":"Noticieros Canal 7","url":"https:\/\/canal7slp.tv\/2025\/","logo":{"@type":"ImageObject","inLanguage":"es","@id":"https:\/\/canal7slp.tv\/2025\/#\/schema\/logo\/image\/","url":"https:\/\/canal7slp.tv\/2025\/wp-content\/uploads\/2021\/01\/logo-noticieros@2x.png","contentUrl":"https:\/\/canal7slp.tv\/2025\/wp-content\/uploads\/2021\/01\/logo-noticieros@2x.png","width":1017,"height":268,"caption":"Noticieros Canal 7"},"image":{"@id":"https:\/\/canal7slp.tv\/2025\/#\/schema\/logo\/image\/"},"sameAs":["https:\/\/www.facebook.com\/noticieroscanal7atencionciudadana\/","https:\/\/x.com\/NOTICIEROS7","https:\/\/www.instagram.com\/canal7_slp","https:\/\/www.youtube.com\/channel\/UCliiYs-gP3JfJeqdPrNdd5A"]},{"@type":"Person","@id":"https:\/\/canal7slp.tv\/2025\/#\/schema\/person\/271e2b60a96e7cc9d9ac296f4d7e414b","name":"Edici\u00f3n Web","image":{"@type":"ImageObject","inLanguage":"es","@id":"https:\/\/secure.gravatar.com\/avatar\/eee448fc3f7164808013b816ba91ac7e43bbe82a70bebac296f8bc6f0addaa1a?s=96&d=mm&r=g","url":"https:\/\/secure.gravatar.com\/avatar\/eee448fc3f7164808013b816ba91ac7e43bbe82a70bebac296f8bc6f0addaa1a?s=96&d=mm&r=g","contentUrl":"https:\/\/secure.gravatar.com\/avatar\/eee448fc3f7164808013b816ba91ac7e43bbe82a70bebac296f8bc6f0addaa1a?s=96&d=mm&r=g","caption":"Edici\u00f3n Web"},"url":"https:\/\/canal7slp.tv\/2025\/author\/edicionweb\/"}]}},"_links":{"self":[{"href":"https:\/\/canal7slp.tv\/2025\/wp-json\/wp\/v2\/posts\/176387","targetHints":{"allow":["GET"]}}],"collection":[{"href":"https:\/\/canal7slp.tv\/2025\/wp-json\/wp\/v2\/posts"}],"about":[{"href":"https:\/\/canal7slp.tv\/2025\/wp-json\/wp\/v2\/types\/post"}],"author":[{"embeddable":true,"href":"https:\/\/canal7slp.tv\/2025\/wp-json\/wp\/v2\/users\/2"}],"replies":[{"embeddable":true,"href":"https:\/\/canal7slp.tv\/2025\/wp-json\/wp\/v2\/comments?post=176387"}],"version-history":[{"count":2,"href":"https:\/\/canal7slp.tv\/2025\/wp-json\/wp\/v2\/posts\/176387\/revisions"}],"predecessor-version":[{"id":176392,"href":"https:\/\/canal7slp.tv\/2025\/wp-json\/wp\/v2\/posts\/176387\/revisions\/176392"}],"wp:featuredmedia":[{"embeddable":true,"href":"https:\/\/canal7slp.tv\/2025\/wp-json\/wp\/v2\/media\/176390"}],"wp:attachment":[{"href":"https:\/\/canal7slp.tv\/2025\/wp-json\/wp\/v2\/media?parent=176387"}],"wp:term":[{"taxonomy":"category","embeddable":true,"href":"https:\/\/canal7slp.tv\/2025\/wp-json\/wp\/v2\/categories?post=176387"},{"taxonomy":"post_tag","embeddable":true,"href":"https:\/\/canal7slp.tv\/2025\/wp-json\/wp\/v2\/tags?post=176387"}],"curies":[{"name":"wp","href":"https:\/\/api.w.org\/{rel}","templated":true}]}}