{"id":176376,"date":"2025-08-13T16:34:28","date_gmt":"2025-08-13T22:34:28","guid":{"rendered":"https:\/\/canal7slp.tv\/2025\/?p=176376"},"modified":"2025-08-13T16:34:28","modified_gmt":"2025-08-13T22:34:28","slug":"continua-busqueda-en-slp-de-ciudadano-estadounidense-desaparecido","status":"publish","type":"post","link":"https:\/\/canal7slp.tv\/2025\/continua-busqueda-en-slp-de-ciudadano-estadounidense-desaparecido\/","title":{"rendered":"Contin\u00faa b\u00fasqueda en SLP de ciudadano estadounidense desaparecido"},"content":{"rendered":"<p style=\"text-align: justify;\"><span style=\"font-size: 1.21429rem;\">SLP.- La Fiscal\u00eda General del Estado de San Luis Potos\u00ed mantiene trabajos de b\u00fasqueda para localizar a un ciudadano estadounidense reportado como desaparecido desde hace algunas semanas, en coordinaci\u00f3n con autoridades federales y extranjeras.<\/span><\/p>\n<p style=\"text-align: justify;\">Fue la fiscal general, Manuela Garc\u00eda C\u00e1zares, quien inform\u00f3 que el caso ha requerido comunicaci\u00f3n directa con otras instancias luego de que se recibiera un reporte sobre una persona en situaci\u00f3n de calle con rasgos similares.<\/p>\n<p style=\"text-align: justify;\">\u201cDe hecho el consulado de Monterrey nos pidi\u00f3 informaci\u00f3n sobre la investigaci\u00f3n, tuvimos por ah\u00ed el fin de semana una llamada de una persona de Veracruz que nos comentaba que hab\u00eda una persona en situaci\u00f3n de calle con caracter\u00edsticas muy parecidas al estadounidense\u201d, se\u00f1al\u00f3.<\/p>\n<p style=\"text-align: justify;\">De hecho, el reporte llev\u00f3 a un operativo de verificaci\u00f3n en coordinaci\u00f3n con autoridades veracruzanas.<\/p>\n<p style=\"text-align: justify;\">\u201cSe pidi\u00f3 el apoyo a la Fiscal\u00eda de Veracruz, pero lamentablemente no era la persona, s\u00ed una persona de caracter\u00edsticas similares, pero no lo era, la polic\u00eda de investigaci\u00f3n contin\u00faa con la investigaci\u00f3n y lleva algunos avances\u201d, agreg\u00f3.<\/p>\n<p style=\"text-align: justify;\">Garc\u00eda C\u00e1zares detall\u00f3 que las autoridades estadounidenses han solicitado de forma peri\u00f3dica los pormenores de la investigaci\u00f3n y neg\u00f3 que exista alg\u00fan tipo de presi\u00f3n<\/p>\n<p style=\"text-align: justify;\">\u201cDe ninguna manera, de manera propia nos ped\u00edan qu\u00e9 actos de investigaci\u00f3n se hab\u00edan realizado; se les dio un por menor de todo lo que la fiscal\u00eda ha hecho, se mand\u00f3 v\u00eda correo electr\u00f3nico porque de esa manera no lo pidieron y seguramente nos seguir\u00e1n preguntando cu\u00e1les son los avances de la investigaci\u00f3n\u201d, aclar\u00f3.<\/p>\n<p style=\"text-align: justify;\">Por: Jos\u00e9 Luis V\u00e1zquez<\/p>\n","protected":false},"excerpt":{"rendered":"<p>SLP.- La Fiscal\u00eda General del Estado de San Luis Potos\u00ed mantiene trabajos de b\u00fasqueda para localizar a un ciudadano estadounidense reportado como desaparecido desde hace algunas semanas, en coordinaci\u00f3n con autoridades federales y extranjeras. Fue la fiscal general, Manuela Garc\u00eda C\u00e1zares, quien inform\u00f3 que el caso ha requerido comunicaci\u00f3n directa con otras instancias luego de que se recibiera un reporte sobre una persona en situaci\u00f3n de calle con rasgos similares. \u201cDe hecho el consulado de Monterrey nos pidi\u00f3 informaci\u00f3n sobre la investigaci\u00f3n, tuvimos por ah\u00ed el fin de semana una llamada de una persona de Veracruz que nos comentaba que [&hellip;]<\/p>\n","protected":false},"author":2,"featured_media":176378,"comment_status":"closed","ping_status":"closed","sticky":false,"template":"","format":"video","meta":{"_monsterinsights_skip_tracking":false,"_monsterinsights_sitenote_active":false,"_monsterinsights_sitenote_note":"","_monsterinsights_sitenote_category":0,"footnotes":""},"categories":[5,510,45],"tags":[],"class_list":["post-176376","post","type-post","status-publish","format-video","has-post-thumbnail","hentry","category-destacadas","category-gobedoslp","category-localesyregionales","post_format-post-format-video","post--single"],"yoast_head":"<!-- This site is optimized with the Yoast SEO plugin v27.5 - https:\/\/yoast.com\/product\/yoast-seo-wordpress\/ -->\n<title>Contin\u00faa b\u00fasqueda en SLP de ciudadano estadounidense desaparecido - Canal 7 SLP - 2025<\/title>\n<meta name=\"robots\" content=\"index, follow, max-snippet:-1, max-image-preview:large, max-video-preview:-1\" \/>\n<link rel=\"canonical\" href=\"https:\/\/canal7slp.tv\/2025\/continua-busqueda-en-slp-de-ciudadano-estadounidense-desaparecido\/\" \/>\n<meta property=\"og:locale\" content=\"es_ES\" \/>\n<meta property=\"og:type\" content=\"article\" \/>\n<meta property=\"og:title\" content=\"Contin\u00faa b\u00fasqueda en SLP de ciudadano estadounidense desaparecido - Canal 7 SLP - 2025\" \/>\n<meta property=\"og:description\" content=\"SLP.- La Fiscal\u00eda General del Estado de San Luis Potos\u00ed mantiene trabajos de b\u00fasqueda para localizar a un ciudadano estadounidense reportado como desaparecido desde hace algunas semanas, en coordinaci\u00f3n con autoridades federales y extranjeras. Fue la fiscal general, Manuela Garc\u00eda C\u00e1zares, quien inform\u00f3 que el caso ha requerido comunicaci\u00f3n directa con otras instancias luego de que se recibiera un reporte sobre una persona en situaci\u00f3n de calle con rasgos similares. \u201cDe hecho el consulado de Monterrey nos pidi\u00f3 informaci\u00f3n sobre la investigaci\u00f3n, tuvimos por ah\u00ed el fin de semana una llamada de una persona de Veracruz que nos comentaba que [&hellip;]\" \/>\n<meta property=\"og:url\" content=\"https:\/\/canal7slp.tv\/2025\/continua-busqueda-en-slp-de-ciudadano-estadounidense-desaparecido\/\" \/>\n<meta property=\"og:site_name\" content=\"Canal 7 SLP - 2025\" \/>\n<meta property=\"article:publisher\" content=\"https:\/\/www.facebook.com\/noticieroscanal7atencionciudadana\/\" \/>\n<meta property=\"article:published_time\" content=\"2025-08-13T22:34:28+00:00\" \/>\n<meta property=\"og:image\" content=\"https:\/\/canal7slp.tv\/2025\/wp-content\/uploads\/2025\/08\/Vazquez02FGEBusqueda.jpg\" \/>\n\t<meta property=\"og:image:width\" content=\"1280\" \/>\n\t<meta property=\"og:image:height\" content=\"720\" \/>\n\t<meta property=\"og:image:type\" content=\"image\/jpeg\" \/>\n<meta name=\"author\" content=\"Edici\u00f3n Web\" \/>\n<meta name=\"twitter:card\" content=\"summary_large_image\" \/>\n<meta name=\"twitter:creator\" content=\"@NOTICIEROS7\" \/>\n<meta name=\"twitter:site\" content=\"@NOTICIEROS7\" \/>\n<meta name=\"twitter:label1\" content=\"Escrito por\" \/>\n\t<meta name=\"twitter:data1\" content=\"Edici\u00f3n Web\" \/>\n\t<meta name=\"twitter:label2\" content=\"Tiempo de lectura\" \/>\n\t<meta name=\"twitter:data2\" content=\"2 minutos\" \/>\n<script type=\"application\/ld+json\" class=\"yoast-schema-graph\">{\"@context\":\"https:\\\/\\\/schema.org\",\"@graph\":[{\"@type\":\"Article\",\"@id\":\"https:\\\/\\\/canal7slp.tv\\\/2025\\\/continua-busqueda-en-slp-de-ciudadano-estadounidense-desaparecido\\\/#article\",\"isPartOf\":{\"@id\":\"https:\\\/\\\/canal7slp.tv\\\/2025\\\/continua-busqueda-en-slp-de-ciudadano-estadounidense-desaparecido\\\/\"},\"author\":{\"name\":\"Edici\u00f3n Web\",\"@id\":\"https:\\\/\\\/canal7slp.tv\\\/2025\\\/#\\\/schema\\\/person\\\/271e2b60a96e7cc9d9ac296f4d7e414b\"},\"headline\":\"Contin\u00faa b\u00fasqueda en SLP de ciudadano estadounidense desaparecido\",\"datePublished\":\"2025-08-13T22:34:28+00:00\",\"mainEntityOfPage\":{\"@id\":\"https:\\\/\\\/canal7slp.tv\\\/2025\\\/continua-busqueda-en-slp-de-ciudadano-estadounidense-desaparecido\\\/\"},\"wordCount\":298,\"publisher\":{\"@id\":\"https:\\\/\\\/canal7slp.tv\\\/2025\\\/#organization\"},\"image\":{\"@id\":\"https:\\\/\\\/canal7slp.tv\\\/2025\\\/continua-busqueda-en-slp-de-ciudadano-estadounidense-desaparecido\\\/#primaryimage\"},\"thumbnailUrl\":\"https:\\\/\\\/canal7slp.tv\\\/2025\\\/wp-content\\\/uploads\\\/2025\\\/08\\\/Vazquez02FGEBusqueda.jpg\",\"articleSection\":[\"DESTACADAS\",\"GOBEDOSLP\",\"LOCALES Y REGIONALES\"],\"inLanguage\":\"es\"},{\"@type\":\"WebPage\",\"@id\":\"https:\\\/\\\/canal7slp.tv\\\/2025\\\/continua-busqueda-en-slp-de-ciudadano-estadounidense-desaparecido\\\/\",\"url\":\"https:\\\/\\\/canal7slp.tv\\\/2025\\\/continua-busqueda-en-slp-de-ciudadano-estadounidense-desaparecido\\\/\",\"name\":\"Contin\u00faa b\u00fasqueda en SLP de ciudadano estadounidense desaparecido - Canal 7 SLP - 2025\",\"isPartOf\":{\"@id\":\"https:\\\/\\\/canal7slp.tv\\\/2025\\\/#website\"},\"primaryImageOfPage\":{\"@id\":\"https:\\\/\\\/canal7slp.tv\\\/2025\\\/continua-busqueda-en-slp-de-ciudadano-estadounidense-desaparecido\\\/#primaryimage\"},\"image\":{\"@id\":\"https:\\\/\\\/canal7slp.tv\\\/2025\\\/continua-busqueda-en-slp-de-ciudadano-estadounidense-desaparecido\\\/#primaryimage\"},\"thumbnailUrl\":\"https:\\\/\\\/canal7slp.tv\\\/2025\\\/wp-content\\\/uploads\\\/2025\\\/08\\\/Vazquez02FGEBusqueda.jpg\",\"datePublished\":\"2025-08-13T22:34:28+00:00\",\"breadcrumb\":{\"@id\":\"https:\\\/\\\/canal7slp.tv\\\/2025\\\/continua-busqueda-en-slp-de-ciudadano-estadounidense-desaparecido\\\/#breadcrumb\"},\"inLanguage\":\"es\",\"potentialAction\":[{\"@type\":\"ReadAction\",\"target\":[\"https:\\\/\\\/canal7slp.tv\\\/2025\\\/continua-busqueda-en-slp-de-ciudadano-estadounidense-desaparecido\\\/\"]}]},{\"@type\":\"ImageObject\",\"inLanguage\":\"es\",\"@id\":\"https:\\\/\\\/canal7slp.tv\\\/2025\\\/continua-busqueda-en-slp-de-ciudadano-estadounidense-desaparecido\\\/#primaryimage\",\"url\":\"https:\\\/\\\/canal7slp.tv\\\/2025\\\/wp-content\\\/uploads\\\/2025\\\/08\\\/Vazquez02FGEBusqueda.jpg\",\"contentUrl\":\"https:\\\/\\\/canal7slp.tv\\\/2025\\\/wp-content\\\/uploads\\\/2025\\\/08\\\/Vazquez02FGEBusqueda.jpg\",\"width\":1280,\"height\":720},{\"@type\":\"BreadcrumbList\",\"@id\":\"https:\\\/\\\/canal7slp.tv\\\/2025\\\/continua-busqueda-en-slp-de-ciudadano-estadounidense-desaparecido\\\/#breadcrumb\",\"itemListElement\":[{\"@type\":\"ListItem\",\"position\":1,\"name\":\"Portada\",\"item\":\"https:\\\/\\\/canal7slp.tv\\\/2025\\\/\"},{\"@type\":\"ListItem\",\"position\":2,\"name\":\"Contin\u00faa b\u00fasqueda en SLP de ciudadano estadounidense desaparecido\"}]},{\"@type\":\"WebSite\",\"@id\":\"https:\\\/\\\/canal7slp.tv\\\/2025\\\/#website\",\"url\":\"https:\\\/\\\/canal7slp.tv\\\/2025\\\/\",\"name\":\"N7 - Noticieros Canal 7\",\"description\":\"Somos el Medio\",\"publisher\":{\"@id\":\"https:\\\/\\\/canal7slp.tv\\\/2025\\\/#organization\"},\"potentialAction\":[{\"@type\":\"SearchAction\",\"target\":{\"@type\":\"EntryPoint\",\"urlTemplate\":\"https:\\\/\\\/canal7slp.tv\\\/2025\\\/?s={search_term_string}\"},\"query-input\":{\"@type\":\"PropertyValueSpecification\",\"valueRequired\":true,\"valueName\":\"search_term_string\"}}],\"inLanguage\":\"es\"},{\"@type\":\"Organization\",\"@id\":\"https:\\\/\\\/canal7slp.tv\\\/2025\\\/#organization\",\"name\":\"Noticieros Canal 7\",\"url\":\"https:\\\/\\\/canal7slp.tv\\\/2025\\\/\",\"logo\":{\"@type\":\"ImageObject\",\"inLanguage\":\"es\",\"@id\":\"https:\\\/\\\/canal7slp.tv\\\/2025\\\/#\\\/schema\\\/logo\\\/image\\\/\",\"url\":\"https:\\\/\\\/canal7slp.tv\\\/2025\\\/wp-content\\\/uploads\\\/2021\\\/01\\\/logo-noticieros@2x.png\",\"contentUrl\":\"https:\\\/\\\/canal7slp.tv\\\/2025\\\/wp-content\\\/uploads\\\/2021\\\/01\\\/logo-noticieros@2x.png\",\"width\":1017,\"height\":268,\"caption\":\"Noticieros Canal 7\"},\"image\":{\"@id\":\"https:\\\/\\\/canal7slp.tv\\\/2025\\\/#\\\/schema\\\/logo\\\/image\\\/\"},\"sameAs\":[\"https:\\\/\\\/www.facebook.com\\\/noticieroscanal7atencionciudadana\\\/\",\"https:\\\/\\\/x.com\\\/NOTICIEROS7\",\"https:\\\/\\\/www.instagram.com\\\/canal7_slp\",\"https:\\\/\\\/www.youtube.com\\\/channel\\\/UCliiYs-gP3JfJeqdPrNdd5A\"]},{\"@type\":\"Person\",\"@id\":\"https:\\\/\\\/canal7slp.tv\\\/2025\\\/#\\\/schema\\\/person\\\/271e2b60a96e7cc9d9ac296f4d7e414b\",\"name\":\"Edici\u00f3n Web\",\"image\":{\"@type\":\"ImageObject\",\"inLanguage\":\"es\",\"@id\":\"https:\\\/\\\/secure.gravatar.com\\\/avatar\\\/eee448fc3f7164808013b816ba91ac7e43bbe82a70bebac296f8bc6f0addaa1a?s=96&d=mm&r=g\",\"url\":\"https:\\\/\\\/secure.gravatar.com\\\/avatar\\\/eee448fc3f7164808013b816ba91ac7e43bbe82a70bebac296f8bc6f0addaa1a?s=96&d=mm&r=g\",\"contentUrl\":\"https:\\\/\\\/secure.gravatar.com\\\/avatar\\\/eee448fc3f7164808013b816ba91ac7e43bbe82a70bebac296f8bc6f0addaa1a?s=96&d=mm&r=g\",\"caption\":\"Edici\u00f3n Web\"},\"url\":\"https:\\\/\\\/canal7slp.tv\\\/2025\\\/author\\\/edicionweb\\\/\"}]}<\/script>\n<!-- \/ Yoast SEO plugin. -->","yoast_head_json":{"title":"Contin\u00faa b\u00fasqueda en SLP de ciudadano estadounidense desaparecido - Canal 7 SLP - 2025","robots":{"index":"index","follow":"follow","max-snippet":"max-snippet:-1","max-image-preview":"max-image-preview:large","max-video-preview":"max-video-preview:-1"},"canonical":"https:\/\/canal7slp.tv\/2025\/continua-busqueda-en-slp-de-ciudadano-estadounidense-desaparecido\/","og_locale":"es_ES","og_type":"article","og_title":"Contin\u00faa b\u00fasqueda en SLP de ciudadano estadounidense desaparecido - Canal 7 SLP - 2025","og_description":"SLP.- La Fiscal\u00eda General del Estado de San Luis Potos\u00ed mantiene trabajos de b\u00fasqueda para localizar a un ciudadano estadounidense reportado como desaparecido desde hace algunas semanas, en coordinaci\u00f3n con autoridades federales y extranjeras. Fue la fiscal general, Manuela Garc\u00eda C\u00e1zares, quien inform\u00f3 que el caso ha requerido comunicaci\u00f3n directa con otras instancias luego de que se recibiera un reporte sobre una persona en situaci\u00f3n de calle con rasgos similares. \u201cDe hecho el consulado de Monterrey nos pidi\u00f3 informaci\u00f3n sobre la investigaci\u00f3n, tuvimos por ah\u00ed el fin de semana una llamada de una persona de Veracruz que nos comentaba que [&hellip;]","og_url":"https:\/\/canal7slp.tv\/2025\/continua-busqueda-en-slp-de-ciudadano-estadounidense-desaparecido\/","og_site_name":"Canal 7 SLP - 2025","article_publisher":"https:\/\/www.facebook.com\/noticieroscanal7atencionciudadana\/","article_published_time":"2025-08-13T22:34:28+00:00","og_image":[{"width":1280,"height":720,"url":"https:\/\/canal7slp.tv\/2025\/wp-content\/uploads\/2025\/08\/Vazquez02FGEBusqueda.jpg","type":"image\/jpeg"}],"author":"Edici\u00f3n Web","twitter_card":"summary_large_image","twitter_creator":"@NOTICIEROS7","twitter_site":"@NOTICIEROS7","twitter_misc":{"Escrito por":"Edici\u00f3n Web","Tiempo de lectura":"2 minutos"},"schema":{"@context":"https:\/\/schema.org","@graph":[{"@type":"Article","@id":"https:\/\/canal7slp.tv\/2025\/continua-busqueda-en-slp-de-ciudadano-estadounidense-desaparecido\/#article","isPartOf":{"@id":"https:\/\/canal7slp.tv\/2025\/continua-busqueda-en-slp-de-ciudadano-estadounidense-desaparecido\/"},"author":{"name":"Edici\u00f3n Web","@id":"https:\/\/canal7slp.tv\/2025\/#\/schema\/person\/271e2b60a96e7cc9d9ac296f4d7e414b"},"headline":"Contin\u00faa b\u00fasqueda en SLP de ciudadano estadounidense desaparecido","datePublished":"2025-08-13T22:34:28+00:00","mainEntityOfPage":{"@id":"https:\/\/canal7slp.tv\/2025\/continua-busqueda-en-slp-de-ciudadano-estadounidense-desaparecido\/"},"wordCount":298,"publisher":{"@id":"https:\/\/canal7slp.tv\/2025\/#organization"},"image":{"@id":"https:\/\/canal7slp.tv\/2025\/continua-busqueda-en-slp-de-ciudadano-estadounidense-desaparecido\/#primaryimage"},"thumbnailUrl":"https:\/\/canal7slp.tv\/2025\/wp-content\/uploads\/2025\/08\/Vazquez02FGEBusqueda.jpg","articleSection":["DESTACADAS","GOBEDOSLP","LOCALES Y REGIONALES"],"inLanguage":"es"},{"@type":"WebPage","@id":"https:\/\/canal7slp.tv\/2025\/continua-busqueda-en-slp-de-ciudadano-estadounidense-desaparecido\/","url":"https:\/\/canal7slp.tv\/2025\/continua-busqueda-en-slp-de-ciudadano-estadounidense-desaparecido\/","name":"Contin\u00faa b\u00fasqueda en SLP de ciudadano estadounidense desaparecido - Canal 7 SLP - 2025","isPartOf":{"@id":"https:\/\/canal7slp.tv\/2025\/#website"},"primaryImageOfPage":{"@id":"https:\/\/canal7slp.tv\/2025\/continua-busqueda-en-slp-de-ciudadano-estadounidense-desaparecido\/#primaryimage"},"image":{"@id":"https:\/\/canal7slp.tv\/2025\/continua-busqueda-en-slp-de-ciudadano-estadounidense-desaparecido\/#primaryimage"},"thumbnailUrl":"https:\/\/canal7slp.tv\/2025\/wp-content\/uploads\/2025\/08\/Vazquez02FGEBusqueda.jpg","datePublished":"2025-08-13T22:34:28+00:00","breadcrumb":{"@id":"https:\/\/canal7slp.tv\/2025\/continua-busqueda-en-slp-de-ciudadano-estadounidense-desaparecido\/#breadcrumb"},"inLanguage":"es","potentialAction":[{"@type":"ReadAction","target":["https:\/\/canal7slp.tv\/2025\/continua-busqueda-en-slp-de-ciudadano-estadounidense-desaparecido\/"]}]},{"@type":"ImageObject","inLanguage":"es","@id":"https:\/\/canal7slp.tv\/2025\/continua-busqueda-en-slp-de-ciudadano-estadounidense-desaparecido\/#primaryimage","url":"https:\/\/canal7slp.tv\/2025\/wp-content\/uploads\/2025\/08\/Vazquez02FGEBusqueda.jpg","contentUrl":"https:\/\/canal7slp.tv\/2025\/wp-content\/uploads\/2025\/08\/Vazquez02FGEBusqueda.jpg","width":1280,"height":720},{"@type":"BreadcrumbList","@id":"https:\/\/canal7slp.tv\/2025\/continua-busqueda-en-slp-de-ciudadano-estadounidense-desaparecido\/#breadcrumb","itemListElement":[{"@type":"ListItem","position":1,"name":"Portada","item":"https:\/\/canal7slp.tv\/2025\/"},{"@type":"ListItem","position":2,"name":"Contin\u00faa b\u00fasqueda en SLP de ciudadano estadounidense desaparecido"}]},{"@type":"WebSite","@id":"https:\/\/canal7slp.tv\/2025\/#website","url":"https:\/\/canal7slp.tv\/2025\/","name":"N7 - Noticieros Canal 7","description":"Somos el Medio","publisher":{"@id":"https:\/\/canal7slp.tv\/2025\/#organization"},"potentialAction":[{"@type":"SearchAction","target":{"@type":"EntryPoint","urlTemplate":"https:\/\/canal7slp.tv\/2025\/?s={search_term_string}"},"query-input":{"@type":"PropertyValueSpecification","valueRequired":true,"valueName":"search_term_string"}}],"inLanguage":"es"},{"@type":"Organization","@id":"https:\/\/canal7slp.tv\/2025\/#organization","name":"Noticieros Canal 7","url":"https:\/\/canal7slp.tv\/2025\/","logo":{"@type":"ImageObject","inLanguage":"es","@id":"https:\/\/canal7slp.tv\/2025\/#\/schema\/logo\/image\/","url":"https:\/\/canal7slp.tv\/2025\/wp-content\/uploads\/2021\/01\/logo-noticieros@2x.png","contentUrl":"https:\/\/canal7slp.tv\/2025\/wp-content\/uploads\/2021\/01\/logo-noticieros@2x.png","width":1017,"height":268,"caption":"Noticieros Canal 7"},"image":{"@id":"https:\/\/canal7slp.tv\/2025\/#\/schema\/logo\/image\/"},"sameAs":["https:\/\/www.facebook.com\/noticieroscanal7atencionciudadana\/","https:\/\/x.com\/NOTICIEROS7","https:\/\/www.instagram.com\/canal7_slp","https:\/\/www.youtube.com\/channel\/UCliiYs-gP3JfJeqdPrNdd5A"]},{"@type":"Person","@id":"https:\/\/canal7slp.tv\/2025\/#\/schema\/person\/271e2b60a96e7cc9d9ac296f4d7e414b","name":"Edici\u00f3n Web","image":{"@type":"ImageObject","inLanguage":"es","@id":"https:\/\/secure.gravatar.com\/avatar\/eee448fc3f7164808013b816ba91ac7e43bbe82a70bebac296f8bc6f0addaa1a?s=96&d=mm&r=g","url":"https:\/\/secure.gravatar.com\/avatar\/eee448fc3f7164808013b816ba91ac7e43bbe82a70bebac296f8bc6f0addaa1a?s=96&d=mm&r=g","contentUrl":"https:\/\/secure.gravatar.com\/avatar\/eee448fc3f7164808013b816ba91ac7e43bbe82a70bebac296f8bc6f0addaa1a?s=96&d=mm&r=g","caption":"Edici\u00f3n Web"},"url":"https:\/\/canal7slp.tv\/2025\/author\/edicionweb\/"}]}},"_links":{"self":[{"href":"https:\/\/canal7slp.tv\/2025\/wp-json\/wp\/v2\/posts\/176376","targetHints":{"allow":["GET"]}}],"collection":[{"href":"https:\/\/canal7slp.tv\/2025\/wp-json\/wp\/v2\/posts"}],"about":[{"href":"https:\/\/canal7slp.tv\/2025\/wp-json\/wp\/v2\/types\/post"}],"author":[{"embeddable":true,"href":"https:\/\/canal7slp.tv\/2025\/wp-json\/wp\/v2\/users\/2"}],"replies":[{"embeddable":true,"href":"https:\/\/canal7slp.tv\/2025\/wp-json\/wp\/v2\/comments?post=176376"}],"version-history":[{"count":1,"href":"https:\/\/canal7slp.tv\/2025\/wp-json\/wp\/v2\/posts\/176376\/revisions"}],"predecessor-version":[{"id":176379,"href":"https:\/\/canal7slp.tv\/2025\/wp-json\/wp\/v2\/posts\/176376\/revisions\/176379"}],"wp:featuredmedia":[{"embeddable":true,"href":"https:\/\/canal7slp.tv\/2025\/wp-json\/wp\/v2\/media\/176378"}],"wp:attachment":[{"href":"https:\/\/canal7slp.tv\/2025\/wp-json\/wp\/v2\/media?parent=176376"}],"wp:term":[{"taxonomy":"category","embeddable":true,"href":"https:\/\/canal7slp.tv\/2025\/wp-json\/wp\/v2\/categories?post=176376"},{"taxonomy":"post_tag","embeddable":true,"href":"https:\/\/canal7slp.tv\/2025\/wp-json\/wp\/v2\/tags?post=176376"}],"curies":[{"name":"wp","href":"https:\/\/api.w.org\/{rel}","templated":true}]}}