{"id":176368,"date":"2025-08-13T16:31:02","date_gmt":"2025-08-13T22:31:02","guid":{"rendered":"https:\/\/canal7slp.tv\/2025\/?p=176368"},"modified":"2025-08-13T16:31:02","modified_gmt":"2025-08-13T22:31:02","slug":"critica-gallardo-a-empresarios-tras-exponer-retroceso-en-el-sector-de-la-construccion","status":"publish","type":"post","link":"https:\/\/canal7slp.tv\/2025\/critica-gallardo-a-empresarios-tras-exponer-retroceso-en-el-sector-de-la-construccion\/","title":{"rendered":"Critica Gallardo a empresarios tras exponer retroceso en el sector de la construcci\u00f3n"},"content":{"rendered":"<p style=\"text-align: justify;\"><span style=\"font-size: 1.21429rem;\">SLP.- El gobernador de San Luis Potos\u00ed, Ricardo Gallardo Cardona, rechaz\u00f3 las declaraciones de representantes empresariales que aseguran existe una contracci\u00f3n en la industria de la construcci\u00f3n en la entidad.<\/span><\/p>\n<p style=\"text-align: justify;\">\u201cAnda muy adelantados, pero los presupuestos ni siquiera est\u00e1n todav\u00eda asignados para hablar de contracciones de obra, es una tonter\u00eda lo que dice la c\u00e1mara, la verdad me da mucha tristeza que las c\u00e1maras de la construcci\u00f3n y tambi\u00e9n Coparmex con nuestro amigo Ortu\u00f1o siempre ha tratado de demeritar lo que hace el estado, lo que hace la federaci\u00f3n y lo que hacen los mismos empresarios\u201d, afirm\u00f3.<\/p>\n<p style=\"text-align: justify;\">Se\u00f1al\u00f3 que hay empresarios potosinos que actualmente incrementan sus inversiones y que las afirmaciones de retroceso son injustificadas.<\/p>\n<p style=\"text-align: justify;\">\u201cLos empresarios hoy le est\u00e1n apostando a San Luis Potos\u00ed, est\u00e1n creciendo, est\u00e1n aumentando sus patrimonios; &#8230;En lugar de apoyarlos los demeritan con ese tipo de comentarios de muy mala leche, pero siempre estos personajes han tratado de tener un protagonismo puro y lo \u00fanico que hacen es echarse m\u00e1s gente de su mismo gremio encima, ya nadie los quiere por lo mismo\u201d, agreg\u00f3.<\/p>\n<p style=\"text-align: justify;\">Gallardo Cardona prosigui\u00f3.<\/p>\n<p style=\"text-align: justify;\">\u201cPareciera que para ellos todos los d\u00edas son los peores d\u00edas del mundo, viven en un mundo de cristal muy chiquito y donde solamente opinan, en verdad te lo digo, tonter\u00edas; por eso me da mucha tristeza, cre\u00ed que eran personas m\u00e1s pensantes, que les gustaba ver crecer a San Luis Potos\u00ed, que les gustaba ver al gremio salir adelante y hoy vemos que es todo lo contrario\u201d, coment\u00f3.<\/p>\n<p style=\"text-align: justify;\">Destac\u00f3 que el sector privado local ha sido clave en grandes proyectos de infraestructura, como la construcci\u00f3n de la autopista a Matehuala.<\/p>\n<p style=\"text-align: justify;\">\u201cHoy el empresario potosino ha sido el protagonista de San Luis Potos\u00ed, tenemos empresarios potosinos invirtiendo en una sola obra, porque son varios, invirtiendo 22 mil millones de pesos, solamente una autopista a Matehuala, es dinero potosino, es una tonter\u00eda el decir que se est\u00e1 reduciendo o contrayendo\u201d, reiter\u00f3.<\/p>\n<p style=\"text-align: justify;\">Finalmente, insisti\u00f3 que hay crecimiento econ\u00f3mico y social en el estado.<\/p>\n<p style=\"text-align: justify;\">\u201cSon aras de ser protagonistas, de querer llamar la atenci\u00f3n, pero solamente hunden al gremio, se est\u00e1n volviendo un lastre para esto, ojal\u00e1 que se reivindiquen y empiezan a decir la verdad de San Luis Potos\u00ed, c\u00f3mo est\u00e1 creciendo San Luis Potos\u00ed econ\u00f3micamente en inversiones extranjeras y locales, c\u00f3mo se est\u00e1 transformando con infraestructura y culturalmente hablando c\u00f3mo estamos saliendo adelante\u00bb, dijo.<\/p>\n<p style=\"text-align: justify;\">Continu\u00f3: \u00abHoy San Luis Potos\u00ed est\u00e1 en el mapa mundial en todos los sentidos por infraestructura, por cultura, por educaci\u00f3n, por todo, entonces, s\u00ed es muy lamentable que ese tipo de personajes demeriten el trabajo de los potosinos y demeriten el trabajo que hacen miles de familias potosinas todos los d\u00edas al salir de su casa y llevar el sustento a sus hogares\u201d, concluy\u00f3.<\/p>\n<p>Por: Jos\u00e9 Luis V\u00e1zquez<\/p>\n","protected":false},"excerpt":{"rendered":"<p>SLP.- El gobernador de San Luis Potos\u00ed, Ricardo Gallardo Cardona, rechaz\u00f3 las declaraciones de representantes empresariales que aseguran existe una contracci\u00f3n en la industria de la construcci\u00f3n en la entidad. \u201cAnda muy adelantados, pero los presupuestos ni siquiera est\u00e1n todav\u00eda asignados para hablar de contracciones de obra, es una tonter\u00eda lo que dice la c\u00e1mara, la verdad me da mucha tristeza que las c\u00e1maras de la construcci\u00f3n y tambi\u00e9n Coparmex con nuestro amigo Ortu\u00f1o siempre ha tratado de demeritar lo que hace el estado, lo que hace la federaci\u00f3n y lo que hacen los mismos empresarios\u201d, afirm\u00f3. Se\u00f1al\u00f3 que hay [&hellip;]<\/p>\n","protected":false},"author":2,"featured_media":176374,"comment_status":"closed","ping_status":"closed","sticky":false,"template":"","format":"video","meta":{"_monsterinsights_skip_tracking":false,"_monsterinsights_sitenote_active":false,"_monsterinsights_sitenote_note":"","_monsterinsights_sitenote_category":0,"footnotes":""},"categories":[5,510,45],"tags":[],"class_list":["post-176368","post","type-post","status-publish","format-video","has-post-thumbnail","hentry","category-destacadas","category-gobedoslp","category-localesyregionales","post_format-post-format-video","post--single"],"yoast_head":"<!-- This site is optimized with the Yoast SEO plugin v27.5 - https:\/\/yoast.com\/product\/yoast-seo-wordpress\/ -->\n<title>Critica Gallardo a empresarios tras exponer retroceso en el sector de la construcci\u00f3n - Canal 7 SLP - 2025<\/title>\n<meta name=\"robots\" content=\"index, follow, max-snippet:-1, max-image-preview:large, max-video-preview:-1\" \/>\n<link rel=\"canonical\" href=\"https:\/\/canal7slp.tv\/2025\/critica-gallardo-a-empresarios-tras-exponer-retroceso-en-el-sector-de-la-construccion\/\" \/>\n<meta property=\"og:locale\" content=\"es_ES\" \/>\n<meta property=\"og:type\" content=\"article\" \/>\n<meta property=\"og:title\" content=\"Critica Gallardo a empresarios tras exponer retroceso en el sector de la construcci\u00f3n - Canal 7 SLP - 2025\" \/>\n<meta property=\"og:description\" content=\"SLP.- El gobernador de San Luis Potos\u00ed, Ricardo Gallardo Cardona, rechaz\u00f3 las declaraciones de representantes empresariales que aseguran existe una contracci\u00f3n en la industria de la construcci\u00f3n en la entidad. \u201cAnda muy adelantados, pero los presupuestos ni siquiera est\u00e1n todav\u00eda asignados para hablar de contracciones de obra, es una tonter\u00eda lo que dice la c\u00e1mara, la verdad me da mucha tristeza que las c\u00e1maras de la construcci\u00f3n y tambi\u00e9n Coparmex con nuestro amigo Ortu\u00f1o siempre ha tratado de demeritar lo que hace el estado, lo que hace la federaci\u00f3n y lo que hacen los mismos empresarios\u201d, afirm\u00f3. Se\u00f1al\u00f3 que hay [&hellip;]\" \/>\n<meta property=\"og:url\" content=\"https:\/\/canal7slp.tv\/2025\/critica-gallardo-a-empresarios-tras-exponer-retroceso-en-el-sector-de-la-construccion\/\" \/>\n<meta property=\"og:site_name\" content=\"Canal 7 SLP - 2025\" \/>\n<meta property=\"article:publisher\" content=\"https:\/\/www.facebook.com\/noticieroscanal7atencionciudadana\/\" \/>\n<meta property=\"article:published_time\" content=\"2025-08-13T22:31:02+00:00\" \/>\n<meta property=\"og:image\" content=\"https:\/\/canal7slp.tv\/2025\/wp-content\/uploads\/2025\/08\/Vazquez01GoberEmpresarios.jpg\" \/>\n\t<meta property=\"og:image:width\" content=\"1280\" \/>\n\t<meta property=\"og:image:height\" content=\"720\" \/>\n\t<meta property=\"og:image:type\" content=\"image\/jpeg\" \/>\n<meta name=\"author\" content=\"Edici\u00f3n Web\" \/>\n<meta name=\"twitter:card\" content=\"summary_large_image\" \/>\n<meta name=\"twitter:creator\" content=\"@NOTICIEROS7\" \/>\n<meta name=\"twitter:site\" content=\"@NOTICIEROS7\" \/>\n<meta name=\"twitter:label1\" content=\"Escrito por\" \/>\n\t<meta name=\"twitter:data1\" content=\"Edici\u00f3n Web\" \/>\n\t<meta name=\"twitter:label2\" content=\"Tiempo de lectura\" \/>\n\t<meta name=\"twitter:data2\" content=\"3 minutos\" \/>\n<script type=\"application\/ld+json\" class=\"yoast-schema-graph\">{\"@context\":\"https:\\\/\\\/schema.org\",\"@graph\":[{\"@type\":\"Article\",\"@id\":\"https:\\\/\\\/canal7slp.tv\\\/2025\\\/critica-gallardo-a-empresarios-tras-exponer-retroceso-en-el-sector-de-la-construccion\\\/#article\",\"isPartOf\":{\"@id\":\"https:\\\/\\\/canal7slp.tv\\\/2025\\\/critica-gallardo-a-empresarios-tras-exponer-retroceso-en-el-sector-de-la-construccion\\\/\"},\"author\":{\"name\":\"Edici\u00f3n Web\",\"@id\":\"https:\\\/\\\/canal7slp.tv\\\/2025\\\/#\\\/schema\\\/person\\\/271e2b60a96e7cc9d9ac296f4d7e414b\"},\"headline\":\"Critica Gallardo a empresarios tras exponer retroceso en el sector de la construcci\u00f3n\",\"datePublished\":\"2025-08-13T22:31:02+00:00\",\"mainEntityOfPage\":{\"@id\":\"https:\\\/\\\/canal7slp.tv\\\/2025\\\/critica-gallardo-a-empresarios-tras-exponer-retroceso-en-el-sector-de-la-construccion\\\/\"},\"wordCount\":509,\"publisher\":{\"@id\":\"https:\\\/\\\/canal7slp.tv\\\/2025\\\/#organization\"},\"image\":{\"@id\":\"https:\\\/\\\/canal7slp.tv\\\/2025\\\/critica-gallardo-a-empresarios-tras-exponer-retroceso-en-el-sector-de-la-construccion\\\/#primaryimage\"},\"thumbnailUrl\":\"https:\\\/\\\/canal7slp.tv\\\/2025\\\/wp-content\\\/uploads\\\/2025\\\/08\\\/Vazquez01GoberEmpresarios.jpg\",\"articleSection\":[\"DESTACADAS\",\"GOBEDOSLP\",\"LOCALES Y REGIONALES\"],\"inLanguage\":\"es\"},{\"@type\":\"WebPage\",\"@id\":\"https:\\\/\\\/canal7slp.tv\\\/2025\\\/critica-gallardo-a-empresarios-tras-exponer-retroceso-en-el-sector-de-la-construccion\\\/\",\"url\":\"https:\\\/\\\/canal7slp.tv\\\/2025\\\/critica-gallardo-a-empresarios-tras-exponer-retroceso-en-el-sector-de-la-construccion\\\/\",\"name\":\"Critica Gallardo a empresarios tras exponer retroceso en el sector de la construcci\u00f3n - Canal 7 SLP - 2025\",\"isPartOf\":{\"@id\":\"https:\\\/\\\/canal7slp.tv\\\/2025\\\/#website\"},\"primaryImageOfPage\":{\"@id\":\"https:\\\/\\\/canal7slp.tv\\\/2025\\\/critica-gallardo-a-empresarios-tras-exponer-retroceso-en-el-sector-de-la-construccion\\\/#primaryimage\"},\"image\":{\"@id\":\"https:\\\/\\\/canal7slp.tv\\\/2025\\\/critica-gallardo-a-empresarios-tras-exponer-retroceso-en-el-sector-de-la-construccion\\\/#primaryimage\"},\"thumbnailUrl\":\"https:\\\/\\\/canal7slp.tv\\\/2025\\\/wp-content\\\/uploads\\\/2025\\\/08\\\/Vazquez01GoberEmpresarios.jpg\",\"datePublished\":\"2025-08-13T22:31:02+00:00\",\"breadcrumb\":{\"@id\":\"https:\\\/\\\/canal7slp.tv\\\/2025\\\/critica-gallardo-a-empresarios-tras-exponer-retroceso-en-el-sector-de-la-construccion\\\/#breadcrumb\"},\"inLanguage\":\"es\",\"potentialAction\":[{\"@type\":\"ReadAction\",\"target\":[\"https:\\\/\\\/canal7slp.tv\\\/2025\\\/critica-gallardo-a-empresarios-tras-exponer-retroceso-en-el-sector-de-la-construccion\\\/\"]}]},{\"@type\":\"ImageObject\",\"inLanguage\":\"es\",\"@id\":\"https:\\\/\\\/canal7slp.tv\\\/2025\\\/critica-gallardo-a-empresarios-tras-exponer-retroceso-en-el-sector-de-la-construccion\\\/#primaryimage\",\"url\":\"https:\\\/\\\/canal7slp.tv\\\/2025\\\/wp-content\\\/uploads\\\/2025\\\/08\\\/Vazquez01GoberEmpresarios.jpg\",\"contentUrl\":\"https:\\\/\\\/canal7slp.tv\\\/2025\\\/wp-content\\\/uploads\\\/2025\\\/08\\\/Vazquez01GoberEmpresarios.jpg\",\"width\":1280,\"height\":720},{\"@type\":\"BreadcrumbList\",\"@id\":\"https:\\\/\\\/canal7slp.tv\\\/2025\\\/critica-gallardo-a-empresarios-tras-exponer-retroceso-en-el-sector-de-la-construccion\\\/#breadcrumb\",\"itemListElement\":[{\"@type\":\"ListItem\",\"position\":1,\"name\":\"Portada\",\"item\":\"https:\\\/\\\/canal7slp.tv\\\/2025\\\/\"},{\"@type\":\"ListItem\",\"position\":2,\"name\":\"Critica Gallardo a empresarios tras exponer retroceso en el sector de la construcci\u00f3n\"}]},{\"@type\":\"WebSite\",\"@id\":\"https:\\\/\\\/canal7slp.tv\\\/2025\\\/#website\",\"url\":\"https:\\\/\\\/canal7slp.tv\\\/2025\\\/\",\"name\":\"N7 - Noticieros Canal 7\",\"description\":\"Somos el Medio\",\"publisher\":{\"@id\":\"https:\\\/\\\/canal7slp.tv\\\/2025\\\/#organization\"},\"potentialAction\":[{\"@type\":\"SearchAction\",\"target\":{\"@type\":\"EntryPoint\",\"urlTemplate\":\"https:\\\/\\\/canal7slp.tv\\\/2025\\\/?s={search_term_string}\"},\"query-input\":{\"@type\":\"PropertyValueSpecification\",\"valueRequired\":true,\"valueName\":\"search_term_string\"}}],\"inLanguage\":\"es\"},{\"@type\":\"Organization\",\"@id\":\"https:\\\/\\\/canal7slp.tv\\\/2025\\\/#organization\",\"name\":\"Noticieros Canal 7\",\"url\":\"https:\\\/\\\/canal7slp.tv\\\/2025\\\/\",\"logo\":{\"@type\":\"ImageObject\",\"inLanguage\":\"es\",\"@id\":\"https:\\\/\\\/canal7slp.tv\\\/2025\\\/#\\\/schema\\\/logo\\\/image\\\/\",\"url\":\"https:\\\/\\\/canal7slp.tv\\\/2025\\\/wp-content\\\/uploads\\\/2021\\\/01\\\/logo-noticieros@2x.png\",\"contentUrl\":\"https:\\\/\\\/canal7slp.tv\\\/2025\\\/wp-content\\\/uploads\\\/2021\\\/01\\\/logo-noticieros@2x.png\",\"width\":1017,\"height\":268,\"caption\":\"Noticieros Canal 7\"},\"image\":{\"@id\":\"https:\\\/\\\/canal7slp.tv\\\/2025\\\/#\\\/schema\\\/logo\\\/image\\\/\"},\"sameAs\":[\"https:\\\/\\\/www.facebook.com\\\/noticieroscanal7atencionciudadana\\\/\",\"https:\\\/\\\/x.com\\\/NOTICIEROS7\",\"https:\\\/\\\/www.instagram.com\\\/canal7_slp\",\"https:\\\/\\\/www.youtube.com\\\/channel\\\/UCliiYs-gP3JfJeqdPrNdd5A\"]},{\"@type\":\"Person\",\"@id\":\"https:\\\/\\\/canal7slp.tv\\\/2025\\\/#\\\/schema\\\/person\\\/271e2b60a96e7cc9d9ac296f4d7e414b\",\"name\":\"Edici\u00f3n Web\",\"image\":{\"@type\":\"ImageObject\",\"inLanguage\":\"es\",\"@id\":\"https:\\\/\\\/secure.gravatar.com\\\/avatar\\\/eee448fc3f7164808013b816ba91ac7e43bbe82a70bebac296f8bc6f0addaa1a?s=96&d=mm&r=g\",\"url\":\"https:\\\/\\\/secure.gravatar.com\\\/avatar\\\/eee448fc3f7164808013b816ba91ac7e43bbe82a70bebac296f8bc6f0addaa1a?s=96&d=mm&r=g\",\"contentUrl\":\"https:\\\/\\\/secure.gravatar.com\\\/avatar\\\/eee448fc3f7164808013b816ba91ac7e43bbe82a70bebac296f8bc6f0addaa1a?s=96&d=mm&r=g\",\"caption\":\"Edici\u00f3n Web\"},\"url\":\"https:\\\/\\\/canal7slp.tv\\\/2025\\\/author\\\/edicionweb\\\/\"}]}<\/script>\n<!-- \/ Yoast SEO plugin. -->","yoast_head_json":{"title":"Critica Gallardo a empresarios tras exponer retroceso en el sector de la construcci\u00f3n - Canal 7 SLP - 2025","robots":{"index":"index","follow":"follow","max-snippet":"max-snippet:-1","max-image-preview":"max-image-preview:large","max-video-preview":"max-video-preview:-1"},"canonical":"https:\/\/canal7slp.tv\/2025\/critica-gallardo-a-empresarios-tras-exponer-retroceso-en-el-sector-de-la-construccion\/","og_locale":"es_ES","og_type":"article","og_title":"Critica Gallardo a empresarios tras exponer retroceso en el sector de la construcci\u00f3n - Canal 7 SLP - 2025","og_description":"SLP.- El gobernador de San Luis Potos\u00ed, Ricardo Gallardo Cardona, rechaz\u00f3 las declaraciones de representantes empresariales que aseguran existe una contracci\u00f3n en la industria de la construcci\u00f3n en la entidad. \u201cAnda muy adelantados, pero los presupuestos ni siquiera est\u00e1n todav\u00eda asignados para hablar de contracciones de obra, es una tonter\u00eda lo que dice la c\u00e1mara, la verdad me da mucha tristeza que las c\u00e1maras de la construcci\u00f3n y tambi\u00e9n Coparmex con nuestro amigo Ortu\u00f1o siempre ha tratado de demeritar lo que hace el estado, lo que hace la federaci\u00f3n y lo que hacen los mismos empresarios\u201d, afirm\u00f3. Se\u00f1al\u00f3 que hay [&hellip;]","og_url":"https:\/\/canal7slp.tv\/2025\/critica-gallardo-a-empresarios-tras-exponer-retroceso-en-el-sector-de-la-construccion\/","og_site_name":"Canal 7 SLP - 2025","article_publisher":"https:\/\/www.facebook.com\/noticieroscanal7atencionciudadana\/","article_published_time":"2025-08-13T22:31:02+00:00","og_image":[{"width":1280,"height":720,"url":"https:\/\/canal7slp.tv\/2025\/wp-content\/uploads\/2025\/08\/Vazquez01GoberEmpresarios.jpg","type":"image\/jpeg"}],"author":"Edici\u00f3n Web","twitter_card":"summary_large_image","twitter_creator":"@NOTICIEROS7","twitter_site":"@NOTICIEROS7","twitter_misc":{"Escrito por":"Edici\u00f3n Web","Tiempo de lectura":"3 minutos"},"schema":{"@context":"https:\/\/schema.org","@graph":[{"@type":"Article","@id":"https:\/\/canal7slp.tv\/2025\/critica-gallardo-a-empresarios-tras-exponer-retroceso-en-el-sector-de-la-construccion\/#article","isPartOf":{"@id":"https:\/\/canal7slp.tv\/2025\/critica-gallardo-a-empresarios-tras-exponer-retroceso-en-el-sector-de-la-construccion\/"},"author":{"name":"Edici\u00f3n Web","@id":"https:\/\/canal7slp.tv\/2025\/#\/schema\/person\/271e2b60a96e7cc9d9ac296f4d7e414b"},"headline":"Critica Gallardo a empresarios tras exponer retroceso en el sector de la construcci\u00f3n","datePublished":"2025-08-13T22:31:02+00:00","mainEntityOfPage":{"@id":"https:\/\/canal7slp.tv\/2025\/critica-gallardo-a-empresarios-tras-exponer-retroceso-en-el-sector-de-la-construccion\/"},"wordCount":509,"publisher":{"@id":"https:\/\/canal7slp.tv\/2025\/#organization"},"image":{"@id":"https:\/\/canal7slp.tv\/2025\/critica-gallardo-a-empresarios-tras-exponer-retroceso-en-el-sector-de-la-construccion\/#primaryimage"},"thumbnailUrl":"https:\/\/canal7slp.tv\/2025\/wp-content\/uploads\/2025\/08\/Vazquez01GoberEmpresarios.jpg","articleSection":["DESTACADAS","GOBEDOSLP","LOCALES Y REGIONALES"],"inLanguage":"es"},{"@type":"WebPage","@id":"https:\/\/canal7slp.tv\/2025\/critica-gallardo-a-empresarios-tras-exponer-retroceso-en-el-sector-de-la-construccion\/","url":"https:\/\/canal7slp.tv\/2025\/critica-gallardo-a-empresarios-tras-exponer-retroceso-en-el-sector-de-la-construccion\/","name":"Critica Gallardo a empresarios tras exponer retroceso en el sector de la construcci\u00f3n - Canal 7 SLP - 2025","isPartOf":{"@id":"https:\/\/canal7slp.tv\/2025\/#website"},"primaryImageOfPage":{"@id":"https:\/\/canal7slp.tv\/2025\/critica-gallardo-a-empresarios-tras-exponer-retroceso-en-el-sector-de-la-construccion\/#primaryimage"},"image":{"@id":"https:\/\/canal7slp.tv\/2025\/critica-gallardo-a-empresarios-tras-exponer-retroceso-en-el-sector-de-la-construccion\/#primaryimage"},"thumbnailUrl":"https:\/\/canal7slp.tv\/2025\/wp-content\/uploads\/2025\/08\/Vazquez01GoberEmpresarios.jpg","datePublished":"2025-08-13T22:31:02+00:00","breadcrumb":{"@id":"https:\/\/canal7slp.tv\/2025\/critica-gallardo-a-empresarios-tras-exponer-retroceso-en-el-sector-de-la-construccion\/#breadcrumb"},"inLanguage":"es","potentialAction":[{"@type":"ReadAction","target":["https:\/\/canal7slp.tv\/2025\/critica-gallardo-a-empresarios-tras-exponer-retroceso-en-el-sector-de-la-construccion\/"]}]},{"@type":"ImageObject","inLanguage":"es","@id":"https:\/\/canal7slp.tv\/2025\/critica-gallardo-a-empresarios-tras-exponer-retroceso-en-el-sector-de-la-construccion\/#primaryimage","url":"https:\/\/canal7slp.tv\/2025\/wp-content\/uploads\/2025\/08\/Vazquez01GoberEmpresarios.jpg","contentUrl":"https:\/\/canal7slp.tv\/2025\/wp-content\/uploads\/2025\/08\/Vazquez01GoberEmpresarios.jpg","width":1280,"height":720},{"@type":"BreadcrumbList","@id":"https:\/\/canal7slp.tv\/2025\/critica-gallardo-a-empresarios-tras-exponer-retroceso-en-el-sector-de-la-construccion\/#breadcrumb","itemListElement":[{"@type":"ListItem","position":1,"name":"Portada","item":"https:\/\/canal7slp.tv\/2025\/"},{"@type":"ListItem","position":2,"name":"Critica Gallardo a empresarios tras exponer retroceso en el sector de la construcci\u00f3n"}]},{"@type":"WebSite","@id":"https:\/\/canal7slp.tv\/2025\/#website","url":"https:\/\/canal7slp.tv\/2025\/","name":"N7 - Noticieros Canal 7","description":"Somos el Medio","publisher":{"@id":"https:\/\/canal7slp.tv\/2025\/#organization"},"potentialAction":[{"@type":"SearchAction","target":{"@type":"EntryPoint","urlTemplate":"https:\/\/canal7slp.tv\/2025\/?s={search_term_string}"},"query-input":{"@type":"PropertyValueSpecification","valueRequired":true,"valueName":"search_term_string"}}],"inLanguage":"es"},{"@type":"Organization","@id":"https:\/\/canal7slp.tv\/2025\/#organization","name":"Noticieros Canal 7","url":"https:\/\/canal7slp.tv\/2025\/","logo":{"@type":"ImageObject","inLanguage":"es","@id":"https:\/\/canal7slp.tv\/2025\/#\/schema\/logo\/image\/","url":"https:\/\/canal7slp.tv\/2025\/wp-content\/uploads\/2021\/01\/logo-noticieros@2x.png","contentUrl":"https:\/\/canal7slp.tv\/2025\/wp-content\/uploads\/2021\/01\/logo-noticieros@2x.png","width":1017,"height":268,"caption":"Noticieros Canal 7"},"image":{"@id":"https:\/\/canal7slp.tv\/2025\/#\/schema\/logo\/image\/"},"sameAs":["https:\/\/www.facebook.com\/noticieroscanal7atencionciudadana\/","https:\/\/x.com\/NOTICIEROS7","https:\/\/www.instagram.com\/canal7_slp","https:\/\/www.youtube.com\/channel\/UCliiYs-gP3JfJeqdPrNdd5A"]},{"@type":"Person","@id":"https:\/\/canal7slp.tv\/2025\/#\/schema\/person\/271e2b60a96e7cc9d9ac296f4d7e414b","name":"Edici\u00f3n Web","image":{"@type":"ImageObject","inLanguage":"es","@id":"https:\/\/secure.gravatar.com\/avatar\/eee448fc3f7164808013b816ba91ac7e43bbe82a70bebac296f8bc6f0addaa1a?s=96&d=mm&r=g","url":"https:\/\/secure.gravatar.com\/avatar\/eee448fc3f7164808013b816ba91ac7e43bbe82a70bebac296f8bc6f0addaa1a?s=96&d=mm&r=g","contentUrl":"https:\/\/secure.gravatar.com\/avatar\/eee448fc3f7164808013b816ba91ac7e43bbe82a70bebac296f8bc6f0addaa1a?s=96&d=mm&r=g","caption":"Edici\u00f3n Web"},"url":"https:\/\/canal7slp.tv\/2025\/author\/edicionweb\/"}]}},"_links":{"self":[{"href":"https:\/\/canal7slp.tv\/2025\/wp-json\/wp\/v2\/posts\/176368","targetHints":{"allow":["GET"]}}],"collection":[{"href":"https:\/\/canal7slp.tv\/2025\/wp-json\/wp\/v2\/posts"}],"about":[{"href":"https:\/\/canal7slp.tv\/2025\/wp-json\/wp\/v2\/types\/post"}],"author":[{"embeddable":true,"href":"https:\/\/canal7slp.tv\/2025\/wp-json\/wp\/v2\/users\/2"}],"replies":[{"embeddable":true,"href":"https:\/\/canal7slp.tv\/2025\/wp-json\/wp\/v2\/comments?post=176368"}],"version-history":[{"count":1,"href":"https:\/\/canal7slp.tv\/2025\/wp-json\/wp\/v2\/posts\/176368\/revisions"}],"predecessor-version":[{"id":176375,"href":"https:\/\/canal7slp.tv\/2025\/wp-json\/wp\/v2\/posts\/176368\/revisions\/176375"}],"wp:featuredmedia":[{"embeddable":true,"href":"https:\/\/canal7slp.tv\/2025\/wp-json\/wp\/v2\/media\/176374"}],"wp:attachment":[{"href":"https:\/\/canal7slp.tv\/2025\/wp-json\/wp\/v2\/media?parent=176368"}],"wp:term":[{"taxonomy":"category","embeddable":true,"href":"https:\/\/canal7slp.tv\/2025\/wp-json\/wp\/v2\/categories?post=176368"},{"taxonomy":"post_tag","embeddable":true,"href":"https:\/\/canal7slp.tv\/2025\/wp-json\/wp\/v2\/tags?post=176368"}],"curies":[{"name":"wp","href":"https:\/\/api.w.org\/{rel}","templated":true}]}}