{"id":176365,"date":"2025-08-13T16:25:03","date_gmt":"2025-08-13T22:25:03","guid":{"rendered":"https:\/\/canal7slp.tv\/2025\/?p=176365"},"modified":"2025-08-13T16:25:03","modified_gmt":"2025-08-13T22:25:03","slug":"sspc-confirma-operacion-de-dron-estadounidense-en-el-edomex","status":"publish","type":"post","link":"https:\/\/canal7slp.tv\/2025\/sspc-confirma-operacion-de-dron-estadounidense-en-el-edomex\/","title":{"rendered":"SSPC confirma operaci\u00f3n de dron estadounidense en el Edomex"},"content":{"rendered":"<p style=\"text-align: justify;\">Estado de M\u00e9xico.- El secretario de Seguridad y Protecci\u00f3n Ciudadana, Omar Garc\u00eda Harfuch, confirm\u00f3 el avistamiento de un dron estadounidense que sobrevol\u00f3 varios municipios del sur del Estado de M\u00e9xico, entre ellos Valle de Bravo, Temascaltepec y Tejupilco.<\/p>\n<p style=\"text-align: justify;\">El sobrevuelo, explic\u00f3, se realiz\u00f3 a petici\u00f3n del gobierno mexicano como parte de una investigaci\u00f3n en curso.<\/p>\n<p style=\"text-align: justify;\">Durante una conferencia de prensa, Garc\u00eda Harfuch precis\u00f3 que no se trat\u00f3 de un dron militar, sino de un veh\u00edculo no tripulado operado bajo solicitud espec\u00edfica de una instituci\u00f3n gubernamental mexicana.<\/p>\n<p style=\"text-align: justify;\">El objetivo fue apoyar investigaciones relacionadas con la seguridad en el pa\u00eds.<\/p>\n<p style=\"text-align: justify;\">La regi\u00f3n sur del Estado de M\u00e9xico es considerada un \u00e1rea de influencia del C\u00e1rtel de la Familia Michoacana, organizaci\u00f3n criminal que mantiene la atenci\u00f3n de autoridades tanto mexicanas como estadounidenses.<\/p>\n<p style=\"text-align: justify;\">Por su parte, la presidenta Claudia Sheinbaum descart\u00f3 que drones de la Agencia Central de Inteligencia (CIA) operen en M\u00e9xico contra c\u00e1rteles de la droga.<\/p>\n<p style=\"text-align: justify;\">Subray\u00f3 que cualquier vuelo de aeronaves sobre territorio nacional debe ser autorizado y coordinado por el gobierno mexicano, destacando que existe un marco de colaboraci\u00f3n con Estados Unidos, pero sin comprometer la soberan\u00eda nacional.<\/p>\n","protected":false},"excerpt":{"rendered":"<p>Estado de M\u00e9xico.- El secretario de Seguridad y Protecci\u00f3n Ciudadana, Omar Garc\u00eda Harfuch, confirm\u00f3 el avistamiento de un dron estadounidense que sobrevol\u00f3 varios municipios del sur del Estado de M\u00e9xico, entre ellos Valle de Bravo, Temascaltepec y Tejupilco. El sobrevuelo, explic\u00f3, se realiz\u00f3 a petici\u00f3n del gobierno mexicano como parte de una investigaci\u00f3n en curso. Durante una conferencia de prensa, Garc\u00eda Harfuch precis\u00f3 que no se trat\u00f3 de un dron militar, sino de un veh\u00edculo no tripulado operado bajo solicitud espec\u00edfica de una instituci\u00f3n gubernamental mexicana. El objetivo fue apoyar investigaciones relacionadas con la seguridad en el pa\u00eds. La regi\u00f3n [&hellip;]<\/p>\n","protected":false},"author":2,"featured_media":176366,"comment_status":"closed","ping_status":"closed","sticky":false,"template":"","format":"standard","meta":{"_monsterinsights_skip_tracking":false,"_monsterinsights_sitenote_active":false,"_monsterinsights_sitenote_note":"","_monsterinsights_sitenote_category":0,"footnotes":""},"categories":[46],"tags":[],"class_list":["post-176365","post","type-post","status-publish","format-standard","has-post-thumbnail","hentry","category-nacional","post--single"],"yoast_head":"<!-- This site is optimized with the Yoast SEO plugin v27.5 - https:\/\/yoast.com\/product\/yoast-seo-wordpress\/ -->\n<title>SSPC confirma operaci\u00f3n de dron estadounidense en el Edomex - Canal 7 SLP - 2025<\/title>\n<meta name=\"robots\" content=\"index, follow, max-snippet:-1, max-image-preview:large, max-video-preview:-1\" \/>\n<link rel=\"canonical\" href=\"https:\/\/canal7slp.tv\/2025\/sspc-confirma-operacion-de-dron-estadounidense-en-el-edomex\/\" \/>\n<meta property=\"og:locale\" content=\"es_ES\" \/>\n<meta property=\"og:type\" content=\"article\" \/>\n<meta property=\"og:title\" content=\"SSPC confirma operaci\u00f3n de dron estadounidense en el Edomex - Canal 7 SLP - 2025\" \/>\n<meta property=\"og:description\" content=\"Estado de M\u00e9xico.- El secretario de Seguridad y Protecci\u00f3n Ciudadana, Omar Garc\u00eda Harfuch, confirm\u00f3 el avistamiento de un dron estadounidense que sobrevol\u00f3 varios municipios del sur del Estado de M\u00e9xico, entre ellos Valle de Bravo, Temascaltepec y Tejupilco. El sobrevuelo, explic\u00f3, se realiz\u00f3 a petici\u00f3n del gobierno mexicano como parte de una investigaci\u00f3n en curso. Durante una conferencia de prensa, Garc\u00eda Harfuch precis\u00f3 que no se trat\u00f3 de un dron militar, sino de un veh\u00edculo no tripulado operado bajo solicitud espec\u00edfica de una instituci\u00f3n gubernamental mexicana. El objetivo fue apoyar investigaciones relacionadas con la seguridad en el pa\u00eds. La regi\u00f3n [&hellip;]\" \/>\n<meta property=\"og:url\" content=\"https:\/\/canal7slp.tv\/2025\/sspc-confirma-operacion-de-dron-estadounidense-en-el-edomex\/\" \/>\n<meta property=\"og:site_name\" content=\"Canal 7 SLP - 2025\" \/>\n<meta property=\"article:publisher\" content=\"https:\/\/www.facebook.com\/noticieroscanal7atencionciudadana\/\" \/>\n<meta property=\"article:published_time\" content=\"2025-08-13T22:25:03+00:00\" \/>\n<meta property=\"og:image\" content=\"https:\/\/canal7slp.tv\/2025\/wp-content\/uploads\/2025\/08\/10-12.jpg\" \/>\n\t<meta property=\"og:image:width\" content=\"806\" \/>\n\t<meta property=\"og:image:height\" content=\"500\" \/>\n\t<meta property=\"og:image:type\" content=\"image\/jpeg\" \/>\n<meta name=\"author\" content=\"Edici\u00f3n Web\" \/>\n<meta name=\"twitter:card\" content=\"summary_large_image\" \/>\n<meta name=\"twitter:creator\" content=\"@NOTICIEROS7\" \/>\n<meta name=\"twitter:site\" content=\"@NOTICIEROS7\" \/>\n<meta name=\"twitter:label1\" content=\"Escrito por\" \/>\n\t<meta name=\"twitter:data1\" content=\"Edici\u00f3n Web\" \/>\n\t<meta name=\"twitter:label2\" content=\"Tiempo de lectura\" \/>\n\t<meta name=\"twitter:data2\" content=\"2 minutos\" \/>\n<script type=\"application\/ld+json\" class=\"yoast-schema-graph\">{\"@context\":\"https:\\\/\\\/schema.org\",\"@graph\":[{\"@type\":\"Article\",\"@id\":\"https:\\\/\\\/canal7slp.tv\\\/2025\\\/sspc-confirma-operacion-de-dron-estadounidense-en-el-edomex\\\/#article\",\"isPartOf\":{\"@id\":\"https:\\\/\\\/canal7slp.tv\\\/2025\\\/sspc-confirma-operacion-de-dron-estadounidense-en-el-edomex\\\/\"},\"author\":{\"name\":\"Edici\u00f3n Web\",\"@id\":\"https:\\\/\\\/canal7slp.tv\\\/2025\\\/#\\\/schema\\\/person\\\/271e2b60a96e7cc9d9ac296f4d7e414b\"},\"headline\":\"SSPC confirma operaci\u00f3n de dron estadounidense en el Edomex\",\"datePublished\":\"2025-08-13T22:25:03+00:00\",\"mainEntityOfPage\":{\"@id\":\"https:\\\/\\\/canal7slp.tv\\\/2025\\\/sspc-confirma-operacion-de-dron-estadounidense-en-el-edomex\\\/\"},\"wordCount\":219,\"publisher\":{\"@id\":\"https:\\\/\\\/canal7slp.tv\\\/2025\\\/#organization\"},\"image\":{\"@id\":\"https:\\\/\\\/canal7slp.tv\\\/2025\\\/sspc-confirma-operacion-de-dron-estadounidense-en-el-edomex\\\/#primaryimage\"},\"thumbnailUrl\":\"https:\\\/\\\/canal7slp.tv\\\/2025\\\/wp-content\\\/uploads\\\/2025\\\/08\\\/10-12.jpg\",\"articleSection\":[\"NACIONALES\"],\"inLanguage\":\"es\"},{\"@type\":\"WebPage\",\"@id\":\"https:\\\/\\\/canal7slp.tv\\\/2025\\\/sspc-confirma-operacion-de-dron-estadounidense-en-el-edomex\\\/\",\"url\":\"https:\\\/\\\/canal7slp.tv\\\/2025\\\/sspc-confirma-operacion-de-dron-estadounidense-en-el-edomex\\\/\",\"name\":\"SSPC confirma operaci\u00f3n de dron estadounidense en el Edomex - Canal 7 SLP - 2025\",\"isPartOf\":{\"@id\":\"https:\\\/\\\/canal7slp.tv\\\/2025\\\/#website\"},\"primaryImageOfPage\":{\"@id\":\"https:\\\/\\\/canal7slp.tv\\\/2025\\\/sspc-confirma-operacion-de-dron-estadounidense-en-el-edomex\\\/#primaryimage\"},\"image\":{\"@id\":\"https:\\\/\\\/canal7slp.tv\\\/2025\\\/sspc-confirma-operacion-de-dron-estadounidense-en-el-edomex\\\/#primaryimage\"},\"thumbnailUrl\":\"https:\\\/\\\/canal7slp.tv\\\/2025\\\/wp-content\\\/uploads\\\/2025\\\/08\\\/10-12.jpg\",\"datePublished\":\"2025-08-13T22:25:03+00:00\",\"breadcrumb\":{\"@id\":\"https:\\\/\\\/canal7slp.tv\\\/2025\\\/sspc-confirma-operacion-de-dron-estadounidense-en-el-edomex\\\/#breadcrumb\"},\"inLanguage\":\"es\",\"potentialAction\":[{\"@type\":\"ReadAction\",\"target\":[\"https:\\\/\\\/canal7slp.tv\\\/2025\\\/sspc-confirma-operacion-de-dron-estadounidense-en-el-edomex\\\/\"]}]},{\"@type\":\"ImageObject\",\"inLanguage\":\"es\",\"@id\":\"https:\\\/\\\/canal7slp.tv\\\/2025\\\/sspc-confirma-operacion-de-dron-estadounidense-en-el-edomex\\\/#primaryimage\",\"url\":\"https:\\\/\\\/canal7slp.tv\\\/2025\\\/wp-content\\\/uploads\\\/2025\\\/08\\\/10-12.jpg\",\"contentUrl\":\"https:\\\/\\\/canal7slp.tv\\\/2025\\\/wp-content\\\/uploads\\\/2025\\\/08\\\/10-12.jpg\",\"width\":806,\"height\":500},{\"@type\":\"BreadcrumbList\",\"@id\":\"https:\\\/\\\/canal7slp.tv\\\/2025\\\/sspc-confirma-operacion-de-dron-estadounidense-en-el-edomex\\\/#breadcrumb\",\"itemListElement\":[{\"@type\":\"ListItem\",\"position\":1,\"name\":\"Portada\",\"item\":\"https:\\\/\\\/canal7slp.tv\\\/2025\\\/\"},{\"@type\":\"ListItem\",\"position\":2,\"name\":\"SSPC confirma operaci\u00f3n de dron estadounidense en el Edomex\"}]},{\"@type\":\"WebSite\",\"@id\":\"https:\\\/\\\/canal7slp.tv\\\/2025\\\/#website\",\"url\":\"https:\\\/\\\/canal7slp.tv\\\/2025\\\/\",\"name\":\"N7 - Noticieros Canal 7\",\"description\":\"Somos el Medio\",\"publisher\":{\"@id\":\"https:\\\/\\\/canal7slp.tv\\\/2025\\\/#organization\"},\"potentialAction\":[{\"@type\":\"SearchAction\",\"target\":{\"@type\":\"EntryPoint\",\"urlTemplate\":\"https:\\\/\\\/canal7slp.tv\\\/2025\\\/?s={search_term_string}\"},\"query-input\":{\"@type\":\"PropertyValueSpecification\",\"valueRequired\":true,\"valueName\":\"search_term_string\"}}],\"inLanguage\":\"es\"},{\"@type\":\"Organization\",\"@id\":\"https:\\\/\\\/canal7slp.tv\\\/2025\\\/#organization\",\"name\":\"Noticieros Canal 7\",\"url\":\"https:\\\/\\\/canal7slp.tv\\\/2025\\\/\",\"logo\":{\"@type\":\"ImageObject\",\"inLanguage\":\"es\",\"@id\":\"https:\\\/\\\/canal7slp.tv\\\/2025\\\/#\\\/schema\\\/logo\\\/image\\\/\",\"url\":\"https:\\\/\\\/canal7slp.tv\\\/2025\\\/wp-content\\\/uploads\\\/2021\\\/01\\\/logo-noticieros@2x.png\",\"contentUrl\":\"https:\\\/\\\/canal7slp.tv\\\/2025\\\/wp-content\\\/uploads\\\/2021\\\/01\\\/logo-noticieros@2x.png\",\"width\":1017,\"height\":268,\"caption\":\"Noticieros Canal 7\"},\"image\":{\"@id\":\"https:\\\/\\\/canal7slp.tv\\\/2025\\\/#\\\/schema\\\/logo\\\/image\\\/\"},\"sameAs\":[\"https:\\\/\\\/www.facebook.com\\\/noticieroscanal7atencionciudadana\\\/\",\"https:\\\/\\\/x.com\\\/NOTICIEROS7\",\"https:\\\/\\\/www.instagram.com\\\/canal7_slp\",\"https:\\\/\\\/www.youtube.com\\\/channel\\\/UCliiYs-gP3JfJeqdPrNdd5A\"]},{\"@type\":\"Person\",\"@id\":\"https:\\\/\\\/canal7slp.tv\\\/2025\\\/#\\\/schema\\\/person\\\/271e2b60a96e7cc9d9ac296f4d7e414b\",\"name\":\"Edici\u00f3n Web\",\"image\":{\"@type\":\"ImageObject\",\"inLanguage\":\"es\",\"@id\":\"https:\\\/\\\/secure.gravatar.com\\\/avatar\\\/eee448fc3f7164808013b816ba91ac7e43bbe82a70bebac296f8bc6f0addaa1a?s=96&d=mm&r=g\",\"url\":\"https:\\\/\\\/secure.gravatar.com\\\/avatar\\\/eee448fc3f7164808013b816ba91ac7e43bbe82a70bebac296f8bc6f0addaa1a?s=96&d=mm&r=g\",\"contentUrl\":\"https:\\\/\\\/secure.gravatar.com\\\/avatar\\\/eee448fc3f7164808013b816ba91ac7e43bbe82a70bebac296f8bc6f0addaa1a?s=96&d=mm&r=g\",\"caption\":\"Edici\u00f3n Web\"},\"url\":\"https:\\\/\\\/canal7slp.tv\\\/2025\\\/author\\\/edicionweb\\\/\"}]}<\/script>\n<!-- \/ Yoast SEO plugin. -->","yoast_head_json":{"title":"SSPC confirma operaci\u00f3n de dron estadounidense en el Edomex - Canal 7 SLP - 2025","robots":{"index":"index","follow":"follow","max-snippet":"max-snippet:-1","max-image-preview":"max-image-preview:large","max-video-preview":"max-video-preview:-1"},"canonical":"https:\/\/canal7slp.tv\/2025\/sspc-confirma-operacion-de-dron-estadounidense-en-el-edomex\/","og_locale":"es_ES","og_type":"article","og_title":"SSPC confirma operaci\u00f3n de dron estadounidense en el Edomex - Canal 7 SLP - 2025","og_description":"Estado de M\u00e9xico.- El secretario de Seguridad y Protecci\u00f3n Ciudadana, Omar Garc\u00eda Harfuch, confirm\u00f3 el avistamiento de un dron estadounidense que sobrevol\u00f3 varios municipios del sur del Estado de M\u00e9xico, entre ellos Valle de Bravo, Temascaltepec y Tejupilco. El sobrevuelo, explic\u00f3, se realiz\u00f3 a petici\u00f3n del gobierno mexicano como parte de una investigaci\u00f3n en curso. Durante una conferencia de prensa, Garc\u00eda Harfuch precis\u00f3 que no se trat\u00f3 de un dron militar, sino de un veh\u00edculo no tripulado operado bajo solicitud espec\u00edfica de una instituci\u00f3n gubernamental mexicana. El objetivo fue apoyar investigaciones relacionadas con la seguridad en el pa\u00eds. La regi\u00f3n [&hellip;]","og_url":"https:\/\/canal7slp.tv\/2025\/sspc-confirma-operacion-de-dron-estadounidense-en-el-edomex\/","og_site_name":"Canal 7 SLP - 2025","article_publisher":"https:\/\/www.facebook.com\/noticieroscanal7atencionciudadana\/","article_published_time":"2025-08-13T22:25:03+00:00","og_image":[{"width":806,"height":500,"url":"https:\/\/canal7slp.tv\/2025\/wp-content\/uploads\/2025\/08\/10-12.jpg","type":"image\/jpeg"}],"author":"Edici\u00f3n Web","twitter_card":"summary_large_image","twitter_creator":"@NOTICIEROS7","twitter_site":"@NOTICIEROS7","twitter_misc":{"Escrito por":"Edici\u00f3n Web","Tiempo de lectura":"2 minutos"},"schema":{"@context":"https:\/\/schema.org","@graph":[{"@type":"Article","@id":"https:\/\/canal7slp.tv\/2025\/sspc-confirma-operacion-de-dron-estadounidense-en-el-edomex\/#article","isPartOf":{"@id":"https:\/\/canal7slp.tv\/2025\/sspc-confirma-operacion-de-dron-estadounidense-en-el-edomex\/"},"author":{"name":"Edici\u00f3n Web","@id":"https:\/\/canal7slp.tv\/2025\/#\/schema\/person\/271e2b60a96e7cc9d9ac296f4d7e414b"},"headline":"SSPC confirma operaci\u00f3n de dron estadounidense en el Edomex","datePublished":"2025-08-13T22:25:03+00:00","mainEntityOfPage":{"@id":"https:\/\/canal7slp.tv\/2025\/sspc-confirma-operacion-de-dron-estadounidense-en-el-edomex\/"},"wordCount":219,"publisher":{"@id":"https:\/\/canal7slp.tv\/2025\/#organization"},"image":{"@id":"https:\/\/canal7slp.tv\/2025\/sspc-confirma-operacion-de-dron-estadounidense-en-el-edomex\/#primaryimage"},"thumbnailUrl":"https:\/\/canal7slp.tv\/2025\/wp-content\/uploads\/2025\/08\/10-12.jpg","articleSection":["NACIONALES"],"inLanguage":"es"},{"@type":"WebPage","@id":"https:\/\/canal7slp.tv\/2025\/sspc-confirma-operacion-de-dron-estadounidense-en-el-edomex\/","url":"https:\/\/canal7slp.tv\/2025\/sspc-confirma-operacion-de-dron-estadounidense-en-el-edomex\/","name":"SSPC confirma operaci\u00f3n de dron estadounidense en el Edomex - Canal 7 SLP - 2025","isPartOf":{"@id":"https:\/\/canal7slp.tv\/2025\/#website"},"primaryImageOfPage":{"@id":"https:\/\/canal7slp.tv\/2025\/sspc-confirma-operacion-de-dron-estadounidense-en-el-edomex\/#primaryimage"},"image":{"@id":"https:\/\/canal7slp.tv\/2025\/sspc-confirma-operacion-de-dron-estadounidense-en-el-edomex\/#primaryimage"},"thumbnailUrl":"https:\/\/canal7slp.tv\/2025\/wp-content\/uploads\/2025\/08\/10-12.jpg","datePublished":"2025-08-13T22:25:03+00:00","breadcrumb":{"@id":"https:\/\/canal7slp.tv\/2025\/sspc-confirma-operacion-de-dron-estadounidense-en-el-edomex\/#breadcrumb"},"inLanguage":"es","potentialAction":[{"@type":"ReadAction","target":["https:\/\/canal7slp.tv\/2025\/sspc-confirma-operacion-de-dron-estadounidense-en-el-edomex\/"]}]},{"@type":"ImageObject","inLanguage":"es","@id":"https:\/\/canal7slp.tv\/2025\/sspc-confirma-operacion-de-dron-estadounidense-en-el-edomex\/#primaryimage","url":"https:\/\/canal7slp.tv\/2025\/wp-content\/uploads\/2025\/08\/10-12.jpg","contentUrl":"https:\/\/canal7slp.tv\/2025\/wp-content\/uploads\/2025\/08\/10-12.jpg","width":806,"height":500},{"@type":"BreadcrumbList","@id":"https:\/\/canal7slp.tv\/2025\/sspc-confirma-operacion-de-dron-estadounidense-en-el-edomex\/#breadcrumb","itemListElement":[{"@type":"ListItem","position":1,"name":"Portada","item":"https:\/\/canal7slp.tv\/2025\/"},{"@type":"ListItem","position":2,"name":"SSPC confirma operaci\u00f3n de dron estadounidense en el Edomex"}]},{"@type":"WebSite","@id":"https:\/\/canal7slp.tv\/2025\/#website","url":"https:\/\/canal7slp.tv\/2025\/","name":"N7 - Noticieros Canal 7","description":"Somos el Medio","publisher":{"@id":"https:\/\/canal7slp.tv\/2025\/#organization"},"potentialAction":[{"@type":"SearchAction","target":{"@type":"EntryPoint","urlTemplate":"https:\/\/canal7slp.tv\/2025\/?s={search_term_string}"},"query-input":{"@type":"PropertyValueSpecification","valueRequired":true,"valueName":"search_term_string"}}],"inLanguage":"es"},{"@type":"Organization","@id":"https:\/\/canal7slp.tv\/2025\/#organization","name":"Noticieros Canal 7","url":"https:\/\/canal7slp.tv\/2025\/","logo":{"@type":"ImageObject","inLanguage":"es","@id":"https:\/\/canal7slp.tv\/2025\/#\/schema\/logo\/image\/","url":"https:\/\/canal7slp.tv\/2025\/wp-content\/uploads\/2021\/01\/logo-noticieros@2x.png","contentUrl":"https:\/\/canal7slp.tv\/2025\/wp-content\/uploads\/2021\/01\/logo-noticieros@2x.png","width":1017,"height":268,"caption":"Noticieros Canal 7"},"image":{"@id":"https:\/\/canal7slp.tv\/2025\/#\/schema\/logo\/image\/"},"sameAs":["https:\/\/www.facebook.com\/noticieroscanal7atencionciudadana\/","https:\/\/x.com\/NOTICIEROS7","https:\/\/www.instagram.com\/canal7_slp","https:\/\/www.youtube.com\/channel\/UCliiYs-gP3JfJeqdPrNdd5A"]},{"@type":"Person","@id":"https:\/\/canal7slp.tv\/2025\/#\/schema\/person\/271e2b60a96e7cc9d9ac296f4d7e414b","name":"Edici\u00f3n Web","image":{"@type":"ImageObject","inLanguage":"es","@id":"https:\/\/secure.gravatar.com\/avatar\/eee448fc3f7164808013b816ba91ac7e43bbe82a70bebac296f8bc6f0addaa1a?s=96&d=mm&r=g","url":"https:\/\/secure.gravatar.com\/avatar\/eee448fc3f7164808013b816ba91ac7e43bbe82a70bebac296f8bc6f0addaa1a?s=96&d=mm&r=g","contentUrl":"https:\/\/secure.gravatar.com\/avatar\/eee448fc3f7164808013b816ba91ac7e43bbe82a70bebac296f8bc6f0addaa1a?s=96&d=mm&r=g","caption":"Edici\u00f3n Web"},"url":"https:\/\/canal7slp.tv\/2025\/author\/edicionweb\/"}]}},"_links":{"self":[{"href":"https:\/\/canal7slp.tv\/2025\/wp-json\/wp\/v2\/posts\/176365","targetHints":{"allow":["GET"]}}],"collection":[{"href":"https:\/\/canal7slp.tv\/2025\/wp-json\/wp\/v2\/posts"}],"about":[{"href":"https:\/\/canal7slp.tv\/2025\/wp-json\/wp\/v2\/types\/post"}],"author":[{"embeddable":true,"href":"https:\/\/canal7slp.tv\/2025\/wp-json\/wp\/v2\/users\/2"}],"replies":[{"embeddable":true,"href":"https:\/\/canal7slp.tv\/2025\/wp-json\/wp\/v2\/comments?post=176365"}],"version-history":[{"count":1,"href":"https:\/\/canal7slp.tv\/2025\/wp-json\/wp\/v2\/posts\/176365\/revisions"}],"predecessor-version":[{"id":176367,"href":"https:\/\/canal7slp.tv\/2025\/wp-json\/wp\/v2\/posts\/176365\/revisions\/176367"}],"wp:featuredmedia":[{"embeddable":true,"href":"https:\/\/canal7slp.tv\/2025\/wp-json\/wp\/v2\/media\/176366"}],"wp:attachment":[{"href":"https:\/\/canal7slp.tv\/2025\/wp-json\/wp\/v2\/media?parent=176365"}],"wp:term":[{"taxonomy":"category","embeddable":true,"href":"https:\/\/canal7slp.tv\/2025\/wp-json\/wp\/v2\/categories?post=176365"},{"taxonomy":"post_tag","embeddable":true,"href":"https:\/\/canal7slp.tv\/2025\/wp-json\/wp\/v2\/tags?post=176365"}],"curies":[{"name":"wp","href":"https:\/\/api.w.org\/{rel}","templated":true}]}}