{"id":176362,"date":"2025-08-13T16:19:10","date_gmt":"2025-08-13T22:19:10","guid":{"rendered":"https:\/\/canal7slp.tv\/2025\/?p=176362"},"modified":"2025-08-13T16:19:10","modified_gmt":"2025-08-13T22:19:10","slug":"secretaria-de-economia-establece-arancel-del-25-a-la-importacion-temporal-de-calzado-para-frenar-la-competencia-desleal","status":"publish","type":"post","link":"https:\/\/canal7slp.tv\/2025\/secretaria-de-economia-establece-arancel-del-25-a-la-importacion-temporal-de-calzado-para-frenar-la-competencia-desleal\/","title":{"rendered":"Secretar\u00eda de Econom\u00eda establece arancel del 25% a la Importaci\u00f3n Temporal de Calzado para frenar la competencia desleal"},"content":{"rendered":"<p style=\"text-align: justify;\">M\u00e9xico.- El Gobierno de M\u00e9xico, a trav\u00e9s de la Secretar\u00eda de Econom\u00eda, anunci\u00f3 la entrada en vigor de un decreto que proh\u00edbe la importaci\u00f3n temporal de calzado terminado, con el objetivo de proteger a la industria nacional y a los cerca de 130 mil empleos que genera.<\/p>\n<p style=\"text-align: justify;\">La medida busca frenar la competencia desleal de mercanc\u00edas asi\u00e1ticas que ingresan al pa\u00eds sin pagar aranceles ni impuestos.<\/p>\n<p style=\"text-align: justify;\">Durante el Sal\u00f3n de la Piel y el Calzado (SAPICA) en Le\u00f3n, Guanajuato, el secretario de Econom\u00eda, Marcelo Ebrard, explic\u00f3 que el decreto impedir\u00e1 el uso indebido del programa de la Industria Manufacturera, Maquiladora y de Servicios de Exportaci\u00f3n (IMMEX) para introducir calzado terminado al mercado interno, en lugar de emplearlo en procesos de manufactura.<\/p>\n<p style=\"text-align: justify;\">Este mecanismo irregular ha contribuido a una ca\u00edda del 12.8% en la industria del calzado entre 2019 y 2024.<\/p>\n<p style=\"text-align: justify;\">A partir de ahora, toda importaci\u00f3n de calzado deber\u00e1 pagar un arancel m\u00ednimo del 25%, medida que busca equilibrar la competencia para la producci\u00f3n local y combatir el contrabando t\u00e9cnico.<\/p>\n<p style=\"text-align: justify;\">Las importaciones, especialmente provenientes de China, Vietnam e Indonesia, han aumentado de manera significativa, debilitando la competitividad de los productores nacionales.<\/p>\n<p style=\"text-align: justify;\">El presidente de la C\u00e1mara Nacional de la Industria del Calzado (CANAICAL), Juan Carlos Cashat Usabiaga, respald\u00f3 la decisi\u00f3n, consider\u00e1ndola clave para la defensa de los empleos y la promoci\u00f3n de una competencia justa en el mercado interno.<\/p>\n<p style=\"text-align: justify;\">Cabe se\u00f1alar que la industria del calzado en M\u00e9xico est\u00e1 compuesta principalmente por peque\u00f1as y medianas empresas que dependen de condiciones de mercado equitativas para sobrevivir.<\/p>\n","protected":false},"excerpt":{"rendered":"<p>M\u00e9xico.- El Gobierno de M\u00e9xico, a trav\u00e9s de la Secretar\u00eda de Econom\u00eda, anunci\u00f3 la entrada en vigor de un decreto que proh\u00edbe la importaci\u00f3n temporal de calzado terminado, con el objetivo de proteger a la industria nacional y a los cerca de 130 mil empleos que genera. La medida busca frenar la competencia desleal de mercanc\u00edas asi\u00e1ticas que ingresan al pa\u00eds sin pagar aranceles ni impuestos. Durante el Sal\u00f3n de la Piel y el Calzado (SAPICA) en Le\u00f3n, Guanajuato, el secretario de Econom\u00eda, Marcelo Ebrard, explic\u00f3 que el decreto impedir\u00e1 el uso indebido del programa de la Industria Manufacturera, Maquiladora [&hellip;]<\/p>\n","protected":false},"author":2,"featured_media":176363,"comment_status":"closed","ping_status":"closed","sticky":false,"template":"","format":"standard","meta":{"_monsterinsights_skip_tracking":false,"_monsterinsights_sitenote_active":false,"_monsterinsights_sitenote_note":"","_monsterinsights_sitenote_category":0,"footnotes":""},"categories":[40,46],"tags":[],"class_list":["post-176362","post","type-post","status-publish","format-standard","has-post-thumbnail","hentry","category-economia","category-nacional","post--single"],"yoast_head":"<!-- This site is optimized with the Yoast SEO plugin v27.5 - https:\/\/yoast.com\/product\/yoast-seo-wordpress\/ -->\n<title>Secretar\u00eda de Econom\u00eda establece arancel del 25% a la Importaci\u00f3n Temporal de Calzado para frenar la competencia desleal - Canal 7 SLP - 2025<\/title>\n<meta name=\"robots\" content=\"index, follow, max-snippet:-1, max-image-preview:large, max-video-preview:-1\" \/>\n<link rel=\"canonical\" href=\"https:\/\/canal7slp.tv\/2025\/secretaria-de-economia-establece-arancel-del-25-a-la-importacion-temporal-de-calzado-para-frenar-la-competencia-desleal\/\" \/>\n<meta property=\"og:locale\" content=\"es_ES\" \/>\n<meta property=\"og:type\" content=\"article\" \/>\n<meta property=\"og:title\" content=\"Secretar\u00eda de Econom\u00eda establece arancel del 25% a la Importaci\u00f3n Temporal de Calzado para frenar la competencia desleal - Canal 7 SLP - 2025\" \/>\n<meta property=\"og:description\" content=\"M\u00e9xico.- El Gobierno de M\u00e9xico, a trav\u00e9s de la Secretar\u00eda de Econom\u00eda, anunci\u00f3 la entrada en vigor de un decreto que proh\u00edbe la importaci\u00f3n temporal de calzado terminado, con el objetivo de proteger a la industria nacional y a los cerca de 130 mil empleos que genera. La medida busca frenar la competencia desleal de mercanc\u00edas asi\u00e1ticas que ingresan al pa\u00eds sin pagar aranceles ni impuestos. Durante el Sal\u00f3n de la Piel y el Calzado (SAPICA) en Le\u00f3n, Guanajuato, el secretario de Econom\u00eda, Marcelo Ebrard, explic\u00f3 que el decreto impedir\u00e1 el uso indebido del programa de la Industria Manufacturera, Maquiladora [&hellip;]\" \/>\n<meta property=\"og:url\" content=\"https:\/\/canal7slp.tv\/2025\/secretaria-de-economia-establece-arancel-del-25-a-la-importacion-temporal-de-calzado-para-frenar-la-competencia-desleal\/\" \/>\n<meta property=\"og:site_name\" content=\"Canal 7 SLP - 2025\" \/>\n<meta property=\"article:publisher\" content=\"https:\/\/www.facebook.com\/noticieroscanal7atencionciudadana\/\" \/>\n<meta property=\"article:published_time\" content=\"2025-08-13T22:19:10+00:00\" \/>\n<meta property=\"og:image\" content=\"https:\/\/canal7slp.tv\/2025\/wp-content\/uploads\/2025\/08\/09-12.jpg\" \/>\n\t<meta property=\"og:image:width\" content=\"543\" \/>\n\t<meta property=\"og:image:height\" content=\"410\" \/>\n\t<meta property=\"og:image:type\" content=\"image\/jpeg\" \/>\n<meta name=\"author\" content=\"Edici\u00f3n Web\" \/>\n<meta name=\"twitter:card\" content=\"summary_large_image\" \/>\n<meta name=\"twitter:creator\" content=\"@NOTICIEROS7\" \/>\n<meta name=\"twitter:site\" content=\"@NOTICIEROS7\" \/>\n<meta name=\"twitter:label1\" content=\"Escrito por\" \/>\n\t<meta name=\"twitter:data1\" content=\"Edici\u00f3n Web\" \/>\n\t<meta name=\"twitter:label2\" content=\"Tiempo de lectura\" \/>\n\t<meta name=\"twitter:data2\" content=\"2 minutos\" \/>\n<script type=\"application\/ld+json\" class=\"yoast-schema-graph\">{\"@context\":\"https:\\\/\\\/schema.org\",\"@graph\":[{\"@type\":\"Article\",\"@id\":\"https:\\\/\\\/canal7slp.tv\\\/2025\\\/secretaria-de-economia-establece-arancel-del-25-a-la-importacion-temporal-de-calzado-para-frenar-la-competencia-desleal\\\/#article\",\"isPartOf\":{\"@id\":\"https:\\\/\\\/canal7slp.tv\\\/2025\\\/secretaria-de-economia-establece-arancel-del-25-a-la-importacion-temporal-de-calzado-para-frenar-la-competencia-desleal\\\/\"},\"author\":{\"name\":\"Edici\u00f3n Web\",\"@id\":\"https:\\\/\\\/canal7slp.tv\\\/2025\\\/#\\\/schema\\\/person\\\/271e2b60a96e7cc9d9ac296f4d7e414b\"},\"headline\":\"Secretar\u00eda de Econom\u00eda establece arancel del 25% a la Importaci\u00f3n Temporal de Calzado para frenar la competencia desleal\",\"datePublished\":\"2025-08-13T22:19:10+00:00\",\"mainEntityOfPage\":{\"@id\":\"https:\\\/\\\/canal7slp.tv\\\/2025\\\/secretaria-de-economia-establece-arancel-del-25-a-la-importacion-temporal-de-calzado-para-frenar-la-competencia-desleal\\\/\"},\"wordCount\":297,\"publisher\":{\"@id\":\"https:\\\/\\\/canal7slp.tv\\\/2025\\\/#organization\"},\"image\":{\"@id\":\"https:\\\/\\\/canal7slp.tv\\\/2025\\\/secretaria-de-economia-establece-arancel-del-25-a-la-importacion-temporal-de-calzado-para-frenar-la-competencia-desleal\\\/#primaryimage\"},\"thumbnailUrl\":\"https:\\\/\\\/canal7slp.tv\\\/2025\\\/wp-content\\\/uploads\\\/2025\\\/08\\\/09-12.jpg\",\"articleSection\":[\"ECONOM\u00cdA\",\"NACIONALES\"],\"inLanguage\":\"es\"},{\"@type\":\"WebPage\",\"@id\":\"https:\\\/\\\/canal7slp.tv\\\/2025\\\/secretaria-de-economia-establece-arancel-del-25-a-la-importacion-temporal-de-calzado-para-frenar-la-competencia-desleal\\\/\",\"url\":\"https:\\\/\\\/canal7slp.tv\\\/2025\\\/secretaria-de-economia-establece-arancel-del-25-a-la-importacion-temporal-de-calzado-para-frenar-la-competencia-desleal\\\/\",\"name\":\"Secretar\u00eda de Econom\u00eda establece arancel del 25% a la Importaci\u00f3n Temporal de Calzado para frenar la competencia desleal - Canal 7 SLP - 2025\",\"isPartOf\":{\"@id\":\"https:\\\/\\\/canal7slp.tv\\\/2025\\\/#website\"},\"primaryImageOfPage\":{\"@id\":\"https:\\\/\\\/canal7slp.tv\\\/2025\\\/secretaria-de-economia-establece-arancel-del-25-a-la-importacion-temporal-de-calzado-para-frenar-la-competencia-desleal\\\/#primaryimage\"},\"image\":{\"@id\":\"https:\\\/\\\/canal7slp.tv\\\/2025\\\/secretaria-de-economia-establece-arancel-del-25-a-la-importacion-temporal-de-calzado-para-frenar-la-competencia-desleal\\\/#primaryimage\"},\"thumbnailUrl\":\"https:\\\/\\\/canal7slp.tv\\\/2025\\\/wp-content\\\/uploads\\\/2025\\\/08\\\/09-12.jpg\",\"datePublished\":\"2025-08-13T22:19:10+00:00\",\"breadcrumb\":{\"@id\":\"https:\\\/\\\/canal7slp.tv\\\/2025\\\/secretaria-de-economia-establece-arancel-del-25-a-la-importacion-temporal-de-calzado-para-frenar-la-competencia-desleal\\\/#breadcrumb\"},\"inLanguage\":\"es\",\"potentialAction\":[{\"@type\":\"ReadAction\",\"target\":[\"https:\\\/\\\/canal7slp.tv\\\/2025\\\/secretaria-de-economia-establece-arancel-del-25-a-la-importacion-temporal-de-calzado-para-frenar-la-competencia-desleal\\\/\"]}]},{\"@type\":\"ImageObject\",\"inLanguage\":\"es\",\"@id\":\"https:\\\/\\\/canal7slp.tv\\\/2025\\\/secretaria-de-economia-establece-arancel-del-25-a-la-importacion-temporal-de-calzado-para-frenar-la-competencia-desleal\\\/#primaryimage\",\"url\":\"https:\\\/\\\/canal7slp.tv\\\/2025\\\/wp-content\\\/uploads\\\/2025\\\/08\\\/09-12.jpg\",\"contentUrl\":\"https:\\\/\\\/canal7slp.tv\\\/2025\\\/wp-content\\\/uploads\\\/2025\\\/08\\\/09-12.jpg\",\"width\":543,\"height\":410},{\"@type\":\"BreadcrumbList\",\"@id\":\"https:\\\/\\\/canal7slp.tv\\\/2025\\\/secretaria-de-economia-establece-arancel-del-25-a-la-importacion-temporal-de-calzado-para-frenar-la-competencia-desleal\\\/#breadcrumb\",\"itemListElement\":[{\"@type\":\"ListItem\",\"position\":1,\"name\":\"Portada\",\"item\":\"https:\\\/\\\/canal7slp.tv\\\/2025\\\/\"},{\"@type\":\"ListItem\",\"position\":2,\"name\":\"Secretar\u00eda de Econom\u00eda establece arancel del 25% a la Importaci\u00f3n Temporal de Calzado para frenar la competencia desleal\"}]},{\"@type\":\"WebSite\",\"@id\":\"https:\\\/\\\/canal7slp.tv\\\/2025\\\/#website\",\"url\":\"https:\\\/\\\/canal7slp.tv\\\/2025\\\/\",\"name\":\"N7 - Noticieros Canal 7\",\"description\":\"Somos el Medio\",\"publisher\":{\"@id\":\"https:\\\/\\\/canal7slp.tv\\\/2025\\\/#organization\"},\"potentialAction\":[{\"@type\":\"SearchAction\",\"target\":{\"@type\":\"EntryPoint\",\"urlTemplate\":\"https:\\\/\\\/canal7slp.tv\\\/2025\\\/?s={search_term_string}\"},\"query-input\":{\"@type\":\"PropertyValueSpecification\",\"valueRequired\":true,\"valueName\":\"search_term_string\"}}],\"inLanguage\":\"es\"},{\"@type\":\"Organization\",\"@id\":\"https:\\\/\\\/canal7slp.tv\\\/2025\\\/#organization\",\"name\":\"Noticieros Canal 7\",\"url\":\"https:\\\/\\\/canal7slp.tv\\\/2025\\\/\",\"logo\":{\"@type\":\"ImageObject\",\"inLanguage\":\"es\",\"@id\":\"https:\\\/\\\/canal7slp.tv\\\/2025\\\/#\\\/schema\\\/logo\\\/image\\\/\",\"url\":\"https:\\\/\\\/canal7slp.tv\\\/2025\\\/wp-content\\\/uploads\\\/2021\\\/01\\\/logo-noticieros@2x.png\",\"contentUrl\":\"https:\\\/\\\/canal7slp.tv\\\/2025\\\/wp-content\\\/uploads\\\/2021\\\/01\\\/logo-noticieros@2x.png\",\"width\":1017,\"height\":268,\"caption\":\"Noticieros Canal 7\"},\"image\":{\"@id\":\"https:\\\/\\\/canal7slp.tv\\\/2025\\\/#\\\/schema\\\/logo\\\/image\\\/\"},\"sameAs\":[\"https:\\\/\\\/www.facebook.com\\\/noticieroscanal7atencionciudadana\\\/\",\"https:\\\/\\\/x.com\\\/NOTICIEROS7\",\"https:\\\/\\\/www.instagram.com\\\/canal7_slp\",\"https:\\\/\\\/www.youtube.com\\\/channel\\\/UCliiYs-gP3JfJeqdPrNdd5A\"]},{\"@type\":\"Person\",\"@id\":\"https:\\\/\\\/canal7slp.tv\\\/2025\\\/#\\\/schema\\\/person\\\/271e2b60a96e7cc9d9ac296f4d7e414b\",\"name\":\"Edici\u00f3n Web\",\"image\":{\"@type\":\"ImageObject\",\"inLanguage\":\"es\",\"@id\":\"https:\\\/\\\/secure.gravatar.com\\\/avatar\\\/eee448fc3f7164808013b816ba91ac7e43bbe82a70bebac296f8bc6f0addaa1a?s=96&d=mm&r=g\",\"url\":\"https:\\\/\\\/secure.gravatar.com\\\/avatar\\\/eee448fc3f7164808013b816ba91ac7e43bbe82a70bebac296f8bc6f0addaa1a?s=96&d=mm&r=g\",\"contentUrl\":\"https:\\\/\\\/secure.gravatar.com\\\/avatar\\\/eee448fc3f7164808013b816ba91ac7e43bbe82a70bebac296f8bc6f0addaa1a?s=96&d=mm&r=g\",\"caption\":\"Edici\u00f3n Web\"},\"url\":\"https:\\\/\\\/canal7slp.tv\\\/2025\\\/author\\\/edicionweb\\\/\"}]}<\/script>\n<!-- \/ Yoast SEO plugin. -->","yoast_head_json":{"title":"Secretar\u00eda de Econom\u00eda establece arancel del 25% a la Importaci\u00f3n Temporal de Calzado para frenar la competencia desleal - Canal 7 SLP - 2025","robots":{"index":"index","follow":"follow","max-snippet":"max-snippet:-1","max-image-preview":"max-image-preview:large","max-video-preview":"max-video-preview:-1"},"canonical":"https:\/\/canal7slp.tv\/2025\/secretaria-de-economia-establece-arancel-del-25-a-la-importacion-temporal-de-calzado-para-frenar-la-competencia-desleal\/","og_locale":"es_ES","og_type":"article","og_title":"Secretar\u00eda de Econom\u00eda establece arancel del 25% a la Importaci\u00f3n Temporal de Calzado para frenar la competencia desleal - Canal 7 SLP - 2025","og_description":"M\u00e9xico.- El Gobierno de M\u00e9xico, a trav\u00e9s de la Secretar\u00eda de Econom\u00eda, anunci\u00f3 la entrada en vigor de un decreto que proh\u00edbe la importaci\u00f3n temporal de calzado terminado, con el objetivo de proteger a la industria nacional y a los cerca de 130 mil empleos que genera. La medida busca frenar la competencia desleal de mercanc\u00edas asi\u00e1ticas que ingresan al pa\u00eds sin pagar aranceles ni impuestos. Durante el Sal\u00f3n de la Piel y el Calzado (SAPICA) en Le\u00f3n, Guanajuato, el secretario de Econom\u00eda, Marcelo Ebrard, explic\u00f3 que el decreto impedir\u00e1 el uso indebido del programa de la Industria Manufacturera, Maquiladora [&hellip;]","og_url":"https:\/\/canal7slp.tv\/2025\/secretaria-de-economia-establece-arancel-del-25-a-la-importacion-temporal-de-calzado-para-frenar-la-competencia-desleal\/","og_site_name":"Canal 7 SLP - 2025","article_publisher":"https:\/\/www.facebook.com\/noticieroscanal7atencionciudadana\/","article_published_time":"2025-08-13T22:19:10+00:00","og_image":[{"width":543,"height":410,"url":"https:\/\/canal7slp.tv\/2025\/wp-content\/uploads\/2025\/08\/09-12.jpg","type":"image\/jpeg"}],"author":"Edici\u00f3n Web","twitter_card":"summary_large_image","twitter_creator":"@NOTICIEROS7","twitter_site":"@NOTICIEROS7","twitter_misc":{"Escrito por":"Edici\u00f3n Web","Tiempo de lectura":"2 minutos"},"schema":{"@context":"https:\/\/schema.org","@graph":[{"@type":"Article","@id":"https:\/\/canal7slp.tv\/2025\/secretaria-de-economia-establece-arancel-del-25-a-la-importacion-temporal-de-calzado-para-frenar-la-competencia-desleal\/#article","isPartOf":{"@id":"https:\/\/canal7slp.tv\/2025\/secretaria-de-economia-establece-arancel-del-25-a-la-importacion-temporal-de-calzado-para-frenar-la-competencia-desleal\/"},"author":{"name":"Edici\u00f3n Web","@id":"https:\/\/canal7slp.tv\/2025\/#\/schema\/person\/271e2b60a96e7cc9d9ac296f4d7e414b"},"headline":"Secretar\u00eda de Econom\u00eda establece arancel del 25% a la Importaci\u00f3n Temporal de Calzado para frenar la competencia desleal","datePublished":"2025-08-13T22:19:10+00:00","mainEntityOfPage":{"@id":"https:\/\/canal7slp.tv\/2025\/secretaria-de-economia-establece-arancel-del-25-a-la-importacion-temporal-de-calzado-para-frenar-la-competencia-desleal\/"},"wordCount":297,"publisher":{"@id":"https:\/\/canal7slp.tv\/2025\/#organization"},"image":{"@id":"https:\/\/canal7slp.tv\/2025\/secretaria-de-economia-establece-arancel-del-25-a-la-importacion-temporal-de-calzado-para-frenar-la-competencia-desleal\/#primaryimage"},"thumbnailUrl":"https:\/\/canal7slp.tv\/2025\/wp-content\/uploads\/2025\/08\/09-12.jpg","articleSection":["ECONOM\u00cdA","NACIONALES"],"inLanguage":"es"},{"@type":"WebPage","@id":"https:\/\/canal7slp.tv\/2025\/secretaria-de-economia-establece-arancel-del-25-a-la-importacion-temporal-de-calzado-para-frenar-la-competencia-desleal\/","url":"https:\/\/canal7slp.tv\/2025\/secretaria-de-economia-establece-arancel-del-25-a-la-importacion-temporal-de-calzado-para-frenar-la-competencia-desleal\/","name":"Secretar\u00eda de Econom\u00eda establece arancel del 25% a la Importaci\u00f3n Temporal de Calzado para frenar la competencia desleal - Canal 7 SLP - 2025","isPartOf":{"@id":"https:\/\/canal7slp.tv\/2025\/#website"},"primaryImageOfPage":{"@id":"https:\/\/canal7slp.tv\/2025\/secretaria-de-economia-establece-arancel-del-25-a-la-importacion-temporal-de-calzado-para-frenar-la-competencia-desleal\/#primaryimage"},"image":{"@id":"https:\/\/canal7slp.tv\/2025\/secretaria-de-economia-establece-arancel-del-25-a-la-importacion-temporal-de-calzado-para-frenar-la-competencia-desleal\/#primaryimage"},"thumbnailUrl":"https:\/\/canal7slp.tv\/2025\/wp-content\/uploads\/2025\/08\/09-12.jpg","datePublished":"2025-08-13T22:19:10+00:00","breadcrumb":{"@id":"https:\/\/canal7slp.tv\/2025\/secretaria-de-economia-establece-arancel-del-25-a-la-importacion-temporal-de-calzado-para-frenar-la-competencia-desleal\/#breadcrumb"},"inLanguage":"es","potentialAction":[{"@type":"ReadAction","target":["https:\/\/canal7slp.tv\/2025\/secretaria-de-economia-establece-arancel-del-25-a-la-importacion-temporal-de-calzado-para-frenar-la-competencia-desleal\/"]}]},{"@type":"ImageObject","inLanguage":"es","@id":"https:\/\/canal7slp.tv\/2025\/secretaria-de-economia-establece-arancel-del-25-a-la-importacion-temporal-de-calzado-para-frenar-la-competencia-desleal\/#primaryimage","url":"https:\/\/canal7slp.tv\/2025\/wp-content\/uploads\/2025\/08\/09-12.jpg","contentUrl":"https:\/\/canal7slp.tv\/2025\/wp-content\/uploads\/2025\/08\/09-12.jpg","width":543,"height":410},{"@type":"BreadcrumbList","@id":"https:\/\/canal7slp.tv\/2025\/secretaria-de-economia-establece-arancel-del-25-a-la-importacion-temporal-de-calzado-para-frenar-la-competencia-desleal\/#breadcrumb","itemListElement":[{"@type":"ListItem","position":1,"name":"Portada","item":"https:\/\/canal7slp.tv\/2025\/"},{"@type":"ListItem","position":2,"name":"Secretar\u00eda de Econom\u00eda establece arancel del 25% a la Importaci\u00f3n Temporal de Calzado para frenar la competencia desleal"}]},{"@type":"WebSite","@id":"https:\/\/canal7slp.tv\/2025\/#website","url":"https:\/\/canal7slp.tv\/2025\/","name":"N7 - Noticieros Canal 7","description":"Somos el Medio","publisher":{"@id":"https:\/\/canal7slp.tv\/2025\/#organization"},"potentialAction":[{"@type":"SearchAction","target":{"@type":"EntryPoint","urlTemplate":"https:\/\/canal7slp.tv\/2025\/?s={search_term_string}"},"query-input":{"@type":"PropertyValueSpecification","valueRequired":true,"valueName":"search_term_string"}}],"inLanguage":"es"},{"@type":"Organization","@id":"https:\/\/canal7slp.tv\/2025\/#organization","name":"Noticieros Canal 7","url":"https:\/\/canal7slp.tv\/2025\/","logo":{"@type":"ImageObject","inLanguage":"es","@id":"https:\/\/canal7slp.tv\/2025\/#\/schema\/logo\/image\/","url":"https:\/\/canal7slp.tv\/2025\/wp-content\/uploads\/2021\/01\/logo-noticieros@2x.png","contentUrl":"https:\/\/canal7slp.tv\/2025\/wp-content\/uploads\/2021\/01\/logo-noticieros@2x.png","width":1017,"height":268,"caption":"Noticieros Canal 7"},"image":{"@id":"https:\/\/canal7slp.tv\/2025\/#\/schema\/logo\/image\/"},"sameAs":["https:\/\/www.facebook.com\/noticieroscanal7atencionciudadana\/","https:\/\/x.com\/NOTICIEROS7","https:\/\/www.instagram.com\/canal7_slp","https:\/\/www.youtube.com\/channel\/UCliiYs-gP3JfJeqdPrNdd5A"]},{"@type":"Person","@id":"https:\/\/canal7slp.tv\/2025\/#\/schema\/person\/271e2b60a96e7cc9d9ac296f4d7e414b","name":"Edici\u00f3n Web","image":{"@type":"ImageObject","inLanguage":"es","@id":"https:\/\/secure.gravatar.com\/avatar\/eee448fc3f7164808013b816ba91ac7e43bbe82a70bebac296f8bc6f0addaa1a?s=96&d=mm&r=g","url":"https:\/\/secure.gravatar.com\/avatar\/eee448fc3f7164808013b816ba91ac7e43bbe82a70bebac296f8bc6f0addaa1a?s=96&d=mm&r=g","contentUrl":"https:\/\/secure.gravatar.com\/avatar\/eee448fc3f7164808013b816ba91ac7e43bbe82a70bebac296f8bc6f0addaa1a?s=96&d=mm&r=g","caption":"Edici\u00f3n Web"},"url":"https:\/\/canal7slp.tv\/2025\/author\/edicionweb\/"}]}},"_links":{"self":[{"href":"https:\/\/canal7slp.tv\/2025\/wp-json\/wp\/v2\/posts\/176362","targetHints":{"allow":["GET"]}}],"collection":[{"href":"https:\/\/canal7slp.tv\/2025\/wp-json\/wp\/v2\/posts"}],"about":[{"href":"https:\/\/canal7slp.tv\/2025\/wp-json\/wp\/v2\/types\/post"}],"author":[{"embeddable":true,"href":"https:\/\/canal7slp.tv\/2025\/wp-json\/wp\/v2\/users\/2"}],"replies":[{"embeddable":true,"href":"https:\/\/canal7slp.tv\/2025\/wp-json\/wp\/v2\/comments?post=176362"}],"version-history":[{"count":1,"href":"https:\/\/canal7slp.tv\/2025\/wp-json\/wp\/v2\/posts\/176362\/revisions"}],"predecessor-version":[{"id":176364,"href":"https:\/\/canal7slp.tv\/2025\/wp-json\/wp\/v2\/posts\/176362\/revisions\/176364"}],"wp:featuredmedia":[{"embeddable":true,"href":"https:\/\/canal7slp.tv\/2025\/wp-json\/wp\/v2\/media\/176363"}],"wp:attachment":[{"href":"https:\/\/canal7slp.tv\/2025\/wp-json\/wp\/v2\/media?parent=176362"}],"wp:term":[{"taxonomy":"category","embeddable":true,"href":"https:\/\/canal7slp.tv\/2025\/wp-json\/wp\/v2\/categories?post=176362"},{"taxonomy":"post_tag","embeddable":true,"href":"https:\/\/canal7slp.tv\/2025\/wp-json\/wp\/v2\/tags?post=176362"}],"curies":[{"name":"wp","href":"https:\/\/api.w.org\/{rel}","templated":true}]}}