{"id":176356,"date":"2025-08-13T15:17:50","date_gmt":"2025-08-13T21:17:50","guid":{"rendered":"https:\/\/canal7slp.tv\/2025\/?p=176356"},"modified":"2025-08-13T15:17:50","modified_gmt":"2025-08-13T21:17:50","slug":"mexico-extradita-a-26-lideres-criminales-a-estados-unidos-en-operativo-conjunto","status":"publish","type":"post","link":"https:\/\/canal7slp.tv\/2025\/mexico-extradita-a-26-lideres-criminales-a-estados-unidos-en-operativo-conjunto\/","title":{"rendered":"M\u00e9xico extradita a 26 l\u00edderes criminales a Estados Unidos en operativo conjunto"},"content":{"rendered":"<p style=\"text-align: justify;\">M\u00e9xico.- El gobierno de M\u00e9xico realiz\u00f3 este martes la\u00a0segunda entrega masiva\u00a0de integrantes de alto perfil del crimen organizado a autoridades estadounidenses, en el marco de la\u00a0cooperaci\u00f3n bilateral en seguridad. Entre los 26 extraditados destacan figuras clave de c\u00e1rteles como:<\/p>\n<ul style=\"text-align: justify;\">\n<li>Abigael Gonz\u00e1lez Valencia\u00a0(\u00abEl Cuini\u00bb), vinculado al C\u00e1rtel Jalisco Nueva Generaci\u00f3n (CJNG)<\/li>\n<li>Servando G\u00f3mez Mart\u00ednez\u00a0(\u00abLa Tuta\u00bb), exl\u00edder de Los Caballeros Templarios<\/li>\n<li>Juan Carlos F\u00e9lix Gast\u00e9lum\u00a0(\u00abEl Chavo F\u00e9lix\u00bb), operador de Los Chapitos (C\u00e1rtel de Sinaloa)<\/li>\n<\/ul>\n<p style=\"text-align: justify;\">La\u00a0Fiscal\u00eda General de la Rep\u00fablica (FGR)\u00a0confirm\u00f3 que los traslados se realizaron bajo protocolos institucionales, con garant\u00edas de que\u00a0no se aplicar\u00eda la pena de muerte\u00a0a los acusados. Los individuos enfrentar\u00e1n cargos por:<\/p>\n<ul style=\"text-align: justify;\">\n<li>Narcotr\u00e1fico<\/li>\n<li>Lavado de dinero<\/li>\n<li>Secuestro<\/li>\n<li>Homicidio<\/li>\n<\/ul>\n<p style=\"text-align: justify;\">Este grupo se suma a los\u00a029 extraditados en febrero, incluido Rafael Caro Quintero.<\/p>\n<p style=\"text-align: justify;\">La presidenta\u00a0Claudia Sheinbaum\u00a0destac\u00f3 que la decisi\u00f3n fue\u00a0soberana\u00a0y respondi\u00f3 a criterios de seguridad nacional: \u00abSon acciones enmarcadas en nuestra legislaci\u00f3n y en coordinaci\u00f3n con Estados Unidos, sin condicionamientos externos\u00bb.<\/p>\n<p style=\"text-align: justify;\">El secretario de Seguridad,\u00a0Omar Garc\u00eda Harfuch, enfatiz\u00f3 que el operativo se realiz\u00f3 con\u00a0respeto a los derechos humanos\u00a0y al marco legal de ambos pa\u00edses.<\/p>\n<p style=\"text-align: justify;\">Por su parte, la Administraci\u00f3n de Control de Drogas (DEA, por sus siglas en ingles), calific\u00f3 las extradiciones como un \u00abavance significativo\u00bb contra c\u00e1rteles designados como\u00a0organizaciones terroristas.<\/p>\n<p style=\"text-align: justify;\">Asimismo, el Departamento de Justicia de Estados Unidos agradeci\u00f3 la colaboraci\u00f3n mexicana y se\u00f1al\u00f3 que los acusados enfrentar\u00e1n procesos en cortes federales.<\/p>\n<p style=\"text-align: justify;\">Lista de los 26 extraditados:<\/p>\n<ul>\n<li style=\"text-align: justify;\">Enrique Arballo Talamantes<\/li>\n<li style=\"text-align: justify;\">Benito Barrios Maldonado<\/li>\n<li style=\"text-align: justify;\">Luis Ra\u00fal Castro Valenzuela<\/li>\n<li style=\"text-align: justify;\">Francisco Ch\u00e1vez<\/li>\n<li style=\"text-align: justify;\">Abdul Karim Conteh<\/li>\n<li style=\"text-align: justify;\">Baldomero Fern\u00e1ndez Beltr\u00e1n<\/li>\n<li style=\"text-align: justify;\">Ismael Enrique Fern\u00e1ndez V\u00e1zquez<\/li>\n<li style=\"text-align: justify;\">Leobardo Garc\u00eda Corrales<\/li>\n<li style=\"text-align: justify;\">Abigael Gonz\u00e1lez Valencia<\/li>\n<li style=\"text-align: justify;\">Jos\u00e9 Carlos Guzm\u00e1n Bernal<\/li>\n<li style=\"text-align: justify;\">Anton Petrov Kulkin<\/li>\n<li style=\"text-align: justify;\">Roberto Omar L\u00f3pez<\/li>\n<li style=\"text-align: justify;\">Jos\u00e9 Francisco Mendoza G\u00f3mez<\/li>\n<li style=\"text-align: justify;\">Hern\u00e1n Domingo Ojeda L\u00f3pez<\/li>\n<li style=\"text-align: justify;\">Daniel P\u00e9rez Rojas<\/li>\n<li style=\"text-align: justify;\">Juan Carlos S\u00e1nchez Gayt\u00e1n<\/li>\n<li style=\"text-align: justify;\">David Fernando V\u00e1squez Bejarano<\/li>\n<li style=\"text-align: justify;\">Jos\u00e9 Antonio Vivanco Hern\u00e1ndez<\/li>\n<li style=\"text-align: justify;\">Mauro Alberto N\u00fa\u00f1ez Ojeda<\/li>\n<li style=\"text-align: justify;\">Juan Carlos F\u00e9lix Gastelum<\/li>\n<li style=\"text-align: justify;\">Jes\u00fas Guzm\u00e1n Castro<\/li>\n<li style=\"text-align: justify;\">Pablo Edwin Huerta Nu\u00f1o<\/li>\n<li style=\"text-align: justify;\">Servando G\u00f3mez Mart\u00ednez<\/li>\n<li style=\"text-align: justify;\">Kevin Gil Acosta<\/li>\n<li style=\"text-align: justify;\">Roberto Salazar<\/li>\n<li style=\"text-align: justify;\">Mart\u00edn Zazueta P\u00e9rez<\/li>\n<\/ul>\n","protected":false},"excerpt":{"rendered":"<p>M\u00e9xico.- El gobierno de M\u00e9xico realiz\u00f3 este martes la\u00a0segunda entrega masiva\u00a0de integrantes de alto perfil del crimen organizado a autoridades estadounidenses, en el marco de la\u00a0cooperaci\u00f3n bilateral en seguridad. Entre los 26 extraditados destacan figuras clave de c\u00e1rteles como: Abigael Gonz\u00e1lez Valencia\u00a0(\u00abEl Cuini\u00bb), vinculado al C\u00e1rtel Jalisco Nueva Generaci\u00f3n (CJNG) Servando G\u00f3mez Mart\u00ednez\u00a0(\u00abLa Tuta\u00bb), exl\u00edder de Los Caballeros Templarios Juan Carlos F\u00e9lix Gast\u00e9lum\u00a0(\u00abEl Chavo F\u00e9lix\u00bb), operador de Los Chapitos (C\u00e1rtel de Sinaloa) La\u00a0Fiscal\u00eda General de la Rep\u00fablica (FGR)\u00a0confirm\u00f3 que los traslados se realizaron bajo protocolos institucionales, con garant\u00edas de que\u00a0no se aplicar\u00eda la pena de muerte\u00a0a los acusados. Los individuos [&hellip;]<\/p>\n","protected":false},"author":2,"featured_media":176357,"comment_status":"closed","ping_status":"closed","sticky":false,"template":"","format":"standard","meta":{"_monsterinsights_skip_tracking":false,"_monsterinsights_sitenote_active":false,"_monsterinsights_sitenote_note":"","_monsterinsights_sitenote_category":0,"footnotes":""},"categories":[44,46],"tags":[],"class_list":["post-176356","post","type-post","status-publish","format-standard","has-post-thumbnail","hentry","category-internacional","category-nacional","post--single"],"yoast_head":"<!-- This site is optimized with the Yoast SEO plugin v27.5 - https:\/\/yoast.com\/product\/yoast-seo-wordpress\/ -->\n<title>M\u00e9xico extradita a 26 l\u00edderes criminales a Estados Unidos en operativo conjunto - Canal 7 SLP - 2025<\/title>\n<meta name=\"robots\" content=\"index, follow, max-snippet:-1, max-image-preview:large, max-video-preview:-1\" \/>\n<link rel=\"canonical\" href=\"https:\/\/canal7slp.tv\/2025\/mexico-extradita-a-26-lideres-criminales-a-estados-unidos-en-operativo-conjunto\/\" \/>\n<meta property=\"og:locale\" content=\"es_ES\" \/>\n<meta property=\"og:type\" content=\"article\" \/>\n<meta property=\"og:title\" content=\"M\u00e9xico extradita a 26 l\u00edderes criminales a Estados Unidos en operativo conjunto - Canal 7 SLP - 2025\" \/>\n<meta property=\"og:description\" content=\"M\u00e9xico.- El gobierno de M\u00e9xico realiz\u00f3 este martes la\u00a0segunda entrega masiva\u00a0de integrantes de alto perfil del crimen organizado a autoridades estadounidenses, en el marco de la\u00a0cooperaci\u00f3n bilateral en seguridad. Entre los 26 extraditados destacan figuras clave de c\u00e1rteles como: Abigael Gonz\u00e1lez Valencia\u00a0(\u00abEl Cuini\u00bb), vinculado al C\u00e1rtel Jalisco Nueva Generaci\u00f3n (CJNG) Servando G\u00f3mez Mart\u00ednez\u00a0(\u00abLa Tuta\u00bb), exl\u00edder de Los Caballeros Templarios Juan Carlos F\u00e9lix Gast\u00e9lum\u00a0(\u00abEl Chavo F\u00e9lix\u00bb), operador de Los Chapitos (C\u00e1rtel de Sinaloa) La\u00a0Fiscal\u00eda General de la Rep\u00fablica (FGR)\u00a0confirm\u00f3 que los traslados se realizaron bajo protocolos institucionales, con garant\u00edas de que\u00a0no se aplicar\u00eda la pena de muerte\u00a0a los acusados. Los individuos [&hellip;]\" \/>\n<meta property=\"og:url\" content=\"https:\/\/canal7slp.tv\/2025\/mexico-extradita-a-26-lideres-criminales-a-estados-unidos-en-operativo-conjunto\/\" \/>\n<meta property=\"og:site_name\" content=\"Canal 7 SLP - 2025\" \/>\n<meta property=\"article:publisher\" content=\"https:\/\/www.facebook.com\/noticieroscanal7atencionciudadana\/\" \/>\n<meta property=\"article:published_time\" content=\"2025-08-13T21:17:50+00:00\" \/>\n<meta property=\"og:image\" content=\"https:\/\/canal7slp.tv\/2025\/wp-content\/uploads\/2025\/08\/07-11.jpg\" \/>\n\t<meta property=\"og:image:width\" content=\"1092\" \/>\n\t<meta property=\"og:image:height\" content=\"500\" \/>\n\t<meta property=\"og:image:type\" content=\"image\/jpeg\" \/>\n<meta name=\"author\" content=\"Edici\u00f3n Web\" \/>\n<meta name=\"twitter:card\" content=\"summary_large_image\" \/>\n<meta name=\"twitter:creator\" content=\"@NOTICIEROS7\" \/>\n<meta name=\"twitter:site\" content=\"@NOTICIEROS7\" \/>\n<meta name=\"twitter:label1\" content=\"Escrito por\" \/>\n\t<meta name=\"twitter:data1\" content=\"Edici\u00f3n Web\" \/>\n\t<meta name=\"twitter:label2\" content=\"Tiempo de lectura\" \/>\n\t<meta name=\"twitter:data2\" content=\"2 minutos\" \/>\n<script type=\"application\/ld+json\" class=\"yoast-schema-graph\">{\"@context\":\"https:\\\/\\\/schema.org\",\"@graph\":[{\"@type\":\"Article\",\"@id\":\"https:\\\/\\\/canal7slp.tv\\\/2025\\\/mexico-extradita-a-26-lideres-criminales-a-estados-unidos-en-operativo-conjunto\\\/#article\",\"isPartOf\":{\"@id\":\"https:\\\/\\\/canal7slp.tv\\\/2025\\\/mexico-extradita-a-26-lideres-criminales-a-estados-unidos-en-operativo-conjunto\\\/\"},\"author\":{\"name\":\"Edici\u00f3n Web\",\"@id\":\"https:\\\/\\\/canal7slp.tv\\\/2025\\\/#\\\/schema\\\/person\\\/271e2b60a96e7cc9d9ac296f4d7e414b\"},\"headline\":\"M\u00e9xico extradita a 26 l\u00edderes criminales a Estados Unidos en operativo conjunto\",\"datePublished\":\"2025-08-13T21:17:50+00:00\",\"mainEntityOfPage\":{\"@id\":\"https:\\\/\\\/canal7slp.tv\\\/2025\\\/mexico-extradita-a-26-lideres-criminales-a-estados-unidos-en-operativo-conjunto\\\/\"},\"wordCount\":401,\"publisher\":{\"@id\":\"https:\\\/\\\/canal7slp.tv\\\/2025\\\/#organization\"},\"image\":{\"@id\":\"https:\\\/\\\/canal7slp.tv\\\/2025\\\/mexico-extradita-a-26-lideres-criminales-a-estados-unidos-en-operativo-conjunto\\\/#primaryimage\"},\"thumbnailUrl\":\"https:\\\/\\\/canal7slp.tv\\\/2025\\\/wp-content\\\/uploads\\\/2025\\\/08\\\/07-11.jpg\",\"articleSection\":[\"INTERNACIONALES\",\"NACIONALES\"],\"inLanguage\":\"es\"},{\"@type\":\"WebPage\",\"@id\":\"https:\\\/\\\/canal7slp.tv\\\/2025\\\/mexico-extradita-a-26-lideres-criminales-a-estados-unidos-en-operativo-conjunto\\\/\",\"url\":\"https:\\\/\\\/canal7slp.tv\\\/2025\\\/mexico-extradita-a-26-lideres-criminales-a-estados-unidos-en-operativo-conjunto\\\/\",\"name\":\"M\u00e9xico extradita a 26 l\u00edderes criminales a Estados Unidos en operativo conjunto - Canal 7 SLP - 2025\",\"isPartOf\":{\"@id\":\"https:\\\/\\\/canal7slp.tv\\\/2025\\\/#website\"},\"primaryImageOfPage\":{\"@id\":\"https:\\\/\\\/canal7slp.tv\\\/2025\\\/mexico-extradita-a-26-lideres-criminales-a-estados-unidos-en-operativo-conjunto\\\/#primaryimage\"},\"image\":{\"@id\":\"https:\\\/\\\/canal7slp.tv\\\/2025\\\/mexico-extradita-a-26-lideres-criminales-a-estados-unidos-en-operativo-conjunto\\\/#primaryimage\"},\"thumbnailUrl\":\"https:\\\/\\\/canal7slp.tv\\\/2025\\\/wp-content\\\/uploads\\\/2025\\\/08\\\/07-11.jpg\",\"datePublished\":\"2025-08-13T21:17:50+00:00\",\"breadcrumb\":{\"@id\":\"https:\\\/\\\/canal7slp.tv\\\/2025\\\/mexico-extradita-a-26-lideres-criminales-a-estados-unidos-en-operativo-conjunto\\\/#breadcrumb\"},\"inLanguage\":\"es\",\"potentialAction\":[{\"@type\":\"ReadAction\",\"target\":[\"https:\\\/\\\/canal7slp.tv\\\/2025\\\/mexico-extradita-a-26-lideres-criminales-a-estados-unidos-en-operativo-conjunto\\\/\"]}]},{\"@type\":\"ImageObject\",\"inLanguage\":\"es\",\"@id\":\"https:\\\/\\\/canal7slp.tv\\\/2025\\\/mexico-extradita-a-26-lideres-criminales-a-estados-unidos-en-operativo-conjunto\\\/#primaryimage\",\"url\":\"https:\\\/\\\/canal7slp.tv\\\/2025\\\/wp-content\\\/uploads\\\/2025\\\/08\\\/07-11.jpg\",\"contentUrl\":\"https:\\\/\\\/canal7slp.tv\\\/2025\\\/wp-content\\\/uploads\\\/2025\\\/08\\\/07-11.jpg\",\"width\":1092,\"height\":500},{\"@type\":\"BreadcrumbList\",\"@id\":\"https:\\\/\\\/canal7slp.tv\\\/2025\\\/mexico-extradita-a-26-lideres-criminales-a-estados-unidos-en-operativo-conjunto\\\/#breadcrumb\",\"itemListElement\":[{\"@type\":\"ListItem\",\"position\":1,\"name\":\"Portada\",\"item\":\"https:\\\/\\\/canal7slp.tv\\\/2025\\\/\"},{\"@type\":\"ListItem\",\"position\":2,\"name\":\"M\u00e9xico extradita a 26 l\u00edderes criminales a Estados Unidos en operativo conjunto\"}]},{\"@type\":\"WebSite\",\"@id\":\"https:\\\/\\\/canal7slp.tv\\\/2025\\\/#website\",\"url\":\"https:\\\/\\\/canal7slp.tv\\\/2025\\\/\",\"name\":\"N7 - Noticieros Canal 7\",\"description\":\"Somos el Medio\",\"publisher\":{\"@id\":\"https:\\\/\\\/canal7slp.tv\\\/2025\\\/#organization\"},\"potentialAction\":[{\"@type\":\"SearchAction\",\"target\":{\"@type\":\"EntryPoint\",\"urlTemplate\":\"https:\\\/\\\/canal7slp.tv\\\/2025\\\/?s={search_term_string}\"},\"query-input\":{\"@type\":\"PropertyValueSpecification\",\"valueRequired\":true,\"valueName\":\"search_term_string\"}}],\"inLanguage\":\"es\"},{\"@type\":\"Organization\",\"@id\":\"https:\\\/\\\/canal7slp.tv\\\/2025\\\/#organization\",\"name\":\"Noticieros Canal 7\",\"url\":\"https:\\\/\\\/canal7slp.tv\\\/2025\\\/\",\"logo\":{\"@type\":\"ImageObject\",\"inLanguage\":\"es\",\"@id\":\"https:\\\/\\\/canal7slp.tv\\\/2025\\\/#\\\/schema\\\/logo\\\/image\\\/\",\"url\":\"https:\\\/\\\/canal7slp.tv\\\/2025\\\/wp-content\\\/uploads\\\/2021\\\/01\\\/logo-noticieros@2x.png\",\"contentUrl\":\"https:\\\/\\\/canal7slp.tv\\\/2025\\\/wp-content\\\/uploads\\\/2021\\\/01\\\/logo-noticieros@2x.png\",\"width\":1017,\"height\":268,\"caption\":\"Noticieros Canal 7\"},\"image\":{\"@id\":\"https:\\\/\\\/canal7slp.tv\\\/2025\\\/#\\\/schema\\\/logo\\\/image\\\/\"},\"sameAs\":[\"https:\\\/\\\/www.facebook.com\\\/noticieroscanal7atencionciudadana\\\/\",\"https:\\\/\\\/x.com\\\/NOTICIEROS7\",\"https:\\\/\\\/www.instagram.com\\\/canal7_slp\",\"https:\\\/\\\/www.youtube.com\\\/channel\\\/UCliiYs-gP3JfJeqdPrNdd5A\"]},{\"@type\":\"Person\",\"@id\":\"https:\\\/\\\/canal7slp.tv\\\/2025\\\/#\\\/schema\\\/person\\\/271e2b60a96e7cc9d9ac296f4d7e414b\",\"name\":\"Edici\u00f3n Web\",\"image\":{\"@type\":\"ImageObject\",\"inLanguage\":\"es\",\"@id\":\"https:\\\/\\\/secure.gravatar.com\\\/avatar\\\/eee448fc3f7164808013b816ba91ac7e43bbe82a70bebac296f8bc6f0addaa1a?s=96&d=mm&r=g\",\"url\":\"https:\\\/\\\/secure.gravatar.com\\\/avatar\\\/eee448fc3f7164808013b816ba91ac7e43bbe82a70bebac296f8bc6f0addaa1a?s=96&d=mm&r=g\",\"contentUrl\":\"https:\\\/\\\/secure.gravatar.com\\\/avatar\\\/eee448fc3f7164808013b816ba91ac7e43bbe82a70bebac296f8bc6f0addaa1a?s=96&d=mm&r=g\",\"caption\":\"Edici\u00f3n Web\"},\"url\":\"https:\\\/\\\/canal7slp.tv\\\/2025\\\/author\\\/edicionweb\\\/\"}]}<\/script>\n<!-- \/ Yoast SEO plugin. -->","yoast_head_json":{"title":"M\u00e9xico extradita a 26 l\u00edderes criminales a Estados Unidos en operativo conjunto - Canal 7 SLP - 2025","robots":{"index":"index","follow":"follow","max-snippet":"max-snippet:-1","max-image-preview":"max-image-preview:large","max-video-preview":"max-video-preview:-1"},"canonical":"https:\/\/canal7slp.tv\/2025\/mexico-extradita-a-26-lideres-criminales-a-estados-unidos-en-operativo-conjunto\/","og_locale":"es_ES","og_type":"article","og_title":"M\u00e9xico extradita a 26 l\u00edderes criminales a Estados Unidos en operativo conjunto - Canal 7 SLP - 2025","og_description":"M\u00e9xico.- El gobierno de M\u00e9xico realiz\u00f3 este martes la\u00a0segunda entrega masiva\u00a0de integrantes de alto perfil del crimen organizado a autoridades estadounidenses, en el marco de la\u00a0cooperaci\u00f3n bilateral en seguridad. Entre los 26 extraditados destacan figuras clave de c\u00e1rteles como: Abigael Gonz\u00e1lez Valencia\u00a0(\u00abEl Cuini\u00bb), vinculado al C\u00e1rtel Jalisco Nueva Generaci\u00f3n (CJNG) Servando G\u00f3mez Mart\u00ednez\u00a0(\u00abLa Tuta\u00bb), exl\u00edder de Los Caballeros Templarios Juan Carlos F\u00e9lix Gast\u00e9lum\u00a0(\u00abEl Chavo F\u00e9lix\u00bb), operador de Los Chapitos (C\u00e1rtel de Sinaloa) La\u00a0Fiscal\u00eda General de la Rep\u00fablica (FGR)\u00a0confirm\u00f3 que los traslados se realizaron bajo protocolos institucionales, con garant\u00edas de que\u00a0no se aplicar\u00eda la pena de muerte\u00a0a los acusados. Los individuos [&hellip;]","og_url":"https:\/\/canal7slp.tv\/2025\/mexico-extradita-a-26-lideres-criminales-a-estados-unidos-en-operativo-conjunto\/","og_site_name":"Canal 7 SLP - 2025","article_publisher":"https:\/\/www.facebook.com\/noticieroscanal7atencionciudadana\/","article_published_time":"2025-08-13T21:17:50+00:00","og_image":[{"width":1092,"height":500,"url":"https:\/\/canal7slp.tv\/2025\/wp-content\/uploads\/2025\/08\/07-11.jpg","type":"image\/jpeg"}],"author":"Edici\u00f3n Web","twitter_card":"summary_large_image","twitter_creator":"@NOTICIEROS7","twitter_site":"@NOTICIEROS7","twitter_misc":{"Escrito por":"Edici\u00f3n Web","Tiempo de lectura":"2 minutos"},"schema":{"@context":"https:\/\/schema.org","@graph":[{"@type":"Article","@id":"https:\/\/canal7slp.tv\/2025\/mexico-extradita-a-26-lideres-criminales-a-estados-unidos-en-operativo-conjunto\/#article","isPartOf":{"@id":"https:\/\/canal7slp.tv\/2025\/mexico-extradita-a-26-lideres-criminales-a-estados-unidos-en-operativo-conjunto\/"},"author":{"name":"Edici\u00f3n Web","@id":"https:\/\/canal7slp.tv\/2025\/#\/schema\/person\/271e2b60a96e7cc9d9ac296f4d7e414b"},"headline":"M\u00e9xico extradita a 26 l\u00edderes criminales a Estados Unidos en operativo conjunto","datePublished":"2025-08-13T21:17:50+00:00","mainEntityOfPage":{"@id":"https:\/\/canal7slp.tv\/2025\/mexico-extradita-a-26-lideres-criminales-a-estados-unidos-en-operativo-conjunto\/"},"wordCount":401,"publisher":{"@id":"https:\/\/canal7slp.tv\/2025\/#organization"},"image":{"@id":"https:\/\/canal7slp.tv\/2025\/mexico-extradita-a-26-lideres-criminales-a-estados-unidos-en-operativo-conjunto\/#primaryimage"},"thumbnailUrl":"https:\/\/canal7slp.tv\/2025\/wp-content\/uploads\/2025\/08\/07-11.jpg","articleSection":["INTERNACIONALES","NACIONALES"],"inLanguage":"es"},{"@type":"WebPage","@id":"https:\/\/canal7slp.tv\/2025\/mexico-extradita-a-26-lideres-criminales-a-estados-unidos-en-operativo-conjunto\/","url":"https:\/\/canal7slp.tv\/2025\/mexico-extradita-a-26-lideres-criminales-a-estados-unidos-en-operativo-conjunto\/","name":"M\u00e9xico extradita a 26 l\u00edderes criminales a Estados Unidos en operativo conjunto - Canal 7 SLP - 2025","isPartOf":{"@id":"https:\/\/canal7slp.tv\/2025\/#website"},"primaryImageOfPage":{"@id":"https:\/\/canal7slp.tv\/2025\/mexico-extradita-a-26-lideres-criminales-a-estados-unidos-en-operativo-conjunto\/#primaryimage"},"image":{"@id":"https:\/\/canal7slp.tv\/2025\/mexico-extradita-a-26-lideres-criminales-a-estados-unidos-en-operativo-conjunto\/#primaryimage"},"thumbnailUrl":"https:\/\/canal7slp.tv\/2025\/wp-content\/uploads\/2025\/08\/07-11.jpg","datePublished":"2025-08-13T21:17:50+00:00","breadcrumb":{"@id":"https:\/\/canal7slp.tv\/2025\/mexico-extradita-a-26-lideres-criminales-a-estados-unidos-en-operativo-conjunto\/#breadcrumb"},"inLanguage":"es","potentialAction":[{"@type":"ReadAction","target":["https:\/\/canal7slp.tv\/2025\/mexico-extradita-a-26-lideres-criminales-a-estados-unidos-en-operativo-conjunto\/"]}]},{"@type":"ImageObject","inLanguage":"es","@id":"https:\/\/canal7slp.tv\/2025\/mexico-extradita-a-26-lideres-criminales-a-estados-unidos-en-operativo-conjunto\/#primaryimage","url":"https:\/\/canal7slp.tv\/2025\/wp-content\/uploads\/2025\/08\/07-11.jpg","contentUrl":"https:\/\/canal7slp.tv\/2025\/wp-content\/uploads\/2025\/08\/07-11.jpg","width":1092,"height":500},{"@type":"BreadcrumbList","@id":"https:\/\/canal7slp.tv\/2025\/mexico-extradita-a-26-lideres-criminales-a-estados-unidos-en-operativo-conjunto\/#breadcrumb","itemListElement":[{"@type":"ListItem","position":1,"name":"Portada","item":"https:\/\/canal7slp.tv\/2025\/"},{"@type":"ListItem","position":2,"name":"M\u00e9xico extradita a 26 l\u00edderes criminales a Estados Unidos en operativo conjunto"}]},{"@type":"WebSite","@id":"https:\/\/canal7slp.tv\/2025\/#website","url":"https:\/\/canal7slp.tv\/2025\/","name":"N7 - Noticieros Canal 7","description":"Somos el Medio","publisher":{"@id":"https:\/\/canal7slp.tv\/2025\/#organization"},"potentialAction":[{"@type":"SearchAction","target":{"@type":"EntryPoint","urlTemplate":"https:\/\/canal7slp.tv\/2025\/?s={search_term_string}"},"query-input":{"@type":"PropertyValueSpecification","valueRequired":true,"valueName":"search_term_string"}}],"inLanguage":"es"},{"@type":"Organization","@id":"https:\/\/canal7slp.tv\/2025\/#organization","name":"Noticieros Canal 7","url":"https:\/\/canal7slp.tv\/2025\/","logo":{"@type":"ImageObject","inLanguage":"es","@id":"https:\/\/canal7slp.tv\/2025\/#\/schema\/logo\/image\/","url":"https:\/\/canal7slp.tv\/2025\/wp-content\/uploads\/2021\/01\/logo-noticieros@2x.png","contentUrl":"https:\/\/canal7slp.tv\/2025\/wp-content\/uploads\/2021\/01\/logo-noticieros@2x.png","width":1017,"height":268,"caption":"Noticieros Canal 7"},"image":{"@id":"https:\/\/canal7slp.tv\/2025\/#\/schema\/logo\/image\/"},"sameAs":["https:\/\/www.facebook.com\/noticieroscanal7atencionciudadana\/","https:\/\/x.com\/NOTICIEROS7","https:\/\/www.instagram.com\/canal7_slp","https:\/\/www.youtube.com\/channel\/UCliiYs-gP3JfJeqdPrNdd5A"]},{"@type":"Person","@id":"https:\/\/canal7slp.tv\/2025\/#\/schema\/person\/271e2b60a96e7cc9d9ac296f4d7e414b","name":"Edici\u00f3n Web","image":{"@type":"ImageObject","inLanguage":"es","@id":"https:\/\/secure.gravatar.com\/avatar\/eee448fc3f7164808013b816ba91ac7e43bbe82a70bebac296f8bc6f0addaa1a?s=96&d=mm&r=g","url":"https:\/\/secure.gravatar.com\/avatar\/eee448fc3f7164808013b816ba91ac7e43bbe82a70bebac296f8bc6f0addaa1a?s=96&d=mm&r=g","contentUrl":"https:\/\/secure.gravatar.com\/avatar\/eee448fc3f7164808013b816ba91ac7e43bbe82a70bebac296f8bc6f0addaa1a?s=96&d=mm&r=g","caption":"Edici\u00f3n Web"},"url":"https:\/\/canal7slp.tv\/2025\/author\/edicionweb\/"}]}},"_links":{"self":[{"href":"https:\/\/canal7slp.tv\/2025\/wp-json\/wp\/v2\/posts\/176356","targetHints":{"allow":["GET"]}}],"collection":[{"href":"https:\/\/canal7slp.tv\/2025\/wp-json\/wp\/v2\/posts"}],"about":[{"href":"https:\/\/canal7slp.tv\/2025\/wp-json\/wp\/v2\/types\/post"}],"author":[{"embeddable":true,"href":"https:\/\/canal7slp.tv\/2025\/wp-json\/wp\/v2\/users\/2"}],"replies":[{"embeddable":true,"href":"https:\/\/canal7slp.tv\/2025\/wp-json\/wp\/v2\/comments?post=176356"}],"version-history":[{"count":1,"href":"https:\/\/canal7slp.tv\/2025\/wp-json\/wp\/v2\/posts\/176356\/revisions"}],"predecessor-version":[{"id":176358,"href":"https:\/\/canal7slp.tv\/2025\/wp-json\/wp\/v2\/posts\/176356\/revisions\/176358"}],"wp:featuredmedia":[{"embeddable":true,"href":"https:\/\/canal7slp.tv\/2025\/wp-json\/wp\/v2\/media\/176357"}],"wp:attachment":[{"href":"https:\/\/canal7slp.tv\/2025\/wp-json\/wp\/v2\/media?parent=176356"}],"wp:term":[{"taxonomy":"category","embeddable":true,"href":"https:\/\/canal7slp.tv\/2025\/wp-json\/wp\/v2\/categories?post=176356"},{"taxonomy":"post_tag","embeddable":true,"href":"https:\/\/canal7slp.tv\/2025\/wp-json\/wp\/v2\/tags?post=176356"}],"curies":[{"name":"wp","href":"https:\/\/api.w.org\/{rel}","templated":true}]}}