{"id":176229,"date":"2025-08-12T17:14:24","date_gmt":"2025-08-12T23:14:24","guid":{"rendered":"https:\/\/canal7slp.tv\/2025\/?p=176229"},"modified":"2025-08-12T17:14:24","modified_gmt":"2025-08-12T23:14:24","slug":"registra-marzo-el-mayor-numero-de-incendios-en-la-zona-metropolitana-de-slp","status":"publish","type":"post","link":"https:\/\/canal7slp.tv\/2025\/registra-marzo-el-mayor-numero-de-incendios-en-la-zona-metropolitana-de-slp\/","title":{"rendered":"Registra marzo el mayor n\u00famero de incendios en la zona metropolitana de SLP"},"content":{"rendered":"<p style=\"text-align: justify;\"><span style=\"font-size: 1.21429rem;\">SLP.- Marzo fue el mes con m\u00e1s atenciones por parte del Cuerpo de Bomberos en la zona metropolitana de San Luis Potos\u00ed, con un aumento notable en reportes de emergencias, principalmente relacionados con incendios en \u00e1reas abiertas y fugas de gas.<\/span><\/p>\n<p style=\"text-align: justify;\">\u00abEn el mes de marzo fue el mes en el que m\u00e1s incendios tuvimos, porque a partir de marzo empezaron a disminuir las incidencias\u00bb, se\u00f1al\u00f3 el comandante del cuerpo, Adolfo Benavente Duque.<\/p>\n<p style=\"text-align: justify;\">El balance mensual indica que cerca de la mitad de los siniestros fueron provocados de forma intencional, mientras que el resto se origin\u00f3 por acciones imprudentes, como quema de basura o desechos arrojados en terrenos.<\/p>\n<p style=\"text-align: justify;\">\u00abMarzo cerramos nosotros con 535 incidentes, de esos cerca de 130 incendios, la mayor\u00eda de esos son en terrenos pastizales y bald\u00edos y el radiador de unas 120 fugas de gas\u00bb, precis\u00f3.<\/p>\n<p style=\"text-align: justify;\">Continu\u00f3: \u00abIntencionalmente tal vez un 50% los dem\u00e1s normalmente fueron imprudenciales, de la gente que pasa y tira la basura o de la gente que quema la basura\u00bb, agreg\u00f3.<\/p>\n<p style=\"text-align: justify;\">Por: Jos\u00e9 Luis V\u00e1zquez<\/p>\n","protected":false},"excerpt":{"rendered":"<p>SLP.- Marzo fue el mes con m\u00e1s atenciones por parte del Cuerpo de Bomberos en la zona metropolitana de San Luis Potos\u00ed, con un aumento notable en reportes de emergencias, principalmente relacionados con incendios en \u00e1reas abiertas y fugas de gas. \u00abEn el mes de marzo fue el mes en el que m\u00e1s incendios tuvimos, porque a partir de marzo empezaron a disminuir las incidencias\u00bb, se\u00f1al\u00f3 el comandante del cuerpo, Adolfo Benavente Duque. El balance mensual indica que cerca de la mitad de los siniestros fueron provocados de forma intencional, mientras que el resto se origin\u00f3 por acciones imprudentes, como [&hellip;]<\/p>\n","protected":false},"author":2,"featured_media":176231,"comment_status":"closed","ping_status":"closed","sticky":false,"template":"","format":"video","meta":{"_monsterinsights_skip_tracking":false,"_monsterinsights_sitenote_active":false,"_monsterinsights_sitenote_note":"","_monsterinsights_sitenote_category":0,"footnotes":""},"categories":[5,45],"tags":[],"class_list":["post-176229","post","type-post","status-publish","format-video","has-post-thumbnail","hentry","category-destacadas","category-localesyregionales","post_format-post-format-video","post--single"],"yoast_head":"<!-- This site is optimized with the Yoast SEO plugin v27.5 - https:\/\/yoast.com\/product\/yoast-seo-wordpress\/ -->\n<title>Registra marzo el mayor n\u00famero de incendios en la zona metropolitana de SLP - Canal 7 SLP - 2025<\/title>\n<meta name=\"robots\" content=\"index, follow, max-snippet:-1, max-image-preview:large, max-video-preview:-1\" \/>\n<link rel=\"canonical\" href=\"https:\/\/canal7slp.tv\/2025\/registra-marzo-el-mayor-numero-de-incendios-en-la-zona-metropolitana-de-slp\/\" \/>\n<meta property=\"og:locale\" content=\"es_ES\" \/>\n<meta property=\"og:type\" content=\"article\" \/>\n<meta property=\"og:title\" content=\"Registra marzo el mayor n\u00famero de incendios en la zona metropolitana de SLP - Canal 7 SLP - 2025\" \/>\n<meta property=\"og:description\" content=\"SLP.- Marzo fue el mes con m\u00e1s atenciones por parte del Cuerpo de Bomberos en la zona metropolitana de San Luis Potos\u00ed, con un aumento notable en reportes de emergencias, principalmente relacionados con incendios en \u00e1reas abiertas y fugas de gas. \u00abEn el mes de marzo fue el mes en el que m\u00e1s incendios tuvimos, porque a partir de marzo empezaron a disminuir las incidencias\u00bb, se\u00f1al\u00f3 el comandante del cuerpo, Adolfo Benavente Duque. El balance mensual indica que cerca de la mitad de los siniestros fueron provocados de forma intencional, mientras que el resto se origin\u00f3 por acciones imprudentes, como [&hellip;]\" \/>\n<meta property=\"og:url\" content=\"https:\/\/canal7slp.tv\/2025\/registra-marzo-el-mayor-numero-de-incendios-en-la-zona-metropolitana-de-slp\/\" \/>\n<meta property=\"og:site_name\" content=\"Canal 7 SLP - 2025\" \/>\n<meta property=\"article:publisher\" content=\"https:\/\/www.facebook.com\/noticieroscanal7atencionciudadana\/\" \/>\n<meta property=\"article:published_time\" content=\"2025-08-12T23:14:24+00:00\" \/>\n<meta property=\"og:image\" content=\"https:\/\/canal7slp.tv\/2025\/wp-content\/uploads\/2025\/08\/Vazquez03Atenciones.jpg\" \/>\n\t<meta property=\"og:image:width\" content=\"1280\" \/>\n\t<meta property=\"og:image:height\" content=\"720\" \/>\n\t<meta property=\"og:image:type\" content=\"image\/jpeg\" \/>\n<meta name=\"author\" content=\"Edici\u00f3n Web\" \/>\n<meta name=\"twitter:card\" content=\"summary_large_image\" \/>\n<meta name=\"twitter:creator\" content=\"@NOTICIEROS7\" \/>\n<meta name=\"twitter:site\" content=\"@NOTICIEROS7\" \/>\n<meta name=\"twitter:label1\" content=\"Escrito por\" \/>\n\t<meta name=\"twitter:data1\" content=\"Edici\u00f3n Web\" \/>\n\t<meta name=\"twitter:label2\" content=\"Tiempo de lectura\" \/>\n\t<meta name=\"twitter:data2\" content=\"1 minuto\" \/>\n<script type=\"application\/ld+json\" class=\"yoast-schema-graph\">{\"@context\":\"https:\\\/\\\/schema.org\",\"@graph\":[{\"@type\":\"Article\",\"@id\":\"https:\\\/\\\/canal7slp.tv\\\/2025\\\/registra-marzo-el-mayor-numero-de-incendios-en-la-zona-metropolitana-de-slp\\\/#article\",\"isPartOf\":{\"@id\":\"https:\\\/\\\/canal7slp.tv\\\/2025\\\/registra-marzo-el-mayor-numero-de-incendios-en-la-zona-metropolitana-de-slp\\\/\"},\"author\":{\"name\":\"Edici\u00f3n Web\",\"@id\":\"https:\\\/\\\/canal7slp.tv\\\/2025\\\/#\\\/schema\\\/person\\\/271e2b60a96e7cc9d9ac296f4d7e414b\"},\"headline\":\"Registra marzo el mayor n\u00famero de incendios en la zona metropolitana de SLP\",\"datePublished\":\"2025-08-12T23:14:24+00:00\",\"mainEntityOfPage\":{\"@id\":\"https:\\\/\\\/canal7slp.tv\\\/2025\\\/registra-marzo-el-mayor-numero-de-incendios-en-la-zona-metropolitana-de-slp\\\/\"},\"wordCount\":191,\"publisher\":{\"@id\":\"https:\\\/\\\/canal7slp.tv\\\/2025\\\/#organization\"},\"image\":{\"@id\":\"https:\\\/\\\/canal7slp.tv\\\/2025\\\/registra-marzo-el-mayor-numero-de-incendios-en-la-zona-metropolitana-de-slp\\\/#primaryimage\"},\"thumbnailUrl\":\"https:\\\/\\\/canal7slp.tv\\\/2025\\\/wp-content\\\/uploads\\\/2025\\\/08\\\/Vazquez03Atenciones.jpg\",\"articleSection\":[\"DESTACADAS\",\"LOCALES Y REGIONALES\"],\"inLanguage\":\"es\"},{\"@type\":\"WebPage\",\"@id\":\"https:\\\/\\\/canal7slp.tv\\\/2025\\\/registra-marzo-el-mayor-numero-de-incendios-en-la-zona-metropolitana-de-slp\\\/\",\"url\":\"https:\\\/\\\/canal7slp.tv\\\/2025\\\/registra-marzo-el-mayor-numero-de-incendios-en-la-zona-metropolitana-de-slp\\\/\",\"name\":\"Registra marzo el mayor n\u00famero de incendios en la zona metropolitana de SLP - Canal 7 SLP - 2025\",\"isPartOf\":{\"@id\":\"https:\\\/\\\/canal7slp.tv\\\/2025\\\/#website\"},\"primaryImageOfPage\":{\"@id\":\"https:\\\/\\\/canal7slp.tv\\\/2025\\\/registra-marzo-el-mayor-numero-de-incendios-en-la-zona-metropolitana-de-slp\\\/#primaryimage\"},\"image\":{\"@id\":\"https:\\\/\\\/canal7slp.tv\\\/2025\\\/registra-marzo-el-mayor-numero-de-incendios-en-la-zona-metropolitana-de-slp\\\/#primaryimage\"},\"thumbnailUrl\":\"https:\\\/\\\/canal7slp.tv\\\/2025\\\/wp-content\\\/uploads\\\/2025\\\/08\\\/Vazquez03Atenciones.jpg\",\"datePublished\":\"2025-08-12T23:14:24+00:00\",\"breadcrumb\":{\"@id\":\"https:\\\/\\\/canal7slp.tv\\\/2025\\\/registra-marzo-el-mayor-numero-de-incendios-en-la-zona-metropolitana-de-slp\\\/#breadcrumb\"},\"inLanguage\":\"es\",\"potentialAction\":[{\"@type\":\"ReadAction\",\"target\":[\"https:\\\/\\\/canal7slp.tv\\\/2025\\\/registra-marzo-el-mayor-numero-de-incendios-en-la-zona-metropolitana-de-slp\\\/\"]}]},{\"@type\":\"ImageObject\",\"inLanguage\":\"es\",\"@id\":\"https:\\\/\\\/canal7slp.tv\\\/2025\\\/registra-marzo-el-mayor-numero-de-incendios-en-la-zona-metropolitana-de-slp\\\/#primaryimage\",\"url\":\"https:\\\/\\\/canal7slp.tv\\\/2025\\\/wp-content\\\/uploads\\\/2025\\\/08\\\/Vazquez03Atenciones.jpg\",\"contentUrl\":\"https:\\\/\\\/canal7slp.tv\\\/2025\\\/wp-content\\\/uploads\\\/2025\\\/08\\\/Vazquez03Atenciones.jpg\",\"width\":1280,\"height\":720},{\"@type\":\"BreadcrumbList\",\"@id\":\"https:\\\/\\\/canal7slp.tv\\\/2025\\\/registra-marzo-el-mayor-numero-de-incendios-en-la-zona-metropolitana-de-slp\\\/#breadcrumb\",\"itemListElement\":[{\"@type\":\"ListItem\",\"position\":1,\"name\":\"Portada\",\"item\":\"https:\\\/\\\/canal7slp.tv\\\/2025\\\/\"},{\"@type\":\"ListItem\",\"position\":2,\"name\":\"Registra marzo el mayor n\u00famero de incendios en la zona metropolitana de SLP\"}]},{\"@type\":\"WebSite\",\"@id\":\"https:\\\/\\\/canal7slp.tv\\\/2025\\\/#website\",\"url\":\"https:\\\/\\\/canal7slp.tv\\\/2025\\\/\",\"name\":\"N7 - Noticieros Canal 7\",\"description\":\"Somos el Medio\",\"publisher\":{\"@id\":\"https:\\\/\\\/canal7slp.tv\\\/2025\\\/#organization\"},\"potentialAction\":[{\"@type\":\"SearchAction\",\"target\":{\"@type\":\"EntryPoint\",\"urlTemplate\":\"https:\\\/\\\/canal7slp.tv\\\/2025\\\/?s={search_term_string}\"},\"query-input\":{\"@type\":\"PropertyValueSpecification\",\"valueRequired\":true,\"valueName\":\"search_term_string\"}}],\"inLanguage\":\"es\"},{\"@type\":\"Organization\",\"@id\":\"https:\\\/\\\/canal7slp.tv\\\/2025\\\/#organization\",\"name\":\"Noticieros Canal 7\",\"url\":\"https:\\\/\\\/canal7slp.tv\\\/2025\\\/\",\"logo\":{\"@type\":\"ImageObject\",\"inLanguage\":\"es\",\"@id\":\"https:\\\/\\\/canal7slp.tv\\\/2025\\\/#\\\/schema\\\/logo\\\/image\\\/\",\"url\":\"https:\\\/\\\/canal7slp.tv\\\/2025\\\/wp-content\\\/uploads\\\/2021\\\/01\\\/logo-noticieros@2x.png\",\"contentUrl\":\"https:\\\/\\\/canal7slp.tv\\\/2025\\\/wp-content\\\/uploads\\\/2021\\\/01\\\/logo-noticieros@2x.png\",\"width\":1017,\"height\":268,\"caption\":\"Noticieros Canal 7\"},\"image\":{\"@id\":\"https:\\\/\\\/canal7slp.tv\\\/2025\\\/#\\\/schema\\\/logo\\\/image\\\/\"},\"sameAs\":[\"https:\\\/\\\/www.facebook.com\\\/noticieroscanal7atencionciudadana\\\/\",\"https:\\\/\\\/x.com\\\/NOTICIEROS7\",\"https:\\\/\\\/www.instagram.com\\\/canal7_slp\",\"https:\\\/\\\/www.youtube.com\\\/channel\\\/UCliiYs-gP3JfJeqdPrNdd5A\"]},{\"@type\":\"Person\",\"@id\":\"https:\\\/\\\/canal7slp.tv\\\/2025\\\/#\\\/schema\\\/person\\\/271e2b60a96e7cc9d9ac296f4d7e414b\",\"name\":\"Edici\u00f3n Web\",\"image\":{\"@type\":\"ImageObject\",\"inLanguage\":\"es\",\"@id\":\"https:\\\/\\\/secure.gravatar.com\\\/avatar\\\/eee448fc3f7164808013b816ba91ac7e43bbe82a70bebac296f8bc6f0addaa1a?s=96&d=mm&r=g\",\"url\":\"https:\\\/\\\/secure.gravatar.com\\\/avatar\\\/eee448fc3f7164808013b816ba91ac7e43bbe82a70bebac296f8bc6f0addaa1a?s=96&d=mm&r=g\",\"contentUrl\":\"https:\\\/\\\/secure.gravatar.com\\\/avatar\\\/eee448fc3f7164808013b816ba91ac7e43bbe82a70bebac296f8bc6f0addaa1a?s=96&d=mm&r=g\",\"caption\":\"Edici\u00f3n Web\"},\"url\":\"https:\\\/\\\/canal7slp.tv\\\/2025\\\/author\\\/edicionweb\\\/\"}]}<\/script>\n<!-- \/ Yoast SEO plugin. -->","yoast_head_json":{"title":"Registra marzo el mayor n\u00famero de incendios en la zona metropolitana de SLP - Canal 7 SLP - 2025","robots":{"index":"index","follow":"follow","max-snippet":"max-snippet:-1","max-image-preview":"max-image-preview:large","max-video-preview":"max-video-preview:-1"},"canonical":"https:\/\/canal7slp.tv\/2025\/registra-marzo-el-mayor-numero-de-incendios-en-la-zona-metropolitana-de-slp\/","og_locale":"es_ES","og_type":"article","og_title":"Registra marzo el mayor n\u00famero de incendios en la zona metropolitana de SLP - Canal 7 SLP - 2025","og_description":"SLP.- Marzo fue el mes con m\u00e1s atenciones por parte del Cuerpo de Bomberos en la zona metropolitana de San Luis Potos\u00ed, con un aumento notable en reportes de emergencias, principalmente relacionados con incendios en \u00e1reas abiertas y fugas de gas. \u00abEn el mes de marzo fue el mes en el que m\u00e1s incendios tuvimos, porque a partir de marzo empezaron a disminuir las incidencias\u00bb, se\u00f1al\u00f3 el comandante del cuerpo, Adolfo Benavente Duque. El balance mensual indica que cerca de la mitad de los siniestros fueron provocados de forma intencional, mientras que el resto se origin\u00f3 por acciones imprudentes, como [&hellip;]","og_url":"https:\/\/canal7slp.tv\/2025\/registra-marzo-el-mayor-numero-de-incendios-en-la-zona-metropolitana-de-slp\/","og_site_name":"Canal 7 SLP - 2025","article_publisher":"https:\/\/www.facebook.com\/noticieroscanal7atencionciudadana\/","article_published_time":"2025-08-12T23:14:24+00:00","og_image":[{"width":1280,"height":720,"url":"https:\/\/canal7slp.tv\/2025\/wp-content\/uploads\/2025\/08\/Vazquez03Atenciones.jpg","type":"image\/jpeg"}],"author":"Edici\u00f3n Web","twitter_card":"summary_large_image","twitter_creator":"@NOTICIEROS7","twitter_site":"@NOTICIEROS7","twitter_misc":{"Escrito por":"Edici\u00f3n Web","Tiempo de lectura":"1 minuto"},"schema":{"@context":"https:\/\/schema.org","@graph":[{"@type":"Article","@id":"https:\/\/canal7slp.tv\/2025\/registra-marzo-el-mayor-numero-de-incendios-en-la-zona-metropolitana-de-slp\/#article","isPartOf":{"@id":"https:\/\/canal7slp.tv\/2025\/registra-marzo-el-mayor-numero-de-incendios-en-la-zona-metropolitana-de-slp\/"},"author":{"name":"Edici\u00f3n Web","@id":"https:\/\/canal7slp.tv\/2025\/#\/schema\/person\/271e2b60a96e7cc9d9ac296f4d7e414b"},"headline":"Registra marzo el mayor n\u00famero de incendios en la zona metropolitana de SLP","datePublished":"2025-08-12T23:14:24+00:00","mainEntityOfPage":{"@id":"https:\/\/canal7slp.tv\/2025\/registra-marzo-el-mayor-numero-de-incendios-en-la-zona-metropolitana-de-slp\/"},"wordCount":191,"publisher":{"@id":"https:\/\/canal7slp.tv\/2025\/#organization"},"image":{"@id":"https:\/\/canal7slp.tv\/2025\/registra-marzo-el-mayor-numero-de-incendios-en-la-zona-metropolitana-de-slp\/#primaryimage"},"thumbnailUrl":"https:\/\/canal7slp.tv\/2025\/wp-content\/uploads\/2025\/08\/Vazquez03Atenciones.jpg","articleSection":["DESTACADAS","LOCALES Y REGIONALES"],"inLanguage":"es"},{"@type":"WebPage","@id":"https:\/\/canal7slp.tv\/2025\/registra-marzo-el-mayor-numero-de-incendios-en-la-zona-metropolitana-de-slp\/","url":"https:\/\/canal7slp.tv\/2025\/registra-marzo-el-mayor-numero-de-incendios-en-la-zona-metropolitana-de-slp\/","name":"Registra marzo el mayor n\u00famero de incendios en la zona metropolitana de SLP - Canal 7 SLP - 2025","isPartOf":{"@id":"https:\/\/canal7slp.tv\/2025\/#website"},"primaryImageOfPage":{"@id":"https:\/\/canal7slp.tv\/2025\/registra-marzo-el-mayor-numero-de-incendios-en-la-zona-metropolitana-de-slp\/#primaryimage"},"image":{"@id":"https:\/\/canal7slp.tv\/2025\/registra-marzo-el-mayor-numero-de-incendios-en-la-zona-metropolitana-de-slp\/#primaryimage"},"thumbnailUrl":"https:\/\/canal7slp.tv\/2025\/wp-content\/uploads\/2025\/08\/Vazquez03Atenciones.jpg","datePublished":"2025-08-12T23:14:24+00:00","breadcrumb":{"@id":"https:\/\/canal7slp.tv\/2025\/registra-marzo-el-mayor-numero-de-incendios-en-la-zona-metropolitana-de-slp\/#breadcrumb"},"inLanguage":"es","potentialAction":[{"@type":"ReadAction","target":["https:\/\/canal7slp.tv\/2025\/registra-marzo-el-mayor-numero-de-incendios-en-la-zona-metropolitana-de-slp\/"]}]},{"@type":"ImageObject","inLanguage":"es","@id":"https:\/\/canal7slp.tv\/2025\/registra-marzo-el-mayor-numero-de-incendios-en-la-zona-metropolitana-de-slp\/#primaryimage","url":"https:\/\/canal7slp.tv\/2025\/wp-content\/uploads\/2025\/08\/Vazquez03Atenciones.jpg","contentUrl":"https:\/\/canal7slp.tv\/2025\/wp-content\/uploads\/2025\/08\/Vazquez03Atenciones.jpg","width":1280,"height":720},{"@type":"BreadcrumbList","@id":"https:\/\/canal7slp.tv\/2025\/registra-marzo-el-mayor-numero-de-incendios-en-la-zona-metropolitana-de-slp\/#breadcrumb","itemListElement":[{"@type":"ListItem","position":1,"name":"Portada","item":"https:\/\/canal7slp.tv\/2025\/"},{"@type":"ListItem","position":2,"name":"Registra marzo el mayor n\u00famero de incendios en la zona metropolitana de SLP"}]},{"@type":"WebSite","@id":"https:\/\/canal7slp.tv\/2025\/#website","url":"https:\/\/canal7slp.tv\/2025\/","name":"N7 - Noticieros Canal 7","description":"Somos el Medio","publisher":{"@id":"https:\/\/canal7slp.tv\/2025\/#organization"},"potentialAction":[{"@type":"SearchAction","target":{"@type":"EntryPoint","urlTemplate":"https:\/\/canal7slp.tv\/2025\/?s={search_term_string}"},"query-input":{"@type":"PropertyValueSpecification","valueRequired":true,"valueName":"search_term_string"}}],"inLanguage":"es"},{"@type":"Organization","@id":"https:\/\/canal7slp.tv\/2025\/#organization","name":"Noticieros Canal 7","url":"https:\/\/canal7slp.tv\/2025\/","logo":{"@type":"ImageObject","inLanguage":"es","@id":"https:\/\/canal7slp.tv\/2025\/#\/schema\/logo\/image\/","url":"https:\/\/canal7slp.tv\/2025\/wp-content\/uploads\/2021\/01\/logo-noticieros@2x.png","contentUrl":"https:\/\/canal7slp.tv\/2025\/wp-content\/uploads\/2021\/01\/logo-noticieros@2x.png","width":1017,"height":268,"caption":"Noticieros Canal 7"},"image":{"@id":"https:\/\/canal7slp.tv\/2025\/#\/schema\/logo\/image\/"},"sameAs":["https:\/\/www.facebook.com\/noticieroscanal7atencionciudadana\/","https:\/\/x.com\/NOTICIEROS7","https:\/\/www.instagram.com\/canal7_slp","https:\/\/www.youtube.com\/channel\/UCliiYs-gP3JfJeqdPrNdd5A"]},{"@type":"Person","@id":"https:\/\/canal7slp.tv\/2025\/#\/schema\/person\/271e2b60a96e7cc9d9ac296f4d7e414b","name":"Edici\u00f3n Web","image":{"@type":"ImageObject","inLanguage":"es","@id":"https:\/\/secure.gravatar.com\/avatar\/eee448fc3f7164808013b816ba91ac7e43bbe82a70bebac296f8bc6f0addaa1a?s=96&d=mm&r=g","url":"https:\/\/secure.gravatar.com\/avatar\/eee448fc3f7164808013b816ba91ac7e43bbe82a70bebac296f8bc6f0addaa1a?s=96&d=mm&r=g","contentUrl":"https:\/\/secure.gravatar.com\/avatar\/eee448fc3f7164808013b816ba91ac7e43bbe82a70bebac296f8bc6f0addaa1a?s=96&d=mm&r=g","caption":"Edici\u00f3n Web"},"url":"https:\/\/canal7slp.tv\/2025\/author\/edicionweb\/"}]}},"_links":{"self":[{"href":"https:\/\/canal7slp.tv\/2025\/wp-json\/wp\/v2\/posts\/176229","targetHints":{"allow":["GET"]}}],"collection":[{"href":"https:\/\/canal7slp.tv\/2025\/wp-json\/wp\/v2\/posts"}],"about":[{"href":"https:\/\/canal7slp.tv\/2025\/wp-json\/wp\/v2\/types\/post"}],"author":[{"embeddable":true,"href":"https:\/\/canal7slp.tv\/2025\/wp-json\/wp\/v2\/users\/2"}],"replies":[{"embeddable":true,"href":"https:\/\/canal7slp.tv\/2025\/wp-json\/wp\/v2\/comments?post=176229"}],"version-history":[{"count":1,"href":"https:\/\/canal7slp.tv\/2025\/wp-json\/wp\/v2\/posts\/176229\/revisions"}],"predecessor-version":[{"id":176232,"href":"https:\/\/canal7slp.tv\/2025\/wp-json\/wp\/v2\/posts\/176229\/revisions\/176232"}],"wp:featuredmedia":[{"embeddable":true,"href":"https:\/\/canal7slp.tv\/2025\/wp-json\/wp\/v2\/media\/176231"}],"wp:attachment":[{"href":"https:\/\/canal7slp.tv\/2025\/wp-json\/wp\/v2\/media?parent=176229"}],"wp:term":[{"taxonomy":"category","embeddable":true,"href":"https:\/\/canal7slp.tv\/2025\/wp-json\/wp\/v2\/categories?post=176229"},{"taxonomy":"post_tag","embeddable":true,"href":"https:\/\/canal7slp.tv\/2025\/wp-json\/wp\/v2\/tags?post=176229"}],"curies":[{"name":"wp","href":"https:\/\/api.w.org\/{rel}","templated":true}]}}