{"id":176225,"date":"2025-08-12T17:09:09","date_gmt":"2025-08-12T23:09:09","guid":{"rendered":"https:\/\/canal7slp.tv\/2025\/?p=176225"},"modified":"2025-08-12T17:09:09","modified_gmt":"2025-08-12T23:09:09","slug":"mal-planteada-dice-gallardo-sobre-la-reubicacion-de-antros-dentro-de-slp","status":"publish","type":"post","link":"https:\/\/canal7slp.tv\/2025\/mal-planteada-dice-gallardo-sobre-la-reubicacion-de-antros-dentro-de-slp\/","title":{"rendered":"\u00abMal planteada\u201d, dice Gallardo sobre la reubicaci\u00f3n de antros dentro de SLP"},"content":{"rendered":"<p style=\"text-align: justify;\"><span style=\"font-size: 1.21429rem;\">SLP.- El gobernador de San Luis Potos\u00ed, Ricardo Gallardo Cardona, critic\u00f3 la propuesta municipal de reubicar los centros nocturnos que se encuentran dentro de la ciudad, luego de cuestionarle si ha habido acercamiento alguno con este sector empresarial.<\/span><\/p>\n<p style=\"text-align: justify;\">\u201cEs dif\u00edcil, se tendr\u00eda que hacer una zona de tolerancia como existen en otras partes donde se pudieran concentrar todos, pero en ese caso no se tendr\u00edan que poner en la ciudad, se tendr\u00edan que poner en la periferia, un terreno de 40 a 60 hect\u00e1reas donde pudieras congregar a los antros con un gran estacionamiento de 20 o 30 hect\u00e1reas y ah\u00ed hacer una zona de tolerancia y vigilarla 24 horas\u00bb, dijo.<\/p>\n<p style=\"text-align: justify;\">Asegur\u00f3 que un proyecto bien planificado podr\u00eda funcionar, pero advirti\u00f3 que mover estos negocios pudieran provocar inconformidad entre la poblaci\u00f3n y el mismo empresariado<\/p>\n<p style=\"text-align: justify;\">\u201cPudiera funcionar, pero haci\u00e9ndolo bien, el mover a todos los antro en una zona dentro de la ciudad es un tormento para miles de habitantes que vivan en esa zona, creo que est\u00e1 mal panteado,pero vuelvo a repetir, quiero respetar el funcionamiento del ayuntamiento y la reglamentaci\u00f3n que ellos quieran imponer\u00bb, se\u00f1al\u00f3.<\/p>\n<p style=\"text-align: justify;\">El mandatario recalc\u00f3 que la reglamentaci\u00f3n y reubicaci\u00f3n de antros es competencia del municipio, aunque se\u00f1al\u00f3 que su gobierno ha recibido quejas de comerciantes que aseguran ser v\u00edctimas de hostigamiento por parte de las autoridades capitalinas.<\/p>\n<p style=\"text-align: justify;\">\u201cEs exclusivo del municipio nosotros no tenemos nada que ver con el tema de reubicaci\u00f3n de antros, va a ser algo exclusivo que maneja el municipio, lo que s\u00ed es que se nos han acercado muchas asociaciones de comerciantes porque sienten un hostigamiento muy fuerte por parte del municipio\u00bb, coment\u00f3.<\/p>\n<p style=\"text-align: justify;\">Ante esta situaci\u00f3n, pidi\u00f3 a los inconformes presentar denuncias ante el Ministerio P\u00fablico.<\/p>\n<p style=\"text-align: justify;\">\u201cNosotros tratamos de encausar que denuncien, que vayan y denuncien al ministerio p\u00fablico si es que hay estos acosos por parte del municipio. Nosotros nos queremos mantener al margen porque no es algo que nos toque a nosotros, la reglamentaci\u00f3n de los antros es exclusivo del municipio\u00bb, insisti\u00f3.<\/p>\n<p>Por: Jos\u00e9 Luis V\u00e1zquez<\/p>\n","protected":false},"excerpt":{"rendered":"<p>SLP.- El gobernador de San Luis Potos\u00ed, Ricardo Gallardo Cardona, critic\u00f3 la propuesta municipal de reubicar los centros nocturnos que se encuentran dentro de la ciudad, luego de cuestionarle si ha habido acercamiento alguno con este sector empresarial. \u201cEs dif\u00edcil, se tendr\u00eda que hacer una zona de tolerancia como existen en otras partes donde se pudieran concentrar todos, pero en ese caso no se tendr\u00edan que poner en la ciudad, se tendr\u00edan que poner en la periferia, un terreno de 40 a 60 hect\u00e1reas donde pudieras congregar a los antros con un gran estacionamiento de 20 o 30 hect\u00e1reas y [&hellip;]<\/p>\n","protected":false},"author":2,"featured_media":176227,"comment_status":"closed","ping_status":"closed","sticky":false,"template":"","format":"video","meta":{"_monsterinsights_skip_tracking":false,"_monsterinsights_sitenote_active":false,"_monsterinsights_sitenote_note":"","_monsterinsights_sitenote_category":0,"footnotes":""},"categories":[5,510,45],"tags":[],"class_list":["post-176225","post","type-post","status-publish","format-video","has-post-thumbnail","hentry","category-destacadas","category-gobedoslp","category-localesyregionales","post_format-post-format-video","post--single"],"yoast_head":"<!-- This site is optimized with the Yoast SEO plugin v27.5 - https:\/\/yoast.com\/product\/yoast-seo-wordpress\/ -->\n<title>&quot;Mal planteada\u201d, dice Gallardo sobre la reubicaci\u00f3n de antros dentro de SLP - Canal 7 SLP - 2025<\/title>\n<meta name=\"robots\" content=\"index, follow, max-snippet:-1, max-image-preview:large, max-video-preview:-1\" \/>\n<link rel=\"canonical\" href=\"https:\/\/canal7slp.tv\/2025\/mal-planteada-dice-gallardo-sobre-la-reubicacion-de-antros-dentro-de-slp\/\" \/>\n<meta property=\"og:locale\" content=\"es_ES\" \/>\n<meta property=\"og:type\" content=\"article\" \/>\n<meta property=\"og:title\" content=\"&quot;Mal planteada\u201d, dice Gallardo sobre la reubicaci\u00f3n de antros dentro de SLP - Canal 7 SLP - 2025\" \/>\n<meta property=\"og:description\" content=\"SLP.- El gobernador de San Luis Potos\u00ed, Ricardo Gallardo Cardona, critic\u00f3 la propuesta municipal de reubicar los centros nocturnos que se encuentran dentro de la ciudad, luego de cuestionarle si ha habido acercamiento alguno con este sector empresarial. \u201cEs dif\u00edcil, se tendr\u00eda que hacer una zona de tolerancia como existen en otras partes donde se pudieran concentrar todos, pero en ese caso no se tendr\u00edan que poner en la ciudad, se tendr\u00edan que poner en la periferia, un terreno de 40 a 60 hect\u00e1reas donde pudieras congregar a los antros con un gran estacionamiento de 20 o 30 hect\u00e1reas y [&hellip;]\" \/>\n<meta property=\"og:url\" content=\"https:\/\/canal7slp.tv\/2025\/mal-planteada-dice-gallardo-sobre-la-reubicacion-de-antros-dentro-de-slp\/\" \/>\n<meta property=\"og:site_name\" content=\"Canal 7 SLP - 2025\" \/>\n<meta property=\"article:publisher\" content=\"https:\/\/www.facebook.com\/noticieroscanal7atencionciudadana\/\" \/>\n<meta property=\"article:published_time\" content=\"2025-08-12T23:09:09+00:00\" \/>\n<meta property=\"og:image\" content=\"https:\/\/canal7slp.tv\/2025\/wp-content\/uploads\/2025\/08\/Vazquez02GoberAntros.jpg\" \/>\n\t<meta property=\"og:image:width\" content=\"1280\" \/>\n\t<meta property=\"og:image:height\" content=\"720\" \/>\n\t<meta property=\"og:image:type\" content=\"image\/jpeg\" \/>\n<meta name=\"author\" content=\"Edici\u00f3n Web\" \/>\n<meta name=\"twitter:card\" content=\"summary_large_image\" \/>\n<meta name=\"twitter:creator\" content=\"@NOTICIEROS7\" \/>\n<meta name=\"twitter:site\" content=\"@NOTICIEROS7\" \/>\n<meta name=\"twitter:label1\" content=\"Escrito por\" \/>\n\t<meta name=\"twitter:data1\" content=\"Edici\u00f3n Web\" \/>\n\t<meta name=\"twitter:label2\" content=\"Tiempo de lectura\" \/>\n\t<meta name=\"twitter:data2\" content=\"2 minutos\" \/>\n<script type=\"application\/ld+json\" class=\"yoast-schema-graph\">{\"@context\":\"https:\\\/\\\/schema.org\",\"@graph\":[{\"@type\":\"Article\",\"@id\":\"https:\\\/\\\/canal7slp.tv\\\/2025\\\/mal-planteada-dice-gallardo-sobre-la-reubicacion-de-antros-dentro-de-slp\\\/#article\",\"isPartOf\":{\"@id\":\"https:\\\/\\\/canal7slp.tv\\\/2025\\\/mal-planteada-dice-gallardo-sobre-la-reubicacion-de-antros-dentro-de-slp\\\/\"},\"author\":{\"name\":\"Edici\u00f3n Web\",\"@id\":\"https:\\\/\\\/canal7slp.tv\\\/2025\\\/#\\\/schema\\\/person\\\/271e2b60a96e7cc9d9ac296f4d7e414b\"},\"headline\":\"\u00abMal planteada\u201d, dice Gallardo sobre la reubicaci\u00f3n de antros dentro de SLP\",\"datePublished\":\"2025-08-12T23:09:09+00:00\",\"mainEntityOfPage\":{\"@id\":\"https:\\\/\\\/canal7slp.tv\\\/2025\\\/mal-planteada-dice-gallardo-sobre-la-reubicacion-de-antros-dentro-de-slp\\\/\"},\"wordCount\":369,\"publisher\":{\"@id\":\"https:\\\/\\\/canal7slp.tv\\\/2025\\\/#organization\"},\"image\":{\"@id\":\"https:\\\/\\\/canal7slp.tv\\\/2025\\\/mal-planteada-dice-gallardo-sobre-la-reubicacion-de-antros-dentro-de-slp\\\/#primaryimage\"},\"thumbnailUrl\":\"https:\\\/\\\/canal7slp.tv\\\/2025\\\/wp-content\\\/uploads\\\/2025\\\/08\\\/Vazquez02GoberAntros.jpg\",\"articleSection\":[\"DESTACADAS\",\"GOBEDOSLP\",\"LOCALES Y REGIONALES\"],\"inLanguage\":\"es\"},{\"@type\":\"WebPage\",\"@id\":\"https:\\\/\\\/canal7slp.tv\\\/2025\\\/mal-planteada-dice-gallardo-sobre-la-reubicacion-de-antros-dentro-de-slp\\\/\",\"url\":\"https:\\\/\\\/canal7slp.tv\\\/2025\\\/mal-planteada-dice-gallardo-sobre-la-reubicacion-de-antros-dentro-de-slp\\\/\",\"name\":\"\\\"Mal planteada\u201d, dice Gallardo sobre la reubicaci\u00f3n de antros dentro de SLP - Canal 7 SLP - 2025\",\"isPartOf\":{\"@id\":\"https:\\\/\\\/canal7slp.tv\\\/2025\\\/#website\"},\"primaryImageOfPage\":{\"@id\":\"https:\\\/\\\/canal7slp.tv\\\/2025\\\/mal-planteada-dice-gallardo-sobre-la-reubicacion-de-antros-dentro-de-slp\\\/#primaryimage\"},\"image\":{\"@id\":\"https:\\\/\\\/canal7slp.tv\\\/2025\\\/mal-planteada-dice-gallardo-sobre-la-reubicacion-de-antros-dentro-de-slp\\\/#primaryimage\"},\"thumbnailUrl\":\"https:\\\/\\\/canal7slp.tv\\\/2025\\\/wp-content\\\/uploads\\\/2025\\\/08\\\/Vazquez02GoberAntros.jpg\",\"datePublished\":\"2025-08-12T23:09:09+00:00\",\"breadcrumb\":{\"@id\":\"https:\\\/\\\/canal7slp.tv\\\/2025\\\/mal-planteada-dice-gallardo-sobre-la-reubicacion-de-antros-dentro-de-slp\\\/#breadcrumb\"},\"inLanguage\":\"es\",\"potentialAction\":[{\"@type\":\"ReadAction\",\"target\":[\"https:\\\/\\\/canal7slp.tv\\\/2025\\\/mal-planteada-dice-gallardo-sobre-la-reubicacion-de-antros-dentro-de-slp\\\/\"]}]},{\"@type\":\"ImageObject\",\"inLanguage\":\"es\",\"@id\":\"https:\\\/\\\/canal7slp.tv\\\/2025\\\/mal-planteada-dice-gallardo-sobre-la-reubicacion-de-antros-dentro-de-slp\\\/#primaryimage\",\"url\":\"https:\\\/\\\/canal7slp.tv\\\/2025\\\/wp-content\\\/uploads\\\/2025\\\/08\\\/Vazquez02GoberAntros.jpg\",\"contentUrl\":\"https:\\\/\\\/canal7slp.tv\\\/2025\\\/wp-content\\\/uploads\\\/2025\\\/08\\\/Vazquez02GoberAntros.jpg\",\"width\":1280,\"height\":720},{\"@type\":\"BreadcrumbList\",\"@id\":\"https:\\\/\\\/canal7slp.tv\\\/2025\\\/mal-planteada-dice-gallardo-sobre-la-reubicacion-de-antros-dentro-de-slp\\\/#breadcrumb\",\"itemListElement\":[{\"@type\":\"ListItem\",\"position\":1,\"name\":\"Portada\",\"item\":\"https:\\\/\\\/canal7slp.tv\\\/2025\\\/\"},{\"@type\":\"ListItem\",\"position\":2,\"name\":\"\u00abMal planteada\u201d, dice Gallardo sobre la reubicaci\u00f3n de antros dentro de SLP\"}]},{\"@type\":\"WebSite\",\"@id\":\"https:\\\/\\\/canal7slp.tv\\\/2025\\\/#website\",\"url\":\"https:\\\/\\\/canal7slp.tv\\\/2025\\\/\",\"name\":\"N7 - Noticieros Canal 7\",\"description\":\"Somos el Medio\",\"publisher\":{\"@id\":\"https:\\\/\\\/canal7slp.tv\\\/2025\\\/#organization\"},\"potentialAction\":[{\"@type\":\"SearchAction\",\"target\":{\"@type\":\"EntryPoint\",\"urlTemplate\":\"https:\\\/\\\/canal7slp.tv\\\/2025\\\/?s={search_term_string}\"},\"query-input\":{\"@type\":\"PropertyValueSpecification\",\"valueRequired\":true,\"valueName\":\"search_term_string\"}}],\"inLanguage\":\"es\"},{\"@type\":\"Organization\",\"@id\":\"https:\\\/\\\/canal7slp.tv\\\/2025\\\/#organization\",\"name\":\"Noticieros Canal 7\",\"url\":\"https:\\\/\\\/canal7slp.tv\\\/2025\\\/\",\"logo\":{\"@type\":\"ImageObject\",\"inLanguage\":\"es\",\"@id\":\"https:\\\/\\\/canal7slp.tv\\\/2025\\\/#\\\/schema\\\/logo\\\/image\\\/\",\"url\":\"https:\\\/\\\/canal7slp.tv\\\/2025\\\/wp-content\\\/uploads\\\/2021\\\/01\\\/logo-noticieros@2x.png\",\"contentUrl\":\"https:\\\/\\\/canal7slp.tv\\\/2025\\\/wp-content\\\/uploads\\\/2021\\\/01\\\/logo-noticieros@2x.png\",\"width\":1017,\"height\":268,\"caption\":\"Noticieros Canal 7\"},\"image\":{\"@id\":\"https:\\\/\\\/canal7slp.tv\\\/2025\\\/#\\\/schema\\\/logo\\\/image\\\/\"},\"sameAs\":[\"https:\\\/\\\/www.facebook.com\\\/noticieroscanal7atencionciudadana\\\/\",\"https:\\\/\\\/x.com\\\/NOTICIEROS7\",\"https:\\\/\\\/www.instagram.com\\\/canal7_slp\",\"https:\\\/\\\/www.youtube.com\\\/channel\\\/UCliiYs-gP3JfJeqdPrNdd5A\"]},{\"@type\":\"Person\",\"@id\":\"https:\\\/\\\/canal7slp.tv\\\/2025\\\/#\\\/schema\\\/person\\\/271e2b60a96e7cc9d9ac296f4d7e414b\",\"name\":\"Edici\u00f3n Web\",\"image\":{\"@type\":\"ImageObject\",\"inLanguage\":\"es\",\"@id\":\"https:\\\/\\\/secure.gravatar.com\\\/avatar\\\/eee448fc3f7164808013b816ba91ac7e43bbe82a70bebac296f8bc6f0addaa1a?s=96&d=mm&r=g\",\"url\":\"https:\\\/\\\/secure.gravatar.com\\\/avatar\\\/eee448fc3f7164808013b816ba91ac7e43bbe82a70bebac296f8bc6f0addaa1a?s=96&d=mm&r=g\",\"contentUrl\":\"https:\\\/\\\/secure.gravatar.com\\\/avatar\\\/eee448fc3f7164808013b816ba91ac7e43bbe82a70bebac296f8bc6f0addaa1a?s=96&d=mm&r=g\",\"caption\":\"Edici\u00f3n Web\"},\"url\":\"https:\\\/\\\/canal7slp.tv\\\/2025\\\/author\\\/edicionweb\\\/\"}]}<\/script>\n<!-- \/ Yoast SEO plugin. -->","yoast_head_json":{"title":"\"Mal planteada\u201d, dice Gallardo sobre la reubicaci\u00f3n de antros dentro de SLP - Canal 7 SLP - 2025","robots":{"index":"index","follow":"follow","max-snippet":"max-snippet:-1","max-image-preview":"max-image-preview:large","max-video-preview":"max-video-preview:-1"},"canonical":"https:\/\/canal7slp.tv\/2025\/mal-planteada-dice-gallardo-sobre-la-reubicacion-de-antros-dentro-de-slp\/","og_locale":"es_ES","og_type":"article","og_title":"\"Mal planteada\u201d, dice Gallardo sobre la reubicaci\u00f3n de antros dentro de SLP - Canal 7 SLP - 2025","og_description":"SLP.- El gobernador de San Luis Potos\u00ed, Ricardo Gallardo Cardona, critic\u00f3 la propuesta municipal de reubicar los centros nocturnos que se encuentran dentro de la ciudad, luego de cuestionarle si ha habido acercamiento alguno con este sector empresarial. \u201cEs dif\u00edcil, se tendr\u00eda que hacer una zona de tolerancia como existen en otras partes donde se pudieran concentrar todos, pero en ese caso no se tendr\u00edan que poner en la ciudad, se tendr\u00edan que poner en la periferia, un terreno de 40 a 60 hect\u00e1reas donde pudieras congregar a los antros con un gran estacionamiento de 20 o 30 hect\u00e1reas y [&hellip;]","og_url":"https:\/\/canal7slp.tv\/2025\/mal-planteada-dice-gallardo-sobre-la-reubicacion-de-antros-dentro-de-slp\/","og_site_name":"Canal 7 SLP - 2025","article_publisher":"https:\/\/www.facebook.com\/noticieroscanal7atencionciudadana\/","article_published_time":"2025-08-12T23:09:09+00:00","og_image":[{"width":1280,"height":720,"url":"https:\/\/canal7slp.tv\/2025\/wp-content\/uploads\/2025\/08\/Vazquez02GoberAntros.jpg","type":"image\/jpeg"}],"author":"Edici\u00f3n Web","twitter_card":"summary_large_image","twitter_creator":"@NOTICIEROS7","twitter_site":"@NOTICIEROS7","twitter_misc":{"Escrito por":"Edici\u00f3n Web","Tiempo de lectura":"2 minutos"},"schema":{"@context":"https:\/\/schema.org","@graph":[{"@type":"Article","@id":"https:\/\/canal7slp.tv\/2025\/mal-planteada-dice-gallardo-sobre-la-reubicacion-de-antros-dentro-de-slp\/#article","isPartOf":{"@id":"https:\/\/canal7slp.tv\/2025\/mal-planteada-dice-gallardo-sobre-la-reubicacion-de-antros-dentro-de-slp\/"},"author":{"name":"Edici\u00f3n Web","@id":"https:\/\/canal7slp.tv\/2025\/#\/schema\/person\/271e2b60a96e7cc9d9ac296f4d7e414b"},"headline":"\u00abMal planteada\u201d, dice Gallardo sobre la reubicaci\u00f3n de antros dentro de SLP","datePublished":"2025-08-12T23:09:09+00:00","mainEntityOfPage":{"@id":"https:\/\/canal7slp.tv\/2025\/mal-planteada-dice-gallardo-sobre-la-reubicacion-de-antros-dentro-de-slp\/"},"wordCount":369,"publisher":{"@id":"https:\/\/canal7slp.tv\/2025\/#organization"},"image":{"@id":"https:\/\/canal7slp.tv\/2025\/mal-planteada-dice-gallardo-sobre-la-reubicacion-de-antros-dentro-de-slp\/#primaryimage"},"thumbnailUrl":"https:\/\/canal7slp.tv\/2025\/wp-content\/uploads\/2025\/08\/Vazquez02GoberAntros.jpg","articleSection":["DESTACADAS","GOBEDOSLP","LOCALES Y REGIONALES"],"inLanguage":"es"},{"@type":"WebPage","@id":"https:\/\/canal7slp.tv\/2025\/mal-planteada-dice-gallardo-sobre-la-reubicacion-de-antros-dentro-de-slp\/","url":"https:\/\/canal7slp.tv\/2025\/mal-planteada-dice-gallardo-sobre-la-reubicacion-de-antros-dentro-de-slp\/","name":"\"Mal planteada\u201d, dice Gallardo sobre la reubicaci\u00f3n de antros dentro de SLP - Canal 7 SLP - 2025","isPartOf":{"@id":"https:\/\/canal7slp.tv\/2025\/#website"},"primaryImageOfPage":{"@id":"https:\/\/canal7slp.tv\/2025\/mal-planteada-dice-gallardo-sobre-la-reubicacion-de-antros-dentro-de-slp\/#primaryimage"},"image":{"@id":"https:\/\/canal7slp.tv\/2025\/mal-planteada-dice-gallardo-sobre-la-reubicacion-de-antros-dentro-de-slp\/#primaryimage"},"thumbnailUrl":"https:\/\/canal7slp.tv\/2025\/wp-content\/uploads\/2025\/08\/Vazquez02GoberAntros.jpg","datePublished":"2025-08-12T23:09:09+00:00","breadcrumb":{"@id":"https:\/\/canal7slp.tv\/2025\/mal-planteada-dice-gallardo-sobre-la-reubicacion-de-antros-dentro-de-slp\/#breadcrumb"},"inLanguage":"es","potentialAction":[{"@type":"ReadAction","target":["https:\/\/canal7slp.tv\/2025\/mal-planteada-dice-gallardo-sobre-la-reubicacion-de-antros-dentro-de-slp\/"]}]},{"@type":"ImageObject","inLanguage":"es","@id":"https:\/\/canal7slp.tv\/2025\/mal-planteada-dice-gallardo-sobre-la-reubicacion-de-antros-dentro-de-slp\/#primaryimage","url":"https:\/\/canal7slp.tv\/2025\/wp-content\/uploads\/2025\/08\/Vazquez02GoberAntros.jpg","contentUrl":"https:\/\/canal7slp.tv\/2025\/wp-content\/uploads\/2025\/08\/Vazquez02GoberAntros.jpg","width":1280,"height":720},{"@type":"BreadcrumbList","@id":"https:\/\/canal7slp.tv\/2025\/mal-planteada-dice-gallardo-sobre-la-reubicacion-de-antros-dentro-de-slp\/#breadcrumb","itemListElement":[{"@type":"ListItem","position":1,"name":"Portada","item":"https:\/\/canal7slp.tv\/2025\/"},{"@type":"ListItem","position":2,"name":"\u00abMal planteada\u201d, dice Gallardo sobre la reubicaci\u00f3n de antros dentro de SLP"}]},{"@type":"WebSite","@id":"https:\/\/canal7slp.tv\/2025\/#website","url":"https:\/\/canal7slp.tv\/2025\/","name":"N7 - Noticieros Canal 7","description":"Somos el Medio","publisher":{"@id":"https:\/\/canal7slp.tv\/2025\/#organization"},"potentialAction":[{"@type":"SearchAction","target":{"@type":"EntryPoint","urlTemplate":"https:\/\/canal7slp.tv\/2025\/?s={search_term_string}"},"query-input":{"@type":"PropertyValueSpecification","valueRequired":true,"valueName":"search_term_string"}}],"inLanguage":"es"},{"@type":"Organization","@id":"https:\/\/canal7slp.tv\/2025\/#organization","name":"Noticieros Canal 7","url":"https:\/\/canal7slp.tv\/2025\/","logo":{"@type":"ImageObject","inLanguage":"es","@id":"https:\/\/canal7slp.tv\/2025\/#\/schema\/logo\/image\/","url":"https:\/\/canal7slp.tv\/2025\/wp-content\/uploads\/2021\/01\/logo-noticieros@2x.png","contentUrl":"https:\/\/canal7slp.tv\/2025\/wp-content\/uploads\/2021\/01\/logo-noticieros@2x.png","width":1017,"height":268,"caption":"Noticieros Canal 7"},"image":{"@id":"https:\/\/canal7slp.tv\/2025\/#\/schema\/logo\/image\/"},"sameAs":["https:\/\/www.facebook.com\/noticieroscanal7atencionciudadana\/","https:\/\/x.com\/NOTICIEROS7","https:\/\/www.instagram.com\/canal7_slp","https:\/\/www.youtube.com\/channel\/UCliiYs-gP3JfJeqdPrNdd5A"]},{"@type":"Person","@id":"https:\/\/canal7slp.tv\/2025\/#\/schema\/person\/271e2b60a96e7cc9d9ac296f4d7e414b","name":"Edici\u00f3n Web","image":{"@type":"ImageObject","inLanguage":"es","@id":"https:\/\/secure.gravatar.com\/avatar\/eee448fc3f7164808013b816ba91ac7e43bbe82a70bebac296f8bc6f0addaa1a?s=96&d=mm&r=g","url":"https:\/\/secure.gravatar.com\/avatar\/eee448fc3f7164808013b816ba91ac7e43bbe82a70bebac296f8bc6f0addaa1a?s=96&d=mm&r=g","contentUrl":"https:\/\/secure.gravatar.com\/avatar\/eee448fc3f7164808013b816ba91ac7e43bbe82a70bebac296f8bc6f0addaa1a?s=96&d=mm&r=g","caption":"Edici\u00f3n Web"},"url":"https:\/\/canal7slp.tv\/2025\/author\/edicionweb\/"}]}},"_links":{"self":[{"href":"https:\/\/canal7slp.tv\/2025\/wp-json\/wp\/v2\/posts\/176225","targetHints":{"allow":["GET"]}}],"collection":[{"href":"https:\/\/canal7slp.tv\/2025\/wp-json\/wp\/v2\/posts"}],"about":[{"href":"https:\/\/canal7slp.tv\/2025\/wp-json\/wp\/v2\/types\/post"}],"author":[{"embeddable":true,"href":"https:\/\/canal7slp.tv\/2025\/wp-json\/wp\/v2\/users\/2"}],"replies":[{"embeddable":true,"href":"https:\/\/canal7slp.tv\/2025\/wp-json\/wp\/v2\/comments?post=176225"}],"version-history":[{"count":1,"href":"https:\/\/canal7slp.tv\/2025\/wp-json\/wp\/v2\/posts\/176225\/revisions"}],"predecessor-version":[{"id":176228,"href":"https:\/\/canal7slp.tv\/2025\/wp-json\/wp\/v2\/posts\/176225\/revisions\/176228"}],"wp:featuredmedia":[{"embeddable":true,"href":"https:\/\/canal7slp.tv\/2025\/wp-json\/wp\/v2\/media\/176227"}],"wp:attachment":[{"href":"https:\/\/canal7slp.tv\/2025\/wp-json\/wp\/v2\/media?parent=176225"}],"wp:term":[{"taxonomy":"category","embeddable":true,"href":"https:\/\/canal7slp.tv\/2025\/wp-json\/wp\/v2\/categories?post=176225"},{"taxonomy":"post_tag","embeddable":true,"href":"https:\/\/canal7slp.tv\/2025\/wp-json\/wp\/v2\/tags?post=176225"}],"curies":[{"name":"wp","href":"https:\/\/api.w.org\/{rel}","templated":true}]}}