{"id":176221,"date":"2025-08-12T16:46:46","date_gmt":"2025-08-12T22:46:46","guid":{"rendered":"https:\/\/canal7slp.tv\/2025\/?p=176221"},"modified":"2025-08-12T16:46:46","modified_gmt":"2025-08-12T22:46:46","slug":"arranca-jornada-contra-el-dengue-en-san-luis-potosi-ante-242-casos-confirmados-en-este-2025","status":"publish","type":"post","link":"https:\/\/canal7slp.tv\/2025\/arranca-jornada-contra-el-dengue-en-san-luis-potosi-ante-242-casos-confirmados-en-este-2025\/","title":{"rendered":"Arranca jornada contra el dengue en San Luis Potos\u00ed ante 242 casos confirmados en este 2025"},"content":{"rendered":"<p style=\"text-align: justify;\"><span style=\"font-size: 1.21429rem;\">SLP.- En San Luis Potos\u00ed se han registrado 242 casos confirmados de dengue en lo que va de 2025, ante esta situaci\u00f3n, comenz\u00f3 la Segunda Jornada Nacional de Lucha contra el Dengue con acciones para prevenir y controlar la enfermedad, con la participaci\u00f3n de sectores p\u00fablicos, privados y la poblaci\u00f3n en general.<\/span><\/p>\n<p style=\"text-align: justify;\">Durante la jornada se desarrollar\u00e1n actividades de educaci\u00f3n para la salud, difusi\u00f3n y participaci\u00f3n social, as\u00ed como control integral del vector en planteles educativos de todos los niveles.<\/p>\n<p style=\"text-align: justify;\">Tambi\u00e9n se llevar\u00e1n a cabo labores de fumigaci\u00f3n en zonas con casos confirmados o sospechosos, sobretodo en la huasteca potosina.<\/p>\n<p style=\"text-align: justify;\">Las acciones estar\u00e1n enfocadas en reducir el riesgo de contagio en ni\u00f1as, ni\u00f1os y adolescentes mediante la difusi\u00f3n de informaci\u00f3n sobre la enfermedad y su combate, adem\u00e1s de promover la participaci\u00f3n ciudadana en medidas como el patio limpio, saneamiento b\u00e1sico, descacharrizaci\u00f3n, uso de mosquiteros, ropa de manga larga y repelente.<\/p>\n<p style=\"text-align: justify;\">Se reiter\u00f3 que ante s\u00edntomas como dolor detr\u00e1s de los ojos, dolor en articulaciones, fiebre, cansancio, sarpullido, dolor de cabeza intenso, n\u00e1useas o v\u00f3mito, es fundamental acudir a la unidad de salud m\u00e1s cercana para una atenci\u00f3n oportuna.<\/p>\n<p>Por: Jos\u00e9 Luis V\u00e1zquez<\/p>\n","protected":false},"excerpt":{"rendered":"<p>SLP.- En San Luis Potos\u00ed se han registrado 242 casos confirmados de dengue en lo que va de 2025, ante esta situaci\u00f3n, comenz\u00f3 la Segunda Jornada Nacional de Lucha contra el Dengue con acciones para prevenir y controlar la enfermedad, con la participaci\u00f3n de sectores p\u00fablicos, privados y la poblaci\u00f3n en general. Durante la jornada se desarrollar\u00e1n actividades de educaci\u00f3n para la salud, difusi\u00f3n y participaci\u00f3n social, as\u00ed como control integral del vector en planteles educativos de todos los niveles. Tambi\u00e9n se llevar\u00e1n a cabo labores de fumigaci\u00f3n en zonas con casos confirmados o sospechosos, sobretodo en la huasteca potosina. [&hellip;]<\/p>\n","protected":false},"author":2,"featured_media":176223,"comment_status":"closed","ping_status":"closed","sticky":false,"template":"","format":"video","meta":{"_monsterinsights_skip_tracking":false,"_monsterinsights_sitenote_active":false,"_monsterinsights_sitenote_note":"","_monsterinsights_sitenote_category":0,"footnotes":""},"categories":[5,45],"tags":[],"class_list":["post-176221","post","type-post","status-publish","format-video","has-post-thumbnail","hentry","category-destacadas","category-localesyregionales","post_format-post-format-video","post--single"],"yoast_head":"<!-- This site is optimized with the Yoast SEO plugin v27.5 - https:\/\/yoast.com\/product\/yoast-seo-wordpress\/ -->\n<title>Arranca jornada contra el dengue en San Luis Potos\u00ed ante 242 casos confirmados en este 2025 - Canal 7 SLP - 2025<\/title>\n<meta name=\"robots\" content=\"index, follow, max-snippet:-1, max-image-preview:large, max-video-preview:-1\" \/>\n<link rel=\"canonical\" href=\"https:\/\/canal7slp.tv\/2025\/arranca-jornada-contra-el-dengue-en-san-luis-potosi-ante-242-casos-confirmados-en-este-2025\/\" \/>\n<meta property=\"og:locale\" content=\"es_ES\" \/>\n<meta property=\"og:type\" content=\"article\" \/>\n<meta property=\"og:title\" content=\"Arranca jornada contra el dengue en San Luis Potos\u00ed ante 242 casos confirmados en este 2025 - Canal 7 SLP - 2025\" \/>\n<meta property=\"og:description\" content=\"SLP.- En San Luis Potos\u00ed se han registrado 242 casos confirmados de dengue en lo que va de 2025, ante esta situaci\u00f3n, comenz\u00f3 la Segunda Jornada Nacional de Lucha contra el Dengue con acciones para prevenir y controlar la enfermedad, con la participaci\u00f3n de sectores p\u00fablicos, privados y la poblaci\u00f3n en general. Durante la jornada se desarrollar\u00e1n actividades de educaci\u00f3n para la salud, difusi\u00f3n y participaci\u00f3n social, as\u00ed como control integral del vector en planteles educativos de todos los niveles. Tambi\u00e9n se llevar\u00e1n a cabo labores de fumigaci\u00f3n en zonas con casos confirmados o sospechosos, sobretodo en la huasteca potosina. [&hellip;]\" \/>\n<meta property=\"og:url\" content=\"https:\/\/canal7slp.tv\/2025\/arranca-jornada-contra-el-dengue-en-san-luis-potosi-ante-242-casos-confirmados-en-este-2025\/\" \/>\n<meta property=\"og:site_name\" content=\"Canal 7 SLP - 2025\" \/>\n<meta property=\"article:publisher\" content=\"https:\/\/www.facebook.com\/noticieroscanal7atencionciudadana\/\" \/>\n<meta property=\"article:published_time\" content=\"2025-08-12T22:46:46+00:00\" \/>\n<meta property=\"og:image\" content=\"https:\/\/canal7slp.tv\/2025\/wp-content\/uploads\/2025\/08\/Vazquez01Dengue.jpg\" \/>\n\t<meta property=\"og:image:width\" content=\"1280\" \/>\n\t<meta property=\"og:image:height\" content=\"720\" \/>\n\t<meta property=\"og:image:type\" content=\"image\/jpeg\" \/>\n<meta name=\"author\" content=\"Edici\u00f3n Web\" \/>\n<meta name=\"twitter:card\" content=\"summary_large_image\" \/>\n<meta name=\"twitter:creator\" content=\"@NOTICIEROS7\" \/>\n<meta name=\"twitter:site\" content=\"@NOTICIEROS7\" \/>\n<meta name=\"twitter:label1\" content=\"Escrito por\" \/>\n\t<meta name=\"twitter:data1\" content=\"Edici\u00f3n Web\" \/>\n\t<meta name=\"twitter:label2\" content=\"Tiempo de lectura\" \/>\n\t<meta name=\"twitter:data2\" content=\"2 minutos\" \/>\n<script type=\"application\/ld+json\" class=\"yoast-schema-graph\">{\"@context\":\"https:\\\/\\\/schema.org\",\"@graph\":[{\"@type\":\"Article\",\"@id\":\"https:\\\/\\\/canal7slp.tv\\\/2025\\\/arranca-jornada-contra-el-dengue-en-san-luis-potosi-ante-242-casos-confirmados-en-este-2025\\\/#article\",\"isPartOf\":{\"@id\":\"https:\\\/\\\/canal7slp.tv\\\/2025\\\/arranca-jornada-contra-el-dengue-en-san-luis-potosi-ante-242-casos-confirmados-en-este-2025\\\/\"},\"author\":{\"name\":\"Edici\u00f3n Web\",\"@id\":\"https:\\\/\\\/canal7slp.tv\\\/2025\\\/#\\\/schema\\\/person\\\/271e2b60a96e7cc9d9ac296f4d7e414b\"},\"headline\":\"Arranca jornada contra el dengue en San Luis Potos\u00ed ante 242 casos confirmados en este 2025\",\"datePublished\":\"2025-08-12T22:46:46+00:00\",\"mainEntityOfPage\":{\"@id\":\"https:\\\/\\\/canal7slp.tv\\\/2025\\\/arranca-jornada-contra-el-dengue-en-san-luis-potosi-ante-242-casos-confirmados-en-este-2025\\\/\"},\"wordCount\":232,\"publisher\":{\"@id\":\"https:\\\/\\\/canal7slp.tv\\\/2025\\\/#organization\"},\"image\":{\"@id\":\"https:\\\/\\\/canal7slp.tv\\\/2025\\\/arranca-jornada-contra-el-dengue-en-san-luis-potosi-ante-242-casos-confirmados-en-este-2025\\\/#primaryimage\"},\"thumbnailUrl\":\"https:\\\/\\\/canal7slp.tv\\\/2025\\\/wp-content\\\/uploads\\\/2025\\\/08\\\/Vazquez01Dengue.jpg\",\"articleSection\":[\"DESTACADAS\",\"LOCALES Y REGIONALES\"],\"inLanguage\":\"es\"},{\"@type\":\"WebPage\",\"@id\":\"https:\\\/\\\/canal7slp.tv\\\/2025\\\/arranca-jornada-contra-el-dengue-en-san-luis-potosi-ante-242-casos-confirmados-en-este-2025\\\/\",\"url\":\"https:\\\/\\\/canal7slp.tv\\\/2025\\\/arranca-jornada-contra-el-dengue-en-san-luis-potosi-ante-242-casos-confirmados-en-este-2025\\\/\",\"name\":\"Arranca jornada contra el dengue en San Luis Potos\u00ed ante 242 casos confirmados en este 2025 - Canal 7 SLP - 2025\",\"isPartOf\":{\"@id\":\"https:\\\/\\\/canal7slp.tv\\\/2025\\\/#website\"},\"primaryImageOfPage\":{\"@id\":\"https:\\\/\\\/canal7slp.tv\\\/2025\\\/arranca-jornada-contra-el-dengue-en-san-luis-potosi-ante-242-casos-confirmados-en-este-2025\\\/#primaryimage\"},\"image\":{\"@id\":\"https:\\\/\\\/canal7slp.tv\\\/2025\\\/arranca-jornada-contra-el-dengue-en-san-luis-potosi-ante-242-casos-confirmados-en-este-2025\\\/#primaryimage\"},\"thumbnailUrl\":\"https:\\\/\\\/canal7slp.tv\\\/2025\\\/wp-content\\\/uploads\\\/2025\\\/08\\\/Vazquez01Dengue.jpg\",\"datePublished\":\"2025-08-12T22:46:46+00:00\",\"breadcrumb\":{\"@id\":\"https:\\\/\\\/canal7slp.tv\\\/2025\\\/arranca-jornada-contra-el-dengue-en-san-luis-potosi-ante-242-casos-confirmados-en-este-2025\\\/#breadcrumb\"},\"inLanguage\":\"es\",\"potentialAction\":[{\"@type\":\"ReadAction\",\"target\":[\"https:\\\/\\\/canal7slp.tv\\\/2025\\\/arranca-jornada-contra-el-dengue-en-san-luis-potosi-ante-242-casos-confirmados-en-este-2025\\\/\"]}]},{\"@type\":\"ImageObject\",\"inLanguage\":\"es\",\"@id\":\"https:\\\/\\\/canal7slp.tv\\\/2025\\\/arranca-jornada-contra-el-dengue-en-san-luis-potosi-ante-242-casos-confirmados-en-este-2025\\\/#primaryimage\",\"url\":\"https:\\\/\\\/canal7slp.tv\\\/2025\\\/wp-content\\\/uploads\\\/2025\\\/08\\\/Vazquez01Dengue.jpg\",\"contentUrl\":\"https:\\\/\\\/canal7slp.tv\\\/2025\\\/wp-content\\\/uploads\\\/2025\\\/08\\\/Vazquez01Dengue.jpg\",\"width\":1280,\"height\":720},{\"@type\":\"BreadcrumbList\",\"@id\":\"https:\\\/\\\/canal7slp.tv\\\/2025\\\/arranca-jornada-contra-el-dengue-en-san-luis-potosi-ante-242-casos-confirmados-en-este-2025\\\/#breadcrumb\",\"itemListElement\":[{\"@type\":\"ListItem\",\"position\":1,\"name\":\"Portada\",\"item\":\"https:\\\/\\\/canal7slp.tv\\\/2025\\\/\"},{\"@type\":\"ListItem\",\"position\":2,\"name\":\"Arranca jornada contra el dengue en San Luis Potos\u00ed ante 242 casos confirmados en este 2025\"}]},{\"@type\":\"WebSite\",\"@id\":\"https:\\\/\\\/canal7slp.tv\\\/2025\\\/#website\",\"url\":\"https:\\\/\\\/canal7slp.tv\\\/2025\\\/\",\"name\":\"N7 - Noticieros Canal 7\",\"description\":\"Somos el Medio\",\"publisher\":{\"@id\":\"https:\\\/\\\/canal7slp.tv\\\/2025\\\/#organization\"},\"potentialAction\":[{\"@type\":\"SearchAction\",\"target\":{\"@type\":\"EntryPoint\",\"urlTemplate\":\"https:\\\/\\\/canal7slp.tv\\\/2025\\\/?s={search_term_string}\"},\"query-input\":{\"@type\":\"PropertyValueSpecification\",\"valueRequired\":true,\"valueName\":\"search_term_string\"}}],\"inLanguage\":\"es\"},{\"@type\":\"Organization\",\"@id\":\"https:\\\/\\\/canal7slp.tv\\\/2025\\\/#organization\",\"name\":\"Noticieros Canal 7\",\"url\":\"https:\\\/\\\/canal7slp.tv\\\/2025\\\/\",\"logo\":{\"@type\":\"ImageObject\",\"inLanguage\":\"es\",\"@id\":\"https:\\\/\\\/canal7slp.tv\\\/2025\\\/#\\\/schema\\\/logo\\\/image\\\/\",\"url\":\"https:\\\/\\\/canal7slp.tv\\\/2025\\\/wp-content\\\/uploads\\\/2021\\\/01\\\/logo-noticieros@2x.png\",\"contentUrl\":\"https:\\\/\\\/canal7slp.tv\\\/2025\\\/wp-content\\\/uploads\\\/2021\\\/01\\\/logo-noticieros@2x.png\",\"width\":1017,\"height\":268,\"caption\":\"Noticieros Canal 7\"},\"image\":{\"@id\":\"https:\\\/\\\/canal7slp.tv\\\/2025\\\/#\\\/schema\\\/logo\\\/image\\\/\"},\"sameAs\":[\"https:\\\/\\\/www.facebook.com\\\/noticieroscanal7atencionciudadana\\\/\",\"https:\\\/\\\/x.com\\\/NOTICIEROS7\",\"https:\\\/\\\/www.instagram.com\\\/canal7_slp\",\"https:\\\/\\\/www.youtube.com\\\/channel\\\/UCliiYs-gP3JfJeqdPrNdd5A\"]},{\"@type\":\"Person\",\"@id\":\"https:\\\/\\\/canal7slp.tv\\\/2025\\\/#\\\/schema\\\/person\\\/271e2b60a96e7cc9d9ac296f4d7e414b\",\"name\":\"Edici\u00f3n Web\",\"image\":{\"@type\":\"ImageObject\",\"inLanguage\":\"es\",\"@id\":\"https:\\\/\\\/secure.gravatar.com\\\/avatar\\\/eee448fc3f7164808013b816ba91ac7e43bbe82a70bebac296f8bc6f0addaa1a?s=96&d=mm&r=g\",\"url\":\"https:\\\/\\\/secure.gravatar.com\\\/avatar\\\/eee448fc3f7164808013b816ba91ac7e43bbe82a70bebac296f8bc6f0addaa1a?s=96&d=mm&r=g\",\"contentUrl\":\"https:\\\/\\\/secure.gravatar.com\\\/avatar\\\/eee448fc3f7164808013b816ba91ac7e43bbe82a70bebac296f8bc6f0addaa1a?s=96&d=mm&r=g\",\"caption\":\"Edici\u00f3n Web\"},\"url\":\"https:\\\/\\\/canal7slp.tv\\\/2025\\\/author\\\/edicionweb\\\/\"}]}<\/script>\n<!-- \/ Yoast SEO plugin. -->","yoast_head_json":{"title":"Arranca jornada contra el dengue en San Luis Potos\u00ed ante 242 casos confirmados en este 2025 - Canal 7 SLP - 2025","robots":{"index":"index","follow":"follow","max-snippet":"max-snippet:-1","max-image-preview":"max-image-preview:large","max-video-preview":"max-video-preview:-1"},"canonical":"https:\/\/canal7slp.tv\/2025\/arranca-jornada-contra-el-dengue-en-san-luis-potosi-ante-242-casos-confirmados-en-este-2025\/","og_locale":"es_ES","og_type":"article","og_title":"Arranca jornada contra el dengue en San Luis Potos\u00ed ante 242 casos confirmados en este 2025 - Canal 7 SLP - 2025","og_description":"SLP.- En San Luis Potos\u00ed se han registrado 242 casos confirmados de dengue en lo que va de 2025, ante esta situaci\u00f3n, comenz\u00f3 la Segunda Jornada Nacional de Lucha contra el Dengue con acciones para prevenir y controlar la enfermedad, con la participaci\u00f3n de sectores p\u00fablicos, privados y la poblaci\u00f3n en general. Durante la jornada se desarrollar\u00e1n actividades de educaci\u00f3n para la salud, difusi\u00f3n y participaci\u00f3n social, as\u00ed como control integral del vector en planteles educativos de todos los niveles. Tambi\u00e9n se llevar\u00e1n a cabo labores de fumigaci\u00f3n en zonas con casos confirmados o sospechosos, sobretodo en la huasteca potosina. [&hellip;]","og_url":"https:\/\/canal7slp.tv\/2025\/arranca-jornada-contra-el-dengue-en-san-luis-potosi-ante-242-casos-confirmados-en-este-2025\/","og_site_name":"Canal 7 SLP - 2025","article_publisher":"https:\/\/www.facebook.com\/noticieroscanal7atencionciudadana\/","article_published_time":"2025-08-12T22:46:46+00:00","og_image":[{"width":1280,"height":720,"url":"https:\/\/canal7slp.tv\/2025\/wp-content\/uploads\/2025\/08\/Vazquez01Dengue.jpg","type":"image\/jpeg"}],"author":"Edici\u00f3n Web","twitter_card":"summary_large_image","twitter_creator":"@NOTICIEROS7","twitter_site":"@NOTICIEROS7","twitter_misc":{"Escrito por":"Edici\u00f3n Web","Tiempo de lectura":"2 minutos"},"schema":{"@context":"https:\/\/schema.org","@graph":[{"@type":"Article","@id":"https:\/\/canal7slp.tv\/2025\/arranca-jornada-contra-el-dengue-en-san-luis-potosi-ante-242-casos-confirmados-en-este-2025\/#article","isPartOf":{"@id":"https:\/\/canal7slp.tv\/2025\/arranca-jornada-contra-el-dengue-en-san-luis-potosi-ante-242-casos-confirmados-en-este-2025\/"},"author":{"name":"Edici\u00f3n Web","@id":"https:\/\/canal7slp.tv\/2025\/#\/schema\/person\/271e2b60a96e7cc9d9ac296f4d7e414b"},"headline":"Arranca jornada contra el dengue en San Luis Potos\u00ed ante 242 casos confirmados en este 2025","datePublished":"2025-08-12T22:46:46+00:00","mainEntityOfPage":{"@id":"https:\/\/canal7slp.tv\/2025\/arranca-jornada-contra-el-dengue-en-san-luis-potosi-ante-242-casos-confirmados-en-este-2025\/"},"wordCount":232,"publisher":{"@id":"https:\/\/canal7slp.tv\/2025\/#organization"},"image":{"@id":"https:\/\/canal7slp.tv\/2025\/arranca-jornada-contra-el-dengue-en-san-luis-potosi-ante-242-casos-confirmados-en-este-2025\/#primaryimage"},"thumbnailUrl":"https:\/\/canal7slp.tv\/2025\/wp-content\/uploads\/2025\/08\/Vazquez01Dengue.jpg","articleSection":["DESTACADAS","LOCALES Y REGIONALES"],"inLanguage":"es"},{"@type":"WebPage","@id":"https:\/\/canal7slp.tv\/2025\/arranca-jornada-contra-el-dengue-en-san-luis-potosi-ante-242-casos-confirmados-en-este-2025\/","url":"https:\/\/canal7slp.tv\/2025\/arranca-jornada-contra-el-dengue-en-san-luis-potosi-ante-242-casos-confirmados-en-este-2025\/","name":"Arranca jornada contra el dengue en San Luis Potos\u00ed ante 242 casos confirmados en este 2025 - Canal 7 SLP - 2025","isPartOf":{"@id":"https:\/\/canal7slp.tv\/2025\/#website"},"primaryImageOfPage":{"@id":"https:\/\/canal7slp.tv\/2025\/arranca-jornada-contra-el-dengue-en-san-luis-potosi-ante-242-casos-confirmados-en-este-2025\/#primaryimage"},"image":{"@id":"https:\/\/canal7slp.tv\/2025\/arranca-jornada-contra-el-dengue-en-san-luis-potosi-ante-242-casos-confirmados-en-este-2025\/#primaryimage"},"thumbnailUrl":"https:\/\/canal7slp.tv\/2025\/wp-content\/uploads\/2025\/08\/Vazquez01Dengue.jpg","datePublished":"2025-08-12T22:46:46+00:00","breadcrumb":{"@id":"https:\/\/canal7slp.tv\/2025\/arranca-jornada-contra-el-dengue-en-san-luis-potosi-ante-242-casos-confirmados-en-este-2025\/#breadcrumb"},"inLanguage":"es","potentialAction":[{"@type":"ReadAction","target":["https:\/\/canal7slp.tv\/2025\/arranca-jornada-contra-el-dengue-en-san-luis-potosi-ante-242-casos-confirmados-en-este-2025\/"]}]},{"@type":"ImageObject","inLanguage":"es","@id":"https:\/\/canal7slp.tv\/2025\/arranca-jornada-contra-el-dengue-en-san-luis-potosi-ante-242-casos-confirmados-en-este-2025\/#primaryimage","url":"https:\/\/canal7slp.tv\/2025\/wp-content\/uploads\/2025\/08\/Vazquez01Dengue.jpg","contentUrl":"https:\/\/canal7slp.tv\/2025\/wp-content\/uploads\/2025\/08\/Vazquez01Dengue.jpg","width":1280,"height":720},{"@type":"BreadcrumbList","@id":"https:\/\/canal7slp.tv\/2025\/arranca-jornada-contra-el-dengue-en-san-luis-potosi-ante-242-casos-confirmados-en-este-2025\/#breadcrumb","itemListElement":[{"@type":"ListItem","position":1,"name":"Portada","item":"https:\/\/canal7slp.tv\/2025\/"},{"@type":"ListItem","position":2,"name":"Arranca jornada contra el dengue en San Luis Potos\u00ed ante 242 casos confirmados en este 2025"}]},{"@type":"WebSite","@id":"https:\/\/canal7slp.tv\/2025\/#website","url":"https:\/\/canal7slp.tv\/2025\/","name":"N7 - Noticieros Canal 7","description":"Somos el Medio","publisher":{"@id":"https:\/\/canal7slp.tv\/2025\/#organization"},"potentialAction":[{"@type":"SearchAction","target":{"@type":"EntryPoint","urlTemplate":"https:\/\/canal7slp.tv\/2025\/?s={search_term_string}"},"query-input":{"@type":"PropertyValueSpecification","valueRequired":true,"valueName":"search_term_string"}}],"inLanguage":"es"},{"@type":"Organization","@id":"https:\/\/canal7slp.tv\/2025\/#organization","name":"Noticieros Canal 7","url":"https:\/\/canal7slp.tv\/2025\/","logo":{"@type":"ImageObject","inLanguage":"es","@id":"https:\/\/canal7slp.tv\/2025\/#\/schema\/logo\/image\/","url":"https:\/\/canal7slp.tv\/2025\/wp-content\/uploads\/2021\/01\/logo-noticieros@2x.png","contentUrl":"https:\/\/canal7slp.tv\/2025\/wp-content\/uploads\/2021\/01\/logo-noticieros@2x.png","width":1017,"height":268,"caption":"Noticieros Canal 7"},"image":{"@id":"https:\/\/canal7slp.tv\/2025\/#\/schema\/logo\/image\/"},"sameAs":["https:\/\/www.facebook.com\/noticieroscanal7atencionciudadana\/","https:\/\/x.com\/NOTICIEROS7","https:\/\/www.instagram.com\/canal7_slp","https:\/\/www.youtube.com\/channel\/UCliiYs-gP3JfJeqdPrNdd5A"]},{"@type":"Person","@id":"https:\/\/canal7slp.tv\/2025\/#\/schema\/person\/271e2b60a96e7cc9d9ac296f4d7e414b","name":"Edici\u00f3n Web","image":{"@type":"ImageObject","inLanguage":"es","@id":"https:\/\/secure.gravatar.com\/avatar\/eee448fc3f7164808013b816ba91ac7e43bbe82a70bebac296f8bc6f0addaa1a?s=96&d=mm&r=g","url":"https:\/\/secure.gravatar.com\/avatar\/eee448fc3f7164808013b816ba91ac7e43bbe82a70bebac296f8bc6f0addaa1a?s=96&d=mm&r=g","contentUrl":"https:\/\/secure.gravatar.com\/avatar\/eee448fc3f7164808013b816ba91ac7e43bbe82a70bebac296f8bc6f0addaa1a?s=96&d=mm&r=g","caption":"Edici\u00f3n Web"},"url":"https:\/\/canal7slp.tv\/2025\/author\/edicionweb\/"}]}},"_links":{"self":[{"href":"https:\/\/canal7slp.tv\/2025\/wp-json\/wp\/v2\/posts\/176221","targetHints":{"allow":["GET"]}}],"collection":[{"href":"https:\/\/canal7slp.tv\/2025\/wp-json\/wp\/v2\/posts"}],"about":[{"href":"https:\/\/canal7slp.tv\/2025\/wp-json\/wp\/v2\/types\/post"}],"author":[{"embeddable":true,"href":"https:\/\/canal7slp.tv\/2025\/wp-json\/wp\/v2\/users\/2"}],"replies":[{"embeddable":true,"href":"https:\/\/canal7slp.tv\/2025\/wp-json\/wp\/v2\/comments?post=176221"}],"version-history":[{"count":1,"href":"https:\/\/canal7slp.tv\/2025\/wp-json\/wp\/v2\/posts\/176221\/revisions"}],"predecessor-version":[{"id":176224,"href":"https:\/\/canal7slp.tv\/2025\/wp-json\/wp\/v2\/posts\/176221\/revisions\/176224"}],"wp:featuredmedia":[{"embeddable":true,"href":"https:\/\/canal7slp.tv\/2025\/wp-json\/wp\/v2\/media\/176223"}],"wp:attachment":[{"href":"https:\/\/canal7slp.tv\/2025\/wp-json\/wp\/v2\/media?parent=176221"}],"wp:term":[{"taxonomy":"category","embeddable":true,"href":"https:\/\/canal7slp.tv\/2025\/wp-json\/wp\/v2\/categories?post=176221"},{"taxonomy":"post_tag","embeddable":true,"href":"https:\/\/canal7slp.tv\/2025\/wp-json\/wp\/v2\/tags?post=176221"}],"curies":[{"name":"wp","href":"https:\/\/api.w.org\/{rel}","templated":true}]}}