{"id":176187,"date":"2025-08-12T13:19:40","date_gmt":"2025-08-12T19:19:40","guid":{"rendered":"https:\/\/canal7slp.tv\/2025\/?p=176187"},"modified":"2025-08-12T13:19:40","modified_gmt":"2025-08-12T19:19:40","slug":"israel-rechaza-propuesta-de-tregua-de-60-dias-en-gaza","status":"publish","type":"post","link":"https:\/\/canal7slp.tv\/2025\/israel-rechaza-propuesta-de-tregua-de-60-dias-en-gaza\/","title":{"rendered":"Israel rechaza propuesta de tregua de 60 d\u00edas en Gaza"},"content":{"rendered":"<p style=\"text-align: justify;\">\n<p style=\"text-align: justify;\">Jerusal\u00e9n.- En una entrevista transmitida por el canal israel\u00ed i24, el primer ministro de Israel, Benjam\u00edn Netanyahu, afirm\u00f3 que su gobierno no contempla un acuerdo parcial de alto el fuego ni la liberaci\u00f3n de rehenes con Ham\u00e1s en la Franja de Gaza. \u201cEsta opci\u00f3n ya no forma parte de nuestros planes\u201d, declar\u00f3, al se\u00f1alar que, pese a intentos previos de negociaci\u00f3n, se sintieron enga\u00f1ados por el grupo islamista.<\/p>\n<p style=\"text-align: justify;\">Netanyahu reiter\u00f3 el compromiso de su administraci\u00f3n de recuperar a todos los rehenes israel\u00edes, vivos o fallecidos. Sus declaraciones se producen mientras el ministro de Exteriores de Egipto, Badr Abdelaty, inform\u00f3 que su pa\u00eds mantiene conversaciones con Ham\u00e1s e Israel para reactivar una propuesta de alto el fuego planteada por el enviado estadounidense para Oriente Medio, Steve Witkoff.<\/p>\n<p style=\"text-align: justify;\">Dicha propuesta contempla una tregua de 60 d\u00edas, durante la cual Ham\u00e1s deber\u00eda liberar a diez rehenes vivos y otros 18 muertos, adem\u00e1s de establecer un marco para negociar el fin del conflicto, planteamiento que Israel ha rechazado.<\/p>\n<p style=\"text-align: justify;\">El primer ministro subray\u00f3 que las operaciones militares no se detendr\u00e1n hasta lograr todos los objetivos, entre ellos la desmilitarizaci\u00f3n de la Franja de Gaza y la eliminaci\u00f3n completa de Ham\u00e1s.<\/p>\n","protected":false},"excerpt":{"rendered":"<p>Jerusal\u00e9n.- En una entrevista transmitida por el canal israel\u00ed i24, el primer ministro de Israel, Benjam\u00edn Netanyahu, afirm\u00f3 que su gobierno no contempla un acuerdo parcial de alto el fuego ni la liberaci\u00f3n de rehenes con Ham\u00e1s en la Franja de Gaza. \u201cEsta opci\u00f3n ya no forma parte de nuestros planes\u201d, declar\u00f3, al se\u00f1alar que, pese a intentos previos de negociaci\u00f3n, se sintieron enga\u00f1ados por el grupo islamista. Netanyahu reiter\u00f3 el compromiso de su administraci\u00f3n de recuperar a todos los rehenes israel\u00edes, vivos o fallecidos. Sus declaraciones se producen mientras el ministro de Exteriores de Egipto, Badr Abdelaty, inform\u00f3 que [&hellip;]<\/p>\n","protected":false},"author":2,"featured_media":176188,"comment_status":"closed","ping_status":"closed","sticky":false,"template":"","format":"standard","meta":{"_monsterinsights_skip_tracking":false,"_monsterinsights_sitenote_active":false,"_monsterinsights_sitenote_note":"","_monsterinsights_sitenote_category":0,"footnotes":""},"categories":[44],"tags":[],"class_list":["post-176187","post","type-post","status-publish","format-standard","has-post-thumbnail","hentry","category-internacional","post--single"],"yoast_head":"<!-- This site is optimized with the Yoast SEO plugin v27.5 - https:\/\/yoast.com\/product\/yoast-seo-wordpress\/ -->\n<title>Israel rechaza propuesta de tregua de 60 d\u00edas en Gaza - Canal 7 SLP - 2025<\/title>\n<meta name=\"robots\" content=\"index, follow, max-snippet:-1, max-image-preview:large, max-video-preview:-1\" \/>\n<link rel=\"canonical\" href=\"https:\/\/canal7slp.tv\/2025\/israel-rechaza-propuesta-de-tregua-de-60-dias-en-gaza\/\" \/>\n<meta property=\"og:locale\" content=\"es_ES\" \/>\n<meta property=\"og:type\" content=\"article\" \/>\n<meta property=\"og:title\" content=\"Israel rechaza propuesta de tregua de 60 d\u00edas en Gaza - Canal 7 SLP - 2025\" \/>\n<meta property=\"og:description\" content=\"Jerusal\u00e9n.- En una entrevista transmitida por el canal israel\u00ed i24, el primer ministro de Israel, Benjam\u00edn Netanyahu, afirm\u00f3 que su gobierno no contempla un acuerdo parcial de alto el fuego ni la liberaci\u00f3n de rehenes con Ham\u00e1s en la Franja de Gaza. \u201cEsta opci\u00f3n ya no forma parte de nuestros planes\u201d, declar\u00f3, al se\u00f1alar que, pese a intentos previos de negociaci\u00f3n, se sintieron enga\u00f1ados por el grupo islamista. Netanyahu reiter\u00f3 el compromiso de su administraci\u00f3n de recuperar a todos los rehenes israel\u00edes, vivos o fallecidos. Sus declaraciones se producen mientras el ministro de Exteriores de Egipto, Badr Abdelaty, inform\u00f3 que [&hellip;]\" \/>\n<meta property=\"og:url\" content=\"https:\/\/canal7slp.tv\/2025\/israel-rechaza-propuesta-de-tregua-de-60-dias-en-gaza\/\" \/>\n<meta property=\"og:site_name\" content=\"Canal 7 SLP - 2025\" \/>\n<meta property=\"article:publisher\" content=\"https:\/\/www.facebook.com\/noticieroscanal7atencionciudadana\/\" \/>\n<meta property=\"article:published_time\" content=\"2025-08-12T19:19:40+00:00\" \/>\n<meta property=\"og:image\" content=\"https:\/\/canal7slp.tv\/2025\/wp-content\/uploads\/2025\/08\/04-11.jpg\" \/>\n\t<meta property=\"og:image:width\" content=\"889\" \/>\n\t<meta property=\"og:image:height\" content=\"500\" \/>\n\t<meta property=\"og:image:type\" content=\"image\/jpeg\" \/>\n<meta name=\"author\" content=\"Edici\u00f3n Web\" \/>\n<meta name=\"twitter:card\" content=\"summary_large_image\" \/>\n<meta name=\"twitter:creator\" content=\"@NOTICIEROS7\" \/>\n<meta name=\"twitter:site\" content=\"@NOTICIEROS7\" \/>\n<meta name=\"twitter:label1\" content=\"Escrito por\" \/>\n\t<meta name=\"twitter:data1\" content=\"Edici\u00f3n Web\" \/>\n\t<meta name=\"twitter:label2\" content=\"Tiempo de lectura\" \/>\n\t<meta name=\"twitter:data2\" content=\"2 minutos\" \/>\n<script type=\"application\/ld+json\" class=\"yoast-schema-graph\">{\"@context\":\"https:\\\/\\\/schema.org\",\"@graph\":[{\"@type\":\"Article\",\"@id\":\"https:\\\/\\\/canal7slp.tv\\\/2025\\\/israel-rechaza-propuesta-de-tregua-de-60-dias-en-gaza\\\/#article\",\"isPartOf\":{\"@id\":\"https:\\\/\\\/canal7slp.tv\\\/2025\\\/israel-rechaza-propuesta-de-tregua-de-60-dias-en-gaza\\\/\"},\"author\":{\"name\":\"Edici\u00f3n Web\",\"@id\":\"https:\\\/\\\/canal7slp.tv\\\/2025\\\/#\\\/schema\\\/person\\\/271e2b60a96e7cc9d9ac296f4d7e414b\"},\"headline\":\"Israel rechaza propuesta de tregua de 60 d\u00edas en Gaza\",\"datePublished\":\"2025-08-12T19:19:40+00:00\",\"mainEntityOfPage\":{\"@id\":\"https:\\\/\\\/canal7slp.tv\\\/2025\\\/israel-rechaza-propuesta-de-tregua-de-60-dias-en-gaza\\\/\"},\"wordCount\":224,\"publisher\":{\"@id\":\"https:\\\/\\\/canal7slp.tv\\\/2025\\\/#organization\"},\"image\":{\"@id\":\"https:\\\/\\\/canal7slp.tv\\\/2025\\\/israel-rechaza-propuesta-de-tregua-de-60-dias-en-gaza\\\/#primaryimage\"},\"thumbnailUrl\":\"https:\\\/\\\/canal7slp.tv\\\/2025\\\/wp-content\\\/uploads\\\/2025\\\/08\\\/04-11.jpg\",\"articleSection\":[\"INTERNACIONALES\"],\"inLanguage\":\"es\"},{\"@type\":\"WebPage\",\"@id\":\"https:\\\/\\\/canal7slp.tv\\\/2025\\\/israel-rechaza-propuesta-de-tregua-de-60-dias-en-gaza\\\/\",\"url\":\"https:\\\/\\\/canal7slp.tv\\\/2025\\\/israel-rechaza-propuesta-de-tregua-de-60-dias-en-gaza\\\/\",\"name\":\"Israel rechaza propuesta de tregua de 60 d\u00edas en Gaza - Canal 7 SLP - 2025\",\"isPartOf\":{\"@id\":\"https:\\\/\\\/canal7slp.tv\\\/2025\\\/#website\"},\"primaryImageOfPage\":{\"@id\":\"https:\\\/\\\/canal7slp.tv\\\/2025\\\/israel-rechaza-propuesta-de-tregua-de-60-dias-en-gaza\\\/#primaryimage\"},\"image\":{\"@id\":\"https:\\\/\\\/canal7slp.tv\\\/2025\\\/israel-rechaza-propuesta-de-tregua-de-60-dias-en-gaza\\\/#primaryimage\"},\"thumbnailUrl\":\"https:\\\/\\\/canal7slp.tv\\\/2025\\\/wp-content\\\/uploads\\\/2025\\\/08\\\/04-11.jpg\",\"datePublished\":\"2025-08-12T19:19:40+00:00\",\"breadcrumb\":{\"@id\":\"https:\\\/\\\/canal7slp.tv\\\/2025\\\/israel-rechaza-propuesta-de-tregua-de-60-dias-en-gaza\\\/#breadcrumb\"},\"inLanguage\":\"es\",\"potentialAction\":[{\"@type\":\"ReadAction\",\"target\":[\"https:\\\/\\\/canal7slp.tv\\\/2025\\\/israel-rechaza-propuesta-de-tregua-de-60-dias-en-gaza\\\/\"]}]},{\"@type\":\"ImageObject\",\"inLanguage\":\"es\",\"@id\":\"https:\\\/\\\/canal7slp.tv\\\/2025\\\/israel-rechaza-propuesta-de-tregua-de-60-dias-en-gaza\\\/#primaryimage\",\"url\":\"https:\\\/\\\/canal7slp.tv\\\/2025\\\/wp-content\\\/uploads\\\/2025\\\/08\\\/04-11.jpg\",\"contentUrl\":\"https:\\\/\\\/canal7slp.tv\\\/2025\\\/wp-content\\\/uploads\\\/2025\\\/08\\\/04-11.jpg\",\"width\":889,\"height\":500},{\"@type\":\"BreadcrumbList\",\"@id\":\"https:\\\/\\\/canal7slp.tv\\\/2025\\\/israel-rechaza-propuesta-de-tregua-de-60-dias-en-gaza\\\/#breadcrumb\",\"itemListElement\":[{\"@type\":\"ListItem\",\"position\":1,\"name\":\"Portada\",\"item\":\"https:\\\/\\\/canal7slp.tv\\\/2025\\\/\"},{\"@type\":\"ListItem\",\"position\":2,\"name\":\"Israel rechaza propuesta de tregua de 60 d\u00edas en Gaza\"}]},{\"@type\":\"WebSite\",\"@id\":\"https:\\\/\\\/canal7slp.tv\\\/2025\\\/#website\",\"url\":\"https:\\\/\\\/canal7slp.tv\\\/2025\\\/\",\"name\":\"N7 - Noticieros Canal 7\",\"description\":\"Somos el Medio\",\"publisher\":{\"@id\":\"https:\\\/\\\/canal7slp.tv\\\/2025\\\/#organization\"},\"potentialAction\":[{\"@type\":\"SearchAction\",\"target\":{\"@type\":\"EntryPoint\",\"urlTemplate\":\"https:\\\/\\\/canal7slp.tv\\\/2025\\\/?s={search_term_string}\"},\"query-input\":{\"@type\":\"PropertyValueSpecification\",\"valueRequired\":true,\"valueName\":\"search_term_string\"}}],\"inLanguage\":\"es\"},{\"@type\":\"Organization\",\"@id\":\"https:\\\/\\\/canal7slp.tv\\\/2025\\\/#organization\",\"name\":\"Noticieros Canal 7\",\"url\":\"https:\\\/\\\/canal7slp.tv\\\/2025\\\/\",\"logo\":{\"@type\":\"ImageObject\",\"inLanguage\":\"es\",\"@id\":\"https:\\\/\\\/canal7slp.tv\\\/2025\\\/#\\\/schema\\\/logo\\\/image\\\/\",\"url\":\"https:\\\/\\\/canal7slp.tv\\\/2025\\\/wp-content\\\/uploads\\\/2021\\\/01\\\/logo-noticieros@2x.png\",\"contentUrl\":\"https:\\\/\\\/canal7slp.tv\\\/2025\\\/wp-content\\\/uploads\\\/2021\\\/01\\\/logo-noticieros@2x.png\",\"width\":1017,\"height\":268,\"caption\":\"Noticieros Canal 7\"},\"image\":{\"@id\":\"https:\\\/\\\/canal7slp.tv\\\/2025\\\/#\\\/schema\\\/logo\\\/image\\\/\"},\"sameAs\":[\"https:\\\/\\\/www.facebook.com\\\/noticieroscanal7atencionciudadana\\\/\",\"https:\\\/\\\/x.com\\\/NOTICIEROS7\",\"https:\\\/\\\/www.instagram.com\\\/canal7_slp\",\"https:\\\/\\\/www.youtube.com\\\/channel\\\/UCliiYs-gP3JfJeqdPrNdd5A\"]},{\"@type\":\"Person\",\"@id\":\"https:\\\/\\\/canal7slp.tv\\\/2025\\\/#\\\/schema\\\/person\\\/271e2b60a96e7cc9d9ac296f4d7e414b\",\"name\":\"Edici\u00f3n Web\",\"image\":{\"@type\":\"ImageObject\",\"inLanguage\":\"es\",\"@id\":\"https:\\\/\\\/secure.gravatar.com\\\/avatar\\\/eee448fc3f7164808013b816ba91ac7e43bbe82a70bebac296f8bc6f0addaa1a?s=96&d=mm&r=g\",\"url\":\"https:\\\/\\\/secure.gravatar.com\\\/avatar\\\/eee448fc3f7164808013b816ba91ac7e43bbe82a70bebac296f8bc6f0addaa1a?s=96&d=mm&r=g\",\"contentUrl\":\"https:\\\/\\\/secure.gravatar.com\\\/avatar\\\/eee448fc3f7164808013b816ba91ac7e43bbe82a70bebac296f8bc6f0addaa1a?s=96&d=mm&r=g\",\"caption\":\"Edici\u00f3n Web\"},\"url\":\"https:\\\/\\\/canal7slp.tv\\\/2025\\\/author\\\/edicionweb\\\/\"}]}<\/script>\n<!-- \/ Yoast SEO plugin. -->","yoast_head_json":{"title":"Israel rechaza propuesta de tregua de 60 d\u00edas en Gaza - Canal 7 SLP - 2025","robots":{"index":"index","follow":"follow","max-snippet":"max-snippet:-1","max-image-preview":"max-image-preview:large","max-video-preview":"max-video-preview:-1"},"canonical":"https:\/\/canal7slp.tv\/2025\/israel-rechaza-propuesta-de-tregua-de-60-dias-en-gaza\/","og_locale":"es_ES","og_type":"article","og_title":"Israel rechaza propuesta de tregua de 60 d\u00edas en Gaza - Canal 7 SLP - 2025","og_description":"Jerusal\u00e9n.- En una entrevista transmitida por el canal israel\u00ed i24, el primer ministro de Israel, Benjam\u00edn Netanyahu, afirm\u00f3 que su gobierno no contempla un acuerdo parcial de alto el fuego ni la liberaci\u00f3n de rehenes con Ham\u00e1s en la Franja de Gaza. \u201cEsta opci\u00f3n ya no forma parte de nuestros planes\u201d, declar\u00f3, al se\u00f1alar que, pese a intentos previos de negociaci\u00f3n, se sintieron enga\u00f1ados por el grupo islamista. Netanyahu reiter\u00f3 el compromiso de su administraci\u00f3n de recuperar a todos los rehenes israel\u00edes, vivos o fallecidos. Sus declaraciones se producen mientras el ministro de Exteriores de Egipto, Badr Abdelaty, inform\u00f3 que [&hellip;]","og_url":"https:\/\/canal7slp.tv\/2025\/israel-rechaza-propuesta-de-tregua-de-60-dias-en-gaza\/","og_site_name":"Canal 7 SLP - 2025","article_publisher":"https:\/\/www.facebook.com\/noticieroscanal7atencionciudadana\/","article_published_time":"2025-08-12T19:19:40+00:00","og_image":[{"width":889,"height":500,"url":"https:\/\/canal7slp.tv\/2025\/wp-content\/uploads\/2025\/08\/04-11.jpg","type":"image\/jpeg"}],"author":"Edici\u00f3n Web","twitter_card":"summary_large_image","twitter_creator":"@NOTICIEROS7","twitter_site":"@NOTICIEROS7","twitter_misc":{"Escrito por":"Edici\u00f3n Web","Tiempo de lectura":"2 minutos"},"schema":{"@context":"https:\/\/schema.org","@graph":[{"@type":"Article","@id":"https:\/\/canal7slp.tv\/2025\/israel-rechaza-propuesta-de-tregua-de-60-dias-en-gaza\/#article","isPartOf":{"@id":"https:\/\/canal7slp.tv\/2025\/israel-rechaza-propuesta-de-tregua-de-60-dias-en-gaza\/"},"author":{"name":"Edici\u00f3n Web","@id":"https:\/\/canal7slp.tv\/2025\/#\/schema\/person\/271e2b60a96e7cc9d9ac296f4d7e414b"},"headline":"Israel rechaza propuesta de tregua de 60 d\u00edas en Gaza","datePublished":"2025-08-12T19:19:40+00:00","mainEntityOfPage":{"@id":"https:\/\/canal7slp.tv\/2025\/israel-rechaza-propuesta-de-tregua-de-60-dias-en-gaza\/"},"wordCount":224,"publisher":{"@id":"https:\/\/canal7slp.tv\/2025\/#organization"},"image":{"@id":"https:\/\/canal7slp.tv\/2025\/israel-rechaza-propuesta-de-tregua-de-60-dias-en-gaza\/#primaryimage"},"thumbnailUrl":"https:\/\/canal7slp.tv\/2025\/wp-content\/uploads\/2025\/08\/04-11.jpg","articleSection":["INTERNACIONALES"],"inLanguage":"es"},{"@type":"WebPage","@id":"https:\/\/canal7slp.tv\/2025\/israel-rechaza-propuesta-de-tregua-de-60-dias-en-gaza\/","url":"https:\/\/canal7slp.tv\/2025\/israel-rechaza-propuesta-de-tregua-de-60-dias-en-gaza\/","name":"Israel rechaza propuesta de tregua de 60 d\u00edas en Gaza - Canal 7 SLP - 2025","isPartOf":{"@id":"https:\/\/canal7slp.tv\/2025\/#website"},"primaryImageOfPage":{"@id":"https:\/\/canal7slp.tv\/2025\/israel-rechaza-propuesta-de-tregua-de-60-dias-en-gaza\/#primaryimage"},"image":{"@id":"https:\/\/canal7slp.tv\/2025\/israel-rechaza-propuesta-de-tregua-de-60-dias-en-gaza\/#primaryimage"},"thumbnailUrl":"https:\/\/canal7slp.tv\/2025\/wp-content\/uploads\/2025\/08\/04-11.jpg","datePublished":"2025-08-12T19:19:40+00:00","breadcrumb":{"@id":"https:\/\/canal7slp.tv\/2025\/israel-rechaza-propuesta-de-tregua-de-60-dias-en-gaza\/#breadcrumb"},"inLanguage":"es","potentialAction":[{"@type":"ReadAction","target":["https:\/\/canal7slp.tv\/2025\/israel-rechaza-propuesta-de-tregua-de-60-dias-en-gaza\/"]}]},{"@type":"ImageObject","inLanguage":"es","@id":"https:\/\/canal7slp.tv\/2025\/israel-rechaza-propuesta-de-tregua-de-60-dias-en-gaza\/#primaryimage","url":"https:\/\/canal7slp.tv\/2025\/wp-content\/uploads\/2025\/08\/04-11.jpg","contentUrl":"https:\/\/canal7slp.tv\/2025\/wp-content\/uploads\/2025\/08\/04-11.jpg","width":889,"height":500},{"@type":"BreadcrumbList","@id":"https:\/\/canal7slp.tv\/2025\/israel-rechaza-propuesta-de-tregua-de-60-dias-en-gaza\/#breadcrumb","itemListElement":[{"@type":"ListItem","position":1,"name":"Portada","item":"https:\/\/canal7slp.tv\/2025\/"},{"@type":"ListItem","position":2,"name":"Israel rechaza propuesta de tregua de 60 d\u00edas en Gaza"}]},{"@type":"WebSite","@id":"https:\/\/canal7slp.tv\/2025\/#website","url":"https:\/\/canal7slp.tv\/2025\/","name":"N7 - Noticieros Canal 7","description":"Somos el Medio","publisher":{"@id":"https:\/\/canal7slp.tv\/2025\/#organization"},"potentialAction":[{"@type":"SearchAction","target":{"@type":"EntryPoint","urlTemplate":"https:\/\/canal7slp.tv\/2025\/?s={search_term_string}"},"query-input":{"@type":"PropertyValueSpecification","valueRequired":true,"valueName":"search_term_string"}}],"inLanguage":"es"},{"@type":"Organization","@id":"https:\/\/canal7slp.tv\/2025\/#organization","name":"Noticieros Canal 7","url":"https:\/\/canal7slp.tv\/2025\/","logo":{"@type":"ImageObject","inLanguage":"es","@id":"https:\/\/canal7slp.tv\/2025\/#\/schema\/logo\/image\/","url":"https:\/\/canal7slp.tv\/2025\/wp-content\/uploads\/2021\/01\/logo-noticieros@2x.png","contentUrl":"https:\/\/canal7slp.tv\/2025\/wp-content\/uploads\/2021\/01\/logo-noticieros@2x.png","width":1017,"height":268,"caption":"Noticieros Canal 7"},"image":{"@id":"https:\/\/canal7slp.tv\/2025\/#\/schema\/logo\/image\/"},"sameAs":["https:\/\/www.facebook.com\/noticieroscanal7atencionciudadana\/","https:\/\/x.com\/NOTICIEROS7","https:\/\/www.instagram.com\/canal7_slp","https:\/\/www.youtube.com\/channel\/UCliiYs-gP3JfJeqdPrNdd5A"]},{"@type":"Person","@id":"https:\/\/canal7slp.tv\/2025\/#\/schema\/person\/271e2b60a96e7cc9d9ac296f4d7e414b","name":"Edici\u00f3n Web","image":{"@type":"ImageObject","inLanguage":"es","@id":"https:\/\/secure.gravatar.com\/avatar\/eee448fc3f7164808013b816ba91ac7e43bbe82a70bebac296f8bc6f0addaa1a?s=96&d=mm&r=g","url":"https:\/\/secure.gravatar.com\/avatar\/eee448fc3f7164808013b816ba91ac7e43bbe82a70bebac296f8bc6f0addaa1a?s=96&d=mm&r=g","contentUrl":"https:\/\/secure.gravatar.com\/avatar\/eee448fc3f7164808013b816ba91ac7e43bbe82a70bebac296f8bc6f0addaa1a?s=96&d=mm&r=g","caption":"Edici\u00f3n Web"},"url":"https:\/\/canal7slp.tv\/2025\/author\/edicionweb\/"}]}},"_links":{"self":[{"href":"https:\/\/canal7slp.tv\/2025\/wp-json\/wp\/v2\/posts\/176187","targetHints":{"allow":["GET"]}}],"collection":[{"href":"https:\/\/canal7slp.tv\/2025\/wp-json\/wp\/v2\/posts"}],"about":[{"href":"https:\/\/canal7slp.tv\/2025\/wp-json\/wp\/v2\/types\/post"}],"author":[{"embeddable":true,"href":"https:\/\/canal7slp.tv\/2025\/wp-json\/wp\/v2\/users\/2"}],"replies":[{"embeddable":true,"href":"https:\/\/canal7slp.tv\/2025\/wp-json\/wp\/v2\/comments?post=176187"}],"version-history":[{"count":1,"href":"https:\/\/canal7slp.tv\/2025\/wp-json\/wp\/v2\/posts\/176187\/revisions"}],"predecessor-version":[{"id":176189,"href":"https:\/\/canal7slp.tv\/2025\/wp-json\/wp\/v2\/posts\/176187\/revisions\/176189"}],"wp:featuredmedia":[{"embeddable":true,"href":"https:\/\/canal7slp.tv\/2025\/wp-json\/wp\/v2\/media\/176188"}],"wp:attachment":[{"href":"https:\/\/canal7slp.tv\/2025\/wp-json\/wp\/v2\/media?parent=176187"}],"wp:term":[{"taxonomy":"category","embeddable":true,"href":"https:\/\/canal7slp.tv\/2025\/wp-json\/wp\/v2\/categories?post=176187"},{"taxonomy":"post_tag","embeddable":true,"href":"https:\/\/canal7slp.tv\/2025\/wp-json\/wp\/v2\/tags?post=176187"}],"curies":[{"name":"wp","href":"https:\/\/api.w.org\/{rel}","templated":true}]}}