{"id":176152,"date":"2025-08-11T20:15:23","date_gmt":"2025-08-12T02:15:23","guid":{"rendered":"https:\/\/canal7slp.tv\/2025\/?p=176152"},"modified":"2025-08-11T20:15:23","modified_gmt":"2025-08-12T02:15:23","slug":"propuesta-de-reforma-electoral-es-excluyente-afirma-la-dirigente-estatal-del-pri","status":"publish","type":"post","link":"https:\/\/canal7slp.tv\/2025\/propuesta-de-reforma-electoral-es-excluyente-afirma-la-dirigente-estatal-del-pri\/","title":{"rendered":"Propuesta de Reforma Electoral es excluyente, afirma la dirigente estatal del PRI"},"content":{"rendered":"<p style=\"text-align: justify;\"><span style=\"font-size: 1.21429rem;\">SLP.- Quien tambi\u00e9n habl\u00f3 sobre la reforma electoral fue la dirigente estatal del PRI Sara Rocha Medina, al decir que el hecho de que la presidenta Claudia Sheinbaum la haya propuesto no significa que tenga injerencia en las mesas de an\u00e1lisis.<\/span><\/p>\n<p style=\"text-align: justify;\">Dijo adem\u00e1s que esta propuesta es excluyente porque deja fuera a la oposici\u00f3n.<\/p>\n<p style=\"text-align: justify;\">En el mismo tema la dirigente estatal del PRI que esta reforma es un intento claro de controlar las elecciones del 2027.<\/p>\n<p style=\"text-align: justify;\">En otro tema, Sara Rocha Medina se refiri\u00f3 al caso del regidor capitalino Jorge Zavala L\u00f3pez quien fuera acusado por trabajadores municipales de acoso laboral y actos de corrupci\u00f3n.<\/p>\n<p style=\"text-align: justify;\">Cabe se\u00f1alar que el regidor junto con el desaparecido partido de la Revoluci\u00f3n Democr\u00e1tica, formaron la coalici\u00f3n \u201cVa Por M\u00e9xico\u201dconformada por el PRI y el PAN en las pasadas elecciones.<\/p>\n<p>Por: Claudio Ibarra<\/p>\n","protected":false},"excerpt":{"rendered":"<p>SLP.- Quien tambi\u00e9n habl\u00f3 sobre la reforma electoral fue la dirigente estatal del PRI Sara Rocha Medina, al decir que el hecho de que la presidenta Claudia Sheinbaum la haya propuesto no significa que tenga injerencia en las mesas de an\u00e1lisis. Dijo adem\u00e1s que esta propuesta es excluyente porque deja fuera a la oposici\u00f3n. En el mismo tema la dirigente estatal del PRI que esta reforma es un intento claro de controlar las elecciones del 2027. En otro tema, Sara Rocha Medina se refiri\u00f3 al caso del regidor capitalino Jorge Zavala L\u00f3pez quien fuera acusado por trabajadores municipales de acoso [&hellip;]<\/p>\n","protected":false},"author":2,"featured_media":176164,"comment_status":"closed","ping_status":"closed","sticky":false,"template":"","format":"video","meta":{"_monsterinsights_skip_tracking":false,"_monsterinsights_sitenote_active":false,"_monsterinsights_sitenote_note":"","_monsterinsights_sitenote_category":0,"footnotes":""},"categories":[5,45],"tags":[],"class_list":["post-176152","post","type-post","status-publish","format-video","has-post-thumbnail","hentry","category-destacadas","category-localesyregionales","post_format-post-format-video","post--single"],"yoast_head":"<!-- This site is optimized with the Yoast SEO plugin v27.4 - https:\/\/yoast.com\/product\/yoast-seo-wordpress\/ -->\n<title>Propuesta de Reforma Electoral es excluyente, afirma la dirigente estatal del PRI - Canal 7 SLP - 2025<\/title>\n<meta name=\"robots\" content=\"index, follow, max-snippet:-1, max-image-preview:large, max-video-preview:-1\" \/>\n<link rel=\"canonical\" href=\"https:\/\/canal7slp.tv\/2025\/propuesta-de-reforma-electoral-es-excluyente-afirma-la-dirigente-estatal-del-pri\/\" \/>\n<meta property=\"og:locale\" content=\"es_ES\" \/>\n<meta property=\"og:type\" content=\"article\" \/>\n<meta property=\"og:title\" content=\"Propuesta de Reforma Electoral es excluyente, afirma la dirigente estatal del PRI - Canal 7 SLP - 2025\" \/>\n<meta property=\"og:description\" content=\"SLP.- Quien tambi\u00e9n habl\u00f3 sobre la reforma electoral fue la dirigente estatal del PRI Sara Rocha Medina, al decir que el hecho de que la presidenta Claudia Sheinbaum la haya propuesto no significa que tenga injerencia en las mesas de an\u00e1lisis. Dijo adem\u00e1s que esta propuesta es excluyente porque deja fuera a la oposici\u00f3n. En el mismo tema la dirigente estatal del PRI que esta reforma es un intento claro de controlar las elecciones del 2027. En otro tema, Sara Rocha Medina se refiri\u00f3 al caso del regidor capitalino Jorge Zavala L\u00f3pez quien fuera acusado por trabajadores municipales de acoso [&hellip;]\" \/>\n<meta property=\"og:url\" content=\"https:\/\/canal7slp.tv\/2025\/propuesta-de-reforma-electoral-es-excluyente-afirma-la-dirigente-estatal-del-pri\/\" \/>\n<meta property=\"og:site_name\" content=\"Canal 7 SLP - 2025\" \/>\n<meta property=\"article:publisher\" content=\"https:\/\/www.facebook.com\/noticieroscanal7atencionciudadana\/\" \/>\n<meta property=\"article:published_time\" content=\"2025-08-12T02:15:23+00:00\" \/>\n<meta property=\"og:image\" content=\"https:\/\/canal7slp.tv\/2025\/wp-content\/uploads\/2025\/08\/Claudio03SaraPRI.jpg\" \/>\n\t<meta property=\"og:image:width\" content=\"1280\" \/>\n\t<meta property=\"og:image:height\" content=\"720\" \/>\n\t<meta property=\"og:image:type\" content=\"image\/jpeg\" \/>\n<meta name=\"author\" content=\"Edici\u00f3n Web\" \/>\n<meta name=\"twitter:card\" content=\"summary_large_image\" \/>\n<meta name=\"twitter:creator\" content=\"@NOTICIEROS7\" \/>\n<meta name=\"twitter:site\" content=\"@NOTICIEROS7\" \/>\n<meta name=\"twitter:label1\" content=\"Escrito por\" \/>\n\t<meta name=\"twitter:data1\" content=\"Edici\u00f3n Web\" \/>\n\t<meta name=\"twitter:label2\" content=\"Tiempo de lectura\" \/>\n\t<meta name=\"twitter:data2\" content=\"1 minuto\" \/>\n<script type=\"application\/ld+json\" class=\"yoast-schema-graph\">{\"@context\":\"https:\\\/\\\/schema.org\",\"@graph\":[{\"@type\":\"Article\",\"@id\":\"https:\\\/\\\/canal7slp.tv\\\/2025\\\/propuesta-de-reforma-electoral-es-excluyente-afirma-la-dirigente-estatal-del-pri\\\/#article\",\"isPartOf\":{\"@id\":\"https:\\\/\\\/canal7slp.tv\\\/2025\\\/propuesta-de-reforma-electoral-es-excluyente-afirma-la-dirigente-estatal-del-pri\\\/\"},\"author\":{\"name\":\"Edici\u00f3n Web\",\"@id\":\"https:\\\/\\\/canal7slp.tv\\\/2025\\\/#\\\/schema\\\/person\\\/271e2b60a96e7cc9d9ac296f4d7e414b\"},\"headline\":\"Propuesta de Reforma Electoral es excluyente, afirma la dirigente estatal del PRI\",\"datePublished\":\"2025-08-12T02:15:23+00:00\",\"mainEntityOfPage\":{\"@id\":\"https:\\\/\\\/canal7slp.tv\\\/2025\\\/propuesta-de-reforma-electoral-es-excluyente-afirma-la-dirigente-estatal-del-pri\\\/\"},\"wordCount\":162,\"publisher\":{\"@id\":\"https:\\\/\\\/canal7slp.tv\\\/2025\\\/#organization\"},\"image\":{\"@id\":\"https:\\\/\\\/canal7slp.tv\\\/2025\\\/propuesta-de-reforma-electoral-es-excluyente-afirma-la-dirigente-estatal-del-pri\\\/#primaryimage\"},\"thumbnailUrl\":\"https:\\\/\\\/canal7slp.tv\\\/2025\\\/wp-content\\\/uploads\\\/2025\\\/08\\\/Claudio03SaraPRI.jpg\",\"articleSection\":[\"DESTACADAS\",\"LOCALES Y REGIONALES\"],\"inLanguage\":\"es\"},{\"@type\":\"WebPage\",\"@id\":\"https:\\\/\\\/canal7slp.tv\\\/2025\\\/propuesta-de-reforma-electoral-es-excluyente-afirma-la-dirigente-estatal-del-pri\\\/\",\"url\":\"https:\\\/\\\/canal7slp.tv\\\/2025\\\/propuesta-de-reforma-electoral-es-excluyente-afirma-la-dirigente-estatal-del-pri\\\/\",\"name\":\"Propuesta de Reforma Electoral es excluyente, afirma la dirigente estatal del PRI - Canal 7 SLP - 2025\",\"isPartOf\":{\"@id\":\"https:\\\/\\\/canal7slp.tv\\\/2025\\\/#website\"},\"primaryImageOfPage\":{\"@id\":\"https:\\\/\\\/canal7slp.tv\\\/2025\\\/propuesta-de-reforma-electoral-es-excluyente-afirma-la-dirigente-estatal-del-pri\\\/#primaryimage\"},\"image\":{\"@id\":\"https:\\\/\\\/canal7slp.tv\\\/2025\\\/propuesta-de-reforma-electoral-es-excluyente-afirma-la-dirigente-estatal-del-pri\\\/#primaryimage\"},\"thumbnailUrl\":\"https:\\\/\\\/canal7slp.tv\\\/2025\\\/wp-content\\\/uploads\\\/2025\\\/08\\\/Claudio03SaraPRI.jpg\",\"datePublished\":\"2025-08-12T02:15:23+00:00\",\"breadcrumb\":{\"@id\":\"https:\\\/\\\/canal7slp.tv\\\/2025\\\/propuesta-de-reforma-electoral-es-excluyente-afirma-la-dirigente-estatal-del-pri\\\/#breadcrumb\"},\"inLanguage\":\"es\",\"potentialAction\":[{\"@type\":\"ReadAction\",\"target\":[\"https:\\\/\\\/canal7slp.tv\\\/2025\\\/propuesta-de-reforma-electoral-es-excluyente-afirma-la-dirigente-estatal-del-pri\\\/\"]}]},{\"@type\":\"ImageObject\",\"inLanguage\":\"es\",\"@id\":\"https:\\\/\\\/canal7slp.tv\\\/2025\\\/propuesta-de-reforma-electoral-es-excluyente-afirma-la-dirigente-estatal-del-pri\\\/#primaryimage\",\"url\":\"https:\\\/\\\/canal7slp.tv\\\/2025\\\/wp-content\\\/uploads\\\/2025\\\/08\\\/Claudio03SaraPRI.jpg\",\"contentUrl\":\"https:\\\/\\\/canal7slp.tv\\\/2025\\\/wp-content\\\/uploads\\\/2025\\\/08\\\/Claudio03SaraPRI.jpg\",\"width\":1280,\"height\":720},{\"@type\":\"BreadcrumbList\",\"@id\":\"https:\\\/\\\/canal7slp.tv\\\/2025\\\/propuesta-de-reforma-electoral-es-excluyente-afirma-la-dirigente-estatal-del-pri\\\/#breadcrumb\",\"itemListElement\":[{\"@type\":\"ListItem\",\"position\":1,\"name\":\"Portada\",\"item\":\"https:\\\/\\\/canal7slp.tv\\\/2025\\\/\"},{\"@type\":\"ListItem\",\"position\":2,\"name\":\"Propuesta de Reforma Electoral es excluyente, afirma la dirigente estatal del PRI\"}]},{\"@type\":\"WebSite\",\"@id\":\"https:\\\/\\\/canal7slp.tv\\\/2025\\\/#website\",\"url\":\"https:\\\/\\\/canal7slp.tv\\\/2025\\\/\",\"name\":\"N7 - Noticieros Canal 7\",\"description\":\"Somos el Medio\",\"publisher\":{\"@id\":\"https:\\\/\\\/canal7slp.tv\\\/2025\\\/#organization\"},\"potentialAction\":[{\"@type\":\"SearchAction\",\"target\":{\"@type\":\"EntryPoint\",\"urlTemplate\":\"https:\\\/\\\/canal7slp.tv\\\/2025\\\/?s={search_term_string}\"},\"query-input\":{\"@type\":\"PropertyValueSpecification\",\"valueRequired\":true,\"valueName\":\"search_term_string\"}}],\"inLanguage\":\"es\"},{\"@type\":\"Organization\",\"@id\":\"https:\\\/\\\/canal7slp.tv\\\/2025\\\/#organization\",\"name\":\"Noticieros Canal 7\",\"url\":\"https:\\\/\\\/canal7slp.tv\\\/2025\\\/\",\"logo\":{\"@type\":\"ImageObject\",\"inLanguage\":\"es\",\"@id\":\"https:\\\/\\\/canal7slp.tv\\\/2025\\\/#\\\/schema\\\/logo\\\/image\\\/\",\"url\":\"https:\\\/\\\/canal7slp.tv\\\/2025\\\/wp-content\\\/uploads\\\/2021\\\/01\\\/logo-noticieros@2x.png\",\"contentUrl\":\"https:\\\/\\\/canal7slp.tv\\\/2025\\\/wp-content\\\/uploads\\\/2021\\\/01\\\/logo-noticieros@2x.png\",\"width\":1017,\"height\":268,\"caption\":\"Noticieros Canal 7\"},\"image\":{\"@id\":\"https:\\\/\\\/canal7slp.tv\\\/2025\\\/#\\\/schema\\\/logo\\\/image\\\/\"},\"sameAs\":[\"https:\\\/\\\/www.facebook.com\\\/noticieroscanal7atencionciudadana\\\/\",\"https:\\\/\\\/x.com\\\/NOTICIEROS7\",\"https:\\\/\\\/www.instagram.com\\\/canal7_slp\",\"https:\\\/\\\/www.youtube.com\\\/channel\\\/UCliiYs-gP3JfJeqdPrNdd5A\"]},{\"@type\":\"Person\",\"@id\":\"https:\\\/\\\/canal7slp.tv\\\/2025\\\/#\\\/schema\\\/person\\\/271e2b60a96e7cc9d9ac296f4d7e414b\",\"name\":\"Edici\u00f3n Web\",\"image\":{\"@type\":\"ImageObject\",\"inLanguage\":\"es\",\"@id\":\"https:\\\/\\\/secure.gravatar.com\\\/avatar\\\/eee448fc3f7164808013b816ba91ac7e43bbe82a70bebac296f8bc6f0addaa1a?s=96&d=mm&r=g\",\"url\":\"https:\\\/\\\/secure.gravatar.com\\\/avatar\\\/eee448fc3f7164808013b816ba91ac7e43bbe82a70bebac296f8bc6f0addaa1a?s=96&d=mm&r=g\",\"contentUrl\":\"https:\\\/\\\/secure.gravatar.com\\\/avatar\\\/eee448fc3f7164808013b816ba91ac7e43bbe82a70bebac296f8bc6f0addaa1a?s=96&d=mm&r=g\",\"caption\":\"Edici\u00f3n Web\"},\"url\":\"https:\\\/\\\/canal7slp.tv\\\/2025\\\/author\\\/edicionweb\\\/\"}]}<\/script>\n<!-- \/ Yoast SEO plugin. -->","yoast_head_json":{"title":"Propuesta de Reforma Electoral es excluyente, afirma la dirigente estatal del PRI - Canal 7 SLP - 2025","robots":{"index":"index","follow":"follow","max-snippet":"max-snippet:-1","max-image-preview":"max-image-preview:large","max-video-preview":"max-video-preview:-1"},"canonical":"https:\/\/canal7slp.tv\/2025\/propuesta-de-reforma-electoral-es-excluyente-afirma-la-dirigente-estatal-del-pri\/","og_locale":"es_ES","og_type":"article","og_title":"Propuesta de Reforma Electoral es excluyente, afirma la dirigente estatal del PRI - Canal 7 SLP - 2025","og_description":"SLP.- Quien tambi\u00e9n habl\u00f3 sobre la reforma electoral fue la dirigente estatal del PRI Sara Rocha Medina, al decir que el hecho de que la presidenta Claudia Sheinbaum la haya propuesto no significa que tenga injerencia en las mesas de an\u00e1lisis. Dijo adem\u00e1s que esta propuesta es excluyente porque deja fuera a la oposici\u00f3n. En el mismo tema la dirigente estatal del PRI que esta reforma es un intento claro de controlar las elecciones del 2027. En otro tema, Sara Rocha Medina se refiri\u00f3 al caso del regidor capitalino Jorge Zavala L\u00f3pez quien fuera acusado por trabajadores municipales de acoso [&hellip;]","og_url":"https:\/\/canal7slp.tv\/2025\/propuesta-de-reforma-electoral-es-excluyente-afirma-la-dirigente-estatal-del-pri\/","og_site_name":"Canal 7 SLP - 2025","article_publisher":"https:\/\/www.facebook.com\/noticieroscanal7atencionciudadana\/","article_published_time":"2025-08-12T02:15:23+00:00","og_image":[{"width":1280,"height":720,"url":"https:\/\/canal7slp.tv\/2025\/wp-content\/uploads\/2025\/08\/Claudio03SaraPRI.jpg","type":"image\/jpeg"}],"author":"Edici\u00f3n Web","twitter_card":"summary_large_image","twitter_creator":"@NOTICIEROS7","twitter_site":"@NOTICIEROS7","twitter_misc":{"Escrito por":"Edici\u00f3n Web","Tiempo de lectura":"1 minuto"},"schema":{"@context":"https:\/\/schema.org","@graph":[{"@type":"Article","@id":"https:\/\/canal7slp.tv\/2025\/propuesta-de-reforma-electoral-es-excluyente-afirma-la-dirigente-estatal-del-pri\/#article","isPartOf":{"@id":"https:\/\/canal7slp.tv\/2025\/propuesta-de-reforma-electoral-es-excluyente-afirma-la-dirigente-estatal-del-pri\/"},"author":{"name":"Edici\u00f3n Web","@id":"https:\/\/canal7slp.tv\/2025\/#\/schema\/person\/271e2b60a96e7cc9d9ac296f4d7e414b"},"headline":"Propuesta de Reforma Electoral es excluyente, afirma la dirigente estatal del PRI","datePublished":"2025-08-12T02:15:23+00:00","mainEntityOfPage":{"@id":"https:\/\/canal7slp.tv\/2025\/propuesta-de-reforma-electoral-es-excluyente-afirma-la-dirigente-estatal-del-pri\/"},"wordCount":162,"publisher":{"@id":"https:\/\/canal7slp.tv\/2025\/#organization"},"image":{"@id":"https:\/\/canal7slp.tv\/2025\/propuesta-de-reforma-electoral-es-excluyente-afirma-la-dirigente-estatal-del-pri\/#primaryimage"},"thumbnailUrl":"https:\/\/canal7slp.tv\/2025\/wp-content\/uploads\/2025\/08\/Claudio03SaraPRI.jpg","articleSection":["DESTACADAS","LOCALES Y REGIONALES"],"inLanguage":"es"},{"@type":"WebPage","@id":"https:\/\/canal7slp.tv\/2025\/propuesta-de-reforma-electoral-es-excluyente-afirma-la-dirigente-estatal-del-pri\/","url":"https:\/\/canal7slp.tv\/2025\/propuesta-de-reforma-electoral-es-excluyente-afirma-la-dirigente-estatal-del-pri\/","name":"Propuesta de Reforma Electoral es excluyente, afirma la dirigente estatal del PRI - Canal 7 SLP - 2025","isPartOf":{"@id":"https:\/\/canal7slp.tv\/2025\/#website"},"primaryImageOfPage":{"@id":"https:\/\/canal7slp.tv\/2025\/propuesta-de-reforma-electoral-es-excluyente-afirma-la-dirigente-estatal-del-pri\/#primaryimage"},"image":{"@id":"https:\/\/canal7slp.tv\/2025\/propuesta-de-reforma-electoral-es-excluyente-afirma-la-dirigente-estatal-del-pri\/#primaryimage"},"thumbnailUrl":"https:\/\/canal7slp.tv\/2025\/wp-content\/uploads\/2025\/08\/Claudio03SaraPRI.jpg","datePublished":"2025-08-12T02:15:23+00:00","breadcrumb":{"@id":"https:\/\/canal7slp.tv\/2025\/propuesta-de-reforma-electoral-es-excluyente-afirma-la-dirigente-estatal-del-pri\/#breadcrumb"},"inLanguage":"es","potentialAction":[{"@type":"ReadAction","target":["https:\/\/canal7slp.tv\/2025\/propuesta-de-reforma-electoral-es-excluyente-afirma-la-dirigente-estatal-del-pri\/"]}]},{"@type":"ImageObject","inLanguage":"es","@id":"https:\/\/canal7slp.tv\/2025\/propuesta-de-reforma-electoral-es-excluyente-afirma-la-dirigente-estatal-del-pri\/#primaryimage","url":"https:\/\/canal7slp.tv\/2025\/wp-content\/uploads\/2025\/08\/Claudio03SaraPRI.jpg","contentUrl":"https:\/\/canal7slp.tv\/2025\/wp-content\/uploads\/2025\/08\/Claudio03SaraPRI.jpg","width":1280,"height":720},{"@type":"BreadcrumbList","@id":"https:\/\/canal7slp.tv\/2025\/propuesta-de-reforma-electoral-es-excluyente-afirma-la-dirigente-estatal-del-pri\/#breadcrumb","itemListElement":[{"@type":"ListItem","position":1,"name":"Portada","item":"https:\/\/canal7slp.tv\/2025\/"},{"@type":"ListItem","position":2,"name":"Propuesta de Reforma Electoral es excluyente, afirma la dirigente estatal del PRI"}]},{"@type":"WebSite","@id":"https:\/\/canal7slp.tv\/2025\/#website","url":"https:\/\/canal7slp.tv\/2025\/","name":"N7 - Noticieros Canal 7","description":"Somos el Medio","publisher":{"@id":"https:\/\/canal7slp.tv\/2025\/#organization"},"potentialAction":[{"@type":"SearchAction","target":{"@type":"EntryPoint","urlTemplate":"https:\/\/canal7slp.tv\/2025\/?s={search_term_string}"},"query-input":{"@type":"PropertyValueSpecification","valueRequired":true,"valueName":"search_term_string"}}],"inLanguage":"es"},{"@type":"Organization","@id":"https:\/\/canal7slp.tv\/2025\/#organization","name":"Noticieros Canal 7","url":"https:\/\/canal7slp.tv\/2025\/","logo":{"@type":"ImageObject","inLanguage":"es","@id":"https:\/\/canal7slp.tv\/2025\/#\/schema\/logo\/image\/","url":"https:\/\/canal7slp.tv\/2025\/wp-content\/uploads\/2021\/01\/logo-noticieros@2x.png","contentUrl":"https:\/\/canal7slp.tv\/2025\/wp-content\/uploads\/2021\/01\/logo-noticieros@2x.png","width":1017,"height":268,"caption":"Noticieros Canal 7"},"image":{"@id":"https:\/\/canal7slp.tv\/2025\/#\/schema\/logo\/image\/"},"sameAs":["https:\/\/www.facebook.com\/noticieroscanal7atencionciudadana\/","https:\/\/x.com\/NOTICIEROS7","https:\/\/www.instagram.com\/canal7_slp","https:\/\/www.youtube.com\/channel\/UCliiYs-gP3JfJeqdPrNdd5A"]},{"@type":"Person","@id":"https:\/\/canal7slp.tv\/2025\/#\/schema\/person\/271e2b60a96e7cc9d9ac296f4d7e414b","name":"Edici\u00f3n Web","image":{"@type":"ImageObject","inLanguage":"es","@id":"https:\/\/secure.gravatar.com\/avatar\/eee448fc3f7164808013b816ba91ac7e43bbe82a70bebac296f8bc6f0addaa1a?s=96&d=mm&r=g","url":"https:\/\/secure.gravatar.com\/avatar\/eee448fc3f7164808013b816ba91ac7e43bbe82a70bebac296f8bc6f0addaa1a?s=96&d=mm&r=g","contentUrl":"https:\/\/secure.gravatar.com\/avatar\/eee448fc3f7164808013b816ba91ac7e43bbe82a70bebac296f8bc6f0addaa1a?s=96&d=mm&r=g","caption":"Edici\u00f3n Web"},"url":"https:\/\/canal7slp.tv\/2025\/author\/edicionweb\/"}]}},"_links":{"self":[{"href":"https:\/\/canal7slp.tv\/2025\/wp-json\/wp\/v2\/posts\/176152","targetHints":{"allow":["GET"]}}],"collection":[{"href":"https:\/\/canal7slp.tv\/2025\/wp-json\/wp\/v2\/posts"}],"about":[{"href":"https:\/\/canal7slp.tv\/2025\/wp-json\/wp\/v2\/types\/post"}],"author":[{"embeddable":true,"href":"https:\/\/canal7slp.tv\/2025\/wp-json\/wp\/v2\/users\/2"}],"replies":[{"embeddable":true,"href":"https:\/\/canal7slp.tv\/2025\/wp-json\/wp\/v2\/comments?post=176152"}],"version-history":[{"count":2,"href":"https:\/\/canal7slp.tv\/2025\/wp-json\/wp\/v2\/posts\/176152\/revisions"}],"predecessor-version":[{"id":176165,"href":"https:\/\/canal7slp.tv\/2025\/wp-json\/wp\/v2\/posts\/176152\/revisions\/176165"}],"wp:featuredmedia":[{"embeddable":true,"href":"https:\/\/canal7slp.tv\/2025\/wp-json\/wp\/v2\/media\/176164"}],"wp:attachment":[{"href":"https:\/\/canal7slp.tv\/2025\/wp-json\/wp\/v2\/media?parent=176152"}],"wp:term":[{"taxonomy":"category","embeddable":true,"href":"https:\/\/canal7slp.tv\/2025\/wp-json\/wp\/v2\/categories?post=176152"},{"taxonomy":"post_tag","embeddable":true,"href":"https:\/\/canal7slp.tv\/2025\/wp-json\/wp\/v2\/tags?post=176152"}],"curies":[{"name":"wp","href":"https:\/\/api.w.org\/{rel}","templated":true}]}}