{"id":176150,"date":"2025-08-11T20:09:10","date_gmt":"2025-08-12T02:09:10","guid":{"rendered":"https:\/\/canal7slp.tv\/2025\/?p=176150"},"modified":"2025-08-11T20:09:10","modified_gmt":"2025-08-12T02:09:10","slug":"afirma-dirigencia-estatal-del-pan-que-informara-sobre-las-verdaderas-intenciones-de-la-reforma-electoral","status":"publish","type":"post","link":"https:\/\/canal7slp.tv\/2025\/afirma-dirigencia-estatal-del-pan-que-informara-sobre-las-verdaderas-intenciones-de-la-reforma-electoral\/","title":{"rendered":"Afirma dirigencia estatal del PAN que informar\u00e1 sobre las verdaderas intenciones de la Reforma Electoral"},"content":{"rendered":"<p style=\"text-align: justify;\"><span style=\"font-size: 1.21429rem;\">SLP.- Al hablar sobre el tema de la Reforma Electoral propuesta por la presidenta de la Rep\u00fablica la dirigente estatal del Partido Acci\u00f3n Nacional, afirm\u00f3 que es un tema que llevar\u00e1n a las plazas p\u00fablicas, para que la gente, dijo, se informe sobre lo que esto implica.<\/span><\/p>\n<p style=\"text-align: justify;\">Dijo adem\u00e1s que esta iniciativa presidencial atenta contra las instituciones al decir que representa un retroceso democr\u00e1tico y un intento de concentrar el poder pol\u00edtico, en manos del gobierno.<\/p>\n<p style=\"text-align: justify;\">De igual manera, al reiterar que el PAN no respaldar\u00e1 modificaciones que atenten contra las instituciones la dirigente estatal del PAN asegur\u00f3 que esta propuesta, est\u00e1 orientada a debilitar los \u00f3rganos electorales comenzando por el Instituto Nacional Electoral.<\/p>\n<p style=\"text-align: justify;\">Y es que record\u00f3 que la propuesta de reforma contempla la reducci\u00f3n \u00f3 eliminaci\u00f3n de financiamiento p\u00fablico a partidos pol\u00edticos, desaparici\u00f3n de los Organismos P\u00fablicos Locales Electorales y la desaparici\u00f3n tambi\u00e9n de las diputaciones plurinominales.<\/p>\n<p style=\"text-align: justify;\">Por: Claudio Ibarra<\/p>\n","protected":false},"excerpt":{"rendered":"<p>SLP.- Al hablar sobre el tema de la Reforma Electoral propuesta por la presidenta de la Rep\u00fablica la dirigente estatal del Partido Acci\u00f3n Nacional, afirm\u00f3 que es un tema que llevar\u00e1n a las plazas p\u00fablicas, para que la gente, dijo, se informe sobre lo que esto implica. Dijo adem\u00e1s que esta iniciativa presidencial atenta contra las instituciones al decir que representa un retroceso democr\u00e1tico y un intento de concentrar el poder pol\u00edtico, en manos del gobierno. De igual manera, al reiterar que el PAN no respaldar\u00e1 modificaciones que atenten contra las instituciones la dirigente estatal del PAN asegur\u00f3 que esta [&hellip;]<\/p>\n","protected":false},"author":2,"featured_media":176161,"comment_status":"closed","ping_status":"closed","sticky":false,"template":"","format":"video","meta":{"_monsterinsights_skip_tracking":false,"_monsterinsights_sitenote_active":false,"_monsterinsights_sitenote_note":"","_monsterinsights_sitenote_category":0,"footnotes":""},"categories":[5,45],"tags":[],"class_list":["post-176150","post","type-post","status-publish","format-video","has-post-thumbnail","hentry","category-destacadas","category-localesyregionales","post_format-post-format-video","post--single"],"yoast_head":"<!-- This site is optimized with the Yoast SEO plugin v27.4 - https:\/\/yoast.com\/product\/yoast-seo-wordpress\/ -->\n<title>Afirma dirigencia estatal del PAN que informar\u00e1 sobre las verdaderas intenciones de la Reforma Electoral - Canal 7 SLP - 2025<\/title>\n<meta name=\"robots\" content=\"index, follow, max-snippet:-1, max-image-preview:large, max-video-preview:-1\" \/>\n<link rel=\"canonical\" href=\"https:\/\/canal7slp.tv\/2025\/afirma-dirigencia-estatal-del-pan-que-informara-sobre-las-verdaderas-intenciones-de-la-reforma-electoral\/\" \/>\n<meta property=\"og:locale\" content=\"es_ES\" \/>\n<meta property=\"og:type\" content=\"article\" \/>\n<meta property=\"og:title\" content=\"Afirma dirigencia estatal del PAN que informar\u00e1 sobre las verdaderas intenciones de la Reforma Electoral - Canal 7 SLP - 2025\" \/>\n<meta property=\"og:description\" content=\"SLP.- Al hablar sobre el tema de la Reforma Electoral propuesta por la presidenta de la Rep\u00fablica la dirigente estatal del Partido Acci\u00f3n Nacional, afirm\u00f3 que es un tema que llevar\u00e1n a las plazas p\u00fablicas, para que la gente, dijo, se informe sobre lo que esto implica. Dijo adem\u00e1s que esta iniciativa presidencial atenta contra las instituciones al decir que representa un retroceso democr\u00e1tico y un intento de concentrar el poder pol\u00edtico, en manos del gobierno. De igual manera, al reiterar que el PAN no respaldar\u00e1 modificaciones que atenten contra las instituciones la dirigente estatal del PAN asegur\u00f3 que esta [&hellip;]\" \/>\n<meta property=\"og:url\" content=\"https:\/\/canal7slp.tv\/2025\/afirma-dirigencia-estatal-del-pan-que-informara-sobre-las-verdaderas-intenciones-de-la-reforma-electoral\/\" \/>\n<meta property=\"og:site_name\" content=\"Canal 7 SLP - 2025\" \/>\n<meta property=\"article:publisher\" content=\"https:\/\/www.facebook.com\/noticieroscanal7atencionciudadana\/\" \/>\n<meta property=\"article:published_time\" content=\"2025-08-12T02:09:10+00:00\" \/>\n<meta property=\"og:image\" content=\"https:\/\/canal7slp.tv\/2025\/wp-content\/uploads\/2025\/08\/Claudio02VeronicaPAN.jpg\" \/>\n\t<meta property=\"og:image:width\" content=\"1280\" \/>\n\t<meta property=\"og:image:height\" content=\"720\" \/>\n\t<meta property=\"og:image:type\" content=\"image\/jpeg\" \/>\n<meta name=\"author\" content=\"Edici\u00f3n Web\" \/>\n<meta name=\"twitter:card\" content=\"summary_large_image\" \/>\n<meta name=\"twitter:creator\" content=\"@NOTICIEROS7\" \/>\n<meta name=\"twitter:site\" content=\"@NOTICIEROS7\" \/>\n<meta name=\"twitter:label1\" content=\"Escrito por\" \/>\n\t<meta name=\"twitter:data1\" content=\"Edici\u00f3n Web\" \/>\n\t<meta name=\"twitter:label2\" content=\"Tiempo de lectura\" \/>\n\t<meta name=\"twitter:data2\" content=\"1 minuto\" \/>\n<script type=\"application\/ld+json\" class=\"yoast-schema-graph\">{\"@context\":\"https:\\\/\\\/schema.org\",\"@graph\":[{\"@type\":\"Article\",\"@id\":\"https:\\\/\\\/canal7slp.tv\\\/2025\\\/afirma-dirigencia-estatal-del-pan-que-informara-sobre-las-verdaderas-intenciones-de-la-reforma-electoral\\\/#article\",\"isPartOf\":{\"@id\":\"https:\\\/\\\/canal7slp.tv\\\/2025\\\/afirma-dirigencia-estatal-del-pan-que-informara-sobre-las-verdaderas-intenciones-de-la-reforma-electoral\\\/\"},\"author\":{\"name\":\"Edici\u00f3n Web\",\"@id\":\"https:\\\/\\\/canal7slp.tv\\\/2025\\\/#\\\/schema\\\/person\\\/271e2b60a96e7cc9d9ac296f4d7e414b\"},\"headline\":\"Afirma dirigencia estatal del PAN que informar\u00e1 sobre las verdaderas intenciones de la Reforma Electoral\",\"datePublished\":\"2025-08-12T02:09:10+00:00\",\"mainEntityOfPage\":{\"@id\":\"https:\\\/\\\/canal7slp.tv\\\/2025\\\/afirma-dirigencia-estatal-del-pan-que-informara-sobre-las-verdaderas-intenciones-de-la-reforma-electoral\\\/\"},\"wordCount\":182,\"publisher\":{\"@id\":\"https:\\\/\\\/canal7slp.tv\\\/2025\\\/#organization\"},\"image\":{\"@id\":\"https:\\\/\\\/canal7slp.tv\\\/2025\\\/afirma-dirigencia-estatal-del-pan-que-informara-sobre-las-verdaderas-intenciones-de-la-reforma-electoral\\\/#primaryimage\"},\"thumbnailUrl\":\"https:\\\/\\\/canal7slp.tv\\\/2025\\\/wp-content\\\/uploads\\\/2025\\\/08\\\/Claudio02VeronicaPAN.jpg\",\"articleSection\":[\"DESTACADAS\",\"LOCALES Y REGIONALES\"],\"inLanguage\":\"es\"},{\"@type\":\"WebPage\",\"@id\":\"https:\\\/\\\/canal7slp.tv\\\/2025\\\/afirma-dirigencia-estatal-del-pan-que-informara-sobre-las-verdaderas-intenciones-de-la-reforma-electoral\\\/\",\"url\":\"https:\\\/\\\/canal7slp.tv\\\/2025\\\/afirma-dirigencia-estatal-del-pan-que-informara-sobre-las-verdaderas-intenciones-de-la-reforma-electoral\\\/\",\"name\":\"Afirma dirigencia estatal del PAN que informar\u00e1 sobre las verdaderas intenciones de la Reforma Electoral - Canal 7 SLP - 2025\",\"isPartOf\":{\"@id\":\"https:\\\/\\\/canal7slp.tv\\\/2025\\\/#website\"},\"primaryImageOfPage\":{\"@id\":\"https:\\\/\\\/canal7slp.tv\\\/2025\\\/afirma-dirigencia-estatal-del-pan-que-informara-sobre-las-verdaderas-intenciones-de-la-reforma-electoral\\\/#primaryimage\"},\"image\":{\"@id\":\"https:\\\/\\\/canal7slp.tv\\\/2025\\\/afirma-dirigencia-estatal-del-pan-que-informara-sobre-las-verdaderas-intenciones-de-la-reforma-electoral\\\/#primaryimage\"},\"thumbnailUrl\":\"https:\\\/\\\/canal7slp.tv\\\/2025\\\/wp-content\\\/uploads\\\/2025\\\/08\\\/Claudio02VeronicaPAN.jpg\",\"datePublished\":\"2025-08-12T02:09:10+00:00\",\"breadcrumb\":{\"@id\":\"https:\\\/\\\/canal7slp.tv\\\/2025\\\/afirma-dirigencia-estatal-del-pan-que-informara-sobre-las-verdaderas-intenciones-de-la-reforma-electoral\\\/#breadcrumb\"},\"inLanguage\":\"es\",\"potentialAction\":[{\"@type\":\"ReadAction\",\"target\":[\"https:\\\/\\\/canal7slp.tv\\\/2025\\\/afirma-dirigencia-estatal-del-pan-que-informara-sobre-las-verdaderas-intenciones-de-la-reforma-electoral\\\/\"]}]},{\"@type\":\"ImageObject\",\"inLanguage\":\"es\",\"@id\":\"https:\\\/\\\/canal7slp.tv\\\/2025\\\/afirma-dirigencia-estatal-del-pan-que-informara-sobre-las-verdaderas-intenciones-de-la-reforma-electoral\\\/#primaryimage\",\"url\":\"https:\\\/\\\/canal7slp.tv\\\/2025\\\/wp-content\\\/uploads\\\/2025\\\/08\\\/Claudio02VeronicaPAN.jpg\",\"contentUrl\":\"https:\\\/\\\/canal7slp.tv\\\/2025\\\/wp-content\\\/uploads\\\/2025\\\/08\\\/Claudio02VeronicaPAN.jpg\",\"width\":1280,\"height\":720},{\"@type\":\"BreadcrumbList\",\"@id\":\"https:\\\/\\\/canal7slp.tv\\\/2025\\\/afirma-dirigencia-estatal-del-pan-que-informara-sobre-las-verdaderas-intenciones-de-la-reforma-electoral\\\/#breadcrumb\",\"itemListElement\":[{\"@type\":\"ListItem\",\"position\":1,\"name\":\"Portada\",\"item\":\"https:\\\/\\\/canal7slp.tv\\\/2025\\\/\"},{\"@type\":\"ListItem\",\"position\":2,\"name\":\"Afirma dirigencia estatal del PAN que informar\u00e1 sobre las verdaderas intenciones de la Reforma Electoral\"}]},{\"@type\":\"WebSite\",\"@id\":\"https:\\\/\\\/canal7slp.tv\\\/2025\\\/#website\",\"url\":\"https:\\\/\\\/canal7slp.tv\\\/2025\\\/\",\"name\":\"N7 - Noticieros Canal 7\",\"description\":\"Somos el Medio\",\"publisher\":{\"@id\":\"https:\\\/\\\/canal7slp.tv\\\/2025\\\/#organization\"},\"potentialAction\":[{\"@type\":\"SearchAction\",\"target\":{\"@type\":\"EntryPoint\",\"urlTemplate\":\"https:\\\/\\\/canal7slp.tv\\\/2025\\\/?s={search_term_string}\"},\"query-input\":{\"@type\":\"PropertyValueSpecification\",\"valueRequired\":true,\"valueName\":\"search_term_string\"}}],\"inLanguage\":\"es\"},{\"@type\":\"Organization\",\"@id\":\"https:\\\/\\\/canal7slp.tv\\\/2025\\\/#organization\",\"name\":\"Noticieros Canal 7\",\"url\":\"https:\\\/\\\/canal7slp.tv\\\/2025\\\/\",\"logo\":{\"@type\":\"ImageObject\",\"inLanguage\":\"es\",\"@id\":\"https:\\\/\\\/canal7slp.tv\\\/2025\\\/#\\\/schema\\\/logo\\\/image\\\/\",\"url\":\"https:\\\/\\\/canal7slp.tv\\\/2025\\\/wp-content\\\/uploads\\\/2021\\\/01\\\/logo-noticieros@2x.png\",\"contentUrl\":\"https:\\\/\\\/canal7slp.tv\\\/2025\\\/wp-content\\\/uploads\\\/2021\\\/01\\\/logo-noticieros@2x.png\",\"width\":1017,\"height\":268,\"caption\":\"Noticieros Canal 7\"},\"image\":{\"@id\":\"https:\\\/\\\/canal7slp.tv\\\/2025\\\/#\\\/schema\\\/logo\\\/image\\\/\"},\"sameAs\":[\"https:\\\/\\\/www.facebook.com\\\/noticieroscanal7atencionciudadana\\\/\",\"https:\\\/\\\/x.com\\\/NOTICIEROS7\",\"https:\\\/\\\/www.instagram.com\\\/canal7_slp\",\"https:\\\/\\\/www.youtube.com\\\/channel\\\/UCliiYs-gP3JfJeqdPrNdd5A\"]},{\"@type\":\"Person\",\"@id\":\"https:\\\/\\\/canal7slp.tv\\\/2025\\\/#\\\/schema\\\/person\\\/271e2b60a96e7cc9d9ac296f4d7e414b\",\"name\":\"Edici\u00f3n Web\",\"image\":{\"@type\":\"ImageObject\",\"inLanguage\":\"es\",\"@id\":\"https:\\\/\\\/secure.gravatar.com\\\/avatar\\\/eee448fc3f7164808013b816ba91ac7e43bbe82a70bebac296f8bc6f0addaa1a?s=96&d=mm&r=g\",\"url\":\"https:\\\/\\\/secure.gravatar.com\\\/avatar\\\/eee448fc3f7164808013b816ba91ac7e43bbe82a70bebac296f8bc6f0addaa1a?s=96&d=mm&r=g\",\"contentUrl\":\"https:\\\/\\\/secure.gravatar.com\\\/avatar\\\/eee448fc3f7164808013b816ba91ac7e43bbe82a70bebac296f8bc6f0addaa1a?s=96&d=mm&r=g\",\"caption\":\"Edici\u00f3n Web\"},\"url\":\"https:\\\/\\\/canal7slp.tv\\\/2025\\\/author\\\/edicionweb\\\/\"}]}<\/script>\n<!-- \/ Yoast SEO plugin. -->","yoast_head_json":{"title":"Afirma dirigencia estatal del PAN que informar\u00e1 sobre las verdaderas intenciones de la Reforma Electoral - Canal 7 SLP - 2025","robots":{"index":"index","follow":"follow","max-snippet":"max-snippet:-1","max-image-preview":"max-image-preview:large","max-video-preview":"max-video-preview:-1"},"canonical":"https:\/\/canal7slp.tv\/2025\/afirma-dirigencia-estatal-del-pan-que-informara-sobre-las-verdaderas-intenciones-de-la-reforma-electoral\/","og_locale":"es_ES","og_type":"article","og_title":"Afirma dirigencia estatal del PAN que informar\u00e1 sobre las verdaderas intenciones de la Reforma Electoral - Canal 7 SLP - 2025","og_description":"SLP.- Al hablar sobre el tema de la Reforma Electoral propuesta por la presidenta de la Rep\u00fablica la dirigente estatal del Partido Acci\u00f3n Nacional, afirm\u00f3 que es un tema que llevar\u00e1n a las plazas p\u00fablicas, para que la gente, dijo, se informe sobre lo que esto implica. Dijo adem\u00e1s que esta iniciativa presidencial atenta contra las instituciones al decir que representa un retroceso democr\u00e1tico y un intento de concentrar el poder pol\u00edtico, en manos del gobierno. De igual manera, al reiterar que el PAN no respaldar\u00e1 modificaciones que atenten contra las instituciones la dirigente estatal del PAN asegur\u00f3 que esta [&hellip;]","og_url":"https:\/\/canal7slp.tv\/2025\/afirma-dirigencia-estatal-del-pan-que-informara-sobre-las-verdaderas-intenciones-de-la-reforma-electoral\/","og_site_name":"Canal 7 SLP - 2025","article_publisher":"https:\/\/www.facebook.com\/noticieroscanal7atencionciudadana\/","article_published_time":"2025-08-12T02:09:10+00:00","og_image":[{"width":1280,"height":720,"url":"https:\/\/canal7slp.tv\/2025\/wp-content\/uploads\/2025\/08\/Claudio02VeronicaPAN.jpg","type":"image\/jpeg"}],"author":"Edici\u00f3n Web","twitter_card":"summary_large_image","twitter_creator":"@NOTICIEROS7","twitter_site":"@NOTICIEROS7","twitter_misc":{"Escrito por":"Edici\u00f3n Web","Tiempo de lectura":"1 minuto"},"schema":{"@context":"https:\/\/schema.org","@graph":[{"@type":"Article","@id":"https:\/\/canal7slp.tv\/2025\/afirma-dirigencia-estatal-del-pan-que-informara-sobre-las-verdaderas-intenciones-de-la-reforma-electoral\/#article","isPartOf":{"@id":"https:\/\/canal7slp.tv\/2025\/afirma-dirigencia-estatal-del-pan-que-informara-sobre-las-verdaderas-intenciones-de-la-reforma-electoral\/"},"author":{"name":"Edici\u00f3n Web","@id":"https:\/\/canal7slp.tv\/2025\/#\/schema\/person\/271e2b60a96e7cc9d9ac296f4d7e414b"},"headline":"Afirma dirigencia estatal del PAN que informar\u00e1 sobre las verdaderas intenciones de la Reforma Electoral","datePublished":"2025-08-12T02:09:10+00:00","mainEntityOfPage":{"@id":"https:\/\/canal7slp.tv\/2025\/afirma-dirigencia-estatal-del-pan-que-informara-sobre-las-verdaderas-intenciones-de-la-reforma-electoral\/"},"wordCount":182,"publisher":{"@id":"https:\/\/canal7slp.tv\/2025\/#organization"},"image":{"@id":"https:\/\/canal7slp.tv\/2025\/afirma-dirigencia-estatal-del-pan-que-informara-sobre-las-verdaderas-intenciones-de-la-reforma-electoral\/#primaryimage"},"thumbnailUrl":"https:\/\/canal7slp.tv\/2025\/wp-content\/uploads\/2025\/08\/Claudio02VeronicaPAN.jpg","articleSection":["DESTACADAS","LOCALES Y REGIONALES"],"inLanguage":"es"},{"@type":"WebPage","@id":"https:\/\/canal7slp.tv\/2025\/afirma-dirigencia-estatal-del-pan-que-informara-sobre-las-verdaderas-intenciones-de-la-reforma-electoral\/","url":"https:\/\/canal7slp.tv\/2025\/afirma-dirigencia-estatal-del-pan-que-informara-sobre-las-verdaderas-intenciones-de-la-reforma-electoral\/","name":"Afirma dirigencia estatal del PAN que informar\u00e1 sobre las verdaderas intenciones de la Reforma Electoral - Canal 7 SLP - 2025","isPartOf":{"@id":"https:\/\/canal7slp.tv\/2025\/#website"},"primaryImageOfPage":{"@id":"https:\/\/canal7slp.tv\/2025\/afirma-dirigencia-estatal-del-pan-que-informara-sobre-las-verdaderas-intenciones-de-la-reforma-electoral\/#primaryimage"},"image":{"@id":"https:\/\/canal7slp.tv\/2025\/afirma-dirigencia-estatal-del-pan-que-informara-sobre-las-verdaderas-intenciones-de-la-reforma-electoral\/#primaryimage"},"thumbnailUrl":"https:\/\/canal7slp.tv\/2025\/wp-content\/uploads\/2025\/08\/Claudio02VeronicaPAN.jpg","datePublished":"2025-08-12T02:09:10+00:00","breadcrumb":{"@id":"https:\/\/canal7slp.tv\/2025\/afirma-dirigencia-estatal-del-pan-que-informara-sobre-las-verdaderas-intenciones-de-la-reforma-electoral\/#breadcrumb"},"inLanguage":"es","potentialAction":[{"@type":"ReadAction","target":["https:\/\/canal7slp.tv\/2025\/afirma-dirigencia-estatal-del-pan-que-informara-sobre-las-verdaderas-intenciones-de-la-reforma-electoral\/"]}]},{"@type":"ImageObject","inLanguage":"es","@id":"https:\/\/canal7slp.tv\/2025\/afirma-dirigencia-estatal-del-pan-que-informara-sobre-las-verdaderas-intenciones-de-la-reforma-electoral\/#primaryimage","url":"https:\/\/canal7slp.tv\/2025\/wp-content\/uploads\/2025\/08\/Claudio02VeronicaPAN.jpg","contentUrl":"https:\/\/canal7slp.tv\/2025\/wp-content\/uploads\/2025\/08\/Claudio02VeronicaPAN.jpg","width":1280,"height":720},{"@type":"BreadcrumbList","@id":"https:\/\/canal7slp.tv\/2025\/afirma-dirigencia-estatal-del-pan-que-informara-sobre-las-verdaderas-intenciones-de-la-reforma-electoral\/#breadcrumb","itemListElement":[{"@type":"ListItem","position":1,"name":"Portada","item":"https:\/\/canal7slp.tv\/2025\/"},{"@type":"ListItem","position":2,"name":"Afirma dirigencia estatal del PAN que informar\u00e1 sobre las verdaderas intenciones de la Reforma Electoral"}]},{"@type":"WebSite","@id":"https:\/\/canal7slp.tv\/2025\/#website","url":"https:\/\/canal7slp.tv\/2025\/","name":"N7 - Noticieros Canal 7","description":"Somos el Medio","publisher":{"@id":"https:\/\/canal7slp.tv\/2025\/#organization"},"potentialAction":[{"@type":"SearchAction","target":{"@type":"EntryPoint","urlTemplate":"https:\/\/canal7slp.tv\/2025\/?s={search_term_string}"},"query-input":{"@type":"PropertyValueSpecification","valueRequired":true,"valueName":"search_term_string"}}],"inLanguage":"es"},{"@type":"Organization","@id":"https:\/\/canal7slp.tv\/2025\/#organization","name":"Noticieros Canal 7","url":"https:\/\/canal7slp.tv\/2025\/","logo":{"@type":"ImageObject","inLanguage":"es","@id":"https:\/\/canal7slp.tv\/2025\/#\/schema\/logo\/image\/","url":"https:\/\/canal7slp.tv\/2025\/wp-content\/uploads\/2021\/01\/logo-noticieros@2x.png","contentUrl":"https:\/\/canal7slp.tv\/2025\/wp-content\/uploads\/2021\/01\/logo-noticieros@2x.png","width":1017,"height":268,"caption":"Noticieros Canal 7"},"image":{"@id":"https:\/\/canal7slp.tv\/2025\/#\/schema\/logo\/image\/"},"sameAs":["https:\/\/www.facebook.com\/noticieroscanal7atencionciudadana\/","https:\/\/x.com\/NOTICIEROS7","https:\/\/www.instagram.com\/canal7_slp","https:\/\/www.youtube.com\/channel\/UCliiYs-gP3JfJeqdPrNdd5A"]},{"@type":"Person","@id":"https:\/\/canal7slp.tv\/2025\/#\/schema\/person\/271e2b60a96e7cc9d9ac296f4d7e414b","name":"Edici\u00f3n Web","image":{"@type":"ImageObject","inLanguage":"es","@id":"https:\/\/secure.gravatar.com\/avatar\/eee448fc3f7164808013b816ba91ac7e43bbe82a70bebac296f8bc6f0addaa1a?s=96&d=mm&r=g","url":"https:\/\/secure.gravatar.com\/avatar\/eee448fc3f7164808013b816ba91ac7e43bbe82a70bebac296f8bc6f0addaa1a?s=96&d=mm&r=g","contentUrl":"https:\/\/secure.gravatar.com\/avatar\/eee448fc3f7164808013b816ba91ac7e43bbe82a70bebac296f8bc6f0addaa1a?s=96&d=mm&r=g","caption":"Edici\u00f3n Web"},"url":"https:\/\/canal7slp.tv\/2025\/author\/edicionweb\/"}]}},"_links":{"self":[{"href":"https:\/\/canal7slp.tv\/2025\/wp-json\/wp\/v2\/posts\/176150","targetHints":{"allow":["GET"]}}],"collection":[{"href":"https:\/\/canal7slp.tv\/2025\/wp-json\/wp\/v2\/posts"}],"about":[{"href":"https:\/\/canal7slp.tv\/2025\/wp-json\/wp\/v2\/types\/post"}],"author":[{"embeddable":true,"href":"https:\/\/canal7slp.tv\/2025\/wp-json\/wp\/v2\/users\/2"}],"replies":[{"embeddable":true,"href":"https:\/\/canal7slp.tv\/2025\/wp-json\/wp\/v2\/comments?post=176150"}],"version-history":[{"count":2,"href":"https:\/\/canal7slp.tv\/2025\/wp-json\/wp\/v2\/posts\/176150\/revisions"}],"predecessor-version":[{"id":176162,"href":"https:\/\/canal7slp.tv\/2025\/wp-json\/wp\/v2\/posts\/176150\/revisions\/176162"}],"wp:featuredmedia":[{"embeddable":true,"href":"https:\/\/canal7slp.tv\/2025\/wp-json\/wp\/v2\/media\/176161"}],"wp:attachment":[{"href":"https:\/\/canal7slp.tv\/2025\/wp-json\/wp\/v2\/media?parent=176150"}],"wp:term":[{"taxonomy":"category","embeddable":true,"href":"https:\/\/canal7slp.tv\/2025\/wp-json\/wp\/v2\/categories?post=176150"},{"taxonomy":"post_tag","embeddable":true,"href":"https:\/\/canal7slp.tv\/2025\/wp-json\/wp\/v2\/tags?post=176150"}],"curies":[{"name":"wp","href":"https:\/\/api.w.org\/{rel}","templated":true}]}}