{"id":176149,"date":"2025-08-11T20:06:14","date_gmt":"2025-08-12T02:06:14","guid":{"rendered":"https:\/\/canal7slp.tv\/2025\/?p=176149"},"modified":"2025-08-11T20:06:14","modified_gmt":"2025-08-12T02:06:14","slug":"advierte-ministra-que-tribunal-de-disciplina-judicial-sera-severo-al-sancionar-a-jueces","status":"publish","type":"post","link":"https:\/\/canal7slp.tv\/2025\/advierte-ministra-que-tribunal-de-disciplina-judicial-sera-severo-al-sancionar-a-jueces\/","title":{"rendered":"Advierte ministra que Tribunal de Disciplina Judicial ser\u00e1 severo al sancionar a jueces"},"content":{"rendered":"<p style=\"text-align: justify;\"><span style=\"font-size: 1.21429rem;\">SLP.- En su reciente visita a San Luis Potos\u00ed la ministra de la Suprema Corte de Justicia de la Naci\u00f3n Yasm\u00edn Esquivel Mossa, afirm\u00f3 que derivado de la reforma al Poder Judicial el nuevo Tribunal de Disciplina Judicial, ser\u00e1 severo en la revisi\u00f3n de juzgados y personas juzgadoras.<\/span><\/p>\n<p style=\"text-align: justify;\">Se\u00f1al\u00f3 lo anterior al decir que los jueces ya no tendr\u00e1n un plazo m\u00e1ximo de un a\u00f1o para dictar sentencias al afirmar que hay casos que se prolongan por d\u00e9cadas.<\/p>\n<p style=\"text-align: justify;\">Inform\u00f3 que las funciones del Tribunal de Disciplina Judicial ser\u00e1n las de hacerse presente en los juzgados y revisar entre otras facultades, su historial de expedientes en rezago pero tambi\u00e9n el trabajo de la persona juzgadora electa.<\/p>\n<p style=\"text-align: justify;\">Asimismo, la ministra Yasm\u00edn Esquivel se refiri\u00f3 a la controversia generada en relaci\u00f3n al proceso electoral judicial, en donde los aspirantes que fueron electos como jueces no alcanzaron el promedio acad\u00e9mico establecido.<\/p>\n<p style=\"text-align: justify;\">Al respecto, consider\u00f3 que en este caso en particular se ponder\u00f3 el principio del voto democr\u00e1tico que el promedio obtenido, de cada uno de los aspirantes ahora electos.<\/p>\n<p>Por: Claudio Ibarra<\/p>\n","protected":false},"excerpt":{"rendered":"<p>SLP.- En su reciente visita a San Luis Potos\u00ed la ministra de la Suprema Corte de Justicia de la Naci\u00f3n Yasm\u00edn Esquivel Mossa, afirm\u00f3 que derivado de la reforma al Poder Judicial el nuevo Tribunal de Disciplina Judicial, ser\u00e1 severo en la revisi\u00f3n de juzgados y personas juzgadoras. Se\u00f1al\u00f3 lo anterior al decir que los jueces ya no tendr\u00e1n un plazo m\u00e1ximo de un a\u00f1o para dictar sentencias al afirmar que hay casos que se prolongan por d\u00e9cadas. Inform\u00f3 que las funciones del Tribunal de Disciplina Judicial ser\u00e1n las de hacerse presente en los juzgados y revisar entre otras facultades, [&hellip;]<\/p>\n","protected":false},"author":2,"featured_media":176158,"comment_status":"closed","ping_status":"closed","sticky":false,"template":"","format":"video","meta":{"_monsterinsights_skip_tracking":false,"_monsterinsights_sitenote_active":false,"_monsterinsights_sitenote_note":"","_monsterinsights_sitenote_category":0,"footnotes":""},"categories":[5,45],"tags":[],"class_list":["post-176149","post","type-post","status-publish","format-video","has-post-thumbnail","hentry","category-destacadas","category-localesyregionales","post_format-post-format-video","post--single"],"yoast_head":"<!-- This site is optimized with the Yoast SEO plugin v27.4 - https:\/\/yoast.com\/product\/yoast-seo-wordpress\/ -->\n<title>Advierte ministra que Tribunal de Disciplina Judicial ser\u00e1 severo al sancionar a jueces - Canal 7 SLP - 2025<\/title>\n<meta name=\"robots\" content=\"index, follow, max-snippet:-1, max-image-preview:large, max-video-preview:-1\" \/>\n<link rel=\"canonical\" href=\"https:\/\/canal7slp.tv\/2025\/advierte-ministra-que-tribunal-de-disciplina-judicial-sera-severo-al-sancionar-a-jueces\/\" \/>\n<meta property=\"og:locale\" content=\"es_ES\" \/>\n<meta property=\"og:type\" content=\"article\" \/>\n<meta property=\"og:title\" content=\"Advierte ministra que Tribunal de Disciplina Judicial ser\u00e1 severo al sancionar a jueces - Canal 7 SLP - 2025\" \/>\n<meta property=\"og:description\" content=\"SLP.- En su reciente visita a San Luis Potos\u00ed la ministra de la Suprema Corte de Justicia de la Naci\u00f3n Yasm\u00edn Esquivel Mossa, afirm\u00f3 que derivado de la reforma al Poder Judicial el nuevo Tribunal de Disciplina Judicial, ser\u00e1 severo en la revisi\u00f3n de juzgados y personas juzgadoras. Se\u00f1al\u00f3 lo anterior al decir que los jueces ya no tendr\u00e1n un plazo m\u00e1ximo de un a\u00f1o para dictar sentencias al afirmar que hay casos que se prolongan por d\u00e9cadas. Inform\u00f3 que las funciones del Tribunal de Disciplina Judicial ser\u00e1n las de hacerse presente en los juzgados y revisar entre otras facultades, [&hellip;]\" \/>\n<meta property=\"og:url\" content=\"https:\/\/canal7slp.tv\/2025\/advierte-ministra-que-tribunal-de-disciplina-judicial-sera-severo-al-sancionar-a-jueces\/\" \/>\n<meta property=\"og:site_name\" content=\"Canal 7 SLP - 2025\" \/>\n<meta property=\"article:publisher\" content=\"https:\/\/www.facebook.com\/noticieroscanal7atencionciudadana\/\" \/>\n<meta property=\"article:published_time\" content=\"2025-08-12T02:06:14+00:00\" \/>\n<meta property=\"og:image\" content=\"https:\/\/canal7slp.tv\/2025\/wp-content\/uploads\/2025\/08\/Claudio01Disciplina.jpg\" \/>\n\t<meta property=\"og:image:width\" content=\"1280\" \/>\n\t<meta property=\"og:image:height\" content=\"720\" \/>\n\t<meta property=\"og:image:type\" content=\"image\/jpeg\" \/>\n<meta name=\"author\" content=\"Edici\u00f3n Web\" \/>\n<meta name=\"twitter:card\" content=\"summary_large_image\" \/>\n<meta name=\"twitter:creator\" content=\"@NOTICIEROS7\" \/>\n<meta name=\"twitter:site\" content=\"@NOTICIEROS7\" \/>\n<meta name=\"twitter:label1\" content=\"Escrito por\" \/>\n\t<meta name=\"twitter:data1\" content=\"Edici\u00f3n Web\" \/>\n\t<meta name=\"twitter:label2\" content=\"Tiempo de lectura\" \/>\n\t<meta name=\"twitter:data2\" content=\"2 minutos\" \/>\n<script type=\"application\/ld+json\" class=\"yoast-schema-graph\">{\"@context\":\"https:\\\/\\\/schema.org\",\"@graph\":[{\"@type\":\"Article\",\"@id\":\"https:\\\/\\\/canal7slp.tv\\\/2025\\\/advierte-ministra-que-tribunal-de-disciplina-judicial-sera-severo-al-sancionar-a-jueces\\\/#article\",\"isPartOf\":{\"@id\":\"https:\\\/\\\/canal7slp.tv\\\/2025\\\/advierte-ministra-que-tribunal-de-disciplina-judicial-sera-severo-al-sancionar-a-jueces\\\/\"},\"author\":{\"name\":\"Edici\u00f3n Web\",\"@id\":\"https:\\\/\\\/canal7slp.tv\\\/2025\\\/#\\\/schema\\\/person\\\/271e2b60a96e7cc9d9ac296f4d7e414b\"},\"headline\":\"Advierte ministra que Tribunal de Disciplina Judicial ser\u00e1 severo al sancionar a jueces\",\"datePublished\":\"2025-08-12T02:06:14+00:00\",\"mainEntityOfPage\":{\"@id\":\"https:\\\/\\\/canal7slp.tv\\\/2025\\\/advierte-ministra-que-tribunal-de-disciplina-judicial-sera-severo-al-sancionar-a-jueces\\\/\"},\"wordCount\":206,\"publisher\":{\"@id\":\"https:\\\/\\\/canal7slp.tv\\\/2025\\\/#organization\"},\"image\":{\"@id\":\"https:\\\/\\\/canal7slp.tv\\\/2025\\\/advierte-ministra-que-tribunal-de-disciplina-judicial-sera-severo-al-sancionar-a-jueces\\\/#primaryimage\"},\"thumbnailUrl\":\"https:\\\/\\\/canal7slp.tv\\\/2025\\\/wp-content\\\/uploads\\\/2025\\\/08\\\/Claudio01Disciplina.jpg\",\"articleSection\":[\"DESTACADAS\",\"LOCALES Y REGIONALES\"],\"inLanguage\":\"es\"},{\"@type\":\"WebPage\",\"@id\":\"https:\\\/\\\/canal7slp.tv\\\/2025\\\/advierte-ministra-que-tribunal-de-disciplina-judicial-sera-severo-al-sancionar-a-jueces\\\/\",\"url\":\"https:\\\/\\\/canal7slp.tv\\\/2025\\\/advierte-ministra-que-tribunal-de-disciplina-judicial-sera-severo-al-sancionar-a-jueces\\\/\",\"name\":\"Advierte ministra que Tribunal de Disciplina Judicial ser\u00e1 severo al sancionar a jueces - Canal 7 SLP - 2025\",\"isPartOf\":{\"@id\":\"https:\\\/\\\/canal7slp.tv\\\/2025\\\/#website\"},\"primaryImageOfPage\":{\"@id\":\"https:\\\/\\\/canal7slp.tv\\\/2025\\\/advierte-ministra-que-tribunal-de-disciplina-judicial-sera-severo-al-sancionar-a-jueces\\\/#primaryimage\"},\"image\":{\"@id\":\"https:\\\/\\\/canal7slp.tv\\\/2025\\\/advierte-ministra-que-tribunal-de-disciplina-judicial-sera-severo-al-sancionar-a-jueces\\\/#primaryimage\"},\"thumbnailUrl\":\"https:\\\/\\\/canal7slp.tv\\\/2025\\\/wp-content\\\/uploads\\\/2025\\\/08\\\/Claudio01Disciplina.jpg\",\"datePublished\":\"2025-08-12T02:06:14+00:00\",\"breadcrumb\":{\"@id\":\"https:\\\/\\\/canal7slp.tv\\\/2025\\\/advierte-ministra-que-tribunal-de-disciplina-judicial-sera-severo-al-sancionar-a-jueces\\\/#breadcrumb\"},\"inLanguage\":\"es\",\"potentialAction\":[{\"@type\":\"ReadAction\",\"target\":[\"https:\\\/\\\/canal7slp.tv\\\/2025\\\/advierte-ministra-que-tribunal-de-disciplina-judicial-sera-severo-al-sancionar-a-jueces\\\/\"]}]},{\"@type\":\"ImageObject\",\"inLanguage\":\"es\",\"@id\":\"https:\\\/\\\/canal7slp.tv\\\/2025\\\/advierte-ministra-que-tribunal-de-disciplina-judicial-sera-severo-al-sancionar-a-jueces\\\/#primaryimage\",\"url\":\"https:\\\/\\\/canal7slp.tv\\\/2025\\\/wp-content\\\/uploads\\\/2025\\\/08\\\/Claudio01Disciplina.jpg\",\"contentUrl\":\"https:\\\/\\\/canal7slp.tv\\\/2025\\\/wp-content\\\/uploads\\\/2025\\\/08\\\/Claudio01Disciplina.jpg\",\"width\":1280,\"height\":720},{\"@type\":\"BreadcrumbList\",\"@id\":\"https:\\\/\\\/canal7slp.tv\\\/2025\\\/advierte-ministra-que-tribunal-de-disciplina-judicial-sera-severo-al-sancionar-a-jueces\\\/#breadcrumb\",\"itemListElement\":[{\"@type\":\"ListItem\",\"position\":1,\"name\":\"Portada\",\"item\":\"https:\\\/\\\/canal7slp.tv\\\/2025\\\/\"},{\"@type\":\"ListItem\",\"position\":2,\"name\":\"Advierte ministra que Tribunal de Disciplina Judicial ser\u00e1 severo al sancionar a jueces\"}]},{\"@type\":\"WebSite\",\"@id\":\"https:\\\/\\\/canal7slp.tv\\\/2025\\\/#website\",\"url\":\"https:\\\/\\\/canal7slp.tv\\\/2025\\\/\",\"name\":\"N7 - Noticieros Canal 7\",\"description\":\"Somos el Medio\",\"publisher\":{\"@id\":\"https:\\\/\\\/canal7slp.tv\\\/2025\\\/#organization\"},\"potentialAction\":[{\"@type\":\"SearchAction\",\"target\":{\"@type\":\"EntryPoint\",\"urlTemplate\":\"https:\\\/\\\/canal7slp.tv\\\/2025\\\/?s={search_term_string}\"},\"query-input\":{\"@type\":\"PropertyValueSpecification\",\"valueRequired\":true,\"valueName\":\"search_term_string\"}}],\"inLanguage\":\"es\"},{\"@type\":\"Organization\",\"@id\":\"https:\\\/\\\/canal7slp.tv\\\/2025\\\/#organization\",\"name\":\"Noticieros Canal 7\",\"url\":\"https:\\\/\\\/canal7slp.tv\\\/2025\\\/\",\"logo\":{\"@type\":\"ImageObject\",\"inLanguage\":\"es\",\"@id\":\"https:\\\/\\\/canal7slp.tv\\\/2025\\\/#\\\/schema\\\/logo\\\/image\\\/\",\"url\":\"https:\\\/\\\/canal7slp.tv\\\/2025\\\/wp-content\\\/uploads\\\/2021\\\/01\\\/logo-noticieros@2x.png\",\"contentUrl\":\"https:\\\/\\\/canal7slp.tv\\\/2025\\\/wp-content\\\/uploads\\\/2021\\\/01\\\/logo-noticieros@2x.png\",\"width\":1017,\"height\":268,\"caption\":\"Noticieros Canal 7\"},\"image\":{\"@id\":\"https:\\\/\\\/canal7slp.tv\\\/2025\\\/#\\\/schema\\\/logo\\\/image\\\/\"},\"sameAs\":[\"https:\\\/\\\/www.facebook.com\\\/noticieroscanal7atencionciudadana\\\/\",\"https:\\\/\\\/x.com\\\/NOTICIEROS7\",\"https:\\\/\\\/www.instagram.com\\\/canal7_slp\",\"https:\\\/\\\/www.youtube.com\\\/channel\\\/UCliiYs-gP3JfJeqdPrNdd5A\"]},{\"@type\":\"Person\",\"@id\":\"https:\\\/\\\/canal7slp.tv\\\/2025\\\/#\\\/schema\\\/person\\\/271e2b60a96e7cc9d9ac296f4d7e414b\",\"name\":\"Edici\u00f3n Web\",\"image\":{\"@type\":\"ImageObject\",\"inLanguage\":\"es\",\"@id\":\"https:\\\/\\\/secure.gravatar.com\\\/avatar\\\/eee448fc3f7164808013b816ba91ac7e43bbe82a70bebac296f8bc6f0addaa1a?s=96&d=mm&r=g\",\"url\":\"https:\\\/\\\/secure.gravatar.com\\\/avatar\\\/eee448fc3f7164808013b816ba91ac7e43bbe82a70bebac296f8bc6f0addaa1a?s=96&d=mm&r=g\",\"contentUrl\":\"https:\\\/\\\/secure.gravatar.com\\\/avatar\\\/eee448fc3f7164808013b816ba91ac7e43bbe82a70bebac296f8bc6f0addaa1a?s=96&d=mm&r=g\",\"caption\":\"Edici\u00f3n Web\"},\"url\":\"https:\\\/\\\/canal7slp.tv\\\/2025\\\/author\\\/edicionweb\\\/\"}]}<\/script>\n<!-- \/ Yoast SEO plugin. -->","yoast_head_json":{"title":"Advierte ministra que Tribunal de Disciplina Judicial ser\u00e1 severo al sancionar a jueces - Canal 7 SLP - 2025","robots":{"index":"index","follow":"follow","max-snippet":"max-snippet:-1","max-image-preview":"max-image-preview:large","max-video-preview":"max-video-preview:-1"},"canonical":"https:\/\/canal7slp.tv\/2025\/advierte-ministra-que-tribunal-de-disciplina-judicial-sera-severo-al-sancionar-a-jueces\/","og_locale":"es_ES","og_type":"article","og_title":"Advierte ministra que Tribunal de Disciplina Judicial ser\u00e1 severo al sancionar a jueces - Canal 7 SLP - 2025","og_description":"SLP.- En su reciente visita a San Luis Potos\u00ed la ministra de la Suprema Corte de Justicia de la Naci\u00f3n Yasm\u00edn Esquivel Mossa, afirm\u00f3 que derivado de la reforma al Poder Judicial el nuevo Tribunal de Disciplina Judicial, ser\u00e1 severo en la revisi\u00f3n de juzgados y personas juzgadoras. Se\u00f1al\u00f3 lo anterior al decir que los jueces ya no tendr\u00e1n un plazo m\u00e1ximo de un a\u00f1o para dictar sentencias al afirmar que hay casos que se prolongan por d\u00e9cadas. Inform\u00f3 que las funciones del Tribunal de Disciplina Judicial ser\u00e1n las de hacerse presente en los juzgados y revisar entre otras facultades, [&hellip;]","og_url":"https:\/\/canal7slp.tv\/2025\/advierte-ministra-que-tribunal-de-disciplina-judicial-sera-severo-al-sancionar-a-jueces\/","og_site_name":"Canal 7 SLP - 2025","article_publisher":"https:\/\/www.facebook.com\/noticieroscanal7atencionciudadana\/","article_published_time":"2025-08-12T02:06:14+00:00","og_image":[{"width":1280,"height":720,"url":"https:\/\/canal7slp.tv\/2025\/wp-content\/uploads\/2025\/08\/Claudio01Disciplina.jpg","type":"image\/jpeg"}],"author":"Edici\u00f3n Web","twitter_card":"summary_large_image","twitter_creator":"@NOTICIEROS7","twitter_site":"@NOTICIEROS7","twitter_misc":{"Escrito por":"Edici\u00f3n Web","Tiempo de lectura":"2 minutos"},"schema":{"@context":"https:\/\/schema.org","@graph":[{"@type":"Article","@id":"https:\/\/canal7slp.tv\/2025\/advierte-ministra-que-tribunal-de-disciplina-judicial-sera-severo-al-sancionar-a-jueces\/#article","isPartOf":{"@id":"https:\/\/canal7slp.tv\/2025\/advierte-ministra-que-tribunal-de-disciplina-judicial-sera-severo-al-sancionar-a-jueces\/"},"author":{"name":"Edici\u00f3n Web","@id":"https:\/\/canal7slp.tv\/2025\/#\/schema\/person\/271e2b60a96e7cc9d9ac296f4d7e414b"},"headline":"Advierte ministra que Tribunal de Disciplina Judicial ser\u00e1 severo al sancionar a jueces","datePublished":"2025-08-12T02:06:14+00:00","mainEntityOfPage":{"@id":"https:\/\/canal7slp.tv\/2025\/advierte-ministra-que-tribunal-de-disciplina-judicial-sera-severo-al-sancionar-a-jueces\/"},"wordCount":206,"publisher":{"@id":"https:\/\/canal7slp.tv\/2025\/#organization"},"image":{"@id":"https:\/\/canal7slp.tv\/2025\/advierte-ministra-que-tribunal-de-disciplina-judicial-sera-severo-al-sancionar-a-jueces\/#primaryimage"},"thumbnailUrl":"https:\/\/canal7slp.tv\/2025\/wp-content\/uploads\/2025\/08\/Claudio01Disciplina.jpg","articleSection":["DESTACADAS","LOCALES Y REGIONALES"],"inLanguage":"es"},{"@type":"WebPage","@id":"https:\/\/canal7slp.tv\/2025\/advierte-ministra-que-tribunal-de-disciplina-judicial-sera-severo-al-sancionar-a-jueces\/","url":"https:\/\/canal7slp.tv\/2025\/advierte-ministra-que-tribunal-de-disciplina-judicial-sera-severo-al-sancionar-a-jueces\/","name":"Advierte ministra que Tribunal de Disciplina Judicial ser\u00e1 severo al sancionar a jueces - Canal 7 SLP - 2025","isPartOf":{"@id":"https:\/\/canal7slp.tv\/2025\/#website"},"primaryImageOfPage":{"@id":"https:\/\/canal7slp.tv\/2025\/advierte-ministra-que-tribunal-de-disciplina-judicial-sera-severo-al-sancionar-a-jueces\/#primaryimage"},"image":{"@id":"https:\/\/canal7slp.tv\/2025\/advierte-ministra-que-tribunal-de-disciplina-judicial-sera-severo-al-sancionar-a-jueces\/#primaryimage"},"thumbnailUrl":"https:\/\/canal7slp.tv\/2025\/wp-content\/uploads\/2025\/08\/Claudio01Disciplina.jpg","datePublished":"2025-08-12T02:06:14+00:00","breadcrumb":{"@id":"https:\/\/canal7slp.tv\/2025\/advierte-ministra-que-tribunal-de-disciplina-judicial-sera-severo-al-sancionar-a-jueces\/#breadcrumb"},"inLanguage":"es","potentialAction":[{"@type":"ReadAction","target":["https:\/\/canal7slp.tv\/2025\/advierte-ministra-que-tribunal-de-disciplina-judicial-sera-severo-al-sancionar-a-jueces\/"]}]},{"@type":"ImageObject","inLanguage":"es","@id":"https:\/\/canal7slp.tv\/2025\/advierte-ministra-que-tribunal-de-disciplina-judicial-sera-severo-al-sancionar-a-jueces\/#primaryimage","url":"https:\/\/canal7slp.tv\/2025\/wp-content\/uploads\/2025\/08\/Claudio01Disciplina.jpg","contentUrl":"https:\/\/canal7slp.tv\/2025\/wp-content\/uploads\/2025\/08\/Claudio01Disciplina.jpg","width":1280,"height":720},{"@type":"BreadcrumbList","@id":"https:\/\/canal7slp.tv\/2025\/advierte-ministra-que-tribunal-de-disciplina-judicial-sera-severo-al-sancionar-a-jueces\/#breadcrumb","itemListElement":[{"@type":"ListItem","position":1,"name":"Portada","item":"https:\/\/canal7slp.tv\/2025\/"},{"@type":"ListItem","position":2,"name":"Advierte ministra que Tribunal de Disciplina Judicial ser\u00e1 severo al sancionar a jueces"}]},{"@type":"WebSite","@id":"https:\/\/canal7slp.tv\/2025\/#website","url":"https:\/\/canal7slp.tv\/2025\/","name":"N7 - Noticieros Canal 7","description":"Somos el Medio","publisher":{"@id":"https:\/\/canal7slp.tv\/2025\/#organization"},"potentialAction":[{"@type":"SearchAction","target":{"@type":"EntryPoint","urlTemplate":"https:\/\/canal7slp.tv\/2025\/?s={search_term_string}"},"query-input":{"@type":"PropertyValueSpecification","valueRequired":true,"valueName":"search_term_string"}}],"inLanguage":"es"},{"@type":"Organization","@id":"https:\/\/canal7slp.tv\/2025\/#organization","name":"Noticieros Canal 7","url":"https:\/\/canal7slp.tv\/2025\/","logo":{"@type":"ImageObject","inLanguage":"es","@id":"https:\/\/canal7slp.tv\/2025\/#\/schema\/logo\/image\/","url":"https:\/\/canal7slp.tv\/2025\/wp-content\/uploads\/2021\/01\/logo-noticieros@2x.png","contentUrl":"https:\/\/canal7slp.tv\/2025\/wp-content\/uploads\/2021\/01\/logo-noticieros@2x.png","width":1017,"height":268,"caption":"Noticieros Canal 7"},"image":{"@id":"https:\/\/canal7slp.tv\/2025\/#\/schema\/logo\/image\/"},"sameAs":["https:\/\/www.facebook.com\/noticieroscanal7atencionciudadana\/","https:\/\/x.com\/NOTICIEROS7","https:\/\/www.instagram.com\/canal7_slp","https:\/\/www.youtube.com\/channel\/UCliiYs-gP3JfJeqdPrNdd5A"]},{"@type":"Person","@id":"https:\/\/canal7slp.tv\/2025\/#\/schema\/person\/271e2b60a96e7cc9d9ac296f4d7e414b","name":"Edici\u00f3n Web","image":{"@type":"ImageObject","inLanguage":"es","@id":"https:\/\/secure.gravatar.com\/avatar\/eee448fc3f7164808013b816ba91ac7e43bbe82a70bebac296f8bc6f0addaa1a?s=96&d=mm&r=g","url":"https:\/\/secure.gravatar.com\/avatar\/eee448fc3f7164808013b816ba91ac7e43bbe82a70bebac296f8bc6f0addaa1a?s=96&d=mm&r=g","contentUrl":"https:\/\/secure.gravatar.com\/avatar\/eee448fc3f7164808013b816ba91ac7e43bbe82a70bebac296f8bc6f0addaa1a?s=96&d=mm&r=g","caption":"Edici\u00f3n Web"},"url":"https:\/\/canal7slp.tv\/2025\/author\/edicionweb\/"}]}},"_links":{"self":[{"href":"https:\/\/canal7slp.tv\/2025\/wp-json\/wp\/v2\/posts\/176149","targetHints":{"allow":["GET"]}}],"collection":[{"href":"https:\/\/canal7slp.tv\/2025\/wp-json\/wp\/v2\/posts"}],"about":[{"href":"https:\/\/canal7slp.tv\/2025\/wp-json\/wp\/v2\/types\/post"}],"author":[{"embeddable":true,"href":"https:\/\/canal7slp.tv\/2025\/wp-json\/wp\/v2\/users\/2"}],"replies":[{"embeddable":true,"href":"https:\/\/canal7slp.tv\/2025\/wp-json\/wp\/v2\/comments?post=176149"}],"version-history":[{"count":2,"href":"https:\/\/canal7slp.tv\/2025\/wp-json\/wp\/v2\/posts\/176149\/revisions"}],"predecessor-version":[{"id":176159,"href":"https:\/\/canal7slp.tv\/2025\/wp-json\/wp\/v2\/posts\/176149\/revisions\/176159"}],"wp:featuredmedia":[{"embeddable":true,"href":"https:\/\/canal7slp.tv\/2025\/wp-json\/wp\/v2\/media\/176158"}],"wp:attachment":[{"href":"https:\/\/canal7slp.tv\/2025\/wp-json\/wp\/v2\/media?parent=176149"}],"wp:term":[{"taxonomy":"category","embeddable":true,"href":"https:\/\/canal7slp.tv\/2025\/wp-json\/wp\/v2\/categories?post=176149"},{"taxonomy":"post_tag","embeddable":true,"href":"https:\/\/canal7slp.tv\/2025\/wp-json\/wp\/v2\/tags?post=176149"}],"curies":[{"name":"wp","href":"https:\/\/api.w.org\/{rel}","templated":true}]}}