{"id":176143,"date":"2025-08-11T18:51:07","date_gmt":"2025-08-12T00:51:07","guid":{"rendered":"https:\/\/canal7slp.tv\/2025\/?p=176143"},"modified":"2025-08-11T18:51:07","modified_gmt":"2025-08-12T00:51:07","slug":"gestion-ecologica-y-manejo-de-residuos-intensifica-recoleccion-en-periferia-de-fenapo","status":"publish","type":"post","link":"https:\/\/canal7slp.tv\/2025\/gestion-ecologica-y-manejo-de-residuos-intensifica-recoleccion-en-periferia-de-fenapo\/","title":{"rendered":"Gesti\u00f3n Ecol\u00f3gica y Manejo de Residuos intensifica recolecci\u00f3n en periferia de Fenapo"},"content":{"rendered":"<p style=\"text-align: justify;\">SLP.- Debido a que en estos momentos se celebra la Feria Nacional Potosina, las din\u00e1micas de recolecci\u00f3n de basura se modifican en esa zona, as\u00ed lo expuso el titular de la Direcci\u00f3n de Gesti\u00f3n Ecol\u00f3gica y Manejo de Residuos del Ayuntamiento de San Luis Potos\u00ed, Jaime Mendieta Rivera.<\/p>\n<p style=\"text-align: justify;\">\u201cBueno, nosotros continuamos con los servicios de recolecci\u00f3n como tal, evidentemente nosotros identificamos fechas y movimientos complejos de la ciudadan\u00eda, nosotros estaremos muy atentos donde la ciudadan\u00eda requiera el apoyo, con gusto vamos a estar trabajando\u201d.<\/p>\n<p style=\"text-align: justify;\">A pesar de que la feria es organizada por la administraci\u00f3n estatal, mantendr\u00e1n acciones pertinentes en la zona.<\/p>\n<p style=\"text-align: justify;\">\u201cM\u00e1s all\u00e1 de que sea un evento de una administraci\u00f3n u otra, nosotros estamos atentos a brindarle el servicio a la ciudadan\u00eda y estaremos atentos si llega a haber una alta demanda de limpieza en la zona, estaremos trabajando con normalidad\u201d.<\/p>\n<p style=\"text-align: justify;\">Durante tiempo de feria, el alza en la cantidad de desechos no es significativa.<\/p>\n<p style=\"text-align: justify;\">\u201cEl incremento es relativamente poco porque todo se va igual a las mil toneladas diarias, la verdad es que los incrementos m\u00e1s o menos rondan siempre un 20% por ah\u00ed en estos periodos\u201d.<\/p>\n<p>Por: Juan Carlos Contreras<\/p>\n","protected":false},"excerpt":{"rendered":"<p>SLP.- Debido a que en estos momentos se celebra la Feria Nacional Potosina, las din\u00e1micas de recolecci\u00f3n de basura se modifican en esa zona, as\u00ed lo expuso el titular de la Direcci\u00f3n de Gesti\u00f3n Ecol\u00f3gica y Manejo de Residuos del Ayuntamiento de San Luis Potos\u00ed, Jaime Mendieta Rivera. \u201cBueno, nosotros continuamos con los servicios de recolecci\u00f3n como tal, evidentemente nosotros identificamos fechas y movimientos complejos de la ciudadan\u00eda, nosotros estaremos muy atentos donde la ciudadan\u00eda requiera el apoyo, con gusto vamos a estar trabajando\u201d. A pesar de que la feria es organizada por la administraci\u00f3n estatal, mantendr\u00e1n acciones pertinentes en [&hellip;]<\/p>\n","protected":false},"author":2,"featured_media":176145,"comment_status":"closed","ping_status":"closed","sticky":false,"template":"","format":"video","meta":{"_monsterinsights_skip_tracking":false,"_monsterinsights_sitenote_active":false,"_monsterinsights_sitenote_note":"","_monsterinsights_sitenote_category":0,"footnotes":""},"categories":[66,5,45],"tags":[],"class_list":["post-176143","post","type-post","status-publish","format-video","has-post-thumbnail","hentry","category-ayoslp","category-destacadas","category-localesyregionales","post_format-post-format-video","post--single"],"yoast_head":"<!-- This site is optimized with the Yoast SEO plugin v27.5 - https:\/\/yoast.com\/product\/yoast-seo-wordpress\/ -->\n<title>Gesti\u00f3n Ecol\u00f3gica y Manejo de Residuos intensifica recolecci\u00f3n en periferia de Fenapo - Canal 7 SLP - 2025<\/title>\n<meta name=\"robots\" content=\"index, follow, max-snippet:-1, max-image-preview:large, max-video-preview:-1\" \/>\n<link rel=\"canonical\" href=\"https:\/\/canal7slp.tv\/2025\/gestion-ecologica-y-manejo-de-residuos-intensifica-recoleccion-en-periferia-de-fenapo\/\" \/>\n<meta property=\"og:locale\" content=\"es_ES\" \/>\n<meta property=\"og:type\" content=\"article\" \/>\n<meta property=\"og:title\" content=\"Gesti\u00f3n Ecol\u00f3gica y Manejo de Residuos intensifica recolecci\u00f3n en periferia de Fenapo - Canal 7 SLP - 2025\" \/>\n<meta property=\"og:description\" content=\"SLP.- Debido a que en estos momentos se celebra la Feria Nacional Potosina, las din\u00e1micas de recolecci\u00f3n de basura se modifican en esa zona, as\u00ed lo expuso el titular de la Direcci\u00f3n de Gesti\u00f3n Ecol\u00f3gica y Manejo de Residuos del Ayuntamiento de San Luis Potos\u00ed, Jaime Mendieta Rivera. \u201cBueno, nosotros continuamos con los servicios de recolecci\u00f3n como tal, evidentemente nosotros identificamos fechas y movimientos complejos de la ciudadan\u00eda, nosotros estaremos muy atentos donde la ciudadan\u00eda requiera el apoyo, con gusto vamos a estar trabajando\u201d. A pesar de que la feria es organizada por la administraci\u00f3n estatal, mantendr\u00e1n acciones pertinentes en [&hellip;]\" \/>\n<meta property=\"og:url\" content=\"https:\/\/canal7slp.tv\/2025\/gestion-ecologica-y-manejo-de-residuos-intensifica-recoleccion-en-periferia-de-fenapo\/\" \/>\n<meta property=\"og:site_name\" content=\"Canal 7 SLP - 2025\" \/>\n<meta property=\"article:publisher\" content=\"https:\/\/www.facebook.com\/noticieroscanal7atencionciudadana\/\" \/>\n<meta property=\"article:published_time\" content=\"2025-08-12T00:51:07+00:00\" \/>\n<meta property=\"og:image\" content=\"https:\/\/canal7slp.tv\/2025\/wp-content\/uploads\/2025\/08\/Poky05FeriaCApital.jpg\" \/>\n\t<meta property=\"og:image:width\" content=\"1920\" \/>\n\t<meta property=\"og:image:height\" content=\"1080\" \/>\n\t<meta property=\"og:image:type\" content=\"image\/jpeg\" \/>\n<meta name=\"author\" content=\"Edici\u00f3n Web\" \/>\n<meta name=\"twitter:card\" content=\"summary_large_image\" \/>\n<meta name=\"twitter:creator\" content=\"@NOTICIEROS7\" \/>\n<meta name=\"twitter:site\" content=\"@NOTICIEROS7\" \/>\n<meta name=\"twitter:label1\" content=\"Escrito por\" \/>\n\t<meta name=\"twitter:data1\" content=\"Edici\u00f3n Web\" \/>\n\t<meta name=\"twitter:label2\" content=\"Tiempo de lectura\" \/>\n\t<meta name=\"twitter:data2\" content=\"2 minutos\" \/>\n<script type=\"application\/ld+json\" class=\"yoast-schema-graph\">{\"@context\":\"https:\\\/\\\/schema.org\",\"@graph\":[{\"@type\":\"Article\",\"@id\":\"https:\\\/\\\/canal7slp.tv\\\/2025\\\/gestion-ecologica-y-manejo-de-residuos-intensifica-recoleccion-en-periferia-de-fenapo\\\/#article\",\"isPartOf\":{\"@id\":\"https:\\\/\\\/canal7slp.tv\\\/2025\\\/gestion-ecologica-y-manejo-de-residuos-intensifica-recoleccion-en-periferia-de-fenapo\\\/\"},\"author\":{\"name\":\"Edici\u00f3n Web\",\"@id\":\"https:\\\/\\\/canal7slp.tv\\\/2025\\\/#\\\/schema\\\/person\\\/271e2b60a96e7cc9d9ac296f4d7e414b\"},\"headline\":\"Gesti\u00f3n Ecol\u00f3gica y Manejo de Residuos intensifica recolecci\u00f3n en periferia de Fenapo\",\"datePublished\":\"2025-08-12T00:51:07+00:00\",\"mainEntityOfPage\":{\"@id\":\"https:\\\/\\\/canal7slp.tv\\\/2025\\\/gestion-ecologica-y-manejo-de-residuos-intensifica-recoleccion-en-periferia-de-fenapo\\\/\"},\"wordCount\":223,\"publisher\":{\"@id\":\"https:\\\/\\\/canal7slp.tv\\\/2025\\\/#organization\"},\"image\":{\"@id\":\"https:\\\/\\\/canal7slp.tv\\\/2025\\\/gestion-ecologica-y-manejo-de-residuos-intensifica-recoleccion-en-periferia-de-fenapo\\\/#primaryimage\"},\"thumbnailUrl\":\"https:\\\/\\\/canal7slp.tv\\\/2025\\\/wp-content\\\/uploads\\\/2025\\\/08\\\/Poky05FeriaCApital.jpg\",\"articleSection\":[\"AYOSLP\",\"DESTACADAS\",\"LOCALES Y REGIONALES\"],\"inLanguage\":\"es\"},{\"@type\":\"WebPage\",\"@id\":\"https:\\\/\\\/canal7slp.tv\\\/2025\\\/gestion-ecologica-y-manejo-de-residuos-intensifica-recoleccion-en-periferia-de-fenapo\\\/\",\"url\":\"https:\\\/\\\/canal7slp.tv\\\/2025\\\/gestion-ecologica-y-manejo-de-residuos-intensifica-recoleccion-en-periferia-de-fenapo\\\/\",\"name\":\"Gesti\u00f3n Ecol\u00f3gica y Manejo de Residuos intensifica recolecci\u00f3n en periferia de Fenapo - Canal 7 SLP - 2025\",\"isPartOf\":{\"@id\":\"https:\\\/\\\/canal7slp.tv\\\/2025\\\/#website\"},\"primaryImageOfPage\":{\"@id\":\"https:\\\/\\\/canal7slp.tv\\\/2025\\\/gestion-ecologica-y-manejo-de-residuos-intensifica-recoleccion-en-periferia-de-fenapo\\\/#primaryimage\"},\"image\":{\"@id\":\"https:\\\/\\\/canal7slp.tv\\\/2025\\\/gestion-ecologica-y-manejo-de-residuos-intensifica-recoleccion-en-periferia-de-fenapo\\\/#primaryimage\"},\"thumbnailUrl\":\"https:\\\/\\\/canal7slp.tv\\\/2025\\\/wp-content\\\/uploads\\\/2025\\\/08\\\/Poky05FeriaCApital.jpg\",\"datePublished\":\"2025-08-12T00:51:07+00:00\",\"breadcrumb\":{\"@id\":\"https:\\\/\\\/canal7slp.tv\\\/2025\\\/gestion-ecologica-y-manejo-de-residuos-intensifica-recoleccion-en-periferia-de-fenapo\\\/#breadcrumb\"},\"inLanguage\":\"es\",\"potentialAction\":[{\"@type\":\"ReadAction\",\"target\":[\"https:\\\/\\\/canal7slp.tv\\\/2025\\\/gestion-ecologica-y-manejo-de-residuos-intensifica-recoleccion-en-periferia-de-fenapo\\\/\"]}]},{\"@type\":\"ImageObject\",\"inLanguage\":\"es\",\"@id\":\"https:\\\/\\\/canal7slp.tv\\\/2025\\\/gestion-ecologica-y-manejo-de-residuos-intensifica-recoleccion-en-periferia-de-fenapo\\\/#primaryimage\",\"url\":\"https:\\\/\\\/canal7slp.tv\\\/2025\\\/wp-content\\\/uploads\\\/2025\\\/08\\\/Poky05FeriaCApital.jpg\",\"contentUrl\":\"https:\\\/\\\/canal7slp.tv\\\/2025\\\/wp-content\\\/uploads\\\/2025\\\/08\\\/Poky05FeriaCApital.jpg\",\"width\":1920,\"height\":1080},{\"@type\":\"BreadcrumbList\",\"@id\":\"https:\\\/\\\/canal7slp.tv\\\/2025\\\/gestion-ecologica-y-manejo-de-residuos-intensifica-recoleccion-en-periferia-de-fenapo\\\/#breadcrumb\",\"itemListElement\":[{\"@type\":\"ListItem\",\"position\":1,\"name\":\"Portada\",\"item\":\"https:\\\/\\\/canal7slp.tv\\\/2025\\\/\"},{\"@type\":\"ListItem\",\"position\":2,\"name\":\"Gesti\u00f3n Ecol\u00f3gica y Manejo de Residuos intensifica recolecci\u00f3n en periferia de Fenapo\"}]},{\"@type\":\"WebSite\",\"@id\":\"https:\\\/\\\/canal7slp.tv\\\/2025\\\/#website\",\"url\":\"https:\\\/\\\/canal7slp.tv\\\/2025\\\/\",\"name\":\"N7 - Noticieros Canal 7\",\"description\":\"Somos el Medio\",\"publisher\":{\"@id\":\"https:\\\/\\\/canal7slp.tv\\\/2025\\\/#organization\"},\"potentialAction\":[{\"@type\":\"SearchAction\",\"target\":{\"@type\":\"EntryPoint\",\"urlTemplate\":\"https:\\\/\\\/canal7slp.tv\\\/2025\\\/?s={search_term_string}\"},\"query-input\":{\"@type\":\"PropertyValueSpecification\",\"valueRequired\":true,\"valueName\":\"search_term_string\"}}],\"inLanguage\":\"es\"},{\"@type\":\"Organization\",\"@id\":\"https:\\\/\\\/canal7slp.tv\\\/2025\\\/#organization\",\"name\":\"Noticieros Canal 7\",\"url\":\"https:\\\/\\\/canal7slp.tv\\\/2025\\\/\",\"logo\":{\"@type\":\"ImageObject\",\"inLanguage\":\"es\",\"@id\":\"https:\\\/\\\/canal7slp.tv\\\/2025\\\/#\\\/schema\\\/logo\\\/image\\\/\",\"url\":\"https:\\\/\\\/canal7slp.tv\\\/2025\\\/wp-content\\\/uploads\\\/2021\\\/01\\\/logo-noticieros@2x.png\",\"contentUrl\":\"https:\\\/\\\/canal7slp.tv\\\/2025\\\/wp-content\\\/uploads\\\/2021\\\/01\\\/logo-noticieros@2x.png\",\"width\":1017,\"height\":268,\"caption\":\"Noticieros Canal 7\"},\"image\":{\"@id\":\"https:\\\/\\\/canal7slp.tv\\\/2025\\\/#\\\/schema\\\/logo\\\/image\\\/\"},\"sameAs\":[\"https:\\\/\\\/www.facebook.com\\\/noticieroscanal7atencionciudadana\\\/\",\"https:\\\/\\\/x.com\\\/NOTICIEROS7\",\"https:\\\/\\\/www.instagram.com\\\/canal7_slp\",\"https:\\\/\\\/www.youtube.com\\\/channel\\\/UCliiYs-gP3JfJeqdPrNdd5A\"]},{\"@type\":\"Person\",\"@id\":\"https:\\\/\\\/canal7slp.tv\\\/2025\\\/#\\\/schema\\\/person\\\/271e2b60a96e7cc9d9ac296f4d7e414b\",\"name\":\"Edici\u00f3n Web\",\"image\":{\"@type\":\"ImageObject\",\"inLanguage\":\"es\",\"@id\":\"https:\\\/\\\/secure.gravatar.com\\\/avatar\\\/eee448fc3f7164808013b816ba91ac7e43bbe82a70bebac296f8bc6f0addaa1a?s=96&d=mm&r=g\",\"url\":\"https:\\\/\\\/secure.gravatar.com\\\/avatar\\\/eee448fc3f7164808013b816ba91ac7e43bbe82a70bebac296f8bc6f0addaa1a?s=96&d=mm&r=g\",\"contentUrl\":\"https:\\\/\\\/secure.gravatar.com\\\/avatar\\\/eee448fc3f7164808013b816ba91ac7e43bbe82a70bebac296f8bc6f0addaa1a?s=96&d=mm&r=g\",\"caption\":\"Edici\u00f3n Web\"},\"url\":\"https:\\\/\\\/canal7slp.tv\\\/2025\\\/author\\\/edicionweb\\\/\"}]}<\/script>\n<!-- \/ Yoast SEO plugin. -->","yoast_head_json":{"title":"Gesti\u00f3n Ecol\u00f3gica y Manejo de Residuos intensifica recolecci\u00f3n en periferia de Fenapo - Canal 7 SLP - 2025","robots":{"index":"index","follow":"follow","max-snippet":"max-snippet:-1","max-image-preview":"max-image-preview:large","max-video-preview":"max-video-preview:-1"},"canonical":"https:\/\/canal7slp.tv\/2025\/gestion-ecologica-y-manejo-de-residuos-intensifica-recoleccion-en-periferia-de-fenapo\/","og_locale":"es_ES","og_type":"article","og_title":"Gesti\u00f3n Ecol\u00f3gica y Manejo de Residuos intensifica recolecci\u00f3n en periferia de Fenapo - Canal 7 SLP - 2025","og_description":"SLP.- Debido a que en estos momentos se celebra la Feria Nacional Potosina, las din\u00e1micas de recolecci\u00f3n de basura se modifican en esa zona, as\u00ed lo expuso el titular de la Direcci\u00f3n de Gesti\u00f3n Ecol\u00f3gica y Manejo de Residuos del Ayuntamiento de San Luis Potos\u00ed, Jaime Mendieta Rivera. \u201cBueno, nosotros continuamos con los servicios de recolecci\u00f3n como tal, evidentemente nosotros identificamos fechas y movimientos complejos de la ciudadan\u00eda, nosotros estaremos muy atentos donde la ciudadan\u00eda requiera el apoyo, con gusto vamos a estar trabajando\u201d. A pesar de que la feria es organizada por la administraci\u00f3n estatal, mantendr\u00e1n acciones pertinentes en [&hellip;]","og_url":"https:\/\/canal7slp.tv\/2025\/gestion-ecologica-y-manejo-de-residuos-intensifica-recoleccion-en-periferia-de-fenapo\/","og_site_name":"Canal 7 SLP - 2025","article_publisher":"https:\/\/www.facebook.com\/noticieroscanal7atencionciudadana\/","article_published_time":"2025-08-12T00:51:07+00:00","og_image":[{"width":1920,"height":1080,"url":"https:\/\/canal7slp.tv\/2025\/wp-content\/uploads\/2025\/08\/Poky05FeriaCApital.jpg","type":"image\/jpeg"}],"author":"Edici\u00f3n Web","twitter_card":"summary_large_image","twitter_creator":"@NOTICIEROS7","twitter_site":"@NOTICIEROS7","twitter_misc":{"Escrito por":"Edici\u00f3n Web","Tiempo de lectura":"2 minutos"},"schema":{"@context":"https:\/\/schema.org","@graph":[{"@type":"Article","@id":"https:\/\/canal7slp.tv\/2025\/gestion-ecologica-y-manejo-de-residuos-intensifica-recoleccion-en-periferia-de-fenapo\/#article","isPartOf":{"@id":"https:\/\/canal7slp.tv\/2025\/gestion-ecologica-y-manejo-de-residuos-intensifica-recoleccion-en-periferia-de-fenapo\/"},"author":{"name":"Edici\u00f3n Web","@id":"https:\/\/canal7slp.tv\/2025\/#\/schema\/person\/271e2b60a96e7cc9d9ac296f4d7e414b"},"headline":"Gesti\u00f3n Ecol\u00f3gica y Manejo de Residuos intensifica recolecci\u00f3n en periferia de Fenapo","datePublished":"2025-08-12T00:51:07+00:00","mainEntityOfPage":{"@id":"https:\/\/canal7slp.tv\/2025\/gestion-ecologica-y-manejo-de-residuos-intensifica-recoleccion-en-periferia-de-fenapo\/"},"wordCount":223,"publisher":{"@id":"https:\/\/canal7slp.tv\/2025\/#organization"},"image":{"@id":"https:\/\/canal7slp.tv\/2025\/gestion-ecologica-y-manejo-de-residuos-intensifica-recoleccion-en-periferia-de-fenapo\/#primaryimage"},"thumbnailUrl":"https:\/\/canal7slp.tv\/2025\/wp-content\/uploads\/2025\/08\/Poky05FeriaCApital.jpg","articleSection":["AYOSLP","DESTACADAS","LOCALES Y REGIONALES"],"inLanguage":"es"},{"@type":"WebPage","@id":"https:\/\/canal7slp.tv\/2025\/gestion-ecologica-y-manejo-de-residuos-intensifica-recoleccion-en-periferia-de-fenapo\/","url":"https:\/\/canal7slp.tv\/2025\/gestion-ecologica-y-manejo-de-residuos-intensifica-recoleccion-en-periferia-de-fenapo\/","name":"Gesti\u00f3n Ecol\u00f3gica y Manejo de Residuos intensifica recolecci\u00f3n en periferia de Fenapo - Canal 7 SLP - 2025","isPartOf":{"@id":"https:\/\/canal7slp.tv\/2025\/#website"},"primaryImageOfPage":{"@id":"https:\/\/canal7slp.tv\/2025\/gestion-ecologica-y-manejo-de-residuos-intensifica-recoleccion-en-periferia-de-fenapo\/#primaryimage"},"image":{"@id":"https:\/\/canal7slp.tv\/2025\/gestion-ecologica-y-manejo-de-residuos-intensifica-recoleccion-en-periferia-de-fenapo\/#primaryimage"},"thumbnailUrl":"https:\/\/canal7slp.tv\/2025\/wp-content\/uploads\/2025\/08\/Poky05FeriaCApital.jpg","datePublished":"2025-08-12T00:51:07+00:00","breadcrumb":{"@id":"https:\/\/canal7slp.tv\/2025\/gestion-ecologica-y-manejo-de-residuos-intensifica-recoleccion-en-periferia-de-fenapo\/#breadcrumb"},"inLanguage":"es","potentialAction":[{"@type":"ReadAction","target":["https:\/\/canal7slp.tv\/2025\/gestion-ecologica-y-manejo-de-residuos-intensifica-recoleccion-en-periferia-de-fenapo\/"]}]},{"@type":"ImageObject","inLanguage":"es","@id":"https:\/\/canal7slp.tv\/2025\/gestion-ecologica-y-manejo-de-residuos-intensifica-recoleccion-en-periferia-de-fenapo\/#primaryimage","url":"https:\/\/canal7slp.tv\/2025\/wp-content\/uploads\/2025\/08\/Poky05FeriaCApital.jpg","contentUrl":"https:\/\/canal7slp.tv\/2025\/wp-content\/uploads\/2025\/08\/Poky05FeriaCApital.jpg","width":1920,"height":1080},{"@type":"BreadcrumbList","@id":"https:\/\/canal7slp.tv\/2025\/gestion-ecologica-y-manejo-de-residuos-intensifica-recoleccion-en-periferia-de-fenapo\/#breadcrumb","itemListElement":[{"@type":"ListItem","position":1,"name":"Portada","item":"https:\/\/canal7slp.tv\/2025\/"},{"@type":"ListItem","position":2,"name":"Gesti\u00f3n Ecol\u00f3gica y Manejo de Residuos intensifica recolecci\u00f3n en periferia de Fenapo"}]},{"@type":"WebSite","@id":"https:\/\/canal7slp.tv\/2025\/#website","url":"https:\/\/canal7slp.tv\/2025\/","name":"N7 - Noticieros Canal 7","description":"Somos el Medio","publisher":{"@id":"https:\/\/canal7slp.tv\/2025\/#organization"},"potentialAction":[{"@type":"SearchAction","target":{"@type":"EntryPoint","urlTemplate":"https:\/\/canal7slp.tv\/2025\/?s={search_term_string}"},"query-input":{"@type":"PropertyValueSpecification","valueRequired":true,"valueName":"search_term_string"}}],"inLanguage":"es"},{"@type":"Organization","@id":"https:\/\/canal7slp.tv\/2025\/#organization","name":"Noticieros Canal 7","url":"https:\/\/canal7slp.tv\/2025\/","logo":{"@type":"ImageObject","inLanguage":"es","@id":"https:\/\/canal7slp.tv\/2025\/#\/schema\/logo\/image\/","url":"https:\/\/canal7slp.tv\/2025\/wp-content\/uploads\/2021\/01\/logo-noticieros@2x.png","contentUrl":"https:\/\/canal7slp.tv\/2025\/wp-content\/uploads\/2021\/01\/logo-noticieros@2x.png","width":1017,"height":268,"caption":"Noticieros Canal 7"},"image":{"@id":"https:\/\/canal7slp.tv\/2025\/#\/schema\/logo\/image\/"},"sameAs":["https:\/\/www.facebook.com\/noticieroscanal7atencionciudadana\/","https:\/\/x.com\/NOTICIEROS7","https:\/\/www.instagram.com\/canal7_slp","https:\/\/www.youtube.com\/channel\/UCliiYs-gP3JfJeqdPrNdd5A"]},{"@type":"Person","@id":"https:\/\/canal7slp.tv\/2025\/#\/schema\/person\/271e2b60a96e7cc9d9ac296f4d7e414b","name":"Edici\u00f3n Web","image":{"@type":"ImageObject","inLanguage":"es","@id":"https:\/\/secure.gravatar.com\/avatar\/eee448fc3f7164808013b816ba91ac7e43bbe82a70bebac296f8bc6f0addaa1a?s=96&d=mm&r=g","url":"https:\/\/secure.gravatar.com\/avatar\/eee448fc3f7164808013b816ba91ac7e43bbe82a70bebac296f8bc6f0addaa1a?s=96&d=mm&r=g","contentUrl":"https:\/\/secure.gravatar.com\/avatar\/eee448fc3f7164808013b816ba91ac7e43bbe82a70bebac296f8bc6f0addaa1a?s=96&d=mm&r=g","caption":"Edici\u00f3n Web"},"url":"https:\/\/canal7slp.tv\/2025\/author\/edicionweb\/"}]}},"_links":{"self":[{"href":"https:\/\/canal7slp.tv\/2025\/wp-json\/wp\/v2\/posts\/176143","targetHints":{"allow":["GET"]}}],"collection":[{"href":"https:\/\/canal7slp.tv\/2025\/wp-json\/wp\/v2\/posts"}],"about":[{"href":"https:\/\/canal7slp.tv\/2025\/wp-json\/wp\/v2\/types\/post"}],"author":[{"embeddable":true,"href":"https:\/\/canal7slp.tv\/2025\/wp-json\/wp\/v2\/users\/2"}],"replies":[{"embeddable":true,"href":"https:\/\/canal7slp.tv\/2025\/wp-json\/wp\/v2\/comments?post=176143"}],"version-history":[{"count":2,"href":"https:\/\/canal7slp.tv\/2025\/wp-json\/wp\/v2\/posts\/176143\/revisions"}],"predecessor-version":[{"id":176147,"href":"https:\/\/canal7slp.tv\/2025\/wp-json\/wp\/v2\/posts\/176143\/revisions\/176147"}],"wp:featuredmedia":[{"embeddable":true,"href":"https:\/\/canal7slp.tv\/2025\/wp-json\/wp\/v2\/media\/176145"}],"wp:attachment":[{"href":"https:\/\/canal7slp.tv\/2025\/wp-json\/wp\/v2\/media?parent=176143"}],"wp:term":[{"taxonomy":"category","embeddable":true,"href":"https:\/\/canal7slp.tv\/2025\/wp-json\/wp\/v2\/categories?post=176143"},{"taxonomy":"post_tag","embeddable":true,"href":"https:\/\/canal7slp.tv\/2025\/wp-json\/wp\/v2\/tags?post=176143"}],"curies":[{"name":"wp","href":"https:\/\/api.w.org\/{rel}","templated":true}]}}