{"id":176139,"date":"2025-08-11T18:40:00","date_gmt":"2025-08-12T00:40:00","guid":{"rendered":"https:\/\/canal7slp.tv\/2025\/?p=176139"},"modified":"2025-08-11T18:40:00","modified_gmt":"2025-08-12T00:40:00","slug":"con-campana-permanente-mantienen-en-condiciones-centro-historico-en-temporada-vacacional","status":"publish","type":"post","link":"https:\/\/canal7slp.tv\/2025\/con-campana-permanente-mantienen-en-condiciones-centro-historico-en-temporada-vacacional\/","title":{"rendered":"Con campa\u00f1a permanente mantienen en condiciones Centro Hist\u00f3rico en temporada vacacional"},"content":{"rendered":"<p style=\"text-align: justify;\"><span style=\"font-size: 1.21429rem;\">SLP.- A fin de mejorar la imagen del primer cuadro de la ciudad de San Luis Potos\u00ed y sus alrededores se realizan obras de remozo y de ellas habl\u00f3 el titular de la Unidad de Gesti\u00f3n del Centro Hist\u00f3rico, Jes\u00fas Becerra Rodr\u00edguez.<\/span><\/p>\n<p style=\"text-align: justify;\">\u201cLas cuadrillas de las direcciones que intervenimos en el Centro Hist\u00f3rico est\u00e1n trabajando ahora s\u00ed que en el mismo ritmo y con m\u00e1s celeridad, nosotros desde la Unidad de Gesti\u00f3n del Centro Hist\u00f3rico empezamos ya desde hace dos semanas una campa\u00f1a permanente de bachear todo esto que nos dej\u00f3 las lluvias\u201d.<\/p>\n<p style=\"text-align: justify;\">Se cubrir\u00e1 toda la zona centro de la capital.<\/p>\n<p style=\"text-align: justify;\">\u201cPedirle a la poblaci\u00f3n paciencia, vamos trabajando poco a poco en estos baches, justo ahorita estamos trabajando en el \u00e1rea de Chicosein y Manuel Jos\u00e9 Oth\u00f3n por el \u00e1rea de la estaci\u00f3n del ferrocarril ya que ah\u00ed se estaban presentando unos baches (\u2026) estuvimos interviniendo la calle de Morelos, estuvimos interviniendo Melchor Ocampo y otros puntos\u201d.<\/p>\n<p style=\"text-align: justify;\">Ante el alza de personas visitando la zona centro por temporada vacacional, creci\u00f3 la cantidad de basura que se recolecta.<\/p>\n<p style=\"text-align: justify;\">\u201cDonde se llega a generar es porque existe ya un flujo demasiado de gente y se pueden llegar a atiborrar algunas papeleras (\u2026) pues las zonas por excelencia donde transitan m\u00e1s personas a pie es el Pasaje Zaragoza, la calle Hidalgo, las zonas aleda\u00f1as a los mercados municipales sobre todo del Hidalgo y el Mercado Rep\u00fablica pues son las zonas donde m\u00e1s flujo de personas a pie tenemos\u201d.<\/p>\n<p>Por: Juan Carlos Contreras<\/p>\n","protected":false},"excerpt":{"rendered":"<p>SLP.- A fin de mejorar la imagen del primer cuadro de la ciudad de San Luis Potos\u00ed y sus alrededores se realizan obras de remozo y de ellas habl\u00f3 el titular de la Unidad de Gesti\u00f3n del Centro Hist\u00f3rico, Jes\u00fas Becerra Rodr\u00edguez. \u201cLas cuadrillas de las direcciones que intervenimos en el Centro Hist\u00f3rico est\u00e1n trabajando ahora s\u00ed que en el mismo ritmo y con m\u00e1s celeridad, nosotros desde la Unidad de Gesti\u00f3n del Centro Hist\u00f3rico empezamos ya desde hace dos semanas una campa\u00f1a permanente de bachear todo esto que nos dej\u00f3 las lluvias\u201d. Se cubrir\u00e1 toda la zona centro de [&hellip;]<\/p>\n","protected":false},"author":2,"featured_media":176141,"comment_status":"closed","ping_status":"closed","sticky":false,"template":"","format":"video","meta":{"_monsterinsights_skip_tracking":false,"_monsterinsights_sitenote_active":false,"_monsterinsights_sitenote_note":"","_monsterinsights_sitenote_category":0,"footnotes":""},"categories":[5,45],"tags":[],"class_list":["post-176139","post","type-post","status-publish","format-video","has-post-thumbnail","hentry","category-destacadas","category-localesyregionales","post_format-post-format-video","post--single"],"yoast_head":"<!-- This site is optimized with the Yoast SEO plugin v27.5 - https:\/\/yoast.com\/product\/yoast-seo-wordpress\/ -->\n<title>Con campa\u00f1a permanente mantienen en condiciones Centro Hist\u00f3rico en temporada vacacional - Canal 7 SLP - 2025<\/title>\n<meta name=\"robots\" content=\"index, follow, max-snippet:-1, max-image-preview:large, max-video-preview:-1\" \/>\n<link rel=\"canonical\" href=\"https:\/\/canal7slp.tv\/2025\/con-campana-permanente-mantienen-en-condiciones-centro-historico-en-temporada-vacacional\/\" \/>\n<meta property=\"og:locale\" content=\"es_ES\" \/>\n<meta property=\"og:type\" content=\"article\" \/>\n<meta property=\"og:title\" content=\"Con campa\u00f1a permanente mantienen en condiciones Centro Hist\u00f3rico en temporada vacacional - Canal 7 SLP - 2025\" \/>\n<meta property=\"og:description\" content=\"SLP.- A fin de mejorar la imagen del primer cuadro de la ciudad de San Luis Potos\u00ed y sus alrededores se realizan obras de remozo y de ellas habl\u00f3 el titular de la Unidad de Gesti\u00f3n del Centro Hist\u00f3rico, Jes\u00fas Becerra Rodr\u00edguez. \u201cLas cuadrillas de las direcciones que intervenimos en el Centro Hist\u00f3rico est\u00e1n trabajando ahora s\u00ed que en el mismo ritmo y con m\u00e1s celeridad, nosotros desde la Unidad de Gesti\u00f3n del Centro Hist\u00f3rico empezamos ya desde hace dos semanas una campa\u00f1a permanente de bachear todo esto que nos dej\u00f3 las lluvias\u201d. Se cubrir\u00e1 toda la zona centro de [&hellip;]\" \/>\n<meta property=\"og:url\" content=\"https:\/\/canal7slp.tv\/2025\/con-campana-permanente-mantienen-en-condiciones-centro-historico-en-temporada-vacacional\/\" \/>\n<meta property=\"og:site_name\" content=\"Canal 7 SLP - 2025\" \/>\n<meta property=\"article:publisher\" content=\"https:\/\/www.facebook.com\/noticieroscanal7atencionciudadana\/\" \/>\n<meta property=\"article:published_time\" content=\"2025-08-12T00:40:00+00:00\" \/>\n<meta property=\"og:image\" content=\"https:\/\/canal7slp.tv\/2025\/wp-content\/uploads\/2025\/08\/Poky04UGCHTuristico.jpg\" \/>\n\t<meta property=\"og:image:width\" content=\"1920\" \/>\n\t<meta property=\"og:image:height\" content=\"1080\" \/>\n\t<meta property=\"og:image:type\" content=\"image\/jpeg\" \/>\n<meta name=\"author\" content=\"Edici\u00f3n Web\" \/>\n<meta name=\"twitter:card\" content=\"summary_large_image\" \/>\n<meta name=\"twitter:creator\" content=\"@NOTICIEROS7\" \/>\n<meta name=\"twitter:site\" content=\"@NOTICIEROS7\" \/>\n<meta name=\"twitter:label1\" content=\"Escrito por\" \/>\n\t<meta name=\"twitter:data1\" content=\"Edici\u00f3n Web\" \/>\n\t<meta name=\"twitter:label2\" content=\"Tiempo de lectura\" \/>\n\t<meta name=\"twitter:data2\" content=\"2 minutos\" \/>\n<script type=\"application\/ld+json\" class=\"yoast-schema-graph\">{\"@context\":\"https:\\\/\\\/schema.org\",\"@graph\":[{\"@type\":\"Article\",\"@id\":\"https:\\\/\\\/canal7slp.tv\\\/2025\\\/con-campana-permanente-mantienen-en-condiciones-centro-historico-en-temporada-vacacional\\\/#article\",\"isPartOf\":{\"@id\":\"https:\\\/\\\/canal7slp.tv\\\/2025\\\/con-campana-permanente-mantienen-en-condiciones-centro-historico-en-temporada-vacacional\\\/\"},\"author\":{\"name\":\"Edici\u00f3n Web\",\"@id\":\"https:\\\/\\\/canal7slp.tv\\\/2025\\\/#\\\/schema\\\/person\\\/271e2b60a96e7cc9d9ac296f4d7e414b\"},\"headline\":\"Con campa\u00f1a permanente mantienen en condiciones Centro Hist\u00f3rico en temporada vacacional\",\"datePublished\":\"2025-08-12T00:40:00+00:00\",\"mainEntityOfPage\":{\"@id\":\"https:\\\/\\\/canal7slp.tv\\\/2025\\\/con-campana-permanente-mantienen-en-condiciones-centro-historico-en-temporada-vacacional\\\/\"},\"wordCount\":279,\"publisher\":{\"@id\":\"https:\\\/\\\/canal7slp.tv\\\/2025\\\/#organization\"},\"image\":{\"@id\":\"https:\\\/\\\/canal7slp.tv\\\/2025\\\/con-campana-permanente-mantienen-en-condiciones-centro-historico-en-temporada-vacacional\\\/#primaryimage\"},\"thumbnailUrl\":\"https:\\\/\\\/canal7slp.tv\\\/2025\\\/wp-content\\\/uploads\\\/2025\\\/08\\\/Poky04UGCHTuristico.jpg\",\"articleSection\":[\"DESTACADAS\",\"LOCALES Y REGIONALES\"],\"inLanguage\":\"es\"},{\"@type\":\"WebPage\",\"@id\":\"https:\\\/\\\/canal7slp.tv\\\/2025\\\/con-campana-permanente-mantienen-en-condiciones-centro-historico-en-temporada-vacacional\\\/\",\"url\":\"https:\\\/\\\/canal7slp.tv\\\/2025\\\/con-campana-permanente-mantienen-en-condiciones-centro-historico-en-temporada-vacacional\\\/\",\"name\":\"Con campa\u00f1a permanente mantienen en condiciones Centro Hist\u00f3rico en temporada vacacional - Canal 7 SLP - 2025\",\"isPartOf\":{\"@id\":\"https:\\\/\\\/canal7slp.tv\\\/2025\\\/#website\"},\"primaryImageOfPage\":{\"@id\":\"https:\\\/\\\/canal7slp.tv\\\/2025\\\/con-campana-permanente-mantienen-en-condiciones-centro-historico-en-temporada-vacacional\\\/#primaryimage\"},\"image\":{\"@id\":\"https:\\\/\\\/canal7slp.tv\\\/2025\\\/con-campana-permanente-mantienen-en-condiciones-centro-historico-en-temporada-vacacional\\\/#primaryimage\"},\"thumbnailUrl\":\"https:\\\/\\\/canal7slp.tv\\\/2025\\\/wp-content\\\/uploads\\\/2025\\\/08\\\/Poky04UGCHTuristico.jpg\",\"datePublished\":\"2025-08-12T00:40:00+00:00\",\"breadcrumb\":{\"@id\":\"https:\\\/\\\/canal7slp.tv\\\/2025\\\/con-campana-permanente-mantienen-en-condiciones-centro-historico-en-temporada-vacacional\\\/#breadcrumb\"},\"inLanguage\":\"es\",\"potentialAction\":[{\"@type\":\"ReadAction\",\"target\":[\"https:\\\/\\\/canal7slp.tv\\\/2025\\\/con-campana-permanente-mantienen-en-condiciones-centro-historico-en-temporada-vacacional\\\/\"]}]},{\"@type\":\"ImageObject\",\"inLanguage\":\"es\",\"@id\":\"https:\\\/\\\/canal7slp.tv\\\/2025\\\/con-campana-permanente-mantienen-en-condiciones-centro-historico-en-temporada-vacacional\\\/#primaryimage\",\"url\":\"https:\\\/\\\/canal7slp.tv\\\/2025\\\/wp-content\\\/uploads\\\/2025\\\/08\\\/Poky04UGCHTuristico.jpg\",\"contentUrl\":\"https:\\\/\\\/canal7slp.tv\\\/2025\\\/wp-content\\\/uploads\\\/2025\\\/08\\\/Poky04UGCHTuristico.jpg\",\"width\":1920,\"height\":1080},{\"@type\":\"BreadcrumbList\",\"@id\":\"https:\\\/\\\/canal7slp.tv\\\/2025\\\/con-campana-permanente-mantienen-en-condiciones-centro-historico-en-temporada-vacacional\\\/#breadcrumb\",\"itemListElement\":[{\"@type\":\"ListItem\",\"position\":1,\"name\":\"Portada\",\"item\":\"https:\\\/\\\/canal7slp.tv\\\/2025\\\/\"},{\"@type\":\"ListItem\",\"position\":2,\"name\":\"Con campa\u00f1a permanente mantienen en condiciones Centro Hist\u00f3rico en temporada vacacional\"}]},{\"@type\":\"WebSite\",\"@id\":\"https:\\\/\\\/canal7slp.tv\\\/2025\\\/#website\",\"url\":\"https:\\\/\\\/canal7slp.tv\\\/2025\\\/\",\"name\":\"N7 - Noticieros Canal 7\",\"description\":\"Somos el Medio\",\"publisher\":{\"@id\":\"https:\\\/\\\/canal7slp.tv\\\/2025\\\/#organization\"},\"potentialAction\":[{\"@type\":\"SearchAction\",\"target\":{\"@type\":\"EntryPoint\",\"urlTemplate\":\"https:\\\/\\\/canal7slp.tv\\\/2025\\\/?s={search_term_string}\"},\"query-input\":{\"@type\":\"PropertyValueSpecification\",\"valueRequired\":true,\"valueName\":\"search_term_string\"}}],\"inLanguage\":\"es\"},{\"@type\":\"Organization\",\"@id\":\"https:\\\/\\\/canal7slp.tv\\\/2025\\\/#organization\",\"name\":\"Noticieros Canal 7\",\"url\":\"https:\\\/\\\/canal7slp.tv\\\/2025\\\/\",\"logo\":{\"@type\":\"ImageObject\",\"inLanguage\":\"es\",\"@id\":\"https:\\\/\\\/canal7slp.tv\\\/2025\\\/#\\\/schema\\\/logo\\\/image\\\/\",\"url\":\"https:\\\/\\\/canal7slp.tv\\\/2025\\\/wp-content\\\/uploads\\\/2021\\\/01\\\/logo-noticieros@2x.png\",\"contentUrl\":\"https:\\\/\\\/canal7slp.tv\\\/2025\\\/wp-content\\\/uploads\\\/2021\\\/01\\\/logo-noticieros@2x.png\",\"width\":1017,\"height\":268,\"caption\":\"Noticieros Canal 7\"},\"image\":{\"@id\":\"https:\\\/\\\/canal7slp.tv\\\/2025\\\/#\\\/schema\\\/logo\\\/image\\\/\"},\"sameAs\":[\"https:\\\/\\\/www.facebook.com\\\/noticieroscanal7atencionciudadana\\\/\",\"https:\\\/\\\/x.com\\\/NOTICIEROS7\",\"https:\\\/\\\/www.instagram.com\\\/canal7_slp\",\"https:\\\/\\\/www.youtube.com\\\/channel\\\/UCliiYs-gP3JfJeqdPrNdd5A\"]},{\"@type\":\"Person\",\"@id\":\"https:\\\/\\\/canal7slp.tv\\\/2025\\\/#\\\/schema\\\/person\\\/271e2b60a96e7cc9d9ac296f4d7e414b\",\"name\":\"Edici\u00f3n Web\",\"image\":{\"@type\":\"ImageObject\",\"inLanguage\":\"es\",\"@id\":\"https:\\\/\\\/secure.gravatar.com\\\/avatar\\\/eee448fc3f7164808013b816ba91ac7e43bbe82a70bebac296f8bc6f0addaa1a?s=96&d=mm&r=g\",\"url\":\"https:\\\/\\\/secure.gravatar.com\\\/avatar\\\/eee448fc3f7164808013b816ba91ac7e43bbe82a70bebac296f8bc6f0addaa1a?s=96&d=mm&r=g\",\"contentUrl\":\"https:\\\/\\\/secure.gravatar.com\\\/avatar\\\/eee448fc3f7164808013b816ba91ac7e43bbe82a70bebac296f8bc6f0addaa1a?s=96&d=mm&r=g\",\"caption\":\"Edici\u00f3n Web\"},\"url\":\"https:\\\/\\\/canal7slp.tv\\\/2025\\\/author\\\/edicionweb\\\/\"}]}<\/script>\n<!-- \/ Yoast SEO plugin. -->","yoast_head_json":{"title":"Con campa\u00f1a permanente mantienen en condiciones Centro Hist\u00f3rico en temporada vacacional - Canal 7 SLP - 2025","robots":{"index":"index","follow":"follow","max-snippet":"max-snippet:-1","max-image-preview":"max-image-preview:large","max-video-preview":"max-video-preview:-1"},"canonical":"https:\/\/canal7slp.tv\/2025\/con-campana-permanente-mantienen-en-condiciones-centro-historico-en-temporada-vacacional\/","og_locale":"es_ES","og_type":"article","og_title":"Con campa\u00f1a permanente mantienen en condiciones Centro Hist\u00f3rico en temporada vacacional - Canal 7 SLP - 2025","og_description":"SLP.- A fin de mejorar la imagen del primer cuadro de la ciudad de San Luis Potos\u00ed y sus alrededores se realizan obras de remozo y de ellas habl\u00f3 el titular de la Unidad de Gesti\u00f3n del Centro Hist\u00f3rico, Jes\u00fas Becerra Rodr\u00edguez. \u201cLas cuadrillas de las direcciones que intervenimos en el Centro Hist\u00f3rico est\u00e1n trabajando ahora s\u00ed que en el mismo ritmo y con m\u00e1s celeridad, nosotros desde la Unidad de Gesti\u00f3n del Centro Hist\u00f3rico empezamos ya desde hace dos semanas una campa\u00f1a permanente de bachear todo esto que nos dej\u00f3 las lluvias\u201d. Se cubrir\u00e1 toda la zona centro de [&hellip;]","og_url":"https:\/\/canal7slp.tv\/2025\/con-campana-permanente-mantienen-en-condiciones-centro-historico-en-temporada-vacacional\/","og_site_name":"Canal 7 SLP - 2025","article_publisher":"https:\/\/www.facebook.com\/noticieroscanal7atencionciudadana\/","article_published_time":"2025-08-12T00:40:00+00:00","og_image":[{"width":1920,"height":1080,"url":"https:\/\/canal7slp.tv\/2025\/wp-content\/uploads\/2025\/08\/Poky04UGCHTuristico.jpg","type":"image\/jpeg"}],"author":"Edici\u00f3n Web","twitter_card":"summary_large_image","twitter_creator":"@NOTICIEROS7","twitter_site":"@NOTICIEROS7","twitter_misc":{"Escrito por":"Edici\u00f3n Web","Tiempo de lectura":"2 minutos"},"schema":{"@context":"https:\/\/schema.org","@graph":[{"@type":"Article","@id":"https:\/\/canal7slp.tv\/2025\/con-campana-permanente-mantienen-en-condiciones-centro-historico-en-temporada-vacacional\/#article","isPartOf":{"@id":"https:\/\/canal7slp.tv\/2025\/con-campana-permanente-mantienen-en-condiciones-centro-historico-en-temporada-vacacional\/"},"author":{"name":"Edici\u00f3n Web","@id":"https:\/\/canal7slp.tv\/2025\/#\/schema\/person\/271e2b60a96e7cc9d9ac296f4d7e414b"},"headline":"Con campa\u00f1a permanente mantienen en condiciones Centro Hist\u00f3rico en temporada vacacional","datePublished":"2025-08-12T00:40:00+00:00","mainEntityOfPage":{"@id":"https:\/\/canal7slp.tv\/2025\/con-campana-permanente-mantienen-en-condiciones-centro-historico-en-temporada-vacacional\/"},"wordCount":279,"publisher":{"@id":"https:\/\/canal7slp.tv\/2025\/#organization"},"image":{"@id":"https:\/\/canal7slp.tv\/2025\/con-campana-permanente-mantienen-en-condiciones-centro-historico-en-temporada-vacacional\/#primaryimage"},"thumbnailUrl":"https:\/\/canal7slp.tv\/2025\/wp-content\/uploads\/2025\/08\/Poky04UGCHTuristico.jpg","articleSection":["DESTACADAS","LOCALES Y REGIONALES"],"inLanguage":"es"},{"@type":"WebPage","@id":"https:\/\/canal7slp.tv\/2025\/con-campana-permanente-mantienen-en-condiciones-centro-historico-en-temporada-vacacional\/","url":"https:\/\/canal7slp.tv\/2025\/con-campana-permanente-mantienen-en-condiciones-centro-historico-en-temporada-vacacional\/","name":"Con campa\u00f1a permanente mantienen en condiciones Centro Hist\u00f3rico en temporada vacacional - Canal 7 SLP - 2025","isPartOf":{"@id":"https:\/\/canal7slp.tv\/2025\/#website"},"primaryImageOfPage":{"@id":"https:\/\/canal7slp.tv\/2025\/con-campana-permanente-mantienen-en-condiciones-centro-historico-en-temporada-vacacional\/#primaryimage"},"image":{"@id":"https:\/\/canal7slp.tv\/2025\/con-campana-permanente-mantienen-en-condiciones-centro-historico-en-temporada-vacacional\/#primaryimage"},"thumbnailUrl":"https:\/\/canal7slp.tv\/2025\/wp-content\/uploads\/2025\/08\/Poky04UGCHTuristico.jpg","datePublished":"2025-08-12T00:40:00+00:00","breadcrumb":{"@id":"https:\/\/canal7slp.tv\/2025\/con-campana-permanente-mantienen-en-condiciones-centro-historico-en-temporada-vacacional\/#breadcrumb"},"inLanguage":"es","potentialAction":[{"@type":"ReadAction","target":["https:\/\/canal7slp.tv\/2025\/con-campana-permanente-mantienen-en-condiciones-centro-historico-en-temporada-vacacional\/"]}]},{"@type":"ImageObject","inLanguage":"es","@id":"https:\/\/canal7slp.tv\/2025\/con-campana-permanente-mantienen-en-condiciones-centro-historico-en-temporada-vacacional\/#primaryimage","url":"https:\/\/canal7slp.tv\/2025\/wp-content\/uploads\/2025\/08\/Poky04UGCHTuristico.jpg","contentUrl":"https:\/\/canal7slp.tv\/2025\/wp-content\/uploads\/2025\/08\/Poky04UGCHTuristico.jpg","width":1920,"height":1080},{"@type":"BreadcrumbList","@id":"https:\/\/canal7slp.tv\/2025\/con-campana-permanente-mantienen-en-condiciones-centro-historico-en-temporada-vacacional\/#breadcrumb","itemListElement":[{"@type":"ListItem","position":1,"name":"Portada","item":"https:\/\/canal7slp.tv\/2025\/"},{"@type":"ListItem","position":2,"name":"Con campa\u00f1a permanente mantienen en condiciones Centro Hist\u00f3rico en temporada vacacional"}]},{"@type":"WebSite","@id":"https:\/\/canal7slp.tv\/2025\/#website","url":"https:\/\/canal7slp.tv\/2025\/","name":"N7 - Noticieros Canal 7","description":"Somos el Medio","publisher":{"@id":"https:\/\/canal7slp.tv\/2025\/#organization"},"potentialAction":[{"@type":"SearchAction","target":{"@type":"EntryPoint","urlTemplate":"https:\/\/canal7slp.tv\/2025\/?s={search_term_string}"},"query-input":{"@type":"PropertyValueSpecification","valueRequired":true,"valueName":"search_term_string"}}],"inLanguage":"es"},{"@type":"Organization","@id":"https:\/\/canal7slp.tv\/2025\/#organization","name":"Noticieros Canal 7","url":"https:\/\/canal7slp.tv\/2025\/","logo":{"@type":"ImageObject","inLanguage":"es","@id":"https:\/\/canal7slp.tv\/2025\/#\/schema\/logo\/image\/","url":"https:\/\/canal7slp.tv\/2025\/wp-content\/uploads\/2021\/01\/logo-noticieros@2x.png","contentUrl":"https:\/\/canal7slp.tv\/2025\/wp-content\/uploads\/2021\/01\/logo-noticieros@2x.png","width":1017,"height":268,"caption":"Noticieros Canal 7"},"image":{"@id":"https:\/\/canal7slp.tv\/2025\/#\/schema\/logo\/image\/"},"sameAs":["https:\/\/www.facebook.com\/noticieroscanal7atencionciudadana\/","https:\/\/x.com\/NOTICIEROS7","https:\/\/www.instagram.com\/canal7_slp","https:\/\/www.youtube.com\/channel\/UCliiYs-gP3JfJeqdPrNdd5A"]},{"@type":"Person","@id":"https:\/\/canal7slp.tv\/2025\/#\/schema\/person\/271e2b60a96e7cc9d9ac296f4d7e414b","name":"Edici\u00f3n Web","image":{"@type":"ImageObject","inLanguage":"es","@id":"https:\/\/secure.gravatar.com\/avatar\/eee448fc3f7164808013b816ba91ac7e43bbe82a70bebac296f8bc6f0addaa1a?s=96&d=mm&r=g","url":"https:\/\/secure.gravatar.com\/avatar\/eee448fc3f7164808013b816ba91ac7e43bbe82a70bebac296f8bc6f0addaa1a?s=96&d=mm&r=g","contentUrl":"https:\/\/secure.gravatar.com\/avatar\/eee448fc3f7164808013b816ba91ac7e43bbe82a70bebac296f8bc6f0addaa1a?s=96&d=mm&r=g","caption":"Edici\u00f3n Web"},"url":"https:\/\/canal7slp.tv\/2025\/author\/edicionweb\/"}]}},"_links":{"self":[{"href":"https:\/\/canal7slp.tv\/2025\/wp-json\/wp\/v2\/posts\/176139","targetHints":{"allow":["GET"]}}],"collection":[{"href":"https:\/\/canal7slp.tv\/2025\/wp-json\/wp\/v2\/posts"}],"about":[{"href":"https:\/\/canal7slp.tv\/2025\/wp-json\/wp\/v2\/types\/post"}],"author":[{"embeddable":true,"href":"https:\/\/canal7slp.tv\/2025\/wp-json\/wp\/v2\/users\/2"}],"replies":[{"embeddable":true,"href":"https:\/\/canal7slp.tv\/2025\/wp-json\/wp\/v2\/comments?post=176139"}],"version-history":[{"count":1,"href":"https:\/\/canal7slp.tv\/2025\/wp-json\/wp\/v2\/posts\/176139\/revisions"}],"predecessor-version":[{"id":176142,"href":"https:\/\/canal7slp.tv\/2025\/wp-json\/wp\/v2\/posts\/176139\/revisions\/176142"}],"wp:featuredmedia":[{"embeddable":true,"href":"https:\/\/canal7slp.tv\/2025\/wp-json\/wp\/v2\/media\/176141"}],"wp:attachment":[{"href":"https:\/\/canal7slp.tv\/2025\/wp-json\/wp\/v2\/media?parent=176139"}],"wp:term":[{"taxonomy":"category","embeddable":true,"href":"https:\/\/canal7slp.tv\/2025\/wp-json\/wp\/v2\/categories?post=176139"},{"taxonomy":"post_tag","embeddable":true,"href":"https:\/\/canal7slp.tv\/2025\/wp-json\/wp\/v2\/tags?post=176139"}],"curies":[{"name":"wp","href":"https:\/\/api.w.org\/{rel}","templated":true}]}}