{"id":176135,"date":"2025-08-11T18:33:10","date_gmt":"2025-08-12T00:33:10","guid":{"rendered":"https:\/\/canal7slp.tv\/2025\/?p=176135"},"modified":"2025-08-11T18:33:10","modified_gmt":"2025-08-12T00:33:10","slug":"dos-individuos-vestidos-de-color-negro-dejaron-cabeza-de-vaca-frente-a-catedral","status":"publish","type":"post","link":"https:\/\/canal7slp.tv\/2025\/dos-individuos-vestidos-de-color-negro-dejaron-cabeza-de-vaca-frente-a-catedral\/","title":{"rendered":"Dos individuos vestidos de color negro dejaron cabeza de vaca frente a Catedral"},"content":{"rendered":"<p style=\"text-align: justify;\"><span style=\"font-size: 1.21429rem;\">SLP.- El d\u00eda domingo una cabeza de vaca sobre una tela roja acompa\u00f1ada de figuras blancas, flores amarillas y espigas, colocadas a manera de altar fue dejada frente a la entrada de la Catedral Metropolitana de San Luis Potos\u00ed, al respecto habl\u00f3 el presidente municipal, Enrique Galindo Ceballos.<\/span><\/p>\n<p style=\"text-align: justify;\">\u201cDe hecho fue la polic\u00eda municipal fue quien detect\u00f3 esto, incluso identifica de alguna manera a los posibles sospechosos, realmente no se cometi\u00f3 ning\u00fan delito, eso hay que decirlo con puntualidad\u201d.<\/p>\n<p style=\"text-align: justify;\">Se tiene por entendido la acci\u00f3n a manera de protesta.<\/p>\n<p style=\"text-align: justify;\">\u201cEs un tipo de protesta, se respetan las protestas, unas m\u00e1s crudas que otras, d\u00e9jame decirlo as\u00ed (\u2026) pues simplemente no hay ning\u00fan delito, solo protestaron, la municipal identific\u00f3 m\u00e1s o menos quienes fueron, unas personas de negro en el Centro Hist\u00f3rico, dos personas\u201d.<\/p>\n<p style=\"text-align: justify;\">El mismo d\u00eda del hallazgo del \u201caltar\u201d, se present\u00f3 en la Feria Nacional Potosina el artista del rock industrial, Marylin Manson, por lo que el hecho se relacion\u00f3.<\/p>\n<p style=\"text-align: justify;\">\u201cDirectamente estaba relacionada con la presentaci\u00f3n de Marylin Manson\u201d.<\/p>\n<p>Por: Juan Carlos Contreras<\/p>\n","protected":false},"excerpt":{"rendered":"<p>SLP.- El d\u00eda domingo una cabeza de vaca sobre una tela roja acompa\u00f1ada de figuras blancas, flores amarillas y espigas, colocadas a manera de altar fue dejada frente a la entrada de la Catedral Metropolitana de San Luis Potos\u00ed, al respecto habl\u00f3 el presidente municipal, Enrique Galindo Ceballos. \u201cDe hecho fue la polic\u00eda municipal fue quien detect\u00f3 esto, incluso identifica de alguna manera a los posibles sospechosos, realmente no se cometi\u00f3 ning\u00fan delito, eso hay que decirlo con puntualidad\u201d. Se tiene por entendido la acci\u00f3n a manera de protesta. \u201cEs un tipo de protesta, se respetan las protestas, unas m\u00e1s [&hellip;]<\/p>\n","protected":false},"author":2,"featured_media":176137,"comment_status":"closed","ping_status":"closed","sticky":false,"template":"","format":"video","meta":{"_monsterinsights_skip_tracking":false,"_monsterinsights_sitenote_active":false,"_monsterinsights_sitenote_note":"","_monsterinsights_sitenote_category":0,"footnotes":""},"categories":[66,5,45],"tags":[],"class_list":["post-176135","post","type-post","status-publish","format-video","has-post-thumbnail","hentry","category-ayoslp","category-destacadas","category-localesyregionales","post_format-post-format-video","post--single"],"yoast_head":"<!-- This site is optimized with the Yoast SEO plugin v27.5 - https:\/\/yoast.com\/product\/yoast-seo-wordpress\/ -->\n<title>Dos individuos vestidos de color negro dejaron cabeza de vaca frente a Catedral - Canal 7 SLP - 2025<\/title>\n<meta name=\"robots\" content=\"index, follow, max-snippet:-1, max-image-preview:large, max-video-preview:-1\" \/>\n<link rel=\"canonical\" href=\"https:\/\/canal7slp.tv\/2025\/dos-individuos-vestidos-de-color-negro-dejaron-cabeza-de-vaca-frente-a-catedral\/\" \/>\n<meta property=\"og:locale\" content=\"es_ES\" \/>\n<meta property=\"og:type\" content=\"article\" \/>\n<meta property=\"og:title\" content=\"Dos individuos vestidos de color negro dejaron cabeza de vaca frente a Catedral - Canal 7 SLP - 2025\" \/>\n<meta property=\"og:description\" content=\"SLP.- El d\u00eda domingo una cabeza de vaca sobre una tela roja acompa\u00f1ada de figuras blancas, flores amarillas y espigas, colocadas a manera de altar fue dejada frente a la entrada de la Catedral Metropolitana de San Luis Potos\u00ed, al respecto habl\u00f3 el presidente municipal, Enrique Galindo Ceballos. \u201cDe hecho fue la polic\u00eda municipal fue quien detect\u00f3 esto, incluso identifica de alguna manera a los posibles sospechosos, realmente no se cometi\u00f3 ning\u00fan delito, eso hay que decirlo con puntualidad\u201d. Se tiene por entendido la acci\u00f3n a manera de protesta. \u201cEs un tipo de protesta, se respetan las protestas, unas m\u00e1s [&hellip;]\" \/>\n<meta property=\"og:url\" content=\"https:\/\/canal7slp.tv\/2025\/dos-individuos-vestidos-de-color-negro-dejaron-cabeza-de-vaca-frente-a-catedral\/\" \/>\n<meta property=\"og:site_name\" content=\"Canal 7 SLP - 2025\" \/>\n<meta property=\"article:publisher\" content=\"https:\/\/www.facebook.com\/noticieroscanal7atencionciudadana\/\" \/>\n<meta property=\"article:published_time\" content=\"2025-08-12T00:33:10+00:00\" \/>\n<meta property=\"og:image\" content=\"https:\/\/canal7slp.tv\/2025\/wp-content\/uploads\/2025\/08\/Poky03CabezaVaca.jpg\" \/>\n\t<meta property=\"og:image:width\" content=\"1920\" \/>\n\t<meta property=\"og:image:height\" content=\"1080\" \/>\n\t<meta property=\"og:image:type\" content=\"image\/jpeg\" \/>\n<meta name=\"author\" content=\"Edici\u00f3n Web\" \/>\n<meta name=\"twitter:card\" content=\"summary_large_image\" \/>\n<meta name=\"twitter:creator\" content=\"@NOTICIEROS7\" \/>\n<meta name=\"twitter:site\" content=\"@NOTICIEROS7\" \/>\n<meta name=\"twitter:label1\" content=\"Escrito por\" \/>\n\t<meta name=\"twitter:data1\" content=\"Edici\u00f3n Web\" \/>\n\t<meta name=\"twitter:label2\" content=\"Tiempo de lectura\" \/>\n\t<meta name=\"twitter:data2\" content=\"1 minuto\" \/>\n<script type=\"application\/ld+json\" class=\"yoast-schema-graph\">{\"@context\":\"https:\\\/\\\/schema.org\",\"@graph\":[{\"@type\":\"Article\",\"@id\":\"https:\\\/\\\/canal7slp.tv\\\/2025\\\/dos-individuos-vestidos-de-color-negro-dejaron-cabeza-de-vaca-frente-a-catedral\\\/#article\",\"isPartOf\":{\"@id\":\"https:\\\/\\\/canal7slp.tv\\\/2025\\\/dos-individuos-vestidos-de-color-negro-dejaron-cabeza-de-vaca-frente-a-catedral\\\/\"},\"author\":{\"name\":\"Edici\u00f3n Web\",\"@id\":\"https:\\\/\\\/canal7slp.tv\\\/2025\\\/#\\\/schema\\\/person\\\/271e2b60a96e7cc9d9ac296f4d7e414b\"},\"headline\":\"Dos individuos vestidos de color negro dejaron cabeza de vaca frente a Catedral\",\"datePublished\":\"2025-08-12T00:33:10+00:00\",\"mainEntityOfPage\":{\"@id\":\"https:\\\/\\\/canal7slp.tv\\\/2025\\\/dos-individuos-vestidos-de-color-negro-dejaron-cabeza-de-vaca-frente-a-catedral\\\/\"},\"wordCount\":199,\"publisher\":{\"@id\":\"https:\\\/\\\/canal7slp.tv\\\/2025\\\/#organization\"},\"image\":{\"@id\":\"https:\\\/\\\/canal7slp.tv\\\/2025\\\/dos-individuos-vestidos-de-color-negro-dejaron-cabeza-de-vaca-frente-a-catedral\\\/#primaryimage\"},\"thumbnailUrl\":\"https:\\\/\\\/canal7slp.tv\\\/2025\\\/wp-content\\\/uploads\\\/2025\\\/08\\\/Poky03CabezaVaca.jpg\",\"articleSection\":[\"AYOSLP\",\"DESTACADAS\",\"LOCALES Y REGIONALES\"],\"inLanguage\":\"es\"},{\"@type\":\"WebPage\",\"@id\":\"https:\\\/\\\/canal7slp.tv\\\/2025\\\/dos-individuos-vestidos-de-color-negro-dejaron-cabeza-de-vaca-frente-a-catedral\\\/\",\"url\":\"https:\\\/\\\/canal7slp.tv\\\/2025\\\/dos-individuos-vestidos-de-color-negro-dejaron-cabeza-de-vaca-frente-a-catedral\\\/\",\"name\":\"Dos individuos vestidos de color negro dejaron cabeza de vaca frente a Catedral - Canal 7 SLP - 2025\",\"isPartOf\":{\"@id\":\"https:\\\/\\\/canal7slp.tv\\\/2025\\\/#website\"},\"primaryImageOfPage\":{\"@id\":\"https:\\\/\\\/canal7slp.tv\\\/2025\\\/dos-individuos-vestidos-de-color-negro-dejaron-cabeza-de-vaca-frente-a-catedral\\\/#primaryimage\"},\"image\":{\"@id\":\"https:\\\/\\\/canal7slp.tv\\\/2025\\\/dos-individuos-vestidos-de-color-negro-dejaron-cabeza-de-vaca-frente-a-catedral\\\/#primaryimage\"},\"thumbnailUrl\":\"https:\\\/\\\/canal7slp.tv\\\/2025\\\/wp-content\\\/uploads\\\/2025\\\/08\\\/Poky03CabezaVaca.jpg\",\"datePublished\":\"2025-08-12T00:33:10+00:00\",\"breadcrumb\":{\"@id\":\"https:\\\/\\\/canal7slp.tv\\\/2025\\\/dos-individuos-vestidos-de-color-negro-dejaron-cabeza-de-vaca-frente-a-catedral\\\/#breadcrumb\"},\"inLanguage\":\"es\",\"potentialAction\":[{\"@type\":\"ReadAction\",\"target\":[\"https:\\\/\\\/canal7slp.tv\\\/2025\\\/dos-individuos-vestidos-de-color-negro-dejaron-cabeza-de-vaca-frente-a-catedral\\\/\"]}]},{\"@type\":\"ImageObject\",\"inLanguage\":\"es\",\"@id\":\"https:\\\/\\\/canal7slp.tv\\\/2025\\\/dos-individuos-vestidos-de-color-negro-dejaron-cabeza-de-vaca-frente-a-catedral\\\/#primaryimage\",\"url\":\"https:\\\/\\\/canal7slp.tv\\\/2025\\\/wp-content\\\/uploads\\\/2025\\\/08\\\/Poky03CabezaVaca.jpg\",\"contentUrl\":\"https:\\\/\\\/canal7slp.tv\\\/2025\\\/wp-content\\\/uploads\\\/2025\\\/08\\\/Poky03CabezaVaca.jpg\",\"width\":1920,\"height\":1080},{\"@type\":\"BreadcrumbList\",\"@id\":\"https:\\\/\\\/canal7slp.tv\\\/2025\\\/dos-individuos-vestidos-de-color-negro-dejaron-cabeza-de-vaca-frente-a-catedral\\\/#breadcrumb\",\"itemListElement\":[{\"@type\":\"ListItem\",\"position\":1,\"name\":\"Portada\",\"item\":\"https:\\\/\\\/canal7slp.tv\\\/2025\\\/\"},{\"@type\":\"ListItem\",\"position\":2,\"name\":\"Dos individuos vestidos de color negro dejaron cabeza de vaca frente a Catedral\"}]},{\"@type\":\"WebSite\",\"@id\":\"https:\\\/\\\/canal7slp.tv\\\/2025\\\/#website\",\"url\":\"https:\\\/\\\/canal7slp.tv\\\/2025\\\/\",\"name\":\"N7 - Noticieros Canal 7\",\"description\":\"Somos el Medio\",\"publisher\":{\"@id\":\"https:\\\/\\\/canal7slp.tv\\\/2025\\\/#organization\"},\"potentialAction\":[{\"@type\":\"SearchAction\",\"target\":{\"@type\":\"EntryPoint\",\"urlTemplate\":\"https:\\\/\\\/canal7slp.tv\\\/2025\\\/?s={search_term_string}\"},\"query-input\":{\"@type\":\"PropertyValueSpecification\",\"valueRequired\":true,\"valueName\":\"search_term_string\"}}],\"inLanguage\":\"es\"},{\"@type\":\"Organization\",\"@id\":\"https:\\\/\\\/canal7slp.tv\\\/2025\\\/#organization\",\"name\":\"Noticieros Canal 7\",\"url\":\"https:\\\/\\\/canal7slp.tv\\\/2025\\\/\",\"logo\":{\"@type\":\"ImageObject\",\"inLanguage\":\"es\",\"@id\":\"https:\\\/\\\/canal7slp.tv\\\/2025\\\/#\\\/schema\\\/logo\\\/image\\\/\",\"url\":\"https:\\\/\\\/canal7slp.tv\\\/2025\\\/wp-content\\\/uploads\\\/2021\\\/01\\\/logo-noticieros@2x.png\",\"contentUrl\":\"https:\\\/\\\/canal7slp.tv\\\/2025\\\/wp-content\\\/uploads\\\/2021\\\/01\\\/logo-noticieros@2x.png\",\"width\":1017,\"height\":268,\"caption\":\"Noticieros Canal 7\"},\"image\":{\"@id\":\"https:\\\/\\\/canal7slp.tv\\\/2025\\\/#\\\/schema\\\/logo\\\/image\\\/\"},\"sameAs\":[\"https:\\\/\\\/www.facebook.com\\\/noticieroscanal7atencionciudadana\\\/\",\"https:\\\/\\\/x.com\\\/NOTICIEROS7\",\"https:\\\/\\\/www.instagram.com\\\/canal7_slp\",\"https:\\\/\\\/www.youtube.com\\\/channel\\\/UCliiYs-gP3JfJeqdPrNdd5A\"]},{\"@type\":\"Person\",\"@id\":\"https:\\\/\\\/canal7slp.tv\\\/2025\\\/#\\\/schema\\\/person\\\/271e2b60a96e7cc9d9ac296f4d7e414b\",\"name\":\"Edici\u00f3n Web\",\"image\":{\"@type\":\"ImageObject\",\"inLanguage\":\"es\",\"@id\":\"https:\\\/\\\/secure.gravatar.com\\\/avatar\\\/eee448fc3f7164808013b816ba91ac7e43bbe82a70bebac296f8bc6f0addaa1a?s=96&d=mm&r=g\",\"url\":\"https:\\\/\\\/secure.gravatar.com\\\/avatar\\\/eee448fc3f7164808013b816ba91ac7e43bbe82a70bebac296f8bc6f0addaa1a?s=96&d=mm&r=g\",\"contentUrl\":\"https:\\\/\\\/secure.gravatar.com\\\/avatar\\\/eee448fc3f7164808013b816ba91ac7e43bbe82a70bebac296f8bc6f0addaa1a?s=96&d=mm&r=g\",\"caption\":\"Edici\u00f3n Web\"},\"url\":\"https:\\\/\\\/canal7slp.tv\\\/2025\\\/author\\\/edicionweb\\\/\"}]}<\/script>\n<!-- \/ Yoast SEO plugin. -->","yoast_head_json":{"title":"Dos individuos vestidos de color negro dejaron cabeza de vaca frente a Catedral - Canal 7 SLP - 2025","robots":{"index":"index","follow":"follow","max-snippet":"max-snippet:-1","max-image-preview":"max-image-preview:large","max-video-preview":"max-video-preview:-1"},"canonical":"https:\/\/canal7slp.tv\/2025\/dos-individuos-vestidos-de-color-negro-dejaron-cabeza-de-vaca-frente-a-catedral\/","og_locale":"es_ES","og_type":"article","og_title":"Dos individuos vestidos de color negro dejaron cabeza de vaca frente a Catedral - Canal 7 SLP - 2025","og_description":"SLP.- El d\u00eda domingo una cabeza de vaca sobre una tela roja acompa\u00f1ada de figuras blancas, flores amarillas y espigas, colocadas a manera de altar fue dejada frente a la entrada de la Catedral Metropolitana de San Luis Potos\u00ed, al respecto habl\u00f3 el presidente municipal, Enrique Galindo Ceballos. \u201cDe hecho fue la polic\u00eda municipal fue quien detect\u00f3 esto, incluso identifica de alguna manera a los posibles sospechosos, realmente no se cometi\u00f3 ning\u00fan delito, eso hay que decirlo con puntualidad\u201d. Se tiene por entendido la acci\u00f3n a manera de protesta. \u201cEs un tipo de protesta, se respetan las protestas, unas m\u00e1s [&hellip;]","og_url":"https:\/\/canal7slp.tv\/2025\/dos-individuos-vestidos-de-color-negro-dejaron-cabeza-de-vaca-frente-a-catedral\/","og_site_name":"Canal 7 SLP - 2025","article_publisher":"https:\/\/www.facebook.com\/noticieroscanal7atencionciudadana\/","article_published_time":"2025-08-12T00:33:10+00:00","og_image":[{"width":1920,"height":1080,"url":"https:\/\/canal7slp.tv\/2025\/wp-content\/uploads\/2025\/08\/Poky03CabezaVaca.jpg","type":"image\/jpeg"}],"author":"Edici\u00f3n Web","twitter_card":"summary_large_image","twitter_creator":"@NOTICIEROS7","twitter_site":"@NOTICIEROS7","twitter_misc":{"Escrito por":"Edici\u00f3n Web","Tiempo de lectura":"1 minuto"},"schema":{"@context":"https:\/\/schema.org","@graph":[{"@type":"Article","@id":"https:\/\/canal7slp.tv\/2025\/dos-individuos-vestidos-de-color-negro-dejaron-cabeza-de-vaca-frente-a-catedral\/#article","isPartOf":{"@id":"https:\/\/canal7slp.tv\/2025\/dos-individuos-vestidos-de-color-negro-dejaron-cabeza-de-vaca-frente-a-catedral\/"},"author":{"name":"Edici\u00f3n Web","@id":"https:\/\/canal7slp.tv\/2025\/#\/schema\/person\/271e2b60a96e7cc9d9ac296f4d7e414b"},"headline":"Dos individuos vestidos de color negro dejaron cabeza de vaca frente a Catedral","datePublished":"2025-08-12T00:33:10+00:00","mainEntityOfPage":{"@id":"https:\/\/canal7slp.tv\/2025\/dos-individuos-vestidos-de-color-negro-dejaron-cabeza-de-vaca-frente-a-catedral\/"},"wordCount":199,"publisher":{"@id":"https:\/\/canal7slp.tv\/2025\/#organization"},"image":{"@id":"https:\/\/canal7slp.tv\/2025\/dos-individuos-vestidos-de-color-negro-dejaron-cabeza-de-vaca-frente-a-catedral\/#primaryimage"},"thumbnailUrl":"https:\/\/canal7slp.tv\/2025\/wp-content\/uploads\/2025\/08\/Poky03CabezaVaca.jpg","articleSection":["AYOSLP","DESTACADAS","LOCALES Y REGIONALES"],"inLanguage":"es"},{"@type":"WebPage","@id":"https:\/\/canal7slp.tv\/2025\/dos-individuos-vestidos-de-color-negro-dejaron-cabeza-de-vaca-frente-a-catedral\/","url":"https:\/\/canal7slp.tv\/2025\/dos-individuos-vestidos-de-color-negro-dejaron-cabeza-de-vaca-frente-a-catedral\/","name":"Dos individuos vestidos de color negro dejaron cabeza de vaca frente a Catedral - Canal 7 SLP - 2025","isPartOf":{"@id":"https:\/\/canal7slp.tv\/2025\/#website"},"primaryImageOfPage":{"@id":"https:\/\/canal7slp.tv\/2025\/dos-individuos-vestidos-de-color-negro-dejaron-cabeza-de-vaca-frente-a-catedral\/#primaryimage"},"image":{"@id":"https:\/\/canal7slp.tv\/2025\/dos-individuos-vestidos-de-color-negro-dejaron-cabeza-de-vaca-frente-a-catedral\/#primaryimage"},"thumbnailUrl":"https:\/\/canal7slp.tv\/2025\/wp-content\/uploads\/2025\/08\/Poky03CabezaVaca.jpg","datePublished":"2025-08-12T00:33:10+00:00","breadcrumb":{"@id":"https:\/\/canal7slp.tv\/2025\/dos-individuos-vestidos-de-color-negro-dejaron-cabeza-de-vaca-frente-a-catedral\/#breadcrumb"},"inLanguage":"es","potentialAction":[{"@type":"ReadAction","target":["https:\/\/canal7slp.tv\/2025\/dos-individuos-vestidos-de-color-negro-dejaron-cabeza-de-vaca-frente-a-catedral\/"]}]},{"@type":"ImageObject","inLanguage":"es","@id":"https:\/\/canal7slp.tv\/2025\/dos-individuos-vestidos-de-color-negro-dejaron-cabeza-de-vaca-frente-a-catedral\/#primaryimage","url":"https:\/\/canal7slp.tv\/2025\/wp-content\/uploads\/2025\/08\/Poky03CabezaVaca.jpg","contentUrl":"https:\/\/canal7slp.tv\/2025\/wp-content\/uploads\/2025\/08\/Poky03CabezaVaca.jpg","width":1920,"height":1080},{"@type":"BreadcrumbList","@id":"https:\/\/canal7slp.tv\/2025\/dos-individuos-vestidos-de-color-negro-dejaron-cabeza-de-vaca-frente-a-catedral\/#breadcrumb","itemListElement":[{"@type":"ListItem","position":1,"name":"Portada","item":"https:\/\/canal7slp.tv\/2025\/"},{"@type":"ListItem","position":2,"name":"Dos individuos vestidos de color negro dejaron cabeza de vaca frente a Catedral"}]},{"@type":"WebSite","@id":"https:\/\/canal7slp.tv\/2025\/#website","url":"https:\/\/canal7slp.tv\/2025\/","name":"N7 - Noticieros Canal 7","description":"Somos el Medio","publisher":{"@id":"https:\/\/canal7slp.tv\/2025\/#organization"},"potentialAction":[{"@type":"SearchAction","target":{"@type":"EntryPoint","urlTemplate":"https:\/\/canal7slp.tv\/2025\/?s={search_term_string}"},"query-input":{"@type":"PropertyValueSpecification","valueRequired":true,"valueName":"search_term_string"}}],"inLanguage":"es"},{"@type":"Organization","@id":"https:\/\/canal7slp.tv\/2025\/#organization","name":"Noticieros Canal 7","url":"https:\/\/canal7slp.tv\/2025\/","logo":{"@type":"ImageObject","inLanguage":"es","@id":"https:\/\/canal7slp.tv\/2025\/#\/schema\/logo\/image\/","url":"https:\/\/canal7slp.tv\/2025\/wp-content\/uploads\/2021\/01\/logo-noticieros@2x.png","contentUrl":"https:\/\/canal7slp.tv\/2025\/wp-content\/uploads\/2021\/01\/logo-noticieros@2x.png","width":1017,"height":268,"caption":"Noticieros Canal 7"},"image":{"@id":"https:\/\/canal7slp.tv\/2025\/#\/schema\/logo\/image\/"},"sameAs":["https:\/\/www.facebook.com\/noticieroscanal7atencionciudadana\/","https:\/\/x.com\/NOTICIEROS7","https:\/\/www.instagram.com\/canal7_slp","https:\/\/www.youtube.com\/channel\/UCliiYs-gP3JfJeqdPrNdd5A"]},{"@type":"Person","@id":"https:\/\/canal7slp.tv\/2025\/#\/schema\/person\/271e2b60a96e7cc9d9ac296f4d7e414b","name":"Edici\u00f3n Web","image":{"@type":"ImageObject","inLanguage":"es","@id":"https:\/\/secure.gravatar.com\/avatar\/eee448fc3f7164808013b816ba91ac7e43bbe82a70bebac296f8bc6f0addaa1a?s=96&d=mm&r=g","url":"https:\/\/secure.gravatar.com\/avatar\/eee448fc3f7164808013b816ba91ac7e43bbe82a70bebac296f8bc6f0addaa1a?s=96&d=mm&r=g","contentUrl":"https:\/\/secure.gravatar.com\/avatar\/eee448fc3f7164808013b816ba91ac7e43bbe82a70bebac296f8bc6f0addaa1a?s=96&d=mm&r=g","caption":"Edici\u00f3n Web"},"url":"https:\/\/canal7slp.tv\/2025\/author\/edicionweb\/"}]}},"_links":{"self":[{"href":"https:\/\/canal7slp.tv\/2025\/wp-json\/wp\/v2\/posts\/176135","targetHints":{"allow":["GET"]}}],"collection":[{"href":"https:\/\/canal7slp.tv\/2025\/wp-json\/wp\/v2\/posts"}],"about":[{"href":"https:\/\/canal7slp.tv\/2025\/wp-json\/wp\/v2\/types\/post"}],"author":[{"embeddable":true,"href":"https:\/\/canal7slp.tv\/2025\/wp-json\/wp\/v2\/users\/2"}],"replies":[{"embeddable":true,"href":"https:\/\/canal7slp.tv\/2025\/wp-json\/wp\/v2\/comments?post=176135"}],"version-history":[{"count":1,"href":"https:\/\/canal7slp.tv\/2025\/wp-json\/wp\/v2\/posts\/176135\/revisions"}],"predecessor-version":[{"id":176138,"href":"https:\/\/canal7slp.tv\/2025\/wp-json\/wp\/v2\/posts\/176135\/revisions\/176138"}],"wp:featuredmedia":[{"embeddable":true,"href":"https:\/\/canal7slp.tv\/2025\/wp-json\/wp\/v2\/media\/176137"}],"wp:attachment":[{"href":"https:\/\/canal7slp.tv\/2025\/wp-json\/wp\/v2\/media?parent=176135"}],"wp:term":[{"taxonomy":"category","embeddable":true,"href":"https:\/\/canal7slp.tv\/2025\/wp-json\/wp\/v2\/categories?post=176135"},{"taxonomy":"post_tag","embeddable":true,"href":"https:\/\/canal7slp.tv\/2025\/wp-json\/wp\/v2\/tags?post=176135"}],"curies":[{"name":"wp","href":"https:\/\/api.w.org\/{rel}","templated":true}]}}