{"id":176131,"date":"2025-08-11T18:24:47","date_gmt":"2025-08-12T00:24:47","guid":{"rendered":"https:\/\/canal7slp.tv\/2025\/?p=176131"},"modified":"2025-08-11T18:24:47","modified_gmt":"2025-08-12T00:24:47","slug":"interapas-no-tiene-fecha-para-recibir-agua-de-la-presa-el-realito-esta-es-la-falla-11-del-acueducto-en-el-ano","status":"publish","type":"post","link":"https:\/\/canal7slp.tv\/2025\/interapas-no-tiene-fecha-para-recibir-agua-de-la-presa-el-realito-esta-es-la-falla-11-del-acueducto-en-el-ano\/","title":{"rendered":"Interapas no tiene fecha para recibir agua de la presa El Realito, esta es la falla 11 del acueducto en el a\u00f1o"},"content":{"rendered":"<p style=\"text-align: justify;\">SLP.- A lo largo del presente a\u00f1o se han registrado once fallas en el suministro de agua de la presa El Realito y que han dejado sin el abasto correspondiente a la parte sur-oriente de la ciudad de San Luis Potos\u00ed, al respecto habl\u00f3 el director general del organismo operador del Interapas, Daniel Hern\u00e1ndez Delgadillo.<\/p>\n<p style=\"text-align: justify;\">\u201cEl Realito present\u00f3, tengo entendido su onceava falla en el a\u00f1o, lo que representa casi, casi 50 d\u00edas sin agua de enero uno a agosto 11, la \u00faltima falla se dio el viernes pasado, tenemos viernes, s\u00e1bado, domingo y hoy lunes sin que nos llegue a nuestros vasos captadores un solo litro de agua del Realito\u201d.<\/p>\n<p style=\"text-align: justify;\">Al mes Interapas paga entre 10 y 12 millones de pesos a la empresa administradora del Realito, cuando el suministro falla se tiene una rebaja en el pago.<\/p>\n<p style=\"text-align: justify;\">\u201cNosotros hacemos un pliego de observaciones que le llamamos pliego de objeciones para que a trav\u00e9s de la Comisi\u00f3n Estatal del Agua (\u2026) lleve hasta la mesa nuestro pliego de objeciones y estas objeciones sean valoradas y se haga la quita correspondiente al mes que corra\u201d.<\/p>\n<p style=\"text-align: justify;\">Con tandeo mediante pipas en las colonias afectadas es que se combate la carencia de vital l\u00edquido.<\/p>\n<p style=\"text-align: justify;\">\u201cUn poquito m\u00e1s de 50 colonias siempre en el oriente-sur de la capital que sufren generalmente con este tipo de situaciones lo subsanamos con un operativo que ya tenemos muy hecho a trav\u00e9s de un carrusel de pipas en las colonias\u201d.<\/p>\n<p style=\"text-align: justify;\">No hay fecha para restablecer el abasto de agua.<\/p>\n<p style=\"text-align: justify;\">\u201cEn este momento sabemos que hay un desperfecto en el acueducto, pero ni siquiera sabemos en d\u00f3nde, ni en qu\u00e9 lugar, ni en cuanto tiempo, esperamos que en el transcurso del d\u00eda de hoy, como la falla fue el viernes haya un reporte a trav\u00e9s de la empresa Aquos\u201d.<\/p>\n<p style=\"text-align: justify;\">Para finalizar asever\u00f3 que es necesario un proyecto de sustituci\u00f3n en el acueducto de todas las partes da\u00f1adas o que no cuenten con las condiciones necesarias para soportar el paso de los miles de litros por segundo de agua desde San Luis de la Paz en Guanajuato hasta la capital potosina.<\/p>\n<p>Por: Juan Carlos Contreras<\/p>\n","protected":false},"excerpt":{"rendered":"<p>SLP.- A lo largo del presente a\u00f1o se han registrado once fallas en el suministro de agua de la presa El Realito y que han dejado sin el abasto correspondiente a la parte sur-oriente de la ciudad de San Luis Potos\u00ed, al respecto habl\u00f3 el director general del organismo operador del Interapas, Daniel Hern\u00e1ndez Delgadillo. \u201cEl Realito present\u00f3, tengo entendido su onceava falla en el a\u00f1o, lo que representa casi, casi 50 d\u00edas sin agua de enero uno a agosto 11, la \u00faltima falla se dio el viernes pasado, tenemos viernes, s\u00e1bado, domingo y hoy lunes sin que nos llegue [&hellip;]<\/p>\n","protected":false},"author":2,"featured_media":176133,"comment_status":"closed","ping_status":"closed","sticky":false,"template":"","format":"video","meta":{"_monsterinsights_skip_tracking":false,"_monsterinsights_sitenote_active":false,"_monsterinsights_sitenote_note":"","_monsterinsights_sitenote_category":0,"footnotes":""},"categories":[66,5,45],"tags":[],"class_list":["post-176131","post","type-post","status-publish","format-video","has-post-thumbnail","hentry","category-ayoslp","category-destacadas","category-localesyregionales","post_format-post-format-video","post--single"],"yoast_head":"<!-- This site is optimized with the Yoast SEO plugin v27.5 - https:\/\/yoast.com\/product\/yoast-seo-wordpress\/ -->\n<title>Interapas no tiene fecha para recibir agua de la presa El Realito, esta es la falla 11 del acueducto en el a\u00f1o - Canal 7 SLP - 2025<\/title>\n<meta name=\"robots\" content=\"index, follow, max-snippet:-1, max-image-preview:large, max-video-preview:-1\" \/>\n<link rel=\"canonical\" href=\"https:\/\/canal7slp.tv\/2025\/interapas-no-tiene-fecha-para-recibir-agua-de-la-presa-el-realito-esta-es-la-falla-11-del-acueducto-en-el-ano\/\" \/>\n<meta property=\"og:locale\" content=\"es_ES\" \/>\n<meta property=\"og:type\" content=\"article\" \/>\n<meta property=\"og:title\" content=\"Interapas no tiene fecha para recibir agua de la presa El Realito, esta es la falla 11 del acueducto en el a\u00f1o - Canal 7 SLP - 2025\" \/>\n<meta property=\"og:description\" content=\"SLP.- A lo largo del presente a\u00f1o se han registrado once fallas en el suministro de agua de la presa El Realito y que han dejado sin el abasto correspondiente a la parte sur-oriente de la ciudad de San Luis Potos\u00ed, al respecto habl\u00f3 el director general del organismo operador del Interapas, Daniel Hern\u00e1ndez Delgadillo. \u201cEl Realito present\u00f3, tengo entendido su onceava falla en el a\u00f1o, lo que representa casi, casi 50 d\u00edas sin agua de enero uno a agosto 11, la \u00faltima falla se dio el viernes pasado, tenemos viernes, s\u00e1bado, domingo y hoy lunes sin que nos llegue [&hellip;]\" \/>\n<meta property=\"og:url\" content=\"https:\/\/canal7slp.tv\/2025\/interapas-no-tiene-fecha-para-recibir-agua-de-la-presa-el-realito-esta-es-la-falla-11-del-acueducto-en-el-ano\/\" \/>\n<meta property=\"og:site_name\" content=\"Canal 7 SLP - 2025\" \/>\n<meta property=\"article:publisher\" content=\"https:\/\/www.facebook.com\/noticieroscanal7atencionciudadana\/\" \/>\n<meta property=\"article:published_time\" content=\"2025-08-12T00:24:47+00:00\" \/>\n<meta property=\"og:image\" content=\"https:\/\/canal7slp.tv\/2025\/wp-content\/uploads\/2025\/08\/Poky02InterapasRealito.jpg\" \/>\n\t<meta property=\"og:image:width\" content=\"1920\" \/>\n\t<meta property=\"og:image:height\" content=\"1080\" \/>\n\t<meta property=\"og:image:type\" content=\"image\/jpeg\" \/>\n<meta name=\"author\" content=\"Edici\u00f3n Web\" \/>\n<meta name=\"twitter:card\" content=\"summary_large_image\" \/>\n<meta name=\"twitter:creator\" content=\"@NOTICIEROS7\" \/>\n<meta name=\"twitter:site\" content=\"@NOTICIEROS7\" \/>\n<meta name=\"twitter:label1\" content=\"Escrito por\" \/>\n\t<meta name=\"twitter:data1\" content=\"Edici\u00f3n Web\" \/>\n\t<meta name=\"twitter:label2\" content=\"Tiempo de lectura\" \/>\n\t<meta name=\"twitter:data2\" content=\"2 minutos\" \/>\n<script type=\"application\/ld+json\" class=\"yoast-schema-graph\">{\"@context\":\"https:\\\/\\\/schema.org\",\"@graph\":[{\"@type\":\"Article\",\"@id\":\"https:\\\/\\\/canal7slp.tv\\\/2025\\\/interapas-no-tiene-fecha-para-recibir-agua-de-la-presa-el-realito-esta-es-la-falla-11-del-acueducto-en-el-ano\\\/#article\",\"isPartOf\":{\"@id\":\"https:\\\/\\\/canal7slp.tv\\\/2025\\\/interapas-no-tiene-fecha-para-recibir-agua-de-la-presa-el-realito-esta-es-la-falla-11-del-acueducto-en-el-ano\\\/\"},\"author\":{\"name\":\"Edici\u00f3n Web\",\"@id\":\"https:\\\/\\\/canal7slp.tv\\\/2025\\\/#\\\/schema\\\/person\\\/271e2b60a96e7cc9d9ac296f4d7e414b\"},\"headline\":\"Interapas no tiene fecha para recibir agua de la presa El Realito, esta es la falla 11 del acueducto en el a\u00f1o\",\"datePublished\":\"2025-08-12T00:24:47+00:00\",\"mainEntityOfPage\":{\"@id\":\"https:\\\/\\\/canal7slp.tv\\\/2025\\\/interapas-no-tiene-fecha-para-recibir-agua-de-la-presa-el-realito-esta-es-la-falla-11-del-acueducto-en-el-ano\\\/\"},\"wordCount\":388,\"publisher\":{\"@id\":\"https:\\\/\\\/canal7slp.tv\\\/2025\\\/#organization\"},\"image\":{\"@id\":\"https:\\\/\\\/canal7slp.tv\\\/2025\\\/interapas-no-tiene-fecha-para-recibir-agua-de-la-presa-el-realito-esta-es-la-falla-11-del-acueducto-en-el-ano\\\/#primaryimage\"},\"thumbnailUrl\":\"https:\\\/\\\/canal7slp.tv\\\/2025\\\/wp-content\\\/uploads\\\/2025\\\/08\\\/Poky02InterapasRealito.jpg\",\"articleSection\":[\"AYOSLP\",\"DESTACADAS\",\"LOCALES Y REGIONALES\"],\"inLanguage\":\"es\"},{\"@type\":\"WebPage\",\"@id\":\"https:\\\/\\\/canal7slp.tv\\\/2025\\\/interapas-no-tiene-fecha-para-recibir-agua-de-la-presa-el-realito-esta-es-la-falla-11-del-acueducto-en-el-ano\\\/\",\"url\":\"https:\\\/\\\/canal7slp.tv\\\/2025\\\/interapas-no-tiene-fecha-para-recibir-agua-de-la-presa-el-realito-esta-es-la-falla-11-del-acueducto-en-el-ano\\\/\",\"name\":\"Interapas no tiene fecha para recibir agua de la presa El Realito, esta es la falla 11 del acueducto en el a\u00f1o - Canal 7 SLP - 2025\",\"isPartOf\":{\"@id\":\"https:\\\/\\\/canal7slp.tv\\\/2025\\\/#website\"},\"primaryImageOfPage\":{\"@id\":\"https:\\\/\\\/canal7slp.tv\\\/2025\\\/interapas-no-tiene-fecha-para-recibir-agua-de-la-presa-el-realito-esta-es-la-falla-11-del-acueducto-en-el-ano\\\/#primaryimage\"},\"image\":{\"@id\":\"https:\\\/\\\/canal7slp.tv\\\/2025\\\/interapas-no-tiene-fecha-para-recibir-agua-de-la-presa-el-realito-esta-es-la-falla-11-del-acueducto-en-el-ano\\\/#primaryimage\"},\"thumbnailUrl\":\"https:\\\/\\\/canal7slp.tv\\\/2025\\\/wp-content\\\/uploads\\\/2025\\\/08\\\/Poky02InterapasRealito.jpg\",\"datePublished\":\"2025-08-12T00:24:47+00:00\",\"breadcrumb\":{\"@id\":\"https:\\\/\\\/canal7slp.tv\\\/2025\\\/interapas-no-tiene-fecha-para-recibir-agua-de-la-presa-el-realito-esta-es-la-falla-11-del-acueducto-en-el-ano\\\/#breadcrumb\"},\"inLanguage\":\"es\",\"potentialAction\":[{\"@type\":\"ReadAction\",\"target\":[\"https:\\\/\\\/canal7slp.tv\\\/2025\\\/interapas-no-tiene-fecha-para-recibir-agua-de-la-presa-el-realito-esta-es-la-falla-11-del-acueducto-en-el-ano\\\/\"]}]},{\"@type\":\"ImageObject\",\"inLanguage\":\"es\",\"@id\":\"https:\\\/\\\/canal7slp.tv\\\/2025\\\/interapas-no-tiene-fecha-para-recibir-agua-de-la-presa-el-realito-esta-es-la-falla-11-del-acueducto-en-el-ano\\\/#primaryimage\",\"url\":\"https:\\\/\\\/canal7slp.tv\\\/2025\\\/wp-content\\\/uploads\\\/2025\\\/08\\\/Poky02InterapasRealito.jpg\",\"contentUrl\":\"https:\\\/\\\/canal7slp.tv\\\/2025\\\/wp-content\\\/uploads\\\/2025\\\/08\\\/Poky02InterapasRealito.jpg\",\"width\":1920,\"height\":1080},{\"@type\":\"BreadcrumbList\",\"@id\":\"https:\\\/\\\/canal7slp.tv\\\/2025\\\/interapas-no-tiene-fecha-para-recibir-agua-de-la-presa-el-realito-esta-es-la-falla-11-del-acueducto-en-el-ano\\\/#breadcrumb\",\"itemListElement\":[{\"@type\":\"ListItem\",\"position\":1,\"name\":\"Portada\",\"item\":\"https:\\\/\\\/canal7slp.tv\\\/2025\\\/\"},{\"@type\":\"ListItem\",\"position\":2,\"name\":\"Interapas no tiene fecha para recibir agua de la presa El Realito, esta es la falla 11 del acueducto en el a\u00f1o\"}]},{\"@type\":\"WebSite\",\"@id\":\"https:\\\/\\\/canal7slp.tv\\\/2025\\\/#website\",\"url\":\"https:\\\/\\\/canal7slp.tv\\\/2025\\\/\",\"name\":\"N7 - Noticieros Canal 7\",\"description\":\"Somos el Medio\",\"publisher\":{\"@id\":\"https:\\\/\\\/canal7slp.tv\\\/2025\\\/#organization\"},\"potentialAction\":[{\"@type\":\"SearchAction\",\"target\":{\"@type\":\"EntryPoint\",\"urlTemplate\":\"https:\\\/\\\/canal7slp.tv\\\/2025\\\/?s={search_term_string}\"},\"query-input\":{\"@type\":\"PropertyValueSpecification\",\"valueRequired\":true,\"valueName\":\"search_term_string\"}}],\"inLanguage\":\"es\"},{\"@type\":\"Organization\",\"@id\":\"https:\\\/\\\/canal7slp.tv\\\/2025\\\/#organization\",\"name\":\"Noticieros Canal 7\",\"url\":\"https:\\\/\\\/canal7slp.tv\\\/2025\\\/\",\"logo\":{\"@type\":\"ImageObject\",\"inLanguage\":\"es\",\"@id\":\"https:\\\/\\\/canal7slp.tv\\\/2025\\\/#\\\/schema\\\/logo\\\/image\\\/\",\"url\":\"https:\\\/\\\/canal7slp.tv\\\/2025\\\/wp-content\\\/uploads\\\/2021\\\/01\\\/logo-noticieros@2x.png\",\"contentUrl\":\"https:\\\/\\\/canal7slp.tv\\\/2025\\\/wp-content\\\/uploads\\\/2021\\\/01\\\/logo-noticieros@2x.png\",\"width\":1017,\"height\":268,\"caption\":\"Noticieros Canal 7\"},\"image\":{\"@id\":\"https:\\\/\\\/canal7slp.tv\\\/2025\\\/#\\\/schema\\\/logo\\\/image\\\/\"},\"sameAs\":[\"https:\\\/\\\/www.facebook.com\\\/noticieroscanal7atencionciudadana\\\/\",\"https:\\\/\\\/x.com\\\/NOTICIEROS7\",\"https:\\\/\\\/www.instagram.com\\\/canal7_slp\",\"https:\\\/\\\/www.youtube.com\\\/channel\\\/UCliiYs-gP3JfJeqdPrNdd5A\"]},{\"@type\":\"Person\",\"@id\":\"https:\\\/\\\/canal7slp.tv\\\/2025\\\/#\\\/schema\\\/person\\\/271e2b60a96e7cc9d9ac296f4d7e414b\",\"name\":\"Edici\u00f3n Web\",\"image\":{\"@type\":\"ImageObject\",\"inLanguage\":\"es\",\"@id\":\"https:\\\/\\\/secure.gravatar.com\\\/avatar\\\/eee448fc3f7164808013b816ba91ac7e43bbe82a70bebac296f8bc6f0addaa1a?s=96&d=mm&r=g\",\"url\":\"https:\\\/\\\/secure.gravatar.com\\\/avatar\\\/eee448fc3f7164808013b816ba91ac7e43bbe82a70bebac296f8bc6f0addaa1a?s=96&d=mm&r=g\",\"contentUrl\":\"https:\\\/\\\/secure.gravatar.com\\\/avatar\\\/eee448fc3f7164808013b816ba91ac7e43bbe82a70bebac296f8bc6f0addaa1a?s=96&d=mm&r=g\",\"caption\":\"Edici\u00f3n Web\"},\"url\":\"https:\\\/\\\/canal7slp.tv\\\/2025\\\/author\\\/edicionweb\\\/\"}]}<\/script>\n<!-- \/ Yoast SEO plugin. -->","yoast_head_json":{"title":"Interapas no tiene fecha para recibir agua de la presa El Realito, esta es la falla 11 del acueducto en el a\u00f1o - Canal 7 SLP - 2025","robots":{"index":"index","follow":"follow","max-snippet":"max-snippet:-1","max-image-preview":"max-image-preview:large","max-video-preview":"max-video-preview:-1"},"canonical":"https:\/\/canal7slp.tv\/2025\/interapas-no-tiene-fecha-para-recibir-agua-de-la-presa-el-realito-esta-es-la-falla-11-del-acueducto-en-el-ano\/","og_locale":"es_ES","og_type":"article","og_title":"Interapas no tiene fecha para recibir agua de la presa El Realito, esta es la falla 11 del acueducto en el a\u00f1o - Canal 7 SLP - 2025","og_description":"SLP.- A lo largo del presente a\u00f1o se han registrado once fallas en el suministro de agua de la presa El Realito y que han dejado sin el abasto correspondiente a la parte sur-oriente de la ciudad de San Luis Potos\u00ed, al respecto habl\u00f3 el director general del organismo operador del Interapas, Daniel Hern\u00e1ndez Delgadillo. \u201cEl Realito present\u00f3, tengo entendido su onceava falla en el a\u00f1o, lo que representa casi, casi 50 d\u00edas sin agua de enero uno a agosto 11, la \u00faltima falla se dio el viernes pasado, tenemos viernes, s\u00e1bado, domingo y hoy lunes sin que nos llegue [&hellip;]","og_url":"https:\/\/canal7slp.tv\/2025\/interapas-no-tiene-fecha-para-recibir-agua-de-la-presa-el-realito-esta-es-la-falla-11-del-acueducto-en-el-ano\/","og_site_name":"Canal 7 SLP - 2025","article_publisher":"https:\/\/www.facebook.com\/noticieroscanal7atencionciudadana\/","article_published_time":"2025-08-12T00:24:47+00:00","og_image":[{"width":1920,"height":1080,"url":"https:\/\/canal7slp.tv\/2025\/wp-content\/uploads\/2025\/08\/Poky02InterapasRealito.jpg","type":"image\/jpeg"}],"author":"Edici\u00f3n Web","twitter_card":"summary_large_image","twitter_creator":"@NOTICIEROS7","twitter_site":"@NOTICIEROS7","twitter_misc":{"Escrito por":"Edici\u00f3n Web","Tiempo de lectura":"2 minutos"},"schema":{"@context":"https:\/\/schema.org","@graph":[{"@type":"Article","@id":"https:\/\/canal7slp.tv\/2025\/interapas-no-tiene-fecha-para-recibir-agua-de-la-presa-el-realito-esta-es-la-falla-11-del-acueducto-en-el-ano\/#article","isPartOf":{"@id":"https:\/\/canal7slp.tv\/2025\/interapas-no-tiene-fecha-para-recibir-agua-de-la-presa-el-realito-esta-es-la-falla-11-del-acueducto-en-el-ano\/"},"author":{"name":"Edici\u00f3n Web","@id":"https:\/\/canal7slp.tv\/2025\/#\/schema\/person\/271e2b60a96e7cc9d9ac296f4d7e414b"},"headline":"Interapas no tiene fecha para recibir agua de la presa El Realito, esta es la falla 11 del acueducto en el a\u00f1o","datePublished":"2025-08-12T00:24:47+00:00","mainEntityOfPage":{"@id":"https:\/\/canal7slp.tv\/2025\/interapas-no-tiene-fecha-para-recibir-agua-de-la-presa-el-realito-esta-es-la-falla-11-del-acueducto-en-el-ano\/"},"wordCount":388,"publisher":{"@id":"https:\/\/canal7slp.tv\/2025\/#organization"},"image":{"@id":"https:\/\/canal7slp.tv\/2025\/interapas-no-tiene-fecha-para-recibir-agua-de-la-presa-el-realito-esta-es-la-falla-11-del-acueducto-en-el-ano\/#primaryimage"},"thumbnailUrl":"https:\/\/canal7slp.tv\/2025\/wp-content\/uploads\/2025\/08\/Poky02InterapasRealito.jpg","articleSection":["AYOSLP","DESTACADAS","LOCALES Y REGIONALES"],"inLanguage":"es"},{"@type":"WebPage","@id":"https:\/\/canal7slp.tv\/2025\/interapas-no-tiene-fecha-para-recibir-agua-de-la-presa-el-realito-esta-es-la-falla-11-del-acueducto-en-el-ano\/","url":"https:\/\/canal7slp.tv\/2025\/interapas-no-tiene-fecha-para-recibir-agua-de-la-presa-el-realito-esta-es-la-falla-11-del-acueducto-en-el-ano\/","name":"Interapas no tiene fecha para recibir agua de la presa El Realito, esta es la falla 11 del acueducto en el a\u00f1o - Canal 7 SLP - 2025","isPartOf":{"@id":"https:\/\/canal7slp.tv\/2025\/#website"},"primaryImageOfPage":{"@id":"https:\/\/canal7slp.tv\/2025\/interapas-no-tiene-fecha-para-recibir-agua-de-la-presa-el-realito-esta-es-la-falla-11-del-acueducto-en-el-ano\/#primaryimage"},"image":{"@id":"https:\/\/canal7slp.tv\/2025\/interapas-no-tiene-fecha-para-recibir-agua-de-la-presa-el-realito-esta-es-la-falla-11-del-acueducto-en-el-ano\/#primaryimage"},"thumbnailUrl":"https:\/\/canal7slp.tv\/2025\/wp-content\/uploads\/2025\/08\/Poky02InterapasRealito.jpg","datePublished":"2025-08-12T00:24:47+00:00","breadcrumb":{"@id":"https:\/\/canal7slp.tv\/2025\/interapas-no-tiene-fecha-para-recibir-agua-de-la-presa-el-realito-esta-es-la-falla-11-del-acueducto-en-el-ano\/#breadcrumb"},"inLanguage":"es","potentialAction":[{"@type":"ReadAction","target":["https:\/\/canal7slp.tv\/2025\/interapas-no-tiene-fecha-para-recibir-agua-de-la-presa-el-realito-esta-es-la-falla-11-del-acueducto-en-el-ano\/"]}]},{"@type":"ImageObject","inLanguage":"es","@id":"https:\/\/canal7slp.tv\/2025\/interapas-no-tiene-fecha-para-recibir-agua-de-la-presa-el-realito-esta-es-la-falla-11-del-acueducto-en-el-ano\/#primaryimage","url":"https:\/\/canal7slp.tv\/2025\/wp-content\/uploads\/2025\/08\/Poky02InterapasRealito.jpg","contentUrl":"https:\/\/canal7slp.tv\/2025\/wp-content\/uploads\/2025\/08\/Poky02InterapasRealito.jpg","width":1920,"height":1080},{"@type":"BreadcrumbList","@id":"https:\/\/canal7slp.tv\/2025\/interapas-no-tiene-fecha-para-recibir-agua-de-la-presa-el-realito-esta-es-la-falla-11-del-acueducto-en-el-ano\/#breadcrumb","itemListElement":[{"@type":"ListItem","position":1,"name":"Portada","item":"https:\/\/canal7slp.tv\/2025\/"},{"@type":"ListItem","position":2,"name":"Interapas no tiene fecha para recibir agua de la presa El Realito, esta es la falla 11 del acueducto en el a\u00f1o"}]},{"@type":"WebSite","@id":"https:\/\/canal7slp.tv\/2025\/#website","url":"https:\/\/canal7slp.tv\/2025\/","name":"N7 - Noticieros Canal 7","description":"Somos el Medio","publisher":{"@id":"https:\/\/canal7slp.tv\/2025\/#organization"},"potentialAction":[{"@type":"SearchAction","target":{"@type":"EntryPoint","urlTemplate":"https:\/\/canal7slp.tv\/2025\/?s={search_term_string}"},"query-input":{"@type":"PropertyValueSpecification","valueRequired":true,"valueName":"search_term_string"}}],"inLanguage":"es"},{"@type":"Organization","@id":"https:\/\/canal7slp.tv\/2025\/#organization","name":"Noticieros Canal 7","url":"https:\/\/canal7slp.tv\/2025\/","logo":{"@type":"ImageObject","inLanguage":"es","@id":"https:\/\/canal7slp.tv\/2025\/#\/schema\/logo\/image\/","url":"https:\/\/canal7slp.tv\/2025\/wp-content\/uploads\/2021\/01\/logo-noticieros@2x.png","contentUrl":"https:\/\/canal7slp.tv\/2025\/wp-content\/uploads\/2021\/01\/logo-noticieros@2x.png","width":1017,"height":268,"caption":"Noticieros Canal 7"},"image":{"@id":"https:\/\/canal7slp.tv\/2025\/#\/schema\/logo\/image\/"},"sameAs":["https:\/\/www.facebook.com\/noticieroscanal7atencionciudadana\/","https:\/\/x.com\/NOTICIEROS7","https:\/\/www.instagram.com\/canal7_slp","https:\/\/www.youtube.com\/channel\/UCliiYs-gP3JfJeqdPrNdd5A"]},{"@type":"Person","@id":"https:\/\/canal7slp.tv\/2025\/#\/schema\/person\/271e2b60a96e7cc9d9ac296f4d7e414b","name":"Edici\u00f3n Web","image":{"@type":"ImageObject","inLanguage":"es","@id":"https:\/\/secure.gravatar.com\/avatar\/eee448fc3f7164808013b816ba91ac7e43bbe82a70bebac296f8bc6f0addaa1a?s=96&d=mm&r=g","url":"https:\/\/secure.gravatar.com\/avatar\/eee448fc3f7164808013b816ba91ac7e43bbe82a70bebac296f8bc6f0addaa1a?s=96&d=mm&r=g","contentUrl":"https:\/\/secure.gravatar.com\/avatar\/eee448fc3f7164808013b816ba91ac7e43bbe82a70bebac296f8bc6f0addaa1a?s=96&d=mm&r=g","caption":"Edici\u00f3n Web"},"url":"https:\/\/canal7slp.tv\/2025\/author\/edicionweb\/"}]}},"_links":{"self":[{"href":"https:\/\/canal7slp.tv\/2025\/wp-json\/wp\/v2\/posts\/176131","targetHints":{"allow":["GET"]}}],"collection":[{"href":"https:\/\/canal7slp.tv\/2025\/wp-json\/wp\/v2\/posts"}],"about":[{"href":"https:\/\/canal7slp.tv\/2025\/wp-json\/wp\/v2\/types\/post"}],"author":[{"embeddable":true,"href":"https:\/\/canal7slp.tv\/2025\/wp-json\/wp\/v2\/users\/2"}],"replies":[{"embeddable":true,"href":"https:\/\/canal7slp.tv\/2025\/wp-json\/wp\/v2\/comments?post=176131"}],"version-history":[{"count":1,"href":"https:\/\/canal7slp.tv\/2025\/wp-json\/wp\/v2\/posts\/176131\/revisions"}],"predecessor-version":[{"id":176134,"href":"https:\/\/canal7slp.tv\/2025\/wp-json\/wp\/v2\/posts\/176131\/revisions\/176134"}],"wp:featuredmedia":[{"embeddable":true,"href":"https:\/\/canal7slp.tv\/2025\/wp-json\/wp\/v2\/media\/176133"}],"wp:attachment":[{"href":"https:\/\/canal7slp.tv\/2025\/wp-json\/wp\/v2\/media?parent=176131"}],"wp:term":[{"taxonomy":"category","embeddable":true,"href":"https:\/\/canal7slp.tv\/2025\/wp-json\/wp\/v2\/categories?post=176131"},{"taxonomy":"post_tag","embeddable":true,"href":"https:\/\/canal7slp.tv\/2025\/wp-json\/wp\/v2\/tags?post=176131"}],"curies":[{"name":"wp","href":"https:\/\/api.w.org\/{rel}","templated":true}]}}